{"id":160912,"date":"2026-01-20T08:13:53","date_gmt":"2026-01-20T14:13:53","guid":{"rendered":"https:\/\/lospoliticosveracruz.com\/?p=160912"},"modified":"2026-01-20T08:13:55","modified_gmt":"2026-01-20T14:13:55","slug":"la-felicidad-y-el-dia-mas-triste-del-ano","status":"publish","type":"post","link":"https:\/\/lospoliticosveracruz.com\/?p=160912","title":{"rendered":"LA FELICIDAD Y EL D\u00cdA M\u00c1S TRISTE DEL A\u00d1O"},"content":{"rendered":"\n<p><strong>Sergio Gonz\u00e1lez Levet<\/strong><\/p>\n\n\n\n<p><em>Sin tacto<\/em><\/p>\n\n\n\n<p>Los gringos son muy dados a departamentalizar las ideas y los conocimientos, y he ah\u00ed una raz\u00f3n por la que proponen fechas para conmemorar casi cualquier cosa o situaci\u00f3n que sucede en nuestro mundo. Tienen un d\u00eda mundial para todo lo que a usted se le pueda ocurrir, y entre ellos el m\u00e1s triste del a\u00f1o, que cae el tercer lunes de enero y que esta vez fue exactamente ayer.<\/p>\n\n\n\n\n\n<p>&nbsp;&nbsp; &nbsp;&nbsp;La fecha fue determinada a saber por qui\u00e9n, pero se estableci\u00f3 a trav\u00e9s de una conjunci\u00f3n de calamidades: primero, el final definitivo de las fiestas decembrinas; segundo, el principio del abandono de los buenos deseos del comienzo del a\u00f1o; tercero, los fr\u00edos invernales y las lluvias que calan los huesos, y cuarto, las deudas de la cuesta de enero, que a estas alturas ya pesan en el bolsillo y en la tranquilidad.<\/p>\n\n\n\n<p>&nbsp;&nbsp; &nbsp;&nbsp;Yo en lo particular ayer trat\u00e9 -y hoy lo sigo intentando- de equilibrar tanta tristeza onom\u00e1stica acudiendo a los literatos y los fil\u00f3sofos, que por lo general tienen buenas ideas y frases que verdaderamente reconfortan o cuando menos hacen que quien las lee se sienta un poco m\u00e1s apaciguado.<\/p>\n\n\n\n<p>&nbsp;&nbsp; &nbsp;&nbsp;La primera es: \u201cLa felicidad cabe en una taza de caf\u00e9 (antes de que se enfr\u00ede el caf\u00e9)\u201d, que como frase puede parecer excelente, y es el t\u00edtulo de una novelita m\u00e1s del japon\u00e9s Toshikazu Kawaguchi, que lleva ya cinco t\u00edtulos de la saga y ha vendido millones de ejemplares en todo el mundo con sus obras ligeras y motivadoras, muy e gusto de tantos que necesitan que alguien les hable bien de la vida y de las personas.<\/p>\n\n\n\n<p>&nbsp;&nbsp; &nbsp;&nbsp;Si nos ponemos serios corremos el peligro de que la alegr\u00eda salga huyendo por la puerta falsa de la reflexi\u00f3n acuciosa, pero no est\u00e1 de m\u00e1s acudir a los cl\u00e1sicos, o m\u00e1s bien al cl\u00e1sico, y remembrar lo que dijo Arist\u00f3teles, que sosten\u00eda que para alcanzar la verdadera felicidad el ser humano deb\u00eda basar su vida en las buenas acciones, \u201csustentadas en el pensamiento, la justicia y la raz\u00f3n\u201d (\u00c9tica a Nic\u00f3maco).<\/p>\n\n\n\n<p>&nbsp;&nbsp; &nbsp;&nbsp;El fil\u00f3sofo griego, en el que sustentaron su teogon\u00eda los padres romanos del catolicismo, identificaba tres caminos por los que se puede buscar la felicidad. El primero el placer, el segundo la pol\u00edtica y el tercero la contemplaci\u00f3n.<\/p>\n\n\n\n<p>&nbsp;&nbsp; &nbsp;&nbsp;Don Aris era medio asceta y por eso afirmaba en buena onda que el primer camino, el del placer, ten\u00eda que ver con la satisfacci\u00f3n de los deseos m\u00e1s b\u00e1sicos y nos hac\u00eda parecidos a los animales.<\/p>\n\n\n\n<p>&nbsp;&nbsp; &nbsp;&nbsp;El camino de la pol\u00edtica era una b\u00fasqueda individual de honores y riquezas, pero echaba a perder el gusto cuando advert\u00eda que era una manera de depender de los dem\u00e1s para conseguir la felicidad.<\/p>\n\n\n\n<p>&nbsp;&nbsp; &nbsp;&nbsp;Y la contemplaci\u00f3n, al fin pensador, era la mejor manera de llegar a la felicidad, es decir, a trav\u00e9s del raciocinio, que permit\u00eda identificarla como un fin en s\u00ed mismo y como un estado de vida que part\u00eda de nuestro propio interior.<\/p>\n\n\n\n<p>&nbsp;&nbsp; &nbsp;&nbsp;La cuesti\u00f3n es que de alguna manera la b\u00fasqueda de definiciones y frases hechas sobre la felicidad me llev\u00f3 a superar el d\u00eda m\u00e1s triste del a\u00f1o, y por eso les quise compartir mis resultados.<\/p>\n\n\n\n<p>&nbsp;&nbsp; &nbsp;&nbsp;Felicidades.<\/p>\n\n\n\n<p>portalsintacto@gmail.com<\/p>\n","protected":false},"excerpt":{"rendered":"<p>Sergio Gonz\u00e1lez Levet Sin tacto Los gringos son muy dados a departamentalizar las ideas y los conocimientos, y he ah\u00ed una raz\u00f3n por la que proponen fechas para conmemorar casi cualquier cosa o situaci\u00f3n que sucede en nuestro mundo. Tienen un d\u00eda mundial para todo lo que a usted se le pueda ocurrir, y entre [&hellip;]<\/p>\n","protected":false},"author":2,"featured_media":141432,"comment_status":"closed","ping_status":"closed","sticky":false,"template":"","format":"standard","meta":{"tdm_status":"","tdm_grid_status":"","footnotes":""},"categories":[75],"tags":[50975,50976,50974,50978,50977,1282],"class_list":{"0":"post-160912","1":"post","2":"type-post","3":"status-publish","4":"format-standard","5":"has-post-thumbnail","7":"category-cine-libros-y-mas","8":"tag-blue-monday-enero","9":"tag-dia-mas-triste-del-ano","10":"tag-felicidad-segun-aristoteles","11":"tag-filosofia-y-bienestar","12":"tag-reflexion-sobre-la-felicidad","13":"tag-sergio-gonzalez-levet"},"yoast_head":"<!-- This site is optimized with the Yoast SEO plugin v27.4 - https:\/\/yoast.com\/product\/yoast-seo-wordpress\/ -->\n<title>LA FELICIDAD Y EL D\u00cdA M\u00c1S TRISTE DEL A\u00d1O - Los pol\u00edticos Veracruz<\/title>\n<meta name=\"robots\" content=\"index, follow, max-snippet:-1, max-image-preview:large, max-video-preview:-1\" \/>\n<link rel=\"canonical\" href=\"https:\/\/lospoliticosveracruz.com\/?p=160912\" \/>\n<meta property=\"og:locale\" content=\"es_ES\" \/>\n<meta property=\"og:type\" content=\"article\" \/>\n<meta property=\"og:title\" content=\"LA FELICIDAD Y EL D\u00cdA M\u00c1S TRISTE DEL A\u00d1O - Los pol\u00edticos Veracruz\" \/>\n<meta property=\"og:description\" content=\"Sergio Gonz\u00e1lez Levet Sin tacto Los gringos son muy dados a departamentalizar las ideas y los conocimientos, y he ah\u00ed una raz\u00f3n por la que proponen fechas para conmemorar casi cualquier cosa o situaci\u00f3n que sucede en nuestro mundo. Tienen un d\u00eda mundial para todo lo que a usted se le pueda ocurrir, y entre [&hellip;]\" \/>\n<meta property=\"og:url\" content=\"https:\/\/lospoliticosveracruz.com\/?p=160912\" \/>\n<meta property=\"og:site_name\" content=\"Los pol\u00edticos Veracruz\" \/>\n<meta property=\"article:publisher\" content=\"https:\/\/www.facebook.com\/people\/Notimemes-de-los-Polticos\/61565672886568\/\" \/>\n<meta property=\"article:published_time\" content=\"2026-01-20T14:13:53+00:00\" \/>\n<meta property=\"article:modified_time\" content=\"2026-01-20T14:13:55+00:00\" \/>\n<meta property=\"og:image\" content=\"https:\/\/lospoliticosveracruz.com\/wp-content\/uploads\/2025\/04\/Levet.jpg\" \/>\n\t<meta property=\"og:image:width\" content=\"1250\" \/>\n\t<meta property=\"og:image:height\" content=\"667\" \/>\n\t<meta property=\"og:image:type\" content=\"image\/jpeg\" \/>\n<meta name=\"author\" content=\"Lo viste en Los Pol\u00edticos\" \/>\n<meta name=\"twitter:card\" content=\"summary_large_image\" \/>\n<meta name=\"twitter:creator\" content=\"@LosPoliticosVer\" \/>\n<meta name=\"twitter:site\" content=\"@LosPoliticosVer\" \/>\n<meta name=\"twitter:label1\" content=\"Escrito por\" \/>\n\t<meta name=\"twitter:data1\" content=\"Lo viste en Los Pol\u00edticos\" \/>\n\t<meta name=\"twitter:label2\" content=\"Tiempo de lectura\" \/>\n\t<meta name=\"twitter:data2\" content=\"6 minutos\" \/>\n<script type=\"application\/ld+json\" class=\"yoast-schema-graph\">{\"@context\":\"https:\\\/\\\/schema.org\",\"@graph\":[{\"@type\":\"Article\",\"@id\":\"https:\\\/\\\/lospoliticosveracruz.com\\\/?p=160912#article\",\"isPartOf\":{\"@id\":\"https:\\\/\\\/lospoliticosveracruz.com\\\/?p=160912\"},\"author\":{\"name\":\"Lo viste en Los Pol\u00edticos\",\"@id\":\"https:\\\/\\\/lospoliticosveracruz.com\\\/#\\\/schema\\\/person\\\/b8702bb0e538456e6efd07080bf2a4a2\"},\"headline\":\"LA FELICIDAD Y EL D\u00cdA M\u00c1S TRISTE DEL A\u00d1O\",\"datePublished\":\"2026-01-20T14:13:53+00:00\",\"dateModified\":\"2026-01-20T14:13:55+00:00\",\"mainEntityOfPage\":{\"@id\":\"https:\\\/\\\/lospoliticosveracruz.com\\\/?p=160912\"},\"wordCount\":641,\"publisher\":{\"@id\":\"https:\\\/\\\/lospoliticosveracruz.com\\\/#organization\"},\"image\":{\"@id\":\"https:\\\/\\\/lospoliticosveracruz.com\\\/?p=160912#primaryimage\"},\"thumbnailUrl\":\"https:\\\/\\\/lospoliticosveracruz.com\\\/wp-content\\\/uploads\\\/2025\\\/04\\\/Levet-e1773931000156.jpg\",\"keywords\":[\"Blue Monday enero\",\"d\u00eda m\u00e1s triste del a\u00f1o\",\"felicidad seg\u00fan Arist\u00f3teles\",\"filosof\u00eda y bienestar\",\"reflexi\u00f3n sobre la felicidad\",\"Sergio Gonz\u00e1lez Levet\"],\"articleSection\":[\"Cine, Libros y m\u00e1s\"],\"inLanguage\":\"es\"},{\"@type\":\"WebPage\",\"@id\":\"https:\\\/\\\/lospoliticosveracruz.com\\\/?p=160912\",\"url\":\"https:\\\/\\\/lospoliticosveracruz.com\\\/?p=160912\",\"name\":\"LA FELICIDAD Y EL D\u00cdA M\u00c1S TRISTE DEL A\u00d1O - Los pol\u00edticos Veracruz\",\"isPartOf\":{\"@id\":\"https:\\\/\\\/lospoliticosveracruz.com\\\/#website\"},\"primaryImageOfPage\":{\"@id\":\"https:\\\/\\\/lospoliticosveracruz.com\\\/?p=160912#primaryimage\"},\"image\":{\"@id\":\"https:\\\/\\\/lospoliticosveracruz.com\\\/?p=160912#primaryimage\"},\"thumbnailUrl\":\"https:\\\/\\\/lospoliticosveracruz.com\\\/wp-content\\\/uploads\\\/2025\\\/04\\\/Levet-e1773931000156.jpg\",\"datePublished\":\"2026-01-20T14:13:53+00:00\",\"dateModified\":\"2026-01-20T14:13:55+00:00\",\"breadcrumb\":{\"@id\":\"https:\\\/\\\/lospoliticosveracruz.com\\\/?p=160912#breadcrumb\"},\"inLanguage\":\"es\",\"potentialAction\":[{\"@type\":\"ReadAction\",\"target\":[\"https:\\\/\\\/lospoliticosveracruz.com\\\/?p=160912\"]}]},{\"@type\":\"ImageObject\",\"inLanguage\":\"es\",\"@id\":\"https:\\\/\\\/lospoliticosveracruz.com\\\/?p=160912#primaryimage\",\"url\":\"https:\\\/\\\/lospoliticosveracruz.com\\\/wp-content\\\/uploads\\\/2025\\\/04\\\/Levet-e1773931000156.jpg\",\"contentUrl\":\"https:\\\/\\\/lospoliticosveracruz.com\\\/wp-content\\\/uploads\\\/2025\\\/04\\\/Levet-e1773931000156.jpg\",\"width\":600,\"height\":320},{\"@type\":\"BreadcrumbList\",\"@id\":\"https:\\\/\\\/lospoliticosveracruz.com\\\/?p=160912#breadcrumb\",\"itemListElement\":[{\"@type\":\"ListItem\",\"position\":1,\"name\":\"Portada\",\"item\":\"https:\\\/\\\/lospoliticosveracruz.com\\\/\"},{\"@type\":\"ListItem\",\"position\":2,\"name\":\"LA FELICIDAD Y EL D\u00cdA M\u00c1S TRISTE DEL A\u00d1O\"}]},{\"@type\":\"WebSite\",\"@id\":\"https:\\\/\\\/lospoliticosveracruz.com\\\/#website\",\"url\":\"https:\\\/\\\/lospoliticosveracruz.com\\\/\",\"name\":\"Los pol\u00edticos Veracruz\",\"description\":\"\",\"publisher\":{\"@id\":\"https:\\\/\\\/lospoliticosveracruz.com\\\/#organization\"},\"potentialAction\":[{\"@type\":\"SearchAction\",\"target\":{\"@type\":\"EntryPoint\",\"urlTemplate\":\"https:\\\/\\\/lospoliticosveracruz.com\\\/?s={search_term_string}\"},\"query-input\":{\"@type\":\"PropertyValueSpecification\",\"valueRequired\":true,\"valueName\":\"search_term_string\"}}],\"inLanguage\":\"es\"},{\"@type\":\"Organization\",\"@id\":\"https:\\\/\\\/lospoliticosveracruz.com\\\/#organization\",\"name\":\"Los pol\u00edticos Veracruz\",\"url\":\"https:\\\/\\\/lospoliticosveracruz.com\\\/\",\"logo\":{\"@type\":\"ImageObject\",\"inLanguage\":\"es\",\"@id\":\"https:\\\/\\\/lospoliticosveracruz.com\\\/#\\\/schema\\\/logo\\\/image\\\/\",\"url\":\"https:\\\/\\\/lospoliticosveracruz.com\\\/wp-content\\\/uploads\\\/2025\\\/12\\\/Logo-Nuevo-LOS-POLITICOS-1.jpg\",\"contentUrl\":\"https:\\\/\\\/lospoliticosveracruz.com\\\/wp-content\\\/uploads\\\/2025\\\/12\\\/Logo-Nuevo-LOS-POLITICOS-1.jpg\",\"width\":260,\"height\":70,\"caption\":\"Los pol\u00edticos Veracruz\"},\"image\":{\"@id\":\"https:\\\/\\\/lospoliticosveracruz.com\\\/#\\\/schema\\\/logo\\\/image\\\/\"},\"sameAs\":[\"https:\\\/\\\/www.facebook.com\\\/people\\\/Notimemes-de-los-Polticos\\\/61565672886568\\\/\",\"https:\\\/\\\/x.com\\\/LosPoliticosVer\"]},{\"@type\":\"Person\",\"@id\":\"https:\\\/\\\/lospoliticosveracruz.com\\\/#\\\/schema\\\/person\\\/b8702bb0e538456e6efd07080bf2a4a2\",\"name\":\"Lo viste en Los Pol\u00edticos\",\"image\":{\"@type\":\"ImageObject\",\"inLanguage\":\"es\",\"@id\":\"https:\\\/\\\/secure.gravatar.com\\\/avatar\\\/3a8de04a2656d44082be478bd6c086daa447c4651605818287b9532d3d0bd435?s=96&d=mm&r=g\",\"url\":\"https:\\\/\\\/secure.gravatar.com\\\/avatar\\\/3a8de04a2656d44082be478bd6c086daa447c4651605818287b9532d3d0bd435?s=96&d=mm&r=g\",\"contentUrl\":\"https:\\\/\\\/secure.gravatar.com\\\/avatar\\\/3a8de04a2656d44082be478bd6c086daa447c4651605818287b9532d3d0bd435?s=96&d=mm&r=g\",\"caption\":\"Lo viste en Los Pol\u00edticos\"},\"url\":\"https:\\\/\\\/lospoliticosveracruz.com\\\/?author=2\"}]}<\/script>\n<!-- \/ Yoast SEO plugin. -->","yoast_head_json":{"title":"LA FELICIDAD Y EL D\u00cdA M\u00c1S TRISTE DEL A\u00d1O - Los pol\u00edticos Veracruz","robots":{"index":"index","follow":"follow","max-snippet":"max-snippet:-1","max-image-preview":"max-image-preview:large","max-video-preview":"max-video-preview:-1"},"canonical":"https:\/\/lospoliticosveracruz.com\/?p=160912","og_locale":"es_ES","og_type":"article","og_title":"LA FELICIDAD Y EL D\u00cdA M\u00c1S TRISTE DEL A\u00d1O - Los pol\u00edticos Veracruz","og_description":"Sergio Gonz\u00e1lez Levet Sin tacto Los gringos son muy dados a departamentalizar las ideas y los conocimientos, y he ah\u00ed una raz\u00f3n por la que proponen fechas para conmemorar casi cualquier cosa o situaci\u00f3n que sucede en nuestro mundo. Tienen un d\u00eda mundial para todo lo que a usted se le pueda ocurrir, y entre [&hellip;]","og_url":"https:\/\/lospoliticosveracruz.com\/?p=160912","og_site_name":"Los pol\u00edticos Veracruz","article_publisher":"https:\/\/www.facebook.com\/people\/Notimemes-de-los-Polticos\/61565672886568\/","article_published_time":"2026-01-20T14:13:53+00:00","article_modified_time":"2026-01-20T14:13:55+00:00","og_image":[{"width":1250,"height":667,"url":"https:\/\/lospoliticosveracruz.com\/wp-content\/uploads\/2025\/04\/Levet.jpg","type":"image\/jpeg"}],"author":"Lo viste en Los Pol\u00edticos","twitter_card":"summary_large_image","twitter_creator":"@LosPoliticosVer","twitter_site":"@LosPoliticosVer","twitter_misc":{"Escrito por":"Lo viste en Los Pol\u00edticos","Tiempo de lectura":"6 minutos"},"schema":{"@context":"https:\/\/schema.org","@graph":[{"@type":"Article","@id":"https:\/\/lospoliticosveracruz.com\/?p=160912#article","isPartOf":{"@id":"https:\/\/lospoliticosveracruz.com\/?p=160912"},"author":{"name":"Lo viste en Los Pol\u00edticos","@id":"https:\/\/lospoliticosveracruz.com\/#\/schema\/person\/b8702bb0e538456e6efd07080bf2a4a2"},"headline":"LA FELICIDAD Y EL D\u00cdA M\u00c1S TRISTE DEL A\u00d1O","datePublished":"2026-01-20T14:13:53+00:00","dateModified":"2026-01-20T14:13:55+00:00","mainEntityOfPage":{"@id":"https:\/\/lospoliticosveracruz.com\/?p=160912"},"wordCount":641,"publisher":{"@id":"https:\/\/lospoliticosveracruz.com\/#organization"},"image":{"@id":"https:\/\/lospoliticosveracruz.com\/?p=160912#primaryimage"},"thumbnailUrl":"https:\/\/lospoliticosveracruz.com\/wp-content\/uploads\/2025\/04\/Levet-e1773931000156.jpg","keywords":["Blue Monday enero","d\u00eda m\u00e1s triste del a\u00f1o","felicidad seg\u00fan Arist\u00f3teles","filosof\u00eda y bienestar","reflexi\u00f3n sobre la felicidad","Sergio Gonz\u00e1lez Levet"],"articleSection":["Cine, Libros y m\u00e1s"],"inLanguage":"es"},{"@type":"WebPage","@id":"https:\/\/lospoliticosveracruz.com\/?p=160912","url":"https:\/\/lospoliticosveracruz.com\/?p=160912","name":"LA FELICIDAD Y EL D\u00cdA M\u00c1S TRISTE DEL A\u00d1O - Los pol\u00edticos Veracruz","isPartOf":{"@id":"https:\/\/lospoliticosveracruz.com\/#website"},"primaryImageOfPage":{"@id":"https:\/\/lospoliticosveracruz.com\/?p=160912#primaryimage"},"image":{"@id":"https:\/\/lospoliticosveracruz.com\/?p=160912#primaryimage"},"thumbnailUrl":"https:\/\/lospoliticosveracruz.com\/wp-content\/uploads\/2025\/04\/Levet-e1773931000156.jpg","datePublished":"2026-01-20T14:13:53+00:00","dateModified":"2026-01-20T14:13:55+00:00","breadcrumb":{"@id":"https:\/\/lospoliticosveracruz.com\/?p=160912#breadcrumb"},"inLanguage":"es","potentialAction":[{"@type":"ReadAction","target":["https:\/\/lospoliticosveracruz.com\/?p=160912"]}]},{"@type":"ImageObject","inLanguage":"es","@id":"https:\/\/lospoliticosveracruz.com\/?p=160912#primaryimage","url":"https:\/\/lospoliticosveracruz.com\/wp-content\/uploads\/2025\/04\/Levet-e1773931000156.jpg","contentUrl":"https:\/\/lospoliticosveracruz.com\/wp-content\/uploads\/2025\/04\/Levet-e1773931000156.jpg","width":600,"height":320},{"@type":"BreadcrumbList","@id":"https:\/\/lospoliticosveracruz.com\/?p=160912#breadcrumb","itemListElement":[{"@type":"ListItem","position":1,"name":"Portada","item":"https:\/\/lospoliticosveracruz.com\/"},{"@type":"ListItem","position":2,"name":"LA FELICIDAD Y EL D\u00cdA M\u00c1S TRISTE DEL A\u00d1O"}]},{"@type":"WebSite","@id":"https:\/\/lospoliticosveracruz.com\/#website","url":"https:\/\/lospoliticosveracruz.com\/","name":"Los pol\u00edticos Veracruz","description":"","publisher":{"@id":"https:\/\/lospoliticosveracruz.com\/#organization"},"potentialAction":[{"@type":"SearchAction","target":{"@type":"EntryPoint","urlTemplate":"https:\/\/lospoliticosveracruz.com\/?s={search_term_string}"},"query-input":{"@type":"PropertyValueSpecification","valueRequired":true,"valueName":"search_term_string"}}],"inLanguage":"es"},{"@type":"Organization","@id":"https:\/\/lospoliticosveracruz.com\/#organization","name":"Los pol\u00edticos Veracruz","url":"https:\/\/lospoliticosveracruz.com\/","logo":{"@type":"ImageObject","inLanguage":"es","@id":"https:\/\/lospoliticosveracruz.com\/#\/schema\/logo\/image\/","url":"https:\/\/lospoliticosveracruz.com\/wp-content\/uploads\/2025\/12\/Logo-Nuevo-LOS-POLITICOS-1.jpg","contentUrl":"https:\/\/lospoliticosveracruz.com\/wp-content\/uploads\/2025\/12\/Logo-Nuevo-LOS-POLITICOS-1.jpg","width":260,"height":70,"caption":"Los pol\u00edticos Veracruz"},"image":{"@id":"https:\/\/lospoliticosveracruz.com\/#\/schema\/logo\/image\/"},"sameAs":["https:\/\/www.facebook.com\/people\/Notimemes-de-los-Polticos\/61565672886568\/","https:\/\/x.com\/LosPoliticosVer"]},{"@type":"Person","@id":"https:\/\/lospoliticosveracruz.com\/#\/schema\/person\/b8702bb0e538456e6efd07080bf2a4a2","name":"Lo viste en Los Pol\u00edticos","image":{"@type":"ImageObject","inLanguage":"es","@id":"https:\/\/secure.gravatar.com\/avatar\/3a8de04a2656d44082be478bd6c086daa447c4651605818287b9532d3d0bd435?s=96&d=mm&r=g","url":"https:\/\/secure.gravatar.com\/avatar\/3a8de04a2656d44082be478bd6c086daa447c4651605818287b9532d3d0bd435?s=96&d=mm&r=g","contentUrl":"https:\/\/secure.gravatar.com\/avatar\/3a8de04a2656d44082be478bd6c086daa447c4651605818287b9532d3d0bd435?s=96&d=mm&r=g","caption":"Lo viste en Los Pol\u00edticos"},"url":"https:\/\/lospoliticosveracruz.com\/?author=2"}]}},"_links":{"self":[{"href":"https:\/\/lospoliticosveracruz.com\/index.php?rest_route=\/wp\/v2\/posts\/160912","targetHints":{"allow":["GET"]}}],"collection":[{"href":"https:\/\/lospoliticosveracruz.com\/index.php?rest_route=\/wp\/v2\/posts"}],"about":[{"href":"https:\/\/lospoliticosveracruz.com\/index.php?rest_route=\/wp\/v2\/types\/post"}],"author":[{"embeddable":true,"href":"https:\/\/lospoliticosveracruz.com\/index.php?rest_route=\/wp\/v2\/users\/2"}],"replies":[{"embeddable":true,"href":"https:\/\/lospoliticosveracruz.com\/index.php?rest_route=%2Fwp%2Fv2%2Fcomments&post=160912"}],"version-history":[{"count":1,"href":"https:\/\/lospoliticosveracruz.com\/index.php?rest_route=\/wp\/v2\/posts\/160912\/revisions"}],"predecessor-version":[{"id":160913,"href":"https:\/\/lospoliticosveracruz.com\/index.php?rest_route=\/wp\/v2\/posts\/160912\/revisions\/160913"}],"wp:featuredmedia":[{"embeddable":true,"href":"https:\/\/lospoliticosveracruz.com\/index.php?rest_route=\/wp\/v2\/media\/141432"}],"wp:attachment":[{"href":"https:\/\/lospoliticosveracruz.com\/index.php?rest_route=%2Fwp%2Fv2%2Fmedia&parent=160912"}],"wp:term":[{"taxonomy":"category","embeddable":true,"href":"https:\/\/lospoliticosveracruz.com\/index.php?rest_route=%2Fwp%2Fv2%2Fcategories&post=160912"},{"taxonomy":"post_tag","embeddable":true,"href":"https:\/\/lospoliticosveracruz.com\/index.php?rest_route=%2Fwp%2Fv2%2Ftags&post=160912"}],"curies":[{"name":"wp","href":"https:\/\/api.w.org\/{rel}","templated":true}]}}