{"id":160967,"date":"2026-01-20T13:56:04","date_gmt":"2026-01-20T19:56:04","guid":{"rendered":"https:\/\/lospoliticosveracruz.com\/?p=160967"},"modified":"2026-01-20T13:56:06","modified_gmt":"2026-01-20T19:56:06","slug":"manita-de-gato-duraria-hasta-dos-meses","status":"publish","type":"post","link":"https:\/\/lospoliticosveracruz.com\/?p=160967","title":{"rendered":"MANITA DE GATO DURAR\u00cdA HASTA DOS MESES"},"content":{"rendered":"\n<p><strong>\u00c1ngeles Gonz\u00e1lez Ceballos&nbsp;<\/strong><\/p>\n\n\n\n<p>El vocero de la Arquidi\u00f3cesis de Xalapa, Juan Beristain de los Santos, explic\u00f3 que el mantenimiento y embellecimiento de la Catedral Metropolitana se llevar\u00e1 a cabo en distintas etapas t\u00e9cnicas y estiman que pueda durar aproximada de dos meses.&nbsp;<\/p>\n\n\n\n<p>\u201cPrimero se realizan labores de subsanado y raspado hasta identificar posibles da\u00f1os estructurales, posteriormente viene el remozamiento y, finalmente, la aplicaci\u00f3n de la pintura\u201d, indic\u00f3.<\/p>\n\n\n\n<p>Refiri\u00f3 que el inmueble data del a\u00f1o 1800 y atraviesa su sexto proceso de mantenimiento en m\u00e1s de dos siglos de historia, lo que resalta la importancia de las labores que se est\u00e1n llevando a cabo.<\/p>\n\n\n\n<p>Destac\u00f3 que dichas acciones no s\u00f3lo contribuyen a la preservaci\u00f3n del recinto religioso, sino tambi\u00e9n impactan de manera positiva en la imagen urbana del Centro Hist\u00f3rico.<\/p>\n\n\n\n<p>De la misma manera impacta en el beneficio de los feligreses, visitantes y habitantes de esta ciudad&nbsp;<\/p>\n\n\n\n<p>Resalt\u00f3 que los trabajos est\u00e1n corriendo a cargo del Gobierno del Estado, adem\u00e1s de que se est\u00e1n haciendo estudios especializados, incluso para la selecci\u00f3n del color, ya que el objetivo es unificar la imagen del primer cuadro de la Ciudad.&nbsp;<\/p>\n\n\n\n<p>De esta manera revel\u00f3 que el tono que se elija ser\u00e1 similar al de otros inmuebles emblem\u00e1ticos, como el Hotel M\u00e9xico o palacio de Gobierno para mantener una unidad visual en el Centro Hist\u00f3rico.<\/p>\n\n\n\n<p>Ante las cr\u00edticas que han surgido por el desarrollo de la obra, el vocero de la Arquidi\u00f3cesis afirm\u00f3 que se trata de un proyecto con una direcci\u00f3n clara y un objetivo definido, ejecutado por personal con la competencia t\u00e9cnica necesaria.&nbsp;<\/p>\n\n\n\n<p>\u201cPedimos comprensi\u00f3n y paciencia, ya que este tipo de trabajos, como ocurri\u00f3 con la rehabilitaci\u00f3n del palacio de Gobierno, pueden extenderse m\u00e1s de lo previsto debido a imprevistos t\u00e9cnicos\u201d, subray\u00f3.<\/p>\n\n\n\n<p>Record\u00f3 que la Catedral Metropolitana ha sido objeto de diversas adecuaciones a lo largo de su historia, especialmente tras la elevaci\u00f3n de Xalapa a Di\u00f3cesis en 1864, lo que explica la presencia de distintos estilos arquitect\u00f3nicos.<\/p>\n\n\n\n<p>Finamente, expres\u00f3 su benepl\u00e1cito por los trabajos de&nbsp;&nbsp;embellecimiento que forman parte de un proceso integral de conservaci\u00f3n del patrimonio hist\u00f3rico y cultural de Xalapa.<\/p>\n","protected":false},"excerpt":{"rendered":"<p>\u00c1ngeles Gonz\u00e1lez Ceballos&nbsp; El vocero de la Arquidi\u00f3cesis de Xalapa, Juan Beristain de los Santos, explic\u00f3 que el mantenimiento y embellecimiento de la Catedral Metropolitana se llevar\u00e1 a cabo en distintas etapas t\u00e9cnicas y estiman que pueda durar aproximada de dos meses.&nbsp; \u201cPrimero se realizan labores de subsanado y raspado hasta identificar posibles da\u00f1os estructurales, [&hellip;]<\/p>\n","protected":false},"author":2,"featured_media":160968,"comment_status":"closed","ping_status":"closed","sticky":false,"template":"","format":"standard","meta":{"tdm_status":"","tdm_grid_status":"","footnotes":""},"categories":[6446],"tags":[1406,51076,51073,51075,51072,51074],"class_list":{"0":"post-160967","1":"post","2":"type-post","3":"status-publish","4":"format-standard","5":"has-post-thumbnail","7":"category-la-nota","8":"tag-arquidiocesis-de-xalapa","9":"tag-conservacion-edificios-historicos","10":"tag-embellecimiento-centro-historico","11":"tag-imagen-urbana-xalapa","12":"tag-mantenimiento-catedral-de-xalapa","13":"tag-restauracion-patrimonio-xalapa"},"yoast_head":"<!-- This site is optimized with the Yoast SEO plugin v27.4 - https:\/\/yoast.com\/product\/yoast-seo-wordpress\/ -->\n<title>MANITA DE GATO DURAR\u00cdA HASTA DOS MESES - Los pol\u00edticos Veracruz<\/title>\n<meta name=\"robots\" content=\"index, follow, max-snippet:-1, max-image-preview:large, max-video-preview:-1\" \/>\n<link rel=\"canonical\" href=\"https:\/\/lospoliticosveracruz.com\/?p=160967\" \/>\n<meta property=\"og:locale\" content=\"es_ES\" \/>\n<meta property=\"og:type\" content=\"article\" \/>\n<meta property=\"og:title\" content=\"MANITA DE GATO DURAR\u00cdA HASTA DOS MESES - Los pol\u00edticos Veracruz\" \/>\n<meta property=\"og:description\" content=\"\u00c1ngeles Gonz\u00e1lez Ceballos&nbsp; El vocero de la Arquidi\u00f3cesis de Xalapa, Juan Beristain de los Santos, explic\u00f3 que el mantenimiento y embellecimiento de la Catedral Metropolitana se llevar\u00e1 a cabo en distintas etapas t\u00e9cnicas y estiman que pueda durar aproximada de dos meses.&nbsp; \u201cPrimero se realizan labores de subsanado y raspado hasta identificar posibles da\u00f1os estructurales, [&hellip;]\" \/>\n<meta property=\"og:url\" content=\"https:\/\/lospoliticosveracruz.com\/?p=160967\" \/>\n<meta property=\"og:site_name\" content=\"Los pol\u00edticos Veracruz\" \/>\n<meta property=\"article:publisher\" content=\"https:\/\/www.facebook.com\/people\/Notimemes-de-los-Polticos\/61565672886568\/\" \/>\n<meta property=\"article:published_time\" content=\"2026-01-20T19:56:04+00:00\" \/>\n<meta property=\"article:modified_time\" content=\"2026-01-20T19:56:06+00:00\" \/>\n<meta property=\"og:image\" content=\"https:\/\/lospoliticosveracruz.com\/wp-content\/uploads\/2026\/01\/Catedral.jpg\" \/>\n\t<meta property=\"og:image:width\" content=\"600\" \/>\n\t<meta property=\"og:image:height\" content=\"320\" \/>\n\t<meta property=\"og:image:type\" content=\"image\/jpeg\" \/>\n<meta name=\"author\" content=\"Lo viste en Los Pol\u00edticos\" \/>\n<meta name=\"twitter:card\" content=\"summary_large_image\" \/>\n<meta name=\"twitter:creator\" content=\"@LosPoliticosVer\" \/>\n<meta name=\"twitter:site\" content=\"@LosPoliticosVer\" \/>\n<meta name=\"twitter:label1\" content=\"Escrito por\" \/>\n\t<meta name=\"twitter:data1\" content=\"Lo viste en Los Pol\u00edticos\" \/>\n\t<meta name=\"twitter:label2\" content=\"Tiempo de lectura\" \/>\n\t<meta name=\"twitter:data2\" content=\"2 minutos\" \/>\n<script type=\"application\/ld+json\" class=\"yoast-schema-graph\">{\"@context\":\"https:\\\/\\\/schema.org\",\"@graph\":[{\"@type\":\"Article\",\"@id\":\"https:\\\/\\\/lospoliticosveracruz.com\\\/?p=160967#article\",\"isPartOf\":{\"@id\":\"https:\\\/\\\/lospoliticosveracruz.com\\\/?p=160967\"},\"author\":{\"name\":\"Lo viste en Los Pol\u00edticos\",\"@id\":\"https:\\\/\\\/lospoliticosveracruz.com\\\/#\\\/schema\\\/person\\\/b8702bb0e538456e6efd07080bf2a4a2\"},\"headline\":\"MANITA DE GATO DURAR\u00cdA HASTA DOS MESES\",\"datePublished\":\"2026-01-20T19:56:04+00:00\",\"dateModified\":\"2026-01-20T19:56:06+00:00\",\"mainEntityOfPage\":{\"@id\":\"https:\\\/\\\/lospoliticosveracruz.com\\\/?p=160967\"},\"wordCount\":397,\"publisher\":{\"@id\":\"https:\\\/\\\/lospoliticosveracruz.com\\\/#organization\"},\"image\":{\"@id\":\"https:\\\/\\\/lospoliticosveracruz.com\\\/?p=160967#primaryimage\"},\"thumbnailUrl\":\"https:\\\/\\\/lospoliticosveracruz.com\\\/wp-content\\\/uploads\\\/2026\\\/01\\\/Catedral.jpg\",\"keywords\":[\"Arquidi\u00f3cesis de Xalapa\",\"conservaci\u00f3n edificios hist\u00f3ricos\",\"embellecimiento Centro Hist\u00f3rico\",\"imagen urbana Xalapa\",\"mantenimiento Catedral de Xalapa\",\"restauraci\u00f3n patrimonio Xalapa\"],\"articleSection\":[\"La Nota\"],\"inLanguage\":\"es\"},{\"@type\":\"WebPage\",\"@id\":\"https:\\\/\\\/lospoliticosveracruz.com\\\/?p=160967\",\"url\":\"https:\\\/\\\/lospoliticosveracruz.com\\\/?p=160967\",\"name\":\"MANITA DE GATO DURAR\u00cdA HASTA DOS MESES - Los pol\u00edticos Veracruz\",\"isPartOf\":{\"@id\":\"https:\\\/\\\/lospoliticosveracruz.com\\\/#website\"},\"primaryImageOfPage\":{\"@id\":\"https:\\\/\\\/lospoliticosveracruz.com\\\/?p=160967#primaryimage\"},\"image\":{\"@id\":\"https:\\\/\\\/lospoliticosveracruz.com\\\/?p=160967#primaryimage\"},\"thumbnailUrl\":\"https:\\\/\\\/lospoliticosveracruz.com\\\/wp-content\\\/uploads\\\/2026\\\/01\\\/Catedral.jpg\",\"datePublished\":\"2026-01-20T19:56:04+00:00\",\"dateModified\":\"2026-01-20T19:56:06+00:00\",\"breadcrumb\":{\"@id\":\"https:\\\/\\\/lospoliticosveracruz.com\\\/?p=160967#breadcrumb\"},\"inLanguage\":\"es\",\"potentialAction\":[{\"@type\":\"ReadAction\",\"target\":[\"https:\\\/\\\/lospoliticosveracruz.com\\\/?p=160967\"]}]},{\"@type\":\"ImageObject\",\"inLanguage\":\"es\",\"@id\":\"https:\\\/\\\/lospoliticosveracruz.com\\\/?p=160967#primaryimage\",\"url\":\"https:\\\/\\\/lospoliticosveracruz.com\\\/wp-content\\\/uploads\\\/2026\\\/01\\\/Catedral.jpg\",\"contentUrl\":\"https:\\\/\\\/lospoliticosveracruz.com\\\/wp-content\\\/uploads\\\/2026\\\/01\\\/Catedral.jpg\",\"width\":600,\"height\":320},{\"@type\":\"BreadcrumbList\",\"@id\":\"https:\\\/\\\/lospoliticosveracruz.com\\\/?p=160967#breadcrumb\",\"itemListElement\":[{\"@type\":\"ListItem\",\"position\":1,\"name\":\"Portada\",\"item\":\"https:\\\/\\\/lospoliticosveracruz.com\\\/\"},{\"@type\":\"ListItem\",\"position\":2,\"name\":\"MANITA DE GATO DURAR\u00cdA HASTA DOS MESES\"}]},{\"@type\":\"WebSite\",\"@id\":\"https:\\\/\\\/lospoliticosveracruz.com\\\/#website\",\"url\":\"https:\\\/\\\/lospoliticosveracruz.com\\\/\",\"name\":\"Los pol\u00edticos Veracruz\",\"description\":\"\",\"publisher\":{\"@id\":\"https:\\\/\\\/lospoliticosveracruz.com\\\/#organization\"},\"potentialAction\":[{\"@type\":\"SearchAction\",\"target\":{\"@type\":\"EntryPoint\",\"urlTemplate\":\"https:\\\/\\\/lospoliticosveracruz.com\\\/?s={search_term_string}\"},\"query-input\":{\"@type\":\"PropertyValueSpecification\",\"valueRequired\":true,\"valueName\":\"search_term_string\"}}],\"inLanguage\":\"es\"},{\"@type\":\"Organization\",\"@id\":\"https:\\\/\\\/lospoliticosveracruz.com\\\/#organization\",\"name\":\"Los pol\u00edticos Veracruz\",\"url\":\"https:\\\/\\\/lospoliticosveracruz.com\\\/\",\"logo\":{\"@type\":\"ImageObject\",\"inLanguage\":\"es\",\"@id\":\"https:\\\/\\\/lospoliticosveracruz.com\\\/#\\\/schema\\\/logo\\\/image\\\/\",\"url\":\"https:\\\/\\\/lospoliticosveracruz.com\\\/wp-content\\\/uploads\\\/2025\\\/12\\\/Logo-Nuevo-LOS-POLITICOS-1.jpg\",\"contentUrl\":\"https:\\\/\\\/lospoliticosveracruz.com\\\/wp-content\\\/uploads\\\/2025\\\/12\\\/Logo-Nuevo-LOS-POLITICOS-1.jpg\",\"width\":260,\"height\":70,\"caption\":\"Los pol\u00edticos Veracruz\"},\"image\":{\"@id\":\"https:\\\/\\\/lospoliticosveracruz.com\\\/#\\\/schema\\\/logo\\\/image\\\/\"},\"sameAs\":[\"https:\\\/\\\/www.facebook.com\\\/people\\\/Notimemes-de-los-Polticos\\\/61565672886568\\\/\",\"https:\\\/\\\/x.com\\\/LosPoliticosVer\"]},{\"@type\":\"Person\",\"@id\":\"https:\\\/\\\/lospoliticosveracruz.com\\\/#\\\/schema\\\/person\\\/b8702bb0e538456e6efd07080bf2a4a2\",\"name\":\"Lo viste en Los Pol\u00edticos\",\"image\":{\"@type\":\"ImageObject\",\"inLanguage\":\"es\",\"@id\":\"https:\\\/\\\/secure.gravatar.com\\\/avatar\\\/3a8de04a2656d44082be478bd6c086daa447c4651605818287b9532d3d0bd435?s=96&d=mm&r=g\",\"url\":\"https:\\\/\\\/secure.gravatar.com\\\/avatar\\\/3a8de04a2656d44082be478bd6c086daa447c4651605818287b9532d3d0bd435?s=96&d=mm&r=g\",\"contentUrl\":\"https:\\\/\\\/secure.gravatar.com\\\/avatar\\\/3a8de04a2656d44082be478bd6c086daa447c4651605818287b9532d3d0bd435?s=96&d=mm&r=g\",\"caption\":\"Lo viste en Los Pol\u00edticos\"},\"url\":\"https:\\\/\\\/lospoliticosveracruz.com\\\/?author=2\"}]}<\/script>\n<!-- \/ Yoast SEO plugin. -->","yoast_head_json":{"title":"MANITA DE GATO DURAR\u00cdA HASTA DOS MESES - Los pol\u00edticos Veracruz","robots":{"index":"index","follow":"follow","max-snippet":"max-snippet:-1","max-image-preview":"max-image-preview:large","max-video-preview":"max-video-preview:-1"},"canonical":"https:\/\/lospoliticosveracruz.com\/?p=160967","og_locale":"es_ES","og_type":"article","og_title":"MANITA DE GATO DURAR\u00cdA HASTA DOS MESES - Los pol\u00edticos Veracruz","og_description":"\u00c1ngeles Gonz\u00e1lez Ceballos&nbsp; El vocero de la Arquidi\u00f3cesis de Xalapa, Juan Beristain de los Santos, explic\u00f3 que el mantenimiento y embellecimiento de la Catedral Metropolitana se llevar\u00e1 a cabo en distintas etapas t\u00e9cnicas y estiman que pueda durar aproximada de dos meses.&nbsp; \u201cPrimero se realizan labores de subsanado y raspado hasta identificar posibles da\u00f1os estructurales, [&hellip;]","og_url":"https:\/\/lospoliticosveracruz.com\/?p=160967","og_site_name":"Los pol\u00edticos Veracruz","article_publisher":"https:\/\/www.facebook.com\/people\/Notimemes-de-los-Polticos\/61565672886568\/","article_published_time":"2026-01-20T19:56:04+00:00","article_modified_time":"2026-01-20T19:56:06+00:00","og_image":[{"width":600,"height":320,"url":"https:\/\/lospoliticosveracruz.com\/wp-content\/uploads\/2026\/01\/Catedral.jpg","type":"image\/jpeg"}],"author":"Lo viste en Los Pol\u00edticos","twitter_card":"summary_large_image","twitter_creator":"@LosPoliticosVer","twitter_site":"@LosPoliticosVer","twitter_misc":{"Escrito por":"Lo viste en Los Pol\u00edticos","Tiempo de lectura":"2 minutos"},"schema":{"@context":"https:\/\/schema.org","@graph":[{"@type":"Article","@id":"https:\/\/lospoliticosveracruz.com\/?p=160967#article","isPartOf":{"@id":"https:\/\/lospoliticosveracruz.com\/?p=160967"},"author":{"name":"Lo viste en Los Pol\u00edticos","@id":"https:\/\/lospoliticosveracruz.com\/#\/schema\/person\/b8702bb0e538456e6efd07080bf2a4a2"},"headline":"MANITA DE GATO DURAR\u00cdA HASTA DOS MESES","datePublished":"2026-01-20T19:56:04+00:00","dateModified":"2026-01-20T19:56:06+00:00","mainEntityOfPage":{"@id":"https:\/\/lospoliticosveracruz.com\/?p=160967"},"wordCount":397,"publisher":{"@id":"https:\/\/lospoliticosveracruz.com\/#organization"},"image":{"@id":"https:\/\/lospoliticosveracruz.com\/?p=160967#primaryimage"},"thumbnailUrl":"https:\/\/lospoliticosveracruz.com\/wp-content\/uploads\/2026\/01\/Catedral.jpg","keywords":["Arquidi\u00f3cesis de Xalapa","conservaci\u00f3n edificios hist\u00f3ricos","embellecimiento Centro Hist\u00f3rico","imagen urbana Xalapa","mantenimiento Catedral de Xalapa","restauraci\u00f3n patrimonio Xalapa"],"articleSection":["La Nota"],"inLanguage":"es"},{"@type":"WebPage","@id":"https:\/\/lospoliticosveracruz.com\/?p=160967","url":"https:\/\/lospoliticosveracruz.com\/?p=160967","name":"MANITA DE GATO DURAR\u00cdA HASTA DOS MESES - Los pol\u00edticos Veracruz","isPartOf":{"@id":"https:\/\/lospoliticosveracruz.com\/#website"},"primaryImageOfPage":{"@id":"https:\/\/lospoliticosveracruz.com\/?p=160967#primaryimage"},"image":{"@id":"https:\/\/lospoliticosveracruz.com\/?p=160967#primaryimage"},"thumbnailUrl":"https:\/\/lospoliticosveracruz.com\/wp-content\/uploads\/2026\/01\/Catedral.jpg","datePublished":"2026-01-20T19:56:04+00:00","dateModified":"2026-01-20T19:56:06+00:00","breadcrumb":{"@id":"https:\/\/lospoliticosveracruz.com\/?p=160967#breadcrumb"},"inLanguage":"es","potentialAction":[{"@type":"ReadAction","target":["https:\/\/lospoliticosveracruz.com\/?p=160967"]}]},{"@type":"ImageObject","inLanguage":"es","@id":"https:\/\/lospoliticosveracruz.com\/?p=160967#primaryimage","url":"https:\/\/lospoliticosveracruz.com\/wp-content\/uploads\/2026\/01\/Catedral.jpg","contentUrl":"https:\/\/lospoliticosveracruz.com\/wp-content\/uploads\/2026\/01\/Catedral.jpg","width":600,"height":320},{"@type":"BreadcrumbList","@id":"https:\/\/lospoliticosveracruz.com\/?p=160967#breadcrumb","itemListElement":[{"@type":"ListItem","position":1,"name":"Portada","item":"https:\/\/lospoliticosveracruz.com\/"},{"@type":"ListItem","position":2,"name":"MANITA DE GATO DURAR\u00cdA HASTA DOS MESES"}]},{"@type":"WebSite","@id":"https:\/\/lospoliticosveracruz.com\/#website","url":"https:\/\/lospoliticosveracruz.com\/","name":"Los pol\u00edticos Veracruz","description":"","publisher":{"@id":"https:\/\/lospoliticosveracruz.com\/#organization"},"potentialAction":[{"@type":"SearchAction","target":{"@type":"EntryPoint","urlTemplate":"https:\/\/lospoliticosveracruz.com\/?s={search_term_string}"},"query-input":{"@type":"PropertyValueSpecification","valueRequired":true,"valueName":"search_term_string"}}],"inLanguage":"es"},{"@type":"Organization","@id":"https:\/\/lospoliticosveracruz.com\/#organization","name":"Los pol\u00edticos Veracruz","url":"https:\/\/lospoliticosveracruz.com\/","logo":{"@type":"ImageObject","inLanguage":"es","@id":"https:\/\/lospoliticosveracruz.com\/#\/schema\/logo\/image\/","url":"https:\/\/lospoliticosveracruz.com\/wp-content\/uploads\/2025\/12\/Logo-Nuevo-LOS-POLITICOS-1.jpg","contentUrl":"https:\/\/lospoliticosveracruz.com\/wp-content\/uploads\/2025\/12\/Logo-Nuevo-LOS-POLITICOS-1.jpg","width":260,"height":70,"caption":"Los pol\u00edticos Veracruz"},"image":{"@id":"https:\/\/lospoliticosveracruz.com\/#\/schema\/logo\/image\/"},"sameAs":["https:\/\/www.facebook.com\/people\/Notimemes-de-los-Polticos\/61565672886568\/","https:\/\/x.com\/LosPoliticosVer"]},{"@type":"Person","@id":"https:\/\/lospoliticosveracruz.com\/#\/schema\/person\/b8702bb0e538456e6efd07080bf2a4a2","name":"Lo viste en Los Pol\u00edticos","image":{"@type":"ImageObject","inLanguage":"es","@id":"https:\/\/secure.gravatar.com\/avatar\/3a8de04a2656d44082be478bd6c086daa447c4651605818287b9532d3d0bd435?s=96&d=mm&r=g","url":"https:\/\/secure.gravatar.com\/avatar\/3a8de04a2656d44082be478bd6c086daa447c4651605818287b9532d3d0bd435?s=96&d=mm&r=g","contentUrl":"https:\/\/secure.gravatar.com\/avatar\/3a8de04a2656d44082be478bd6c086daa447c4651605818287b9532d3d0bd435?s=96&d=mm&r=g","caption":"Lo viste en Los Pol\u00edticos"},"url":"https:\/\/lospoliticosveracruz.com\/?author=2"}]}},"_links":{"self":[{"href":"https:\/\/lospoliticosveracruz.com\/index.php?rest_route=\/wp\/v2\/posts\/160967","targetHints":{"allow":["GET"]}}],"collection":[{"href":"https:\/\/lospoliticosveracruz.com\/index.php?rest_route=\/wp\/v2\/posts"}],"about":[{"href":"https:\/\/lospoliticosveracruz.com\/index.php?rest_route=\/wp\/v2\/types\/post"}],"author":[{"embeddable":true,"href":"https:\/\/lospoliticosveracruz.com\/index.php?rest_route=\/wp\/v2\/users\/2"}],"replies":[{"embeddable":true,"href":"https:\/\/lospoliticosveracruz.com\/index.php?rest_route=%2Fwp%2Fv2%2Fcomments&post=160967"}],"version-history":[{"count":1,"href":"https:\/\/lospoliticosveracruz.com\/index.php?rest_route=\/wp\/v2\/posts\/160967\/revisions"}],"predecessor-version":[{"id":160969,"href":"https:\/\/lospoliticosveracruz.com\/index.php?rest_route=\/wp\/v2\/posts\/160967\/revisions\/160969"}],"wp:featuredmedia":[{"embeddable":true,"href":"https:\/\/lospoliticosveracruz.com\/index.php?rest_route=\/wp\/v2\/media\/160968"}],"wp:attachment":[{"href":"https:\/\/lospoliticosveracruz.com\/index.php?rest_route=%2Fwp%2Fv2%2Fmedia&parent=160967"}],"wp:term":[{"taxonomy":"category","embeddable":true,"href":"https:\/\/lospoliticosveracruz.com\/index.php?rest_route=%2Fwp%2Fv2%2Fcategories&post=160967"},{"taxonomy":"post_tag","embeddable":true,"href":"https:\/\/lospoliticosveracruz.com\/index.php?rest_route=%2Fwp%2Fv2%2Ftags&post=160967"}],"curies":[{"name":"wp","href":"https:\/\/api.w.org\/{rel}","templated":true}]}}