{"id":160999,"date":"2026-01-20T21:39:33","date_gmt":"2026-01-21T03:39:33","guid":{"rendered":"https:\/\/lospoliticosveracruz.com\/?p=160999"},"modified":"2026-01-20T21:39:33","modified_gmt":"2026-01-21T03:39:33","slug":"senales-de-nahle","status":"publish","type":"post","link":"https:\/\/lospoliticosveracruz.com\/?p=160999","title":{"rendered":"SE\u00d1ALES DE NAHLE"},"content":{"rendered":"\n<p><strong>Miguel Valera<\/strong><\/p>\n\n\n\n<p><em>Contrase\u00f1as&nbsp;<\/em><\/p>\n\n\n\n<p>La seguridad p\u00fablica y la gobernanza son temas fundamentales para Veracruz en el segundo a\u00f1o del mandato de Roc\u00edo Nahle Garc\u00eda. Estudios especializados de gabinete, que la mandataria veracruzana ha revisado minuciosamente, as\u00ed lo revelan. No era nada nuevo para ella. Lo tra\u00eda en el pulso desde que recorri\u00f3 el estado en campa\u00f1a pol\u00edtica y en todas las giras de su primer a\u00f1o de gobierno.<\/p>\n\n\n\n<p>Este martes, al postear una fotograf\u00eda en sus redes sociales, donde se le observa en Palacio de Gobierno, sentada detr\u00e1s de su escritorio con dos de sus Secretarios al frente, el vicealmirante Alfonso Reyes Garces y el Secretario de Gobierno, Ricardo Ahued Bardahuil, un buen amigo morenista me dijo que la gobernadora estaba mandando se\u00f1ales con sus \u201chombres fuertes\u201d.<\/p>\n\n\n\n<p>Puede ser, le dije, pero m\u00e1s bien, creo, le acot\u00e9, que el mensaje va hacia las \u00e1reas de pol\u00edtica gubernamental que representan. Le le\u00ed el texto del post: \u201cDespu\u00e9s de las mesas de seguridad que a diario atendemos, tambi\u00e9n vemos temas de gobernanza muy importantes. Y en estos sectores tenemos dos excelentes servidores p\u00fablicos Ricardo Ahued Bardahuil y el vicealmirante Alfonso Reyes Garces, de primera!!\u201d, escribi\u00f3 la gobernadora.<\/p>\n\n\n\n<p>Detr\u00e1s del escritorio, donde se observan las banderas de M\u00e9xico y de Veracruz y dos tel\u00e9fonos rojos, los mismos desde donde seguramente habla de vez en vez con la presidenta Claudia Sheinbaum Pardo, con el ex presidente Andr\u00e9s Manuel L\u00f3pez Obrador y con integrantes de su gabinete, para abordar temas delicados, de pol\u00edtica interna.<\/p>\n\n\n\n<p>S\u00ed los chocholea, es verdad. Les llama \u201cexcelentes servidores p\u00fablicos\u201d e incluso al titular de la Seguridad P\u00fablica, le incluye otra expresi\u00f3n, \u201cde primera\u201d, pero creo que el mensaje no va hacia las personas sino al trabajo que han desempe\u00f1ado y a los resultados que le han dado. Claro, no ha sido f\u00e1cil y a\u00fan falta mucho por hacer.<\/p>\n\n\n\n<p>Los comentarios a esa publicaci\u00f3n no tienen desperdicio y abonan al inter\u00e9s de la mandataria. \u201cSecretarios de puertas abiertas!!! Agradecemos siempre su disposici\u00f3n para atender a los ciudadanos del #Distrito21\u201d, le dice Tania Mar\u00eda Cruz Mej\u00eda. \u201cGran equipo Gobernadora!&#8230; Excelentes servidores p\u00fablicos!.. una persona muy profesional en su funci\u00f3n el Vicealmirante Alfonso Reyes.. el se\u00f1or Ahued un servidor p\u00fablico muy experimentado.. les deseo \u00e9xito!\u201d, a\u00f1ade Salo Azul Maquina.<\/p>\n\n\n\n<p>\u201cTenemos una Gobernadora de 24\/7\u201d, indica Mariano Molina. \u201cMuy bien gracias a nuestra gobernadora por preocuparse por todo los Veracruzanos\u201d, comenta Israel Miranda. \u201cExcelente equipo de trabajo Gobernadora\u201d, expresa Pepe M\u00e1rquez. \u201cEl mejor equipo gobernadora. Mi reconocimiento\u201d, indica Yerii Faustino.<\/p>\n\n\n\n<p><strong>INTENSO TRABAJO DE ADANELY RODR\u00cdGUEZ EN POZA RICA<\/strong><\/p>\n\n\n\n<p>Una percepci\u00f3n muy positiva ha generado en sus primeros 20 d\u00edas de trabajo la presidenta municipal de Poza Rica, Adanely Rodr\u00edguez. Un d\u00eda s\u00ed y otro tambi\u00e9n, la primera edil de esta ciudad pone orden y marca el rumbo del gobierno local. Su prop\u00f3sito, lo dice constantemente, es tener \u201cun gobierno cercano que escucha, atiende y trabaja\u201d.<\/p>\n\n\n\n<p>Este mi\u00e9rcoles 21, llevar\u00e1 a cabo el programa \u201cMi\u00e9rcoles de Puertas Abiertas\u201d, una jornada de atenci\u00f3n directa a la poblaci\u00f3n con el objetivo de fortalecer la cercan\u00eda entre su gobierno y los ciudadanos.<\/p>\n\n\n\n<p>La actividad, reporta su \u00e1rea de prensa, se realizar\u00e1 en la explanada del Palacio Municipal a partir de las 08:00 horas, donde las y los ciudadanos podr\u00e1n plantear de manera directa sus solicitudes, inquietudes y propuestas ante las autoridades locales.<\/p>\n\n\n\n<p>Este ejercicio de gobierno abierto busca escuchar de primera mano las necesidades de la poblaci\u00f3n y dar seguimiento puntual a cada planteamiento, reafirmando el compromiso de la administraci\u00f3n municipal con un gobierno cercano, accesible y sensible a las demandas sociales.<\/p>\n\n\n\n<p>El Gobierno de Poza Rica reiter\u00f3 la invitaci\u00f3n a la ciudadan\u00eda a participar en esta jornada, que forma parte de las acciones permanentes para fortalecer la atenci\u00f3n ciudadana y construir soluciones conjuntas en beneficio del municipio.<\/p>\n\n\n\n<p>Qu\u00e9 bueno que los pozarricenses tengan este espacio para ser escuchados y en donde puedan plantearle a la primera autoridad sus necesidades. Gobernar es sin duda escuchar, atender y resolver los problemas de la gente. Bien.<\/p>\n\n\n\n<p>@MValeraH<\/p>\n","protected":false},"excerpt":{"rendered":"<p>Miguel Valera Contrase\u00f1as&nbsp; La seguridad p\u00fablica y la gobernanza son temas fundamentales para Veracruz en el segundo a\u00f1o del mandato de Roc\u00edo Nahle Garc\u00eda. Estudios especializados de gabinete, que la mandataria veracruzana ha revisado minuciosamente, as\u00ed lo revelan. No era nada nuevo para ella. Lo tra\u00eda en el pulso desde que recorri\u00f3 el estado en [&hellip;]<\/p>\n","protected":false},"author":2,"featured_media":141429,"comment_status":"closed","ping_status":"closed","sticky":false,"template":"","format":"standard","meta":{"tdm_status":"","tdm_grid_status":"","footnotes":""},"categories":[70],"tags":[51128,51129,51131,51130,51127,51126],"class_list":{"0":"post-160999","1":"post","2":"type-post","3":"status-publish","4":"format-standard","5":"has-post-thumbnail","7":"category-de-opinion","8":"tag-alfonso-reyes-garces-seguridad","9":"tag-espaldarazo-claudia-sheinbaum-veracruz","10":"tag-gobierno-de-poza-rica-atencion-ciudadana","11":"tag-ricardo-ahued-gobernabilidad","12":"tag-rocio-nahle-gobernanza-veracruz","13":"tag-seguridad-publica-veracruz-2026"},"yoast_head":"<!-- This site is optimized with the Yoast SEO plugin v27.4 - https:\/\/yoast.com\/product\/yoast-seo-wordpress\/ -->\n<title>SE\u00d1ALES DE NAHLE - Los pol\u00edticos Veracruz<\/title>\n<meta name=\"robots\" content=\"index, follow, max-snippet:-1, max-image-preview:large, max-video-preview:-1\" \/>\n<link rel=\"canonical\" href=\"https:\/\/lospoliticosveracruz.com\/?p=160999\" \/>\n<meta property=\"og:locale\" content=\"es_ES\" \/>\n<meta property=\"og:type\" content=\"article\" \/>\n<meta property=\"og:title\" content=\"SE\u00d1ALES DE NAHLE - Los pol\u00edticos Veracruz\" \/>\n<meta property=\"og:description\" content=\"Miguel Valera Contrase\u00f1as&nbsp; La seguridad p\u00fablica y la gobernanza son temas fundamentales para Veracruz en el segundo a\u00f1o del mandato de Roc\u00edo Nahle Garc\u00eda. Estudios especializados de gabinete, que la mandataria veracruzana ha revisado minuciosamente, as\u00ed lo revelan. No era nada nuevo para ella. Lo tra\u00eda en el pulso desde que recorri\u00f3 el estado en [&hellip;]\" \/>\n<meta property=\"og:url\" content=\"https:\/\/lospoliticosveracruz.com\/?p=160999\" \/>\n<meta property=\"og:site_name\" content=\"Los pol\u00edticos Veracruz\" \/>\n<meta property=\"article:publisher\" content=\"https:\/\/www.facebook.com\/people\/Notimemes-de-los-Polticos\/61565672886568\/\" \/>\n<meta property=\"article:published_time\" content=\"2026-01-21T03:39:33+00:00\" \/>\n<meta property=\"og:image\" content=\"https:\/\/lospoliticosveracruz.com\/wp-content\/uploads\/2025\/04\/Miguel-Valera.jpg\" \/>\n\t<meta property=\"og:image:width\" content=\"1250\" \/>\n\t<meta property=\"og:image:height\" content=\"667\" \/>\n\t<meta property=\"og:image:type\" content=\"image\/jpeg\" \/>\n<meta name=\"author\" content=\"Lo viste en Los Pol\u00edticos\" \/>\n<meta name=\"twitter:card\" content=\"summary_large_image\" \/>\n<meta name=\"twitter:creator\" content=\"@LosPoliticosVer\" \/>\n<meta name=\"twitter:site\" content=\"@LosPoliticosVer\" \/>\n<meta name=\"twitter:label1\" content=\"Escrito por\" \/>\n\t<meta name=\"twitter:data1\" content=\"Lo viste en Los Pol\u00edticos\" \/>\n\t<meta name=\"twitter:label2\" content=\"Tiempo de lectura\" \/>\n\t<meta name=\"twitter:data2\" content=\"4 minutos\" \/>\n<script type=\"application\/ld+json\" class=\"yoast-schema-graph\">{\"@context\":\"https:\\\/\\\/schema.org\",\"@graph\":[{\"@type\":\"Article\",\"@id\":\"https:\\\/\\\/lospoliticosveracruz.com\\\/?p=160999#article\",\"isPartOf\":{\"@id\":\"https:\\\/\\\/lospoliticosveracruz.com\\\/?p=160999\"},\"author\":{\"name\":\"Lo viste en Los Pol\u00edticos\",\"@id\":\"https:\\\/\\\/lospoliticosveracruz.com\\\/#\\\/schema\\\/person\\\/b8702bb0e538456e6efd07080bf2a4a2\"},\"headline\":\"SE\u00d1ALES DE NAHLE\",\"datePublished\":\"2026-01-21T03:39:33+00:00\",\"mainEntityOfPage\":{\"@id\":\"https:\\\/\\\/lospoliticosveracruz.com\\\/?p=160999\"},\"wordCount\":726,\"publisher\":{\"@id\":\"https:\\\/\\\/lospoliticosveracruz.com\\\/#organization\"},\"image\":{\"@id\":\"https:\\\/\\\/lospoliticosveracruz.com\\\/?p=160999#primaryimage\"},\"thumbnailUrl\":\"https:\\\/\\\/lospoliticosveracruz.com\\\/wp-content\\\/uploads\\\/2025\\\/04\\\/Miguel-Valera.jpg\",\"keywords\":[\"Alfonso Reyes Garc\u00e9s seguridad\",\"espaldarazo Claudia Sheinbaum Veracruz\",\"gobierno de Poza Rica atenci\u00f3n ciudadana\",\"Ricardo Ahued gobernabilidad\",\"Roc\u00edo Nahle gobernanza Veracruz\",\"seguridad p\u00fablica Veracruz 2026\"],\"articleSection\":[\"De Opini\u00f3n\"],\"inLanguage\":\"es\"},{\"@type\":\"WebPage\",\"@id\":\"https:\\\/\\\/lospoliticosveracruz.com\\\/?p=160999\",\"url\":\"https:\\\/\\\/lospoliticosveracruz.com\\\/?p=160999\",\"name\":\"SE\u00d1ALES DE NAHLE - Los pol\u00edticos Veracruz\",\"isPartOf\":{\"@id\":\"https:\\\/\\\/lospoliticosveracruz.com\\\/#website\"},\"primaryImageOfPage\":{\"@id\":\"https:\\\/\\\/lospoliticosveracruz.com\\\/?p=160999#primaryimage\"},\"image\":{\"@id\":\"https:\\\/\\\/lospoliticosveracruz.com\\\/?p=160999#primaryimage\"},\"thumbnailUrl\":\"https:\\\/\\\/lospoliticosveracruz.com\\\/wp-content\\\/uploads\\\/2025\\\/04\\\/Miguel-Valera.jpg\",\"datePublished\":\"2026-01-21T03:39:33+00:00\",\"breadcrumb\":{\"@id\":\"https:\\\/\\\/lospoliticosveracruz.com\\\/?p=160999#breadcrumb\"},\"inLanguage\":\"es\",\"potentialAction\":[{\"@type\":\"ReadAction\",\"target\":[\"https:\\\/\\\/lospoliticosveracruz.com\\\/?p=160999\"]}]},{\"@type\":\"ImageObject\",\"inLanguage\":\"es\",\"@id\":\"https:\\\/\\\/lospoliticosveracruz.com\\\/?p=160999#primaryimage\",\"url\":\"https:\\\/\\\/lospoliticosveracruz.com\\\/wp-content\\\/uploads\\\/2025\\\/04\\\/Miguel-Valera.jpg\",\"contentUrl\":\"https:\\\/\\\/lospoliticosveracruz.com\\\/wp-content\\\/uploads\\\/2025\\\/04\\\/Miguel-Valera.jpg\",\"width\":1250,\"height\":667},{\"@type\":\"BreadcrumbList\",\"@id\":\"https:\\\/\\\/lospoliticosveracruz.com\\\/?p=160999#breadcrumb\",\"itemListElement\":[{\"@type\":\"ListItem\",\"position\":1,\"name\":\"Portada\",\"item\":\"https:\\\/\\\/lospoliticosveracruz.com\\\/\"},{\"@type\":\"ListItem\",\"position\":2,\"name\":\"SE\u00d1ALES DE NAHLE\"}]},{\"@type\":\"WebSite\",\"@id\":\"https:\\\/\\\/lospoliticosveracruz.com\\\/#website\",\"url\":\"https:\\\/\\\/lospoliticosveracruz.com\\\/\",\"name\":\"Los pol\u00edticos Veracruz\",\"description\":\"\",\"publisher\":{\"@id\":\"https:\\\/\\\/lospoliticosveracruz.com\\\/#organization\"},\"potentialAction\":[{\"@type\":\"SearchAction\",\"target\":{\"@type\":\"EntryPoint\",\"urlTemplate\":\"https:\\\/\\\/lospoliticosveracruz.com\\\/?s={search_term_string}\"},\"query-input\":{\"@type\":\"PropertyValueSpecification\",\"valueRequired\":true,\"valueName\":\"search_term_string\"}}],\"inLanguage\":\"es\"},{\"@type\":\"Organization\",\"@id\":\"https:\\\/\\\/lospoliticosveracruz.com\\\/#organization\",\"name\":\"Los pol\u00edticos Veracruz\",\"url\":\"https:\\\/\\\/lospoliticosveracruz.com\\\/\",\"logo\":{\"@type\":\"ImageObject\",\"inLanguage\":\"es\",\"@id\":\"https:\\\/\\\/lospoliticosveracruz.com\\\/#\\\/schema\\\/logo\\\/image\\\/\",\"url\":\"https:\\\/\\\/lospoliticosveracruz.com\\\/wp-content\\\/uploads\\\/2025\\\/12\\\/Logo-Nuevo-LOS-POLITICOS-1.jpg\",\"contentUrl\":\"https:\\\/\\\/lospoliticosveracruz.com\\\/wp-content\\\/uploads\\\/2025\\\/12\\\/Logo-Nuevo-LOS-POLITICOS-1.jpg\",\"width\":260,\"height\":70,\"caption\":\"Los pol\u00edticos Veracruz\"},\"image\":{\"@id\":\"https:\\\/\\\/lospoliticosveracruz.com\\\/#\\\/schema\\\/logo\\\/image\\\/\"},\"sameAs\":[\"https:\\\/\\\/www.facebook.com\\\/people\\\/Notimemes-de-los-Polticos\\\/61565672886568\\\/\",\"https:\\\/\\\/x.com\\\/LosPoliticosVer\"]},{\"@type\":\"Person\",\"@id\":\"https:\\\/\\\/lospoliticosveracruz.com\\\/#\\\/schema\\\/person\\\/b8702bb0e538456e6efd07080bf2a4a2\",\"name\":\"Lo viste en Los Pol\u00edticos\",\"image\":{\"@type\":\"ImageObject\",\"inLanguage\":\"es\",\"@id\":\"https:\\\/\\\/secure.gravatar.com\\\/avatar\\\/3a8de04a2656d44082be478bd6c086daa447c4651605818287b9532d3d0bd435?s=96&d=mm&r=g\",\"url\":\"https:\\\/\\\/secure.gravatar.com\\\/avatar\\\/3a8de04a2656d44082be478bd6c086daa447c4651605818287b9532d3d0bd435?s=96&d=mm&r=g\",\"contentUrl\":\"https:\\\/\\\/secure.gravatar.com\\\/avatar\\\/3a8de04a2656d44082be478bd6c086daa447c4651605818287b9532d3d0bd435?s=96&d=mm&r=g\",\"caption\":\"Lo viste en Los Pol\u00edticos\"},\"url\":\"https:\\\/\\\/lospoliticosveracruz.com\\\/?author=2\"}]}<\/script>\n<!-- \/ Yoast SEO plugin. -->","yoast_head_json":{"title":"SE\u00d1ALES DE NAHLE - Los pol\u00edticos Veracruz","robots":{"index":"index","follow":"follow","max-snippet":"max-snippet:-1","max-image-preview":"max-image-preview:large","max-video-preview":"max-video-preview:-1"},"canonical":"https:\/\/lospoliticosveracruz.com\/?p=160999","og_locale":"es_ES","og_type":"article","og_title":"SE\u00d1ALES DE NAHLE - Los pol\u00edticos Veracruz","og_description":"Miguel Valera Contrase\u00f1as&nbsp; La seguridad p\u00fablica y la gobernanza son temas fundamentales para Veracruz en el segundo a\u00f1o del mandato de Roc\u00edo Nahle Garc\u00eda. Estudios especializados de gabinete, que la mandataria veracruzana ha revisado minuciosamente, as\u00ed lo revelan. No era nada nuevo para ella. Lo tra\u00eda en el pulso desde que recorri\u00f3 el estado en [&hellip;]","og_url":"https:\/\/lospoliticosveracruz.com\/?p=160999","og_site_name":"Los pol\u00edticos Veracruz","article_publisher":"https:\/\/www.facebook.com\/people\/Notimemes-de-los-Polticos\/61565672886568\/","article_published_time":"2026-01-21T03:39:33+00:00","og_image":[{"width":1250,"height":667,"url":"https:\/\/lospoliticosveracruz.com\/wp-content\/uploads\/2025\/04\/Miguel-Valera.jpg","type":"image\/jpeg"}],"author":"Lo viste en Los Pol\u00edticos","twitter_card":"summary_large_image","twitter_creator":"@LosPoliticosVer","twitter_site":"@LosPoliticosVer","twitter_misc":{"Escrito por":"Lo viste en Los Pol\u00edticos","Tiempo de lectura":"4 minutos"},"schema":{"@context":"https:\/\/schema.org","@graph":[{"@type":"Article","@id":"https:\/\/lospoliticosveracruz.com\/?p=160999#article","isPartOf":{"@id":"https:\/\/lospoliticosveracruz.com\/?p=160999"},"author":{"name":"Lo viste en Los Pol\u00edticos","@id":"https:\/\/lospoliticosveracruz.com\/#\/schema\/person\/b8702bb0e538456e6efd07080bf2a4a2"},"headline":"SE\u00d1ALES DE NAHLE","datePublished":"2026-01-21T03:39:33+00:00","mainEntityOfPage":{"@id":"https:\/\/lospoliticosveracruz.com\/?p=160999"},"wordCount":726,"publisher":{"@id":"https:\/\/lospoliticosveracruz.com\/#organization"},"image":{"@id":"https:\/\/lospoliticosveracruz.com\/?p=160999#primaryimage"},"thumbnailUrl":"https:\/\/lospoliticosveracruz.com\/wp-content\/uploads\/2025\/04\/Miguel-Valera.jpg","keywords":["Alfonso Reyes Garc\u00e9s seguridad","espaldarazo Claudia Sheinbaum Veracruz","gobierno de Poza Rica atenci\u00f3n ciudadana","Ricardo Ahued gobernabilidad","Roc\u00edo Nahle gobernanza Veracruz","seguridad p\u00fablica Veracruz 2026"],"articleSection":["De Opini\u00f3n"],"inLanguage":"es"},{"@type":"WebPage","@id":"https:\/\/lospoliticosveracruz.com\/?p=160999","url":"https:\/\/lospoliticosveracruz.com\/?p=160999","name":"SE\u00d1ALES DE NAHLE - Los pol\u00edticos Veracruz","isPartOf":{"@id":"https:\/\/lospoliticosveracruz.com\/#website"},"primaryImageOfPage":{"@id":"https:\/\/lospoliticosveracruz.com\/?p=160999#primaryimage"},"image":{"@id":"https:\/\/lospoliticosveracruz.com\/?p=160999#primaryimage"},"thumbnailUrl":"https:\/\/lospoliticosveracruz.com\/wp-content\/uploads\/2025\/04\/Miguel-Valera.jpg","datePublished":"2026-01-21T03:39:33+00:00","breadcrumb":{"@id":"https:\/\/lospoliticosveracruz.com\/?p=160999#breadcrumb"},"inLanguage":"es","potentialAction":[{"@type":"ReadAction","target":["https:\/\/lospoliticosveracruz.com\/?p=160999"]}]},{"@type":"ImageObject","inLanguage":"es","@id":"https:\/\/lospoliticosveracruz.com\/?p=160999#primaryimage","url":"https:\/\/lospoliticosveracruz.com\/wp-content\/uploads\/2025\/04\/Miguel-Valera.jpg","contentUrl":"https:\/\/lospoliticosveracruz.com\/wp-content\/uploads\/2025\/04\/Miguel-Valera.jpg","width":1250,"height":667},{"@type":"BreadcrumbList","@id":"https:\/\/lospoliticosveracruz.com\/?p=160999#breadcrumb","itemListElement":[{"@type":"ListItem","position":1,"name":"Portada","item":"https:\/\/lospoliticosveracruz.com\/"},{"@type":"ListItem","position":2,"name":"SE\u00d1ALES DE NAHLE"}]},{"@type":"WebSite","@id":"https:\/\/lospoliticosveracruz.com\/#website","url":"https:\/\/lospoliticosveracruz.com\/","name":"Los pol\u00edticos Veracruz","description":"","publisher":{"@id":"https:\/\/lospoliticosveracruz.com\/#organization"},"potentialAction":[{"@type":"SearchAction","target":{"@type":"EntryPoint","urlTemplate":"https:\/\/lospoliticosveracruz.com\/?s={search_term_string}"},"query-input":{"@type":"PropertyValueSpecification","valueRequired":true,"valueName":"search_term_string"}}],"inLanguage":"es"},{"@type":"Organization","@id":"https:\/\/lospoliticosveracruz.com\/#organization","name":"Los pol\u00edticos Veracruz","url":"https:\/\/lospoliticosveracruz.com\/","logo":{"@type":"ImageObject","inLanguage":"es","@id":"https:\/\/lospoliticosveracruz.com\/#\/schema\/logo\/image\/","url":"https:\/\/lospoliticosveracruz.com\/wp-content\/uploads\/2025\/12\/Logo-Nuevo-LOS-POLITICOS-1.jpg","contentUrl":"https:\/\/lospoliticosveracruz.com\/wp-content\/uploads\/2025\/12\/Logo-Nuevo-LOS-POLITICOS-1.jpg","width":260,"height":70,"caption":"Los pol\u00edticos Veracruz"},"image":{"@id":"https:\/\/lospoliticosveracruz.com\/#\/schema\/logo\/image\/"},"sameAs":["https:\/\/www.facebook.com\/people\/Notimemes-de-los-Polticos\/61565672886568\/","https:\/\/x.com\/LosPoliticosVer"]},{"@type":"Person","@id":"https:\/\/lospoliticosveracruz.com\/#\/schema\/person\/b8702bb0e538456e6efd07080bf2a4a2","name":"Lo viste en Los Pol\u00edticos","image":{"@type":"ImageObject","inLanguage":"es","@id":"https:\/\/secure.gravatar.com\/avatar\/3a8de04a2656d44082be478bd6c086daa447c4651605818287b9532d3d0bd435?s=96&d=mm&r=g","url":"https:\/\/secure.gravatar.com\/avatar\/3a8de04a2656d44082be478bd6c086daa447c4651605818287b9532d3d0bd435?s=96&d=mm&r=g","contentUrl":"https:\/\/secure.gravatar.com\/avatar\/3a8de04a2656d44082be478bd6c086daa447c4651605818287b9532d3d0bd435?s=96&d=mm&r=g","caption":"Lo viste en Los Pol\u00edticos"},"url":"https:\/\/lospoliticosveracruz.com\/?author=2"}]}},"_links":{"self":[{"href":"https:\/\/lospoliticosveracruz.com\/index.php?rest_route=\/wp\/v2\/posts\/160999","targetHints":{"allow":["GET"]}}],"collection":[{"href":"https:\/\/lospoliticosveracruz.com\/index.php?rest_route=\/wp\/v2\/posts"}],"about":[{"href":"https:\/\/lospoliticosveracruz.com\/index.php?rest_route=\/wp\/v2\/types\/post"}],"author":[{"embeddable":true,"href":"https:\/\/lospoliticosveracruz.com\/index.php?rest_route=\/wp\/v2\/users\/2"}],"replies":[{"embeddable":true,"href":"https:\/\/lospoliticosveracruz.com\/index.php?rest_route=%2Fwp%2Fv2%2Fcomments&post=160999"}],"version-history":[{"count":1,"href":"https:\/\/lospoliticosveracruz.com\/index.php?rest_route=\/wp\/v2\/posts\/160999\/revisions"}],"predecessor-version":[{"id":161000,"href":"https:\/\/lospoliticosveracruz.com\/index.php?rest_route=\/wp\/v2\/posts\/160999\/revisions\/161000"}],"wp:featuredmedia":[{"embeddable":true,"href":"https:\/\/lospoliticosveracruz.com\/index.php?rest_route=\/wp\/v2\/media\/141429"}],"wp:attachment":[{"href":"https:\/\/lospoliticosveracruz.com\/index.php?rest_route=%2Fwp%2Fv2%2Fmedia&parent=160999"}],"wp:term":[{"taxonomy":"category","embeddable":true,"href":"https:\/\/lospoliticosveracruz.com\/index.php?rest_route=%2Fwp%2Fv2%2Fcategories&post=160999"},{"taxonomy":"post_tag","embeddable":true,"href":"https:\/\/lospoliticosveracruz.com\/index.php?rest_route=%2Fwp%2Fv2%2Ftags&post=160999"}],"curies":[{"name":"wp","href":"https:\/\/api.w.org\/{rel}","templated":true}]}}