{"id":161002,"date":"2026-01-21T05:29:15","date_gmt":"2026-01-21T11:29:15","guid":{"rendered":"https:\/\/lospoliticosveracruz.com\/?p=161002"},"modified":"2026-01-21T05:29:16","modified_gmt":"2026-01-21T11:29:16","slug":"un-inesperado-distractor","status":"publish","type":"post","link":"https:\/\/lospoliticosveracruz.com\/?p=161002","title":{"rendered":"UN INESPERADO DISTRACTOR"},"content":{"rendered":"\n<p><strong>Bernardo Guti\u00e9rrez Parra<\/strong><br><em>Desde el Caf\u00e9<\/em><br>Un debate de esos intrascendentes porque casi nadie los ve, encendi\u00f3 las redes en Veracruz cuando uno de los panelistas hizo gala de su ignorancia al \u201cencarcelar\u201d a un pol\u00edtico veracruzano ya fallecido, que jam\u00e1s estuvo en prisi\u00f3n.<\/p>\n\n\n\n<p>A prop\u00f3sito de que alguien del foro dijo que a los gobernadores de Morena les gusta el dinero ajeno, el senador Sa\u00fal Monreal, hermano del diputado Ricardo Monreal, revir\u00f3 y cito textual: \u201cCon mucha demencia dicen de los gobernadores de\u2026 pus s\u00ed, pero ahorita ya se les olvid\u00f3 de Javier Duarte, que estuvo preso, que est\u00e1 preso; a Fidel Herrera, de Veracruz; a Tom\u00e1s Yarrington, que tambi\u00e9n lo\u2026 \u00bfy a poco los detuvieron por bonitos? \u00a1Nooo, por corruptos, por rateros!\u201d.<\/p>\n\n\n\n<p>Quien sali\u00f3 en defensa de Fidel fue su primog\u00e9nito Fidel Herrera Borunda, que escribi\u00f3 en sus redes: \u201cEl se\u00f1or Sa\u00fal Monreal hizo afirmaciones p\u00fablicas sobre mi padre, Fidel Herrera Beltr\u00e1n, que no s\u00f3lo son falsas, sino que cruzan una l\u00ednea que en la vida p\u00fablica no se puede normalizar, convertir una mentira en \u2018verdad\u2019 medi\u00e1tica para generar impacto pol\u00edtico. Quiero ser absolutamente claro y preciso: mi padre nunca estuvo detenido, nunca existi\u00f3 una orden de aprehensi\u00f3n en su contra, ni en M\u00e9xico ni en ning\u00fan otro pa\u00eds\u201d.<\/p>\n\n\n\n<p>Y a rengl\u00f3n seguido lanz\u00f3 un reto: \u201cSi el se\u00f1or Sa\u00fal sostiene lo que dijo, estoy plenamente dispuesto a compartir un foro p\u00fablicamente como corresponde, de frente, con pruebas sobre la mesa y con sustento hist\u00f3rico, pero sobre todo con la verdad jur\u00eddica\u201d.<\/p>\n\n\n\n<p>Pero Sa\u00fal no aceptar\u00e1. Despu\u00e9s de la baboseada que de seguro le puso su hermano Ricardo, a lo m\u00e1s que llegar\u00e1 es a ofrecer una disculpa p\u00fablica porque en efecto, Fidel Herrera jam\u00e1s pis\u00f3 una prisi\u00f3n en sus 76 a\u00f1os de vida y tampoco tuvo ordenes de aprehensi\u00f3n.<\/p>\n\n\n\n<p>\u00bfQu\u00e9 tan bien o mal gobern\u00f3?<\/p>\n\n\n\n<p>Fue un gobernador de claroscuros; hizo escuelas, hospitales, puentes y carreteras; impuls\u00f3 el turismo y la actividad empresarial. Pero muchos de los males cr\u00f3nicos que padece la entidad, como la violencia e inseguridad, se dispararon como nunca en su gobierno lo mismo que la deuda interna y externa. La corrupci\u00f3n que existe en este pa\u00eds desde que M\u00e9xico es M\u00e9xico, alcanz\u00f3 niveles jam\u00e1s vistos en su administraci\u00f3n.<\/p>\n\n\n\n<p>Fidel fue un pol\u00edtico con suerte ya que le toc\u00f3 gobernar en un sexenio donde el Presidente de la Rep\u00fablica no era de su partido. Esto le permiti\u00f3 escoger a su sucesor en la figura de Javier Duarte que no era la mejor opci\u00f3n, pero que fue su c\u00f3mplice. \u201cJavier sabe que si denuncia las trapacer\u00edas de Fidel, m\u00e1s temprano que tarde lo acompa\u00f1ar\u00e1 en Pacho Viejo\u201d, me dijo entonces un analista pol\u00edtico.<\/p>\n\n\n\n<p>Por menos de lo que hizo el nativo de Nopaltepec muchos pol\u00edticos han ido a prisi\u00f3n. Pero a Fidel nadie lo toc\u00f3 ni con la hoja de una carpeta de investigaci\u00f3n. Muri\u00f3 en paz, en la tranquilidad de su hogar \u201cy ya est\u00e1 juzgado de Dios\u201d como dec\u00edan las abuelas.<\/p>\n\n\n\n<p>Lo que no se vale es denostarlo con una mentira como lo hizo Sa\u00fal Monreal, y menos cuando ya no est\u00e1 entre los vivos para defenderse. Como casi todos los morenos, Sa\u00fal le peg\u00f3 al pasado para no explicar el presente.<\/p>\n\n\n\n<p>Pero ya muerto Fidel, su nombre volvi\u00f3 a saltar a la palestra y sirvi\u00f3 de distractor al gobierno estatal que dadas las condiciones (de violencia, inseguridad, corrupci\u00f3n, desabasto de medicamentos, crisis econ\u00f3mica, etc.) necesita de muchos distractores.<\/p>\n\n\n\n<p>bernagup28@gmail.com<\/p>\n","protected":false},"excerpt":{"rendered":"<p>Bernardo Guti\u00e9rrez ParraDesde el Caf\u00e9Un debate de esos intrascendentes porque casi nadie los ve, encendi\u00f3 las redes en Veracruz cuando uno de los panelistas hizo gala de su ignorancia al \u201cencarcelar\u201d a un pol\u00edtico veracruzano ya fallecido, que jam\u00e1s estuvo en prisi\u00f3n. A prop\u00f3sito de que alguien del foro dijo que a los gobernadores de [&hellip;]<\/p>\n","protected":false},"author":2,"featured_media":141479,"comment_status":"closed","ping_status":"closed","sticky":false,"template":"","format":"standard","meta":{"tdm_status":"","tdm_grid_status":"","footnotes":""},"categories":[70],"tags":[410,1176,1026,2944,51132,195],"class_list":{"0":"post-161002","1":"post","2":"type-post","3":"status-publish","4":"format-standard","5":"has-post-thumbnail","7":"category-de-opinion","8":"tag-fidel-herrera-beltran","9":"tag-fidel-herrera-borunda","10":"tag-morena","11":"tag-ricardo-monreal-avila","12":"tag-saul-monreal-avila","13":"tag-veracruz"},"yoast_head":"<!-- This site is optimized with the Yoast SEO plugin v27.4 - https:\/\/yoast.com\/product\/yoast-seo-wordpress\/ -->\n<title>UN INESPERADO DISTRACTOR - Los pol\u00edticos Veracruz<\/title>\n<meta name=\"robots\" content=\"index, follow, max-snippet:-1, max-image-preview:large, max-video-preview:-1\" \/>\n<link rel=\"canonical\" href=\"https:\/\/lospoliticosveracruz.com\/?p=161002\" \/>\n<meta property=\"og:locale\" content=\"es_ES\" \/>\n<meta property=\"og:type\" content=\"article\" \/>\n<meta property=\"og:title\" content=\"UN INESPERADO DISTRACTOR - Los pol\u00edticos Veracruz\" \/>\n<meta property=\"og:description\" content=\"Bernardo Guti\u00e9rrez ParraDesde el Caf\u00e9Un debate de esos intrascendentes porque casi nadie los ve, encendi\u00f3 las redes en Veracruz cuando uno de los panelistas hizo gala de su ignorancia al \u201cencarcelar\u201d a un pol\u00edtico veracruzano ya fallecido, que jam\u00e1s estuvo en prisi\u00f3n. A prop\u00f3sito de que alguien del foro dijo que a los gobernadores de [&hellip;]\" \/>\n<meta property=\"og:url\" content=\"https:\/\/lospoliticosveracruz.com\/?p=161002\" \/>\n<meta property=\"og:site_name\" content=\"Los pol\u00edticos Veracruz\" \/>\n<meta property=\"article:publisher\" content=\"https:\/\/www.facebook.com\/people\/Notimemes-de-los-Polticos\/61565672886568\/\" \/>\n<meta property=\"article:published_time\" content=\"2026-01-21T11:29:15+00:00\" \/>\n<meta property=\"article:modified_time\" content=\"2026-01-21T11:29:16+00:00\" \/>\n<meta property=\"og:image\" content=\"https:\/\/lospoliticosveracruz.com\/wp-content\/uploads\/2025\/04\/Bernardo-Gutierrez-Parra.jpg\" \/>\n\t<meta property=\"og:image:width\" content=\"1250\" \/>\n\t<meta property=\"og:image:height\" content=\"667\" \/>\n\t<meta property=\"og:image:type\" content=\"image\/jpeg\" \/>\n<meta name=\"author\" content=\"Lo viste en Los Pol\u00edticos\" \/>\n<meta name=\"twitter:card\" content=\"summary_large_image\" \/>\n<meta name=\"twitter:creator\" content=\"@LosPoliticosVer\" \/>\n<meta name=\"twitter:site\" content=\"@LosPoliticosVer\" \/>\n<meta name=\"twitter:label1\" content=\"Escrito por\" \/>\n\t<meta name=\"twitter:data1\" content=\"Lo viste en Los Pol\u00edticos\" \/>\n\t<meta name=\"twitter:label2\" content=\"Tiempo de lectura\" \/>\n\t<meta name=\"twitter:data2\" content=\"3 minutos\" \/>\n<script type=\"application\/ld+json\" class=\"yoast-schema-graph\">{\"@context\":\"https:\\\/\\\/schema.org\",\"@graph\":[{\"@type\":\"Article\",\"@id\":\"https:\\\/\\\/lospoliticosveracruz.com\\\/?p=161002#article\",\"isPartOf\":{\"@id\":\"https:\\\/\\\/lospoliticosveracruz.com\\\/?p=161002\"},\"author\":{\"name\":\"Lo viste en Los Pol\u00edticos\",\"@id\":\"https:\\\/\\\/lospoliticosveracruz.com\\\/#\\\/schema\\\/person\\\/b8702bb0e538456e6efd07080bf2a4a2\"},\"headline\":\"UN INESPERADO DISTRACTOR\",\"datePublished\":\"2026-01-21T11:29:15+00:00\",\"dateModified\":\"2026-01-21T11:29:16+00:00\",\"mainEntityOfPage\":{\"@id\":\"https:\\\/\\\/lospoliticosveracruz.com\\\/?p=161002\"},\"wordCount\":640,\"publisher\":{\"@id\":\"https:\\\/\\\/lospoliticosveracruz.com\\\/#organization\"},\"image\":{\"@id\":\"https:\\\/\\\/lospoliticosveracruz.com\\\/?p=161002#primaryimage\"},\"thumbnailUrl\":\"https:\\\/\\\/lospoliticosveracruz.com\\\/wp-content\\\/uploads\\\/2025\\\/04\\\/Bernardo-Gutierrez-Parra.jpg\",\"keywords\":[\"Fidel Herrera Beltr\u00e1n\",\"Fidel Herrera Borunda\",\"Morena\",\"Ricardo Monreal \u00c1vila\",\"Sa\u00fal Monreal \u00c1vila\",\"Veracruz\"],\"articleSection\":[\"De Opini\u00f3n\"],\"inLanguage\":\"es\"},{\"@type\":\"WebPage\",\"@id\":\"https:\\\/\\\/lospoliticosveracruz.com\\\/?p=161002\",\"url\":\"https:\\\/\\\/lospoliticosveracruz.com\\\/?p=161002\",\"name\":\"UN INESPERADO DISTRACTOR - Los pol\u00edticos Veracruz\",\"isPartOf\":{\"@id\":\"https:\\\/\\\/lospoliticosveracruz.com\\\/#website\"},\"primaryImageOfPage\":{\"@id\":\"https:\\\/\\\/lospoliticosveracruz.com\\\/?p=161002#primaryimage\"},\"image\":{\"@id\":\"https:\\\/\\\/lospoliticosveracruz.com\\\/?p=161002#primaryimage\"},\"thumbnailUrl\":\"https:\\\/\\\/lospoliticosveracruz.com\\\/wp-content\\\/uploads\\\/2025\\\/04\\\/Bernardo-Gutierrez-Parra.jpg\",\"datePublished\":\"2026-01-21T11:29:15+00:00\",\"dateModified\":\"2026-01-21T11:29:16+00:00\",\"breadcrumb\":{\"@id\":\"https:\\\/\\\/lospoliticosveracruz.com\\\/?p=161002#breadcrumb\"},\"inLanguage\":\"es\",\"potentialAction\":[{\"@type\":\"ReadAction\",\"target\":[\"https:\\\/\\\/lospoliticosveracruz.com\\\/?p=161002\"]}]},{\"@type\":\"ImageObject\",\"inLanguage\":\"es\",\"@id\":\"https:\\\/\\\/lospoliticosveracruz.com\\\/?p=161002#primaryimage\",\"url\":\"https:\\\/\\\/lospoliticosveracruz.com\\\/wp-content\\\/uploads\\\/2025\\\/04\\\/Bernardo-Gutierrez-Parra.jpg\",\"contentUrl\":\"https:\\\/\\\/lospoliticosveracruz.com\\\/wp-content\\\/uploads\\\/2025\\\/04\\\/Bernardo-Gutierrez-Parra.jpg\",\"width\":1250,\"height\":667},{\"@type\":\"BreadcrumbList\",\"@id\":\"https:\\\/\\\/lospoliticosveracruz.com\\\/?p=161002#breadcrumb\",\"itemListElement\":[{\"@type\":\"ListItem\",\"position\":1,\"name\":\"Portada\",\"item\":\"https:\\\/\\\/lospoliticosveracruz.com\\\/\"},{\"@type\":\"ListItem\",\"position\":2,\"name\":\"UN INESPERADO DISTRACTOR\"}]},{\"@type\":\"WebSite\",\"@id\":\"https:\\\/\\\/lospoliticosveracruz.com\\\/#website\",\"url\":\"https:\\\/\\\/lospoliticosveracruz.com\\\/\",\"name\":\"Los pol\u00edticos Veracruz\",\"description\":\"\",\"publisher\":{\"@id\":\"https:\\\/\\\/lospoliticosveracruz.com\\\/#organization\"},\"potentialAction\":[{\"@type\":\"SearchAction\",\"target\":{\"@type\":\"EntryPoint\",\"urlTemplate\":\"https:\\\/\\\/lospoliticosveracruz.com\\\/?s={search_term_string}\"},\"query-input\":{\"@type\":\"PropertyValueSpecification\",\"valueRequired\":true,\"valueName\":\"search_term_string\"}}],\"inLanguage\":\"es\"},{\"@type\":\"Organization\",\"@id\":\"https:\\\/\\\/lospoliticosveracruz.com\\\/#organization\",\"name\":\"Los pol\u00edticos Veracruz\",\"url\":\"https:\\\/\\\/lospoliticosveracruz.com\\\/\",\"logo\":{\"@type\":\"ImageObject\",\"inLanguage\":\"es\",\"@id\":\"https:\\\/\\\/lospoliticosveracruz.com\\\/#\\\/schema\\\/logo\\\/image\\\/\",\"url\":\"https:\\\/\\\/lospoliticosveracruz.com\\\/wp-content\\\/uploads\\\/2025\\\/12\\\/Logo-Nuevo-LOS-POLITICOS-1.jpg\",\"contentUrl\":\"https:\\\/\\\/lospoliticosveracruz.com\\\/wp-content\\\/uploads\\\/2025\\\/12\\\/Logo-Nuevo-LOS-POLITICOS-1.jpg\",\"width\":260,\"height\":70,\"caption\":\"Los pol\u00edticos Veracruz\"},\"image\":{\"@id\":\"https:\\\/\\\/lospoliticosveracruz.com\\\/#\\\/schema\\\/logo\\\/image\\\/\"},\"sameAs\":[\"https:\\\/\\\/www.facebook.com\\\/people\\\/Notimemes-de-los-Polticos\\\/61565672886568\\\/\",\"https:\\\/\\\/x.com\\\/LosPoliticosVer\"]},{\"@type\":\"Person\",\"@id\":\"https:\\\/\\\/lospoliticosveracruz.com\\\/#\\\/schema\\\/person\\\/b8702bb0e538456e6efd07080bf2a4a2\",\"name\":\"Lo viste en Los Pol\u00edticos\",\"image\":{\"@type\":\"ImageObject\",\"inLanguage\":\"es\",\"@id\":\"https:\\\/\\\/secure.gravatar.com\\\/avatar\\\/3a8de04a2656d44082be478bd6c086daa447c4651605818287b9532d3d0bd435?s=96&d=mm&r=g\",\"url\":\"https:\\\/\\\/secure.gravatar.com\\\/avatar\\\/3a8de04a2656d44082be478bd6c086daa447c4651605818287b9532d3d0bd435?s=96&d=mm&r=g\",\"contentUrl\":\"https:\\\/\\\/secure.gravatar.com\\\/avatar\\\/3a8de04a2656d44082be478bd6c086daa447c4651605818287b9532d3d0bd435?s=96&d=mm&r=g\",\"caption\":\"Lo viste en Los Pol\u00edticos\"},\"url\":\"https:\\\/\\\/lospoliticosveracruz.com\\\/?author=2\"}]}<\/script>\n<!-- \/ Yoast SEO plugin. -->","yoast_head_json":{"title":"UN INESPERADO DISTRACTOR - Los pol\u00edticos Veracruz","robots":{"index":"index","follow":"follow","max-snippet":"max-snippet:-1","max-image-preview":"max-image-preview:large","max-video-preview":"max-video-preview:-1"},"canonical":"https:\/\/lospoliticosveracruz.com\/?p=161002","og_locale":"es_ES","og_type":"article","og_title":"UN INESPERADO DISTRACTOR - Los pol\u00edticos Veracruz","og_description":"Bernardo Guti\u00e9rrez ParraDesde el Caf\u00e9Un debate de esos intrascendentes porque casi nadie los ve, encendi\u00f3 las redes en Veracruz cuando uno de los panelistas hizo gala de su ignorancia al \u201cencarcelar\u201d a un pol\u00edtico veracruzano ya fallecido, que jam\u00e1s estuvo en prisi\u00f3n. A prop\u00f3sito de que alguien del foro dijo que a los gobernadores de [&hellip;]","og_url":"https:\/\/lospoliticosveracruz.com\/?p=161002","og_site_name":"Los pol\u00edticos Veracruz","article_publisher":"https:\/\/www.facebook.com\/people\/Notimemes-de-los-Polticos\/61565672886568\/","article_published_time":"2026-01-21T11:29:15+00:00","article_modified_time":"2026-01-21T11:29:16+00:00","og_image":[{"width":1250,"height":667,"url":"https:\/\/lospoliticosveracruz.com\/wp-content\/uploads\/2025\/04\/Bernardo-Gutierrez-Parra.jpg","type":"image\/jpeg"}],"author":"Lo viste en Los Pol\u00edticos","twitter_card":"summary_large_image","twitter_creator":"@LosPoliticosVer","twitter_site":"@LosPoliticosVer","twitter_misc":{"Escrito por":"Lo viste en Los Pol\u00edticos","Tiempo de lectura":"3 minutos"},"schema":{"@context":"https:\/\/schema.org","@graph":[{"@type":"Article","@id":"https:\/\/lospoliticosveracruz.com\/?p=161002#article","isPartOf":{"@id":"https:\/\/lospoliticosveracruz.com\/?p=161002"},"author":{"name":"Lo viste en Los Pol\u00edticos","@id":"https:\/\/lospoliticosveracruz.com\/#\/schema\/person\/b8702bb0e538456e6efd07080bf2a4a2"},"headline":"UN INESPERADO DISTRACTOR","datePublished":"2026-01-21T11:29:15+00:00","dateModified":"2026-01-21T11:29:16+00:00","mainEntityOfPage":{"@id":"https:\/\/lospoliticosveracruz.com\/?p=161002"},"wordCount":640,"publisher":{"@id":"https:\/\/lospoliticosveracruz.com\/#organization"},"image":{"@id":"https:\/\/lospoliticosveracruz.com\/?p=161002#primaryimage"},"thumbnailUrl":"https:\/\/lospoliticosveracruz.com\/wp-content\/uploads\/2025\/04\/Bernardo-Gutierrez-Parra.jpg","keywords":["Fidel Herrera Beltr\u00e1n","Fidel Herrera Borunda","Morena","Ricardo Monreal \u00c1vila","Sa\u00fal Monreal \u00c1vila","Veracruz"],"articleSection":["De Opini\u00f3n"],"inLanguage":"es"},{"@type":"WebPage","@id":"https:\/\/lospoliticosveracruz.com\/?p=161002","url":"https:\/\/lospoliticosveracruz.com\/?p=161002","name":"UN INESPERADO DISTRACTOR - Los pol\u00edticos Veracruz","isPartOf":{"@id":"https:\/\/lospoliticosveracruz.com\/#website"},"primaryImageOfPage":{"@id":"https:\/\/lospoliticosveracruz.com\/?p=161002#primaryimage"},"image":{"@id":"https:\/\/lospoliticosveracruz.com\/?p=161002#primaryimage"},"thumbnailUrl":"https:\/\/lospoliticosveracruz.com\/wp-content\/uploads\/2025\/04\/Bernardo-Gutierrez-Parra.jpg","datePublished":"2026-01-21T11:29:15+00:00","dateModified":"2026-01-21T11:29:16+00:00","breadcrumb":{"@id":"https:\/\/lospoliticosveracruz.com\/?p=161002#breadcrumb"},"inLanguage":"es","potentialAction":[{"@type":"ReadAction","target":["https:\/\/lospoliticosveracruz.com\/?p=161002"]}]},{"@type":"ImageObject","inLanguage":"es","@id":"https:\/\/lospoliticosveracruz.com\/?p=161002#primaryimage","url":"https:\/\/lospoliticosveracruz.com\/wp-content\/uploads\/2025\/04\/Bernardo-Gutierrez-Parra.jpg","contentUrl":"https:\/\/lospoliticosveracruz.com\/wp-content\/uploads\/2025\/04\/Bernardo-Gutierrez-Parra.jpg","width":1250,"height":667},{"@type":"BreadcrumbList","@id":"https:\/\/lospoliticosveracruz.com\/?p=161002#breadcrumb","itemListElement":[{"@type":"ListItem","position":1,"name":"Portada","item":"https:\/\/lospoliticosveracruz.com\/"},{"@type":"ListItem","position":2,"name":"UN INESPERADO DISTRACTOR"}]},{"@type":"WebSite","@id":"https:\/\/lospoliticosveracruz.com\/#website","url":"https:\/\/lospoliticosveracruz.com\/","name":"Los pol\u00edticos Veracruz","description":"","publisher":{"@id":"https:\/\/lospoliticosveracruz.com\/#organization"},"potentialAction":[{"@type":"SearchAction","target":{"@type":"EntryPoint","urlTemplate":"https:\/\/lospoliticosveracruz.com\/?s={search_term_string}"},"query-input":{"@type":"PropertyValueSpecification","valueRequired":true,"valueName":"search_term_string"}}],"inLanguage":"es"},{"@type":"Organization","@id":"https:\/\/lospoliticosveracruz.com\/#organization","name":"Los pol\u00edticos Veracruz","url":"https:\/\/lospoliticosveracruz.com\/","logo":{"@type":"ImageObject","inLanguage":"es","@id":"https:\/\/lospoliticosveracruz.com\/#\/schema\/logo\/image\/","url":"https:\/\/lospoliticosveracruz.com\/wp-content\/uploads\/2025\/12\/Logo-Nuevo-LOS-POLITICOS-1.jpg","contentUrl":"https:\/\/lospoliticosveracruz.com\/wp-content\/uploads\/2025\/12\/Logo-Nuevo-LOS-POLITICOS-1.jpg","width":260,"height":70,"caption":"Los pol\u00edticos Veracruz"},"image":{"@id":"https:\/\/lospoliticosveracruz.com\/#\/schema\/logo\/image\/"},"sameAs":["https:\/\/www.facebook.com\/people\/Notimemes-de-los-Polticos\/61565672886568\/","https:\/\/x.com\/LosPoliticosVer"]},{"@type":"Person","@id":"https:\/\/lospoliticosveracruz.com\/#\/schema\/person\/b8702bb0e538456e6efd07080bf2a4a2","name":"Lo viste en Los Pol\u00edticos","image":{"@type":"ImageObject","inLanguage":"es","@id":"https:\/\/secure.gravatar.com\/avatar\/3a8de04a2656d44082be478bd6c086daa447c4651605818287b9532d3d0bd435?s=96&d=mm&r=g","url":"https:\/\/secure.gravatar.com\/avatar\/3a8de04a2656d44082be478bd6c086daa447c4651605818287b9532d3d0bd435?s=96&d=mm&r=g","contentUrl":"https:\/\/secure.gravatar.com\/avatar\/3a8de04a2656d44082be478bd6c086daa447c4651605818287b9532d3d0bd435?s=96&d=mm&r=g","caption":"Lo viste en Los Pol\u00edticos"},"url":"https:\/\/lospoliticosveracruz.com\/?author=2"}]}},"_links":{"self":[{"href":"https:\/\/lospoliticosveracruz.com\/index.php?rest_route=\/wp\/v2\/posts\/161002","targetHints":{"allow":["GET"]}}],"collection":[{"href":"https:\/\/lospoliticosveracruz.com\/index.php?rest_route=\/wp\/v2\/posts"}],"about":[{"href":"https:\/\/lospoliticosveracruz.com\/index.php?rest_route=\/wp\/v2\/types\/post"}],"author":[{"embeddable":true,"href":"https:\/\/lospoliticosveracruz.com\/index.php?rest_route=\/wp\/v2\/users\/2"}],"replies":[{"embeddable":true,"href":"https:\/\/lospoliticosveracruz.com\/index.php?rest_route=%2Fwp%2Fv2%2Fcomments&post=161002"}],"version-history":[{"count":1,"href":"https:\/\/lospoliticosveracruz.com\/index.php?rest_route=\/wp\/v2\/posts\/161002\/revisions"}],"predecessor-version":[{"id":161003,"href":"https:\/\/lospoliticosveracruz.com\/index.php?rest_route=\/wp\/v2\/posts\/161002\/revisions\/161003"}],"wp:featuredmedia":[{"embeddable":true,"href":"https:\/\/lospoliticosveracruz.com\/index.php?rest_route=\/wp\/v2\/media\/141479"}],"wp:attachment":[{"href":"https:\/\/lospoliticosveracruz.com\/index.php?rest_route=%2Fwp%2Fv2%2Fmedia&parent=161002"}],"wp:term":[{"taxonomy":"category","embeddable":true,"href":"https:\/\/lospoliticosveracruz.com\/index.php?rest_route=%2Fwp%2Fv2%2Fcategories&post=161002"},{"taxonomy":"post_tag","embeddable":true,"href":"https:\/\/lospoliticosveracruz.com\/index.php?rest_route=%2Fwp%2Fv2%2Ftags&post=161002"}],"curies":[{"name":"wp","href":"https:\/\/api.w.org\/{rel}","templated":true}]}}