{"id":161024,"date":"2026-01-21T11:19:56","date_gmt":"2026-01-21T17:19:56","guid":{"rendered":"https:\/\/lospoliticosveracruz.com\/?p=161024"},"modified":"2026-01-21T11:19:56","modified_gmt":"2026-01-21T17:19:56","slug":"da-cuentas-yeya","status":"publish","type":"post","link":"https:\/\/lospoliticosveracruz.com\/?p=161024","title":{"rendered":"DA CUENTAS YEYA!"},"content":{"rendered":"\n<p><strong>\u00c1ngeles Gonz\u00e1lez Ceballos<\/strong>&nbsp;<\/p>\n\n\n\n<p>La fiscal general del Estado, Lisbeth Aurelia Jim\u00e9nez Aguirre, inform\u00f3 que&nbsp;&nbsp;durante el 2025 y el periodo que lleva al frente del organismo aut\u00f3nomo, liberaron 30 v\u00edctimas de secuestro.<\/p>\n\n\n\n<p>Durante su comparecencia ante las y los diputados, detall\u00f3 que de esos, 17 fueron mediante operativos policiales, 10 por negociaci\u00f3n y 2 por escape.<\/p>\n\n\n\n<p>A 45 d\u00edas de haber llegado al cargo, expuso que como parte de los resultados sustantivos en materia de investigaci\u00f3n, operaci\u00f3n y judicializaci\u00f3n, en 2025 iniciaron 32 carpetas de investigaci\u00f3n por secuestro, de las cuales 15 derivaron en procesos penales, mientras que el resto contin\u00faa en tr\u00e1mite.<\/p>\n\n\n\n<p>Asimismo, obtuvieron 53 sentencias condenatorias contra 128 personas sentenciadas, con penas que van de 50 hasta 140 a\u00f1os de prisi\u00f3n.&nbsp;<\/p>\n\n\n\n<p>De igual forma, realizaron 95 detenciones por secuestro, de las cuales 45 fueron en flagrancia y 50 por cumplimiento de \u00f3rdenes de aprehensi\u00f3n.&nbsp;<\/p>\n\n\n\n<p>Manifest\u00f3 que en concordancia a la reforma en materia de extorsi\u00f3n, en el mes de julio, se ampli\u00f3 la competencia de la Unidad Especializada en Combate al Secuestro (UECS) para que conociera tambi\u00e9n del delito de extorsi\u00f3n.<\/p>\n\n\n\n<p>Derivado de ello, atendi\u00f3 47 casos de extorsi\u00f3n directa, con 51 v\u00edctimas, obtuvo 11 \u00f3rdenes de aprehensi\u00f3n contra 26 probables responsables, de las cuales 16 ya han sido ejecutadas.&nbsp;<\/p>\n\n\n\n<p>Expuso que a trav\u00e9s de operativos policiales, lograron la detenci\u00f3n de 49 personas por extorsi\u00f3n.<\/p>\n\n\n\n<p>Asimismo, como acci\u00f3n preventiva y de impacto directo, gestionaron la inhabilitaci\u00f3n de 4 mil 756 l\u00edneas telef\u00f3nicas utilizadas para la comisi\u00f3n de extorsiones.&nbsp;<\/p>\n\n\n\n<p>En lo que refiere a la prevenci\u00f3n del delito y vinculaci\u00f3n con la sociedad, la UECS imparti\u00f3 123 pl\u00e1ticas sobre prevenci\u00f3n del secuestro y la extorsi\u00f3n, en beneficio de 14 mil 217 personas de distintos \u00e1mbitos, entre ellos corporaciones policiales municipales, empresariales, comerciales y estudiantiles.<\/p>\n","protected":false},"excerpt":{"rendered":"<p>\u00c1ngeles Gonz\u00e1lez Ceballos&nbsp; La fiscal general del Estado, Lisbeth Aurelia Jim\u00e9nez Aguirre, inform\u00f3 que&nbsp;&nbsp;durante el 2025 y el periodo que lleva al frente del organismo aut\u00f3nomo, liberaron 30 v\u00edctimas de secuestro. Durante su comparecencia ante las y los diputados, detall\u00f3 que de esos, 17 fueron mediante operativos policiales, 10 por negociaci\u00f3n y 2 por escape. [&hellip;]<\/p>\n","protected":false},"author":2,"featured_media":161025,"comment_status":"closed","ping_status":"closed","sticky":false,"template":"","format":"standard","meta":{"tdm_status":"","tdm_grid_status":"","footnotes":""},"categories":[6446],"tags":[51161,51163,12266,4116,51165,36463,51164,51162],"class_list":{"0":"post-161024","1":"post","2":"type-post","3":"status-publish","4":"format-standard","5":"has-post-thumbnail","7":"category-la-nota","8":"tag-combate-al-secuestro","9":"tag-extorsion-en-veracruz-2","10":"tag-fiscal-general-del-estado","11":"tag-fiscalia-general-del-estado","12":"tag-justicia-penal-veracruz","13":"tag-lisbeth-aurelia-jimenez-aguirre","14":"tag-resultados-uecs","15":"tag-seguridad-publica-veracruz"},"yoast_head":"<!-- This site is optimized with the Yoast SEO plugin v27.4 - https:\/\/yoast.com\/product\/yoast-seo-wordpress\/ -->\n<title>DA CUENTAS YEYA! - Los pol\u00edticos Veracruz<\/title>\n<meta name=\"robots\" content=\"index, follow, max-snippet:-1, max-image-preview:large, max-video-preview:-1\" \/>\n<link rel=\"canonical\" href=\"https:\/\/lospoliticosveracruz.com\/?p=161024\" \/>\n<meta property=\"og:locale\" content=\"es_ES\" \/>\n<meta property=\"og:type\" content=\"article\" \/>\n<meta property=\"og:title\" content=\"DA CUENTAS YEYA! - Los pol\u00edticos Veracruz\" \/>\n<meta property=\"og:description\" content=\"\u00c1ngeles Gonz\u00e1lez Ceballos&nbsp; La fiscal general del Estado, Lisbeth Aurelia Jim\u00e9nez Aguirre, inform\u00f3 que&nbsp;&nbsp;durante el 2025 y el periodo que lleva al frente del organismo aut\u00f3nomo, liberaron 30 v\u00edctimas de secuestro. Durante su comparecencia ante las y los diputados, detall\u00f3 que de esos, 17 fueron mediante operativos policiales, 10 por negociaci\u00f3n y 2 por escape. [&hellip;]\" \/>\n<meta property=\"og:url\" content=\"https:\/\/lospoliticosveracruz.com\/?p=161024\" \/>\n<meta property=\"og:site_name\" content=\"Los pol\u00edticos Veracruz\" \/>\n<meta property=\"article:publisher\" content=\"https:\/\/www.facebook.com\/people\/Notimemes-de-los-Polticos\/61565672886568\/\" \/>\n<meta property=\"article:published_time\" content=\"2026-01-21T17:19:56+00:00\" \/>\n<meta property=\"og:image\" content=\"https:\/\/lospoliticosveracruz.com\/wp-content\/uploads\/2026\/01\/Lisbeth-Aurelia-Jimenez.jpg\" \/>\n\t<meta property=\"og:image:width\" content=\"600\" \/>\n\t<meta property=\"og:image:height\" content=\"320\" \/>\n\t<meta property=\"og:image:type\" content=\"image\/jpeg\" \/>\n<meta name=\"author\" content=\"Lo viste en Los Pol\u00edticos\" \/>\n<meta name=\"twitter:card\" content=\"summary_large_image\" \/>\n<meta name=\"twitter:creator\" content=\"@LosPoliticosVer\" \/>\n<meta name=\"twitter:site\" content=\"@LosPoliticosVer\" \/>\n<meta name=\"twitter:label1\" content=\"Escrito por\" \/>\n\t<meta name=\"twitter:data1\" content=\"Lo viste en Los Pol\u00edticos\" \/>\n\t<meta name=\"twitter:label2\" content=\"Tiempo de lectura\" \/>\n\t<meta name=\"twitter:data2\" content=\"2 minutos\" \/>\n<script type=\"application\/ld+json\" class=\"yoast-schema-graph\">{\"@context\":\"https:\\\/\\\/schema.org\",\"@graph\":[{\"@type\":\"Article\",\"@id\":\"https:\\\/\\\/lospoliticosveracruz.com\\\/?p=161024#article\",\"isPartOf\":{\"@id\":\"https:\\\/\\\/lospoliticosveracruz.com\\\/?p=161024\"},\"author\":{\"name\":\"Lo viste en Los Pol\u00edticos\",\"@id\":\"https:\\\/\\\/lospoliticosveracruz.com\\\/#\\\/schema\\\/person\\\/b8702bb0e538456e6efd07080bf2a4a2\"},\"headline\":\"DA CUENTAS YEYA!\",\"datePublished\":\"2026-01-21T17:19:56+00:00\",\"mainEntityOfPage\":{\"@id\":\"https:\\\/\\\/lospoliticosveracruz.com\\\/?p=161024\"},\"wordCount\":312,\"publisher\":{\"@id\":\"https:\\\/\\\/lospoliticosveracruz.com\\\/#organization\"},\"image\":{\"@id\":\"https:\\\/\\\/lospoliticosveracruz.com\\\/?p=161024#primaryimage\"},\"thumbnailUrl\":\"https:\\\/\\\/lospoliticosveracruz.com\\\/wp-content\\\/uploads\\\/2026\\\/01\\\/Lisbeth-Aurelia-Jimenez.jpg\",\"keywords\":[\"combate al secuestro\",\"extorsi\u00f3n en Veracruz\",\"Fiscal General del Estado\",\"Fiscal\u00eda General del Estado\",\"justicia penal Veracruz\",\"Lisbeth Aurelia Jim\u00e9nez Aguirre\",\"resultados UECS\",\"seguridad p\u00fablica Veracruz\"],\"articleSection\":[\"La Nota\"],\"inLanguage\":\"es\"},{\"@type\":\"WebPage\",\"@id\":\"https:\\\/\\\/lospoliticosveracruz.com\\\/?p=161024\",\"url\":\"https:\\\/\\\/lospoliticosveracruz.com\\\/?p=161024\",\"name\":\"DA CUENTAS YEYA! - Los pol\u00edticos Veracruz\",\"isPartOf\":{\"@id\":\"https:\\\/\\\/lospoliticosveracruz.com\\\/#website\"},\"primaryImageOfPage\":{\"@id\":\"https:\\\/\\\/lospoliticosveracruz.com\\\/?p=161024#primaryimage\"},\"image\":{\"@id\":\"https:\\\/\\\/lospoliticosveracruz.com\\\/?p=161024#primaryimage\"},\"thumbnailUrl\":\"https:\\\/\\\/lospoliticosveracruz.com\\\/wp-content\\\/uploads\\\/2026\\\/01\\\/Lisbeth-Aurelia-Jimenez.jpg\",\"datePublished\":\"2026-01-21T17:19:56+00:00\",\"breadcrumb\":{\"@id\":\"https:\\\/\\\/lospoliticosveracruz.com\\\/?p=161024#breadcrumb\"},\"inLanguage\":\"es\",\"potentialAction\":[{\"@type\":\"ReadAction\",\"target\":[\"https:\\\/\\\/lospoliticosveracruz.com\\\/?p=161024\"]}]},{\"@type\":\"ImageObject\",\"inLanguage\":\"es\",\"@id\":\"https:\\\/\\\/lospoliticosveracruz.com\\\/?p=161024#primaryimage\",\"url\":\"https:\\\/\\\/lospoliticosveracruz.com\\\/wp-content\\\/uploads\\\/2026\\\/01\\\/Lisbeth-Aurelia-Jimenez.jpg\",\"contentUrl\":\"https:\\\/\\\/lospoliticosveracruz.com\\\/wp-content\\\/uploads\\\/2026\\\/01\\\/Lisbeth-Aurelia-Jimenez.jpg\",\"width\":600,\"height\":320},{\"@type\":\"BreadcrumbList\",\"@id\":\"https:\\\/\\\/lospoliticosveracruz.com\\\/?p=161024#breadcrumb\",\"itemListElement\":[{\"@type\":\"ListItem\",\"position\":1,\"name\":\"Portada\",\"item\":\"https:\\\/\\\/lospoliticosveracruz.com\\\/\"},{\"@type\":\"ListItem\",\"position\":2,\"name\":\"DA CUENTAS YEYA!\"}]},{\"@type\":\"WebSite\",\"@id\":\"https:\\\/\\\/lospoliticosveracruz.com\\\/#website\",\"url\":\"https:\\\/\\\/lospoliticosveracruz.com\\\/\",\"name\":\"Los pol\u00edticos Veracruz\",\"description\":\"\",\"publisher\":{\"@id\":\"https:\\\/\\\/lospoliticosveracruz.com\\\/#organization\"},\"potentialAction\":[{\"@type\":\"SearchAction\",\"target\":{\"@type\":\"EntryPoint\",\"urlTemplate\":\"https:\\\/\\\/lospoliticosveracruz.com\\\/?s={search_term_string}\"},\"query-input\":{\"@type\":\"PropertyValueSpecification\",\"valueRequired\":true,\"valueName\":\"search_term_string\"}}],\"inLanguage\":\"es\"},{\"@type\":\"Organization\",\"@id\":\"https:\\\/\\\/lospoliticosveracruz.com\\\/#organization\",\"name\":\"Los pol\u00edticos Veracruz\",\"url\":\"https:\\\/\\\/lospoliticosveracruz.com\\\/\",\"logo\":{\"@type\":\"ImageObject\",\"inLanguage\":\"es\",\"@id\":\"https:\\\/\\\/lospoliticosveracruz.com\\\/#\\\/schema\\\/logo\\\/image\\\/\",\"url\":\"https:\\\/\\\/lospoliticosveracruz.com\\\/wp-content\\\/uploads\\\/2025\\\/12\\\/Logo-Nuevo-LOS-POLITICOS-1.jpg\",\"contentUrl\":\"https:\\\/\\\/lospoliticosveracruz.com\\\/wp-content\\\/uploads\\\/2025\\\/12\\\/Logo-Nuevo-LOS-POLITICOS-1.jpg\",\"width\":260,\"height\":70,\"caption\":\"Los pol\u00edticos Veracruz\"},\"image\":{\"@id\":\"https:\\\/\\\/lospoliticosveracruz.com\\\/#\\\/schema\\\/logo\\\/image\\\/\"},\"sameAs\":[\"https:\\\/\\\/www.facebook.com\\\/people\\\/Notimemes-de-los-Polticos\\\/61565672886568\\\/\",\"https:\\\/\\\/x.com\\\/LosPoliticosVer\"]},{\"@type\":\"Person\",\"@id\":\"https:\\\/\\\/lospoliticosveracruz.com\\\/#\\\/schema\\\/person\\\/b8702bb0e538456e6efd07080bf2a4a2\",\"name\":\"Lo viste en Los Pol\u00edticos\",\"image\":{\"@type\":\"ImageObject\",\"inLanguage\":\"es\",\"@id\":\"https:\\\/\\\/secure.gravatar.com\\\/avatar\\\/3a8de04a2656d44082be478bd6c086daa447c4651605818287b9532d3d0bd435?s=96&d=mm&r=g\",\"url\":\"https:\\\/\\\/secure.gravatar.com\\\/avatar\\\/3a8de04a2656d44082be478bd6c086daa447c4651605818287b9532d3d0bd435?s=96&d=mm&r=g\",\"contentUrl\":\"https:\\\/\\\/secure.gravatar.com\\\/avatar\\\/3a8de04a2656d44082be478bd6c086daa447c4651605818287b9532d3d0bd435?s=96&d=mm&r=g\",\"caption\":\"Lo viste en Los Pol\u00edticos\"},\"url\":\"https:\\\/\\\/lospoliticosveracruz.com\\\/?author=2\"}]}<\/script>\n<!-- \/ Yoast SEO plugin. -->","yoast_head_json":{"title":"DA CUENTAS YEYA! - Los pol\u00edticos Veracruz","robots":{"index":"index","follow":"follow","max-snippet":"max-snippet:-1","max-image-preview":"max-image-preview:large","max-video-preview":"max-video-preview:-1"},"canonical":"https:\/\/lospoliticosveracruz.com\/?p=161024","og_locale":"es_ES","og_type":"article","og_title":"DA CUENTAS YEYA! - Los pol\u00edticos Veracruz","og_description":"\u00c1ngeles Gonz\u00e1lez Ceballos&nbsp; La fiscal general del Estado, Lisbeth Aurelia Jim\u00e9nez Aguirre, inform\u00f3 que&nbsp;&nbsp;durante el 2025 y el periodo que lleva al frente del organismo aut\u00f3nomo, liberaron 30 v\u00edctimas de secuestro. Durante su comparecencia ante las y los diputados, detall\u00f3 que de esos, 17 fueron mediante operativos policiales, 10 por negociaci\u00f3n y 2 por escape. [&hellip;]","og_url":"https:\/\/lospoliticosveracruz.com\/?p=161024","og_site_name":"Los pol\u00edticos Veracruz","article_publisher":"https:\/\/www.facebook.com\/people\/Notimemes-de-los-Polticos\/61565672886568\/","article_published_time":"2026-01-21T17:19:56+00:00","og_image":[{"width":600,"height":320,"url":"https:\/\/lospoliticosveracruz.com\/wp-content\/uploads\/2026\/01\/Lisbeth-Aurelia-Jimenez.jpg","type":"image\/jpeg"}],"author":"Lo viste en Los Pol\u00edticos","twitter_card":"summary_large_image","twitter_creator":"@LosPoliticosVer","twitter_site":"@LosPoliticosVer","twitter_misc":{"Escrito por":"Lo viste en Los Pol\u00edticos","Tiempo de lectura":"2 minutos"},"schema":{"@context":"https:\/\/schema.org","@graph":[{"@type":"Article","@id":"https:\/\/lospoliticosveracruz.com\/?p=161024#article","isPartOf":{"@id":"https:\/\/lospoliticosveracruz.com\/?p=161024"},"author":{"name":"Lo viste en Los Pol\u00edticos","@id":"https:\/\/lospoliticosveracruz.com\/#\/schema\/person\/b8702bb0e538456e6efd07080bf2a4a2"},"headline":"DA CUENTAS YEYA!","datePublished":"2026-01-21T17:19:56+00:00","mainEntityOfPage":{"@id":"https:\/\/lospoliticosveracruz.com\/?p=161024"},"wordCount":312,"publisher":{"@id":"https:\/\/lospoliticosveracruz.com\/#organization"},"image":{"@id":"https:\/\/lospoliticosveracruz.com\/?p=161024#primaryimage"},"thumbnailUrl":"https:\/\/lospoliticosveracruz.com\/wp-content\/uploads\/2026\/01\/Lisbeth-Aurelia-Jimenez.jpg","keywords":["combate al secuestro","extorsi\u00f3n en Veracruz","Fiscal General del Estado","Fiscal\u00eda General del Estado","justicia penal Veracruz","Lisbeth Aurelia Jim\u00e9nez Aguirre","resultados UECS","seguridad p\u00fablica Veracruz"],"articleSection":["La Nota"],"inLanguage":"es"},{"@type":"WebPage","@id":"https:\/\/lospoliticosveracruz.com\/?p=161024","url":"https:\/\/lospoliticosveracruz.com\/?p=161024","name":"DA CUENTAS YEYA! - Los pol\u00edticos Veracruz","isPartOf":{"@id":"https:\/\/lospoliticosveracruz.com\/#website"},"primaryImageOfPage":{"@id":"https:\/\/lospoliticosveracruz.com\/?p=161024#primaryimage"},"image":{"@id":"https:\/\/lospoliticosveracruz.com\/?p=161024#primaryimage"},"thumbnailUrl":"https:\/\/lospoliticosveracruz.com\/wp-content\/uploads\/2026\/01\/Lisbeth-Aurelia-Jimenez.jpg","datePublished":"2026-01-21T17:19:56+00:00","breadcrumb":{"@id":"https:\/\/lospoliticosveracruz.com\/?p=161024#breadcrumb"},"inLanguage":"es","potentialAction":[{"@type":"ReadAction","target":["https:\/\/lospoliticosveracruz.com\/?p=161024"]}]},{"@type":"ImageObject","inLanguage":"es","@id":"https:\/\/lospoliticosveracruz.com\/?p=161024#primaryimage","url":"https:\/\/lospoliticosveracruz.com\/wp-content\/uploads\/2026\/01\/Lisbeth-Aurelia-Jimenez.jpg","contentUrl":"https:\/\/lospoliticosveracruz.com\/wp-content\/uploads\/2026\/01\/Lisbeth-Aurelia-Jimenez.jpg","width":600,"height":320},{"@type":"BreadcrumbList","@id":"https:\/\/lospoliticosveracruz.com\/?p=161024#breadcrumb","itemListElement":[{"@type":"ListItem","position":1,"name":"Portada","item":"https:\/\/lospoliticosveracruz.com\/"},{"@type":"ListItem","position":2,"name":"DA CUENTAS YEYA!"}]},{"@type":"WebSite","@id":"https:\/\/lospoliticosveracruz.com\/#website","url":"https:\/\/lospoliticosveracruz.com\/","name":"Los pol\u00edticos Veracruz","description":"","publisher":{"@id":"https:\/\/lospoliticosveracruz.com\/#organization"},"potentialAction":[{"@type":"SearchAction","target":{"@type":"EntryPoint","urlTemplate":"https:\/\/lospoliticosveracruz.com\/?s={search_term_string}"},"query-input":{"@type":"PropertyValueSpecification","valueRequired":true,"valueName":"search_term_string"}}],"inLanguage":"es"},{"@type":"Organization","@id":"https:\/\/lospoliticosveracruz.com\/#organization","name":"Los pol\u00edticos Veracruz","url":"https:\/\/lospoliticosveracruz.com\/","logo":{"@type":"ImageObject","inLanguage":"es","@id":"https:\/\/lospoliticosveracruz.com\/#\/schema\/logo\/image\/","url":"https:\/\/lospoliticosveracruz.com\/wp-content\/uploads\/2025\/12\/Logo-Nuevo-LOS-POLITICOS-1.jpg","contentUrl":"https:\/\/lospoliticosveracruz.com\/wp-content\/uploads\/2025\/12\/Logo-Nuevo-LOS-POLITICOS-1.jpg","width":260,"height":70,"caption":"Los pol\u00edticos Veracruz"},"image":{"@id":"https:\/\/lospoliticosveracruz.com\/#\/schema\/logo\/image\/"},"sameAs":["https:\/\/www.facebook.com\/people\/Notimemes-de-los-Polticos\/61565672886568\/","https:\/\/x.com\/LosPoliticosVer"]},{"@type":"Person","@id":"https:\/\/lospoliticosveracruz.com\/#\/schema\/person\/b8702bb0e538456e6efd07080bf2a4a2","name":"Lo viste en Los Pol\u00edticos","image":{"@type":"ImageObject","inLanguage":"es","@id":"https:\/\/secure.gravatar.com\/avatar\/3a8de04a2656d44082be478bd6c086daa447c4651605818287b9532d3d0bd435?s=96&d=mm&r=g","url":"https:\/\/secure.gravatar.com\/avatar\/3a8de04a2656d44082be478bd6c086daa447c4651605818287b9532d3d0bd435?s=96&d=mm&r=g","contentUrl":"https:\/\/secure.gravatar.com\/avatar\/3a8de04a2656d44082be478bd6c086daa447c4651605818287b9532d3d0bd435?s=96&d=mm&r=g","caption":"Lo viste en Los Pol\u00edticos"},"url":"https:\/\/lospoliticosveracruz.com\/?author=2"}]}},"_links":{"self":[{"href":"https:\/\/lospoliticosveracruz.com\/index.php?rest_route=\/wp\/v2\/posts\/161024","targetHints":{"allow":["GET"]}}],"collection":[{"href":"https:\/\/lospoliticosveracruz.com\/index.php?rest_route=\/wp\/v2\/posts"}],"about":[{"href":"https:\/\/lospoliticosveracruz.com\/index.php?rest_route=\/wp\/v2\/types\/post"}],"author":[{"embeddable":true,"href":"https:\/\/lospoliticosveracruz.com\/index.php?rest_route=\/wp\/v2\/users\/2"}],"replies":[{"embeddable":true,"href":"https:\/\/lospoliticosveracruz.com\/index.php?rest_route=%2Fwp%2Fv2%2Fcomments&post=161024"}],"version-history":[{"count":1,"href":"https:\/\/lospoliticosveracruz.com\/index.php?rest_route=\/wp\/v2\/posts\/161024\/revisions"}],"predecessor-version":[{"id":161027,"href":"https:\/\/lospoliticosveracruz.com\/index.php?rest_route=\/wp\/v2\/posts\/161024\/revisions\/161027"}],"wp:featuredmedia":[{"embeddable":true,"href":"https:\/\/lospoliticosveracruz.com\/index.php?rest_route=\/wp\/v2\/media\/161025"}],"wp:attachment":[{"href":"https:\/\/lospoliticosveracruz.com\/index.php?rest_route=%2Fwp%2Fv2%2Fmedia&parent=161024"}],"wp:term":[{"taxonomy":"category","embeddable":true,"href":"https:\/\/lospoliticosveracruz.com\/index.php?rest_route=%2Fwp%2Fv2%2Fcategories&post=161024"},{"taxonomy":"post_tag","embeddable":true,"href":"https:\/\/lospoliticosveracruz.com\/index.php?rest_route=%2Fwp%2Fv2%2Ftags&post=161024"}],"curies":[{"name":"wp","href":"https:\/\/api.w.org\/{rel}","templated":true}]}}