{"id":161028,"date":"2026-01-21T11:23:02","date_gmt":"2026-01-21T17:23:02","guid":{"rendered":"https:\/\/lospoliticosveracruz.com\/?p=161028"},"modified":"2026-01-21T11:23:03","modified_gmt":"2026-01-21T17:23:03","slug":"yeya-a-evaluacion","status":"publish","type":"post","link":"https:\/\/lospoliticosveracruz.com\/?p=161028","title":{"rendered":"YEYA, A EVALUACI\u00d3N!"},"content":{"rendered":"\n<p><strong>\u00c1ngeles Gonz\u00e1lez Ceballos&nbsp;<\/strong><\/p>\n\n\n\n<p>En 2025, la Fiscal\u00eda General del Estado atendi\u00f3 a 98 mil 449 mujeres que solicitaron informaci\u00f3n, seguimiento o intervenci\u00f3n ministerial por alg\u00fan tipo de violencia cometida en su contra.<\/p>\n\n\n\n<p>As\u00ed lo inform\u00f3 la fiscal general del Estado, Lisbeth Aurelia Jim\u00e9nez Aguirre, quien asever\u00f3 que derivado de ello, se iniciaron 18 mil 443 carpetas de investigaci\u00f3n por violencia familiar, sexual, de g\u00e9nero, contra la ni\u00f1ez, la familia y la trata de personas y determin\u00f3 16 mil 310.<\/p>\n\n\n\n<p>\u00abEsta fiscal\u00eda judicializ\u00f3 48 carpetas de investigaci\u00f3n por el delito de feminicidio y obtuvo 30 sentencias condenatorias, as\u00ed como la detenci\u00f3n de 46 personas.<\/p>\n\n\n\n<p>Asimismo, en el marco del Programa Alerta AMBER Veracruz, se emitieron 259 alertas y se desactivaron 200&#8243;, puntualiz\u00f3.<\/p>\n\n\n\n<p>Lisbeth Aurelia expres\u00f3 que 619 expedientes de Atenci\u00f3n Ciudadana en Materia Ind\u00edgena, realizaron 559 visitas a municipios y comunidades de su \u00e1mbito territorial.<\/p>\n\n\n\n<p>Detall\u00f3 que se efectuaron 12 visitas a centros penitenciarios, donde se brind\u00f3 orientaci\u00f3n jur\u00eddica a 260 personas privadas de la libertad que se reconocen como integrantes de alg\u00fan pueblo ind\u00edgena.&nbsp;<\/p>\n\n\n\n<p>De manera complementaria otorgaron 27 mil 141 asistencias jur\u00eddicas.<\/p>\n\n\n\n<p>En los procedimientos penales, las y los Fiscales Itinerantes brindaron un total de 46 mil 632 asistencias jur\u00eddicas a integrantes de pueblos y comunidades ind\u00edgenas.<\/p>\n\n\n\n<p>Finalmente, en el desempe\u00f1o de las carpetas de investigaci\u00f3n, afirm\u00f3 que determinaron 61 ejercicios de la acci\u00f3n penal y se obtuvieron 24 vinculaciones a proceso.<\/p>\n\n\n\n<p>Por otra parte, la Fiscal General inform\u00f3 que el Centro de Evaluaci\u00f3n y Control y Confianza evalu\u00f3 a 2 mil 318 personas y otorg\u00f3 713 Certificados \u00danicos Policiales al mismo n\u00famero de elementos de Polic\u00eda de Investigaci\u00f3n y anunci\u00f3 que ella ya est\u00e1 citada para presentar los respectivos ex\u00e1menes en el mes de febrero.<\/p>\n","protected":false},"excerpt":{"rendered":"<p>\u00c1ngeles Gonz\u00e1lez Ceballos&nbsp; En 2025, la Fiscal\u00eda General del Estado atendi\u00f3 a 98 mil 449 mujeres que solicitaron informaci\u00f3n, seguimiento o intervenci\u00f3n ministerial por alg\u00fan tipo de violencia cometida en su contra. As\u00ed lo inform\u00f3 la fiscal general del Estado, Lisbeth Aurelia Jim\u00e9nez Aguirre, quien asever\u00f3 que derivado de ello, se iniciaron 18 mil 443 [&hellip;]<\/p>\n","protected":false},"author":2,"featured_media":161026,"comment_status":"closed","ping_status":"closed","sticky":false,"template":"","format":"standard","meta":{"tdm_status":"","tdm_grid_status":"","footnotes":""},"categories":[6446],"tags":[51168,51167,51169,44490,51170,51166],"class_list":{"0":"post-161028","1":"post","2":"type-post","3":"status-publish","4":"format-standard","5":"has-post-thumbnail","7":"category-la-nota","8":"tag-alerta-amber-veracruz","9":"tag-evaluacion-fiscal-lisbeth-jimenez","10":"tag-feminicidio-sentencias-veracruz","11":"tag-fiscalia-general-del-estado-veracruz","12":"tag-seguridad-y-justicia-veracruz","13":"tag-violencia-contra-mujeres-veracruz"},"yoast_head":"<!-- This site is optimized with the Yoast SEO plugin v27.4 - https:\/\/yoast.com\/product\/yoast-seo-wordpress\/ -->\n<title>YEYA, A EVALUACI\u00d3N! - Los pol\u00edticos Veracruz<\/title>\n<meta name=\"robots\" content=\"index, follow, max-snippet:-1, max-image-preview:large, max-video-preview:-1\" \/>\n<link rel=\"canonical\" href=\"https:\/\/lospoliticosveracruz.com\/?p=161028\" \/>\n<meta property=\"og:locale\" content=\"es_ES\" \/>\n<meta property=\"og:type\" content=\"article\" \/>\n<meta property=\"og:title\" content=\"YEYA, A EVALUACI\u00d3N! - Los pol\u00edticos Veracruz\" \/>\n<meta property=\"og:description\" content=\"\u00c1ngeles Gonz\u00e1lez Ceballos&nbsp; En 2025, la Fiscal\u00eda General del Estado atendi\u00f3 a 98 mil 449 mujeres que solicitaron informaci\u00f3n, seguimiento o intervenci\u00f3n ministerial por alg\u00fan tipo de violencia cometida en su contra. As\u00ed lo inform\u00f3 la fiscal general del Estado, Lisbeth Aurelia Jim\u00e9nez Aguirre, quien asever\u00f3 que derivado de ello, se iniciaron 18 mil 443 [&hellip;]\" \/>\n<meta property=\"og:url\" content=\"https:\/\/lospoliticosveracruz.com\/?p=161028\" \/>\n<meta property=\"og:site_name\" content=\"Los pol\u00edticos Veracruz\" \/>\n<meta property=\"article:publisher\" content=\"https:\/\/www.facebook.com\/people\/Notimemes-de-los-Polticos\/61565672886568\/\" \/>\n<meta property=\"article:published_time\" content=\"2026-01-21T17:23:02+00:00\" \/>\n<meta property=\"article:modified_time\" content=\"2026-01-21T17:23:03+00:00\" \/>\n<meta property=\"og:image\" content=\"https:\/\/lospoliticosveracruz.com\/wp-content\/uploads\/2026\/01\/Lisbeth-Aurelia-Jimenez-Aguirre-1.jpg\" \/>\n\t<meta property=\"og:image:width\" content=\"600\" \/>\n\t<meta property=\"og:image:height\" content=\"320\" \/>\n\t<meta property=\"og:image:type\" content=\"image\/jpeg\" \/>\n<meta name=\"author\" content=\"Lo viste en Los Pol\u00edticos\" \/>\n<meta name=\"twitter:card\" content=\"summary_large_image\" \/>\n<meta name=\"twitter:creator\" content=\"@LosPoliticosVer\" \/>\n<meta name=\"twitter:site\" content=\"@LosPoliticosVer\" \/>\n<meta name=\"twitter:label1\" content=\"Escrito por\" \/>\n\t<meta name=\"twitter:data1\" content=\"Lo viste en Los Pol\u00edticos\" \/>\n\t<meta name=\"twitter:label2\" content=\"Tiempo de lectura\" \/>\n\t<meta name=\"twitter:data2\" content=\"2 minutos\" \/>\n<script type=\"application\/ld+json\" class=\"yoast-schema-graph\">{\"@context\":\"https:\\\/\\\/schema.org\",\"@graph\":[{\"@type\":\"Article\",\"@id\":\"https:\\\/\\\/lospoliticosveracruz.com\\\/?p=161028#article\",\"isPartOf\":{\"@id\":\"https:\\\/\\\/lospoliticosveracruz.com\\\/?p=161028\"},\"author\":{\"name\":\"Lo viste en Los Pol\u00edticos\",\"@id\":\"https:\\\/\\\/lospoliticosveracruz.com\\\/#\\\/schema\\\/person\\\/b8702bb0e538456e6efd07080bf2a4a2\"},\"headline\":\"YEYA, A EVALUACI\u00d3N!\",\"datePublished\":\"2026-01-21T17:23:02+00:00\",\"dateModified\":\"2026-01-21T17:23:03+00:00\",\"mainEntityOfPage\":{\"@id\":\"https:\\\/\\\/lospoliticosveracruz.com\\\/?p=161028\"},\"wordCount\":297,\"publisher\":{\"@id\":\"https:\\\/\\\/lospoliticosveracruz.com\\\/#organization\"},\"image\":{\"@id\":\"https:\\\/\\\/lospoliticosveracruz.com\\\/?p=161028#primaryimage\"},\"thumbnailUrl\":\"https:\\\/\\\/lospoliticosveracruz.com\\\/wp-content\\\/uploads\\\/2026\\\/01\\\/Lisbeth-Aurelia-Jimenez-Aguirre-1.jpg\",\"keywords\":[\"Alerta AMBER Veracruz\",\"evaluaci\u00f3n fiscal Lisbeth Jim\u00e9nez\",\"feminicidio sentencias Veracruz\",\"Fiscal\u00eda General del Estado Veracruz\",\"seguridad y justicia Veracruz\",\"violencia contra mujeres Veracruz\"],\"articleSection\":[\"La Nota\"],\"inLanguage\":\"es\"},{\"@type\":\"WebPage\",\"@id\":\"https:\\\/\\\/lospoliticosveracruz.com\\\/?p=161028\",\"url\":\"https:\\\/\\\/lospoliticosveracruz.com\\\/?p=161028\",\"name\":\"YEYA, A EVALUACI\u00d3N! - Los pol\u00edticos Veracruz\",\"isPartOf\":{\"@id\":\"https:\\\/\\\/lospoliticosveracruz.com\\\/#website\"},\"primaryImageOfPage\":{\"@id\":\"https:\\\/\\\/lospoliticosveracruz.com\\\/?p=161028#primaryimage\"},\"image\":{\"@id\":\"https:\\\/\\\/lospoliticosveracruz.com\\\/?p=161028#primaryimage\"},\"thumbnailUrl\":\"https:\\\/\\\/lospoliticosveracruz.com\\\/wp-content\\\/uploads\\\/2026\\\/01\\\/Lisbeth-Aurelia-Jimenez-Aguirre-1.jpg\",\"datePublished\":\"2026-01-21T17:23:02+00:00\",\"dateModified\":\"2026-01-21T17:23:03+00:00\",\"breadcrumb\":{\"@id\":\"https:\\\/\\\/lospoliticosveracruz.com\\\/?p=161028#breadcrumb\"},\"inLanguage\":\"es\",\"potentialAction\":[{\"@type\":\"ReadAction\",\"target\":[\"https:\\\/\\\/lospoliticosveracruz.com\\\/?p=161028\"]}]},{\"@type\":\"ImageObject\",\"inLanguage\":\"es\",\"@id\":\"https:\\\/\\\/lospoliticosveracruz.com\\\/?p=161028#primaryimage\",\"url\":\"https:\\\/\\\/lospoliticosveracruz.com\\\/wp-content\\\/uploads\\\/2026\\\/01\\\/Lisbeth-Aurelia-Jimenez-Aguirre-1.jpg\",\"contentUrl\":\"https:\\\/\\\/lospoliticosveracruz.com\\\/wp-content\\\/uploads\\\/2026\\\/01\\\/Lisbeth-Aurelia-Jimenez-Aguirre-1.jpg\",\"width\":600,\"height\":320},{\"@type\":\"BreadcrumbList\",\"@id\":\"https:\\\/\\\/lospoliticosveracruz.com\\\/?p=161028#breadcrumb\",\"itemListElement\":[{\"@type\":\"ListItem\",\"position\":1,\"name\":\"Portada\",\"item\":\"https:\\\/\\\/lospoliticosveracruz.com\\\/\"},{\"@type\":\"ListItem\",\"position\":2,\"name\":\"YEYA, A EVALUACI\u00d3N!\"}]},{\"@type\":\"WebSite\",\"@id\":\"https:\\\/\\\/lospoliticosveracruz.com\\\/#website\",\"url\":\"https:\\\/\\\/lospoliticosveracruz.com\\\/\",\"name\":\"Los pol\u00edticos Veracruz\",\"description\":\"\",\"publisher\":{\"@id\":\"https:\\\/\\\/lospoliticosveracruz.com\\\/#organization\"},\"potentialAction\":[{\"@type\":\"SearchAction\",\"target\":{\"@type\":\"EntryPoint\",\"urlTemplate\":\"https:\\\/\\\/lospoliticosveracruz.com\\\/?s={search_term_string}\"},\"query-input\":{\"@type\":\"PropertyValueSpecification\",\"valueRequired\":true,\"valueName\":\"search_term_string\"}}],\"inLanguage\":\"es\"},{\"@type\":\"Organization\",\"@id\":\"https:\\\/\\\/lospoliticosveracruz.com\\\/#organization\",\"name\":\"Los pol\u00edticos Veracruz\",\"url\":\"https:\\\/\\\/lospoliticosveracruz.com\\\/\",\"logo\":{\"@type\":\"ImageObject\",\"inLanguage\":\"es\",\"@id\":\"https:\\\/\\\/lospoliticosveracruz.com\\\/#\\\/schema\\\/logo\\\/image\\\/\",\"url\":\"https:\\\/\\\/lospoliticosveracruz.com\\\/wp-content\\\/uploads\\\/2025\\\/12\\\/Logo-Nuevo-LOS-POLITICOS-1.jpg\",\"contentUrl\":\"https:\\\/\\\/lospoliticosveracruz.com\\\/wp-content\\\/uploads\\\/2025\\\/12\\\/Logo-Nuevo-LOS-POLITICOS-1.jpg\",\"width\":260,\"height\":70,\"caption\":\"Los pol\u00edticos Veracruz\"},\"image\":{\"@id\":\"https:\\\/\\\/lospoliticosveracruz.com\\\/#\\\/schema\\\/logo\\\/image\\\/\"},\"sameAs\":[\"https:\\\/\\\/www.facebook.com\\\/people\\\/Notimemes-de-los-Polticos\\\/61565672886568\\\/\",\"https:\\\/\\\/x.com\\\/LosPoliticosVer\"]},{\"@type\":\"Person\",\"@id\":\"https:\\\/\\\/lospoliticosveracruz.com\\\/#\\\/schema\\\/person\\\/b8702bb0e538456e6efd07080bf2a4a2\",\"name\":\"Lo viste en Los Pol\u00edticos\",\"image\":{\"@type\":\"ImageObject\",\"inLanguage\":\"es\",\"@id\":\"https:\\\/\\\/secure.gravatar.com\\\/avatar\\\/3a8de04a2656d44082be478bd6c086daa447c4651605818287b9532d3d0bd435?s=96&d=mm&r=g\",\"url\":\"https:\\\/\\\/secure.gravatar.com\\\/avatar\\\/3a8de04a2656d44082be478bd6c086daa447c4651605818287b9532d3d0bd435?s=96&d=mm&r=g\",\"contentUrl\":\"https:\\\/\\\/secure.gravatar.com\\\/avatar\\\/3a8de04a2656d44082be478bd6c086daa447c4651605818287b9532d3d0bd435?s=96&d=mm&r=g\",\"caption\":\"Lo viste en Los Pol\u00edticos\"},\"url\":\"https:\\\/\\\/lospoliticosveracruz.com\\\/?author=2\"}]}<\/script>\n<!-- \/ Yoast SEO plugin. -->","yoast_head_json":{"title":"YEYA, A EVALUACI\u00d3N! - Los pol\u00edticos Veracruz","robots":{"index":"index","follow":"follow","max-snippet":"max-snippet:-1","max-image-preview":"max-image-preview:large","max-video-preview":"max-video-preview:-1"},"canonical":"https:\/\/lospoliticosveracruz.com\/?p=161028","og_locale":"es_ES","og_type":"article","og_title":"YEYA, A EVALUACI\u00d3N! - Los pol\u00edticos Veracruz","og_description":"\u00c1ngeles Gonz\u00e1lez Ceballos&nbsp; En 2025, la Fiscal\u00eda General del Estado atendi\u00f3 a 98 mil 449 mujeres que solicitaron informaci\u00f3n, seguimiento o intervenci\u00f3n ministerial por alg\u00fan tipo de violencia cometida en su contra. As\u00ed lo inform\u00f3 la fiscal general del Estado, Lisbeth Aurelia Jim\u00e9nez Aguirre, quien asever\u00f3 que derivado de ello, se iniciaron 18 mil 443 [&hellip;]","og_url":"https:\/\/lospoliticosveracruz.com\/?p=161028","og_site_name":"Los pol\u00edticos Veracruz","article_publisher":"https:\/\/www.facebook.com\/people\/Notimemes-de-los-Polticos\/61565672886568\/","article_published_time":"2026-01-21T17:23:02+00:00","article_modified_time":"2026-01-21T17:23:03+00:00","og_image":[{"width":600,"height":320,"url":"https:\/\/lospoliticosveracruz.com\/wp-content\/uploads\/2026\/01\/Lisbeth-Aurelia-Jimenez-Aguirre-1.jpg","type":"image\/jpeg"}],"author":"Lo viste en Los Pol\u00edticos","twitter_card":"summary_large_image","twitter_creator":"@LosPoliticosVer","twitter_site":"@LosPoliticosVer","twitter_misc":{"Escrito por":"Lo viste en Los Pol\u00edticos","Tiempo de lectura":"2 minutos"},"schema":{"@context":"https:\/\/schema.org","@graph":[{"@type":"Article","@id":"https:\/\/lospoliticosveracruz.com\/?p=161028#article","isPartOf":{"@id":"https:\/\/lospoliticosveracruz.com\/?p=161028"},"author":{"name":"Lo viste en Los Pol\u00edticos","@id":"https:\/\/lospoliticosveracruz.com\/#\/schema\/person\/b8702bb0e538456e6efd07080bf2a4a2"},"headline":"YEYA, A EVALUACI\u00d3N!","datePublished":"2026-01-21T17:23:02+00:00","dateModified":"2026-01-21T17:23:03+00:00","mainEntityOfPage":{"@id":"https:\/\/lospoliticosveracruz.com\/?p=161028"},"wordCount":297,"publisher":{"@id":"https:\/\/lospoliticosveracruz.com\/#organization"},"image":{"@id":"https:\/\/lospoliticosveracruz.com\/?p=161028#primaryimage"},"thumbnailUrl":"https:\/\/lospoliticosveracruz.com\/wp-content\/uploads\/2026\/01\/Lisbeth-Aurelia-Jimenez-Aguirre-1.jpg","keywords":["Alerta AMBER Veracruz","evaluaci\u00f3n fiscal Lisbeth Jim\u00e9nez","feminicidio sentencias Veracruz","Fiscal\u00eda General del Estado Veracruz","seguridad y justicia Veracruz","violencia contra mujeres Veracruz"],"articleSection":["La Nota"],"inLanguage":"es"},{"@type":"WebPage","@id":"https:\/\/lospoliticosveracruz.com\/?p=161028","url":"https:\/\/lospoliticosveracruz.com\/?p=161028","name":"YEYA, A EVALUACI\u00d3N! - Los pol\u00edticos Veracruz","isPartOf":{"@id":"https:\/\/lospoliticosveracruz.com\/#website"},"primaryImageOfPage":{"@id":"https:\/\/lospoliticosveracruz.com\/?p=161028#primaryimage"},"image":{"@id":"https:\/\/lospoliticosveracruz.com\/?p=161028#primaryimage"},"thumbnailUrl":"https:\/\/lospoliticosveracruz.com\/wp-content\/uploads\/2026\/01\/Lisbeth-Aurelia-Jimenez-Aguirre-1.jpg","datePublished":"2026-01-21T17:23:02+00:00","dateModified":"2026-01-21T17:23:03+00:00","breadcrumb":{"@id":"https:\/\/lospoliticosveracruz.com\/?p=161028#breadcrumb"},"inLanguage":"es","potentialAction":[{"@type":"ReadAction","target":["https:\/\/lospoliticosveracruz.com\/?p=161028"]}]},{"@type":"ImageObject","inLanguage":"es","@id":"https:\/\/lospoliticosveracruz.com\/?p=161028#primaryimage","url":"https:\/\/lospoliticosveracruz.com\/wp-content\/uploads\/2026\/01\/Lisbeth-Aurelia-Jimenez-Aguirre-1.jpg","contentUrl":"https:\/\/lospoliticosveracruz.com\/wp-content\/uploads\/2026\/01\/Lisbeth-Aurelia-Jimenez-Aguirre-1.jpg","width":600,"height":320},{"@type":"BreadcrumbList","@id":"https:\/\/lospoliticosveracruz.com\/?p=161028#breadcrumb","itemListElement":[{"@type":"ListItem","position":1,"name":"Portada","item":"https:\/\/lospoliticosveracruz.com\/"},{"@type":"ListItem","position":2,"name":"YEYA, A EVALUACI\u00d3N!"}]},{"@type":"WebSite","@id":"https:\/\/lospoliticosveracruz.com\/#website","url":"https:\/\/lospoliticosveracruz.com\/","name":"Los pol\u00edticos Veracruz","description":"","publisher":{"@id":"https:\/\/lospoliticosveracruz.com\/#organization"},"potentialAction":[{"@type":"SearchAction","target":{"@type":"EntryPoint","urlTemplate":"https:\/\/lospoliticosveracruz.com\/?s={search_term_string}"},"query-input":{"@type":"PropertyValueSpecification","valueRequired":true,"valueName":"search_term_string"}}],"inLanguage":"es"},{"@type":"Organization","@id":"https:\/\/lospoliticosveracruz.com\/#organization","name":"Los pol\u00edticos Veracruz","url":"https:\/\/lospoliticosveracruz.com\/","logo":{"@type":"ImageObject","inLanguage":"es","@id":"https:\/\/lospoliticosveracruz.com\/#\/schema\/logo\/image\/","url":"https:\/\/lospoliticosveracruz.com\/wp-content\/uploads\/2025\/12\/Logo-Nuevo-LOS-POLITICOS-1.jpg","contentUrl":"https:\/\/lospoliticosveracruz.com\/wp-content\/uploads\/2025\/12\/Logo-Nuevo-LOS-POLITICOS-1.jpg","width":260,"height":70,"caption":"Los pol\u00edticos Veracruz"},"image":{"@id":"https:\/\/lospoliticosveracruz.com\/#\/schema\/logo\/image\/"},"sameAs":["https:\/\/www.facebook.com\/people\/Notimemes-de-los-Polticos\/61565672886568\/","https:\/\/x.com\/LosPoliticosVer"]},{"@type":"Person","@id":"https:\/\/lospoliticosveracruz.com\/#\/schema\/person\/b8702bb0e538456e6efd07080bf2a4a2","name":"Lo viste en Los Pol\u00edticos","image":{"@type":"ImageObject","inLanguage":"es","@id":"https:\/\/secure.gravatar.com\/avatar\/3a8de04a2656d44082be478bd6c086daa447c4651605818287b9532d3d0bd435?s=96&d=mm&r=g","url":"https:\/\/secure.gravatar.com\/avatar\/3a8de04a2656d44082be478bd6c086daa447c4651605818287b9532d3d0bd435?s=96&d=mm&r=g","contentUrl":"https:\/\/secure.gravatar.com\/avatar\/3a8de04a2656d44082be478bd6c086daa447c4651605818287b9532d3d0bd435?s=96&d=mm&r=g","caption":"Lo viste en Los Pol\u00edticos"},"url":"https:\/\/lospoliticosveracruz.com\/?author=2"}]}},"_links":{"self":[{"href":"https:\/\/lospoliticosveracruz.com\/index.php?rest_route=\/wp\/v2\/posts\/161028","targetHints":{"allow":["GET"]}}],"collection":[{"href":"https:\/\/lospoliticosveracruz.com\/index.php?rest_route=\/wp\/v2\/posts"}],"about":[{"href":"https:\/\/lospoliticosveracruz.com\/index.php?rest_route=\/wp\/v2\/types\/post"}],"author":[{"embeddable":true,"href":"https:\/\/lospoliticosveracruz.com\/index.php?rest_route=\/wp\/v2\/users\/2"}],"replies":[{"embeddable":true,"href":"https:\/\/lospoliticosveracruz.com\/index.php?rest_route=%2Fwp%2Fv2%2Fcomments&post=161028"}],"version-history":[{"count":1,"href":"https:\/\/lospoliticosveracruz.com\/index.php?rest_route=\/wp\/v2\/posts\/161028\/revisions"}],"predecessor-version":[{"id":161029,"href":"https:\/\/lospoliticosveracruz.com\/index.php?rest_route=\/wp\/v2\/posts\/161028\/revisions\/161029"}],"wp:featuredmedia":[{"embeddable":true,"href":"https:\/\/lospoliticosveracruz.com\/index.php?rest_route=\/wp\/v2\/media\/161026"}],"wp:attachment":[{"href":"https:\/\/lospoliticosveracruz.com\/index.php?rest_route=%2Fwp%2Fv2%2Fmedia&parent=161028"}],"wp:term":[{"taxonomy":"category","embeddable":true,"href":"https:\/\/lospoliticosveracruz.com\/index.php?rest_route=%2Fwp%2Fv2%2Fcategories&post=161028"},{"taxonomy":"post_tag","embeddable":true,"href":"https:\/\/lospoliticosveracruz.com\/index.php?rest_route=%2Fwp%2Fv2%2Ftags&post=161028"}],"curies":[{"name":"wp","href":"https:\/\/api.w.org\/{rel}","templated":true}]}}