{"id":161113,"date":"2026-01-21T20:22:23","date_gmt":"2026-01-22T02:22:23","guid":{"rendered":"https:\/\/lospoliticosveracruz.com\/?p=161113"},"modified":"2026-01-21T20:22:24","modified_gmt":"2026-01-22T02:22:24","slug":"el-show-de-lerdo","status":"publish","type":"post","link":"https:\/\/lospoliticosveracruz.com\/?p=161113","title":{"rendered":"EL SHOW DE LERDO"},"content":{"rendered":"\n<p>S\u00edguenos ahora tambi\u00e9n en WhatsApp.\u00a0\u00a1<a href=\"https:\/\/whatsapp.com\/channel\/0029Va8zRWlEKyZIP3Z1dF0e\"><strong>Da clic aqu\u00ed<\/strong><\/a><strong>!<\/strong><\/p>\n\n\n\n<p><strong>Rub\u00e9n Morales Aburto<\/strong><\/p>\n\n\n\n<p><em>El Poder y La Pasi\u00f3n<br><\/em><\/p>\n\n\n\n<p><strong>Zuuuuuucuuuuu<\/strong><br>Que ya dio a conocer el diputado presidente de la <strong>Junta de Coordinaci\u00f3n Pol\u00edtica (JUCOPO)<\/strong>, del <strong>Congreso veracruzano<\/strong>, el <strong>Profe. Esteban Hern\u00e1ndez Bautista<\/strong>, el veredicto final de la \u201cNovela\u201d en <strong>Lerdo de Tejada, Ver.<\/strong>, asegur\u00f3 que si llamar\u00e1n a la alcaldesa <strong>Flor Mar\u00eda Sosa Zamudio<\/strong> y a su s\u00edndico luego del show de amenazas y acusaciones que protagonizaron, por no querer aclarar y o responder temas obligados.<\/p>\n\n\n\n\n\n<p><strong>Zuuuucuuu 2<\/strong><\/p>\n\n\n\n<p>Es que, <strong>Johard Cruz Delf\u00edn<\/strong>, sindico \u00danico del ayuntamiento de <strong>Lerdo de Tejada, Ver.<\/strong>, rechaz\u00f3 p\u00fablicamente haber tenido un altercado con la presidente municipal, <strong>Flor Mar\u00eda Sosa Zamudio<\/strong>, se\u00f1alando que fue todo lo contrario, pues el agredido y amenazado presuntamente de muerte, fue \u00e9l, por el hijo de la alcaldesa, el exalcalde <strong>Fabi\u00e1n C\u00e1rdenas Sosa<\/strong>, quien no sale de la presidencia. Es m\u00e1s que es Fabi\u00e1n, el que manda y dispone presuntamente.<\/p>\n\n\n\n<p><strong>Aaaa jiiiiiijuuuueeeelaaa!!!<\/strong><\/p>\n\n\n\n<p>Acusa el <strong>Partido del Trabajo (PT)<\/strong>, que el hijo de la alcaldesa de <strong>Lerdo de Tejada, Ver.<\/strong>, ejerce el control de esa administraci\u00f3n municipal, su S\u00edndico \u00danico ya anunci\u00f3 interponer una respectiva denuncia ante la <strong>Fiscal\u00eda<\/strong> por agresiones y presuntas amenazas de muerte.<\/p>\n\n\n\n<p><strong>Magn\u00edfico dijo El Rey<\/strong><\/p>\n\n\n\n<p>Entr\u00f3 ya en operaciones la subestaci\u00f3n de <strong>Bomberos Xalape\u00f1os<\/strong>, en el vecino municipio de <strong>Banderilla, Ver.<\/strong>, ya se sabe que con esta pol\u00edtica p\u00fablica, los traga humo, mejoran los tiempos de respuesta en la regi\u00f3n norte de la capital y municipios conurbados.<\/p>\n\n\n\n<p><strong>Hijo de su qu\u00e9 barbaridad<\/strong><\/p>\n\n\n\n<p><strong>Mar\u00eda de Los \u00c1ngeles Caballero Solorzano<\/strong>, Sindica del ayuntamiento de <strong>Vega de Alatorre, Ver.<\/strong>, acusa al alcalde, <strong>Felipe Mata Barradas<\/strong>, del (<strong>PT<\/strong>), de impedirle tomar posesi\u00f3n, a pesar de haber rendido protesta desde el pasado 31 de diciembre. Adem\u00e1s de presuntamente esconderle las llaves de su oficina. A b\u00e1rbaro?.<\/p>\n\n\n\n<p><strong>Travesurillas del Poblano secre de SEFIPLAN<\/strong><\/p>\n\n\n\n<p>Se\u00f1alaremos algunos problemas en materia de pagos a empleados y funcionarios:<br>En la <strong>UPAV<\/strong>, a docentes y administrativos a los que quieren poner a trabajar sin sueldo tres meses.<br>En la <strong>Secretar\u00eda de Salud<\/strong>, el bono navide\u00f1o y primera quincena de enero no le hab\u00eda llegado, ya les lleg\u00f3.<br>El <strong>Fondo de Futuro de la Sedecop<\/strong>, primera quincena de enero, no les hab\u00eda llegado, ya les cay\u00f3.<br>En el <strong>IPAX<\/strong>, igual la primera quincena de enero y horas extras, no les cay\u00f3 a tiempo.<br>De qu\u00e9 se trata?.<\/p>\n\n\n\n<p><strong>C\u00f3mo se llam\u00f3 la obra?<\/strong><\/p>\n\n\n\n<p>Acto n\u00famero uno, en diciembre del a\u00f1o pasado, llega una fragata norteamericana a <strong>San Juan de L\u00faa<\/strong>, procedente de los <strong>Estados Unidos<\/strong>.<\/p>\n\n\n\n<p>Acto n\u00famero dos, aterriza un avi\u00f3n H\u00e9rcules con personal de E. U., en el aeropuerto de <strong>Toluca<\/strong>, y \u00fanicamente se sabe que es para capacitaci\u00f3n. Luego se supo que se llevaron presos al gringo.<\/p>\n\n\n\n<p><strong>El Zen se desmarca del tema UPAV<\/strong><\/p>\n\n\n\n<p>Con la novedad de que exsecretario de Educaci\u00f3n de Veracruz durante el gobierno de <strong>Cuitl\u00e1huac Garc\u00eda<\/strong>, hoy diputado federal, <strong>Zenyazen Escobar Garc\u00eda<\/strong>, sobre la pol\u00e9mica en torno a la <strong>Universidad Popular Aut\u00f3noma de Veracruz (UPAV)<\/strong>, se deslind\u00f3 de las presuntas irregularidades en el manejo de recursos. Qu\u00e9 son muchos.<\/p>\n\n\n\n<p><strong>Mmmmmmmm<\/strong><\/p>\n\n\n\n<p>Trabajadores administrativos de la <strong>UPAV<\/strong> ya exigen el pago de adeudos y piden intervenci\u00f3n del <strong>Gobierno del Estado de Veracruz<\/strong>.<\/p>\n\n\n\n<p><strong>Lo bueno de lo malo<\/strong><\/p>\n\n\n\n<p>Saber qu\u00e9 el actual Gobierno de Veracruz, ya interviene la <strong>UPAV<\/strong> luego de detectar irregularidades, con esto dicen garantizar continuidad acad\u00e9mica y pagos a docentes.<\/p>\n\n\n\n<p><strong>La catedral Xalape\u00f1a<\/strong><\/p>\n\n\n\n<p>Celebra la <strong>Iglesia cat\u00f3lica<\/strong> los trabajos de embellecimiento del <strong>Centro Hist\u00f3rico de Xalapa<\/strong>, que incluye la pintada de <strong>Catedral<\/strong>, con color, \u201cLana Cruda\u201d y con vivos en tono \u201cBeso de Angel\u201d.<\/p>\n\n\n\n<p><strong>Centro hist\u00f3rico como el zacatecano<\/strong><\/p>\n\n\n\n<p>Las malas lenguas viperinas, aseguran que el la <strong>T\u00eda Ch\u00edo<\/strong>, la interesada de que se parezca el Centro Hist\u00f3rico xalape\u00f1o, al <strong>Centro Hist\u00f3rico de Zacatecas<\/strong>, ser\u00e1?.<\/p>\n\n\n\n<p><strong>Aajaaaaaa<\/strong><\/p>\n\n\n\n<p>Qu\u00e9 ahora el movimiento <strong>Morena<\/strong>, ya aseguran gobernar ya al 64% de la poblaci\u00f3n veracruzana, tras la suma (robo) de alcaldes de otros partidos, as\u00ed es como este movimiento presume territorio, pero el reto ahora es sostener el control pol\u00edtico rumbo a 2027. Ah\u00ed est\u00e1 el detalle chato.<\/p>\n\n\n\n<p><strong>En el Higo, Ver.<\/strong><\/p>\n\n\n\n<p>La nueva administraci\u00f3n a cargo de <strong>Juana Ma. Martinez (PT)<\/strong>, dicen que ya denunci\u00f3 ante la <strong>Fiscal\u00eda General del Estado (FGE)<\/strong>, al anterior alcalde <strong>Victor de la Garza<\/strong>, porque dejo el ayuntamiento hecho un desastre, como ejemplo la falta de informaci\u00f3n t\u00e9cnica, financiera y administrativa. Que tal?.<\/p>\n\n\n\n<p><strong>Aaaaaacoooooo???<\/strong><\/p>\n\n\n\n<p>De plano el <strong>Partido Verde Ecologista de M\u00e9xico (PVEM)<\/strong>, ya lanz\u00f3 un mensaje inc\u00f3modo en el <strong>Senado de la Rep\u00fablica<\/strong>, ya que no reconoce a <strong>Ad\u00e1n Augusto L\u00f3pez<\/strong> como interlocutor para la reforma electoral. Sin romper la alianza, el Verde exige trato de par y negociaci\u00f3n directa, elevando la conversaci\u00f3n hacia <strong>Gobernaci\u00f3n<\/strong> o la <strong>Presidencia<\/strong>. As\u00ed de claro.<\/p>\n\n\n\n<p><strong>Chingaloooooo<\/strong><\/p>\n\n\n\n<p>Qu\u00e9 un ex alcalde del distrito de <strong>Perote, Ver.<\/strong>, ya hizo entrega evidencia de pagos en efectivo y dep\u00f3sitos a empresas constructoras, la cuales se presume que son presuntamente fantasmas. Y quien creen que es el due\u00f1o de las empresas?.<\/p>\n","protected":false},"excerpt":{"rendered":"<p>Rub\u00e9n Morales Aburto El Poder y La Pasi\u00f3n ZuuuuuucuuuuuQue ya dio a conocer el diputado presidente de la Junta de Coordinaci\u00f3n Pol\u00edtica (JUCOPO), del Congreso veracruzano, el Profe. Esteban Hern\u00e1ndez Bautista, el veredicto final de la \u201cNovela\u201d en Lerdo de Tejada, Ver., asegur\u00f3 que si llamar\u00e1n a la alcaldesa Flor Mar\u00eda Sosa Zamudio y a [&hellip;]<\/p>\n","protected":false},"author":2,"featured_media":143902,"comment_status":"closed","ping_status":"closed","sticky":false,"template":"","format":"standard","meta":{"tdm_status":"","tdm_grid_status":"","footnotes":""},"categories":[70],"tags":[51296,1780,25035,51294,51295,47558],"class_list":{"0":"post-161113","1":"post","2":"type-post","3":"status-publish","4":"format-standard","5":"has-post-thumbnail","7":"category-de-opinion","8":"tag-jucopo-congreso","9":"tag-lerdo-de-tejada","10":"tag-morena-veracruz","11":"tag-ruben-morales","12":"tag-upav-irregularidades","13":"tag-veracruz-politica"},"yoast_head":"<!-- This site is optimized with the Yoast SEO plugin v27.4 - https:\/\/yoast.com\/product\/yoast-seo-wordpress\/ -->\n<title>EL SHOW DE LERDO - Los pol\u00edticos Veracruz<\/title>\n<meta name=\"robots\" content=\"index, follow, max-snippet:-1, max-image-preview:large, max-video-preview:-1\" \/>\n<link rel=\"canonical\" href=\"https:\/\/lospoliticosveracruz.com\/?p=161113\" \/>\n<meta property=\"og:locale\" content=\"es_ES\" \/>\n<meta property=\"og:type\" content=\"article\" \/>\n<meta property=\"og:title\" content=\"EL SHOW DE LERDO - Los pol\u00edticos Veracruz\" \/>\n<meta property=\"og:description\" content=\"Rub\u00e9n Morales Aburto El Poder y La Pasi\u00f3n ZuuuuuucuuuuuQue ya dio a conocer el diputado presidente de la Junta de Coordinaci\u00f3n Pol\u00edtica (JUCOPO), del Congreso veracruzano, el Profe. Esteban Hern\u00e1ndez Bautista, el veredicto final de la \u201cNovela\u201d en Lerdo de Tejada, Ver., asegur\u00f3 que si llamar\u00e1n a la alcaldesa Flor Mar\u00eda Sosa Zamudio y a [&hellip;]\" \/>\n<meta property=\"og:url\" content=\"https:\/\/lospoliticosveracruz.com\/?p=161113\" \/>\n<meta property=\"og:site_name\" content=\"Los pol\u00edticos Veracruz\" \/>\n<meta property=\"article:publisher\" content=\"https:\/\/www.facebook.com\/people\/Notimemes-de-los-Polticos\/61565672886568\/\" \/>\n<meta property=\"article:published_time\" content=\"2026-01-22T02:22:23+00:00\" \/>\n<meta property=\"article:modified_time\" content=\"2026-01-22T02:22:24+00:00\" \/>\n<meta property=\"og:image\" content=\"https:\/\/lospoliticosveracruz.com\/wp-content\/uploads\/2025\/05\/Ruben-Morales-Aburto.jpg\" \/>\n\t<meta property=\"og:image:width\" content=\"1000\" \/>\n\t<meta property=\"og:image:height\" content=\"533\" \/>\n\t<meta property=\"og:image:type\" content=\"image\/jpeg\" \/>\n<meta name=\"author\" content=\"Lo viste en Los Pol\u00edticos\" \/>\n<meta name=\"twitter:card\" content=\"summary_large_image\" \/>\n<meta name=\"twitter:creator\" content=\"@LosPoliticosVer\" \/>\n<meta name=\"twitter:site\" content=\"@LosPoliticosVer\" \/>\n<meta name=\"twitter:label1\" content=\"Escrito por\" \/>\n\t<meta name=\"twitter:data1\" content=\"Lo viste en Los Pol\u00edticos\" \/>\n\t<meta name=\"twitter:label2\" content=\"Tiempo de lectura\" \/>\n\t<meta name=\"twitter:data2\" content=\"5 minutos\" \/>\n<script type=\"application\/ld+json\" class=\"yoast-schema-graph\">{\"@context\":\"https:\\\/\\\/schema.org\",\"@graph\":[{\"@type\":\"Article\",\"@id\":\"https:\\\/\\\/lospoliticosveracruz.com\\\/?p=161113#article\",\"isPartOf\":{\"@id\":\"https:\\\/\\\/lospoliticosveracruz.com\\\/?p=161113\"},\"author\":{\"name\":\"Lo viste en Los Pol\u00edticos\",\"@id\":\"https:\\\/\\\/lospoliticosveracruz.com\\\/#\\\/schema\\\/person\\\/b8702bb0e538456e6efd07080bf2a4a2\"},\"headline\":\"EL SHOW DE LERDO\",\"datePublished\":\"2026-01-22T02:22:23+00:00\",\"dateModified\":\"2026-01-22T02:22:24+00:00\",\"mainEntityOfPage\":{\"@id\":\"https:\\\/\\\/lospoliticosveracruz.com\\\/?p=161113\"},\"wordCount\":897,\"publisher\":{\"@id\":\"https:\\\/\\\/lospoliticosveracruz.com\\\/#organization\"},\"image\":{\"@id\":\"https:\\\/\\\/lospoliticosveracruz.com\\\/?p=161113#primaryimage\"},\"thumbnailUrl\":\"https:\\\/\\\/lospoliticosveracruz.com\\\/wp-content\\\/uploads\\\/2025\\\/05\\\/Ruben-Morales-Aburto.jpg\",\"keywords\":[\"JUCOPO Congreso\",\"Lerdo de Tejada\",\"Morena Veracruz\",\"Rub\u00e9n Morales\",\"UPAV irregularidades\",\"Veracruz pol\u00edtica\"],\"articleSection\":[\"De Opini\u00f3n\"],\"inLanguage\":\"es\"},{\"@type\":\"WebPage\",\"@id\":\"https:\\\/\\\/lospoliticosveracruz.com\\\/?p=161113\",\"url\":\"https:\\\/\\\/lospoliticosveracruz.com\\\/?p=161113\",\"name\":\"EL SHOW DE LERDO - Los pol\u00edticos Veracruz\",\"isPartOf\":{\"@id\":\"https:\\\/\\\/lospoliticosveracruz.com\\\/#website\"},\"primaryImageOfPage\":{\"@id\":\"https:\\\/\\\/lospoliticosveracruz.com\\\/?p=161113#primaryimage\"},\"image\":{\"@id\":\"https:\\\/\\\/lospoliticosveracruz.com\\\/?p=161113#primaryimage\"},\"thumbnailUrl\":\"https:\\\/\\\/lospoliticosveracruz.com\\\/wp-content\\\/uploads\\\/2025\\\/05\\\/Ruben-Morales-Aburto.jpg\",\"datePublished\":\"2026-01-22T02:22:23+00:00\",\"dateModified\":\"2026-01-22T02:22:24+00:00\",\"breadcrumb\":{\"@id\":\"https:\\\/\\\/lospoliticosveracruz.com\\\/?p=161113#breadcrumb\"},\"inLanguage\":\"es\",\"potentialAction\":[{\"@type\":\"ReadAction\",\"target\":[\"https:\\\/\\\/lospoliticosveracruz.com\\\/?p=161113\"]}]},{\"@type\":\"ImageObject\",\"inLanguage\":\"es\",\"@id\":\"https:\\\/\\\/lospoliticosveracruz.com\\\/?p=161113#primaryimage\",\"url\":\"https:\\\/\\\/lospoliticosveracruz.com\\\/wp-content\\\/uploads\\\/2025\\\/05\\\/Ruben-Morales-Aburto.jpg\",\"contentUrl\":\"https:\\\/\\\/lospoliticosveracruz.com\\\/wp-content\\\/uploads\\\/2025\\\/05\\\/Ruben-Morales-Aburto.jpg\",\"width\":1000,\"height\":533},{\"@type\":\"BreadcrumbList\",\"@id\":\"https:\\\/\\\/lospoliticosveracruz.com\\\/?p=161113#breadcrumb\",\"itemListElement\":[{\"@type\":\"ListItem\",\"position\":1,\"name\":\"Portada\",\"item\":\"https:\\\/\\\/lospoliticosveracruz.com\\\/\"},{\"@type\":\"ListItem\",\"position\":2,\"name\":\"EL SHOW DE LERDO\"}]},{\"@type\":\"WebSite\",\"@id\":\"https:\\\/\\\/lospoliticosveracruz.com\\\/#website\",\"url\":\"https:\\\/\\\/lospoliticosveracruz.com\\\/\",\"name\":\"Los pol\u00edticos Veracruz\",\"description\":\"\",\"publisher\":{\"@id\":\"https:\\\/\\\/lospoliticosveracruz.com\\\/#organization\"},\"potentialAction\":[{\"@type\":\"SearchAction\",\"target\":{\"@type\":\"EntryPoint\",\"urlTemplate\":\"https:\\\/\\\/lospoliticosveracruz.com\\\/?s={search_term_string}\"},\"query-input\":{\"@type\":\"PropertyValueSpecification\",\"valueRequired\":true,\"valueName\":\"search_term_string\"}}],\"inLanguage\":\"es\"},{\"@type\":\"Organization\",\"@id\":\"https:\\\/\\\/lospoliticosveracruz.com\\\/#organization\",\"name\":\"Los pol\u00edticos Veracruz\",\"url\":\"https:\\\/\\\/lospoliticosveracruz.com\\\/\",\"logo\":{\"@type\":\"ImageObject\",\"inLanguage\":\"es\",\"@id\":\"https:\\\/\\\/lospoliticosveracruz.com\\\/#\\\/schema\\\/logo\\\/image\\\/\",\"url\":\"https:\\\/\\\/lospoliticosveracruz.com\\\/wp-content\\\/uploads\\\/2025\\\/12\\\/Logo-Nuevo-LOS-POLITICOS-1.jpg\",\"contentUrl\":\"https:\\\/\\\/lospoliticosveracruz.com\\\/wp-content\\\/uploads\\\/2025\\\/12\\\/Logo-Nuevo-LOS-POLITICOS-1.jpg\",\"width\":260,\"height\":70,\"caption\":\"Los pol\u00edticos Veracruz\"},\"image\":{\"@id\":\"https:\\\/\\\/lospoliticosveracruz.com\\\/#\\\/schema\\\/logo\\\/image\\\/\"},\"sameAs\":[\"https:\\\/\\\/www.facebook.com\\\/people\\\/Notimemes-de-los-Polticos\\\/61565672886568\\\/\",\"https:\\\/\\\/x.com\\\/LosPoliticosVer\"]},{\"@type\":\"Person\",\"@id\":\"https:\\\/\\\/lospoliticosveracruz.com\\\/#\\\/schema\\\/person\\\/b8702bb0e538456e6efd07080bf2a4a2\",\"name\":\"Lo viste en Los Pol\u00edticos\",\"image\":{\"@type\":\"ImageObject\",\"inLanguage\":\"es\",\"@id\":\"https:\\\/\\\/secure.gravatar.com\\\/avatar\\\/3a8de04a2656d44082be478bd6c086daa447c4651605818287b9532d3d0bd435?s=96&d=mm&r=g\",\"url\":\"https:\\\/\\\/secure.gravatar.com\\\/avatar\\\/3a8de04a2656d44082be478bd6c086daa447c4651605818287b9532d3d0bd435?s=96&d=mm&r=g\",\"contentUrl\":\"https:\\\/\\\/secure.gravatar.com\\\/avatar\\\/3a8de04a2656d44082be478bd6c086daa447c4651605818287b9532d3d0bd435?s=96&d=mm&r=g\",\"caption\":\"Lo viste en Los Pol\u00edticos\"},\"url\":\"https:\\\/\\\/lospoliticosveracruz.com\\\/?author=2\"}]}<\/script>\n<!-- \/ Yoast SEO plugin. -->","yoast_head_json":{"title":"EL SHOW DE LERDO - Los pol\u00edticos Veracruz","robots":{"index":"index","follow":"follow","max-snippet":"max-snippet:-1","max-image-preview":"max-image-preview:large","max-video-preview":"max-video-preview:-1"},"canonical":"https:\/\/lospoliticosveracruz.com\/?p=161113","og_locale":"es_ES","og_type":"article","og_title":"EL SHOW DE LERDO - Los pol\u00edticos Veracruz","og_description":"Rub\u00e9n Morales Aburto El Poder y La Pasi\u00f3n ZuuuuuucuuuuuQue ya dio a conocer el diputado presidente de la Junta de Coordinaci\u00f3n Pol\u00edtica (JUCOPO), del Congreso veracruzano, el Profe. Esteban Hern\u00e1ndez Bautista, el veredicto final de la \u201cNovela\u201d en Lerdo de Tejada, Ver., asegur\u00f3 que si llamar\u00e1n a la alcaldesa Flor Mar\u00eda Sosa Zamudio y a [&hellip;]","og_url":"https:\/\/lospoliticosveracruz.com\/?p=161113","og_site_name":"Los pol\u00edticos Veracruz","article_publisher":"https:\/\/www.facebook.com\/people\/Notimemes-de-los-Polticos\/61565672886568\/","article_published_time":"2026-01-22T02:22:23+00:00","article_modified_time":"2026-01-22T02:22:24+00:00","og_image":[{"width":1000,"height":533,"url":"https:\/\/lospoliticosveracruz.com\/wp-content\/uploads\/2025\/05\/Ruben-Morales-Aburto.jpg","type":"image\/jpeg"}],"author":"Lo viste en Los Pol\u00edticos","twitter_card":"summary_large_image","twitter_creator":"@LosPoliticosVer","twitter_site":"@LosPoliticosVer","twitter_misc":{"Escrito por":"Lo viste en Los Pol\u00edticos","Tiempo de lectura":"5 minutos"},"schema":{"@context":"https:\/\/schema.org","@graph":[{"@type":"Article","@id":"https:\/\/lospoliticosveracruz.com\/?p=161113#article","isPartOf":{"@id":"https:\/\/lospoliticosveracruz.com\/?p=161113"},"author":{"name":"Lo viste en Los Pol\u00edticos","@id":"https:\/\/lospoliticosveracruz.com\/#\/schema\/person\/b8702bb0e538456e6efd07080bf2a4a2"},"headline":"EL SHOW DE LERDO","datePublished":"2026-01-22T02:22:23+00:00","dateModified":"2026-01-22T02:22:24+00:00","mainEntityOfPage":{"@id":"https:\/\/lospoliticosveracruz.com\/?p=161113"},"wordCount":897,"publisher":{"@id":"https:\/\/lospoliticosveracruz.com\/#organization"},"image":{"@id":"https:\/\/lospoliticosveracruz.com\/?p=161113#primaryimage"},"thumbnailUrl":"https:\/\/lospoliticosveracruz.com\/wp-content\/uploads\/2025\/05\/Ruben-Morales-Aburto.jpg","keywords":["JUCOPO Congreso","Lerdo de Tejada","Morena Veracruz","Rub\u00e9n Morales","UPAV irregularidades","Veracruz pol\u00edtica"],"articleSection":["De Opini\u00f3n"],"inLanguage":"es"},{"@type":"WebPage","@id":"https:\/\/lospoliticosveracruz.com\/?p=161113","url":"https:\/\/lospoliticosveracruz.com\/?p=161113","name":"EL SHOW DE LERDO - Los pol\u00edticos Veracruz","isPartOf":{"@id":"https:\/\/lospoliticosveracruz.com\/#website"},"primaryImageOfPage":{"@id":"https:\/\/lospoliticosveracruz.com\/?p=161113#primaryimage"},"image":{"@id":"https:\/\/lospoliticosveracruz.com\/?p=161113#primaryimage"},"thumbnailUrl":"https:\/\/lospoliticosveracruz.com\/wp-content\/uploads\/2025\/05\/Ruben-Morales-Aburto.jpg","datePublished":"2026-01-22T02:22:23+00:00","dateModified":"2026-01-22T02:22:24+00:00","breadcrumb":{"@id":"https:\/\/lospoliticosveracruz.com\/?p=161113#breadcrumb"},"inLanguage":"es","potentialAction":[{"@type":"ReadAction","target":["https:\/\/lospoliticosveracruz.com\/?p=161113"]}]},{"@type":"ImageObject","inLanguage":"es","@id":"https:\/\/lospoliticosveracruz.com\/?p=161113#primaryimage","url":"https:\/\/lospoliticosveracruz.com\/wp-content\/uploads\/2025\/05\/Ruben-Morales-Aburto.jpg","contentUrl":"https:\/\/lospoliticosveracruz.com\/wp-content\/uploads\/2025\/05\/Ruben-Morales-Aburto.jpg","width":1000,"height":533},{"@type":"BreadcrumbList","@id":"https:\/\/lospoliticosveracruz.com\/?p=161113#breadcrumb","itemListElement":[{"@type":"ListItem","position":1,"name":"Portada","item":"https:\/\/lospoliticosveracruz.com\/"},{"@type":"ListItem","position":2,"name":"EL SHOW DE LERDO"}]},{"@type":"WebSite","@id":"https:\/\/lospoliticosveracruz.com\/#website","url":"https:\/\/lospoliticosveracruz.com\/","name":"Los pol\u00edticos Veracruz","description":"","publisher":{"@id":"https:\/\/lospoliticosveracruz.com\/#organization"},"potentialAction":[{"@type":"SearchAction","target":{"@type":"EntryPoint","urlTemplate":"https:\/\/lospoliticosveracruz.com\/?s={search_term_string}"},"query-input":{"@type":"PropertyValueSpecification","valueRequired":true,"valueName":"search_term_string"}}],"inLanguage":"es"},{"@type":"Organization","@id":"https:\/\/lospoliticosveracruz.com\/#organization","name":"Los pol\u00edticos Veracruz","url":"https:\/\/lospoliticosveracruz.com\/","logo":{"@type":"ImageObject","inLanguage":"es","@id":"https:\/\/lospoliticosveracruz.com\/#\/schema\/logo\/image\/","url":"https:\/\/lospoliticosveracruz.com\/wp-content\/uploads\/2025\/12\/Logo-Nuevo-LOS-POLITICOS-1.jpg","contentUrl":"https:\/\/lospoliticosveracruz.com\/wp-content\/uploads\/2025\/12\/Logo-Nuevo-LOS-POLITICOS-1.jpg","width":260,"height":70,"caption":"Los pol\u00edticos Veracruz"},"image":{"@id":"https:\/\/lospoliticosveracruz.com\/#\/schema\/logo\/image\/"},"sameAs":["https:\/\/www.facebook.com\/people\/Notimemes-de-los-Polticos\/61565672886568\/","https:\/\/x.com\/LosPoliticosVer"]},{"@type":"Person","@id":"https:\/\/lospoliticosveracruz.com\/#\/schema\/person\/b8702bb0e538456e6efd07080bf2a4a2","name":"Lo viste en Los Pol\u00edticos","image":{"@type":"ImageObject","inLanguage":"es","@id":"https:\/\/secure.gravatar.com\/avatar\/3a8de04a2656d44082be478bd6c086daa447c4651605818287b9532d3d0bd435?s=96&d=mm&r=g","url":"https:\/\/secure.gravatar.com\/avatar\/3a8de04a2656d44082be478bd6c086daa447c4651605818287b9532d3d0bd435?s=96&d=mm&r=g","contentUrl":"https:\/\/secure.gravatar.com\/avatar\/3a8de04a2656d44082be478bd6c086daa447c4651605818287b9532d3d0bd435?s=96&d=mm&r=g","caption":"Lo viste en Los Pol\u00edticos"},"url":"https:\/\/lospoliticosveracruz.com\/?author=2"}]}},"_links":{"self":[{"href":"https:\/\/lospoliticosveracruz.com\/index.php?rest_route=\/wp\/v2\/posts\/161113","targetHints":{"allow":["GET"]}}],"collection":[{"href":"https:\/\/lospoliticosveracruz.com\/index.php?rest_route=\/wp\/v2\/posts"}],"about":[{"href":"https:\/\/lospoliticosveracruz.com\/index.php?rest_route=\/wp\/v2\/types\/post"}],"author":[{"embeddable":true,"href":"https:\/\/lospoliticosveracruz.com\/index.php?rest_route=\/wp\/v2\/users\/2"}],"replies":[{"embeddable":true,"href":"https:\/\/lospoliticosveracruz.com\/index.php?rest_route=%2Fwp%2Fv2%2Fcomments&post=161113"}],"version-history":[{"count":1,"href":"https:\/\/lospoliticosveracruz.com\/index.php?rest_route=\/wp\/v2\/posts\/161113\/revisions"}],"predecessor-version":[{"id":161114,"href":"https:\/\/lospoliticosveracruz.com\/index.php?rest_route=\/wp\/v2\/posts\/161113\/revisions\/161114"}],"wp:featuredmedia":[{"embeddable":true,"href":"https:\/\/lospoliticosveracruz.com\/index.php?rest_route=\/wp\/v2\/media\/143902"}],"wp:attachment":[{"href":"https:\/\/lospoliticosveracruz.com\/index.php?rest_route=%2Fwp%2Fv2%2Fmedia&parent=161113"}],"wp:term":[{"taxonomy":"category","embeddable":true,"href":"https:\/\/lospoliticosveracruz.com\/index.php?rest_route=%2Fwp%2Fv2%2Fcategories&post=161113"},{"taxonomy":"post_tag","embeddable":true,"href":"https:\/\/lospoliticosveracruz.com\/index.php?rest_route=%2Fwp%2Fv2%2Ftags&post=161113"}],"curies":[{"name":"wp","href":"https:\/\/api.w.org\/{rel}","templated":true}]}}