{"id":161119,"date":"2026-01-21T21:04:56","date_gmt":"2026-01-22T03:04:56","guid":{"rendered":"https:\/\/lospoliticosveracruz.com\/?p=161119"},"modified":"2026-01-21T21:04:57","modified_gmt":"2026-01-22T03:04:57","slug":"condonacion-de-multas-y-descuentos","status":"publish","type":"post","link":"https:\/\/lospoliticosveracruz.com\/?p=161119","title":{"rendered":"CONDONACI\u00d3N DE MULTAS Y DESCUENTOS!"},"content":{"rendered":"\n<p><\/p>\n\n\n\n<p>S\u00edguenos ahora tambi\u00e9n en WhatsApp.\u00a0\u00a1<a href=\"https:\/\/whatsapp.com\/channel\/0029Va8zRWlEKyZIP3Z1dF0e\"><strong>Da clic aqu\u00ed<\/strong><\/a><strong>!<\/strong><\/p>\n\n\n\n<p>Poza Rica: El Gobierno de Poza Rica llev\u00f3 a cabo la Segunda Sesi\u00f3n Ordinaria de Cabildo, en la que se abordaron y aprobaron diversos asuntos relevantes para la administraci\u00f3n municipal, todos ellos con el objetivo de fortalecer el funcionamiento institucional y brindar mejores resultados a la ciudadan\u00eda.<\/p>\n\n\n\n<p>Se aprob\u00f3 por unanimidad la designaci\u00f3n de la Comisi\u00f3n de Derechos Humanos a cargo de la regidora Mar\u00eda Guadalupe Bello Trejo, reafirmando el compromiso del Cabildo con la promoci\u00f3n y defensa de los derechos fundamentales.<\/p>\n\n\n\n<p>En otro punto del orden del d\u00eda, se inform\u00f3 al Cabildo sobre el nombramiento del ingeniero Gabriel Santiago Ticante como Director de Obras P\u00fablicas y Desarrollo Urbano del Municipio de Poza Rica de Hidalgo, Veracruz, as\u00ed como el nombramiento de la licenciada Matilde Ivonne Lagunes Galindo como Titular de la Secretar\u00eda Ejecutiva del Sistema de Protecci\u00f3n Integral de Ni\u00f1as, Ni\u00f1os y Adolescentes (SIPINNA) del municipio.<\/p>\n\n\n\n<p>De igual manera, se present\u00f3 y aprob\u00f3 por unanimidad la renovaci\u00f3n, integraci\u00f3n y operaci\u00f3n del Sistema de Protecci\u00f3n Integral de Ni\u00f1as, Ni\u00f1os y Adolescentes del Municipio de Poza Rica, el cual ser\u00e1 presidido por la Presidenta Municipal, Adanely Rodr\u00edguez, y contar\u00e1 con la participaci\u00f3n de integrantes del Cabildo, la Directora del DIF Municipal y la Secretar\u00eda Ejecutiva del SIPINNA.<\/p>\n\n\n\n<p>En asuntos hacendarios, a propuesta de la Sindica \u00danica Reina Ju\u00e1rez Avilez, se aprob\u00f3 la condonaci\u00f3n del 100 por ciento de multas correspondientes a los ejercicios fiscales 2021\u20132025, aplicable a casas habitaci\u00f3n durante el mes de febrero de 2026.<\/p>\n\n\n\n<p>Finalmente, el Cabildo aprob\u00f3 por unanimidad un descuento del 20 por ciento en las cuotas de mantenimiento de los panteones municipales Sant\u00edsima Trinidad y San Lucas, correspondiente al ejercicio fiscal 2026, beneficio dirigido a las y los propietarios debidamente regularizados, con vigencia del 22 de enero al 27 de febrero.<\/p>\n\n\n\n<p>Con estas acciones, el Gobierno de Poza Rica refrenda su compromiso con una administraci\u00f3n ordenada, sensible y cercana a la ciudadan\u00eda.<\/p>\n","protected":false},"excerpt":{"rendered":"<p>Poza Rica: El Gobierno de Poza Rica llev\u00f3 a cabo la Segunda Sesi\u00f3n Ordinaria de Cabildo, en la que se abordaron y aprobaron diversos asuntos relevantes para la administraci\u00f3n municipal, todos ellos con el objetivo de fortalecer el funcionamiento institucional y brindar mejores resultados a la ciudadan\u00eda. Se aprob\u00f3 por unanimidad la designaci\u00f3n de la [&hellip;]<\/p>\n","protected":false},"author":2,"featured_media":161120,"comment_status":"closed","ping_status":"closed","sticky":false,"template":"","format":"standard","meta":{"tdm_status":"","tdm_grid_status":"","footnotes":""},"categories":[73],"tags":[51305,51304,51308,51307,51306,51309],"class_list":{"0":"post-161119","1":"post","2":"type-post","3":"status-publish","4":"format-standard","5":"has-post-thumbnail","7":"category-de-boleto","8":"tag-cabildo-poza-rica-segunda-sesion-ordinaria","9":"tag-condonacion-multas-poza-rica-2026","10":"tag-condonacion-multas-predial-2021-2025-febrero-2026","11":"tag-descuento-panteones-santisima-trinidad-san-lucas","12":"tag-nombramientos-obras-publicas-poza-rica-gabriel-santiago-ticante","13":"tag-sipinna-poza-rica-matilde-ivonne-lagunes-galindo"},"yoast_head":"<!-- This site is optimized with the Yoast SEO plugin v27.4 - https:\/\/yoast.com\/product\/yoast-seo-wordpress\/ -->\n<title>CONDONACI\u00d3N DE MULTAS Y DESCUENTOS! - Los pol\u00edticos Veracruz<\/title>\n<meta name=\"robots\" content=\"index, follow, max-snippet:-1, max-image-preview:large, max-video-preview:-1\" \/>\n<link rel=\"canonical\" href=\"https:\/\/lospoliticosveracruz.com\/?p=161119\" \/>\n<meta property=\"og:locale\" content=\"es_ES\" \/>\n<meta property=\"og:type\" content=\"article\" \/>\n<meta property=\"og:title\" content=\"CONDONACI\u00d3N DE MULTAS Y DESCUENTOS! - Los pol\u00edticos Veracruz\" \/>\n<meta property=\"og:description\" content=\"Poza Rica: El Gobierno de Poza Rica llev\u00f3 a cabo la Segunda Sesi\u00f3n Ordinaria de Cabildo, en la que se abordaron y aprobaron diversos asuntos relevantes para la administraci\u00f3n municipal, todos ellos con el objetivo de fortalecer el funcionamiento institucional y brindar mejores resultados a la ciudadan\u00eda. Se aprob\u00f3 por unanimidad la designaci\u00f3n de la [&hellip;]\" \/>\n<meta property=\"og:url\" content=\"https:\/\/lospoliticosveracruz.com\/?p=161119\" \/>\n<meta property=\"og:site_name\" content=\"Los pol\u00edticos Veracruz\" \/>\n<meta property=\"article:publisher\" content=\"https:\/\/www.facebook.com\/people\/Notimemes-de-los-Polticos\/61565672886568\/\" \/>\n<meta property=\"article:published_time\" content=\"2026-01-22T03:04:56+00:00\" \/>\n<meta property=\"article:modified_time\" content=\"2026-01-22T03:04:57+00:00\" \/>\n<meta property=\"og:image\" content=\"https:\/\/lospoliticosveracruz.com\/wp-content\/uploads\/2026\/01\/Poza-Rica.jpg\" \/>\n\t<meta property=\"og:image:width\" content=\"600\" \/>\n\t<meta property=\"og:image:height\" content=\"320\" \/>\n\t<meta property=\"og:image:type\" content=\"image\/jpeg\" \/>\n<meta name=\"author\" content=\"Lo viste en Los Pol\u00edticos\" \/>\n<meta name=\"twitter:card\" content=\"summary_large_image\" \/>\n<meta name=\"twitter:creator\" content=\"@LosPoliticosVer\" \/>\n<meta name=\"twitter:site\" content=\"@LosPoliticosVer\" \/>\n<meta name=\"twitter:label1\" content=\"Escrito por\" \/>\n\t<meta name=\"twitter:data1\" content=\"Lo viste en Los Pol\u00edticos\" \/>\n\t<meta name=\"twitter:label2\" content=\"Tiempo de lectura\" \/>\n\t<meta name=\"twitter:data2\" content=\"2 minutos\" \/>\n<script type=\"application\/ld+json\" class=\"yoast-schema-graph\">{\"@context\":\"https:\\\/\\\/schema.org\",\"@graph\":[{\"@type\":\"Article\",\"@id\":\"https:\\\/\\\/lospoliticosveracruz.com\\\/?p=161119#article\",\"isPartOf\":{\"@id\":\"https:\\\/\\\/lospoliticosveracruz.com\\\/?p=161119\"},\"author\":{\"name\":\"Lo viste en Los Pol\u00edticos\",\"@id\":\"https:\\\/\\\/lospoliticosveracruz.com\\\/#\\\/schema\\\/person\\\/b8702bb0e538456e6efd07080bf2a4a2\"},\"headline\":\"CONDONACI\u00d3N DE MULTAS Y DESCUENTOS!\",\"datePublished\":\"2026-01-22T03:04:56+00:00\",\"dateModified\":\"2026-01-22T03:04:57+00:00\",\"mainEntityOfPage\":{\"@id\":\"https:\\\/\\\/lospoliticosveracruz.com\\\/?p=161119\"},\"wordCount\":343,\"publisher\":{\"@id\":\"https:\\\/\\\/lospoliticosveracruz.com\\\/#organization\"},\"image\":{\"@id\":\"https:\\\/\\\/lospoliticosveracruz.com\\\/?p=161119#primaryimage\"},\"thumbnailUrl\":\"https:\\\/\\\/lospoliticosveracruz.com\\\/wp-content\\\/uploads\\\/2026\\\/01\\\/Poza-Rica.jpg\",\"keywords\":[\"cabildo Poza Rica segunda sesi\u00f3n ordinaria\",\"condonaci\u00f3n multas Poza Rica 2026\",\"condonaci\u00f3n multas predial 2021 2025 febrero 2026\",\"descuento panteones Sant\u00edsima Trinidad San Lucas\",\"nombramientos Obras P\u00fablicas Poza Rica Gabriel Santiago Ticante\",\"SIPINNA Poza Rica Matilde Ivonne Lagunes Galindo\"],\"articleSection\":[\"De Boleto\"],\"inLanguage\":\"es\"},{\"@type\":\"WebPage\",\"@id\":\"https:\\\/\\\/lospoliticosveracruz.com\\\/?p=161119\",\"url\":\"https:\\\/\\\/lospoliticosveracruz.com\\\/?p=161119\",\"name\":\"CONDONACI\u00d3N DE MULTAS Y DESCUENTOS! - Los pol\u00edticos Veracruz\",\"isPartOf\":{\"@id\":\"https:\\\/\\\/lospoliticosveracruz.com\\\/#website\"},\"primaryImageOfPage\":{\"@id\":\"https:\\\/\\\/lospoliticosveracruz.com\\\/?p=161119#primaryimage\"},\"image\":{\"@id\":\"https:\\\/\\\/lospoliticosveracruz.com\\\/?p=161119#primaryimage\"},\"thumbnailUrl\":\"https:\\\/\\\/lospoliticosveracruz.com\\\/wp-content\\\/uploads\\\/2026\\\/01\\\/Poza-Rica.jpg\",\"datePublished\":\"2026-01-22T03:04:56+00:00\",\"dateModified\":\"2026-01-22T03:04:57+00:00\",\"breadcrumb\":{\"@id\":\"https:\\\/\\\/lospoliticosveracruz.com\\\/?p=161119#breadcrumb\"},\"inLanguage\":\"es\",\"potentialAction\":[{\"@type\":\"ReadAction\",\"target\":[\"https:\\\/\\\/lospoliticosveracruz.com\\\/?p=161119\"]}]},{\"@type\":\"ImageObject\",\"inLanguage\":\"es\",\"@id\":\"https:\\\/\\\/lospoliticosveracruz.com\\\/?p=161119#primaryimage\",\"url\":\"https:\\\/\\\/lospoliticosveracruz.com\\\/wp-content\\\/uploads\\\/2026\\\/01\\\/Poza-Rica.jpg\",\"contentUrl\":\"https:\\\/\\\/lospoliticosveracruz.com\\\/wp-content\\\/uploads\\\/2026\\\/01\\\/Poza-Rica.jpg\",\"width\":600,\"height\":320},{\"@type\":\"BreadcrumbList\",\"@id\":\"https:\\\/\\\/lospoliticosveracruz.com\\\/?p=161119#breadcrumb\",\"itemListElement\":[{\"@type\":\"ListItem\",\"position\":1,\"name\":\"Portada\",\"item\":\"https:\\\/\\\/lospoliticosveracruz.com\\\/\"},{\"@type\":\"ListItem\",\"position\":2,\"name\":\"CONDONACI\u00d3N DE MULTAS Y DESCUENTOS!\"}]},{\"@type\":\"WebSite\",\"@id\":\"https:\\\/\\\/lospoliticosveracruz.com\\\/#website\",\"url\":\"https:\\\/\\\/lospoliticosveracruz.com\\\/\",\"name\":\"Los pol\u00edticos Veracruz\",\"description\":\"\",\"publisher\":{\"@id\":\"https:\\\/\\\/lospoliticosveracruz.com\\\/#organization\"},\"potentialAction\":[{\"@type\":\"SearchAction\",\"target\":{\"@type\":\"EntryPoint\",\"urlTemplate\":\"https:\\\/\\\/lospoliticosveracruz.com\\\/?s={search_term_string}\"},\"query-input\":{\"@type\":\"PropertyValueSpecification\",\"valueRequired\":true,\"valueName\":\"search_term_string\"}}],\"inLanguage\":\"es\"},{\"@type\":\"Organization\",\"@id\":\"https:\\\/\\\/lospoliticosveracruz.com\\\/#organization\",\"name\":\"Los pol\u00edticos Veracruz\",\"url\":\"https:\\\/\\\/lospoliticosveracruz.com\\\/\",\"logo\":{\"@type\":\"ImageObject\",\"inLanguage\":\"es\",\"@id\":\"https:\\\/\\\/lospoliticosveracruz.com\\\/#\\\/schema\\\/logo\\\/image\\\/\",\"url\":\"https:\\\/\\\/lospoliticosveracruz.com\\\/wp-content\\\/uploads\\\/2025\\\/12\\\/Logo-Nuevo-LOS-POLITICOS-1.jpg\",\"contentUrl\":\"https:\\\/\\\/lospoliticosveracruz.com\\\/wp-content\\\/uploads\\\/2025\\\/12\\\/Logo-Nuevo-LOS-POLITICOS-1.jpg\",\"width\":260,\"height\":70,\"caption\":\"Los pol\u00edticos Veracruz\"},\"image\":{\"@id\":\"https:\\\/\\\/lospoliticosveracruz.com\\\/#\\\/schema\\\/logo\\\/image\\\/\"},\"sameAs\":[\"https:\\\/\\\/www.facebook.com\\\/people\\\/Notimemes-de-los-Polticos\\\/61565672886568\\\/\",\"https:\\\/\\\/x.com\\\/LosPoliticosVer\"]},{\"@type\":\"Person\",\"@id\":\"https:\\\/\\\/lospoliticosveracruz.com\\\/#\\\/schema\\\/person\\\/b8702bb0e538456e6efd07080bf2a4a2\",\"name\":\"Lo viste en Los Pol\u00edticos\",\"image\":{\"@type\":\"ImageObject\",\"inLanguage\":\"es\",\"@id\":\"https:\\\/\\\/secure.gravatar.com\\\/avatar\\\/3a8de04a2656d44082be478bd6c086daa447c4651605818287b9532d3d0bd435?s=96&d=mm&r=g\",\"url\":\"https:\\\/\\\/secure.gravatar.com\\\/avatar\\\/3a8de04a2656d44082be478bd6c086daa447c4651605818287b9532d3d0bd435?s=96&d=mm&r=g\",\"contentUrl\":\"https:\\\/\\\/secure.gravatar.com\\\/avatar\\\/3a8de04a2656d44082be478bd6c086daa447c4651605818287b9532d3d0bd435?s=96&d=mm&r=g\",\"caption\":\"Lo viste en Los Pol\u00edticos\"},\"url\":\"https:\\\/\\\/lospoliticosveracruz.com\\\/?author=2\"}]}<\/script>\n<!-- \/ Yoast SEO plugin. -->","yoast_head_json":{"title":"CONDONACI\u00d3N DE MULTAS Y DESCUENTOS! - Los pol\u00edticos Veracruz","robots":{"index":"index","follow":"follow","max-snippet":"max-snippet:-1","max-image-preview":"max-image-preview:large","max-video-preview":"max-video-preview:-1"},"canonical":"https:\/\/lospoliticosveracruz.com\/?p=161119","og_locale":"es_ES","og_type":"article","og_title":"CONDONACI\u00d3N DE MULTAS Y DESCUENTOS! - Los pol\u00edticos Veracruz","og_description":"Poza Rica: El Gobierno de Poza Rica llev\u00f3 a cabo la Segunda Sesi\u00f3n Ordinaria de Cabildo, en la que se abordaron y aprobaron diversos asuntos relevantes para la administraci\u00f3n municipal, todos ellos con el objetivo de fortalecer el funcionamiento institucional y brindar mejores resultados a la ciudadan\u00eda. Se aprob\u00f3 por unanimidad la designaci\u00f3n de la [&hellip;]","og_url":"https:\/\/lospoliticosveracruz.com\/?p=161119","og_site_name":"Los pol\u00edticos Veracruz","article_publisher":"https:\/\/www.facebook.com\/people\/Notimemes-de-los-Polticos\/61565672886568\/","article_published_time":"2026-01-22T03:04:56+00:00","article_modified_time":"2026-01-22T03:04:57+00:00","og_image":[{"width":600,"height":320,"url":"https:\/\/lospoliticosveracruz.com\/wp-content\/uploads\/2026\/01\/Poza-Rica.jpg","type":"image\/jpeg"}],"author":"Lo viste en Los Pol\u00edticos","twitter_card":"summary_large_image","twitter_creator":"@LosPoliticosVer","twitter_site":"@LosPoliticosVer","twitter_misc":{"Escrito por":"Lo viste en Los Pol\u00edticos","Tiempo de lectura":"2 minutos"},"schema":{"@context":"https:\/\/schema.org","@graph":[{"@type":"Article","@id":"https:\/\/lospoliticosveracruz.com\/?p=161119#article","isPartOf":{"@id":"https:\/\/lospoliticosveracruz.com\/?p=161119"},"author":{"name":"Lo viste en Los Pol\u00edticos","@id":"https:\/\/lospoliticosveracruz.com\/#\/schema\/person\/b8702bb0e538456e6efd07080bf2a4a2"},"headline":"CONDONACI\u00d3N DE MULTAS Y DESCUENTOS!","datePublished":"2026-01-22T03:04:56+00:00","dateModified":"2026-01-22T03:04:57+00:00","mainEntityOfPage":{"@id":"https:\/\/lospoliticosveracruz.com\/?p=161119"},"wordCount":343,"publisher":{"@id":"https:\/\/lospoliticosveracruz.com\/#organization"},"image":{"@id":"https:\/\/lospoliticosveracruz.com\/?p=161119#primaryimage"},"thumbnailUrl":"https:\/\/lospoliticosveracruz.com\/wp-content\/uploads\/2026\/01\/Poza-Rica.jpg","keywords":["cabildo Poza Rica segunda sesi\u00f3n ordinaria","condonaci\u00f3n multas Poza Rica 2026","condonaci\u00f3n multas predial 2021 2025 febrero 2026","descuento panteones Sant\u00edsima Trinidad San Lucas","nombramientos Obras P\u00fablicas Poza Rica Gabriel Santiago Ticante","SIPINNA Poza Rica Matilde Ivonne Lagunes Galindo"],"articleSection":["De Boleto"],"inLanguage":"es"},{"@type":"WebPage","@id":"https:\/\/lospoliticosveracruz.com\/?p=161119","url":"https:\/\/lospoliticosveracruz.com\/?p=161119","name":"CONDONACI\u00d3N DE MULTAS Y DESCUENTOS! - Los pol\u00edticos Veracruz","isPartOf":{"@id":"https:\/\/lospoliticosveracruz.com\/#website"},"primaryImageOfPage":{"@id":"https:\/\/lospoliticosveracruz.com\/?p=161119#primaryimage"},"image":{"@id":"https:\/\/lospoliticosveracruz.com\/?p=161119#primaryimage"},"thumbnailUrl":"https:\/\/lospoliticosveracruz.com\/wp-content\/uploads\/2026\/01\/Poza-Rica.jpg","datePublished":"2026-01-22T03:04:56+00:00","dateModified":"2026-01-22T03:04:57+00:00","breadcrumb":{"@id":"https:\/\/lospoliticosveracruz.com\/?p=161119#breadcrumb"},"inLanguage":"es","potentialAction":[{"@type":"ReadAction","target":["https:\/\/lospoliticosveracruz.com\/?p=161119"]}]},{"@type":"ImageObject","inLanguage":"es","@id":"https:\/\/lospoliticosveracruz.com\/?p=161119#primaryimage","url":"https:\/\/lospoliticosveracruz.com\/wp-content\/uploads\/2026\/01\/Poza-Rica.jpg","contentUrl":"https:\/\/lospoliticosveracruz.com\/wp-content\/uploads\/2026\/01\/Poza-Rica.jpg","width":600,"height":320},{"@type":"BreadcrumbList","@id":"https:\/\/lospoliticosveracruz.com\/?p=161119#breadcrumb","itemListElement":[{"@type":"ListItem","position":1,"name":"Portada","item":"https:\/\/lospoliticosveracruz.com\/"},{"@type":"ListItem","position":2,"name":"CONDONACI\u00d3N DE MULTAS Y DESCUENTOS!"}]},{"@type":"WebSite","@id":"https:\/\/lospoliticosveracruz.com\/#website","url":"https:\/\/lospoliticosveracruz.com\/","name":"Los pol\u00edticos Veracruz","description":"","publisher":{"@id":"https:\/\/lospoliticosveracruz.com\/#organization"},"potentialAction":[{"@type":"SearchAction","target":{"@type":"EntryPoint","urlTemplate":"https:\/\/lospoliticosveracruz.com\/?s={search_term_string}"},"query-input":{"@type":"PropertyValueSpecification","valueRequired":true,"valueName":"search_term_string"}}],"inLanguage":"es"},{"@type":"Organization","@id":"https:\/\/lospoliticosveracruz.com\/#organization","name":"Los pol\u00edticos Veracruz","url":"https:\/\/lospoliticosveracruz.com\/","logo":{"@type":"ImageObject","inLanguage":"es","@id":"https:\/\/lospoliticosveracruz.com\/#\/schema\/logo\/image\/","url":"https:\/\/lospoliticosveracruz.com\/wp-content\/uploads\/2025\/12\/Logo-Nuevo-LOS-POLITICOS-1.jpg","contentUrl":"https:\/\/lospoliticosveracruz.com\/wp-content\/uploads\/2025\/12\/Logo-Nuevo-LOS-POLITICOS-1.jpg","width":260,"height":70,"caption":"Los pol\u00edticos Veracruz"},"image":{"@id":"https:\/\/lospoliticosveracruz.com\/#\/schema\/logo\/image\/"},"sameAs":["https:\/\/www.facebook.com\/people\/Notimemes-de-los-Polticos\/61565672886568\/","https:\/\/x.com\/LosPoliticosVer"]},{"@type":"Person","@id":"https:\/\/lospoliticosveracruz.com\/#\/schema\/person\/b8702bb0e538456e6efd07080bf2a4a2","name":"Lo viste en Los Pol\u00edticos","image":{"@type":"ImageObject","inLanguage":"es","@id":"https:\/\/secure.gravatar.com\/avatar\/3a8de04a2656d44082be478bd6c086daa447c4651605818287b9532d3d0bd435?s=96&d=mm&r=g","url":"https:\/\/secure.gravatar.com\/avatar\/3a8de04a2656d44082be478bd6c086daa447c4651605818287b9532d3d0bd435?s=96&d=mm&r=g","contentUrl":"https:\/\/secure.gravatar.com\/avatar\/3a8de04a2656d44082be478bd6c086daa447c4651605818287b9532d3d0bd435?s=96&d=mm&r=g","caption":"Lo viste en Los Pol\u00edticos"},"url":"https:\/\/lospoliticosveracruz.com\/?author=2"}]}},"_links":{"self":[{"href":"https:\/\/lospoliticosveracruz.com\/index.php?rest_route=\/wp\/v2\/posts\/161119","targetHints":{"allow":["GET"]}}],"collection":[{"href":"https:\/\/lospoliticosveracruz.com\/index.php?rest_route=\/wp\/v2\/posts"}],"about":[{"href":"https:\/\/lospoliticosveracruz.com\/index.php?rest_route=\/wp\/v2\/types\/post"}],"author":[{"embeddable":true,"href":"https:\/\/lospoliticosveracruz.com\/index.php?rest_route=\/wp\/v2\/users\/2"}],"replies":[{"embeddable":true,"href":"https:\/\/lospoliticosveracruz.com\/index.php?rest_route=%2Fwp%2Fv2%2Fcomments&post=161119"}],"version-history":[{"count":1,"href":"https:\/\/lospoliticosveracruz.com\/index.php?rest_route=\/wp\/v2\/posts\/161119\/revisions"}],"predecessor-version":[{"id":161121,"href":"https:\/\/lospoliticosveracruz.com\/index.php?rest_route=\/wp\/v2\/posts\/161119\/revisions\/161121"}],"wp:featuredmedia":[{"embeddable":true,"href":"https:\/\/lospoliticosveracruz.com\/index.php?rest_route=\/wp\/v2\/media\/161120"}],"wp:attachment":[{"href":"https:\/\/lospoliticosveracruz.com\/index.php?rest_route=%2Fwp%2Fv2%2Fmedia&parent=161119"}],"wp:term":[{"taxonomy":"category","embeddable":true,"href":"https:\/\/lospoliticosveracruz.com\/index.php?rest_route=%2Fwp%2Fv2%2Fcategories&post=161119"},{"taxonomy":"post_tag","embeddable":true,"href":"https:\/\/lospoliticosveracruz.com\/index.php?rest_route=%2Fwp%2Fv2%2Ftags&post=161119"}],"curies":[{"name":"wp","href":"https:\/\/api.w.org\/{rel}","templated":true}]}}