{"id":161134,"date":"2026-01-22T05:57:25","date_gmt":"2026-01-22T11:57:25","guid":{"rendered":"https:\/\/lospoliticosveracruz.com\/?p=161134"},"modified":"2026-01-22T05:57:27","modified_gmt":"2026-01-22T11:57:27","slug":"la-comparecencia-de-lisbeth-aurelia","status":"publish","type":"post","link":"https:\/\/lospoliticosveracruz.com\/?p=161134","title":{"rendered":"LA COMPARECENCIA DE LISBETH AURELIA"},"content":{"rendered":"\n<p><strong>Fanny Y\u00e9pez<\/strong><br><em>La Columna<\/em><\/p>\n\n\n\n<p>En la comparecencia ante el Congreso de Veracruz, la nueva Fiscal General del Estado, Lisbeth Aurelia Jim\u00e9nez Aguirre, present\u00f3 los resultados correspondientes al ejercicio 2025, marcando una ruptura con la administraci\u00f3n anterior.<\/p>\n\n\n\n<p>Con una voz pausada y demostrando pleno conocimiento sobre la impartici\u00f3n de justicia, Lisbeth Aurelia Jim\u00e9nez Aguirre se comprometi\u00f3 formalmente ante los diputados a acatar las recomendaciones pendientes de la CNDH y la CEDH.<\/p>\n\n\n\n<p>Anunci\u00f3 el lanzamiento de un nuevo sistema de denuncias en l\u00ednea y la carpeta digital. El objetivo es reducir los tiempos de espera y combatir la corrupci\u00f3n interna, al permitir que los usuarios den seguimiento a sus procesos desde dispositivos m\u00f3viles<\/p>\n\n\n\n<p>La Fiscal General del Estado de Veracruz tambi\u00e9n abord\u00f3 el tema del \u00abc\u00e1rtel inmobiliario\u00bb y redes de despojo en la entidad.<\/p>\n\n\n\n<p>Los puntos clave mencionados en torno a este tema son:<\/p>\n\n\n\n<p>Investigaci\u00f3n de Redes de Despojo: La Fiscal\u00eda confirm\u00f3 que mantiene investigaciones abiertas sobre una red de corrupci\u00f3n que involucra a notarios, jueces y funcionarios p\u00fablicos en el despojo ilegal de viviendas y terrenos, en municipios como Xalapa, Actopan, Puente Nacional y La Antigua.<\/p>\n\n\n\n<p>Modus Operandi: Se detall\u00f3 que este grupo operaba mediante la falsificaci\u00f3n de documentos y la inscripci\u00f3n irregular de propiedades en el Registro P\u00fablico de la Propiedad y Catastro, beneficiando a particulares a cambio de sumas millonarias.<\/p>\n\n\n\n<p>Ausencia de Detenidos: A pesar de los avances en las indagatorias, se inform\u00f3 que por el momento no hay personas detenidas espec\u00edficamente por la red de despojo inmobiliario en Xalapa, aunque el proceso contin\u00faa bajo el marco de la legalidad.<\/p>\n\n\n\n<p>Compromiso Institucional: La titular de la FGE reiter\u00f3 que, la instituci\u00f3n responde con \u00abeficiencia y profesionalismo\u00bb, ante las denuncias ciudadanas y que no habr\u00e1 impunidad para los involucrados en estas pr\u00e1cticas fraudulentas.<\/p>\n\n\n\n<p>Presunto desfalco en la UPAV<\/p>\n\n\n\n<p>Lisbeth Aurelia Jim\u00e9nez Aguirre, declar\u00f3 que las investigaciones por el presunto desfalco millonario en la Universidad Popular Aut\u00f3noma de Veracruz (UPAV), contin\u00faan abiertas y que habr\u00e1 m\u00e1s detenciones.<\/p>\n\n\n\n<p>Confirm\u00f3 que, adem\u00e1s de los tres exfuncionarios ya detenidos, existen m\u00e1s personas involucradas en la red de corrupci\u00f3n y saqueo a la instituci\u00f3n.<\/p>\n\n\n\n<p>Cero impunidades<\/p>\n\n\n\n<p>Remarco y asegur\u00f3 que el caso \u00abno quedar\u00e1 impune\u00bb y que la fiscal\u00eda actuar\u00e1 contra todos los responsables del desv\u00edo de recursos.<\/p>\n\n\n\n<p>Contexto de las detenciones: Estas declaraciones se dan tras la vinculaci\u00f3n a proceso y prisi\u00f3n preventiva dictada el pasado 18 de enero contra Sergio \u00abN\u00bb (ex rector), V\u00edctor de Jes\u00fas \u00abN\u00bb (ex director administrativo) y Frida Narayana \u00abN\u00bb (ex jefa de Servicios Financieros).<\/p>\n\n\n\n<p>Cargos: Los delitos investigados incluyen peculado, abuso de autoridad, incumplimiento de un deber legal, tr\u00e1fico de influencias y ejercicio indebido del servicio p\u00fablico.<\/p>\n\n\n\n<p>Cabe destacar que Lisbeth Jim\u00e9nez Aguirre asumi\u00f3 el cargo en diciembre de 2025, tras la renuncia de Ver\u00f3nica Hern\u00e1ndez Giad\u00e1ns.<\/p>\n\n\n\n<p>La UPAV se encuentra en un proceso de transici\u00f3n administrativa, bajo la administraci\u00f3n de la gobernadora Roc\u00edo Nahle, quien busca eliminar cuotas y pasar el control total de la universidad al Estado.<\/p>\n\n\n\n<p>Hablar de resultados con apenas mes y medio frente a una instituci\u00f3n tan compleja como es la Fiscal\u00eda General del Estado, podr\u00eda resultar hasta injusto, pero si algo hay que reconocer en este breve periodo de Lisbeth Jim\u00e9nez Aguirre es la actitud y la determinaci\u00f3n para mejorar la tendencia que arrastraba la procuraci\u00f3n de justicia en los \u00faltimos seis a\u00f1os.<\/p>\n\n\n\n<p>Es m\u00e1s que evidente que en estas \u00faltimas semanas, con Jim\u00e9nez Aguirre, se han dedicado a perseguir delincuentes sin importar su filiaci\u00f3n partidista, sino la trasgresi\u00f3n a la ley.<\/p>\n\n\n\n<p>De aqu\u00ed en adelante, lo que pase o deje de pasar en la FGE ya ser\u00e1 a la cuenta de Lisbeth Aurelia, a quien denostaron sistem\u00e1ticamente, incluso antes de que se cristalizara su designaci\u00f3n, pero con su actuaci\u00f3n ha callado bocas.<\/p>\n\n\n\n<p>Resultados Operativos 2025<\/p>\n\n\n\n<p>Durante el informe se destacaron las siguientes cifras del \u00faltimo a\u00f1o de gesti\u00f3n:<\/p>\n\n\n\n<p>Sentencias y Vinculaciones: Se reportaron resultados de 56 resoluciones judiciales derivadas de acciones de investigaci\u00f3n recientes.<\/p>\n\n\n\n<p>Delitos de G\u00e9nero: Se enfatiz\u00f3 la optimizaci\u00f3n de la atenci\u00f3n a v\u00edctimas y grupos prioritarios como un eje central del nuevo plan de trabajo.<\/p>\n\n\n\n<p>Pederastia: Se inform\u00f3 de sentencias relevantes, como una de 30 a\u00f1os de prisi\u00f3n por pederastia agravada obtenida a inicios de 2026.<\/p>\n\n\n\n<p>Las comparecencias ante los diputados, generalmente resultan complicadas y, en muchos de los casos, afecta el \u00e1nimo del compareciente, pero ese no fue el caso de Lisbeth Aurelia, quien se mostr\u00f3 muy tranquila, con voz autorizada para ofrecer una exposici\u00f3n de hechos con mucho aplomo, y respondi\u00f3 las preguntas con suficiente conocimiento legal sin caer en actitudes vanidosas.<\/p>\n\n\n\n<p>Los invitados fueron magistrados, jueces, abogados litigantes y periodistas que, en su mayor\u00eda, reconocieron esa capacidad que demostr\u00f3 la Fiscal General del Estado, despu\u00e9s de un mes y medio de gesti\u00f3n.<\/p>\n","protected":false},"excerpt":{"rendered":"<p>Fanny Y\u00e9pezLa Columna En la comparecencia ante el Congreso de Veracruz, la nueva Fiscal General del Estado, Lisbeth Aurelia Jim\u00e9nez Aguirre, present\u00f3 los resultados correspondientes al ejercicio 2025, marcando una ruptura con la administraci\u00f3n anterior. Con una voz pausada y demostrando pleno conocimiento sobre la impartici\u00f3n de justicia, Lisbeth Aurelia Jim\u00e9nez Aguirre se comprometi\u00f3 formalmente [&hellip;]<\/p>\n","protected":false},"author":2,"featured_media":141383,"comment_status":"closed","ping_status":"closed","sticky":false,"template":"","format":"standard","meta":{"tdm_status":"","tdm_grid_status":"","footnotes":""},"categories":[70],"tags":[6870,36463,195],"class_list":{"0":"post-161134","1":"post","2":"type-post","3":"status-publish","4":"format-standard","5":"has-post-thumbnail","7":"category-de-opinion","8":"tag-fge","9":"tag-lisbeth-aurelia-jimenez-aguirre","10":"tag-veracruz"},"yoast_head":"<!-- This site is optimized with the Yoast SEO plugin v27.4 - https:\/\/yoast.com\/product\/yoast-seo-wordpress\/ -->\n<title>LA COMPARECENCIA DE LISBETH AURELIA - Los pol\u00edticos Veracruz<\/title>\n<meta name=\"robots\" content=\"index, follow, max-snippet:-1, max-image-preview:large, max-video-preview:-1\" \/>\n<link rel=\"canonical\" href=\"https:\/\/lospoliticosveracruz.com\/?p=161134\" \/>\n<meta property=\"og:locale\" content=\"es_ES\" \/>\n<meta property=\"og:type\" content=\"article\" \/>\n<meta property=\"og:title\" content=\"LA COMPARECENCIA DE LISBETH AURELIA - Los pol\u00edticos Veracruz\" \/>\n<meta property=\"og:description\" content=\"Fanny Y\u00e9pezLa Columna En la comparecencia ante el Congreso de Veracruz, la nueva Fiscal General del Estado, Lisbeth Aurelia Jim\u00e9nez Aguirre, present\u00f3 los resultados correspondientes al ejercicio 2025, marcando una ruptura con la administraci\u00f3n anterior. Con una voz pausada y demostrando pleno conocimiento sobre la impartici\u00f3n de justicia, Lisbeth Aurelia Jim\u00e9nez Aguirre se comprometi\u00f3 formalmente [&hellip;]\" \/>\n<meta property=\"og:url\" content=\"https:\/\/lospoliticosveracruz.com\/?p=161134\" \/>\n<meta property=\"og:site_name\" content=\"Los pol\u00edticos Veracruz\" \/>\n<meta property=\"article:publisher\" content=\"https:\/\/www.facebook.com\/people\/Notimemes-de-los-Polticos\/61565672886568\/\" \/>\n<meta property=\"article:published_time\" content=\"2026-01-22T11:57:25+00:00\" \/>\n<meta property=\"article:modified_time\" content=\"2026-01-22T11:57:27+00:00\" \/>\n<meta property=\"og:image\" content=\"https:\/\/lospoliticosveracruz.com\/wp-content\/uploads\/2025\/04\/Fanny-Yepez-Luna-e1768657334923.jpg\" \/>\n\t<meta property=\"og:image:width\" content=\"600\" \/>\n\t<meta property=\"og:image:height\" content=\"320\" \/>\n\t<meta property=\"og:image:type\" content=\"image\/jpeg\" \/>\n<meta name=\"author\" content=\"Lo viste en Los Pol\u00edticos\" \/>\n<meta name=\"twitter:card\" content=\"summary_large_image\" \/>\n<meta name=\"twitter:creator\" content=\"@LosPoliticosVer\" \/>\n<meta name=\"twitter:site\" content=\"@LosPoliticosVer\" \/>\n<meta name=\"twitter:label1\" content=\"Escrito por\" \/>\n\t<meta name=\"twitter:data1\" content=\"Lo viste en Los Pol\u00edticos\" \/>\n\t<meta name=\"twitter:label2\" content=\"Tiempo de lectura\" \/>\n\t<meta name=\"twitter:data2\" content=\"4 minutos\" \/>\n<script type=\"application\/ld+json\" class=\"yoast-schema-graph\">{\"@context\":\"https:\\\/\\\/schema.org\",\"@graph\":[{\"@type\":\"Article\",\"@id\":\"https:\\\/\\\/lospoliticosveracruz.com\\\/?p=161134#article\",\"isPartOf\":{\"@id\":\"https:\\\/\\\/lospoliticosveracruz.com\\\/?p=161134\"},\"author\":{\"name\":\"Lo viste en Los Pol\u00edticos\",\"@id\":\"https:\\\/\\\/lospoliticosveracruz.com\\\/#\\\/schema\\\/person\\\/b8702bb0e538456e6efd07080bf2a4a2\"},\"headline\":\"LA COMPARECENCIA DE LISBETH AURELIA\",\"datePublished\":\"2026-01-22T11:57:25+00:00\",\"dateModified\":\"2026-01-22T11:57:27+00:00\",\"mainEntityOfPage\":{\"@id\":\"https:\\\/\\\/lospoliticosveracruz.com\\\/?p=161134\"},\"wordCount\":856,\"publisher\":{\"@id\":\"https:\\\/\\\/lospoliticosveracruz.com\\\/#organization\"},\"image\":{\"@id\":\"https:\\\/\\\/lospoliticosveracruz.com\\\/?p=161134#primaryimage\"},\"thumbnailUrl\":\"https:\\\/\\\/lospoliticosveracruz.com\\\/wp-content\\\/uploads\\\/2025\\\/04\\\/Fanny-Yepez-Luna-e1768657334923.jpg\",\"keywords\":[\"FGE\",\"Lisbeth Aurelia Jim\u00e9nez Aguirre\",\"Veracruz\"],\"articleSection\":[\"De Opini\u00f3n\"],\"inLanguage\":\"es\"},{\"@type\":\"WebPage\",\"@id\":\"https:\\\/\\\/lospoliticosveracruz.com\\\/?p=161134\",\"url\":\"https:\\\/\\\/lospoliticosveracruz.com\\\/?p=161134\",\"name\":\"LA COMPARECENCIA DE LISBETH AURELIA - Los pol\u00edticos Veracruz\",\"isPartOf\":{\"@id\":\"https:\\\/\\\/lospoliticosveracruz.com\\\/#website\"},\"primaryImageOfPage\":{\"@id\":\"https:\\\/\\\/lospoliticosveracruz.com\\\/?p=161134#primaryimage\"},\"image\":{\"@id\":\"https:\\\/\\\/lospoliticosveracruz.com\\\/?p=161134#primaryimage\"},\"thumbnailUrl\":\"https:\\\/\\\/lospoliticosveracruz.com\\\/wp-content\\\/uploads\\\/2025\\\/04\\\/Fanny-Yepez-Luna-e1768657334923.jpg\",\"datePublished\":\"2026-01-22T11:57:25+00:00\",\"dateModified\":\"2026-01-22T11:57:27+00:00\",\"breadcrumb\":{\"@id\":\"https:\\\/\\\/lospoliticosveracruz.com\\\/?p=161134#breadcrumb\"},\"inLanguage\":\"es\",\"potentialAction\":[{\"@type\":\"ReadAction\",\"target\":[\"https:\\\/\\\/lospoliticosveracruz.com\\\/?p=161134\"]}]},{\"@type\":\"ImageObject\",\"inLanguage\":\"es\",\"@id\":\"https:\\\/\\\/lospoliticosveracruz.com\\\/?p=161134#primaryimage\",\"url\":\"https:\\\/\\\/lospoliticosveracruz.com\\\/wp-content\\\/uploads\\\/2025\\\/04\\\/Fanny-Yepez-Luna-e1768657334923.jpg\",\"contentUrl\":\"https:\\\/\\\/lospoliticosveracruz.com\\\/wp-content\\\/uploads\\\/2025\\\/04\\\/Fanny-Yepez-Luna-e1768657334923.jpg\",\"width\":600,\"height\":320},{\"@type\":\"BreadcrumbList\",\"@id\":\"https:\\\/\\\/lospoliticosveracruz.com\\\/?p=161134#breadcrumb\",\"itemListElement\":[{\"@type\":\"ListItem\",\"position\":1,\"name\":\"Portada\",\"item\":\"https:\\\/\\\/lospoliticosveracruz.com\\\/\"},{\"@type\":\"ListItem\",\"position\":2,\"name\":\"LA COMPARECENCIA DE LISBETH AURELIA\"}]},{\"@type\":\"WebSite\",\"@id\":\"https:\\\/\\\/lospoliticosveracruz.com\\\/#website\",\"url\":\"https:\\\/\\\/lospoliticosveracruz.com\\\/\",\"name\":\"Los pol\u00edticos Veracruz\",\"description\":\"\",\"publisher\":{\"@id\":\"https:\\\/\\\/lospoliticosveracruz.com\\\/#organization\"},\"potentialAction\":[{\"@type\":\"SearchAction\",\"target\":{\"@type\":\"EntryPoint\",\"urlTemplate\":\"https:\\\/\\\/lospoliticosveracruz.com\\\/?s={search_term_string}\"},\"query-input\":{\"@type\":\"PropertyValueSpecification\",\"valueRequired\":true,\"valueName\":\"search_term_string\"}}],\"inLanguage\":\"es\"},{\"@type\":\"Organization\",\"@id\":\"https:\\\/\\\/lospoliticosveracruz.com\\\/#organization\",\"name\":\"Los pol\u00edticos Veracruz\",\"url\":\"https:\\\/\\\/lospoliticosveracruz.com\\\/\",\"logo\":{\"@type\":\"ImageObject\",\"inLanguage\":\"es\",\"@id\":\"https:\\\/\\\/lospoliticosveracruz.com\\\/#\\\/schema\\\/logo\\\/image\\\/\",\"url\":\"https:\\\/\\\/lospoliticosveracruz.com\\\/wp-content\\\/uploads\\\/2025\\\/12\\\/Logo-Nuevo-LOS-POLITICOS-1.jpg\",\"contentUrl\":\"https:\\\/\\\/lospoliticosveracruz.com\\\/wp-content\\\/uploads\\\/2025\\\/12\\\/Logo-Nuevo-LOS-POLITICOS-1.jpg\",\"width\":260,\"height\":70,\"caption\":\"Los pol\u00edticos Veracruz\"},\"image\":{\"@id\":\"https:\\\/\\\/lospoliticosveracruz.com\\\/#\\\/schema\\\/logo\\\/image\\\/\"},\"sameAs\":[\"https:\\\/\\\/www.facebook.com\\\/people\\\/Notimemes-de-los-Polticos\\\/61565672886568\\\/\",\"https:\\\/\\\/x.com\\\/LosPoliticosVer\"]},{\"@type\":\"Person\",\"@id\":\"https:\\\/\\\/lospoliticosveracruz.com\\\/#\\\/schema\\\/person\\\/b8702bb0e538456e6efd07080bf2a4a2\",\"name\":\"Lo viste en Los Pol\u00edticos\",\"image\":{\"@type\":\"ImageObject\",\"inLanguage\":\"es\",\"@id\":\"https:\\\/\\\/secure.gravatar.com\\\/avatar\\\/3a8de04a2656d44082be478bd6c086daa447c4651605818287b9532d3d0bd435?s=96&d=mm&r=g\",\"url\":\"https:\\\/\\\/secure.gravatar.com\\\/avatar\\\/3a8de04a2656d44082be478bd6c086daa447c4651605818287b9532d3d0bd435?s=96&d=mm&r=g\",\"contentUrl\":\"https:\\\/\\\/secure.gravatar.com\\\/avatar\\\/3a8de04a2656d44082be478bd6c086daa447c4651605818287b9532d3d0bd435?s=96&d=mm&r=g\",\"caption\":\"Lo viste en Los Pol\u00edticos\"},\"url\":\"https:\\\/\\\/lospoliticosveracruz.com\\\/?author=2\"}]}<\/script>\n<!-- \/ Yoast SEO plugin. -->","yoast_head_json":{"title":"LA COMPARECENCIA DE LISBETH AURELIA - Los pol\u00edticos Veracruz","robots":{"index":"index","follow":"follow","max-snippet":"max-snippet:-1","max-image-preview":"max-image-preview:large","max-video-preview":"max-video-preview:-1"},"canonical":"https:\/\/lospoliticosveracruz.com\/?p=161134","og_locale":"es_ES","og_type":"article","og_title":"LA COMPARECENCIA DE LISBETH AURELIA - Los pol\u00edticos Veracruz","og_description":"Fanny Y\u00e9pezLa Columna En la comparecencia ante el Congreso de Veracruz, la nueva Fiscal General del Estado, Lisbeth Aurelia Jim\u00e9nez Aguirre, present\u00f3 los resultados correspondientes al ejercicio 2025, marcando una ruptura con la administraci\u00f3n anterior. Con una voz pausada y demostrando pleno conocimiento sobre la impartici\u00f3n de justicia, Lisbeth Aurelia Jim\u00e9nez Aguirre se comprometi\u00f3 formalmente [&hellip;]","og_url":"https:\/\/lospoliticosveracruz.com\/?p=161134","og_site_name":"Los pol\u00edticos Veracruz","article_publisher":"https:\/\/www.facebook.com\/people\/Notimemes-de-los-Polticos\/61565672886568\/","article_published_time":"2026-01-22T11:57:25+00:00","article_modified_time":"2026-01-22T11:57:27+00:00","og_image":[{"width":600,"height":320,"url":"https:\/\/lospoliticosveracruz.com\/wp-content\/uploads\/2025\/04\/Fanny-Yepez-Luna-e1768657334923.jpg","type":"image\/jpeg"}],"author":"Lo viste en Los Pol\u00edticos","twitter_card":"summary_large_image","twitter_creator":"@LosPoliticosVer","twitter_site":"@LosPoliticosVer","twitter_misc":{"Escrito por":"Lo viste en Los Pol\u00edticos","Tiempo de lectura":"4 minutos"},"schema":{"@context":"https:\/\/schema.org","@graph":[{"@type":"Article","@id":"https:\/\/lospoliticosveracruz.com\/?p=161134#article","isPartOf":{"@id":"https:\/\/lospoliticosveracruz.com\/?p=161134"},"author":{"name":"Lo viste en Los Pol\u00edticos","@id":"https:\/\/lospoliticosveracruz.com\/#\/schema\/person\/b8702bb0e538456e6efd07080bf2a4a2"},"headline":"LA COMPARECENCIA DE LISBETH AURELIA","datePublished":"2026-01-22T11:57:25+00:00","dateModified":"2026-01-22T11:57:27+00:00","mainEntityOfPage":{"@id":"https:\/\/lospoliticosveracruz.com\/?p=161134"},"wordCount":856,"publisher":{"@id":"https:\/\/lospoliticosveracruz.com\/#organization"},"image":{"@id":"https:\/\/lospoliticosveracruz.com\/?p=161134#primaryimage"},"thumbnailUrl":"https:\/\/lospoliticosveracruz.com\/wp-content\/uploads\/2025\/04\/Fanny-Yepez-Luna-e1768657334923.jpg","keywords":["FGE","Lisbeth Aurelia Jim\u00e9nez Aguirre","Veracruz"],"articleSection":["De Opini\u00f3n"],"inLanguage":"es"},{"@type":"WebPage","@id":"https:\/\/lospoliticosveracruz.com\/?p=161134","url":"https:\/\/lospoliticosveracruz.com\/?p=161134","name":"LA COMPARECENCIA DE LISBETH AURELIA - Los pol\u00edticos Veracruz","isPartOf":{"@id":"https:\/\/lospoliticosveracruz.com\/#website"},"primaryImageOfPage":{"@id":"https:\/\/lospoliticosveracruz.com\/?p=161134#primaryimage"},"image":{"@id":"https:\/\/lospoliticosveracruz.com\/?p=161134#primaryimage"},"thumbnailUrl":"https:\/\/lospoliticosveracruz.com\/wp-content\/uploads\/2025\/04\/Fanny-Yepez-Luna-e1768657334923.jpg","datePublished":"2026-01-22T11:57:25+00:00","dateModified":"2026-01-22T11:57:27+00:00","breadcrumb":{"@id":"https:\/\/lospoliticosveracruz.com\/?p=161134#breadcrumb"},"inLanguage":"es","potentialAction":[{"@type":"ReadAction","target":["https:\/\/lospoliticosveracruz.com\/?p=161134"]}]},{"@type":"ImageObject","inLanguage":"es","@id":"https:\/\/lospoliticosveracruz.com\/?p=161134#primaryimage","url":"https:\/\/lospoliticosveracruz.com\/wp-content\/uploads\/2025\/04\/Fanny-Yepez-Luna-e1768657334923.jpg","contentUrl":"https:\/\/lospoliticosveracruz.com\/wp-content\/uploads\/2025\/04\/Fanny-Yepez-Luna-e1768657334923.jpg","width":600,"height":320},{"@type":"BreadcrumbList","@id":"https:\/\/lospoliticosveracruz.com\/?p=161134#breadcrumb","itemListElement":[{"@type":"ListItem","position":1,"name":"Portada","item":"https:\/\/lospoliticosveracruz.com\/"},{"@type":"ListItem","position":2,"name":"LA COMPARECENCIA DE LISBETH AURELIA"}]},{"@type":"WebSite","@id":"https:\/\/lospoliticosveracruz.com\/#website","url":"https:\/\/lospoliticosveracruz.com\/","name":"Los pol\u00edticos Veracruz","description":"","publisher":{"@id":"https:\/\/lospoliticosveracruz.com\/#organization"},"potentialAction":[{"@type":"SearchAction","target":{"@type":"EntryPoint","urlTemplate":"https:\/\/lospoliticosveracruz.com\/?s={search_term_string}"},"query-input":{"@type":"PropertyValueSpecification","valueRequired":true,"valueName":"search_term_string"}}],"inLanguage":"es"},{"@type":"Organization","@id":"https:\/\/lospoliticosveracruz.com\/#organization","name":"Los pol\u00edticos Veracruz","url":"https:\/\/lospoliticosveracruz.com\/","logo":{"@type":"ImageObject","inLanguage":"es","@id":"https:\/\/lospoliticosveracruz.com\/#\/schema\/logo\/image\/","url":"https:\/\/lospoliticosveracruz.com\/wp-content\/uploads\/2025\/12\/Logo-Nuevo-LOS-POLITICOS-1.jpg","contentUrl":"https:\/\/lospoliticosveracruz.com\/wp-content\/uploads\/2025\/12\/Logo-Nuevo-LOS-POLITICOS-1.jpg","width":260,"height":70,"caption":"Los pol\u00edticos Veracruz"},"image":{"@id":"https:\/\/lospoliticosveracruz.com\/#\/schema\/logo\/image\/"},"sameAs":["https:\/\/www.facebook.com\/people\/Notimemes-de-los-Polticos\/61565672886568\/","https:\/\/x.com\/LosPoliticosVer"]},{"@type":"Person","@id":"https:\/\/lospoliticosveracruz.com\/#\/schema\/person\/b8702bb0e538456e6efd07080bf2a4a2","name":"Lo viste en Los Pol\u00edticos","image":{"@type":"ImageObject","inLanguage":"es","@id":"https:\/\/secure.gravatar.com\/avatar\/3a8de04a2656d44082be478bd6c086daa447c4651605818287b9532d3d0bd435?s=96&d=mm&r=g","url":"https:\/\/secure.gravatar.com\/avatar\/3a8de04a2656d44082be478bd6c086daa447c4651605818287b9532d3d0bd435?s=96&d=mm&r=g","contentUrl":"https:\/\/secure.gravatar.com\/avatar\/3a8de04a2656d44082be478bd6c086daa447c4651605818287b9532d3d0bd435?s=96&d=mm&r=g","caption":"Lo viste en Los Pol\u00edticos"},"url":"https:\/\/lospoliticosveracruz.com\/?author=2"}]}},"_links":{"self":[{"href":"https:\/\/lospoliticosveracruz.com\/index.php?rest_route=\/wp\/v2\/posts\/161134","targetHints":{"allow":["GET"]}}],"collection":[{"href":"https:\/\/lospoliticosveracruz.com\/index.php?rest_route=\/wp\/v2\/posts"}],"about":[{"href":"https:\/\/lospoliticosveracruz.com\/index.php?rest_route=\/wp\/v2\/types\/post"}],"author":[{"embeddable":true,"href":"https:\/\/lospoliticosveracruz.com\/index.php?rest_route=\/wp\/v2\/users\/2"}],"replies":[{"embeddable":true,"href":"https:\/\/lospoliticosveracruz.com\/index.php?rest_route=%2Fwp%2Fv2%2Fcomments&post=161134"}],"version-history":[{"count":1,"href":"https:\/\/lospoliticosveracruz.com\/index.php?rest_route=\/wp\/v2\/posts\/161134\/revisions"}],"predecessor-version":[{"id":161135,"href":"https:\/\/lospoliticosveracruz.com\/index.php?rest_route=\/wp\/v2\/posts\/161134\/revisions\/161135"}],"wp:featuredmedia":[{"embeddable":true,"href":"https:\/\/lospoliticosveracruz.com\/index.php?rest_route=\/wp\/v2\/media\/141383"}],"wp:attachment":[{"href":"https:\/\/lospoliticosveracruz.com\/index.php?rest_route=%2Fwp%2Fv2%2Fmedia&parent=161134"}],"wp:term":[{"taxonomy":"category","embeddable":true,"href":"https:\/\/lospoliticosveracruz.com\/index.php?rest_route=%2Fwp%2Fv2%2Fcategories&post=161134"},{"taxonomy":"post_tag","embeddable":true,"href":"https:\/\/lospoliticosveracruz.com\/index.php?rest_route=%2Fwp%2Fv2%2Ftags&post=161134"}],"curies":[{"name":"wp","href":"https:\/\/api.w.org\/{rel}","templated":true}]}}