{"id":161236,"date":"2026-01-22T19:02:56","date_gmt":"2026-01-23T01:02:56","guid":{"rendered":"https:\/\/lospoliticosveracruz.com\/?p=161236"},"modified":"2026-01-22T19:02:58","modified_gmt":"2026-01-23T01:02:58","slug":"abusivos-con-los-mas-debiles","status":"publish","type":"post","link":"https:\/\/lospoliticosveracruz.com\/?p=161236","title":{"rendered":"ABUSIVOS CON LOS M\u00c1S D\u00c9BILES!"},"content":{"rendered":"\n<p><strong>\u00c1ngeles Gonz\u00e1lez Ceballos&nbsp;<\/strong><\/p>\n\n\n\n<p>Durante el 2025, la Comisi\u00f3n Estatal de Derechos Humanos emiti\u00f3 un total de 90 recomendaciones dirigidas a 23 autoridades, 12 municipales y 11 estatales, inform\u00f3 la encargada de la presidencia del organismo aut\u00f3nomo, Minerva Regina P\u00e9rez.<\/p>\n\n\n\n<p>Durante su comparecencia ante las y los diputados, destac\u00f3 que el mayor n\u00famero de se\u00f1alamientos fueron en contra de la Fiscal\u00eda General del Estado, la Secretar\u00eda de Seguridad P\u00fablica, la Secretar\u00eda de Educaci\u00f3n, distintos ayuntamientos, la Secretar\u00eda de Salud, as\u00ed como la la Secretar\u00eda de Finanzas y Planeaci\u00f3n.&nbsp;<\/p>\n\n\n\n<p>Puntualiz\u00f3 que de las 90 recomendaciones emitidas, en 70 se acreditaron violaciones a derechos de personas pertenecientes a grupos en situaci\u00f3n de vulnerabilidad, identificando a 304 v\u00edctimas.&nbsp;<\/p>\n\n\n\n<p>Agreg\u00f3 que en dicho periodo emitieron 17 recomendaciones por omisiones en la investigaci\u00f3n de personas desaparecidas, 12 por tortura, 3 por hechos en los que se violent\u00f3 el derecho a la vida, 2 por discriminaci\u00f3n y 1 por desaparici\u00f3n forzada, acreditando la calidad de v\u00edctima a 227 personas.<\/p>\n\n\n\n<p>Asever\u00f3 que el 55.6 por ciento de las recomendaciones fueron aceptadas.&nbsp;<\/p>\n\n\n\n<p>Record\u00f3 que las v\u00edctimas tienen la posibilidad de acudir a la Comisi\u00f3n Nacional de los Derechos Humanos ante la no aceptaci\u00f3n de su recomendaci\u00f3n, por lo que 12 recomendaciones se sometieron a este procedimiento.&nbsp;<\/p>\n\n\n\n<p>Indic\u00f3 que un total de cinco autoridades concentraron el 84% del total de quejas radicadas ante la Comisi\u00f3n a su cargo.<\/p>\n\n\n\n<p>Respecto a los ayuntamientos, expuso que 57 fueron se\u00f1alados como presuntos responsables de violaciones a derechos humanos, con 126 quejas.&nbsp;<\/p>\n\n\n\n<p>Detall\u00f3 que del registro territorial 4 mil 99 fueron las orientaciones brindadas, adem\u00e1s de que se solicitaron en 60 ocasiones la adopci\u00f3n de medidas cautelares para evitar actos que constituyeran consumaciones a violaciones de derechos humanos de compleja reparaci\u00f3n.<\/p>\n\n\n\n<p>Agreg\u00f3 que en el a\u00f1o que se informa, visitaron los 17 centros de reinserci\u00f3n social, el m\u00f3dulo preventivo de 72 horas Penalito y el Centro de Internamiento Especializado para Adolescentes (CIEPA) en donde realizaron 175 observaciones, de las cuales 100 fueron solventadas y 75 se encuentran en tr\u00e1mite.&nbsp;<\/p>\n\n\n\n<p>Con apoyo de las delegaciones \u00e9tnicas y regionales, la Comisi\u00f3n realiz\u00f3 supervisiones a 167 c\u00e1rceles municipales, en las cuales se efectuaron 397 observaciones, 53 est\u00e1n subsanadas y 344 en tr\u00e1mite.&nbsp;<\/p>\n\n\n\n<p>La titular de la Comisi\u00f3n de Derechos Humanos informo que atendieron 3 mil 994 solicitudes realizadas por personas pertenecientes a diversos grupos en situaci\u00f3n de vulnerabilidad, tales como personas mayores, personas que viven con VIH, personas migrantes, personas con discapacidad, personas v\u00edctimas de violencia por razones de g\u00e9nero, ni\u00f1as, ni\u00f1os, adolescentes y personas ind\u00edgenas.&nbsp;<\/p>\n\n\n\n<p>\u00abDe manera permanente, se asiste a las y los familiares de personas desaparecidas mediante un acompa\u00f1amiento cercano, sensible y especializado en todos los procesos para su acceso a la verdad, la justicia y la reparaci\u00f3n. En el a\u00f1o que se reporta, se realizaron mil 903 labores de acompa\u00f1amiento\u00bb, destac\u00f3.<\/p>\n","protected":false},"excerpt":{"rendered":"<p>\u00c1ngeles Gonz\u00e1lez Ceballos&nbsp; Durante el 2025, la Comisi\u00f3n Estatal de Derechos Humanos emiti\u00f3 un total de 90 recomendaciones dirigidas a 23 autoridades, 12 municipales y 11 estatales, inform\u00f3 la encargada de la presidencia del organismo aut\u00f3nomo, Minerva Regina P\u00e9rez. Durante su comparecencia ante las y los diputados, destac\u00f3 que el mayor n\u00famero de se\u00f1alamientos fueron [&hellip;]<\/p>\n","protected":false},"author":2,"featured_media":161237,"comment_status":"closed","ping_status":"closed","sticky":false,"template":"","format":"standard","meta":{"tdm_status":"","tdm_grid_status":"","footnotes":""},"categories":[6446],"tags":[51460,51463,51462,51461,51464],"class_list":{"0":"post-161236","1":"post","2":"type-post","3":"status-publish","4":"format-standard","5":"has-post-thumbnail","7":"category-la-nota","8":"tag-derechos-humanos-veracruz-2025","9":"tag-grupos-vulnerables-victimas","10":"tag-quejas-contra-fge-ssp-sev","11":"tag-recomendaciones-cedh-veracruz","12":"tag-supervision-carceles-municipales"},"yoast_head":"<!-- This site is optimized with the Yoast SEO plugin v27.4 - https:\/\/yoast.com\/product\/yoast-seo-wordpress\/ -->\n<title>ABUSIVOS CON LOS M\u00c1S D\u00c9BILES! - Los pol\u00edticos Veracruz<\/title>\n<meta name=\"robots\" content=\"index, follow, max-snippet:-1, max-image-preview:large, max-video-preview:-1\" \/>\n<link rel=\"canonical\" href=\"https:\/\/lospoliticosveracruz.com\/?p=161236\" \/>\n<meta property=\"og:locale\" content=\"es_ES\" \/>\n<meta property=\"og:type\" content=\"article\" \/>\n<meta property=\"og:title\" content=\"ABUSIVOS CON LOS M\u00c1S D\u00c9BILES! - Los pol\u00edticos Veracruz\" \/>\n<meta property=\"og:description\" content=\"\u00c1ngeles Gonz\u00e1lez Ceballos&nbsp; Durante el 2025, la Comisi\u00f3n Estatal de Derechos Humanos emiti\u00f3 un total de 90 recomendaciones dirigidas a 23 autoridades, 12 municipales y 11 estatales, inform\u00f3 la encargada de la presidencia del organismo aut\u00f3nomo, Minerva Regina P\u00e9rez. Durante su comparecencia ante las y los diputados, destac\u00f3 que el mayor n\u00famero de se\u00f1alamientos fueron [&hellip;]\" \/>\n<meta property=\"og:url\" content=\"https:\/\/lospoliticosveracruz.com\/?p=161236\" \/>\n<meta property=\"og:site_name\" content=\"Los pol\u00edticos Veracruz\" \/>\n<meta property=\"article:publisher\" content=\"https:\/\/www.facebook.com\/people\/Notimemes-de-los-Polticos\/61565672886568\/\" \/>\n<meta property=\"article:published_time\" content=\"2026-01-23T01:02:56+00:00\" \/>\n<meta property=\"article:modified_time\" content=\"2026-01-23T01:02:58+00:00\" \/>\n<meta property=\"og:image\" content=\"https:\/\/lospoliticosveracruz.com\/wp-content\/uploads\/2026\/01\/IMG_9173.jpeg\" \/>\n\t<meta property=\"og:image:width\" content=\"600\" \/>\n\t<meta property=\"og:image:height\" content=\"320\" \/>\n\t<meta property=\"og:image:type\" content=\"image\/jpeg\" \/>\n<meta name=\"author\" content=\"Lo viste en Los Pol\u00edticos\" \/>\n<meta name=\"twitter:card\" content=\"summary_large_image\" \/>\n<meta name=\"twitter:creator\" content=\"@LosPoliticosVer\" \/>\n<meta name=\"twitter:site\" content=\"@LosPoliticosVer\" \/>\n<meta name=\"twitter:label1\" content=\"Escrito por\" \/>\n\t<meta name=\"twitter:data1\" content=\"Lo viste en Los Pol\u00edticos\" \/>\n\t<meta name=\"twitter:label2\" content=\"Tiempo de lectura\" \/>\n\t<meta name=\"twitter:data2\" content=\"3 minutos\" \/>\n<script type=\"application\/ld+json\" class=\"yoast-schema-graph\">{\"@context\":\"https:\\\/\\\/schema.org\",\"@graph\":[{\"@type\":\"Article\",\"@id\":\"https:\\\/\\\/lospoliticosveracruz.com\\\/?p=161236#article\",\"isPartOf\":{\"@id\":\"https:\\\/\\\/lospoliticosveracruz.com\\\/?p=161236\"},\"author\":{\"name\":\"Lo viste en Los Pol\u00edticos\",\"@id\":\"https:\\\/\\\/lospoliticosveracruz.com\\\/#\\\/schema\\\/person\\\/b8702bb0e538456e6efd07080bf2a4a2\"},\"headline\":\"ABUSIVOS CON LOS M\u00c1S D\u00c9BILES!\",\"datePublished\":\"2026-01-23T01:02:56+00:00\",\"dateModified\":\"2026-01-23T01:02:58+00:00\",\"mainEntityOfPage\":{\"@id\":\"https:\\\/\\\/lospoliticosveracruz.com\\\/?p=161236\"},\"wordCount\":498,\"publisher\":{\"@id\":\"https:\\\/\\\/lospoliticosveracruz.com\\\/#organization\"},\"image\":{\"@id\":\"https:\\\/\\\/lospoliticosveracruz.com\\\/?p=161236#primaryimage\"},\"thumbnailUrl\":\"https:\\\/\\\/lospoliticosveracruz.com\\\/wp-content\\\/uploads\\\/2026\\\/01\\\/IMG_9173.jpeg\",\"keywords\":[\"derechos humanos Veracruz 2025\",\"grupos vulnerables v\u00edctimas\",\"quejas contra FGE SSP SEV\",\"recomendaciones CEDH Veracruz\",\"supervisi\u00f3n c\u00e1rceles municipales\"],\"articleSection\":[\"La Nota\"],\"inLanguage\":\"es\"},{\"@type\":\"WebPage\",\"@id\":\"https:\\\/\\\/lospoliticosveracruz.com\\\/?p=161236\",\"url\":\"https:\\\/\\\/lospoliticosveracruz.com\\\/?p=161236\",\"name\":\"ABUSIVOS CON LOS M\u00c1S D\u00c9BILES! - Los pol\u00edticos Veracruz\",\"isPartOf\":{\"@id\":\"https:\\\/\\\/lospoliticosveracruz.com\\\/#website\"},\"primaryImageOfPage\":{\"@id\":\"https:\\\/\\\/lospoliticosveracruz.com\\\/?p=161236#primaryimage\"},\"image\":{\"@id\":\"https:\\\/\\\/lospoliticosveracruz.com\\\/?p=161236#primaryimage\"},\"thumbnailUrl\":\"https:\\\/\\\/lospoliticosveracruz.com\\\/wp-content\\\/uploads\\\/2026\\\/01\\\/IMG_9173.jpeg\",\"datePublished\":\"2026-01-23T01:02:56+00:00\",\"dateModified\":\"2026-01-23T01:02:58+00:00\",\"breadcrumb\":{\"@id\":\"https:\\\/\\\/lospoliticosveracruz.com\\\/?p=161236#breadcrumb\"},\"inLanguage\":\"es\",\"potentialAction\":[{\"@type\":\"ReadAction\",\"target\":[\"https:\\\/\\\/lospoliticosveracruz.com\\\/?p=161236\"]}]},{\"@type\":\"ImageObject\",\"inLanguage\":\"es\",\"@id\":\"https:\\\/\\\/lospoliticosveracruz.com\\\/?p=161236#primaryimage\",\"url\":\"https:\\\/\\\/lospoliticosveracruz.com\\\/wp-content\\\/uploads\\\/2026\\\/01\\\/IMG_9173.jpeg\",\"contentUrl\":\"https:\\\/\\\/lospoliticosveracruz.com\\\/wp-content\\\/uploads\\\/2026\\\/01\\\/IMG_9173.jpeg\",\"width\":600,\"height\":320},{\"@type\":\"BreadcrumbList\",\"@id\":\"https:\\\/\\\/lospoliticosveracruz.com\\\/?p=161236#breadcrumb\",\"itemListElement\":[{\"@type\":\"ListItem\",\"position\":1,\"name\":\"Portada\",\"item\":\"https:\\\/\\\/lospoliticosveracruz.com\\\/\"},{\"@type\":\"ListItem\",\"position\":2,\"name\":\"ABUSIVOS CON LOS M\u00c1S D\u00c9BILES!\"}]},{\"@type\":\"WebSite\",\"@id\":\"https:\\\/\\\/lospoliticosveracruz.com\\\/#website\",\"url\":\"https:\\\/\\\/lospoliticosveracruz.com\\\/\",\"name\":\"Los pol\u00edticos Veracruz\",\"description\":\"\",\"publisher\":{\"@id\":\"https:\\\/\\\/lospoliticosveracruz.com\\\/#organization\"},\"potentialAction\":[{\"@type\":\"SearchAction\",\"target\":{\"@type\":\"EntryPoint\",\"urlTemplate\":\"https:\\\/\\\/lospoliticosveracruz.com\\\/?s={search_term_string}\"},\"query-input\":{\"@type\":\"PropertyValueSpecification\",\"valueRequired\":true,\"valueName\":\"search_term_string\"}}],\"inLanguage\":\"es\"},{\"@type\":\"Organization\",\"@id\":\"https:\\\/\\\/lospoliticosveracruz.com\\\/#organization\",\"name\":\"Los pol\u00edticos Veracruz\",\"url\":\"https:\\\/\\\/lospoliticosveracruz.com\\\/\",\"logo\":{\"@type\":\"ImageObject\",\"inLanguage\":\"es\",\"@id\":\"https:\\\/\\\/lospoliticosveracruz.com\\\/#\\\/schema\\\/logo\\\/image\\\/\",\"url\":\"https:\\\/\\\/lospoliticosveracruz.com\\\/wp-content\\\/uploads\\\/2025\\\/12\\\/Logo-Nuevo-LOS-POLITICOS-1.jpg\",\"contentUrl\":\"https:\\\/\\\/lospoliticosveracruz.com\\\/wp-content\\\/uploads\\\/2025\\\/12\\\/Logo-Nuevo-LOS-POLITICOS-1.jpg\",\"width\":260,\"height\":70,\"caption\":\"Los pol\u00edticos Veracruz\"},\"image\":{\"@id\":\"https:\\\/\\\/lospoliticosveracruz.com\\\/#\\\/schema\\\/logo\\\/image\\\/\"},\"sameAs\":[\"https:\\\/\\\/www.facebook.com\\\/people\\\/Notimemes-de-los-Polticos\\\/61565672886568\\\/\",\"https:\\\/\\\/x.com\\\/LosPoliticosVer\"]},{\"@type\":\"Person\",\"@id\":\"https:\\\/\\\/lospoliticosveracruz.com\\\/#\\\/schema\\\/person\\\/b8702bb0e538456e6efd07080bf2a4a2\",\"name\":\"Lo viste en Los Pol\u00edticos\",\"image\":{\"@type\":\"ImageObject\",\"inLanguage\":\"es\",\"@id\":\"https:\\\/\\\/secure.gravatar.com\\\/avatar\\\/3a8de04a2656d44082be478bd6c086daa447c4651605818287b9532d3d0bd435?s=96&d=mm&r=g\",\"url\":\"https:\\\/\\\/secure.gravatar.com\\\/avatar\\\/3a8de04a2656d44082be478bd6c086daa447c4651605818287b9532d3d0bd435?s=96&d=mm&r=g\",\"contentUrl\":\"https:\\\/\\\/secure.gravatar.com\\\/avatar\\\/3a8de04a2656d44082be478bd6c086daa447c4651605818287b9532d3d0bd435?s=96&d=mm&r=g\",\"caption\":\"Lo viste en Los Pol\u00edticos\"},\"url\":\"https:\\\/\\\/lospoliticosveracruz.com\\\/?author=2\"}]}<\/script>\n<!-- \/ Yoast SEO plugin. -->","yoast_head_json":{"title":"ABUSIVOS CON LOS M\u00c1S D\u00c9BILES! - Los pol\u00edticos Veracruz","robots":{"index":"index","follow":"follow","max-snippet":"max-snippet:-1","max-image-preview":"max-image-preview:large","max-video-preview":"max-video-preview:-1"},"canonical":"https:\/\/lospoliticosveracruz.com\/?p=161236","og_locale":"es_ES","og_type":"article","og_title":"ABUSIVOS CON LOS M\u00c1S D\u00c9BILES! - Los pol\u00edticos Veracruz","og_description":"\u00c1ngeles Gonz\u00e1lez Ceballos&nbsp; Durante el 2025, la Comisi\u00f3n Estatal de Derechos Humanos emiti\u00f3 un total de 90 recomendaciones dirigidas a 23 autoridades, 12 municipales y 11 estatales, inform\u00f3 la encargada de la presidencia del organismo aut\u00f3nomo, Minerva Regina P\u00e9rez. Durante su comparecencia ante las y los diputados, destac\u00f3 que el mayor n\u00famero de se\u00f1alamientos fueron [&hellip;]","og_url":"https:\/\/lospoliticosveracruz.com\/?p=161236","og_site_name":"Los pol\u00edticos Veracruz","article_publisher":"https:\/\/www.facebook.com\/people\/Notimemes-de-los-Polticos\/61565672886568\/","article_published_time":"2026-01-23T01:02:56+00:00","article_modified_time":"2026-01-23T01:02:58+00:00","og_image":[{"width":600,"height":320,"url":"https:\/\/lospoliticosveracruz.com\/wp-content\/uploads\/2026\/01\/IMG_9173.jpeg","type":"image\/jpeg"}],"author":"Lo viste en Los Pol\u00edticos","twitter_card":"summary_large_image","twitter_creator":"@LosPoliticosVer","twitter_site":"@LosPoliticosVer","twitter_misc":{"Escrito por":"Lo viste en Los Pol\u00edticos","Tiempo de lectura":"3 minutos"},"schema":{"@context":"https:\/\/schema.org","@graph":[{"@type":"Article","@id":"https:\/\/lospoliticosveracruz.com\/?p=161236#article","isPartOf":{"@id":"https:\/\/lospoliticosveracruz.com\/?p=161236"},"author":{"name":"Lo viste en Los Pol\u00edticos","@id":"https:\/\/lospoliticosveracruz.com\/#\/schema\/person\/b8702bb0e538456e6efd07080bf2a4a2"},"headline":"ABUSIVOS CON LOS M\u00c1S D\u00c9BILES!","datePublished":"2026-01-23T01:02:56+00:00","dateModified":"2026-01-23T01:02:58+00:00","mainEntityOfPage":{"@id":"https:\/\/lospoliticosveracruz.com\/?p=161236"},"wordCount":498,"publisher":{"@id":"https:\/\/lospoliticosveracruz.com\/#organization"},"image":{"@id":"https:\/\/lospoliticosveracruz.com\/?p=161236#primaryimage"},"thumbnailUrl":"https:\/\/lospoliticosveracruz.com\/wp-content\/uploads\/2026\/01\/IMG_9173.jpeg","keywords":["derechos humanos Veracruz 2025","grupos vulnerables v\u00edctimas","quejas contra FGE SSP SEV","recomendaciones CEDH Veracruz","supervisi\u00f3n c\u00e1rceles municipales"],"articleSection":["La Nota"],"inLanguage":"es"},{"@type":"WebPage","@id":"https:\/\/lospoliticosveracruz.com\/?p=161236","url":"https:\/\/lospoliticosveracruz.com\/?p=161236","name":"ABUSIVOS CON LOS M\u00c1S D\u00c9BILES! - Los pol\u00edticos Veracruz","isPartOf":{"@id":"https:\/\/lospoliticosveracruz.com\/#website"},"primaryImageOfPage":{"@id":"https:\/\/lospoliticosveracruz.com\/?p=161236#primaryimage"},"image":{"@id":"https:\/\/lospoliticosveracruz.com\/?p=161236#primaryimage"},"thumbnailUrl":"https:\/\/lospoliticosveracruz.com\/wp-content\/uploads\/2026\/01\/IMG_9173.jpeg","datePublished":"2026-01-23T01:02:56+00:00","dateModified":"2026-01-23T01:02:58+00:00","breadcrumb":{"@id":"https:\/\/lospoliticosveracruz.com\/?p=161236#breadcrumb"},"inLanguage":"es","potentialAction":[{"@type":"ReadAction","target":["https:\/\/lospoliticosveracruz.com\/?p=161236"]}]},{"@type":"ImageObject","inLanguage":"es","@id":"https:\/\/lospoliticosveracruz.com\/?p=161236#primaryimage","url":"https:\/\/lospoliticosveracruz.com\/wp-content\/uploads\/2026\/01\/IMG_9173.jpeg","contentUrl":"https:\/\/lospoliticosveracruz.com\/wp-content\/uploads\/2026\/01\/IMG_9173.jpeg","width":600,"height":320},{"@type":"BreadcrumbList","@id":"https:\/\/lospoliticosveracruz.com\/?p=161236#breadcrumb","itemListElement":[{"@type":"ListItem","position":1,"name":"Portada","item":"https:\/\/lospoliticosveracruz.com\/"},{"@type":"ListItem","position":2,"name":"ABUSIVOS CON LOS M\u00c1S D\u00c9BILES!"}]},{"@type":"WebSite","@id":"https:\/\/lospoliticosveracruz.com\/#website","url":"https:\/\/lospoliticosveracruz.com\/","name":"Los pol\u00edticos Veracruz","description":"","publisher":{"@id":"https:\/\/lospoliticosveracruz.com\/#organization"},"potentialAction":[{"@type":"SearchAction","target":{"@type":"EntryPoint","urlTemplate":"https:\/\/lospoliticosveracruz.com\/?s={search_term_string}"},"query-input":{"@type":"PropertyValueSpecification","valueRequired":true,"valueName":"search_term_string"}}],"inLanguage":"es"},{"@type":"Organization","@id":"https:\/\/lospoliticosveracruz.com\/#organization","name":"Los pol\u00edticos Veracruz","url":"https:\/\/lospoliticosveracruz.com\/","logo":{"@type":"ImageObject","inLanguage":"es","@id":"https:\/\/lospoliticosveracruz.com\/#\/schema\/logo\/image\/","url":"https:\/\/lospoliticosveracruz.com\/wp-content\/uploads\/2025\/12\/Logo-Nuevo-LOS-POLITICOS-1.jpg","contentUrl":"https:\/\/lospoliticosveracruz.com\/wp-content\/uploads\/2025\/12\/Logo-Nuevo-LOS-POLITICOS-1.jpg","width":260,"height":70,"caption":"Los pol\u00edticos Veracruz"},"image":{"@id":"https:\/\/lospoliticosveracruz.com\/#\/schema\/logo\/image\/"},"sameAs":["https:\/\/www.facebook.com\/people\/Notimemes-de-los-Polticos\/61565672886568\/","https:\/\/x.com\/LosPoliticosVer"]},{"@type":"Person","@id":"https:\/\/lospoliticosveracruz.com\/#\/schema\/person\/b8702bb0e538456e6efd07080bf2a4a2","name":"Lo viste en Los Pol\u00edticos","image":{"@type":"ImageObject","inLanguage":"es","@id":"https:\/\/secure.gravatar.com\/avatar\/3a8de04a2656d44082be478bd6c086daa447c4651605818287b9532d3d0bd435?s=96&d=mm&r=g","url":"https:\/\/secure.gravatar.com\/avatar\/3a8de04a2656d44082be478bd6c086daa447c4651605818287b9532d3d0bd435?s=96&d=mm&r=g","contentUrl":"https:\/\/secure.gravatar.com\/avatar\/3a8de04a2656d44082be478bd6c086daa447c4651605818287b9532d3d0bd435?s=96&d=mm&r=g","caption":"Lo viste en Los Pol\u00edticos"},"url":"https:\/\/lospoliticosveracruz.com\/?author=2"}]}},"_links":{"self":[{"href":"https:\/\/lospoliticosveracruz.com\/index.php?rest_route=\/wp\/v2\/posts\/161236","targetHints":{"allow":["GET"]}}],"collection":[{"href":"https:\/\/lospoliticosveracruz.com\/index.php?rest_route=\/wp\/v2\/posts"}],"about":[{"href":"https:\/\/lospoliticosveracruz.com\/index.php?rest_route=\/wp\/v2\/types\/post"}],"author":[{"embeddable":true,"href":"https:\/\/lospoliticosveracruz.com\/index.php?rest_route=\/wp\/v2\/users\/2"}],"replies":[{"embeddable":true,"href":"https:\/\/lospoliticosveracruz.com\/index.php?rest_route=%2Fwp%2Fv2%2Fcomments&post=161236"}],"version-history":[{"count":2,"href":"https:\/\/lospoliticosveracruz.com\/index.php?rest_route=\/wp\/v2\/posts\/161236\/revisions"}],"predecessor-version":[{"id":161239,"href":"https:\/\/lospoliticosveracruz.com\/index.php?rest_route=\/wp\/v2\/posts\/161236\/revisions\/161239"}],"wp:featuredmedia":[{"embeddable":true,"href":"https:\/\/lospoliticosveracruz.com\/index.php?rest_route=\/wp\/v2\/media\/161237"}],"wp:attachment":[{"href":"https:\/\/lospoliticosveracruz.com\/index.php?rest_route=%2Fwp%2Fv2%2Fmedia&parent=161236"}],"wp:term":[{"taxonomy":"category","embeddable":true,"href":"https:\/\/lospoliticosveracruz.com\/index.php?rest_route=%2Fwp%2Fv2%2Fcategories&post=161236"},{"taxonomy":"post_tag","embeddable":true,"href":"https:\/\/lospoliticosveracruz.com\/index.php?rest_route=%2Fwp%2Fv2%2Ftags&post=161236"}],"curies":[{"name":"wp","href":"https:\/\/api.w.org\/{rel}","templated":true}]}}