{"id":161279,"date":"2026-01-23T05:59:31","date_gmt":"2026-01-23T11:59:31","guid":{"rendered":"https:\/\/lospoliticosveracruz.com\/?p=161279"},"modified":"2026-01-23T06:00:54","modified_gmt":"2026-01-23T12:00:54","slug":"persisten-reclamos-y-quejas-por-reemplacamiento","status":"publish","type":"post","link":"https:\/\/lospoliticosveracruz.com\/?p=161279","title":{"rendered":"PERSISTEN RECLAMOS Y QUEJAS POR REEMPLACAMIENTO"},"content":{"rendered":"\n<p><strong>Fanny Y\u00e9pez<\/strong><br><em>La Columna<\/em><\/p>\n\n\n\n<p>Despu\u00e9s de 22 d\u00edas de que se inici\u00f3 el programa de reemplacamiento en el estado de Veracruz, contin\u00faan report\u00e1ndose quejas por retrasos, largas filas y complicaciones en el tr\u00e1mite. Los conductores han denunciado demoras significativas, incluso pese a pr\u00f3rrogas anteriores.<br>Se siguen registrando quejas constantes por parte de automovilistas, debido a las largas filas y horas de espera en los m\u00f3dulos para realizar el canje de placas.<br>Durante el mes de enero de 2026, el programa de re emplacamiento vehicular en Veracruz, impulsado por el gobierno del estado, ha enfrentado diversas quejas y denuncias ciudadanas que apuntan a irregularidades, falta de organizaci\u00f3n y presuntos actos de corrupci\u00f3n.<br>\u00abNegocio millonario\u00bb y desorganizaci\u00f3n, ciudadanos y medios locales han calificado el proceso como un \u00abcalvario\u00bb denunciando ineficiencia en las oficinas de Hacienda, largas filas y tiempos de espera de horas, denuncias que no hemos podido corroborar, pero provienen de los mismos propietarios quienes aseguran que les han pedido hasta 5 mil pesos por agilizar el tr\u00e1mite, aunque se negaron a precisar quienes les han solicitado el pago de estas dadivas.<br>Cobro de \u00abmoches\u00bb: Se han reportado denuncias sobre presuntos actos de corrupci\u00f3n, incluyendo el cobro de \u00abmoches\u00bb (sobornos) para acelerar el tr\u00e1mite de canje de placas.<br>Desorden y quejas: A pesar de las quejas sobre \u00abtortura\u00bb burocr\u00e1tica, falta de placas y desorganizaci\u00f3n en oficinas como Xalapa, Veracruz, Orizaba, C\u00f3rdoba y Coatzacoalcos, la dependencia mantiene el programa para m\u00e1s de 1.5 millones de veh\u00edculos que no est\u00e1n regularizados.<br>Incentivos ante las quejas: Para mitigar el descontento, se anunciaron descuentos de hasta el 50% en los primeros meses de 2026, adem\u00e1s de un 30% adicional y condonaci\u00f3n de recargos de 2021 a 2025.<br>Los disgustados propietarios tambi\u00e9n se\u00f1alaron que hay una constante negativa de aplicar los descuentos, existe una presunta negativa por parte de funcionarios para aplicar descuentos establecidos en la Gaceta Oficial, argumentando \u00abinstrucciones\u00bb internas que no concuerdan con la normatividad\u201d.<br>Falta de l\u00e1minas, en diversas sedes como Veracruz, Orizaba, C\u00f3rdoba y Coatzacoalcos, los contribuyentes han reportado desorden absoluto y escasez de l\u00e1minas, a pesar de haber realizado el pago.<br>Irregularidades en motocicletas: Se han denunciado problemas en el sur de Veracruz con el reemplacamiento de motocicletas, donde a pesar de una pr\u00f3rroga, el servicio es ca\u00f3tico.<br>El programa, denominado \u00abA\u00f1o nuevo, placas nuevas\u00bb, busca la actualizaci\u00f3n del padr\u00f3n vehicular y es obligatorio para placas emitidas antes de diciembre de 2018. Aunque se prometieron descuentos del 50% en enero-abril y un tr\u00e1mite \u00e1gil, la implementaci\u00f3n ha generado rechazo ciudadano.<br>Las autoridades han exhortado a la poblaci\u00f3n a utilizar la Oficina Virtual de Hacienda (OVH), pero los usuarios reportan fallas en la plataforma y citas inoperantes.<br>Sefiplan habilit\u00f3 siete m\u00f3dulos principales para el programa de reemplacamiento 2026 en Veracruz, distribuidos en Xalapa y la zona conurbada (Veracruz, Boca del R\u00edo, Medell\u00edn), sumando m\u00e1s puntos como centros comerciales y oficinas de Hacienda para agilizar el tr\u00e1mite de alta vehicular y cambio de placas.<br>Estos m\u00f3dulos, incluyendo Plaza Crystal, SEV, Tr\u00e1nsito, Plaza Acuario y centros comerciales (Andamar, Las Brisas), atienden el canje sin cambio de propietario y el control vehicular.<br>En resumen, el Secretario de Finanzas y Planeacion, Miguel Santiago Reyes Hern\u00e1ndez ha reconocido la necesidad de un nuevo ordenamiento vehicular y ha respondido a las quejas ofreciendo incentivos fiscales y opciones digitales, en lugar de frenar el proceso de reemplacamiento. Sin embargo, el problema persiste, la ineficiencia en el servicio p\u00fablico es evidente. Comentan algunos contribuyentes que hasta cobrar le cuesta trabajo al gobierno.<br>El Caso del C\u00e1rtel Inmobiliario<br>De una vez por toda, el juez Leopoldo Toss Capistr\u00e1n, sali\u00f3 a dar la cara ante los se\u00f1alamientos que lo han venido involucrando en ese c\u00e1rtel inmobiliario, sin tener ninguna participaci\u00f3n en la entrega de documentos o de acciones en contra de los verdaderos propietarios.<br>Present\u00f3 una denuncia ante la Unidad Integral de Procuraci\u00f3n de Justicia del Distrito Judicial de Xalapa, con el objetivo de que se investigue la probable comisi\u00f3n de los delitos de fraude procesal, uso de documentos falsos, falsedad de declaraciones y falsificaci\u00f3n de documentos, derivados de un caso por el cual ha sido se\u00f1alado p\u00fablicamente como presunto integrante del llamado \u201cc\u00e1rtel inmobiliario\u201d.<br>La denuncia, registrada bajo la carpeta de investigaci\u00f3n XAL\/DXI\/F7\/131\/2026, se relaciona con el desalojo de una vivienda ubicada en la zona de Las \u00c1nimas, en Xalapa, hecho por el cual propietarios del inmueble aseguran haber sido despojados de manera ilegal y en que se menciona estuvo involucrado el Juez, lo cual es falso.<br>En el documento de denuncia, el juez niega haber participado en la diligencia de desalojo, al se\u00f1alar que no era titular del Juzgado Segundo al momento en que \u00e9sta se realiz\u00f3, ya que se encontraba adscrito al Juzgado Cuarto.<br>Toss Capistr\u00e1n afirma que su nombre ha sido utilizado sin pruebas para vincularlo a una supuesta red de despojos inmobiliarios, lo que, asegura, ha generado afectaciones personales y familiares, adem\u00e1s de da\u00f1ar su trayectoria de dos d\u00e9cadas como servidor p\u00fablico, durante las cuales \u2014afirma\u2014 no ha sido observado por irregularidades.<br>En la denuncia, el juzgador explica que los se\u00f1alamientos sobre una presunta venta del inmueble, a un precio inferior a su valor original, no corresponden a una valoraci\u00f3n que competa a los juzgadores, quienes act\u00faan de buena fe al recibir documentos que, en apariencia, cumplen con los requisitos legales.<br>Por esas y muchas razones m\u00e1s, solicita se realicen las investigaciones correspondientes y se determine quienes en realidad participan en esos delitos, con lo que se podr\u00edan dar por concluidos esos se\u00f1alamientos en su contra.<\/p>\n","protected":false},"excerpt":{"rendered":"<p>Fanny Y\u00e9pezLa Columna Despu\u00e9s de 22 d\u00edas de que se inici\u00f3 el programa de reemplacamiento en el estado de Veracruz, contin\u00faan report\u00e1ndose quejas por retrasos, largas filas y complicaciones en el tr\u00e1mite. Los conductores han denunciado demoras significativas, incluso pese a pr\u00f3rrogas anteriores.Se siguen registrando quejas constantes por parte de automovilistas, debido a las largas [&hellip;]<\/p>\n","protected":false},"author":2,"featured_media":141383,"comment_status":"closed","ping_status":"closed","sticky":false,"template":"","format":"standard","meta":{"tdm_status":"","tdm_grid_status":"","footnotes":""},"categories":[70],"tags":[50231,41936,7969,195],"class_list":{"0":"post-161279","1":"post","2":"type-post","3":"status-publish","4":"format-standard","5":"has-post-thumbnail","7":"category-de-opinion","8":"tag-leopoldo-toss-capistran","9":"tag-miguel-santiago-reyes-hernandez","10":"tag-reemplacamiento","11":"tag-veracruz"},"yoast_head":"<!-- This site is optimized with the Yoast SEO plugin v27.4 - https:\/\/yoast.com\/product\/yoast-seo-wordpress\/ -->\n<title>PERSISTEN RECLAMOS Y QUEJAS POR REEMPLACAMIENTO - Los pol\u00edticos Veracruz<\/title>\n<meta name=\"robots\" content=\"index, follow, max-snippet:-1, max-image-preview:large, max-video-preview:-1\" \/>\n<link rel=\"canonical\" href=\"https:\/\/lospoliticosveracruz.com\/?p=161279\" \/>\n<meta property=\"og:locale\" content=\"es_ES\" \/>\n<meta property=\"og:type\" content=\"article\" \/>\n<meta property=\"og:title\" content=\"PERSISTEN RECLAMOS Y QUEJAS POR REEMPLACAMIENTO - Los pol\u00edticos Veracruz\" \/>\n<meta property=\"og:description\" content=\"Fanny Y\u00e9pezLa Columna Despu\u00e9s de 22 d\u00edas de que se inici\u00f3 el programa de reemplacamiento en el estado de Veracruz, contin\u00faan report\u00e1ndose quejas por retrasos, largas filas y complicaciones en el tr\u00e1mite. Los conductores han denunciado demoras significativas, incluso pese a pr\u00f3rrogas anteriores.Se siguen registrando quejas constantes por parte de automovilistas, debido a las largas [&hellip;]\" \/>\n<meta property=\"og:url\" content=\"https:\/\/lospoliticosveracruz.com\/?p=161279\" \/>\n<meta property=\"og:site_name\" content=\"Los pol\u00edticos Veracruz\" \/>\n<meta property=\"article:publisher\" content=\"https:\/\/www.facebook.com\/people\/Notimemes-de-los-Polticos\/61565672886568\/\" \/>\n<meta property=\"article:published_time\" content=\"2026-01-23T11:59:31+00:00\" \/>\n<meta property=\"article:modified_time\" content=\"2026-01-23T12:00:54+00:00\" \/>\n<meta property=\"og:image\" content=\"https:\/\/lospoliticosveracruz.com\/wp-content\/uploads\/2025\/04\/Fanny-Yepez-Luna-e1768657334923.jpg\" \/>\n\t<meta property=\"og:image:width\" content=\"600\" \/>\n\t<meta property=\"og:image:height\" content=\"320\" \/>\n\t<meta property=\"og:image:type\" content=\"image\/jpeg\" \/>\n<meta name=\"author\" content=\"Lo viste en Los Pol\u00edticos\" \/>\n<meta name=\"twitter:card\" content=\"summary_large_image\" \/>\n<meta name=\"twitter:creator\" content=\"@LosPoliticosVer\" \/>\n<meta name=\"twitter:site\" content=\"@LosPoliticosVer\" \/>\n<meta name=\"twitter:label1\" content=\"Escrito por\" \/>\n\t<meta name=\"twitter:data1\" content=\"Lo viste en Los Pol\u00edticos\" \/>\n\t<meta name=\"twitter:label2\" content=\"Tiempo de lectura\" \/>\n\t<meta name=\"twitter:data2\" content=\"5 minutos\" \/>\n<script type=\"application\/ld+json\" class=\"yoast-schema-graph\">{\"@context\":\"https:\\\/\\\/schema.org\",\"@graph\":[{\"@type\":\"Article\",\"@id\":\"https:\\\/\\\/lospoliticosveracruz.com\\\/?p=161279#article\",\"isPartOf\":{\"@id\":\"https:\\\/\\\/lospoliticosveracruz.com\\\/?p=161279\"},\"author\":{\"name\":\"Lo viste en Los Pol\u00edticos\",\"@id\":\"https:\\\/\\\/lospoliticosveracruz.com\\\/#\\\/schema\\\/person\\\/b8702bb0e538456e6efd07080bf2a4a2\"},\"headline\":\"PERSISTEN RECLAMOS Y QUEJAS POR REEMPLACAMIENTO\",\"datePublished\":\"2026-01-23T11:59:31+00:00\",\"dateModified\":\"2026-01-23T12:00:54+00:00\",\"mainEntityOfPage\":{\"@id\":\"https:\\\/\\\/lospoliticosveracruz.com\\\/?p=161279\"},\"wordCount\":982,\"publisher\":{\"@id\":\"https:\\\/\\\/lospoliticosveracruz.com\\\/#organization\"},\"image\":{\"@id\":\"https:\\\/\\\/lospoliticosveracruz.com\\\/?p=161279#primaryimage\"},\"thumbnailUrl\":\"https:\\\/\\\/lospoliticosveracruz.com\\\/wp-content\\\/uploads\\\/2025\\\/04\\\/Fanny-Yepez-Luna-e1768657334923.jpg\",\"keywords\":[\"Leopoldo Toss Capistr\u00e1n\",\"Miguel Santiago Reyes Hern\u00e1ndez\",\"Reemplacamiento\",\"Veracruz\"],\"articleSection\":[\"De Opini\u00f3n\"],\"inLanguage\":\"es\"},{\"@type\":\"WebPage\",\"@id\":\"https:\\\/\\\/lospoliticosveracruz.com\\\/?p=161279\",\"url\":\"https:\\\/\\\/lospoliticosveracruz.com\\\/?p=161279\",\"name\":\"PERSISTEN RECLAMOS Y QUEJAS POR REEMPLACAMIENTO - Los pol\u00edticos Veracruz\",\"isPartOf\":{\"@id\":\"https:\\\/\\\/lospoliticosveracruz.com\\\/#website\"},\"primaryImageOfPage\":{\"@id\":\"https:\\\/\\\/lospoliticosveracruz.com\\\/?p=161279#primaryimage\"},\"image\":{\"@id\":\"https:\\\/\\\/lospoliticosveracruz.com\\\/?p=161279#primaryimage\"},\"thumbnailUrl\":\"https:\\\/\\\/lospoliticosveracruz.com\\\/wp-content\\\/uploads\\\/2025\\\/04\\\/Fanny-Yepez-Luna-e1768657334923.jpg\",\"datePublished\":\"2026-01-23T11:59:31+00:00\",\"dateModified\":\"2026-01-23T12:00:54+00:00\",\"breadcrumb\":{\"@id\":\"https:\\\/\\\/lospoliticosveracruz.com\\\/?p=161279#breadcrumb\"},\"inLanguage\":\"es\",\"potentialAction\":[{\"@type\":\"ReadAction\",\"target\":[\"https:\\\/\\\/lospoliticosveracruz.com\\\/?p=161279\"]}]},{\"@type\":\"ImageObject\",\"inLanguage\":\"es\",\"@id\":\"https:\\\/\\\/lospoliticosveracruz.com\\\/?p=161279#primaryimage\",\"url\":\"https:\\\/\\\/lospoliticosveracruz.com\\\/wp-content\\\/uploads\\\/2025\\\/04\\\/Fanny-Yepez-Luna-e1768657334923.jpg\",\"contentUrl\":\"https:\\\/\\\/lospoliticosveracruz.com\\\/wp-content\\\/uploads\\\/2025\\\/04\\\/Fanny-Yepez-Luna-e1768657334923.jpg\",\"width\":600,\"height\":320},{\"@type\":\"BreadcrumbList\",\"@id\":\"https:\\\/\\\/lospoliticosveracruz.com\\\/?p=161279#breadcrumb\",\"itemListElement\":[{\"@type\":\"ListItem\",\"position\":1,\"name\":\"Portada\",\"item\":\"https:\\\/\\\/lospoliticosveracruz.com\\\/\"},{\"@type\":\"ListItem\",\"position\":2,\"name\":\"PERSISTEN RECLAMOS Y QUEJAS POR REEMPLACAMIENTO\"}]},{\"@type\":\"WebSite\",\"@id\":\"https:\\\/\\\/lospoliticosveracruz.com\\\/#website\",\"url\":\"https:\\\/\\\/lospoliticosveracruz.com\\\/\",\"name\":\"Los pol\u00edticos Veracruz\",\"description\":\"\",\"publisher\":{\"@id\":\"https:\\\/\\\/lospoliticosveracruz.com\\\/#organization\"},\"potentialAction\":[{\"@type\":\"SearchAction\",\"target\":{\"@type\":\"EntryPoint\",\"urlTemplate\":\"https:\\\/\\\/lospoliticosveracruz.com\\\/?s={search_term_string}\"},\"query-input\":{\"@type\":\"PropertyValueSpecification\",\"valueRequired\":true,\"valueName\":\"search_term_string\"}}],\"inLanguage\":\"es\"},{\"@type\":\"Organization\",\"@id\":\"https:\\\/\\\/lospoliticosveracruz.com\\\/#organization\",\"name\":\"Los pol\u00edticos Veracruz\",\"url\":\"https:\\\/\\\/lospoliticosveracruz.com\\\/\",\"logo\":{\"@type\":\"ImageObject\",\"inLanguage\":\"es\",\"@id\":\"https:\\\/\\\/lospoliticosveracruz.com\\\/#\\\/schema\\\/logo\\\/image\\\/\",\"url\":\"https:\\\/\\\/lospoliticosveracruz.com\\\/wp-content\\\/uploads\\\/2025\\\/12\\\/Logo-Nuevo-LOS-POLITICOS-1.jpg\",\"contentUrl\":\"https:\\\/\\\/lospoliticosveracruz.com\\\/wp-content\\\/uploads\\\/2025\\\/12\\\/Logo-Nuevo-LOS-POLITICOS-1.jpg\",\"width\":260,\"height\":70,\"caption\":\"Los pol\u00edticos Veracruz\"},\"image\":{\"@id\":\"https:\\\/\\\/lospoliticosveracruz.com\\\/#\\\/schema\\\/logo\\\/image\\\/\"},\"sameAs\":[\"https:\\\/\\\/www.facebook.com\\\/people\\\/Notimemes-de-los-Polticos\\\/61565672886568\\\/\",\"https:\\\/\\\/x.com\\\/LosPoliticosVer\"]},{\"@type\":\"Person\",\"@id\":\"https:\\\/\\\/lospoliticosveracruz.com\\\/#\\\/schema\\\/person\\\/b8702bb0e538456e6efd07080bf2a4a2\",\"name\":\"Lo viste en Los Pol\u00edticos\",\"image\":{\"@type\":\"ImageObject\",\"inLanguage\":\"es\",\"@id\":\"https:\\\/\\\/secure.gravatar.com\\\/avatar\\\/3a8de04a2656d44082be478bd6c086daa447c4651605818287b9532d3d0bd435?s=96&d=mm&r=g\",\"url\":\"https:\\\/\\\/secure.gravatar.com\\\/avatar\\\/3a8de04a2656d44082be478bd6c086daa447c4651605818287b9532d3d0bd435?s=96&d=mm&r=g\",\"contentUrl\":\"https:\\\/\\\/secure.gravatar.com\\\/avatar\\\/3a8de04a2656d44082be478bd6c086daa447c4651605818287b9532d3d0bd435?s=96&d=mm&r=g\",\"caption\":\"Lo viste en Los Pol\u00edticos\"},\"url\":\"https:\\\/\\\/lospoliticosveracruz.com\\\/?author=2\"}]}<\/script>\n<!-- \/ Yoast SEO plugin. -->","yoast_head_json":{"title":"PERSISTEN RECLAMOS Y QUEJAS POR REEMPLACAMIENTO - Los pol\u00edticos Veracruz","robots":{"index":"index","follow":"follow","max-snippet":"max-snippet:-1","max-image-preview":"max-image-preview:large","max-video-preview":"max-video-preview:-1"},"canonical":"https:\/\/lospoliticosveracruz.com\/?p=161279","og_locale":"es_ES","og_type":"article","og_title":"PERSISTEN RECLAMOS Y QUEJAS POR REEMPLACAMIENTO - Los pol\u00edticos Veracruz","og_description":"Fanny Y\u00e9pezLa Columna Despu\u00e9s de 22 d\u00edas de que se inici\u00f3 el programa de reemplacamiento en el estado de Veracruz, contin\u00faan report\u00e1ndose quejas por retrasos, largas filas y complicaciones en el tr\u00e1mite. Los conductores han denunciado demoras significativas, incluso pese a pr\u00f3rrogas anteriores.Se siguen registrando quejas constantes por parte de automovilistas, debido a las largas [&hellip;]","og_url":"https:\/\/lospoliticosveracruz.com\/?p=161279","og_site_name":"Los pol\u00edticos Veracruz","article_publisher":"https:\/\/www.facebook.com\/people\/Notimemes-de-los-Polticos\/61565672886568\/","article_published_time":"2026-01-23T11:59:31+00:00","article_modified_time":"2026-01-23T12:00:54+00:00","og_image":[{"width":600,"height":320,"url":"https:\/\/lospoliticosveracruz.com\/wp-content\/uploads\/2025\/04\/Fanny-Yepez-Luna-e1768657334923.jpg","type":"image\/jpeg"}],"author":"Lo viste en Los Pol\u00edticos","twitter_card":"summary_large_image","twitter_creator":"@LosPoliticosVer","twitter_site":"@LosPoliticosVer","twitter_misc":{"Escrito por":"Lo viste en Los Pol\u00edticos","Tiempo de lectura":"5 minutos"},"schema":{"@context":"https:\/\/schema.org","@graph":[{"@type":"Article","@id":"https:\/\/lospoliticosveracruz.com\/?p=161279#article","isPartOf":{"@id":"https:\/\/lospoliticosveracruz.com\/?p=161279"},"author":{"name":"Lo viste en Los Pol\u00edticos","@id":"https:\/\/lospoliticosveracruz.com\/#\/schema\/person\/b8702bb0e538456e6efd07080bf2a4a2"},"headline":"PERSISTEN RECLAMOS Y QUEJAS POR REEMPLACAMIENTO","datePublished":"2026-01-23T11:59:31+00:00","dateModified":"2026-01-23T12:00:54+00:00","mainEntityOfPage":{"@id":"https:\/\/lospoliticosveracruz.com\/?p=161279"},"wordCount":982,"publisher":{"@id":"https:\/\/lospoliticosveracruz.com\/#organization"},"image":{"@id":"https:\/\/lospoliticosveracruz.com\/?p=161279#primaryimage"},"thumbnailUrl":"https:\/\/lospoliticosveracruz.com\/wp-content\/uploads\/2025\/04\/Fanny-Yepez-Luna-e1768657334923.jpg","keywords":["Leopoldo Toss Capistr\u00e1n","Miguel Santiago Reyes Hern\u00e1ndez","Reemplacamiento","Veracruz"],"articleSection":["De Opini\u00f3n"],"inLanguage":"es"},{"@type":"WebPage","@id":"https:\/\/lospoliticosveracruz.com\/?p=161279","url":"https:\/\/lospoliticosveracruz.com\/?p=161279","name":"PERSISTEN RECLAMOS Y QUEJAS POR REEMPLACAMIENTO - Los pol\u00edticos Veracruz","isPartOf":{"@id":"https:\/\/lospoliticosveracruz.com\/#website"},"primaryImageOfPage":{"@id":"https:\/\/lospoliticosveracruz.com\/?p=161279#primaryimage"},"image":{"@id":"https:\/\/lospoliticosveracruz.com\/?p=161279#primaryimage"},"thumbnailUrl":"https:\/\/lospoliticosveracruz.com\/wp-content\/uploads\/2025\/04\/Fanny-Yepez-Luna-e1768657334923.jpg","datePublished":"2026-01-23T11:59:31+00:00","dateModified":"2026-01-23T12:00:54+00:00","breadcrumb":{"@id":"https:\/\/lospoliticosveracruz.com\/?p=161279#breadcrumb"},"inLanguage":"es","potentialAction":[{"@type":"ReadAction","target":["https:\/\/lospoliticosveracruz.com\/?p=161279"]}]},{"@type":"ImageObject","inLanguage":"es","@id":"https:\/\/lospoliticosveracruz.com\/?p=161279#primaryimage","url":"https:\/\/lospoliticosveracruz.com\/wp-content\/uploads\/2025\/04\/Fanny-Yepez-Luna-e1768657334923.jpg","contentUrl":"https:\/\/lospoliticosveracruz.com\/wp-content\/uploads\/2025\/04\/Fanny-Yepez-Luna-e1768657334923.jpg","width":600,"height":320},{"@type":"BreadcrumbList","@id":"https:\/\/lospoliticosveracruz.com\/?p=161279#breadcrumb","itemListElement":[{"@type":"ListItem","position":1,"name":"Portada","item":"https:\/\/lospoliticosveracruz.com\/"},{"@type":"ListItem","position":2,"name":"PERSISTEN RECLAMOS Y QUEJAS POR REEMPLACAMIENTO"}]},{"@type":"WebSite","@id":"https:\/\/lospoliticosveracruz.com\/#website","url":"https:\/\/lospoliticosveracruz.com\/","name":"Los pol\u00edticos Veracruz","description":"","publisher":{"@id":"https:\/\/lospoliticosveracruz.com\/#organization"},"potentialAction":[{"@type":"SearchAction","target":{"@type":"EntryPoint","urlTemplate":"https:\/\/lospoliticosveracruz.com\/?s={search_term_string}"},"query-input":{"@type":"PropertyValueSpecification","valueRequired":true,"valueName":"search_term_string"}}],"inLanguage":"es"},{"@type":"Organization","@id":"https:\/\/lospoliticosveracruz.com\/#organization","name":"Los pol\u00edticos Veracruz","url":"https:\/\/lospoliticosveracruz.com\/","logo":{"@type":"ImageObject","inLanguage":"es","@id":"https:\/\/lospoliticosveracruz.com\/#\/schema\/logo\/image\/","url":"https:\/\/lospoliticosveracruz.com\/wp-content\/uploads\/2025\/12\/Logo-Nuevo-LOS-POLITICOS-1.jpg","contentUrl":"https:\/\/lospoliticosveracruz.com\/wp-content\/uploads\/2025\/12\/Logo-Nuevo-LOS-POLITICOS-1.jpg","width":260,"height":70,"caption":"Los pol\u00edticos Veracruz"},"image":{"@id":"https:\/\/lospoliticosveracruz.com\/#\/schema\/logo\/image\/"},"sameAs":["https:\/\/www.facebook.com\/people\/Notimemes-de-los-Polticos\/61565672886568\/","https:\/\/x.com\/LosPoliticosVer"]},{"@type":"Person","@id":"https:\/\/lospoliticosveracruz.com\/#\/schema\/person\/b8702bb0e538456e6efd07080bf2a4a2","name":"Lo viste en Los Pol\u00edticos","image":{"@type":"ImageObject","inLanguage":"es","@id":"https:\/\/secure.gravatar.com\/avatar\/3a8de04a2656d44082be478bd6c086daa447c4651605818287b9532d3d0bd435?s=96&d=mm&r=g","url":"https:\/\/secure.gravatar.com\/avatar\/3a8de04a2656d44082be478bd6c086daa447c4651605818287b9532d3d0bd435?s=96&d=mm&r=g","contentUrl":"https:\/\/secure.gravatar.com\/avatar\/3a8de04a2656d44082be478bd6c086daa447c4651605818287b9532d3d0bd435?s=96&d=mm&r=g","caption":"Lo viste en Los Pol\u00edticos"},"url":"https:\/\/lospoliticosveracruz.com\/?author=2"}]}},"_links":{"self":[{"href":"https:\/\/lospoliticosveracruz.com\/index.php?rest_route=\/wp\/v2\/posts\/161279","targetHints":{"allow":["GET"]}}],"collection":[{"href":"https:\/\/lospoliticosveracruz.com\/index.php?rest_route=\/wp\/v2\/posts"}],"about":[{"href":"https:\/\/lospoliticosveracruz.com\/index.php?rest_route=\/wp\/v2\/types\/post"}],"author":[{"embeddable":true,"href":"https:\/\/lospoliticosveracruz.com\/index.php?rest_route=\/wp\/v2\/users\/2"}],"replies":[{"embeddable":true,"href":"https:\/\/lospoliticosveracruz.com\/index.php?rest_route=%2Fwp%2Fv2%2Fcomments&post=161279"}],"version-history":[{"count":1,"href":"https:\/\/lospoliticosveracruz.com\/index.php?rest_route=\/wp\/v2\/posts\/161279\/revisions"}],"predecessor-version":[{"id":161280,"href":"https:\/\/lospoliticosveracruz.com\/index.php?rest_route=\/wp\/v2\/posts\/161279\/revisions\/161280"}],"wp:featuredmedia":[{"embeddable":true,"href":"https:\/\/lospoliticosveracruz.com\/index.php?rest_route=\/wp\/v2\/media\/141383"}],"wp:attachment":[{"href":"https:\/\/lospoliticosveracruz.com\/index.php?rest_route=%2Fwp%2Fv2%2Fmedia&parent=161279"}],"wp:term":[{"taxonomy":"category","embeddable":true,"href":"https:\/\/lospoliticosveracruz.com\/index.php?rest_route=%2Fwp%2Fv2%2Fcategories&post=161279"},{"taxonomy":"post_tag","embeddable":true,"href":"https:\/\/lospoliticosveracruz.com\/index.php?rest_route=%2Fwp%2Fv2%2Ftags&post=161279"}],"curies":[{"name":"wp","href":"https:\/\/api.w.org\/{rel}","templated":true}]}}