{"id":161282,"date":"2026-01-23T06:35:25","date_gmt":"2026-01-23T12:35:25","guid":{"rendered":"https:\/\/lospoliticosveracruz.com\/?p=161282"},"modified":"2026-01-23T06:35:27","modified_gmt":"2026-01-23T12:35:27","slug":"con-el-mundo-empresarial-hemos-topado","status":"publish","type":"post","link":"https:\/\/lospoliticosveracruz.com\/?p=161282","title":{"rendered":"\u201cCON EL MUNDO EMPRESARIAL HEMOS TOPADO\u201d"},"content":{"rendered":"\n<p><strong>Felipe de Jes\u00fas Fern\u00e1ndez Basilio<\/strong><br><em>Desde a Janela<\/em><\/p>\n\n\n\n<p>Del Quijote deriva la expresi\u00f3n&nbsp;popular&nbsp;<em>\u201ccon la Iglesia hemos topado\u201d<\/em>, misma que se aplica para cuando un poder superior se convierte en un obst\u00e1culo para lograr un objetivo.<\/p>\n\n\n\n<p>Y en cuestiones pol\u00edticas ese poder superior en muchos casos es ocupado&nbsp;y ejercido por los empresarios, sin importar el tama\u00f1o de sus empresas, ya que de nada sirve que alguna persona o partido concentre en s\u00ed mismo la totalidad del poder p\u00fablico si&nbsp;no puede hacer crecer la actividad econ\u00f3mica&nbsp;y mucho menos si \u00e9sta se derrumba.<\/p>\n\n\n\n<p>Est\u00e1 m\u00e1s que comprobado que la riqueza se genera a partir del capital que se invierte para crear empresas, la cuales a su vez son fuentes de trabajo y tambi\u00e9n de impuestos; es decir, la abundancia de empresas genera prosperidad a sus trabajadores y al Estado mientras que su escasez provoca pobreza y estancamiento econ\u00f3mico.<\/p>\n\n\n\n<p>Por ello, una regla fundamental de la pol\u00edtica es generar las condiciones \u00f3ptimas para que la econom\u00eda privada se desarrolle plenamente y si no se cumple con ella, la consecuencia es el fracaso real de quien detenta la autoridad sin importar su grado de poder o su orientaci\u00f3n ideol\u00f3gica.<\/p>\n\n\n\n<p>Por ejemplo, el mismo Trump&nbsp;top\u00f3 con pared cuando despu\u00e9s de resultar victorioso con la detenci\u00f3n y traslado de Maduro a los E.U. y decir que a partir de ese momento Venezuela iba a ganar mucho dinero gracias a las inversiones norteamericanas, los empresarios petroleros que se reunieron con \u00e9l en la Casa Blanca dijeron que no iban a invertir ni un d\u00f3lar en extraer petr\u00f3leo de Venezuela por resultar muy caro y con poca o nula certeza jur\u00eddica brindada debido a los chavistas que, de momento sumisos, permanecen el poder.<\/p>\n\n\n\n<p>As\u00ed es, el presidente de los Estados Unidos qued\u00f3 mal por el hecho no poder garantizar la certeza jur\u00eddica necesaria para atraer inversiones en la muy deteriorada industria petrolera venezolana&nbsp;y ni todo el poder pol\u00edtico que ha acumulado ni mucho menos el \u00e9xito militar logr\u00f3 que los empresarios petroleros de su propio pa\u00eds invirtieran en Venezuela.<\/p>\n\n\n\n<p>Lo mismo sucede en M\u00e9xico,&nbsp;en donde la transformaci\u00f3n que no fue y ni tampoco ser\u00e1 ha acumulado pr\u00e1cticamente la totalidad del poder p\u00fablico sin poder motivar a los empresarios mexicanos a invertir m\u00e1s capital en el pa\u00eds.<\/p>\n\n\n\n<p>Y esto se debe a que tama\u00f1a concentraci\u00f3n de poder genera vicios como la corrupci\u00f3n, la arbitrariedad, la impunidad y otros m\u00e1s que generan condiciones adversas para la inversi\u00f3n.<\/p>\n\n\n\n<p>\u00bfQui\u00e9n se anima a invertir si ya no existe un poder judicial profesional que sea capaz de brindar certeza jur\u00eddica o si no sabe si el d\u00eda de ma\u00f1ana se incrementen los impuestos de una manera abusiva y no haya manera de&nbsp;ganarle un pleito por ese motivo al gobierno?<\/p>\n\n\n\n<p>La realidad es dura y en este caso el dinero est\u00e1 mejor debajo del colch\u00f3n o trabajando en otro pa\u00eds que ofrezca mejores condiciones para el \u00e9xito de la empresa y as\u00ed el gobierno diga palabras bonitas como el llamado \u201cPlan M\u00e9xico\u201d, las inversiones simplemente no se van a producir porque no existen las condiciones para que sean exitosas.<\/p>\n\n\n\n<p>El gobierno tiene mucho poder y puede hacer con \u00e9l muchas cosas, pero lo que s\u00ed no puede hacer es obligar a la gente a invertir su dinero en empresas que generen trabajo e impuestos, ya que las inversiones son decisiones individuales que se producen despu\u00e9s de sopesar su viabilidad.<\/p>\n\n\n\n<p>Y esta \u00faltima solo se produce si existen las condiciones de seguridad en todos los \u00e1mbitos para que puedan&nbsp;ser exitosas y eso es algo que el gobierno no solo puede, sino que debe de generar.<\/p>\n\n\n\n<p>Los pa\u00edses con gobiernos exitosos por regla general tienen empresas y empresarios exitosos y, en consecuencia, una poblaci\u00f3n pr\u00f3spera; en cambio, los pa\u00edses cuyos gobiernos destruyen la inversi\u00f3n&nbsp;s\u00f3lo<a><\/a>&nbsp;pueden administrar la miseria y ah\u00ed es en donde radica el fracaso hist\u00f3rico y universal del marxismo leninismo.<\/p>\n\n\n\n<p>Por ello es que no importa el grado de poder que alguien logre amasar en un determinado Estado si no logra convencer a los emprendedores para generar riqueza y por ello bien se puede parafrasear a la sabidur\u00eda popular y decirle al poderoso:&nbsp;<em>\u201ccon el mundo empresarial hemos topado\u201d<\/em>.<\/p>\n\n\n\n<p><a href=\"mailto:felfebas@gmail.com\">felfebas@gmail.com<\/a><\/p>\n\n\n\n<p>X: @FelipeFBasilio<\/p>\n","protected":false},"excerpt":{"rendered":"<p>Felipe de Jes\u00fas Fern\u00e1ndez BasilioDesde a Janela Del Quijote deriva la expresi\u00f3n&nbsp;popular&nbsp;\u201ccon la Iglesia hemos topado\u201d, misma que se aplica para cuando un poder superior se convierte en un obst\u00e1culo para lograr un objetivo. Y en cuestiones pol\u00edticas ese poder superior en muchos casos es ocupado&nbsp;y ejercido por los empresarios, sin importar el tama\u00f1o de [&hellip;]<\/p>\n","protected":false},"author":2,"featured_media":141384,"comment_status":"closed","ping_status":"closed","sticky":false,"template":"","format":"standard","meta":{"tdm_status":"","tdm_grid_status":"","footnotes":""},"categories":[70],"tags":[2846,123,11706,2019,48562],"class_list":{"0":"post-161282","1":"post","2":"type-post","3":"status-publish","4":"format-standard","5":"has-post-thumbnail","7":"category-de-opinion","8":"tag-donald-trump","9":"tag-estados-unidos","10":"tag-inversiones","11":"tag-petroleo","12":"tag-venezuela"},"yoast_head":"<!-- This site is optimized with the Yoast SEO plugin v27.4 - https:\/\/yoast.com\/product\/yoast-seo-wordpress\/ -->\n<title>\u201cCON EL MUNDO EMPRESARIAL HEMOS TOPADO\u201d - Los pol\u00edticos Veracruz<\/title>\n<meta name=\"robots\" content=\"index, follow, max-snippet:-1, max-image-preview:large, max-video-preview:-1\" \/>\n<link rel=\"canonical\" href=\"https:\/\/lospoliticosveracruz.com\/?p=161282\" \/>\n<meta property=\"og:locale\" content=\"es_ES\" \/>\n<meta property=\"og:type\" content=\"article\" \/>\n<meta property=\"og:title\" content=\"\u201cCON EL MUNDO EMPRESARIAL HEMOS TOPADO\u201d - Los pol\u00edticos Veracruz\" \/>\n<meta property=\"og:description\" content=\"Felipe de Jes\u00fas Fern\u00e1ndez BasilioDesde a Janela Del Quijote deriva la expresi\u00f3n&nbsp;popular&nbsp;\u201ccon la Iglesia hemos topado\u201d, misma que se aplica para cuando un poder superior se convierte en un obst\u00e1culo para lograr un objetivo. Y en cuestiones pol\u00edticas ese poder superior en muchos casos es ocupado&nbsp;y ejercido por los empresarios, sin importar el tama\u00f1o de [&hellip;]\" \/>\n<meta property=\"og:url\" content=\"https:\/\/lospoliticosveracruz.com\/?p=161282\" \/>\n<meta property=\"og:site_name\" content=\"Los pol\u00edticos Veracruz\" \/>\n<meta property=\"article:publisher\" content=\"https:\/\/www.facebook.com\/people\/Notimemes-de-los-Polticos\/61565672886568\/\" \/>\n<meta property=\"article:published_time\" content=\"2026-01-23T12:35:25+00:00\" \/>\n<meta property=\"article:modified_time\" content=\"2026-01-23T12:35:27+00:00\" \/>\n<meta property=\"og:image\" content=\"https:\/\/lospoliticosveracruz.com\/wp-content\/uploads\/2025\/04\/Felipe-Fernandez-Basilio-e1767959429910.jpg\" \/>\n\t<meta property=\"og:image:width\" content=\"600\" \/>\n\t<meta property=\"og:image:height\" content=\"320\" \/>\n\t<meta property=\"og:image:type\" content=\"image\/jpeg\" \/>\n<meta name=\"author\" content=\"Lo viste en Los Pol\u00edticos\" \/>\n<meta name=\"twitter:card\" content=\"summary_large_image\" \/>\n<meta name=\"twitter:creator\" content=\"@LosPoliticosVer\" \/>\n<meta name=\"twitter:site\" content=\"@LosPoliticosVer\" \/>\n<meta name=\"twitter:label1\" content=\"Escrito por\" \/>\n\t<meta name=\"twitter:data1\" content=\"Lo viste en Los Pol\u00edticos\" \/>\n\t<meta name=\"twitter:label2\" content=\"Tiempo de lectura\" \/>\n\t<meta name=\"twitter:data2\" content=\"4 minutos\" \/>\n<script type=\"application\/ld+json\" class=\"yoast-schema-graph\">{\"@context\":\"https:\\\/\\\/schema.org\",\"@graph\":[{\"@type\":\"Article\",\"@id\":\"https:\\\/\\\/lospoliticosveracruz.com\\\/?p=161282#article\",\"isPartOf\":{\"@id\":\"https:\\\/\\\/lospoliticosveracruz.com\\\/?p=161282\"},\"author\":{\"name\":\"Lo viste en Los Pol\u00edticos\",\"@id\":\"https:\\\/\\\/lospoliticosveracruz.com\\\/#\\\/schema\\\/person\\\/b8702bb0e538456e6efd07080bf2a4a2\"},\"headline\":\"\u201cCON EL MUNDO EMPRESARIAL HEMOS TOPADO\u201d\",\"datePublished\":\"2026-01-23T12:35:25+00:00\",\"dateModified\":\"2026-01-23T12:35:27+00:00\",\"mainEntityOfPage\":{\"@id\":\"https:\\\/\\\/lospoliticosveracruz.com\\\/?p=161282\"},\"wordCount\":780,\"publisher\":{\"@id\":\"https:\\\/\\\/lospoliticosveracruz.com\\\/#organization\"},\"image\":{\"@id\":\"https:\\\/\\\/lospoliticosveracruz.com\\\/?p=161282#primaryimage\"},\"thumbnailUrl\":\"https:\\\/\\\/lospoliticosveracruz.com\\\/wp-content\\\/uploads\\\/2025\\\/04\\\/Felipe-Fernandez-Basilio-e1767959429910.jpg\",\"keywords\":[\"Donald Trump\",\"Estados Unidos\",\"inversiones\",\"Petr\u00f3leo\",\"Venezuela\"],\"articleSection\":[\"De Opini\u00f3n\"],\"inLanguage\":\"es\"},{\"@type\":\"WebPage\",\"@id\":\"https:\\\/\\\/lospoliticosveracruz.com\\\/?p=161282\",\"url\":\"https:\\\/\\\/lospoliticosveracruz.com\\\/?p=161282\",\"name\":\"\u201cCON EL MUNDO EMPRESARIAL HEMOS TOPADO\u201d - Los pol\u00edticos Veracruz\",\"isPartOf\":{\"@id\":\"https:\\\/\\\/lospoliticosveracruz.com\\\/#website\"},\"primaryImageOfPage\":{\"@id\":\"https:\\\/\\\/lospoliticosveracruz.com\\\/?p=161282#primaryimage\"},\"image\":{\"@id\":\"https:\\\/\\\/lospoliticosveracruz.com\\\/?p=161282#primaryimage\"},\"thumbnailUrl\":\"https:\\\/\\\/lospoliticosveracruz.com\\\/wp-content\\\/uploads\\\/2025\\\/04\\\/Felipe-Fernandez-Basilio-e1767959429910.jpg\",\"datePublished\":\"2026-01-23T12:35:25+00:00\",\"dateModified\":\"2026-01-23T12:35:27+00:00\",\"breadcrumb\":{\"@id\":\"https:\\\/\\\/lospoliticosveracruz.com\\\/?p=161282#breadcrumb\"},\"inLanguage\":\"es\",\"potentialAction\":[{\"@type\":\"ReadAction\",\"target\":[\"https:\\\/\\\/lospoliticosveracruz.com\\\/?p=161282\"]}]},{\"@type\":\"ImageObject\",\"inLanguage\":\"es\",\"@id\":\"https:\\\/\\\/lospoliticosveracruz.com\\\/?p=161282#primaryimage\",\"url\":\"https:\\\/\\\/lospoliticosveracruz.com\\\/wp-content\\\/uploads\\\/2025\\\/04\\\/Felipe-Fernandez-Basilio-e1767959429910.jpg\",\"contentUrl\":\"https:\\\/\\\/lospoliticosveracruz.com\\\/wp-content\\\/uploads\\\/2025\\\/04\\\/Felipe-Fernandez-Basilio-e1767959429910.jpg\",\"width\":600,\"height\":320},{\"@type\":\"BreadcrumbList\",\"@id\":\"https:\\\/\\\/lospoliticosveracruz.com\\\/?p=161282#breadcrumb\",\"itemListElement\":[{\"@type\":\"ListItem\",\"position\":1,\"name\":\"Portada\",\"item\":\"https:\\\/\\\/lospoliticosveracruz.com\\\/\"},{\"@type\":\"ListItem\",\"position\":2,\"name\":\"\u201cCON EL MUNDO EMPRESARIAL HEMOS TOPADO\u201d\"}]},{\"@type\":\"WebSite\",\"@id\":\"https:\\\/\\\/lospoliticosveracruz.com\\\/#website\",\"url\":\"https:\\\/\\\/lospoliticosveracruz.com\\\/\",\"name\":\"Los pol\u00edticos Veracruz\",\"description\":\"\",\"publisher\":{\"@id\":\"https:\\\/\\\/lospoliticosveracruz.com\\\/#organization\"},\"potentialAction\":[{\"@type\":\"SearchAction\",\"target\":{\"@type\":\"EntryPoint\",\"urlTemplate\":\"https:\\\/\\\/lospoliticosveracruz.com\\\/?s={search_term_string}\"},\"query-input\":{\"@type\":\"PropertyValueSpecification\",\"valueRequired\":true,\"valueName\":\"search_term_string\"}}],\"inLanguage\":\"es\"},{\"@type\":\"Organization\",\"@id\":\"https:\\\/\\\/lospoliticosveracruz.com\\\/#organization\",\"name\":\"Los pol\u00edticos Veracruz\",\"url\":\"https:\\\/\\\/lospoliticosveracruz.com\\\/\",\"logo\":{\"@type\":\"ImageObject\",\"inLanguage\":\"es\",\"@id\":\"https:\\\/\\\/lospoliticosveracruz.com\\\/#\\\/schema\\\/logo\\\/image\\\/\",\"url\":\"https:\\\/\\\/lospoliticosveracruz.com\\\/wp-content\\\/uploads\\\/2025\\\/12\\\/Logo-Nuevo-LOS-POLITICOS-1.jpg\",\"contentUrl\":\"https:\\\/\\\/lospoliticosveracruz.com\\\/wp-content\\\/uploads\\\/2025\\\/12\\\/Logo-Nuevo-LOS-POLITICOS-1.jpg\",\"width\":260,\"height\":70,\"caption\":\"Los pol\u00edticos Veracruz\"},\"image\":{\"@id\":\"https:\\\/\\\/lospoliticosveracruz.com\\\/#\\\/schema\\\/logo\\\/image\\\/\"},\"sameAs\":[\"https:\\\/\\\/www.facebook.com\\\/people\\\/Notimemes-de-los-Polticos\\\/61565672886568\\\/\",\"https:\\\/\\\/x.com\\\/LosPoliticosVer\"]},{\"@type\":\"Person\",\"@id\":\"https:\\\/\\\/lospoliticosveracruz.com\\\/#\\\/schema\\\/person\\\/b8702bb0e538456e6efd07080bf2a4a2\",\"name\":\"Lo viste en Los Pol\u00edticos\",\"image\":{\"@type\":\"ImageObject\",\"inLanguage\":\"es\",\"@id\":\"https:\\\/\\\/secure.gravatar.com\\\/avatar\\\/3a8de04a2656d44082be478bd6c086daa447c4651605818287b9532d3d0bd435?s=96&d=mm&r=g\",\"url\":\"https:\\\/\\\/secure.gravatar.com\\\/avatar\\\/3a8de04a2656d44082be478bd6c086daa447c4651605818287b9532d3d0bd435?s=96&d=mm&r=g\",\"contentUrl\":\"https:\\\/\\\/secure.gravatar.com\\\/avatar\\\/3a8de04a2656d44082be478bd6c086daa447c4651605818287b9532d3d0bd435?s=96&d=mm&r=g\",\"caption\":\"Lo viste en Los Pol\u00edticos\"},\"url\":\"https:\\\/\\\/lospoliticosveracruz.com\\\/?author=2\"}]}<\/script>\n<!-- \/ Yoast SEO plugin. -->","yoast_head_json":{"title":"\u201cCON EL MUNDO EMPRESARIAL HEMOS TOPADO\u201d - Los pol\u00edticos Veracruz","robots":{"index":"index","follow":"follow","max-snippet":"max-snippet:-1","max-image-preview":"max-image-preview:large","max-video-preview":"max-video-preview:-1"},"canonical":"https:\/\/lospoliticosveracruz.com\/?p=161282","og_locale":"es_ES","og_type":"article","og_title":"\u201cCON EL MUNDO EMPRESARIAL HEMOS TOPADO\u201d - Los pol\u00edticos Veracruz","og_description":"Felipe de Jes\u00fas Fern\u00e1ndez BasilioDesde a Janela Del Quijote deriva la expresi\u00f3n&nbsp;popular&nbsp;\u201ccon la Iglesia hemos topado\u201d, misma que se aplica para cuando un poder superior se convierte en un obst\u00e1culo para lograr un objetivo. Y en cuestiones pol\u00edticas ese poder superior en muchos casos es ocupado&nbsp;y ejercido por los empresarios, sin importar el tama\u00f1o de [&hellip;]","og_url":"https:\/\/lospoliticosveracruz.com\/?p=161282","og_site_name":"Los pol\u00edticos Veracruz","article_publisher":"https:\/\/www.facebook.com\/people\/Notimemes-de-los-Polticos\/61565672886568\/","article_published_time":"2026-01-23T12:35:25+00:00","article_modified_time":"2026-01-23T12:35:27+00:00","og_image":[{"width":600,"height":320,"url":"https:\/\/lospoliticosveracruz.com\/wp-content\/uploads\/2025\/04\/Felipe-Fernandez-Basilio-e1767959429910.jpg","type":"image\/jpeg"}],"author":"Lo viste en Los Pol\u00edticos","twitter_card":"summary_large_image","twitter_creator":"@LosPoliticosVer","twitter_site":"@LosPoliticosVer","twitter_misc":{"Escrito por":"Lo viste en Los Pol\u00edticos","Tiempo de lectura":"4 minutos"},"schema":{"@context":"https:\/\/schema.org","@graph":[{"@type":"Article","@id":"https:\/\/lospoliticosveracruz.com\/?p=161282#article","isPartOf":{"@id":"https:\/\/lospoliticosveracruz.com\/?p=161282"},"author":{"name":"Lo viste en Los Pol\u00edticos","@id":"https:\/\/lospoliticosveracruz.com\/#\/schema\/person\/b8702bb0e538456e6efd07080bf2a4a2"},"headline":"\u201cCON EL MUNDO EMPRESARIAL HEMOS TOPADO\u201d","datePublished":"2026-01-23T12:35:25+00:00","dateModified":"2026-01-23T12:35:27+00:00","mainEntityOfPage":{"@id":"https:\/\/lospoliticosveracruz.com\/?p=161282"},"wordCount":780,"publisher":{"@id":"https:\/\/lospoliticosveracruz.com\/#organization"},"image":{"@id":"https:\/\/lospoliticosveracruz.com\/?p=161282#primaryimage"},"thumbnailUrl":"https:\/\/lospoliticosveracruz.com\/wp-content\/uploads\/2025\/04\/Felipe-Fernandez-Basilio-e1767959429910.jpg","keywords":["Donald Trump","Estados Unidos","inversiones","Petr\u00f3leo","Venezuela"],"articleSection":["De Opini\u00f3n"],"inLanguage":"es"},{"@type":"WebPage","@id":"https:\/\/lospoliticosveracruz.com\/?p=161282","url":"https:\/\/lospoliticosveracruz.com\/?p=161282","name":"\u201cCON EL MUNDO EMPRESARIAL HEMOS TOPADO\u201d - Los pol\u00edticos Veracruz","isPartOf":{"@id":"https:\/\/lospoliticosveracruz.com\/#website"},"primaryImageOfPage":{"@id":"https:\/\/lospoliticosveracruz.com\/?p=161282#primaryimage"},"image":{"@id":"https:\/\/lospoliticosveracruz.com\/?p=161282#primaryimage"},"thumbnailUrl":"https:\/\/lospoliticosveracruz.com\/wp-content\/uploads\/2025\/04\/Felipe-Fernandez-Basilio-e1767959429910.jpg","datePublished":"2026-01-23T12:35:25+00:00","dateModified":"2026-01-23T12:35:27+00:00","breadcrumb":{"@id":"https:\/\/lospoliticosveracruz.com\/?p=161282#breadcrumb"},"inLanguage":"es","potentialAction":[{"@type":"ReadAction","target":["https:\/\/lospoliticosveracruz.com\/?p=161282"]}]},{"@type":"ImageObject","inLanguage":"es","@id":"https:\/\/lospoliticosveracruz.com\/?p=161282#primaryimage","url":"https:\/\/lospoliticosveracruz.com\/wp-content\/uploads\/2025\/04\/Felipe-Fernandez-Basilio-e1767959429910.jpg","contentUrl":"https:\/\/lospoliticosveracruz.com\/wp-content\/uploads\/2025\/04\/Felipe-Fernandez-Basilio-e1767959429910.jpg","width":600,"height":320},{"@type":"BreadcrumbList","@id":"https:\/\/lospoliticosveracruz.com\/?p=161282#breadcrumb","itemListElement":[{"@type":"ListItem","position":1,"name":"Portada","item":"https:\/\/lospoliticosveracruz.com\/"},{"@type":"ListItem","position":2,"name":"\u201cCON EL MUNDO EMPRESARIAL HEMOS TOPADO\u201d"}]},{"@type":"WebSite","@id":"https:\/\/lospoliticosveracruz.com\/#website","url":"https:\/\/lospoliticosveracruz.com\/","name":"Los pol\u00edticos Veracruz","description":"","publisher":{"@id":"https:\/\/lospoliticosveracruz.com\/#organization"},"potentialAction":[{"@type":"SearchAction","target":{"@type":"EntryPoint","urlTemplate":"https:\/\/lospoliticosveracruz.com\/?s={search_term_string}"},"query-input":{"@type":"PropertyValueSpecification","valueRequired":true,"valueName":"search_term_string"}}],"inLanguage":"es"},{"@type":"Organization","@id":"https:\/\/lospoliticosveracruz.com\/#organization","name":"Los pol\u00edticos Veracruz","url":"https:\/\/lospoliticosveracruz.com\/","logo":{"@type":"ImageObject","inLanguage":"es","@id":"https:\/\/lospoliticosveracruz.com\/#\/schema\/logo\/image\/","url":"https:\/\/lospoliticosveracruz.com\/wp-content\/uploads\/2025\/12\/Logo-Nuevo-LOS-POLITICOS-1.jpg","contentUrl":"https:\/\/lospoliticosveracruz.com\/wp-content\/uploads\/2025\/12\/Logo-Nuevo-LOS-POLITICOS-1.jpg","width":260,"height":70,"caption":"Los pol\u00edticos Veracruz"},"image":{"@id":"https:\/\/lospoliticosveracruz.com\/#\/schema\/logo\/image\/"},"sameAs":["https:\/\/www.facebook.com\/people\/Notimemes-de-los-Polticos\/61565672886568\/","https:\/\/x.com\/LosPoliticosVer"]},{"@type":"Person","@id":"https:\/\/lospoliticosveracruz.com\/#\/schema\/person\/b8702bb0e538456e6efd07080bf2a4a2","name":"Lo viste en Los Pol\u00edticos","image":{"@type":"ImageObject","inLanguage":"es","@id":"https:\/\/secure.gravatar.com\/avatar\/3a8de04a2656d44082be478bd6c086daa447c4651605818287b9532d3d0bd435?s=96&d=mm&r=g","url":"https:\/\/secure.gravatar.com\/avatar\/3a8de04a2656d44082be478bd6c086daa447c4651605818287b9532d3d0bd435?s=96&d=mm&r=g","contentUrl":"https:\/\/secure.gravatar.com\/avatar\/3a8de04a2656d44082be478bd6c086daa447c4651605818287b9532d3d0bd435?s=96&d=mm&r=g","caption":"Lo viste en Los Pol\u00edticos"},"url":"https:\/\/lospoliticosveracruz.com\/?author=2"}]}},"_links":{"self":[{"href":"https:\/\/lospoliticosveracruz.com\/index.php?rest_route=\/wp\/v2\/posts\/161282","targetHints":{"allow":["GET"]}}],"collection":[{"href":"https:\/\/lospoliticosveracruz.com\/index.php?rest_route=\/wp\/v2\/posts"}],"about":[{"href":"https:\/\/lospoliticosveracruz.com\/index.php?rest_route=\/wp\/v2\/types\/post"}],"author":[{"embeddable":true,"href":"https:\/\/lospoliticosveracruz.com\/index.php?rest_route=\/wp\/v2\/users\/2"}],"replies":[{"embeddable":true,"href":"https:\/\/lospoliticosveracruz.com\/index.php?rest_route=%2Fwp%2Fv2%2Fcomments&post=161282"}],"version-history":[{"count":1,"href":"https:\/\/lospoliticosveracruz.com\/index.php?rest_route=\/wp\/v2\/posts\/161282\/revisions"}],"predecessor-version":[{"id":161283,"href":"https:\/\/lospoliticosveracruz.com\/index.php?rest_route=\/wp\/v2\/posts\/161282\/revisions\/161283"}],"wp:featuredmedia":[{"embeddable":true,"href":"https:\/\/lospoliticosveracruz.com\/index.php?rest_route=\/wp\/v2\/media\/141384"}],"wp:attachment":[{"href":"https:\/\/lospoliticosveracruz.com\/index.php?rest_route=%2Fwp%2Fv2%2Fmedia&parent=161282"}],"wp:term":[{"taxonomy":"category","embeddable":true,"href":"https:\/\/lospoliticosveracruz.com\/index.php?rest_route=%2Fwp%2Fv2%2Fcategories&post=161282"},{"taxonomy":"post_tag","embeddable":true,"href":"https:\/\/lospoliticosveracruz.com\/index.php?rest_route=%2Fwp%2Fv2%2Ftags&post=161282"}],"curies":[{"name":"wp","href":"https:\/\/api.w.org\/{rel}","templated":true}]}}