{"id":161284,"date":"2026-01-23T07:12:58","date_gmt":"2026-01-23T13:12:58","guid":{"rendered":"https:\/\/lospoliticosveracruz.com\/?p=161284"},"modified":"2026-01-23T07:12:59","modified_gmt":"2026-01-23T13:12:59","slug":"poza-rica-trabajo-con-planeacion","status":"publish","type":"post","link":"https:\/\/lospoliticosveracruz.com\/?p=161284","title":{"rendered":"POZA RICA, TRABAJO CON PLANEACI\u00d3N"},"content":{"rendered":"\n<p><strong>Omar Z\u00fa\u00f1iga<\/strong><br><em>De Primera Mano<\/em><\/p>\n\n\n\n<p>Han transcurrido 22 d\u00edas desde que entraron las nuevas administraciones&nbsp;municipales, las que fueron&nbsp;electas&nbsp;en junio del a\u00f1o pasado, las del periodo 2026-2029;&nbsp;ni siquiera ha transcurrido un mes, de los cuatro a\u00f1os para los que fueron electos.<\/p>\n\n\n\n<p>Ciertamente es un lapso breve, que estad\u00edsticamente dir\u00edan&nbsp;los puristas que no es representativo, sin embargo estoy convencido que en varios casos s\u00ed lo es, pues cuando se trabaja, se nota de inmediato y cuando piensas que el puesto &nbsp;es para beneficio personal\u2026, tambi\u00e9n.<\/p>\n\n\n\n<p>*****<\/p>\n\n\n\n<p>Poza Rica es un ejemplo claro de que cuando las autoridades quieren y saben, el trabajo se nota de inmediato.<\/p>\n\n\n\n<p>Puede o no gustar, sin embargo al analizar los datos duros, la realidad cambia diametralmente, por que los resultados ah\u00ed est\u00e1n, son tangibles, el ciudadano lo ve y lo vive.<\/p>\n\n\n\n<p>Uno de los puntos en favor de la actual administraci\u00f3n municipal encabezada por&nbsp;<strong>Adanely Rodr\u00edguez<\/strong>, que adem\u00e1s fue inmediato y redunda en beneficio de la ciudadan\u00eda pozarricense, es la basura.<\/p>\n\n\n\n<p><strong>Adanely<\/strong>&nbsp;tom\u00f3 la decisi\u00f3n de&nbsp;municipalizar el servicio de recolecci\u00f3n de basura, poniendo fin a&nbsp;unos 20 a\u00f1os&nbsp;de concesiones privadas.<\/p>\n\n\n\n<p>*****<\/p>\n\n\n\n<p>El incumplimiento de la empresa concesionaria \u00abDiscricar\u00bb,&nbsp;que&nbsp;operaba&nbsp;ese servicio,&nbsp;gener\u00f3 una crisis de acumulaci\u00f3n de desechos a finales de 2025, y al asumir&nbsp;<strong>Adanely<\/strong>&nbsp;el gobierno, la soluci\u00f3n&nbsp;se vio en el corto plazo, de inmediato, pues: las calles&nbsp;est\u00e1n&nbsp;limpias.<\/p>\n\n\n\n<p>Aunado a esto, el Ayuntamiento ha promovido la imagen urbana, con el lavado de v\u00edas y&nbsp;balizamiento o pintura de guarniciones. Se nota esa chamba.<\/p>\n\n\n\n<p>*****<\/p>\n\n\n\n<p>Este trabajo por supuesto no es gratuito, es resultado de un gobierno municipal eficiente, que siendo gobierno electo, se dedic\u00f3 a trabajar en la calle, en las casas, recogiendo las inquietudes ciudadanas&nbsp;para&nbsp;tener un mapeo exacto&nbsp;y star en condiciones de&nbsp;trabajar en soluciones inmediatas, no dando palos de ciego y llegar a conocer las diversas \u00e1reas que componen al Ayuntamiento.<\/p>\n\n\n\n<p>Se nota la organizaci\u00f3n y la planeaci\u00f3n, lo que denota a su vez&nbsp;al equipo que tiene trabajando detr\u00e1s de ella y que fue evidente tambi\u00e9n durante la campa\u00f1a y en c\u00f3mo se manejaron los conflictos poslectorales.&nbsp;<\/p>\n\n\n\n<p><strong>Adanely<\/strong>&nbsp;se alej\u00f3 de las grillas baratas y hoy en d\u00eda ha sorprendido a propios y extra\u00f1os, pues por si fuera poco, ha logrado&nbsp;es un&nbsp;Cabildo trabajando en favor de&nbsp;su ciudad,&nbsp;en unidad&nbsp;y de su mano, de manera ordenada,&nbsp;todos juntos -acaldesa, s\u00edndica y regidores- por un bien com\u00fan que&nbsp;al final el trabajo es por el bien de Poza Rica&nbsp;y sus ciudadanos.&nbsp;<\/p>\n\n\n\n<p>*****<\/p>\n\n\n\n<p>Poza Rica es el ejemplo que se deber\u00eda seguir; es la muestra de&nbsp;que con trabajo serio, planeaci\u00f3n, organizaci\u00f3n, pero tambi\u00e9n con voluntad y sensibilidad pol\u00edtica se pueden generar grandes cosas en favor de sus gobernados.<\/p>\n\n\n\n<p>En menos de un mes,&nbsp;esta ciudad del norte del estado de Veractuz, parte de la huasteca baja,&nbsp;tiene otra cara;&nbsp;eso s\u00ed:&nbsp;sin dejar de atender los asuntos que en su momento fueron urgentes y que ocasion\u00f3 la visita de la presidenta;&nbsp;se atiende a&nbsp;todas,&nbsp;todos&nbsp;y todo, lo urgente y lo importante.<\/p>\n\n\n\n<p>Ciertamente falta mucho por hacer, es humanamente imposible cambiar todo en menos de 30 d\u00edas, sin embargo, los resultados obtenidos hasta el momento, dan muestra de que Poza Rica camina por el camino correcto, de la mano de las y los pozarricenses.<\/p>\n\n\n\n<p>Si todos y todas las alcaldesas de Veracruz entendieran esta circunstancia, otro gallo nos cantar\u00eda\u2026<\/p>\n\n\n\n<p>\u00a1Qu\u00e9 barbaridad!<\/p>\n\n\n\n<p>deprimera.mano2020@gmail.com<\/p>\n","protected":false},"excerpt":{"rendered":"<p>Omar Z\u00fa\u00f1igaDe Primera Mano Han transcurrido 22 d\u00edas desde que entraron las nuevas administraciones&nbsp;municipales, las que fueron&nbsp;electas&nbsp;en junio del a\u00f1o pasado, las del periodo 2026-2029;&nbsp;ni siquiera ha transcurrido un mes, de los cuatro a\u00f1os para los que fueron electos. Ciertamente es un lapso breve, que estad\u00edsticamente dir\u00edan&nbsp;los puristas que no es representativo, sin embargo estoy [&hellip;]<\/p>\n","protected":false},"author":2,"featured_media":141427,"comment_status":"closed","ping_status":"closed","sticky":false,"template":"","format":"standard","meta":{"tdm_status":"","tdm_grid_status":"","footnotes":""},"categories":[70],"tags":[47880,28705,1267],"class_list":{"0":"post-161284","1":"post","2":"type-post","3":"status-publish","4":"format-standard","5":"has-post-thumbnail","7":"category-de-opinion","8":"tag-adanely-rodriguez","9":"tag-omar-zuniga","10":"tag-poza-rica"},"yoast_head":"<!-- This site is optimized with the Yoast SEO plugin v27.4 - https:\/\/yoast.com\/product\/yoast-seo-wordpress\/ -->\n<title>POZA RICA, TRABAJO CON PLANEACI\u00d3N - Los pol\u00edticos Veracruz<\/title>\n<meta name=\"robots\" content=\"index, follow, max-snippet:-1, max-image-preview:large, max-video-preview:-1\" \/>\n<link rel=\"canonical\" href=\"https:\/\/lospoliticosveracruz.com\/?p=161284\" \/>\n<meta property=\"og:locale\" content=\"es_ES\" \/>\n<meta property=\"og:type\" content=\"article\" \/>\n<meta property=\"og:title\" content=\"POZA RICA, TRABAJO CON PLANEACI\u00d3N - Los pol\u00edticos Veracruz\" \/>\n<meta property=\"og:description\" content=\"Omar Z\u00fa\u00f1igaDe Primera Mano Han transcurrido 22 d\u00edas desde que entraron las nuevas administraciones&nbsp;municipales, las que fueron&nbsp;electas&nbsp;en junio del a\u00f1o pasado, las del periodo 2026-2029;&nbsp;ni siquiera ha transcurrido un mes, de los cuatro a\u00f1os para los que fueron electos. Ciertamente es un lapso breve, que estad\u00edsticamente dir\u00edan&nbsp;los puristas que no es representativo, sin embargo estoy [&hellip;]\" \/>\n<meta property=\"og:url\" content=\"https:\/\/lospoliticosveracruz.com\/?p=161284\" \/>\n<meta property=\"og:site_name\" content=\"Los pol\u00edticos Veracruz\" \/>\n<meta property=\"article:publisher\" content=\"https:\/\/www.facebook.com\/people\/Notimemes-de-los-Polticos\/61565672886568\/\" \/>\n<meta property=\"article:published_time\" content=\"2026-01-23T13:12:58+00:00\" \/>\n<meta property=\"article:modified_time\" content=\"2026-01-23T13:12:59+00:00\" \/>\n<meta property=\"og:image\" content=\"https:\/\/lospoliticosveracruz.com\/wp-content\/uploads\/2025\/04\/Omar-Zuniga.jpg\" \/>\n\t<meta property=\"og:image:width\" content=\"1250\" \/>\n\t<meta property=\"og:image:height\" content=\"667\" \/>\n\t<meta property=\"og:image:type\" content=\"image\/jpeg\" \/>\n<meta name=\"author\" content=\"Lo viste en Los Pol\u00edticos\" \/>\n<meta name=\"twitter:card\" content=\"summary_large_image\" \/>\n<meta name=\"twitter:creator\" content=\"@LosPoliticosVer\" \/>\n<meta name=\"twitter:site\" content=\"@LosPoliticosVer\" \/>\n<meta name=\"twitter:label1\" content=\"Escrito por\" \/>\n\t<meta name=\"twitter:data1\" content=\"Lo viste en Los Pol\u00edticos\" \/>\n\t<meta name=\"twitter:label2\" content=\"Tiempo de lectura\" \/>\n\t<meta name=\"twitter:data2\" content=\"3 minutos\" \/>\n<script type=\"application\/ld+json\" class=\"yoast-schema-graph\">{\"@context\":\"https:\\\/\\\/schema.org\",\"@graph\":[{\"@type\":\"Article\",\"@id\":\"https:\\\/\\\/lospoliticosveracruz.com\\\/?p=161284#article\",\"isPartOf\":{\"@id\":\"https:\\\/\\\/lospoliticosveracruz.com\\\/?p=161284\"},\"author\":{\"name\":\"Lo viste en Los Pol\u00edticos\",\"@id\":\"https:\\\/\\\/lospoliticosveracruz.com\\\/#\\\/schema\\\/person\\\/b8702bb0e538456e6efd07080bf2a4a2\"},\"headline\":\"POZA RICA, TRABAJO CON PLANEACI\u00d3N\",\"datePublished\":\"2026-01-23T13:12:58+00:00\",\"dateModified\":\"2026-01-23T13:12:59+00:00\",\"mainEntityOfPage\":{\"@id\":\"https:\\\/\\\/lospoliticosveracruz.com\\\/?p=161284\"},\"wordCount\":661,\"publisher\":{\"@id\":\"https:\\\/\\\/lospoliticosveracruz.com\\\/#organization\"},\"image\":{\"@id\":\"https:\\\/\\\/lospoliticosveracruz.com\\\/?p=161284#primaryimage\"},\"thumbnailUrl\":\"https:\\\/\\\/lospoliticosveracruz.com\\\/wp-content\\\/uploads\\\/2025\\\/04\\\/Omar-Zuniga.jpg\",\"keywords\":[\"Adanely Rodr\u00edguez\",\"Omar Z\u00fa\u00f1iga\",\"Poza Rica\"],\"articleSection\":[\"De Opini\u00f3n\"],\"inLanguage\":\"es\"},{\"@type\":\"WebPage\",\"@id\":\"https:\\\/\\\/lospoliticosveracruz.com\\\/?p=161284\",\"url\":\"https:\\\/\\\/lospoliticosveracruz.com\\\/?p=161284\",\"name\":\"POZA RICA, TRABAJO CON PLANEACI\u00d3N - Los pol\u00edticos Veracruz\",\"isPartOf\":{\"@id\":\"https:\\\/\\\/lospoliticosveracruz.com\\\/#website\"},\"primaryImageOfPage\":{\"@id\":\"https:\\\/\\\/lospoliticosveracruz.com\\\/?p=161284#primaryimage\"},\"image\":{\"@id\":\"https:\\\/\\\/lospoliticosveracruz.com\\\/?p=161284#primaryimage\"},\"thumbnailUrl\":\"https:\\\/\\\/lospoliticosveracruz.com\\\/wp-content\\\/uploads\\\/2025\\\/04\\\/Omar-Zuniga.jpg\",\"datePublished\":\"2026-01-23T13:12:58+00:00\",\"dateModified\":\"2026-01-23T13:12:59+00:00\",\"breadcrumb\":{\"@id\":\"https:\\\/\\\/lospoliticosveracruz.com\\\/?p=161284#breadcrumb\"},\"inLanguage\":\"es\",\"potentialAction\":[{\"@type\":\"ReadAction\",\"target\":[\"https:\\\/\\\/lospoliticosveracruz.com\\\/?p=161284\"]}]},{\"@type\":\"ImageObject\",\"inLanguage\":\"es\",\"@id\":\"https:\\\/\\\/lospoliticosveracruz.com\\\/?p=161284#primaryimage\",\"url\":\"https:\\\/\\\/lospoliticosveracruz.com\\\/wp-content\\\/uploads\\\/2025\\\/04\\\/Omar-Zuniga.jpg\",\"contentUrl\":\"https:\\\/\\\/lospoliticosveracruz.com\\\/wp-content\\\/uploads\\\/2025\\\/04\\\/Omar-Zuniga.jpg\",\"width\":1250,\"height\":667},{\"@type\":\"BreadcrumbList\",\"@id\":\"https:\\\/\\\/lospoliticosveracruz.com\\\/?p=161284#breadcrumb\",\"itemListElement\":[{\"@type\":\"ListItem\",\"position\":1,\"name\":\"Portada\",\"item\":\"https:\\\/\\\/lospoliticosveracruz.com\\\/\"},{\"@type\":\"ListItem\",\"position\":2,\"name\":\"POZA RICA, TRABAJO CON PLANEACI\u00d3N\"}]},{\"@type\":\"WebSite\",\"@id\":\"https:\\\/\\\/lospoliticosveracruz.com\\\/#website\",\"url\":\"https:\\\/\\\/lospoliticosveracruz.com\\\/\",\"name\":\"Los pol\u00edticos Veracruz\",\"description\":\"\",\"publisher\":{\"@id\":\"https:\\\/\\\/lospoliticosveracruz.com\\\/#organization\"},\"potentialAction\":[{\"@type\":\"SearchAction\",\"target\":{\"@type\":\"EntryPoint\",\"urlTemplate\":\"https:\\\/\\\/lospoliticosveracruz.com\\\/?s={search_term_string}\"},\"query-input\":{\"@type\":\"PropertyValueSpecification\",\"valueRequired\":true,\"valueName\":\"search_term_string\"}}],\"inLanguage\":\"es\"},{\"@type\":\"Organization\",\"@id\":\"https:\\\/\\\/lospoliticosveracruz.com\\\/#organization\",\"name\":\"Los pol\u00edticos Veracruz\",\"url\":\"https:\\\/\\\/lospoliticosveracruz.com\\\/\",\"logo\":{\"@type\":\"ImageObject\",\"inLanguage\":\"es\",\"@id\":\"https:\\\/\\\/lospoliticosveracruz.com\\\/#\\\/schema\\\/logo\\\/image\\\/\",\"url\":\"https:\\\/\\\/lospoliticosveracruz.com\\\/wp-content\\\/uploads\\\/2025\\\/12\\\/Logo-Nuevo-LOS-POLITICOS-1.jpg\",\"contentUrl\":\"https:\\\/\\\/lospoliticosveracruz.com\\\/wp-content\\\/uploads\\\/2025\\\/12\\\/Logo-Nuevo-LOS-POLITICOS-1.jpg\",\"width\":260,\"height\":70,\"caption\":\"Los pol\u00edticos Veracruz\"},\"image\":{\"@id\":\"https:\\\/\\\/lospoliticosveracruz.com\\\/#\\\/schema\\\/logo\\\/image\\\/\"},\"sameAs\":[\"https:\\\/\\\/www.facebook.com\\\/people\\\/Notimemes-de-los-Polticos\\\/61565672886568\\\/\",\"https:\\\/\\\/x.com\\\/LosPoliticosVer\"]},{\"@type\":\"Person\",\"@id\":\"https:\\\/\\\/lospoliticosveracruz.com\\\/#\\\/schema\\\/person\\\/b8702bb0e538456e6efd07080bf2a4a2\",\"name\":\"Lo viste en Los Pol\u00edticos\",\"image\":{\"@type\":\"ImageObject\",\"inLanguage\":\"es\",\"@id\":\"https:\\\/\\\/secure.gravatar.com\\\/avatar\\\/3a8de04a2656d44082be478bd6c086daa447c4651605818287b9532d3d0bd435?s=96&d=mm&r=g\",\"url\":\"https:\\\/\\\/secure.gravatar.com\\\/avatar\\\/3a8de04a2656d44082be478bd6c086daa447c4651605818287b9532d3d0bd435?s=96&d=mm&r=g\",\"contentUrl\":\"https:\\\/\\\/secure.gravatar.com\\\/avatar\\\/3a8de04a2656d44082be478bd6c086daa447c4651605818287b9532d3d0bd435?s=96&d=mm&r=g\",\"caption\":\"Lo viste en Los Pol\u00edticos\"},\"url\":\"https:\\\/\\\/lospoliticosveracruz.com\\\/?author=2\"}]}<\/script>\n<!-- \/ Yoast SEO plugin. -->","yoast_head_json":{"title":"POZA RICA, TRABAJO CON PLANEACI\u00d3N - Los pol\u00edticos Veracruz","robots":{"index":"index","follow":"follow","max-snippet":"max-snippet:-1","max-image-preview":"max-image-preview:large","max-video-preview":"max-video-preview:-1"},"canonical":"https:\/\/lospoliticosveracruz.com\/?p=161284","og_locale":"es_ES","og_type":"article","og_title":"POZA RICA, TRABAJO CON PLANEACI\u00d3N - Los pol\u00edticos Veracruz","og_description":"Omar Z\u00fa\u00f1igaDe Primera Mano Han transcurrido 22 d\u00edas desde que entraron las nuevas administraciones&nbsp;municipales, las que fueron&nbsp;electas&nbsp;en junio del a\u00f1o pasado, las del periodo 2026-2029;&nbsp;ni siquiera ha transcurrido un mes, de los cuatro a\u00f1os para los que fueron electos. Ciertamente es un lapso breve, que estad\u00edsticamente dir\u00edan&nbsp;los puristas que no es representativo, sin embargo estoy [&hellip;]","og_url":"https:\/\/lospoliticosveracruz.com\/?p=161284","og_site_name":"Los pol\u00edticos Veracruz","article_publisher":"https:\/\/www.facebook.com\/people\/Notimemes-de-los-Polticos\/61565672886568\/","article_published_time":"2026-01-23T13:12:58+00:00","article_modified_time":"2026-01-23T13:12:59+00:00","og_image":[{"width":1250,"height":667,"url":"https:\/\/lospoliticosveracruz.com\/wp-content\/uploads\/2025\/04\/Omar-Zuniga.jpg","type":"image\/jpeg"}],"author":"Lo viste en Los Pol\u00edticos","twitter_card":"summary_large_image","twitter_creator":"@LosPoliticosVer","twitter_site":"@LosPoliticosVer","twitter_misc":{"Escrito por":"Lo viste en Los Pol\u00edticos","Tiempo de lectura":"3 minutos"},"schema":{"@context":"https:\/\/schema.org","@graph":[{"@type":"Article","@id":"https:\/\/lospoliticosveracruz.com\/?p=161284#article","isPartOf":{"@id":"https:\/\/lospoliticosveracruz.com\/?p=161284"},"author":{"name":"Lo viste en Los Pol\u00edticos","@id":"https:\/\/lospoliticosveracruz.com\/#\/schema\/person\/b8702bb0e538456e6efd07080bf2a4a2"},"headline":"POZA RICA, TRABAJO CON PLANEACI\u00d3N","datePublished":"2026-01-23T13:12:58+00:00","dateModified":"2026-01-23T13:12:59+00:00","mainEntityOfPage":{"@id":"https:\/\/lospoliticosveracruz.com\/?p=161284"},"wordCount":661,"publisher":{"@id":"https:\/\/lospoliticosveracruz.com\/#organization"},"image":{"@id":"https:\/\/lospoliticosveracruz.com\/?p=161284#primaryimage"},"thumbnailUrl":"https:\/\/lospoliticosveracruz.com\/wp-content\/uploads\/2025\/04\/Omar-Zuniga.jpg","keywords":["Adanely Rodr\u00edguez","Omar Z\u00fa\u00f1iga","Poza Rica"],"articleSection":["De Opini\u00f3n"],"inLanguage":"es"},{"@type":"WebPage","@id":"https:\/\/lospoliticosveracruz.com\/?p=161284","url":"https:\/\/lospoliticosveracruz.com\/?p=161284","name":"POZA RICA, TRABAJO CON PLANEACI\u00d3N - Los pol\u00edticos Veracruz","isPartOf":{"@id":"https:\/\/lospoliticosveracruz.com\/#website"},"primaryImageOfPage":{"@id":"https:\/\/lospoliticosveracruz.com\/?p=161284#primaryimage"},"image":{"@id":"https:\/\/lospoliticosveracruz.com\/?p=161284#primaryimage"},"thumbnailUrl":"https:\/\/lospoliticosveracruz.com\/wp-content\/uploads\/2025\/04\/Omar-Zuniga.jpg","datePublished":"2026-01-23T13:12:58+00:00","dateModified":"2026-01-23T13:12:59+00:00","breadcrumb":{"@id":"https:\/\/lospoliticosveracruz.com\/?p=161284#breadcrumb"},"inLanguage":"es","potentialAction":[{"@type":"ReadAction","target":["https:\/\/lospoliticosveracruz.com\/?p=161284"]}]},{"@type":"ImageObject","inLanguage":"es","@id":"https:\/\/lospoliticosveracruz.com\/?p=161284#primaryimage","url":"https:\/\/lospoliticosveracruz.com\/wp-content\/uploads\/2025\/04\/Omar-Zuniga.jpg","contentUrl":"https:\/\/lospoliticosveracruz.com\/wp-content\/uploads\/2025\/04\/Omar-Zuniga.jpg","width":1250,"height":667},{"@type":"BreadcrumbList","@id":"https:\/\/lospoliticosveracruz.com\/?p=161284#breadcrumb","itemListElement":[{"@type":"ListItem","position":1,"name":"Portada","item":"https:\/\/lospoliticosveracruz.com\/"},{"@type":"ListItem","position":2,"name":"POZA RICA, TRABAJO CON PLANEACI\u00d3N"}]},{"@type":"WebSite","@id":"https:\/\/lospoliticosveracruz.com\/#website","url":"https:\/\/lospoliticosveracruz.com\/","name":"Los pol\u00edticos Veracruz","description":"","publisher":{"@id":"https:\/\/lospoliticosveracruz.com\/#organization"},"potentialAction":[{"@type":"SearchAction","target":{"@type":"EntryPoint","urlTemplate":"https:\/\/lospoliticosveracruz.com\/?s={search_term_string}"},"query-input":{"@type":"PropertyValueSpecification","valueRequired":true,"valueName":"search_term_string"}}],"inLanguage":"es"},{"@type":"Organization","@id":"https:\/\/lospoliticosveracruz.com\/#organization","name":"Los pol\u00edticos Veracruz","url":"https:\/\/lospoliticosveracruz.com\/","logo":{"@type":"ImageObject","inLanguage":"es","@id":"https:\/\/lospoliticosveracruz.com\/#\/schema\/logo\/image\/","url":"https:\/\/lospoliticosveracruz.com\/wp-content\/uploads\/2025\/12\/Logo-Nuevo-LOS-POLITICOS-1.jpg","contentUrl":"https:\/\/lospoliticosveracruz.com\/wp-content\/uploads\/2025\/12\/Logo-Nuevo-LOS-POLITICOS-1.jpg","width":260,"height":70,"caption":"Los pol\u00edticos Veracruz"},"image":{"@id":"https:\/\/lospoliticosveracruz.com\/#\/schema\/logo\/image\/"},"sameAs":["https:\/\/www.facebook.com\/people\/Notimemes-de-los-Polticos\/61565672886568\/","https:\/\/x.com\/LosPoliticosVer"]},{"@type":"Person","@id":"https:\/\/lospoliticosveracruz.com\/#\/schema\/person\/b8702bb0e538456e6efd07080bf2a4a2","name":"Lo viste en Los Pol\u00edticos","image":{"@type":"ImageObject","inLanguage":"es","@id":"https:\/\/secure.gravatar.com\/avatar\/3a8de04a2656d44082be478bd6c086daa447c4651605818287b9532d3d0bd435?s=96&d=mm&r=g","url":"https:\/\/secure.gravatar.com\/avatar\/3a8de04a2656d44082be478bd6c086daa447c4651605818287b9532d3d0bd435?s=96&d=mm&r=g","contentUrl":"https:\/\/secure.gravatar.com\/avatar\/3a8de04a2656d44082be478bd6c086daa447c4651605818287b9532d3d0bd435?s=96&d=mm&r=g","caption":"Lo viste en Los Pol\u00edticos"},"url":"https:\/\/lospoliticosveracruz.com\/?author=2"}]}},"_links":{"self":[{"href":"https:\/\/lospoliticosveracruz.com\/index.php?rest_route=\/wp\/v2\/posts\/161284","targetHints":{"allow":["GET"]}}],"collection":[{"href":"https:\/\/lospoliticosveracruz.com\/index.php?rest_route=\/wp\/v2\/posts"}],"about":[{"href":"https:\/\/lospoliticosveracruz.com\/index.php?rest_route=\/wp\/v2\/types\/post"}],"author":[{"embeddable":true,"href":"https:\/\/lospoliticosveracruz.com\/index.php?rest_route=\/wp\/v2\/users\/2"}],"replies":[{"embeddable":true,"href":"https:\/\/lospoliticosveracruz.com\/index.php?rest_route=%2Fwp%2Fv2%2Fcomments&post=161284"}],"version-history":[{"count":1,"href":"https:\/\/lospoliticosveracruz.com\/index.php?rest_route=\/wp\/v2\/posts\/161284\/revisions"}],"predecessor-version":[{"id":161285,"href":"https:\/\/lospoliticosveracruz.com\/index.php?rest_route=\/wp\/v2\/posts\/161284\/revisions\/161285"}],"wp:featuredmedia":[{"embeddable":true,"href":"https:\/\/lospoliticosveracruz.com\/index.php?rest_route=\/wp\/v2\/media\/141427"}],"wp:attachment":[{"href":"https:\/\/lospoliticosveracruz.com\/index.php?rest_route=%2Fwp%2Fv2%2Fmedia&parent=161284"}],"wp:term":[{"taxonomy":"category","embeddable":true,"href":"https:\/\/lospoliticosveracruz.com\/index.php?rest_route=%2Fwp%2Fv2%2Fcategories&post=161284"},{"taxonomy":"post_tag","embeddable":true,"href":"https:\/\/lospoliticosveracruz.com\/index.php?rest_route=%2Fwp%2Fv2%2Ftags&post=161284"}],"curies":[{"name":"wp","href":"https:\/\/api.w.org\/{rel}","templated":true}]}}