{"id":161339,"date":"2026-01-23T14:12:32","date_gmt":"2026-01-23T20:12:32","guid":{"rendered":"https:\/\/lospoliticosveracruz.com\/?p=161339"},"modified":"2026-01-23T14:12:40","modified_gmt":"2026-01-23T20:12:40","slug":"no-se-va-a-desalojar-a-nadie-pero","status":"publish","type":"post","link":"https:\/\/lospoliticosveracruz.com\/?p=161339","title":{"rendered":"NO SE VA A DESALOJAR A NADIE, PERO\u2026"},"content":{"rendered":"\n<p><strong>\u00c1ngeles Gonz\u00e1lez Ceballos<\/strong>&nbsp;<\/p>\n\n\n\n<p>La titular de la Secretar\u00eda de Desarrollo Agrario, Territorial y Urbano (Sedatu), Edna Elena Vega Rangel, inform\u00f3 que derivado de las afectaciones por las lluvias de octubre del 2025, en el norte del Estado, 4 mil 60 familias tendr\u00e1n que ser reubicadas.<\/p>\n\n\n\n<p>Durante la conferencia ma\u00f1anera de la presidenta Claudia Sheinbaum, la funcionaria expuso que el censo&nbsp;&nbsp;arroj\u00f3 que 33 mil 857 viviendas tuvieron un da\u00f1o total o da\u00f1o mayor.<\/p>\n\n\n\n<p>\u00abEvidentemente hay familias que viven en condiciones de mayor riesgo que no es posible s\u00f3lo reconstruir donde habitan, sino que es necesaria su relocalizaci\u00f3n.<\/p>\n\n\n\n<p>Entonces a partir de esta determinaci\u00f3n del tipo de da\u00f1os con esta informaci\u00f3n que nos proporcion\u00f3 la Secretar\u00eda del Bienestar, se hicieron una serie de recorridos muy importantes en distintas zonas de Veracruz, en acompa\u00f1amiento con el gobierno del Estado, para ubicar aquellas zonas, aquellos pol\u00edgonos que ser\u00eda necesario reubicar por la condici\u00f3n justamente de riesgos de socavones\u00bb, expres\u00f3.<\/p>\n\n\n\n<p>Refiri\u00f3 que la Conagua determin\u00f3 qu\u00e9 zonas por las obras que requieren hacer se necesitan reubicar.<\/p>\n\n\n\n<p>De manera que con base en el diagn\u00f3stico que hicieron en 13 municipios y 90 localidades, en total 31 localidades tendr\u00edan que ser relocalizadas y en total 4 mil 60 familias.<\/p>\n\n\n\n<p>El caso de mayor n\u00famero de afectaciones es Poza Rica con 3 mil 18 familias, seguida de Ilamatl\u00e1n y \u00c1lamo, en donde las afectaciones son mayores.<\/p>\n\n\n\n<p>Dijo que ya lograron ubicar 7 predios, de los cuales, uno es de gobierno Estatal y o municipal, 5 de gobierno Federal, que son terrenos nacionales y uno privado.<\/p>\n\n\n\n<p>La funcionaria llam\u00f3 a las familias a que est\u00e9n atentas a las visitas del personal del gobierno del Estado, de la Sedatu y la Conavi, para tener datos m\u00e1s precisos de cada vivienda y de las caracter\u00edsticas de las familias.<\/p>\n\n\n\n<p>En el caso de la construcci\u00f3n de las viviendas, destac\u00f3 que son de dos tipos, uno en las localidades donde es menor el n\u00famero de viviendas, aunque aclar\u00f3 que este proyecto todav\u00eda es conceptual.<\/p>\n\n\n\n<p>\u00abLo que quiero destacar, son lotes individuales de 98 metros cuadrados y que tienen la capacidad de crecer estas estas viviendas y, un segundo proyecto, que es el que con el que se puede atender a las familias de Poza Rica.<\/p>\n\n\n\n<p>Es un proyecto muy importante que el desarrollador don\u00f3&#8230; nos da justamente para construir aproximadamente 3 mil 500, es un modelo interesante de vivienda d\u00faplex que cumple con esta caracter\u00edstica de m\u00e1s de 60 metros cuadrados\u00bb, puntualiz\u00f3.<\/p>\n\n\n\n<p>Reconoci\u00f3 que mucha gente no quieren moverse de sus hogares, pero les record\u00f3 que se hace por una cuesti\u00f3n de seguridad, por lo que es necesario que lo valoren.<\/p>\n\n\n\n<p>\u00abNo es un tema obligatorio, que se vaya a desalojar a nadie, pero s\u00ed de sensibilidad respecto a su situaci\u00f3n de riesgo\u00bb, extern\u00f3.<\/p>\n","protected":false},"excerpt":{"rendered":"<p>\u00c1ngeles Gonz\u00e1lez Ceballos&nbsp; La titular de la Secretar\u00eda de Desarrollo Agrario, Territorial y Urbano (Sedatu), Edna Elena Vega Rangel, inform\u00f3 que derivado de las afectaciones por las lluvias de octubre del 2025, en el norte del Estado, 4 mil 60 familias tendr\u00e1n que ser reubicadas. Durante la conferencia ma\u00f1anera de la presidenta Claudia Sheinbaum, la [&hellip;]<\/p>\n","protected":false},"author":2,"featured_media":161340,"comment_status":"closed","ping_status":"closed","sticky":false,"template":"","format":"standard","meta":{"tdm_status":"","tdm_grid_status":"","footnotes":""},"categories":[73],"tags":[51611,51610,51613,51612,51609,51614],"class_list":{"0":"post-161339","1":"post","2":"type-post","3":"status-publish","4":"format-standard","5":"has-post-thumbnail","7":"category-de-boleto","8":"tag-33857-viviendas-con-dano-total-o-mayor","9":"tag-4060-familias-relocalizadas","10":"tag-conagua-zonas-de-riesgo-socavones","11":"tag-poza-rica-3018-familias-reubicacion","12":"tag-reubicacion-familias-veracruz-lluvias-octubre-2025","13":"tag-sedatu-edna-elena-vega-rangel"},"yoast_head":"<!-- This site is optimized with the Yoast SEO plugin v27.4 - https:\/\/yoast.com\/product\/yoast-seo-wordpress\/ -->\n<title>NO SE VA A DESALOJAR A NADIE, PERO\u2026 - Los pol\u00edticos Veracruz<\/title>\n<meta name=\"robots\" content=\"index, follow, max-snippet:-1, max-image-preview:large, max-video-preview:-1\" \/>\n<link rel=\"canonical\" href=\"https:\/\/lospoliticosveracruz.com\/?p=161339\" \/>\n<meta property=\"og:locale\" content=\"es_ES\" \/>\n<meta property=\"og:type\" content=\"article\" \/>\n<meta property=\"og:title\" content=\"NO SE VA A DESALOJAR A NADIE, PERO\u2026 - Los pol\u00edticos Veracruz\" \/>\n<meta property=\"og:description\" content=\"\u00c1ngeles Gonz\u00e1lez Ceballos&nbsp; La titular de la Secretar\u00eda de Desarrollo Agrario, Territorial y Urbano (Sedatu), Edna Elena Vega Rangel, inform\u00f3 que derivado de las afectaciones por las lluvias de octubre del 2025, en el norte del Estado, 4 mil 60 familias tendr\u00e1n que ser reubicadas. Durante la conferencia ma\u00f1anera de la presidenta Claudia Sheinbaum, la [&hellip;]\" \/>\n<meta property=\"og:url\" content=\"https:\/\/lospoliticosveracruz.com\/?p=161339\" \/>\n<meta property=\"og:site_name\" content=\"Los pol\u00edticos Veracruz\" \/>\n<meta property=\"article:publisher\" content=\"https:\/\/www.facebook.com\/people\/Notimemes-de-los-Polticos\/61565672886568\/\" \/>\n<meta property=\"article:published_time\" content=\"2026-01-23T20:12:32+00:00\" \/>\n<meta property=\"article:modified_time\" content=\"2026-01-23T20:12:40+00:00\" \/>\n<meta property=\"og:image\" content=\"https:\/\/lospoliticosveracruz.com\/wp-content\/uploads\/2026\/01\/IMG_9257.jpeg\" \/>\n\t<meta property=\"og:image:width\" content=\"600\" \/>\n\t<meta property=\"og:image:height\" content=\"320\" \/>\n\t<meta property=\"og:image:type\" content=\"image\/jpeg\" \/>\n<meta name=\"author\" content=\"Lo viste en Los Pol\u00edticos\" \/>\n<meta name=\"twitter:card\" content=\"summary_large_image\" \/>\n<meta name=\"twitter:creator\" content=\"@LosPoliticosVer\" \/>\n<meta name=\"twitter:site\" content=\"@LosPoliticosVer\" \/>\n<meta name=\"twitter:label1\" content=\"Escrito por\" \/>\n\t<meta name=\"twitter:data1\" content=\"Lo viste en Los Pol\u00edticos\" \/>\n\t<meta name=\"twitter:label2\" content=\"Tiempo de lectura\" \/>\n\t<meta name=\"twitter:data2\" content=\"3 minutos\" \/>\n<script type=\"application\/ld+json\" class=\"yoast-schema-graph\">{\"@context\":\"https:\\\/\\\/schema.org\",\"@graph\":[{\"@type\":\"Article\",\"@id\":\"https:\\\/\\\/lospoliticosveracruz.com\\\/?p=161339#article\",\"isPartOf\":{\"@id\":\"https:\\\/\\\/lospoliticosveracruz.com\\\/?p=161339\"},\"author\":{\"name\":\"Lo viste en Los Pol\u00edticos\",\"@id\":\"https:\\\/\\\/lospoliticosveracruz.com\\\/#\\\/schema\\\/person\\\/b8702bb0e538456e6efd07080bf2a4a2\"},\"headline\":\"NO SE VA A DESALOJAR A NADIE, PERO\u2026\",\"datePublished\":\"2026-01-23T20:12:32+00:00\",\"dateModified\":\"2026-01-23T20:12:40+00:00\",\"mainEntityOfPage\":{\"@id\":\"https:\\\/\\\/lospoliticosveracruz.com\\\/?p=161339\"},\"wordCount\":486,\"publisher\":{\"@id\":\"https:\\\/\\\/lospoliticosveracruz.com\\\/#organization\"},\"image\":{\"@id\":\"https:\\\/\\\/lospoliticosveracruz.com\\\/?p=161339#primaryimage\"},\"thumbnailUrl\":\"https:\\\/\\\/lospoliticosveracruz.com\\\/wp-content\\\/uploads\\\/2026\\\/01\\\/IMG_9257.jpeg\",\"keywords\":[\"33857 viviendas con da\u00f1o total o mayor\",\"4060 familias relocalizadas\",\"Conagua zonas de riesgo socavones\",\"Poza Rica 3018 familias reubicaci\u00f3n\",\"reubicaci\u00f3n familias Veracruz lluvias octubre 2025\",\"Sedatu Edna Elena Vega Rangel\"],\"articleSection\":[\"De Boleto\"],\"inLanguage\":\"es\"},{\"@type\":\"WebPage\",\"@id\":\"https:\\\/\\\/lospoliticosveracruz.com\\\/?p=161339\",\"url\":\"https:\\\/\\\/lospoliticosveracruz.com\\\/?p=161339\",\"name\":\"NO SE VA A DESALOJAR A NADIE, PERO\u2026 - Los pol\u00edticos Veracruz\",\"isPartOf\":{\"@id\":\"https:\\\/\\\/lospoliticosveracruz.com\\\/#website\"},\"primaryImageOfPage\":{\"@id\":\"https:\\\/\\\/lospoliticosveracruz.com\\\/?p=161339#primaryimage\"},\"image\":{\"@id\":\"https:\\\/\\\/lospoliticosveracruz.com\\\/?p=161339#primaryimage\"},\"thumbnailUrl\":\"https:\\\/\\\/lospoliticosveracruz.com\\\/wp-content\\\/uploads\\\/2026\\\/01\\\/IMG_9257.jpeg\",\"datePublished\":\"2026-01-23T20:12:32+00:00\",\"dateModified\":\"2026-01-23T20:12:40+00:00\",\"breadcrumb\":{\"@id\":\"https:\\\/\\\/lospoliticosveracruz.com\\\/?p=161339#breadcrumb\"},\"inLanguage\":\"es\",\"potentialAction\":[{\"@type\":\"ReadAction\",\"target\":[\"https:\\\/\\\/lospoliticosveracruz.com\\\/?p=161339\"]}]},{\"@type\":\"ImageObject\",\"inLanguage\":\"es\",\"@id\":\"https:\\\/\\\/lospoliticosveracruz.com\\\/?p=161339#primaryimage\",\"url\":\"https:\\\/\\\/lospoliticosveracruz.com\\\/wp-content\\\/uploads\\\/2026\\\/01\\\/IMG_9257.jpeg\",\"contentUrl\":\"https:\\\/\\\/lospoliticosveracruz.com\\\/wp-content\\\/uploads\\\/2026\\\/01\\\/IMG_9257.jpeg\",\"width\":600,\"height\":320},{\"@type\":\"BreadcrumbList\",\"@id\":\"https:\\\/\\\/lospoliticosveracruz.com\\\/?p=161339#breadcrumb\",\"itemListElement\":[{\"@type\":\"ListItem\",\"position\":1,\"name\":\"Portada\",\"item\":\"https:\\\/\\\/lospoliticosveracruz.com\\\/\"},{\"@type\":\"ListItem\",\"position\":2,\"name\":\"NO SE VA A DESALOJAR A NADIE, PERO\u2026\"}]},{\"@type\":\"WebSite\",\"@id\":\"https:\\\/\\\/lospoliticosveracruz.com\\\/#website\",\"url\":\"https:\\\/\\\/lospoliticosveracruz.com\\\/\",\"name\":\"Los pol\u00edticos Veracruz\",\"description\":\"\",\"publisher\":{\"@id\":\"https:\\\/\\\/lospoliticosveracruz.com\\\/#organization\"},\"potentialAction\":[{\"@type\":\"SearchAction\",\"target\":{\"@type\":\"EntryPoint\",\"urlTemplate\":\"https:\\\/\\\/lospoliticosveracruz.com\\\/?s={search_term_string}\"},\"query-input\":{\"@type\":\"PropertyValueSpecification\",\"valueRequired\":true,\"valueName\":\"search_term_string\"}}],\"inLanguage\":\"es\"},{\"@type\":\"Organization\",\"@id\":\"https:\\\/\\\/lospoliticosveracruz.com\\\/#organization\",\"name\":\"Los pol\u00edticos Veracruz\",\"url\":\"https:\\\/\\\/lospoliticosveracruz.com\\\/\",\"logo\":{\"@type\":\"ImageObject\",\"inLanguage\":\"es\",\"@id\":\"https:\\\/\\\/lospoliticosveracruz.com\\\/#\\\/schema\\\/logo\\\/image\\\/\",\"url\":\"https:\\\/\\\/lospoliticosveracruz.com\\\/wp-content\\\/uploads\\\/2025\\\/12\\\/Logo-Nuevo-LOS-POLITICOS-1.jpg\",\"contentUrl\":\"https:\\\/\\\/lospoliticosveracruz.com\\\/wp-content\\\/uploads\\\/2025\\\/12\\\/Logo-Nuevo-LOS-POLITICOS-1.jpg\",\"width\":260,\"height\":70,\"caption\":\"Los pol\u00edticos Veracruz\"},\"image\":{\"@id\":\"https:\\\/\\\/lospoliticosveracruz.com\\\/#\\\/schema\\\/logo\\\/image\\\/\"},\"sameAs\":[\"https:\\\/\\\/www.facebook.com\\\/people\\\/Notimemes-de-los-Polticos\\\/61565672886568\\\/\",\"https:\\\/\\\/x.com\\\/LosPoliticosVer\"]},{\"@type\":\"Person\",\"@id\":\"https:\\\/\\\/lospoliticosveracruz.com\\\/#\\\/schema\\\/person\\\/b8702bb0e538456e6efd07080bf2a4a2\",\"name\":\"Lo viste en Los Pol\u00edticos\",\"image\":{\"@type\":\"ImageObject\",\"inLanguage\":\"es\",\"@id\":\"https:\\\/\\\/secure.gravatar.com\\\/avatar\\\/3a8de04a2656d44082be478bd6c086daa447c4651605818287b9532d3d0bd435?s=96&d=mm&r=g\",\"url\":\"https:\\\/\\\/secure.gravatar.com\\\/avatar\\\/3a8de04a2656d44082be478bd6c086daa447c4651605818287b9532d3d0bd435?s=96&d=mm&r=g\",\"contentUrl\":\"https:\\\/\\\/secure.gravatar.com\\\/avatar\\\/3a8de04a2656d44082be478bd6c086daa447c4651605818287b9532d3d0bd435?s=96&d=mm&r=g\",\"caption\":\"Lo viste en Los Pol\u00edticos\"},\"url\":\"https:\\\/\\\/lospoliticosveracruz.com\\\/?author=2\"}]}<\/script>\n<!-- \/ Yoast SEO plugin. -->","yoast_head_json":{"title":"NO SE VA A DESALOJAR A NADIE, PERO\u2026 - Los pol\u00edticos Veracruz","robots":{"index":"index","follow":"follow","max-snippet":"max-snippet:-1","max-image-preview":"max-image-preview:large","max-video-preview":"max-video-preview:-1"},"canonical":"https:\/\/lospoliticosveracruz.com\/?p=161339","og_locale":"es_ES","og_type":"article","og_title":"NO SE VA A DESALOJAR A NADIE, PERO\u2026 - Los pol\u00edticos Veracruz","og_description":"\u00c1ngeles Gonz\u00e1lez Ceballos&nbsp; La titular de la Secretar\u00eda de Desarrollo Agrario, Territorial y Urbano (Sedatu), Edna Elena Vega Rangel, inform\u00f3 que derivado de las afectaciones por las lluvias de octubre del 2025, en el norte del Estado, 4 mil 60 familias tendr\u00e1n que ser reubicadas. Durante la conferencia ma\u00f1anera de la presidenta Claudia Sheinbaum, la [&hellip;]","og_url":"https:\/\/lospoliticosveracruz.com\/?p=161339","og_site_name":"Los pol\u00edticos Veracruz","article_publisher":"https:\/\/www.facebook.com\/people\/Notimemes-de-los-Polticos\/61565672886568\/","article_published_time":"2026-01-23T20:12:32+00:00","article_modified_time":"2026-01-23T20:12:40+00:00","og_image":[{"width":600,"height":320,"url":"https:\/\/lospoliticosveracruz.com\/wp-content\/uploads\/2026\/01\/IMG_9257.jpeg","type":"image\/jpeg"}],"author":"Lo viste en Los Pol\u00edticos","twitter_card":"summary_large_image","twitter_creator":"@LosPoliticosVer","twitter_site":"@LosPoliticosVer","twitter_misc":{"Escrito por":"Lo viste en Los Pol\u00edticos","Tiempo de lectura":"3 minutos"},"schema":{"@context":"https:\/\/schema.org","@graph":[{"@type":"Article","@id":"https:\/\/lospoliticosveracruz.com\/?p=161339#article","isPartOf":{"@id":"https:\/\/lospoliticosveracruz.com\/?p=161339"},"author":{"name":"Lo viste en Los Pol\u00edticos","@id":"https:\/\/lospoliticosveracruz.com\/#\/schema\/person\/b8702bb0e538456e6efd07080bf2a4a2"},"headline":"NO SE VA A DESALOJAR A NADIE, PERO\u2026","datePublished":"2026-01-23T20:12:32+00:00","dateModified":"2026-01-23T20:12:40+00:00","mainEntityOfPage":{"@id":"https:\/\/lospoliticosveracruz.com\/?p=161339"},"wordCount":486,"publisher":{"@id":"https:\/\/lospoliticosveracruz.com\/#organization"},"image":{"@id":"https:\/\/lospoliticosveracruz.com\/?p=161339#primaryimage"},"thumbnailUrl":"https:\/\/lospoliticosveracruz.com\/wp-content\/uploads\/2026\/01\/IMG_9257.jpeg","keywords":["33857 viviendas con da\u00f1o total o mayor","4060 familias relocalizadas","Conagua zonas de riesgo socavones","Poza Rica 3018 familias reubicaci\u00f3n","reubicaci\u00f3n familias Veracruz lluvias octubre 2025","Sedatu Edna Elena Vega Rangel"],"articleSection":["De Boleto"],"inLanguage":"es"},{"@type":"WebPage","@id":"https:\/\/lospoliticosveracruz.com\/?p=161339","url":"https:\/\/lospoliticosveracruz.com\/?p=161339","name":"NO SE VA A DESALOJAR A NADIE, PERO\u2026 - Los pol\u00edticos Veracruz","isPartOf":{"@id":"https:\/\/lospoliticosveracruz.com\/#website"},"primaryImageOfPage":{"@id":"https:\/\/lospoliticosveracruz.com\/?p=161339#primaryimage"},"image":{"@id":"https:\/\/lospoliticosveracruz.com\/?p=161339#primaryimage"},"thumbnailUrl":"https:\/\/lospoliticosveracruz.com\/wp-content\/uploads\/2026\/01\/IMG_9257.jpeg","datePublished":"2026-01-23T20:12:32+00:00","dateModified":"2026-01-23T20:12:40+00:00","breadcrumb":{"@id":"https:\/\/lospoliticosveracruz.com\/?p=161339#breadcrumb"},"inLanguage":"es","potentialAction":[{"@type":"ReadAction","target":["https:\/\/lospoliticosveracruz.com\/?p=161339"]}]},{"@type":"ImageObject","inLanguage":"es","@id":"https:\/\/lospoliticosveracruz.com\/?p=161339#primaryimage","url":"https:\/\/lospoliticosveracruz.com\/wp-content\/uploads\/2026\/01\/IMG_9257.jpeg","contentUrl":"https:\/\/lospoliticosveracruz.com\/wp-content\/uploads\/2026\/01\/IMG_9257.jpeg","width":600,"height":320},{"@type":"BreadcrumbList","@id":"https:\/\/lospoliticosveracruz.com\/?p=161339#breadcrumb","itemListElement":[{"@type":"ListItem","position":1,"name":"Portada","item":"https:\/\/lospoliticosveracruz.com\/"},{"@type":"ListItem","position":2,"name":"NO SE VA A DESALOJAR A NADIE, PERO\u2026"}]},{"@type":"WebSite","@id":"https:\/\/lospoliticosveracruz.com\/#website","url":"https:\/\/lospoliticosveracruz.com\/","name":"Los pol\u00edticos Veracruz","description":"","publisher":{"@id":"https:\/\/lospoliticosveracruz.com\/#organization"},"potentialAction":[{"@type":"SearchAction","target":{"@type":"EntryPoint","urlTemplate":"https:\/\/lospoliticosveracruz.com\/?s={search_term_string}"},"query-input":{"@type":"PropertyValueSpecification","valueRequired":true,"valueName":"search_term_string"}}],"inLanguage":"es"},{"@type":"Organization","@id":"https:\/\/lospoliticosveracruz.com\/#organization","name":"Los pol\u00edticos Veracruz","url":"https:\/\/lospoliticosveracruz.com\/","logo":{"@type":"ImageObject","inLanguage":"es","@id":"https:\/\/lospoliticosveracruz.com\/#\/schema\/logo\/image\/","url":"https:\/\/lospoliticosveracruz.com\/wp-content\/uploads\/2025\/12\/Logo-Nuevo-LOS-POLITICOS-1.jpg","contentUrl":"https:\/\/lospoliticosveracruz.com\/wp-content\/uploads\/2025\/12\/Logo-Nuevo-LOS-POLITICOS-1.jpg","width":260,"height":70,"caption":"Los pol\u00edticos Veracruz"},"image":{"@id":"https:\/\/lospoliticosveracruz.com\/#\/schema\/logo\/image\/"},"sameAs":["https:\/\/www.facebook.com\/people\/Notimemes-de-los-Polticos\/61565672886568\/","https:\/\/x.com\/LosPoliticosVer"]},{"@type":"Person","@id":"https:\/\/lospoliticosveracruz.com\/#\/schema\/person\/b8702bb0e538456e6efd07080bf2a4a2","name":"Lo viste en Los Pol\u00edticos","image":{"@type":"ImageObject","inLanguage":"es","@id":"https:\/\/secure.gravatar.com\/avatar\/3a8de04a2656d44082be478bd6c086daa447c4651605818287b9532d3d0bd435?s=96&d=mm&r=g","url":"https:\/\/secure.gravatar.com\/avatar\/3a8de04a2656d44082be478bd6c086daa447c4651605818287b9532d3d0bd435?s=96&d=mm&r=g","contentUrl":"https:\/\/secure.gravatar.com\/avatar\/3a8de04a2656d44082be478bd6c086daa447c4651605818287b9532d3d0bd435?s=96&d=mm&r=g","caption":"Lo viste en Los Pol\u00edticos"},"url":"https:\/\/lospoliticosveracruz.com\/?author=2"}]}},"_links":{"self":[{"href":"https:\/\/lospoliticosveracruz.com\/index.php?rest_route=\/wp\/v2\/posts\/161339","targetHints":{"allow":["GET"]}}],"collection":[{"href":"https:\/\/lospoliticosveracruz.com\/index.php?rest_route=\/wp\/v2\/posts"}],"about":[{"href":"https:\/\/lospoliticosveracruz.com\/index.php?rest_route=\/wp\/v2\/types\/post"}],"author":[{"embeddable":true,"href":"https:\/\/lospoliticosveracruz.com\/index.php?rest_route=\/wp\/v2\/users\/2"}],"replies":[{"embeddable":true,"href":"https:\/\/lospoliticosveracruz.com\/index.php?rest_route=%2Fwp%2Fv2%2Fcomments&post=161339"}],"version-history":[{"count":1,"href":"https:\/\/lospoliticosveracruz.com\/index.php?rest_route=\/wp\/v2\/posts\/161339\/revisions"}],"predecessor-version":[{"id":161341,"href":"https:\/\/lospoliticosveracruz.com\/index.php?rest_route=\/wp\/v2\/posts\/161339\/revisions\/161341"}],"wp:featuredmedia":[{"embeddable":true,"href":"https:\/\/lospoliticosveracruz.com\/index.php?rest_route=\/wp\/v2\/media\/161340"}],"wp:attachment":[{"href":"https:\/\/lospoliticosveracruz.com\/index.php?rest_route=%2Fwp%2Fv2%2Fmedia&parent=161339"}],"wp:term":[{"taxonomy":"category","embeddable":true,"href":"https:\/\/lospoliticosveracruz.com\/index.php?rest_route=%2Fwp%2Fv2%2Fcategories&post=161339"},{"taxonomy":"post_tag","embeddable":true,"href":"https:\/\/lospoliticosveracruz.com\/index.php?rest_route=%2Fwp%2Fv2%2Ftags&post=161339"}],"curies":[{"name":"wp","href":"https:\/\/api.w.org\/{rel}","templated":true}]}}