{"id":161378,"date":"2026-01-23T17:18:31","date_gmt":"2026-01-23T23:18:31","guid":{"rendered":"https:\/\/lospoliticosveracruz.com\/?p=161378"},"modified":"2026-01-23T17:18:33","modified_gmt":"2026-01-23T23:18:33","slug":"la-piel-del-maiz-la-flor-y-el-mar","status":"publish","type":"post","link":"https:\/\/lospoliticosveracruz.com\/?p=161378","title":{"rendered":"LA PIEL DEL MA\u00cdZ, LA FLOR Y EL MAR!"},"content":{"rendered":"\n<p>La riqueza cultural de Veracruz se har\u00e1 presente en la ciudad con la exposici\u00f3n La piel del ma\u00edz, la flor y el mar, integrada por 43 trajes t\u00edpicos representativos de diversas regiones del estado, que el Ayuntamiento de Xalapa, a trav\u00e9s de la Direcci\u00f3n de Cultura, expondr\u00e1.<\/p>\n\n\n\n<p>La muestra ser\u00e1 inaugurada el pr\u00f3ximo jueves 29 de enero a las 18:00 horas y permanecer\u00e1 abierta al p\u00fablico en el Museo Casa de Xalapa (MUXA), ubicado en el Centro Hist\u00f3rico de la ciudad.<\/p>\n\n\n\n<p>La indumentaria tradicional que la conforma es parte de la colecci\u00f3n donada por el maestro Ren\u00e9 Ram\u00edrez Ord\u00f3\u00f1ez y proviene de regiones como las Altas Monta\u00f1as, la Huasteca, el Istmo, el Sotavento, el Totonacapan y Los Tuxtlas.<\/p>\n\n\n\n<p>Cada atuendo refleja una visi\u00f3n del mundo, as\u00ed como procesos de identidad y resistencia cultural que han trascendido el tiempo.<\/p>\n\n\n\n<p>Las piezas son artesan\u00edas que preservan t\u00e9cnicas actualmente poco comunes, como el bordado en punto de cruz, de lomillo y el tejido en telar de cintura.<\/p>\n\n\n\n<p>En su conjunto, la exposici\u00f3n da cuenta de la hibridaci\u00f3n de ra\u00edces culturales precolombinas y ultramarinas que encontraron en la Nueva Espa\u00f1a un territorio f\u00e9rtil para el di\u00e1logo y la transformaci\u00f3n.<\/p>\n\n\n\n<p>El maestro Ren\u00e9 Ram\u00edrez Ord\u00f3\u00f1ez es originario de Xalapa, Veracruz. Realiz\u00f3 sus estudios profesionales en 1965 en la Benem\u00e9rita Escuela Normal Veracruzana \u201cEnrique C. R\u00e9bsamen\u201d, instituci\u00f3n donde inici\u00f3 su v\u00ednculo con la danza folcl\u00f3rica, la m\u00fasica y el canto.<\/p>\n\n\n\n<p>En 1974 ingres\u00f3 a la primera Compa\u00f1\u00eda de Ballet Folcl\u00f3rico de la Universidad Veracruzana (UV), encabezada por el maestro Miguel V\u00e9lez Arceo. A lo largo de su vida se ha dedicado a la promoci\u00f3n cultural y al enriquecimiento de su colecci\u00f3n de indumentaria tradicional, iniciada en 1961.<\/p>\n\n\n\n<p>El Ayuntamiento de Xalapa invita a la poblaci\u00f3n a conocer esta exposici\u00f3n, que constituye una herencia patrimonial donde la memoria y los saberes ancestrales dialogan con el presente.&nbsp;<\/p>\n\n\n\n<p>Para conocer m\u00e1s actividades, consultar la cartelera mensual de la Direcci\u00f3n de Cultura en las p\u00e1ginas de Facebook Ayuntamiento de Xalapa y Direcci\u00f3n de Cultura Xalapa.<\/p>\n","protected":false},"excerpt":{"rendered":"<p>La riqueza cultural de Veracruz se har\u00e1 presente en la ciudad con la exposici\u00f3n La piel del ma\u00edz, la flor y el mar, integrada por 43 trajes t\u00edpicos representativos de diversas regiones del estado, que el Ayuntamiento de Xalapa, a trav\u00e9s de la Direcci\u00f3n de Cultura, expondr\u00e1. La muestra ser\u00e1 inaugurada el pr\u00f3ximo jueves 29 [&hellip;]<\/p>\n","protected":false},"author":2,"featured_media":161379,"comment_status":"closed","ping_status":"closed","sticky":false,"template":"","format":"standard","meta":{"tdm_status":"","tdm_grid_status":"","footnotes":""},"categories":[73],"tags":[51657,51653,51654,51655,51656],"class_list":{"0":"post-161378","1":"post","2":"type-post","3":"status-publish","4":"format-standard","5":"has-post-thumbnail","7":"category-de-boleto","8":"tag-artesania-tradicional-veracruzana","9":"tag-exposicion-la-piel-del-maiz","10":"tag-museo-casa-de-xalapa-muxa","11":"tag-rene-ramirez-ordonez-2","12":"tag-trajes-tipicos-veracruz"},"yoast_head":"<!-- This site is optimized with the Yoast SEO plugin v27.4 - https:\/\/yoast.com\/product\/yoast-seo-wordpress\/ -->\n<title>LA PIEL DEL MA\u00cdZ, LA FLOR Y EL MAR! - Los pol\u00edticos Veracruz<\/title>\n<meta name=\"robots\" content=\"index, follow, max-snippet:-1, max-image-preview:large, max-video-preview:-1\" \/>\n<link rel=\"canonical\" href=\"https:\/\/lospoliticosveracruz.com\/?p=161378\" \/>\n<meta property=\"og:locale\" content=\"es_ES\" \/>\n<meta property=\"og:type\" content=\"article\" \/>\n<meta property=\"og:title\" content=\"LA PIEL DEL MA\u00cdZ, LA FLOR Y EL MAR! - Los pol\u00edticos Veracruz\" \/>\n<meta property=\"og:description\" content=\"La riqueza cultural de Veracruz se har\u00e1 presente en la ciudad con la exposici\u00f3n La piel del ma\u00edz, la flor y el mar, integrada por 43 trajes t\u00edpicos representativos de diversas regiones del estado, que el Ayuntamiento de Xalapa, a trav\u00e9s de la Direcci\u00f3n de Cultura, expondr\u00e1. La muestra ser\u00e1 inaugurada el pr\u00f3ximo jueves 29 [&hellip;]\" \/>\n<meta property=\"og:url\" content=\"https:\/\/lospoliticosveracruz.com\/?p=161378\" \/>\n<meta property=\"og:site_name\" content=\"Los pol\u00edticos Veracruz\" \/>\n<meta property=\"article:publisher\" content=\"https:\/\/www.facebook.com\/people\/Notimemes-de-los-Polticos\/61565672886568\/\" \/>\n<meta property=\"article:published_time\" content=\"2026-01-23T23:18:31+00:00\" \/>\n<meta property=\"article:modified_time\" content=\"2026-01-23T23:18:33+00:00\" \/>\n<meta property=\"og:image\" content=\"https:\/\/lospoliticosveracruz.com\/wp-content\/uploads\/2026\/01\/IMG_9272.png\" \/>\n\t<meta property=\"og:image:width\" content=\"600\" \/>\n\t<meta property=\"og:image:height\" content=\"320\" \/>\n\t<meta property=\"og:image:type\" content=\"image\/png\" \/>\n<meta name=\"author\" content=\"Lo viste en Los Pol\u00edticos\" \/>\n<meta name=\"twitter:card\" content=\"summary_large_image\" \/>\n<meta name=\"twitter:creator\" content=\"@LosPoliticosVer\" \/>\n<meta name=\"twitter:site\" content=\"@LosPoliticosVer\" \/>\n<meta name=\"twitter:label1\" content=\"Escrito por\" \/>\n\t<meta name=\"twitter:data1\" content=\"Lo viste en Los Pol\u00edticos\" \/>\n\t<meta name=\"twitter:label2\" content=\"Tiempo de lectura\" \/>\n\t<meta name=\"twitter:data2\" content=\"2 minutos\" \/>\n<script type=\"application\/ld+json\" class=\"yoast-schema-graph\">{\"@context\":\"https:\\\/\\\/schema.org\",\"@graph\":[{\"@type\":\"Article\",\"@id\":\"https:\\\/\\\/lospoliticosveracruz.com\\\/?p=161378#article\",\"isPartOf\":{\"@id\":\"https:\\\/\\\/lospoliticosveracruz.com\\\/?p=161378\"},\"author\":{\"name\":\"Lo viste en Los Pol\u00edticos\",\"@id\":\"https:\\\/\\\/lospoliticosveracruz.com\\\/#\\\/schema\\\/person\\\/b8702bb0e538456e6efd07080bf2a4a2\"},\"headline\":\"LA PIEL DEL MA\u00cdZ, LA FLOR Y EL MAR!\",\"datePublished\":\"2026-01-23T23:18:31+00:00\",\"dateModified\":\"2026-01-23T23:18:33+00:00\",\"mainEntityOfPage\":{\"@id\":\"https:\\\/\\\/lospoliticosveracruz.com\\\/?p=161378\"},\"wordCount\":381,\"publisher\":{\"@id\":\"https:\\\/\\\/lospoliticosveracruz.com\\\/#organization\"},\"image\":{\"@id\":\"https:\\\/\\\/lospoliticosveracruz.com\\\/?p=161378#primaryimage\"},\"thumbnailUrl\":\"https:\\\/\\\/lospoliticosveracruz.com\\\/wp-content\\\/uploads\\\/2026\\\/01\\\/IMG_9272.png\",\"keywords\":[\"artesan\u00eda tradicional veracruzana\",\"exposici\u00f3n La piel del ma\u00edz\",\"Museo Casa de Xalapa MUXA\",\"Ren\u00e9 Ram\u00edrez Ord\u00f3\u00f1ez\",\"trajes t\u00edpicos Veracruz\"],\"articleSection\":[\"De Boleto\"],\"inLanguage\":\"es\"},{\"@type\":\"WebPage\",\"@id\":\"https:\\\/\\\/lospoliticosveracruz.com\\\/?p=161378\",\"url\":\"https:\\\/\\\/lospoliticosveracruz.com\\\/?p=161378\",\"name\":\"LA PIEL DEL MA\u00cdZ, LA FLOR Y EL MAR! - Los pol\u00edticos Veracruz\",\"isPartOf\":{\"@id\":\"https:\\\/\\\/lospoliticosveracruz.com\\\/#website\"},\"primaryImageOfPage\":{\"@id\":\"https:\\\/\\\/lospoliticosveracruz.com\\\/?p=161378#primaryimage\"},\"image\":{\"@id\":\"https:\\\/\\\/lospoliticosveracruz.com\\\/?p=161378#primaryimage\"},\"thumbnailUrl\":\"https:\\\/\\\/lospoliticosveracruz.com\\\/wp-content\\\/uploads\\\/2026\\\/01\\\/IMG_9272.png\",\"datePublished\":\"2026-01-23T23:18:31+00:00\",\"dateModified\":\"2026-01-23T23:18:33+00:00\",\"breadcrumb\":{\"@id\":\"https:\\\/\\\/lospoliticosveracruz.com\\\/?p=161378#breadcrumb\"},\"inLanguage\":\"es\",\"potentialAction\":[{\"@type\":\"ReadAction\",\"target\":[\"https:\\\/\\\/lospoliticosveracruz.com\\\/?p=161378\"]}]},{\"@type\":\"ImageObject\",\"inLanguage\":\"es\",\"@id\":\"https:\\\/\\\/lospoliticosveracruz.com\\\/?p=161378#primaryimage\",\"url\":\"https:\\\/\\\/lospoliticosveracruz.com\\\/wp-content\\\/uploads\\\/2026\\\/01\\\/IMG_9272.png\",\"contentUrl\":\"https:\\\/\\\/lospoliticosveracruz.com\\\/wp-content\\\/uploads\\\/2026\\\/01\\\/IMG_9272.png\",\"width\":600,\"height\":320},{\"@type\":\"BreadcrumbList\",\"@id\":\"https:\\\/\\\/lospoliticosveracruz.com\\\/?p=161378#breadcrumb\",\"itemListElement\":[{\"@type\":\"ListItem\",\"position\":1,\"name\":\"Portada\",\"item\":\"https:\\\/\\\/lospoliticosveracruz.com\\\/\"},{\"@type\":\"ListItem\",\"position\":2,\"name\":\"LA PIEL DEL MA\u00cdZ, LA FLOR Y EL MAR!\"}]},{\"@type\":\"WebSite\",\"@id\":\"https:\\\/\\\/lospoliticosveracruz.com\\\/#website\",\"url\":\"https:\\\/\\\/lospoliticosveracruz.com\\\/\",\"name\":\"Los pol\u00edticos Veracruz\",\"description\":\"\",\"publisher\":{\"@id\":\"https:\\\/\\\/lospoliticosveracruz.com\\\/#organization\"},\"potentialAction\":[{\"@type\":\"SearchAction\",\"target\":{\"@type\":\"EntryPoint\",\"urlTemplate\":\"https:\\\/\\\/lospoliticosveracruz.com\\\/?s={search_term_string}\"},\"query-input\":{\"@type\":\"PropertyValueSpecification\",\"valueRequired\":true,\"valueName\":\"search_term_string\"}}],\"inLanguage\":\"es\"},{\"@type\":\"Organization\",\"@id\":\"https:\\\/\\\/lospoliticosveracruz.com\\\/#organization\",\"name\":\"Los pol\u00edticos Veracruz\",\"url\":\"https:\\\/\\\/lospoliticosveracruz.com\\\/\",\"logo\":{\"@type\":\"ImageObject\",\"inLanguage\":\"es\",\"@id\":\"https:\\\/\\\/lospoliticosveracruz.com\\\/#\\\/schema\\\/logo\\\/image\\\/\",\"url\":\"https:\\\/\\\/lospoliticosveracruz.com\\\/wp-content\\\/uploads\\\/2025\\\/12\\\/Logo-Nuevo-LOS-POLITICOS-1.jpg\",\"contentUrl\":\"https:\\\/\\\/lospoliticosveracruz.com\\\/wp-content\\\/uploads\\\/2025\\\/12\\\/Logo-Nuevo-LOS-POLITICOS-1.jpg\",\"width\":260,\"height\":70,\"caption\":\"Los pol\u00edticos Veracruz\"},\"image\":{\"@id\":\"https:\\\/\\\/lospoliticosveracruz.com\\\/#\\\/schema\\\/logo\\\/image\\\/\"},\"sameAs\":[\"https:\\\/\\\/www.facebook.com\\\/people\\\/Notimemes-de-los-Polticos\\\/61565672886568\\\/\",\"https:\\\/\\\/x.com\\\/LosPoliticosVer\"]},{\"@type\":\"Person\",\"@id\":\"https:\\\/\\\/lospoliticosveracruz.com\\\/#\\\/schema\\\/person\\\/b8702bb0e538456e6efd07080bf2a4a2\",\"name\":\"Lo viste en Los Pol\u00edticos\",\"image\":{\"@type\":\"ImageObject\",\"inLanguage\":\"es\",\"@id\":\"https:\\\/\\\/secure.gravatar.com\\\/avatar\\\/3a8de04a2656d44082be478bd6c086daa447c4651605818287b9532d3d0bd435?s=96&d=mm&r=g\",\"url\":\"https:\\\/\\\/secure.gravatar.com\\\/avatar\\\/3a8de04a2656d44082be478bd6c086daa447c4651605818287b9532d3d0bd435?s=96&d=mm&r=g\",\"contentUrl\":\"https:\\\/\\\/secure.gravatar.com\\\/avatar\\\/3a8de04a2656d44082be478bd6c086daa447c4651605818287b9532d3d0bd435?s=96&d=mm&r=g\",\"caption\":\"Lo viste en Los Pol\u00edticos\"},\"url\":\"https:\\\/\\\/lospoliticosveracruz.com\\\/?author=2\"}]}<\/script>\n<!-- \/ Yoast SEO plugin. -->","yoast_head_json":{"title":"LA PIEL DEL MA\u00cdZ, LA FLOR Y EL MAR! - Los pol\u00edticos Veracruz","robots":{"index":"index","follow":"follow","max-snippet":"max-snippet:-1","max-image-preview":"max-image-preview:large","max-video-preview":"max-video-preview:-1"},"canonical":"https:\/\/lospoliticosveracruz.com\/?p=161378","og_locale":"es_ES","og_type":"article","og_title":"LA PIEL DEL MA\u00cdZ, LA FLOR Y EL MAR! - Los pol\u00edticos Veracruz","og_description":"La riqueza cultural de Veracruz se har\u00e1 presente en la ciudad con la exposici\u00f3n La piel del ma\u00edz, la flor y el mar, integrada por 43 trajes t\u00edpicos representativos de diversas regiones del estado, que el Ayuntamiento de Xalapa, a trav\u00e9s de la Direcci\u00f3n de Cultura, expondr\u00e1. La muestra ser\u00e1 inaugurada el pr\u00f3ximo jueves 29 [&hellip;]","og_url":"https:\/\/lospoliticosveracruz.com\/?p=161378","og_site_name":"Los pol\u00edticos Veracruz","article_publisher":"https:\/\/www.facebook.com\/people\/Notimemes-de-los-Polticos\/61565672886568\/","article_published_time":"2026-01-23T23:18:31+00:00","article_modified_time":"2026-01-23T23:18:33+00:00","og_image":[{"width":600,"height":320,"url":"https:\/\/lospoliticosveracruz.com\/wp-content\/uploads\/2026\/01\/IMG_9272.png","type":"image\/png"}],"author":"Lo viste en Los Pol\u00edticos","twitter_card":"summary_large_image","twitter_creator":"@LosPoliticosVer","twitter_site":"@LosPoliticosVer","twitter_misc":{"Escrito por":"Lo viste en Los Pol\u00edticos","Tiempo de lectura":"2 minutos"},"schema":{"@context":"https:\/\/schema.org","@graph":[{"@type":"Article","@id":"https:\/\/lospoliticosveracruz.com\/?p=161378#article","isPartOf":{"@id":"https:\/\/lospoliticosveracruz.com\/?p=161378"},"author":{"name":"Lo viste en Los Pol\u00edticos","@id":"https:\/\/lospoliticosveracruz.com\/#\/schema\/person\/b8702bb0e538456e6efd07080bf2a4a2"},"headline":"LA PIEL DEL MA\u00cdZ, LA FLOR Y EL MAR!","datePublished":"2026-01-23T23:18:31+00:00","dateModified":"2026-01-23T23:18:33+00:00","mainEntityOfPage":{"@id":"https:\/\/lospoliticosveracruz.com\/?p=161378"},"wordCount":381,"publisher":{"@id":"https:\/\/lospoliticosveracruz.com\/#organization"},"image":{"@id":"https:\/\/lospoliticosveracruz.com\/?p=161378#primaryimage"},"thumbnailUrl":"https:\/\/lospoliticosveracruz.com\/wp-content\/uploads\/2026\/01\/IMG_9272.png","keywords":["artesan\u00eda tradicional veracruzana","exposici\u00f3n La piel del ma\u00edz","Museo Casa de Xalapa MUXA","Ren\u00e9 Ram\u00edrez Ord\u00f3\u00f1ez","trajes t\u00edpicos Veracruz"],"articleSection":["De Boleto"],"inLanguage":"es"},{"@type":"WebPage","@id":"https:\/\/lospoliticosveracruz.com\/?p=161378","url":"https:\/\/lospoliticosveracruz.com\/?p=161378","name":"LA PIEL DEL MA\u00cdZ, LA FLOR Y EL MAR! - Los pol\u00edticos Veracruz","isPartOf":{"@id":"https:\/\/lospoliticosveracruz.com\/#website"},"primaryImageOfPage":{"@id":"https:\/\/lospoliticosveracruz.com\/?p=161378#primaryimage"},"image":{"@id":"https:\/\/lospoliticosveracruz.com\/?p=161378#primaryimage"},"thumbnailUrl":"https:\/\/lospoliticosveracruz.com\/wp-content\/uploads\/2026\/01\/IMG_9272.png","datePublished":"2026-01-23T23:18:31+00:00","dateModified":"2026-01-23T23:18:33+00:00","breadcrumb":{"@id":"https:\/\/lospoliticosveracruz.com\/?p=161378#breadcrumb"},"inLanguage":"es","potentialAction":[{"@type":"ReadAction","target":["https:\/\/lospoliticosveracruz.com\/?p=161378"]}]},{"@type":"ImageObject","inLanguage":"es","@id":"https:\/\/lospoliticosveracruz.com\/?p=161378#primaryimage","url":"https:\/\/lospoliticosveracruz.com\/wp-content\/uploads\/2026\/01\/IMG_9272.png","contentUrl":"https:\/\/lospoliticosveracruz.com\/wp-content\/uploads\/2026\/01\/IMG_9272.png","width":600,"height":320},{"@type":"BreadcrumbList","@id":"https:\/\/lospoliticosveracruz.com\/?p=161378#breadcrumb","itemListElement":[{"@type":"ListItem","position":1,"name":"Portada","item":"https:\/\/lospoliticosveracruz.com\/"},{"@type":"ListItem","position":2,"name":"LA PIEL DEL MA\u00cdZ, LA FLOR Y EL MAR!"}]},{"@type":"WebSite","@id":"https:\/\/lospoliticosveracruz.com\/#website","url":"https:\/\/lospoliticosveracruz.com\/","name":"Los pol\u00edticos Veracruz","description":"","publisher":{"@id":"https:\/\/lospoliticosveracruz.com\/#organization"},"potentialAction":[{"@type":"SearchAction","target":{"@type":"EntryPoint","urlTemplate":"https:\/\/lospoliticosveracruz.com\/?s={search_term_string}"},"query-input":{"@type":"PropertyValueSpecification","valueRequired":true,"valueName":"search_term_string"}}],"inLanguage":"es"},{"@type":"Organization","@id":"https:\/\/lospoliticosveracruz.com\/#organization","name":"Los pol\u00edticos Veracruz","url":"https:\/\/lospoliticosveracruz.com\/","logo":{"@type":"ImageObject","inLanguage":"es","@id":"https:\/\/lospoliticosveracruz.com\/#\/schema\/logo\/image\/","url":"https:\/\/lospoliticosveracruz.com\/wp-content\/uploads\/2025\/12\/Logo-Nuevo-LOS-POLITICOS-1.jpg","contentUrl":"https:\/\/lospoliticosveracruz.com\/wp-content\/uploads\/2025\/12\/Logo-Nuevo-LOS-POLITICOS-1.jpg","width":260,"height":70,"caption":"Los pol\u00edticos Veracruz"},"image":{"@id":"https:\/\/lospoliticosveracruz.com\/#\/schema\/logo\/image\/"},"sameAs":["https:\/\/www.facebook.com\/people\/Notimemes-de-los-Polticos\/61565672886568\/","https:\/\/x.com\/LosPoliticosVer"]},{"@type":"Person","@id":"https:\/\/lospoliticosveracruz.com\/#\/schema\/person\/b8702bb0e538456e6efd07080bf2a4a2","name":"Lo viste en Los Pol\u00edticos","image":{"@type":"ImageObject","inLanguage":"es","@id":"https:\/\/secure.gravatar.com\/avatar\/3a8de04a2656d44082be478bd6c086daa447c4651605818287b9532d3d0bd435?s=96&d=mm&r=g","url":"https:\/\/secure.gravatar.com\/avatar\/3a8de04a2656d44082be478bd6c086daa447c4651605818287b9532d3d0bd435?s=96&d=mm&r=g","contentUrl":"https:\/\/secure.gravatar.com\/avatar\/3a8de04a2656d44082be478bd6c086daa447c4651605818287b9532d3d0bd435?s=96&d=mm&r=g","caption":"Lo viste en Los Pol\u00edticos"},"url":"https:\/\/lospoliticosveracruz.com\/?author=2"}]}},"_links":{"self":[{"href":"https:\/\/lospoliticosveracruz.com\/index.php?rest_route=\/wp\/v2\/posts\/161378","targetHints":{"allow":["GET"]}}],"collection":[{"href":"https:\/\/lospoliticosveracruz.com\/index.php?rest_route=\/wp\/v2\/posts"}],"about":[{"href":"https:\/\/lospoliticosveracruz.com\/index.php?rest_route=\/wp\/v2\/types\/post"}],"author":[{"embeddable":true,"href":"https:\/\/lospoliticosveracruz.com\/index.php?rest_route=\/wp\/v2\/users\/2"}],"replies":[{"embeddable":true,"href":"https:\/\/lospoliticosveracruz.com\/index.php?rest_route=%2Fwp%2Fv2%2Fcomments&post=161378"}],"version-history":[{"count":2,"href":"https:\/\/lospoliticosveracruz.com\/index.php?rest_route=\/wp\/v2\/posts\/161378\/revisions"}],"predecessor-version":[{"id":161381,"href":"https:\/\/lospoliticosveracruz.com\/index.php?rest_route=\/wp\/v2\/posts\/161378\/revisions\/161381"}],"wp:featuredmedia":[{"embeddable":true,"href":"https:\/\/lospoliticosveracruz.com\/index.php?rest_route=\/wp\/v2\/media\/161379"}],"wp:attachment":[{"href":"https:\/\/lospoliticosveracruz.com\/index.php?rest_route=%2Fwp%2Fv2%2Fmedia&parent=161378"}],"wp:term":[{"taxonomy":"category","embeddable":true,"href":"https:\/\/lospoliticosveracruz.com\/index.php?rest_route=%2Fwp%2Fv2%2Fcategories&post=161378"},{"taxonomy":"post_tag","embeddable":true,"href":"https:\/\/lospoliticosveracruz.com\/index.php?rest_route=%2Fwp%2Fv2%2Ftags&post=161378"}],"curies":[{"name":"wp","href":"https:\/\/api.w.org\/{rel}","templated":true}]}}