{"id":161405,"date":"2026-01-24T09:32:22","date_gmt":"2026-01-24T15:32:22","guid":{"rendered":"https:\/\/lospoliticosveracruz.com\/?p=161405"},"modified":"2026-01-24T09:32:23","modified_gmt":"2026-01-24T15:32:23","slug":"nos-trae-la-milloniza","status":"publish","type":"post","link":"https:\/\/lospoliticosveracruz.com\/?p=161405","title":{"rendered":"NOS TRAE LA MILLONIZA!"},"content":{"rendered":"\n<p>SECAS MECAS<\/p>\n\n\n\n<p><strong>Oved Contreras<\/strong><br><em>Secas Mecas<\/em><\/p>\n\n\n\n<p>Ayer estuvo en Veracruz la presidenta Claudia Sheinbaum y nos trajo al Batman Omar Garc\u00eda Harfuch para que las jarochas se echaran un taco de ojo y pidieran la selfie\u2026la presidenta anunci\u00f3 que su\u00a0 gobierno\u00a0 realizar\u00e1 una\u00a0inversi\u00f3n cercana a 20 mil millones de pesos\u00a0en el\u00a0estado de Veracruz,\u00a0con el objetivo de\u00a0fortalecer la infraestructura p\u00fablica y atender necesidades prioritarias en distintas regiones del estado.<\/p>\n\n\n\n<p>La inversi\u00f3n se destinar\u00e1 a mejorar y&nbsp;construir carreteras y puentes, as\u00ed como a obras de agua potable y trabajos en r\u00edos para reducir el riesgo de inundaciones durante las lluvias.&nbsp;Tambi\u00e9n&nbsp;se contemplan proyectos de vivienda para apoyar a las familias&nbsp;que resultaron afectadas por los&nbsp;da\u00f1os provocados por los fen\u00f3menos naturales de 2025. Los recursos se aplicar\u00e1n entre 2026 y 2027, y solo&nbsp;en 2026 se destinar\u00e1n m\u00e1s de 11 mil millones de pesos.&nbsp;<\/p>\n\n\n\n<p>\u201cEs una inversi\u00f3n de cerca de 20 mil millones de pesos para Veracruz, entre 2026 y 2027, puentes, carreteras, mejoramiento de las carreteras, agua potable, desazolve de r\u00edos, reencauzamiento de los r\u00edos y tambi\u00e9n vivienda para todas aquellas personas afectadas durante las lluvias de 2025\u201d, destac\u00f3 en la conferencia matutina: \u201cLas ma\u00f1aneras del pueblo\u201d, que se realiz\u00f3 en la Base Aeronaval de Las Bajadas.<\/p>\n\n\n\n<p>Este presupuesto permitir\u00e1&nbsp;avanzar m\u00e1s r\u00e1pido en las obras, impulsar la econom\u00eda local y generar muchos m\u00e1s&nbsp;&nbsp;empleos.&nbsp;La presidenta&nbsp; se\u00f1al\u00f3 que estas acciones no solo buscan reparar da\u00f1os, sino tambi\u00e9n resolver rezagos de a\u00f1os y fortalecer la infraestructura de Veracruz con una&nbsp;visi\u00f3n a largo plazo por el bienestar de las familias del estado.&nbsp;Finalmente, la&nbsp;presidenta Claudia Sheinbaum&nbsp;destac\u00f3 que&nbsp;Veracruz&nbsp;es un estado que requiere de ser priorizado&nbsp;&nbsp;dentro del plan&nbsp;nacional de infraestructura, por la importancia que tiene para la gente y la econom\u00eda del estado.&nbsp;Las obras, contribuir\u00e1n a mejorar la conectividad, garantizar servicios b\u00e1sicos y elevar el bienestar de las&nbsp;familias veracruzanas.<\/p>\n\n\n\n<p>Solo un favor le pedimos a la presidenta Sheinbaum: que no le vaya a encargar las obras a la SIOP de do\u00f1a Zacatl\u00e1n de las Manzanas porque con esa pereza que arrastran vendr\u00e1n sacando las licitaciones para el cierre del sexenio, no por algo arrastran subejercicios presupuestales. Tampoco se f\u00eden del tal Antonio Posada Flores, director de la SCT en Veracruz porque igual anda en la chorcha\u2026le gustan mucho las plazas comerciales de Boca del R\u00edo y la Riviera, pura vida social en restaurantes de alta cocina\u2026la pura vida.<\/p>\n\n\n\n<p>EL ETERNO ASPIRANTE\u2026H\u00e9ctor Yunes Landa, el eterno aspirante a la gubernatura de Veracruz, se la ten\u00eda bien guardada. El hasta ahora priista por fin saldr\u00e1 del cl\u00f3set pol\u00edtico y, para continuar con su ya conocida, y enfermiza, aspiraci\u00f3n, en breve anunciar\u00eda su incorporaci\u00f3n a Movimiento Ciudadano (MC). Nos dicen que el acuerdo incluye una diputaci\u00f3n federal plurinominal, de esas que tanto le gustan, para tener pretexto y seguir recorriendo la geograf\u00eda veracruzana en busca de su ya cl\u00e1sico \u201csue\u00f1o guajiro\u201d.<\/p>\n\n\n\n<p>En lo que queda del PRI, sus posibilidades de crecimiento se han agotado. Dio todo lo que ten\u00eda que dar. Salieron tablas. Ni el PRI le debe ni \u00e9l le debe al PRI. El ciclo est\u00e1 cerrado. Ahora ir\u00e1 a \u201cvender su amor\u201d a Movimiento Ciudadano, el partido de Dante Delgado Rannauro, quien no olvid\u00f3 becarlo durante los cuatro a\u00f1os que estuvo como gobernador interino, envi\u00e1ndolo a diversos pa\u00edses de Europa y a Estados Unidos. Viejos favores, viejos afectos.<\/p>\n\n\n\n<p>El curr\u00edculum de Yunes Landa es largo. Diputado local, diputado federal, senador, candidato del PRI a la gubernatura de Veracruz, dos veces subsecretario de Gobierno, dirigente estatal del tricolor, alto comisionado del partido como delegado especial en varias entidades, presidente de la Mesa Directiva y de la Jucopo, entre otros cargos. Todo, excepto lo \u00fanico que realmente quiere. La gubernatura, esa que siempre se le niega.<\/p>\n\n\n\n<p>En p\u00fablico y en privado repite a quien lo quiera escuchar que en 2030 ser\u00e1 gobernador de Veracruz; si no, en 2036; y si tampoco, lo intentar\u00e1 en 2042. Y si la vida le alcanza, en 2048 ser\u00e1 su \u00faltimo intento. Perseverancia admirable\u2026 o terquedad presupuestal. Vaya manera de querer vivir del erario p\u00fablico. Abogado de profesi\u00f3n, nunca ha litigado, aunque asegura que de ah\u00ed provienen sus ingresos. En fin, que siga con su prop\u00f3sito. Prometer no empobrece; cumplir es lo que aniquila.<\/p>\n\n\n\n<p>EXHIBEN A NAHLE\u2026Vaya problema que est\u00e1n viviendo los trabajadores del Fondo del Futuro, organismo que pertenece a la Secretar\u00eda de Desarrollo Econ\u00f3mico y Portuario (SEDECOP) del gobierno estatal de Veracruz, con el tema que no les han pagado sueldos en estas quincena de enero. Trabajadores que molestos exigen su pago de sus n\u00f3minas, que por cuestiones diversas, ese dinero est\u00e1 en el \u00ablimbo\u00bb. Pero el asunto aqu\u00ed, es que estos trabajadores se manifestaron en las instalaciones del Fondo del Futuro, ayer mismo que estaba de gira Presidencia por Veracruz, la Presidenta Claudia Sheinbaum Pardo, y que todo parece indicar que la intenci\u00f3n era dejar en mal a Roc\u00edo Nahle, como gobernadora ante la Presidenta. Como dando a entender que Nahle no pod\u00eda \u00abapagar sus infiernos\u00bb en Veracruz. Vaya mala \u00abjugada\u00bb.<\/p>\n\n\n\n<p>El problema es que las \u00abgrillas\u00bb palaciegas y el \u00abchambero\u00bb de Xalapa, nos informan que hay sospechas de que todo este movimiento fue manipulado desde dentro de este organismo, que todav\u00eda pertenece al gobierno del Estado. Y los \u00abmala leches\u00bb apuntan que una de las presuntas responsables de esta protesta fue la directora del Fondo del Futuro, Ana Laura del \u00c1ngel Olivares. Ya que en dentro del gobierno del Estado, la gente cercana a la gobernadora, detect\u00f3 que una de los principales personajes que lideraban el movimiento y en los videos en redes sociales, se pueden checar, es Sarah\u00ed Rodr\u00edguez, que es analista Jur\u00eddica de este Fondo del Futuro. Y es de los funcionarios m\u00e1s cercanos a Del \u00c1ngel Olivares. Por ello, es que las \u00abgrillas\u00bb en Palacio de Gobierno van sobre de ella.<br>Aqu\u00ed van a tener que dar la cara ante la \u00abT\u00eda Chio\u00bb tanto Ernesto P\u00e9rez Astorga, secretario de la SEDECOP, para que le expliquen porque se permiti\u00f3 esta manifestaci\u00f3n cuando la Presidenta Shienbaum estaba en Veracruz y porqu\u00e9 no negociaron con los quejosos antes y porqu\u00e9 dejaron que este conflicto creciera.<\/p>\n\n\n\n<p>Y peor a\u00fan, que la exhibida ante el gobierno federal fuera la gobernadora. Ya que los funcionarios federales todo le informan a la Presidenta y esta protesta, no pas\u00f3 desapercibida. Habr\u00e1 que ver si no \u00abruedan cabezas\u00bb pr\u00f3ximamente. Estas afrentas no las perdonan tan f\u00e1cil en Palacio de Gobierno y m\u00e1s si hay sospechas que fueron manipuladas desde adentro con el af\u00e1n de exhibir a Do\u00f1a Roc\u00edo. As\u00ed para que quiere enemigos<\/p>\n\n\n\n<p><\/p>\n","protected":false},"excerpt":{"rendered":"<p>SECAS MECAS Oved ContrerasSecas Mecas Ayer estuvo en Veracruz la presidenta Claudia Sheinbaum y nos trajo al Batman Omar Garc\u00eda Harfuch para que las jarochas se echaran un taco de ojo y pidieran la selfie\u2026la presidenta anunci\u00f3 que su\u00a0 gobierno\u00a0 realizar\u00e1 una\u00a0inversi\u00f3n cercana a 20 mil millones de pesos\u00a0en el\u00a0estado de Veracruz,\u00a0con el objetivo de\u00a0fortalecer [&hellip;]<\/p>\n","protected":false},"author":2,"featured_media":141426,"comment_status":"closed","ping_status":"closed","sticky":false,"template":"","format":"standard","meta":{"tdm_status":"","tdm_grid_status":"","footnotes":""},"categories":[70],"tags":[9627,348,1026,3578,342,195],"class_list":{"0":"post-161405","1":"post","2":"type-post","3":"status-publish","4":"format-standard","5":"has-post-thumbnail","7":"category-de-opinion","8":"tag-claudia-sheinbaum","9":"tag-hector-yunes-landa","10":"tag-morena","11":"tag-rocio-nahle","12":"tag-siop","13":"tag-veracruz"},"yoast_head":"<!-- This site is optimized with the Yoast SEO plugin v27.4 - https:\/\/yoast.com\/product\/yoast-seo-wordpress\/ -->\n<title>NOS TRAE LA MILLONIZA! - Los pol\u00edticos Veracruz<\/title>\n<meta name=\"robots\" content=\"index, follow, max-snippet:-1, max-image-preview:large, max-video-preview:-1\" \/>\n<link rel=\"canonical\" href=\"https:\/\/lospoliticosveracruz.com\/?p=161405\" \/>\n<meta property=\"og:locale\" content=\"es_ES\" \/>\n<meta property=\"og:type\" content=\"article\" \/>\n<meta property=\"og:title\" content=\"NOS TRAE LA MILLONIZA! - Los pol\u00edticos Veracruz\" \/>\n<meta property=\"og:description\" content=\"SECAS MECAS Oved ContrerasSecas Mecas Ayer estuvo en Veracruz la presidenta Claudia Sheinbaum y nos trajo al Batman Omar Garc\u00eda Harfuch para que las jarochas se echaran un taco de ojo y pidieran la selfie\u2026la presidenta anunci\u00f3 que su\u00a0 gobierno\u00a0 realizar\u00e1 una\u00a0inversi\u00f3n cercana a 20 mil millones de pesos\u00a0en el\u00a0estado de Veracruz,\u00a0con el objetivo de\u00a0fortalecer [&hellip;]\" \/>\n<meta property=\"og:url\" content=\"https:\/\/lospoliticosveracruz.com\/?p=161405\" \/>\n<meta property=\"og:site_name\" content=\"Los pol\u00edticos Veracruz\" \/>\n<meta property=\"article:publisher\" content=\"https:\/\/www.facebook.com\/people\/Notimemes-de-los-Polticos\/61565672886568\/\" \/>\n<meta property=\"article:published_time\" content=\"2026-01-24T15:32:22+00:00\" \/>\n<meta property=\"article:modified_time\" content=\"2026-01-24T15:32:23+00:00\" \/>\n<meta property=\"og:image\" content=\"https:\/\/lospoliticosveracruz.com\/wp-content\/uploads\/2025\/04\/Oved-Contreras-e1768066319253.jpg\" \/>\n\t<meta property=\"og:image:width\" content=\"600\" \/>\n\t<meta property=\"og:image:height\" content=\"320\" \/>\n\t<meta property=\"og:image:type\" content=\"image\/jpeg\" \/>\n<meta name=\"author\" content=\"Lo viste en Los Pol\u00edticos\" \/>\n<meta name=\"twitter:card\" content=\"summary_large_image\" \/>\n<meta name=\"twitter:creator\" content=\"@LosPoliticosVer\" \/>\n<meta name=\"twitter:site\" content=\"@LosPoliticosVer\" \/>\n<meta name=\"twitter:label1\" content=\"Escrito por\" \/>\n\t<meta name=\"twitter:data1\" content=\"Lo viste en Los Pol\u00edticos\" \/>\n\t<meta name=\"twitter:label2\" content=\"Tiempo de lectura\" \/>\n\t<meta name=\"twitter:data2\" content=\"6 minutos\" \/>\n<script type=\"application\/ld+json\" class=\"yoast-schema-graph\">{\"@context\":\"https:\\\/\\\/schema.org\",\"@graph\":[{\"@type\":\"Article\",\"@id\":\"https:\\\/\\\/lospoliticosveracruz.com\\\/?p=161405#article\",\"isPartOf\":{\"@id\":\"https:\\\/\\\/lospoliticosveracruz.com\\\/?p=161405\"},\"author\":{\"name\":\"Lo viste en Los Pol\u00edticos\",\"@id\":\"https:\\\/\\\/lospoliticosveracruz.com\\\/#\\\/schema\\\/person\\\/b8702bb0e538456e6efd07080bf2a4a2\"},\"headline\":\"NOS TRAE LA MILLONIZA!\",\"datePublished\":\"2026-01-24T15:32:22+00:00\",\"dateModified\":\"2026-01-24T15:32:23+00:00\",\"mainEntityOfPage\":{\"@id\":\"https:\\\/\\\/lospoliticosveracruz.com\\\/?p=161405\"},\"wordCount\":1197,\"publisher\":{\"@id\":\"https:\\\/\\\/lospoliticosveracruz.com\\\/#organization\"},\"image\":{\"@id\":\"https:\\\/\\\/lospoliticosveracruz.com\\\/?p=161405#primaryimage\"},\"thumbnailUrl\":\"https:\\\/\\\/lospoliticosveracruz.com\\\/wp-content\\\/uploads\\\/2025\\\/04\\\/Oved-Contreras-e1768066319253.jpg\",\"keywords\":[\"Claudia Sheinbaum\",\"H\u00e9ctor Yunes Landa\",\"Morena\",\"Roc\u00edo Nahle\",\"SIOP\",\"Veracruz\"],\"articleSection\":[\"De Opini\u00f3n\"],\"inLanguage\":\"es\"},{\"@type\":\"WebPage\",\"@id\":\"https:\\\/\\\/lospoliticosveracruz.com\\\/?p=161405\",\"url\":\"https:\\\/\\\/lospoliticosveracruz.com\\\/?p=161405\",\"name\":\"NOS TRAE LA MILLONIZA! - Los pol\u00edticos Veracruz\",\"isPartOf\":{\"@id\":\"https:\\\/\\\/lospoliticosveracruz.com\\\/#website\"},\"primaryImageOfPage\":{\"@id\":\"https:\\\/\\\/lospoliticosveracruz.com\\\/?p=161405#primaryimage\"},\"image\":{\"@id\":\"https:\\\/\\\/lospoliticosveracruz.com\\\/?p=161405#primaryimage\"},\"thumbnailUrl\":\"https:\\\/\\\/lospoliticosveracruz.com\\\/wp-content\\\/uploads\\\/2025\\\/04\\\/Oved-Contreras-e1768066319253.jpg\",\"datePublished\":\"2026-01-24T15:32:22+00:00\",\"dateModified\":\"2026-01-24T15:32:23+00:00\",\"breadcrumb\":{\"@id\":\"https:\\\/\\\/lospoliticosveracruz.com\\\/?p=161405#breadcrumb\"},\"inLanguage\":\"es\",\"potentialAction\":[{\"@type\":\"ReadAction\",\"target\":[\"https:\\\/\\\/lospoliticosveracruz.com\\\/?p=161405\"]}]},{\"@type\":\"ImageObject\",\"inLanguage\":\"es\",\"@id\":\"https:\\\/\\\/lospoliticosveracruz.com\\\/?p=161405#primaryimage\",\"url\":\"https:\\\/\\\/lospoliticosveracruz.com\\\/wp-content\\\/uploads\\\/2025\\\/04\\\/Oved-Contreras-e1768066319253.jpg\",\"contentUrl\":\"https:\\\/\\\/lospoliticosveracruz.com\\\/wp-content\\\/uploads\\\/2025\\\/04\\\/Oved-Contreras-e1768066319253.jpg\",\"width\":600,\"height\":320},{\"@type\":\"BreadcrumbList\",\"@id\":\"https:\\\/\\\/lospoliticosveracruz.com\\\/?p=161405#breadcrumb\",\"itemListElement\":[{\"@type\":\"ListItem\",\"position\":1,\"name\":\"Portada\",\"item\":\"https:\\\/\\\/lospoliticosveracruz.com\\\/\"},{\"@type\":\"ListItem\",\"position\":2,\"name\":\"NOS TRAE LA MILLONIZA!\"}]},{\"@type\":\"WebSite\",\"@id\":\"https:\\\/\\\/lospoliticosveracruz.com\\\/#website\",\"url\":\"https:\\\/\\\/lospoliticosveracruz.com\\\/\",\"name\":\"Los pol\u00edticos Veracruz\",\"description\":\"\",\"publisher\":{\"@id\":\"https:\\\/\\\/lospoliticosveracruz.com\\\/#organization\"},\"potentialAction\":[{\"@type\":\"SearchAction\",\"target\":{\"@type\":\"EntryPoint\",\"urlTemplate\":\"https:\\\/\\\/lospoliticosveracruz.com\\\/?s={search_term_string}\"},\"query-input\":{\"@type\":\"PropertyValueSpecification\",\"valueRequired\":true,\"valueName\":\"search_term_string\"}}],\"inLanguage\":\"es\"},{\"@type\":\"Organization\",\"@id\":\"https:\\\/\\\/lospoliticosveracruz.com\\\/#organization\",\"name\":\"Los pol\u00edticos Veracruz\",\"url\":\"https:\\\/\\\/lospoliticosveracruz.com\\\/\",\"logo\":{\"@type\":\"ImageObject\",\"inLanguage\":\"es\",\"@id\":\"https:\\\/\\\/lospoliticosveracruz.com\\\/#\\\/schema\\\/logo\\\/image\\\/\",\"url\":\"https:\\\/\\\/lospoliticosveracruz.com\\\/wp-content\\\/uploads\\\/2025\\\/12\\\/Logo-Nuevo-LOS-POLITICOS-1.jpg\",\"contentUrl\":\"https:\\\/\\\/lospoliticosveracruz.com\\\/wp-content\\\/uploads\\\/2025\\\/12\\\/Logo-Nuevo-LOS-POLITICOS-1.jpg\",\"width\":260,\"height\":70,\"caption\":\"Los pol\u00edticos Veracruz\"},\"image\":{\"@id\":\"https:\\\/\\\/lospoliticosveracruz.com\\\/#\\\/schema\\\/logo\\\/image\\\/\"},\"sameAs\":[\"https:\\\/\\\/www.facebook.com\\\/people\\\/Notimemes-de-los-Polticos\\\/61565672886568\\\/\",\"https:\\\/\\\/x.com\\\/LosPoliticosVer\"]},{\"@type\":\"Person\",\"@id\":\"https:\\\/\\\/lospoliticosveracruz.com\\\/#\\\/schema\\\/person\\\/b8702bb0e538456e6efd07080bf2a4a2\",\"name\":\"Lo viste en Los Pol\u00edticos\",\"image\":{\"@type\":\"ImageObject\",\"inLanguage\":\"es\",\"@id\":\"https:\\\/\\\/secure.gravatar.com\\\/avatar\\\/3a8de04a2656d44082be478bd6c086daa447c4651605818287b9532d3d0bd435?s=96&d=mm&r=g\",\"url\":\"https:\\\/\\\/secure.gravatar.com\\\/avatar\\\/3a8de04a2656d44082be478bd6c086daa447c4651605818287b9532d3d0bd435?s=96&d=mm&r=g\",\"contentUrl\":\"https:\\\/\\\/secure.gravatar.com\\\/avatar\\\/3a8de04a2656d44082be478bd6c086daa447c4651605818287b9532d3d0bd435?s=96&d=mm&r=g\",\"caption\":\"Lo viste en Los Pol\u00edticos\"},\"url\":\"https:\\\/\\\/lospoliticosveracruz.com\\\/?author=2\"}]}<\/script>\n<!-- \/ Yoast SEO plugin. -->","yoast_head_json":{"title":"NOS TRAE LA MILLONIZA! - Los pol\u00edticos Veracruz","robots":{"index":"index","follow":"follow","max-snippet":"max-snippet:-1","max-image-preview":"max-image-preview:large","max-video-preview":"max-video-preview:-1"},"canonical":"https:\/\/lospoliticosveracruz.com\/?p=161405","og_locale":"es_ES","og_type":"article","og_title":"NOS TRAE LA MILLONIZA! - Los pol\u00edticos Veracruz","og_description":"SECAS MECAS Oved ContrerasSecas Mecas Ayer estuvo en Veracruz la presidenta Claudia Sheinbaum y nos trajo al Batman Omar Garc\u00eda Harfuch para que las jarochas se echaran un taco de ojo y pidieran la selfie\u2026la presidenta anunci\u00f3 que su\u00a0 gobierno\u00a0 realizar\u00e1 una\u00a0inversi\u00f3n cercana a 20 mil millones de pesos\u00a0en el\u00a0estado de Veracruz,\u00a0con el objetivo de\u00a0fortalecer [&hellip;]","og_url":"https:\/\/lospoliticosveracruz.com\/?p=161405","og_site_name":"Los pol\u00edticos Veracruz","article_publisher":"https:\/\/www.facebook.com\/people\/Notimemes-de-los-Polticos\/61565672886568\/","article_published_time":"2026-01-24T15:32:22+00:00","article_modified_time":"2026-01-24T15:32:23+00:00","og_image":[{"width":600,"height":320,"url":"https:\/\/lospoliticosveracruz.com\/wp-content\/uploads\/2025\/04\/Oved-Contreras-e1768066319253.jpg","type":"image\/jpeg"}],"author":"Lo viste en Los Pol\u00edticos","twitter_card":"summary_large_image","twitter_creator":"@LosPoliticosVer","twitter_site":"@LosPoliticosVer","twitter_misc":{"Escrito por":"Lo viste en Los Pol\u00edticos","Tiempo de lectura":"6 minutos"},"schema":{"@context":"https:\/\/schema.org","@graph":[{"@type":"Article","@id":"https:\/\/lospoliticosveracruz.com\/?p=161405#article","isPartOf":{"@id":"https:\/\/lospoliticosveracruz.com\/?p=161405"},"author":{"name":"Lo viste en Los Pol\u00edticos","@id":"https:\/\/lospoliticosveracruz.com\/#\/schema\/person\/b8702bb0e538456e6efd07080bf2a4a2"},"headline":"NOS TRAE LA MILLONIZA!","datePublished":"2026-01-24T15:32:22+00:00","dateModified":"2026-01-24T15:32:23+00:00","mainEntityOfPage":{"@id":"https:\/\/lospoliticosveracruz.com\/?p=161405"},"wordCount":1197,"publisher":{"@id":"https:\/\/lospoliticosveracruz.com\/#organization"},"image":{"@id":"https:\/\/lospoliticosveracruz.com\/?p=161405#primaryimage"},"thumbnailUrl":"https:\/\/lospoliticosveracruz.com\/wp-content\/uploads\/2025\/04\/Oved-Contreras-e1768066319253.jpg","keywords":["Claudia Sheinbaum","H\u00e9ctor Yunes Landa","Morena","Roc\u00edo Nahle","SIOP","Veracruz"],"articleSection":["De Opini\u00f3n"],"inLanguage":"es"},{"@type":"WebPage","@id":"https:\/\/lospoliticosveracruz.com\/?p=161405","url":"https:\/\/lospoliticosveracruz.com\/?p=161405","name":"NOS TRAE LA MILLONIZA! - Los pol\u00edticos Veracruz","isPartOf":{"@id":"https:\/\/lospoliticosveracruz.com\/#website"},"primaryImageOfPage":{"@id":"https:\/\/lospoliticosveracruz.com\/?p=161405#primaryimage"},"image":{"@id":"https:\/\/lospoliticosveracruz.com\/?p=161405#primaryimage"},"thumbnailUrl":"https:\/\/lospoliticosveracruz.com\/wp-content\/uploads\/2025\/04\/Oved-Contreras-e1768066319253.jpg","datePublished":"2026-01-24T15:32:22+00:00","dateModified":"2026-01-24T15:32:23+00:00","breadcrumb":{"@id":"https:\/\/lospoliticosveracruz.com\/?p=161405#breadcrumb"},"inLanguage":"es","potentialAction":[{"@type":"ReadAction","target":["https:\/\/lospoliticosveracruz.com\/?p=161405"]}]},{"@type":"ImageObject","inLanguage":"es","@id":"https:\/\/lospoliticosveracruz.com\/?p=161405#primaryimage","url":"https:\/\/lospoliticosveracruz.com\/wp-content\/uploads\/2025\/04\/Oved-Contreras-e1768066319253.jpg","contentUrl":"https:\/\/lospoliticosveracruz.com\/wp-content\/uploads\/2025\/04\/Oved-Contreras-e1768066319253.jpg","width":600,"height":320},{"@type":"BreadcrumbList","@id":"https:\/\/lospoliticosveracruz.com\/?p=161405#breadcrumb","itemListElement":[{"@type":"ListItem","position":1,"name":"Portada","item":"https:\/\/lospoliticosveracruz.com\/"},{"@type":"ListItem","position":2,"name":"NOS TRAE LA MILLONIZA!"}]},{"@type":"WebSite","@id":"https:\/\/lospoliticosveracruz.com\/#website","url":"https:\/\/lospoliticosveracruz.com\/","name":"Los pol\u00edticos Veracruz","description":"","publisher":{"@id":"https:\/\/lospoliticosveracruz.com\/#organization"},"potentialAction":[{"@type":"SearchAction","target":{"@type":"EntryPoint","urlTemplate":"https:\/\/lospoliticosveracruz.com\/?s={search_term_string}"},"query-input":{"@type":"PropertyValueSpecification","valueRequired":true,"valueName":"search_term_string"}}],"inLanguage":"es"},{"@type":"Organization","@id":"https:\/\/lospoliticosveracruz.com\/#organization","name":"Los pol\u00edticos Veracruz","url":"https:\/\/lospoliticosveracruz.com\/","logo":{"@type":"ImageObject","inLanguage":"es","@id":"https:\/\/lospoliticosveracruz.com\/#\/schema\/logo\/image\/","url":"https:\/\/lospoliticosveracruz.com\/wp-content\/uploads\/2025\/12\/Logo-Nuevo-LOS-POLITICOS-1.jpg","contentUrl":"https:\/\/lospoliticosveracruz.com\/wp-content\/uploads\/2025\/12\/Logo-Nuevo-LOS-POLITICOS-1.jpg","width":260,"height":70,"caption":"Los pol\u00edticos Veracruz"},"image":{"@id":"https:\/\/lospoliticosveracruz.com\/#\/schema\/logo\/image\/"},"sameAs":["https:\/\/www.facebook.com\/people\/Notimemes-de-los-Polticos\/61565672886568\/","https:\/\/x.com\/LosPoliticosVer"]},{"@type":"Person","@id":"https:\/\/lospoliticosveracruz.com\/#\/schema\/person\/b8702bb0e538456e6efd07080bf2a4a2","name":"Lo viste en Los Pol\u00edticos","image":{"@type":"ImageObject","inLanguage":"es","@id":"https:\/\/secure.gravatar.com\/avatar\/3a8de04a2656d44082be478bd6c086daa447c4651605818287b9532d3d0bd435?s=96&d=mm&r=g","url":"https:\/\/secure.gravatar.com\/avatar\/3a8de04a2656d44082be478bd6c086daa447c4651605818287b9532d3d0bd435?s=96&d=mm&r=g","contentUrl":"https:\/\/secure.gravatar.com\/avatar\/3a8de04a2656d44082be478bd6c086daa447c4651605818287b9532d3d0bd435?s=96&d=mm&r=g","caption":"Lo viste en Los Pol\u00edticos"},"url":"https:\/\/lospoliticosveracruz.com\/?author=2"}]}},"_links":{"self":[{"href":"https:\/\/lospoliticosveracruz.com\/index.php?rest_route=\/wp\/v2\/posts\/161405","targetHints":{"allow":["GET"]}}],"collection":[{"href":"https:\/\/lospoliticosveracruz.com\/index.php?rest_route=\/wp\/v2\/posts"}],"about":[{"href":"https:\/\/lospoliticosveracruz.com\/index.php?rest_route=\/wp\/v2\/types\/post"}],"author":[{"embeddable":true,"href":"https:\/\/lospoliticosveracruz.com\/index.php?rest_route=\/wp\/v2\/users\/2"}],"replies":[{"embeddable":true,"href":"https:\/\/lospoliticosveracruz.com\/index.php?rest_route=%2Fwp%2Fv2%2Fcomments&post=161405"}],"version-history":[{"count":1,"href":"https:\/\/lospoliticosveracruz.com\/index.php?rest_route=\/wp\/v2\/posts\/161405\/revisions"}],"predecessor-version":[{"id":161406,"href":"https:\/\/lospoliticosveracruz.com\/index.php?rest_route=\/wp\/v2\/posts\/161405\/revisions\/161406"}],"wp:featuredmedia":[{"embeddable":true,"href":"https:\/\/lospoliticosveracruz.com\/index.php?rest_route=\/wp\/v2\/media\/141426"}],"wp:attachment":[{"href":"https:\/\/lospoliticosveracruz.com\/index.php?rest_route=%2Fwp%2Fv2%2Fmedia&parent=161405"}],"wp:term":[{"taxonomy":"category","embeddable":true,"href":"https:\/\/lospoliticosveracruz.com\/index.php?rest_route=%2Fwp%2Fv2%2Fcategories&post=161405"},{"taxonomy":"post_tag","embeddable":true,"href":"https:\/\/lospoliticosveracruz.com\/index.php?rest_route=%2Fwp%2Fv2%2Ftags&post=161405"}],"curies":[{"name":"wp","href":"https:\/\/api.w.org\/{rel}","templated":true}]}}