{"id":161424,"date":"2026-01-24T12:28:50","date_gmt":"2026-01-24T18:28:50","guid":{"rendered":"https:\/\/lospoliticosveracruz.com\/?p=161424"},"modified":"2026-01-24T12:28:51","modified_gmt":"2026-01-24T18:28:51","slug":"caos-simulacion-y-responsables-en-sefiplan","status":"publish","type":"post","link":"https:\/\/lospoliticosveracruz.com\/?p=161424","title":{"rendered":"CAOS, SIMULACI\u00d3N Y RESPONSABLES EN SEFIPLAN"},"content":{"rendered":"\n<p><strong>NdelaR<\/strong><br>Lo ocurrido este s\u00e1bado 24 de enero de 2026 en las instalaciones de la Secretar\u00eda de Finanzas y Planeaci\u00f3n (SEFIPLAN) no fue un hecho aislado ni un simple error log\u00edstico, sino la consecuencia directa de un modelo de desorganizaci\u00f3n, improvisaci\u00f3n y simulaci\u00f3n administrativa que hoy mantiene colapsado el sistema de recaudaci\u00f3n vehicular en Veracruz.<\/p>\n\n\n\n<ul class=\"wp-block-list\">\n<li>Cientos de j\u00f3venes acudieron a una convocatoria p\u00fablica para la contrataci\u00f3n de personal y se encontraron con filas interminables, horas de espera, ausencia total de informaci\u00f3n y un silencio institucional inadmisible. Muchos viajaron desde Minatitl\u00e1n, Coatzacoalcos, Misantla y otros municipios, invirtiendo tiempo y dinero, solo para confirmar lo que ciudadanos y trabajadores vienen denunciando desde hace meses: el desorden se volvi\u00f3 norma.<\/li>\n\n\n\n<li>LA ACUSACI\u00d3N M\u00c1S GRAVE: PLAZAS PRESUNTAMENTE YA ASIGNADAS<\/li>\n\n\n\n<li>Entre los asistentes comenz\u00f3 a circular una versi\u00f3n delicada y alarmante: que las plazas ofertadas ya habr\u00edan sido previamente asignadas y que la convocatoria solo sirvi\u00f3 para simular un proceso abierto. Hasta el cierre de esta informaci\u00f3n no hubo desmentido, aclaraci\u00f3n ni explicaci\u00f3n oficial, lo que alimenta la percepci\u00f3n de simulaci\u00f3n y opacidad.<\/li>\n\n\n\n<li>EL CAOS VEHICULAR NO ES CASUAL, TIENE RESPONSABLES<\/li>\n\n\n\n<li>El colapso en SEFIPLAN y en las oficinas de Hacienda no surgi\u00f3 de la nada. De acuerdo con quejas reiteradas de contribuyentes y personal operativo, la crisis recae en la Direcci\u00f3n General de Recaudaci\u00f3n, encabezada por Israel Octavio Caballero de la Rosa, y en el \u00e1rea de Control Vehicular, bajo la responsabilidad de Ang\u00e9lica Malpica Morfines.<\/li>\n\n\n\n<li>Bajo esta conducci\u00f3n, los tr\u00e1mites vehiculares se convirtieron en un laberinto de criterios cambiantes, requisitos contradictorios y decisiones sin sustento t\u00e9cnico, provocando saturaci\u00f3n permanente y enojo social.<\/li>\n\n\n\n<li>OFICINAS DE HACIENDA: FALLAS SIST\u00c9MICAS QUE AHOGAN AL CONTRIBUYENTE<\/li>\n\n\n\n<li>Las quejas se repiten en todo el estado y describen el mismo escenario:<\/li>\n\n\n\n<li>Horas de espera interminables para un solo tr\u00e1mite.<\/li>\n\n\n\n<li>Citas que no se respetan o desaparecen del sistema.<\/li>\n\n\n\n<li>Personal rebasado, sin lineamientos claros y sometido a cambios constantes de criterio.<\/li>\n\n\n\n<li>Falta cr\u00f3nica de personal en ventanillas.<\/li>\n\n\n\n<li>Sistemas inform\u00e1ticos que fallan de manera recurrente.<\/li>\n\n\n\n<li>Tr\u00e1mites detenidos o rechazados sin explicaci\u00f3n jur\u00eddica clara.<\/li>\n\n\n\n<li>A ello se suma una falla cr\u00edtica: el constante cambio de requisitos publicados en la p\u00e1gina oficial, lo que hace pr\u00e1cticamente imposible que los ciudadanos re\u00fanan la documentaci\u00f3n correcta.<\/li>\n\n\n\n<li>Cuando el contribuyente cree cumplir, los requisitos ya cambiaron.<\/li>\n\n\n\n<li>REQUISITOS QUE COLAPSAN EL CANJE VEHICULAR<\/li>\n\n\n\n<li>El endurecimiento reciente para exigir endoso notariado o factura electr\u00f3nica como condici\u00f3n para el canje vehicular ha provocado un cuello de botella que mantiene paralizados cientos de tr\u00e1mites.<\/li>\n\n\n\n<li>Lejos de ordenar, la medida ha colapsado a\u00fan m\u00e1s el sistema, afectando directamente a quienes buscan regularizarse.<\/li>\n\n\n\n<li>A esto se a\u00f1ade la exigencia de la constancia de situaci\u00f3n fiscal, se\u00f1alada por contribuyentes y trabajadores como una ocurrencia atribuida a la Jefatura de Control Vehicular.<\/li>\n\n\n\n<li>Este requisito ha generado filas adicionales en la Administraci\u00f3n Local de Servicios al Contribuyente del SAT, obligando a las personas a formarse primero en el SAT para obtener la constancia y despu\u00e9s regresar a hacer una nueva fila en Hacienda del Estado.<\/li>\n\n\n\n<li>Especialistas y trabajadores consultados coinciden en que se trata de un requisito innecesario, ya que el propio sistema de recaudaci\u00f3n estatal calcula el RFC autom\u00e1ticamente, y solo en casos excepcionales la homoclave presenta diferencias.<\/li>\n\n\n\n<li>Aun as\u00ed, se exige de manera generalizada, sin criterio t\u00e9cnico.<\/li>\n\n\n\n<li>Para agravar el panorama, se ha difundido una lista confusa de requisitos que cambia con frecuencia y que, lejos de ordenar, ha venido a empeorar la situaci\u00f3n operativa en todos los m\u00f3dulos.<\/li>\n\n\n\n<li>SE\u00d1ALAMIENTOS INTERNOS: HOSTIGAMIENTO Y ABUSOS LABORALES<\/li>\n\n\n\n<li>A la crisis operativa se suman se\u00f1alamientos internos.<\/li>\n\n\n\n<li>Trabajadores de distintas oficinas refieren presuntos abusos laborales y pr\u00e1cticas de hostigamiento, atribuibles a la presi\u00f3n desmedida, la falta de claridad en instrucciones y la imposici\u00f3n de metas sin herramientas ni personal suficiente. Estos se\u00f1alamientos apuntan directamente a la cadena de mando de Recaudaci\u00f3n y Control Vehicular.<\/li>\n\n\n\n<li>UNA FRASE QUE EXHIBE EL FRACASO<\/li>\n\n\n\n<li>De acuerdo con testimonios recabados en oficinas de Hacienda, el propio director de Recaudaci\u00f3n habr\u00eda expresado en reuniones internas que a \u00e9l \u201cno le importa la recaudaci\u00f3n\u201d. La frase, de confirmarse, resulta demoledora.<\/li>\n\n\n\n<li>La pregunta es inevitable: \u00bfqu\u00e9 sentido tiene mantener a un director de Recaudaci\u00f3n que no recauda ni prioriza la recaudaci\u00f3n, mientras el sistema colapsa y la molestia ciudadana crece?<\/li>\n\n\n\n<li>SILENCIO OFICIAL Y RESPONSABILIDAD POL\u00cdTICA<\/li>\n\n\n\n<li>Mientras SEFIPLAN guarda silencio, la Direcci\u00f3n de Recaudaci\u00f3n no ofrece explicaciones y Control Vehicular contin\u00faa imponiendo requisitos que paralizan tr\u00e1mites, el caos se profundiza.<\/li>\n\n\n\n<li>Lo ocurrido con la convocatoria de contrataci\u00f3n, el colapso vehicular y la saturaci\u00f3n en oficinas de Hacienda no son hechos aislados. Son s\u00edntomas de una mala conducci\u00f3n administrativa que hoy exige respuestas, correcciones y responsabilidades.<\/li>\n\n\n\n<li>Porque cuando la improvisaci\u00f3n sustituye a la planeaci\u00f3n y la simulaci\u00f3n a la transparencia, el resultado es uno solo: un Estado que no recauda, no atiende y no respeta al ciudadano.<\/li>\n<\/ul>\n","protected":false},"excerpt":{"rendered":"<p>NdelaRLo ocurrido este s\u00e1bado 24 de enero de 2026 en las instalaciones de la Secretar\u00eda de Finanzas y Planeaci\u00f3n (SEFIPLAN) no fue un hecho aislado ni un simple error log\u00edstico, sino la consecuencia directa de un modelo de desorganizaci\u00f3n, improvisaci\u00f3n y simulaci\u00f3n administrativa que hoy mantiene colapsado el sistema de recaudaci\u00f3n vehicular en Veracruz.<\/p>\n","protected":false},"author":2,"featured_media":161420,"comment_status":"closed","ping_status":"closed","sticky":false,"template":"","format":"standard","meta":{"tdm_status":"","tdm_grid_status":"","footnotes":""},"categories":[6446],"tags":[49414,14505,49412,640,195,96],"class_list":{"0":"post-161424","1":"post","2":"type-post","3":"status-publish","4":"format-standard","5":"has-post-thumbnail","7":"category-la-nota","8":"tag-angelica-malpica-morfines","9":"tag-hacienda-del-estado","10":"tag-israel-octavio-caballero-de-la-rosa","11":"tag-sefiplan","12":"tag-veracruz","13":"tag-xalapa"},"yoast_head":"<!-- This site is optimized with the Yoast SEO plugin v27.4 - https:\/\/yoast.com\/product\/yoast-seo-wordpress\/ -->\n<title>CAOS, SIMULACI\u00d3N Y RESPONSABLES EN SEFIPLAN - Los pol\u00edticos Veracruz<\/title>\n<meta name=\"robots\" content=\"index, follow, max-snippet:-1, max-image-preview:large, max-video-preview:-1\" \/>\n<link rel=\"canonical\" href=\"https:\/\/lospoliticosveracruz.com\/?p=161424\" \/>\n<meta property=\"og:locale\" content=\"es_ES\" \/>\n<meta property=\"og:type\" content=\"article\" \/>\n<meta property=\"og:title\" content=\"CAOS, SIMULACI\u00d3N Y RESPONSABLES EN SEFIPLAN - Los pol\u00edticos Veracruz\" \/>\n<meta property=\"og:description\" content=\"NdelaRLo ocurrido este s\u00e1bado 24 de enero de 2026 en las instalaciones de la Secretar\u00eda de Finanzas y Planeaci\u00f3n (SEFIPLAN) no fue un hecho aislado ni un simple error log\u00edstico, sino la consecuencia directa de un modelo de desorganizaci\u00f3n, improvisaci\u00f3n y simulaci\u00f3n administrativa que hoy mantiene colapsado el sistema de recaudaci\u00f3n vehicular en Veracruz.\" \/>\n<meta property=\"og:url\" content=\"https:\/\/lospoliticosveracruz.com\/?p=161424\" \/>\n<meta property=\"og:site_name\" content=\"Los pol\u00edticos Veracruz\" \/>\n<meta property=\"article:publisher\" content=\"https:\/\/www.facebook.com\/people\/Notimemes-de-los-Polticos\/61565672886568\/\" \/>\n<meta property=\"article:published_time\" content=\"2026-01-24T18:28:50+00:00\" \/>\n<meta property=\"article:modified_time\" content=\"2026-01-24T18:28:51+00:00\" \/>\n<meta property=\"og:image\" content=\"https:\/\/lospoliticosveracruz.com\/wp-content\/uploads\/2026\/01\/b09b9404-372b-4a6b-a6b8-a3927d420558.jpeg\" \/>\n\t<meta property=\"og:image:width\" content=\"1600\" \/>\n\t<meta property=\"og:image:height\" content=\"739\" \/>\n\t<meta property=\"og:image:type\" content=\"image\/jpeg\" \/>\n<meta name=\"author\" content=\"Lo viste en Los Pol\u00edticos\" \/>\n<meta name=\"twitter:card\" content=\"summary_large_image\" \/>\n<meta name=\"twitter:creator\" content=\"@LosPoliticosVer\" \/>\n<meta name=\"twitter:site\" content=\"@LosPoliticosVer\" \/>\n<meta name=\"twitter:label1\" content=\"Escrito por\" \/>\n\t<meta name=\"twitter:data1\" content=\"Lo viste en Los Pol\u00edticos\" \/>\n\t<meta name=\"twitter:label2\" content=\"Tiempo de lectura\" \/>\n\t<meta name=\"twitter:data2\" content=\"4 minutos\" \/>\n<script type=\"application\/ld+json\" class=\"yoast-schema-graph\">{\"@context\":\"https:\\\/\\\/schema.org\",\"@graph\":[{\"@type\":\"Article\",\"@id\":\"https:\\\/\\\/lospoliticosveracruz.com\\\/?p=161424#article\",\"isPartOf\":{\"@id\":\"https:\\\/\\\/lospoliticosveracruz.com\\\/?p=161424\"},\"author\":{\"name\":\"Lo viste en Los Pol\u00edticos\",\"@id\":\"https:\\\/\\\/lospoliticosveracruz.com\\\/#\\\/schema\\\/person\\\/b8702bb0e538456e6efd07080bf2a4a2\"},\"headline\":\"CAOS, SIMULACI\u00d3N Y RESPONSABLES EN SEFIPLAN\",\"datePublished\":\"2026-01-24T18:28:50+00:00\",\"dateModified\":\"2026-01-24T18:28:51+00:00\",\"mainEntityOfPage\":{\"@id\":\"https:\\\/\\\/lospoliticosveracruz.com\\\/?p=161424\"},\"wordCount\":884,\"publisher\":{\"@id\":\"https:\\\/\\\/lospoliticosveracruz.com\\\/#organization\"},\"image\":{\"@id\":\"https:\\\/\\\/lospoliticosveracruz.com\\\/?p=161424#primaryimage\"},\"thumbnailUrl\":\"https:\\\/\\\/lospoliticosveracruz.com\\\/wp-content\\\/uploads\\\/2026\\\/01\\\/b09b9404-372b-4a6b-a6b8-a3927d420558.jpeg\",\"keywords\":[\"Ang\u00e9lica Malpica Morfines\",\"Hacienda del Estado\",\"Israel Octavio Caballero de la Rosa\",\"Sefiplan\",\"Veracruz\",\"Xalapa\"],\"articleSection\":[\"La Nota\"],\"inLanguage\":\"es\"},{\"@type\":\"WebPage\",\"@id\":\"https:\\\/\\\/lospoliticosveracruz.com\\\/?p=161424\",\"url\":\"https:\\\/\\\/lospoliticosveracruz.com\\\/?p=161424\",\"name\":\"CAOS, SIMULACI\u00d3N Y RESPONSABLES EN SEFIPLAN - Los pol\u00edticos Veracruz\",\"isPartOf\":{\"@id\":\"https:\\\/\\\/lospoliticosveracruz.com\\\/#website\"},\"primaryImageOfPage\":{\"@id\":\"https:\\\/\\\/lospoliticosveracruz.com\\\/?p=161424#primaryimage\"},\"image\":{\"@id\":\"https:\\\/\\\/lospoliticosveracruz.com\\\/?p=161424#primaryimage\"},\"thumbnailUrl\":\"https:\\\/\\\/lospoliticosveracruz.com\\\/wp-content\\\/uploads\\\/2026\\\/01\\\/b09b9404-372b-4a6b-a6b8-a3927d420558.jpeg\",\"datePublished\":\"2026-01-24T18:28:50+00:00\",\"dateModified\":\"2026-01-24T18:28:51+00:00\",\"breadcrumb\":{\"@id\":\"https:\\\/\\\/lospoliticosveracruz.com\\\/?p=161424#breadcrumb\"},\"inLanguage\":\"es\",\"potentialAction\":[{\"@type\":\"ReadAction\",\"target\":[\"https:\\\/\\\/lospoliticosveracruz.com\\\/?p=161424\"]}]},{\"@type\":\"ImageObject\",\"inLanguage\":\"es\",\"@id\":\"https:\\\/\\\/lospoliticosveracruz.com\\\/?p=161424#primaryimage\",\"url\":\"https:\\\/\\\/lospoliticosveracruz.com\\\/wp-content\\\/uploads\\\/2026\\\/01\\\/b09b9404-372b-4a6b-a6b8-a3927d420558.jpeg\",\"contentUrl\":\"https:\\\/\\\/lospoliticosveracruz.com\\\/wp-content\\\/uploads\\\/2026\\\/01\\\/b09b9404-372b-4a6b-a6b8-a3927d420558.jpeg\",\"width\":1600,\"height\":739},{\"@type\":\"BreadcrumbList\",\"@id\":\"https:\\\/\\\/lospoliticosveracruz.com\\\/?p=161424#breadcrumb\",\"itemListElement\":[{\"@type\":\"ListItem\",\"position\":1,\"name\":\"Portada\",\"item\":\"https:\\\/\\\/lospoliticosveracruz.com\\\/\"},{\"@type\":\"ListItem\",\"position\":2,\"name\":\"CAOS, SIMULACI\u00d3N Y RESPONSABLES EN SEFIPLAN\"}]},{\"@type\":\"WebSite\",\"@id\":\"https:\\\/\\\/lospoliticosveracruz.com\\\/#website\",\"url\":\"https:\\\/\\\/lospoliticosveracruz.com\\\/\",\"name\":\"Los pol\u00edticos Veracruz\",\"description\":\"\",\"publisher\":{\"@id\":\"https:\\\/\\\/lospoliticosveracruz.com\\\/#organization\"},\"potentialAction\":[{\"@type\":\"SearchAction\",\"target\":{\"@type\":\"EntryPoint\",\"urlTemplate\":\"https:\\\/\\\/lospoliticosveracruz.com\\\/?s={search_term_string}\"},\"query-input\":{\"@type\":\"PropertyValueSpecification\",\"valueRequired\":true,\"valueName\":\"search_term_string\"}}],\"inLanguage\":\"es\"},{\"@type\":\"Organization\",\"@id\":\"https:\\\/\\\/lospoliticosveracruz.com\\\/#organization\",\"name\":\"Los pol\u00edticos Veracruz\",\"url\":\"https:\\\/\\\/lospoliticosveracruz.com\\\/\",\"logo\":{\"@type\":\"ImageObject\",\"inLanguage\":\"es\",\"@id\":\"https:\\\/\\\/lospoliticosveracruz.com\\\/#\\\/schema\\\/logo\\\/image\\\/\",\"url\":\"https:\\\/\\\/lospoliticosveracruz.com\\\/wp-content\\\/uploads\\\/2025\\\/12\\\/Logo-Nuevo-LOS-POLITICOS-1.jpg\",\"contentUrl\":\"https:\\\/\\\/lospoliticosveracruz.com\\\/wp-content\\\/uploads\\\/2025\\\/12\\\/Logo-Nuevo-LOS-POLITICOS-1.jpg\",\"width\":260,\"height\":70,\"caption\":\"Los pol\u00edticos Veracruz\"},\"image\":{\"@id\":\"https:\\\/\\\/lospoliticosveracruz.com\\\/#\\\/schema\\\/logo\\\/image\\\/\"},\"sameAs\":[\"https:\\\/\\\/www.facebook.com\\\/people\\\/Notimemes-de-los-Polticos\\\/61565672886568\\\/\",\"https:\\\/\\\/x.com\\\/LosPoliticosVer\"]},{\"@type\":\"Person\",\"@id\":\"https:\\\/\\\/lospoliticosveracruz.com\\\/#\\\/schema\\\/person\\\/b8702bb0e538456e6efd07080bf2a4a2\",\"name\":\"Lo viste en Los Pol\u00edticos\",\"image\":{\"@type\":\"ImageObject\",\"inLanguage\":\"es\",\"@id\":\"https:\\\/\\\/secure.gravatar.com\\\/avatar\\\/3a8de04a2656d44082be478bd6c086daa447c4651605818287b9532d3d0bd435?s=96&d=mm&r=g\",\"url\":\"https:\\\/\\\/secure.gravatar.com\\\/avatar\\\/3a8de04a2656d44082be478bd6c086daa447c4651605818287b9532d3d0bd435?s=96&d=mm&r=g\",\"contentUrl\":\"https:\\\/\\\/secure.gravatar.com\\\/avatar\\\/3a8de04a2656d44082be478bd6c086daa447c4651605818287b9532d3d0bd435?s=96&d=mm&r=g\",\"caption\":\"Lo viste en Los Pol\u00edticos\"},\"url\":\"https:\\\/\\\/lospoliticosveracruz.com\\\/?author=2\"}]}<\/script>\n<!-- \/ Yoast SEO plugin. -->","yoast_head_json":{"title":"CAOS, SIMULACI\u00d3N Y RESPONSABLES EN SEFIPLAN - Los pol\u00edticos Veracruz","robots":{"index":"index","follow":"follow","max-snippet":"max-snippet:-1","max-image-preview":"max-image-preview:large","max-video-preview":"max-video-preview:-1"},"canonical":"https:\/\/lospoliticosveracruz.com\/?p=161424","og_locale":"es_ES","og_type":"article","og_title":"CAOS, SIMULACI\u00d3N Y RESPONSABLES EN SEFIPLAN - Los pol\u00edticos Veracruz","og_description":"NdelaRLo ocurrido este s\u00e1bado 24 de enero de 2026 en las instalaciones de la Secretar\u00eda de Finanzas y Planeaci\u00f3n (SEFIPLAN) no fue un hecho aislado ni un simple error log\u00edstico, sino la consecuencia directa de un modelo de desorganizaci\u00f3n, improvisaci\u00f3n y simulaci\u00f3n administrativa que hoy mantiene colapsado el sistema de recaudaci\u00f3n vehicular en Veracruz.","og_url":"https:\/\/lospoliticosveracruz.com\/?p=161424","og_site_name":"Los pol\u00edticos Veracruz","article_publisher":"https:\/\/www.facebook.com\/people\/Notimemes-de-los-Polticos\/61565672886568\/","article_published_time":"2026-01-24T18:28:50+00:00","article_modified_time":"2026-01-24T18:28:51+00:00","og_image":[{"width":1600,"height":739,"url":"https:\/\/lospoliticosveracruz.com\/wp-content\/uploads\/2026\/01\/b09b9404-372b-4a6b-a6b8-a3927d420558.jpeg","type":"image\/jpeg"}],"author":"Lo viste en Los Pol\u00edticos","twitter_card":"summary_large_image","twitter_creator":"@LosPoliticosVer","twitter_site":"@LosPoliticosVer","twitter_misc":{"Escrito por":"Lo viste en Los Pol\u00edticos","Tiempo de lectura":"4 minutos"},"schema":{"@context":"https:\/\/schema.org","@graph":[{"@type":"Article","@id":"https:\/\/lospoliticosveracruz.com\/?p=161424#article","isPartOf":{"@id":"https:\/\/lospoliticosveracruz.com\/?p=161424"},"author":{"name":"Lo viste en Los Pol\u00edticos","@id":"https:\/\/lospoliticosveracruz.com\/#\/schema\/person\/b8702bb0e538456e6efd07080bf2a4a2"},"headline":"CAOS, SIMULACI\u00d3N Y RESPONSABLES EN SEFIPLAN","datePublished":"2026-01-24T18:28:50+00:00","dateModified":"2026-01-24T18:28:51+00:00","mainEntityOfPage":{"@id":"https:\/\/lospoliticosveracruz.com\/?p=161424"},"wordCount":884,"publisher":{"@id":"https:\/\/lospoliticosveracruz.com\/#organization"},"image":{"@id":"https:\/\/lospoliticosveracruz.com\/?p=161424#primaryimage"},"thumbnailUrl":"https:\/\/lospoliticosveracruz.com\/wp-content\/uploads\/2026\/01\/b09b9404-372b-4a6b-a6b8-a3927d420558.jpeg","keywords":["Ang\u00e9lica Malpica Morfines","Hacienda del Estado","Israel Octavio Caballero de la Rosa","Sefiplan","Veracruz","Xalapa"],"articleSection":["La Nota"],"inLanguage":"es"},{"@type":"WebPage","@id":"https:\/\/lospoliticosveracruz.com\/?p=161424","url":"https:\/\/lospoliticosveracruz.com\/?p=161424","name":"CAOS, SIMULACI\u00d3N Y RESPONSABLES EN SEFIPLAN - Los pol\u00edticos Veracruz","isPartOf":{"@id":"https:\/\/lospoliticosveracruz.com\/#website"},"primaryImageOfPage":{"@id":"https:\/\/lospoliticosveracruz.com\/?p=161424#primaryimage"},"image":{"@id":"https:\/\/lospoliticosveracruz.com\/?p=161424#primaryimage"},"thumbnailUrl":"https:\/\/lospoliticosveracruz.com\/wp-content\/uploads\/2026\/01\/b09b9404-372b-4a6b-a6b8-a3927d420558.jpeg","datePublished":"2026-01-24T18:28:50+00:00","dateModified":"2026-01-24T18:28:51+00:00","breadcrumb":{"@id":"https:\/\/lospoliticosveracruz.com\/?p=161424#breadcrumb"},"inLanguage":"es","potentialAction":[{"@type":"ReadAction","target":["https:\/\/lospoliticosveracruz.com\/?p=161424"]}]},{"@type":"ImageObject","inLanguage":"es","@id":"https:\/\/lospoliticosveracruz.com\/?p=161424#primaryimage","url":"https:\/\/lospoliticosveracruz.com\/wp-content\/uploads\/2026\/01\/b09b9404-372b-4a6b-a6b8-a3927d420558.jpeg","contentUrl":"https:\/\/lospoliticosveracruz.com\/wp-content\/uploads\/2026\/01\/b09b9404-372b-4a6b-a6b8-a3927d420558.jpeg","width":1600,"height":739},{"@type":"BreadcrumbList","@id":"https:\/\/lospoliticosveracruz.com\/?p=161424#breadcrumb","itemListElement":[{"@type":"ListItem","position":1,"name":"Portada","item":"https:\/\/lospoliticosveracruz.com\/"},{"@type":"ListItem","position":2,"name":"CAOS, SIMULACI\u00d3N Y RESPONSABLES EN SEFIPLAN"}]},{"@type":"WebSite","@id":"https:\/\/lospoliticosveracruz.com\/#website","url":"https:\/\/lospoliticosveracruz.com\/","name":"Los pol\u00edticos Veracruz","description":"","publisher":{"@id":"https:\/\/lospoliticosveracruz.com\/#organization"},"potentialAction":[{"@type":"SearchAction","target":{"@type":"EntryPoint","urlTemplate":"https:\/\/lospoliticosveracruz.com\/?s={search_term_string}"},"query-input":{"@type":"PropertyValueSpecification","valueRequired":true,"valueName":"search_term_string"}}],"inLanguage":"es"},{"@type":"Organization","@id":"https:\/\/lospoliticosveracruz.com\/#organization","name":"Los pol\u00edticos Veracruz","url":"https:\/\/lospoliticosveracruz.com\/","logo":{"@type":"ImageObject","inLanguage":"es","@id":"https:\/\/lospoliticosveracruz.com\/#\/schema\/logo\/image\/","url":"https:\/\/lospoliticosveracruz.com\/wp-content\/uploads\/2025\/12\/Logo-Nuevo-LOS-POLITICOS-1.jpg","contentUrl":"https:\/\/lospoliticosveracruz.com\/wp-content\/uploads\/2025\/12\/Logo-Nuevo-LOS-POLITICOS-1.jpg","width":260,"height":70,"caption":"Los pol\u00edticos Veracruz"},"image":{"@id":"https:\/\/lospoliticosveracruz.com\/#\/schema\/logo\/image\/"},"sameAs":["https:\/\/www.facebook.com\/people\/Notimemes-de-los-Polticos\/61565672886568\/","https:\/\/x.com\/LosPoliticosVer"]},{"@type":"Person","@id":"https:\/\/lospoliticosveracruz.com\/#\/schema\/person\/b8702bb0e538456e6efd07080bf2a4a2","name":"Lo viste en Los Pol\u00edticos","image":{"@type":"ImageObject","inLanguage":"es","@id":"https:\/\/secure.gravatar.com\/avatar\/3a8de04a2656d44082be478bd6c086daa447c4651605818287b9532d3d0bd435?s=96&d=mm&r=g","url":"https:\/\/secure.gravatar.com\/avatar\/3a8de04a2656d44082be478bd6c086daa447c4651605818287b9532d3d0bd435?s=96&d=mm&r=g","contentUrl":"https:\/\/secure.gravatar.com\/avatar\/3a8de04a2656d44082be478bd6c086daa447c4651605818287b9532d3d0bd435?s=96&d=mm&r=g","caption":"Lo viste en Los Pol\u00edticos"},"url":"https:\/\/lospoliticosveracruz.com\/?author=2"}]}},"_links":{"self":[{"href":"https:\/\/lospoliticosveracruz.com\/index.php?rest_route=\/wp\/v2\/posts\/161424","targetHints":{"allow":["GET"]}}],"collection":[{"href":"https:\/\/lospoliticosveracruz.com\/index.php?rest_route=\/wp\/v2\/posts"}],"about":[{"href":"https:\/\/lospoliticosveracruz.com\/index.php?rest_route=\/wp\/v2\/types\/post"}],"author":[{"embeddable":true,"href":"https:\/\/lospoliticosveracruz.com\/index.php?rest_route=\/wp\/v2\/users\/2"}],"replies":[{"embeddable":true,"href":"https:\/\/lospoliticosveracruz.com\/index.php?rest_route=%2Fwp%2Fv2%2Fcomments&post=161424"}],"version-history":[{"count":1,"href":"https:\/\/lospoliticosveracruz.com\/index.php?rest_route=\/wp\/v2\/posts\/161424\/revisions"}],"predecessor-version":[{"id":161425,"href":"https:\/\/lospoliticosveracruz.com\/index.php?rest_route=\/wp\/v2\/posts\/161424\/revisions\/161425"}],"wp:featuredmedia":[{"embeddable":true,"href":"https:\/\/lospoliticosveracruz.com\/index.php?rest_route=\/wp\/v2\/media\/161420"}],"wp:attachment":[{"href":"https:\/\/lospoliticosveracruz.com\/index.php?rest_route=%2Fwp%2Fv2%2Fmedia&parent=161424"}],"wp:term":[{"taxonomy":"category","embeddable":true,"href":"https:\/\/lospoliticosveracruz.com\/index.php?rest_route=%2Fwp%2Fv2%2Fcategories&post=161424"},{"taxonomy":"post_tag","embeddable":true,"href":"https:\/\/lospoliticosveracruz.com\/index.php?rest_route=%2Fwp%2Fv2%2Ftags&post=161424"}],"curies":[{"name":"wp","href":"https:\/\/api.w.org\/{rel}","templated":true}]}}