{"id":161434,"date":"2026-01-24T16:58:12","date_gmt":"2026-01-24T22:58:12","guid":{"rendered":"https:\/\/lospoliticosveracruz.com\/?p=161434"},"modified":"2026-01-24T16:58:14","modified_gmt":"2026-01-24T22:58:14","slug":"san-andres-se-la-pone","status":"publish","type":"post","link":"https:\/\/lospoliticosveracruz.com\/?p=161434","title":{"rendered":"SAN ANDR\u00c9S SE LA PONE!"},"content":{"rendered":"\n<p><em>San Andr\u00e9s Tuxtla:<\/em> En un acto de total coordinaci\u00f3n entre el Ayuntamiento de San Andr\u00e9s Tuxtla y el Gobierno del Estado que encabeza la Ingeniera, Roc\u00edo Nahle Garc\u00eda, arranc\u00f3 en la ciudad, la campa\u00f1a estatal de vacunaci\u00f3n contra el Sarampi\u00f3n.\u00a0<\/p>\n\n\n\n<p>El presidente municipal, Rafa Fararoni Maga\u00f1a dio la bienvenida a la mandataria estatal a quien agradeci\u00f3 haber elegido al municipio para el inicio de un tema tan sensible como la salud de ni\u00f1as, ni\u00f1os y la sociedad en general.&nbsp;<\/p>\n\n\n\n<p>En el mensaje dirigido por el alcalde Fararoni Maga\u00f1a, este reconoci\u00f3 la iniciativa creada por la Ingeniera Nahle Garc\u00eda, denominada \u201cCamionetitas de la salud\u201d, a la cual, el edil pidi\u00f3 sumarse para llegar con este programa de cercan\u00eda con la gente, a cada una de las 119 comunidades de San Andr\u00e9s Tuxtla.&nbsp;<\/p>\n\n\n\n<p>\u201cQuiero aprovechar este evento para reconocer su trabajo al frente del estado, hoy Veracruz camina con rumbo, con orden y responsabilidad. Ayer mismo la vimos con nuestra presidenta Claudia Sheinbaum marcando historia y demostrando que cuando hay coordinaci\u00f3n, visi\u00f3n y compromiso la transformaci\u00f3n es real\u201d, destac\u00f3.&nbsp;<\/p>\n\n\n\n<p>El presidente municipal, afirm\u00f3 que el trabajo de la Gobernadora, es hoy ejemplo para quienes iniciaron una nueva administraci\u00f3n el pasado 1 de enero, al ser una referencia clara de c\u00f3mo servir con seriedad, planeaci\u00f3n y siempre poniendo al pueblo en el centro de las decisiones.&nbsp;<\/p>\n\n\n\n<p>\u201cEn esta nueva administraci\u00f3n municipal que reci\u00e9n comienza en San Andr\u00e9s Tuxtla, nos tomamos muy en serio el trabajo en materia de salud, lo hacemos siguiendo el ejemplo del Gobierno del Estado, y sobre todo trabajando en plena coordinaci\u00f3n. Estamos convencidos de que, cuando los distintos niveles de gobierno caminamos juntos los resultados llegan a la gente\u201d, subray\u00f3.&nbsp;<\/p>\n\n\n\n<p>El alcalde agreg\u00f3 que la acci\u00f3n oportuna del Gobierno del Estado a trav\u00e9s de la campa\u00f1a de vacunaci\u00f3n contra el Sarampi\u00f3n permitir\u00e1 salvar vidas, pues, aunque en la entidad la enfermedad est\u00e1 controlada, nadie puede confiarse.&nbsp;<\/p>\n\n\n\n<p>Al banderazo de inicio celebrado en las instalaciones del UNDESAT, asistieron la Secretaria de Salud, Mariela Hern\u00e1ndez Garc\u00eda, el coordinador del IMSS- Bienestar en el Estado, Dr. Roberto Ramos Alor, la diputada del Distrito XXV, Erika Rosario Morales, la Subsecretaria de Educaci\u00f3n B\u00e1sica, Maritza Aguilar Ram\u00edrez, los titulares de las Jurisdicciones Sanitarias del Estado, personal del sector salud estatal y ediles de la regi\u00f3n.<\/p>\n","protected":false},"excerpt":{"rendered":"<p>San Andr\u00e9s Tuxtla: En un acto de total coordinaci\u00f3n entre el Ayuntamiento de San Andr\u00e9s Tuxtla y el Gobierno del Estado que encabeza la Ingeniera, Roc\u00edo Nahle Garc\u00eda, arranc\u00f3 en la ciudad, la campa\u00f1a estatal de vacunaci\u00f3n contra el Sarampi\u00f3n.\u00a0 El presidente municipal, Rafa Fararoni Maga\u00f1a dio la bienvenida a la mandataria estatal a quien [&hellip;]<\/p>\n","protected":false},"author":2,"featured_media":161465,"comment_status":"closed","ping_status":"closed","sticky":false,"template":"","format":"standard","meta":{"tdm_status":"","tdm_grid_status":"","footnotes":""},"categories":[73],"tags":[33714,3578,122,15216,195],"class_list":{"0":"post-161434","1":"post","2":"type-post","3":"status-publish","4":"format-standard","5":"has-post-thumbnail","7":"category-de-boleto","8":"tag-rafael-fararoni","9":"tag-rocio-nahle","10":"tag-san-andres-tuxtla","11":"tag-sarampion","12":"tag-veracruz"},"yoast_head":"<!-- This site is optimized with the Yoast SEO plugin v27.4 - https:\/\/yoast.com\/product\/yoast-seo-wordpress\/ -->\n<title>SAN ANDR\u00c9S SE LA PONE! - Los pol\u00edticos Veracruz<\/title>\n<meta name=\"robots\" content=\"index, follow, max-snippet:-1, max-image-preview:large, max-video-preview:-1\" \/>\n<link rel=\"canonical\" href=\"https:\/\/lospoliticosveracruz.com\/?p=161434\" \/>\n<meta property=\"og:locale\" content=\"es_ES\" \/>\n<meta property=\"og:type\" content=\"article\" \/>\n<meta property=\"og:title\" content=\"SAN ANDR\u00c9S SE LA PONE! - Los pol\u00edticos Veracruz\" \/>\n<meta property=\"og:description\" content=\"San Andr\u00e9s Tuxtla: En un acto de total coordinaci\u00f3n entre el Ayuntamiento de San Andr\u00e9s Tuxtla y el Gobierno del Estado que encabeza la Ingeniera, Roc\u00edo Nahle Garc\u00eda, arranc\u00f3 en la ciudad, la campa\u00f1a estatal de vacunaci\u00f3n contra el Sarampi\u00f3n.\u00a0 El presidente municipal, Rafa Fararoni Maga\u00f1a dio la bienvenida a la mandataria estatal a quien [&hellip;]\" \/>\n<meta property=\"og:url\" content=\"https:\/\/lospoliticosveracruz.com\/?p=161434\" \/>\n<meta property=\"og:site_name\" content=\"Los pol\u00edticos Veracruz\" \/>\n<meta property=\"article:publisher\" content=\"https:\/\/www.facebook.com\/people\/Notimemes-de-los-Polticos\/61565672886568\/\" \/>\n<meta property=\"article:published_time\" content=\"2026-01-24T22:58:12+00:00\" \/>\n<meta property=\"article:modified_time\" content=\"2026-01-24T22:58:14+00:00\" \/>\n<meta property=\"og:image\" content=\"https:\/\/lospoliticosveracruz.com\/wp-content\/uploads\/2026\/01\/890a64a3-a8fe-41e4-a32f-552e21326b75-e1769295447404.jpeg\" \/>\n\t<meta property=\"og:image:width\" content=\"600\" \/>\n\t<meta property=\"og:image:height\" content=\"381\" \/>\n\t<meta property=\"og:image:type\" content=\"image\/jpeg\" \/>\n<meta name=\"author\" content=\"Lo viste en Los Pol\u00edticos\" \/>\n<meta name=\"twitter:card\" content=\"summary_large_image\" \/>\n<meta name=\"twitter:creator\" content=\"@LosPoliticosVer\" \/>\n<meta name=\"twitter:site\" content=\"@LosPoliticosVer\" \/>\n<meta name=\"twitter:label1\" content=\"Escrito por\" \/>\n\t<meta name=\"twitter:data1\" content=\"Lo viste en Los Pol\u00edticos\" \/>\n\t<meta name=\"twitter:label2\" content=\"Tiempo de lectura\" \/>\n\t<meta name=\"twitter:data2\" content=\"2 minutos\" \/>\n<script type=\"application\/ld+json\" class=\"yoast-schema-graph\">{\"@context\":\"https:\\\/\\\/schema.org\",\"@graph\":[{\"@type\":\"Article\",\"@id\":\"https:\\\/\\\/lospoliticosveracruz.com\\\/?p=161434#article\",\"isPartOf\":{\"@id\":\"https:\\\/\\\/lospoliticosveracruz.com\\\/?p=161434\"},\"author\":{\"name\":\"Lo viste en Los Pol\u00edticos\",\"@id\":\"https:\\\/\\\/lospoliticosveracruz.com\\\/#\\\/schema\\\/person\\\/b8702bb0e538456e6efd07080bf2a4a2\"},\"headline\":\"SAN ANDR\u00c9S SE LA PONE!\",\"datePublished\":\"2026-01-24T22:58:12+00:00\",\"dateModified\":\"2026-01-24T22:58:14+00:00\",\"mainEntityOfPage\":{\"@id\":\"https:\\\/\\\/lospoliticosveracruz.com\\\/?p=161434\"},\"wordCount\":427,\"publisher\":{\"@id\":\"https:\\\/\\\/lospoliticosveracruz.com\\\/#organization\"},\"image\":{\"@id\":\"https:\\\/\\\/lospoliticosveracruz.com\\\/?p=161434#primaryimage\"},\"thumbnailUrl\":\"https:\\\/\\\/lospoliticosveracruz.com\\\/wp-content\\\/uploads\\\/2026\\\/01\\\/890a64a3-a8fe-41e4-a32f-552e21326b75-e1769295447404.jpeg\",\"keywords\":[\"Rafael Fararoni\",\"Roc\u00edo Nahle\",\"San Andr\u00e9s Tuxtla\",\"sarampi\u00f3n\",\"Veracruz\"],\"articleSection\":[\"De Boleto\"],\"inLanguage\":\"es\"},{\"@type\":\"WebPage\",\"@id\":\"https:\\\/\\\/lospoliticosveracruz.com\\\/?p=161434\",\"url\":\"https:\\\/\\\/lospoliticosveracruz.com\\\/?p=161434\",\"name\":\"SAN ANDR\u00c9S SE LA PONE! - Los pol\u00edticos Veracruz\",\"isPartOf\":{\"@id\":\"https:\\\/\\\/lospoliticosveracruz.com\\\/#website\"},\"primaryImageOfPage\":{\"@id\":\"https:\\\/\\\/lospoliticosveracruz.com\\\/?p=161434#primaryimage\"},\"image\":{\"@id\":\"https:\\\/\\\/lospoliticosveracruz.com\\\/?p=161434#primaryimage\"},\"thumbnailUrl\":\"https:\\\/\\\/lospoliticosveracruz.com\\\/wp-content\\\/uploads\\\/2026\\\/01\\\/890a64a3-a8fe-41e4-a32f-552e21326b75-e1769295447404.jpeg\",\"datePublished\":\"2026-01-24T22:58:12+00:00\",\"dateModified\":\"2026-01-24T22:58:14+00:00\",\"breadcrumb\":{\"@id\":\"https:\\\/\\\/lospoliticosveracruz.com\\\/?p=161434#breadcrumb\"},\"inLanguage\":\"es\",\"potentialAction\":[{\"@type\":\"ReadAction\",\"target\":[\"https:\\\/\\\/lospoliticosveracruz.com\\\/?p=161434\"]}]},{\"@type\":\"ImageObject\",\"inLanguage\":\"es\",\"@id\":\"https:\\\/\\\/lospoliticosveracruz.com\\\/?p=161434#primaryimage\",\"url\":\"https:\\\/\\\/lospoliticosveracruz.com\\\/wp-content\\\/uploads\\\/2026\\\/01\\\/890a64a3-a8fe-41e4-a32f-552e21326b75-e1769295447404.jpeg\",\"contentUrl\":\"https:\\\/\\\/lospoliticosveracruz.com\\\/wp-content\\\/uploads\\\/2026\\\/01\\\/890a64a3-a8fe-41e4-a32f-552e21326b75-e1769295447404.jpeg\",\"width\":600,\"height\":381},{\"@type\":\"BreadcrumbList\",\"@id\":\"https:\\\/\\\/lospoliticosveracruz.com\\\/?p=161434#breadcrumb\",\"itemListElement\":[{\"@type\":\"ListItem\",\"position\":1,\"name\":\"Portada\",\"item\":\"https:\\\/\\\/lospoliticosveracruz.com\\\/\"},{\"@type\":\"ListItem\",\"position\":2,\"name\":\"SAN ANDR\u00c9S SE LA PONE!\"}]},{\"@type\":\"WebSite\",\"@id\":\"https:\\\/\\\/lospoliticosveracruz.com\\\/#website\",\"url\":\"https:\\\/\\\/lospoliticosveracruz.com\\\/\",\"name\":\"Los pol\u00edticos Veracruz\",\"description\":\"\",\"publisher\":{\"@id\":\"https:\\\/\\\/lospoliticosveracruz.com\\\/#organization\"},\"potentialAction\":[{\"@type\":\"SearchAction\",\"target\":{\"@type\":\"EntryPoint\",\"urlTemplate\":\"https:\\\/\\\/lospoliticosveracruz.com\\\/?s={search_term_string}\"},\"query-input\":{\"@type\":\"PropertyValueSpecification\",\"valueRequired\":true,\"valueName\":\"search_term_string\"}}],\"inLanguage\":\"es\"},{\"@type\":\"Organization\",\"@id\":\"https:\\\/\\\/lospoliticosveracruz.com\\\/#organization\",\"name\":\"Los pol\u00edticos Veracruz\",\"url\":\"https:\\\/\\\/lospoliticosveracruz.com\\\/\",\"logo\":{\"@type\":\"ImageObject\",\"inLanguage\":\"es\",\"@id\":\"https:\\\/\\\/lospoliticosveracruz.com\\\/#\\\/schema\\\/logo\\\/image\\\/\",\"url\":\"https:\\\/\\\/lospoliticosveracruz.com\\\/wp-content\\\/uploads\\\/2025\\\/12\\\/Logo-Nuevo-LOS-POLITICOS-1.jpg\",\"contentUrl\":\"https:\\\/\\\/lospoliticosveracruz.com\\\/wp-content\\\/uploads\\\/2025\\\/12\\\/Logo-Nuevo-LOS-POLITICOS-1.jpg\",\"width\":260,\"height\":70,\"caption\":\"Los pol\u00edticos Veracruz\"},\"image\":{\"@id\":\"https:\\\/\\\/lospoliticosveracruz.com\\\/#\\\/schema\\\/logo\\\/image\\\/\"},\"sameAs\":[\"https:\\\/\\\/www.facebook.com\\\/people\\\/Notimemes-de-los-Polticos\\\/61565672886568\\\/\",\"https:\\\/\\\/x.com\\\/LosPoliticosVer\"]},{\"@type\":\"Person\",\"@id\":\"https:\\\/\\\/lospoliticosveracruz.com\\\/#\\\/schema\\\/person\\\/b8702bb0e538456e6efd07080bf2a4a2\",\"name\":\"Lo viste en Los Pol\u00edticos\",\"image\":{\"@type\":\"ImageObject\",\"inLanguage\":\"es\",\"@id\":\"https:\\\/\\\/secure.gravatar.com\\\/avatar\\\/3a8de04a2656d44082be478bd6c086daa447c4651605818287b9532d3d0bd435?s=96&d=mm&r=g\",\"url\":\"https:\\\/\\\/secure.gravatar.com\\\/avatar\\\/3a8de04a2656d44082be478bd6c086daa447c4651605818287b9532d3d0bd435?s=96&d=mm&r=g\",\"contentUrl\":\"https:\\\/\\\/secure.gravatar.com\\\/avatar\\\/3a8de04a2656d44082be478bd6c086daa447c4651605818287b9532d3d0bd435?s=96&d=mm&r=g\",\"caption\":\"Lo viste en Los Pol\u00edticos\"},\"url\":\"https:\\\/\\\/lospoliticosveracruz.com\\\/?author=2\"}]}<\/script>\n<!-- \/ Yoast SEO plugin. -->","yoast_head_json":{"title":"SAN ANDR\u00c9S SE LA PONE! - Los pol\u00edticos Veracruz","robots":{"index":"index","follow":"follow","max-snippet":"max-snippet:-1","max-image-preview":"max-image-preview:large","max-video-preview":"max-video-preview:-1"},"canonical":"https:\/\/lospoliticosveracruz.com\/?p=161434","og_locale":"es_ES","og_type":"article","og_title":"SAN ANDR\u00c9S SE LA PONE! - Los pol\u00edticos Veracruz","og_description":"San Andr\u00e9s Tuxtla: En un acto de total coordinaci\u00f3n entre el Ayuntamiento de San Andr\u00e9s Tuxtla y el Gobierno del Estado que encabeza la Ingeniera, Roc\u00edo Nahle Garc\u00eda, arranc\u00f3 en la ciudad, la campa\u00f1a estatal de vacunaci\u00f3n contra el Sarampi\u00f3n.\u00a0 El presidente municipal, Rafa Fararoni Maga\u00f1a dio la bienvenida a la mandataria estatal a quien [&hellip;]","og_url":"https:\/\/lospoliticosveracruz.com\/?p=161434","og_site_name":"Los pol\u00edticos Veracruz","article_publisher":"https:\/\/www.facebook.com\/people\/Notimemes-de-los-Polticos\/61565672886568\/","article_published_time":"2026-01-24T22:58:12+00:00","article_modified_time":"2026-01-24T22:58:14+00:00","og_image":[{"width":600,"height":381,"url":"https:\/\/lospoliticosveracruz.com\/wp-content\/uploads\/2026\/01\/890a64a3-a8fe-41e4-a32f-552e21326b75-e1769295447404.jpeg","type":"image\/jpeg"}],"author":"Lo viste en Los Pol\u00edticos","twitter_card":"summary_large_image","twitter_creator":"@LosPoliticosVer","twitter_site":"@LosPoliticosVer","twitter_misc":{"Escrito por":"Lo viste en Los Pol\u00edticos","Tiempo de lectura":"2 minutos"},"schema":{"@context":"https:\/\/schema.org","@graph":[{"@type":"Article","@id":"https:\/\/lospoliticosveracruz.com\/?p=161434#article","isPartOf":{"@id":"https:\/\/lospoliticosveracruz.com\/?p=161434"},"author":{"name":"Lo viste en Los Pol\u00edticos","@id":"https:\/\/lospoliticosveracruz.com\/#\/schema\/person\/b8702bb0e538456e6efd07080bf2a4a2"},"headline":"SAN ANDR\u00c9S SE LA PONE!","datePublished":"2026-01-24T22:58:12+00:00","dateModified":"2026-01-24T22:58:14+00:00","mainEntityOfPage":{"@id":"https:\/\/lospoliticosveracruz.com\/?p=161434"},"wordCount":427,"publisher":{"@id":"https:\/\/lospoliticosveracruz.com\/#organization"},"image":{"@id":"https:\/\/lospoliticosveracruz.com\/?p=161434#primaryimage"},"thumbnailUrl":"https:\/\/lospoliticosveracruz.com\/wp-content\/uploads\/2026\/01\/890a64a3-a8fe-41e4-a32f-552e21326b75-e1769295447404.jpeg","keywords":["Rafael Fararoni","Roc\u00edo Nahle","San Andr\u00e9s Tuxtla","sarampi\u00f3n","Veracruz"],"articleSection":["De Boleto"],"inLanguage":"es"},{"@type":"WebPage","@id":"https:\/\/lospoliticosveracruz.com\/?p=161434","url":"https:\/\/lospoliticosveracruz.com\/?p=161434","name":"SAN ANDR\u00c9S SE LA PONE! - Los pol\u00edticos Veracruz","isPartOf":{"@id":"https:\/\/lospoliticosveracruz.com\/#website"},"primaryImageOfPage":{"@id":"https:\/\/lospoliticosveracruz.com\/?p=161434#primaryimage"},"image":{"@id":"https:\/\/lospoliticosveracruz.com\/?p=161434#primaryimage"},"thumbnailUrl":"https:\/\/lospoliticosveracruz.com\/wp-content\/uploads\/2026\/01\/890a64a3-a8fe-41e4-a32f-552e21326b75-e1769295447404.jpeg","datePublished":"2026-01-24T22:58:12+00:00","dateModified":"2026-01-24T22:58:14+00:00","breadcrumb":{"@id":"https:\/\/lospoliticosveracruz.com\/?p=161434#breadcrumb"},"inLanguage":"es","potentialAction":[{"@type":"ReadAction","target":["https:\/\/lospoliticosveracruz.com\/?p=161434"]}]},{"@type":"ImageObject","inLanguage":"es","@id":"https:\/\/lospoliticosveracruz.com\/?p=161434#primaryimage","url":"https:\/\/lospoliticosveracruz.com\/wp-content\/uploads\/2026\/01\/890a64a3-a8fe-41e4-a32f-552e21326b75-e1769295447404.jpeg","contentUrl":"https:\/\/lospoliticosveracruz.com\/wp-content\/uploads\/2026\/01\/890a64a3-a8fe-41e4-a32f-552e21326b75-e1769295447404.jpeg","width":600,"height":381},{"@type":"BreadcrumbList","@id":"https:\/\/lospoliticosveracruz.com\/?p=161434#breadcrumb","itemListElement":[{"@type":"ListItem","position":1,"name":"Portada","item":"https:\/\/lospoliticosveracruz.com\/"},{"@type":"ListItem","position":2,"name":"SAN ANDR\u00c9S SE LA PONE!"}]},{"@type":"WebSite","@id":"https:\/\/lospoliticosveracruz.com\/#website","url":"https:\/\/lospoliticosveracruz.com\/","name":"Los pol\u00edticos Veracruz","description":"","publisher":{"@id":"https:\/\/lospoliticosveracruz.com\/#organization"},"potentialAction":[{"@type":"SearchAction","target":{"@type":"EntryPoint","urlTemplate":"https:\/\/lospoliticosveracruz.com\/?s={search_term_string}"},"query-input":{"@type":"PropertyValueSpecification","valueRequired":true,"valueName":"search_term_string"}}],"inLanguage":"es"},{"@type":"Organization","@id":"https:\/\/lospoliticosveracruz.com\/#organization","name":"Los pol\u00edticos Veracruz","url":"https:\/\/lospoliticosveracruz.com\/","logo":{"@type":"ImageObject","inLanguage":"es","@id":"https:\/\/lospoliticosveracruz.com\/#\/schema\/logo\/image\/","url":"https:\/\/lospoliticosveracruz.com\/wp-content\/uploads\/2025\/12\/Logo-Nuevo-LOS-POLITICOS-1.jpg","contentUrl":"https:\/\/lospoliticosveracruz.com\/wp-content\/uploads\/2025\/12\/Logo-Nuevo-LOS-POLITICOS-1.jpg","width":260,"height":70,"caption":"Los pol\u00edticos Veracruz"},"image":{"@id":"https:\/\/lospoliticosveracruz.com\/#\/schema\/logo\/image\/"},"sameAs":["https:\/\/www.facebook.com\/people\/Notimemes-de-los-Polticos\/61565672886568\/","https:\/\/x.com\/LosPoliticosVer"]},{"@type":"Person","@id":"https:\/\/lospoliticosveracruz.com\/#\/schema\/person\/b8702bb0e538456e6efd07080bf2a4a2","name":"Lo viste en Los Pol\u00edticos","image":{"@type":"ImageObject","inLanguage":"es","@id":"https:\/\/secure.gravatar.com\/avatar\/3a8de04a2656d44082be478bd6c086daa447c4651605818287b9532d3d0bd435?s=96&d=mm&r=g","url":"https:\/\/secure.gravatar.com\/avatar\/3a8de04a2656d44082be478bd6c086daa447c4651605818287b9532d3d0bd435?s=96&d=mm&r=g","contentUrl":"https:\/\/secure.gravatar.com\/avatar\/3a8de04a2656d44082be478bd6c086daa447c4651605818287b9532d3d0bd435?s=96&d=mm&r=g","caption":"Lo viste en Los Pol\u00edticos"},"url":"https:\/\/lospoliticosveracruz.com\/?author=2"}]}},"_links":{"self":[{"href":"https:\/\/lospoliticosveracruz.com\/index.php?rest_route=\/wp\/v2\/posts\/161434","targetHints":{"allow":["GET"]}}],"collection":[{"href":"https:\/\/lospoliticosveracruz.com\/index.php?rest_route=\/wp\/v2\/posts"}],"about":[{"href":"https:\/\/lospoliticosveracruz.com\/index.php?rest_route=\/wp\/v2\/types\/post"}],"author":[{"embeddable":true,"href":"https:\/\/lospoliticosveracruz.com\/index.php?rest_route=\/wp\/v2\/users\/2"}],"replies":[{"embeddable":true,"href":"https:\/\/lospoliticosveracruz.com\/index.php?rest_route=%2Fwp%2Fv2%2Fcomments&post=161434"}],"version-history":[{"count":1,"href":"https:\/\/lospoliticosveracruz.com\/index.php?rest_route=\/wp\/v2\/posts\/161434\/revisions"}],"predecessor-version":[{"id":161466,"href":"https:\/\/lospoliticosveracruz.com\/index.php?rest_route=\/wp\/v2\/posts\/161434\/revisions\/161466"}],"wp:featuredmedia":[{"embeddable":true,"href":"https:\/\/lospoliticosveracruz.com\/index.php?rest_route=\/wp\/v2\/media\/161465"}],"wp:attachment":[{"href":"https:\/\/lospoliticosveracruz.com\/index.php?rest_route=%2Fwp%2Fv2%2Fmedia&parent=161434"}],"wp:term":[{"taxonomy":"category","embeddable":true,"href":"https:\/\/lospoliticosveracruz.com\/index.php?rest_route=%2Fwp%2Fv2%2Fcategories&post=161434"},{"taxonomy":"post_tag","embeddable":true,"href":"https:\/\/lospoliticosveracruz.com\/index.php?rest_route=%2Fwp%2Fv2%2Ftags&post=161434"}],"curies":[{"name":"wp","href":"https:\/\/api.w.org\/{rel}","templated":true}]}}