{"id":161440,"date":"2026-01-24T14:37:36","date_gmt":"2026-01-24T20:37:36","guid":{"rendered":"https:\/\/lospoliticosveracruz.com\/?p=161440"},"modified":"2026-01-24T14:37:38","modified_gmt":"2026-01-24T20:37:38","slug":"ayuntamientos-que-le-entren-a-la-busqueda","status":"publish","type":"post","link":"https:\/\/lospoliticosveracruz.com\/?p=161440","title":{"rendered":"AYUNTAMIENTOS QUE LE ENTREN A LA B\u00daSQUEDA"},"content":{"rendered":"\n<p><strong>\u00c1ngeles Gonz\u00e1lez Ceballos<\/strong><br>La directora del Instituto Veracruzano de las Mujeres (IVM), Zaira Fabiola del Toro Olivares, adelant\u00f3 que ante el cambio de administraciones municipales, dialogar\u00e1n con los ediles para lograr la instalaci\u00f3n de grupos municipales de b\u00fasqueda, a fin de que las autoridades locales conozcan y apliquen correctamente los protocolos, no s\u00f3lo para la atenci\u00f3n, sino tambi\u00e9n para la prevenci\u00f3n de desapariciones.<\/p>\n\n\n\n<p>Destac\u00f3 que recientemente se puso en marcha el Programa para la Atenci\u00f3n a las Violencias Feminicidas y a la Atenci\u00f3n a las Causas, que contempla el fortalecimiento de los Centros Estatales de Justicia para las Mujeres, las acciones de coadyuvancia para atender las declaratorias de alerta, as\u00ed como el el fortalecimiento de los refugios.<\/p>\n\n\n\n<p>Todo esto a trav\u00e9s de un trabajo coordinado entre los tres \u00f3rdenes de Gobierno, a fin de que las acciones lleguen directamente a las mujeres, garantizando su derecho a una vida libre de violencia, lo cual requiere de la participaci\u00f3n activa de todas las autoridades, especialmente del orden municipal, en estrecha coordinaci\u00f3n con el Estado.<\/p>\n\n\n\n<p>Destac\u00f3 que el Instituto ha reforzado las acciones de prevenci\u00f3n, especialmente en escuelas, trabajando con las madres y padres de familia, en las comunidades para que tengan herramientas que les permitan identificar situaciones de riesgo, como la violencia en el noviazgo o dentro de relaciones familiares.<\/p>\n\n\n\n<p>Expuso que m\u00e1s que hablar de riesgo exclusivo para mujeres o menores, lo que se requiere es construir una cultura de prevenci\u00f3n, atenci\u00f3n y erradicaci\u00f3n de la violencia, lo cual implica transformar roles y estereotipos sociales.<\/p>\n\n\n\n<p>\u201cNo solo las mujeres, adolescentes o ni\u00f1as pueden estar en situaci\u00f3n de riesgo; todas las personas. Debemos construir una cultura de respeto y de vida libre de violencia\u201d, manifest\u00f3.<\/p>\n\n\n\n<p>En ese orden de ideas y ante el constante surgimiento de fichas de b\u00fasqueda, muchas de ni\u00f1as y adolescentes, Del Toro Olivares, puntualiz\u00f3 que la emisi\u00f3n de esas fichas no corresponden al Instituto sino a la difusi\u00f3n que hacen de forma coordinada con la Comisi\u00f3n de B\u00fasqueda.<\/p>\n\n\n\n<p>Explic\u00f3 que en algunos casos es necesario salvaguardar la identidad de mujeres que se encuentran resguardadas en refugios, ya que en ocasiones los agresores solicitan la emisi\u00f3n de fichas para localizarlas.<\/p>\n\n\n\n<p>\u201cMuchas mujeres buscan refugio con nosotras para salir de los c\u00edrculos de violencia, por eso es fundamental proteger su identidad\u201d, defini\u00f3.<\/p>\n\n\n\n<p>Respecto de los riesgos que enfrentan ni\u00f1as y adolescentes en redes sociales, donde pueden ser enganchadas mediante falsas promesas, sostuvo que han difundido los mecanismos m\u00e1s comunes de captaci\u00f3n de manera conjunta con instancias como SIPINNA, la Procuradur\u00eda, la Secretar\u00eda de Educaci\u00f3n, entre otras encargadas de atender a infancias y adolescencias.<\/p>\n","protected":false},"excerpt":{"rendered":"<p>\u00c1ngeles Gonz\u00e1lez CeballosLa directora del Instituto Veracruzano de las Mujeres (IVM), Zaira Fabiola del Toro Olivares, adelant\u00f3 que ante el cambio de administraciones municipales, dialogar\u00e1n con los ediles para lograr la instalaci\u00f3n de grupos municipales de b\u00fasqueda, a fin de que las autoridades locales conozcan y apliquen correctamente los protocolos, no s\u00f3lo para la atenci\u00f3n, [&hellip;]<\/p>\n","protected":false},"author":2,"featured_media":161442,"comment_status":"closed","ping_status":"closed","sticky":false,"template":"","format":"standard","meta":{"tdm_status":"","tdm_grid_status":"","footnotes":""},"categories":[6446],"tags":[6587,10451,1026,51677,195,47023],"class_list":{"0":"post-161440","1":"post","2":"type-post","3":"status-publish","4":"format-standard","5":"has-post-thumbnail","7":"category-la-nota","8":"tag-instituto-veracruzano-de-las-mujeres","9":"tag-ivm","10":"tag-morena","11":"tag-programa-para-la-atencion-a-las-violencias-feminicidas-y-a-la-atencion-a-las-causas","12":"tag-veracruz","13":"tag-zaira-del-toro-olivares"},"yoast_head":"<!-- This site is optimized with the Yoast SEO plugin v27.4 - https:\/\/yoast.com\/product\/yoast-seo-wordpress\/ -->\n<title>AYUNTAMIENTOS QUE LE ENTREN A LA B\u00daSQUEDA - Los pol\u00edticos Veracruz<\/title>\n<meta name=\"robots\" content=\"index, follow, max-snippet:-1, max-image-preview:large, max-video-preview:-1\" \/>\n<link rel=\"canonical\" href=\"https:\/\/lospoliticosveracruz.com\/?p=161440\" \/>\n<meta property=\"og:locale\" content=\"es_ES\" \/>\n<meta property=\"og:type\" content=\"article\" \/>\n<meta property=\"og:title\" content=\"AYUNTAMIENTOS QUE LE ENTREN A LA B\u00daSQUEDA - Los pol\u00edticos Veracruz\" \/>\n<meta property=\"og:description\" content=\"\u00c1ngeles Gonz\u00e1lez CeballosLa directora del Instituto Veracruzano de las Mujeres (IVM), Zaira Fabiola del Toro Olivares, adelant\u00f3 que ante el cambio de administraciones municipales, dialogar\u00e1n con los ediles para lograr la instalaci\u00f3n de grupos municipales de b\u00fasqueda, a fin de que las autoridades locales conozcan y apliquen correctamente los protocolos, no s\u00f3lo para la atenci\u00f3n, [&hellip;]\" \/>\n<meta property=\"og:url\" content=\"https:\/\/lospoliticosveracruz.com\/?p=161440\" \/>\n<meta property=\"og:site_name\" content=\"Los pol\u00edticos Veracruz\" \/>\n<meta property=\"article:publisher\" content=\"https:\/\/www.facebook.com\/people\/Notimemes-de-los-Polticos\/61565672886568\/\" \/>\n<meta property=\"article:published_time\" content=\"2026-01-24T20:37:36+00:00\" \/>\n<meta property=\"article:modified_time\" content=\"2026-01-24T20:37:38+00:00\" \/>\n<meta property=\"og:image\" content=\"https:\/\/lospoliticosveracruz.com\/wp-content\/uploads\/2026\/01\/Zaira-parque.jpg\" \/>\n\t<meta property=\"og:image:width\" content=\"600\" \/>\n\t<meta property=\"og:image:height\" content=\"320\" \/>\n\t<meta property=\"og:image:type\" content=\"image\/jpeg\" \/>\n<meta name=\"author\" content=\"Lo viste en Los Pol\u00edticos\" \/>\n<meta name=\"twitter:card\" content=\"summary_large_image\" \/>\n<meta name=\"twitter:creator\" content=\"@LosPoliticosVer\" \/>\n<meta name=\"twitter:site\" content=\"@LosPoliticosVer\" \/>\n<meta name=\"twitter:label1\" content=\"Escrito por\" \/>\n\t<meta name=\"twitter:data1\" content=\"Lo viste en Los Pol\u00edticos\" \/>\n\t<meta name=\"twitter:label2\" content=\"Tiempo de lectura\" \/>\n\t<meta name=\"twitter:data2\" content=\"3 minutos\" \/>\n<script type=\"application\/ld+json\" class=\"yoast-schema-graph\">{\"@context\":\"https:\\\/\\\/schema.org\",\"@graph\":[{\"@type\":\"Article\",\"@id\":\"https:\\\/\\\/lospoliticosveracruz.com\\\/?p=161440#article\",\"isPartOf\":{\"@id\":\"https:\\\/\\\/lospoliticosveracruz.com\\\/?p=161440\"},\"author\":{\"name\":\"Lo viste en Los Pol\u00edticos\",\"@id\":\"https:\\\/\\\/lospoliticosveracruz.com\\\/#\\\/schema\\\/person\\\/b8702bb0e538456e6efd07080bf2a4a2\"},\"headline\":\"AYUNTAMIENTOS QUE LE ENTREN A LA B\u00daSQUEDA\",\"datePublished\":\"2026-01-24T20:37:36+00:00\",\"dateModified\":\"2026-01-24T20:37:38+00:00\",\"mainEntityOfPage\":{\"@id\":\"https:\\\/\\\/lospoliticosveracruz.com\\\/?p=161440\"},\"wordCount\":475,\"publisher\":{\"@id\":\"https:\\\/\\\/lospoliticosveracruz.com\\\/#organization\"},\"image\":{\"@id\":\"https:\\\/\\\/lospoliticosveracruz.com\\\/?p=161440#primaryimage\"},\"thumbnailUrl\":\"https:\\\/\\\/lospoliticosveracruz.com\\\/wp-content\\\/uploads\\\/2026\\\/01\\\/Zaira-parque.jpg\",\"keywords\":[\"Instituto Veracruzano de las Mujeres\",\"IVM\",\"Morena\",\"Programa para la Atenci\u00f3n a las Violencias Feminicidas y a la Atenci\u00f3n a las Causas\",\"Veracruz\",\"Zaira del Toro Olivares\"],\"articleSection\":[\"La Nota\"],\"inLanguage\":\"es\"},{\"@type\":\"WebPage\",\"@id\":\"https:\\\/\\\/lospoliticosveracruz.com\\\/?p=161440\",\"url\":\"https:\\\/\\\/lospoliticosveracruz.com\\\/?p=161440\",\"name\":\"AYUNTAMIENTOS QUE LE ENTREN A LA B\u00daSQUEDA - Los pol\u00edticos Veracruz\",\"isPartOf\":{\"@id\":\"https:\\\/\\\/lospoliticosveracruz.com\\\/#website\"},\"primaryImageOfPage\":{\"@id\":\"https:\\\/\\\/lospoliticosveracruz.com\\\/?p=161440#primaryimage\"},\"image\":{\"@id\":\"https:\\\/\\\/lospoliticosveracruz.com\\\/?p=161440#primaryimage\"},\"thumbnailUrl\":\"https:\\\/\\\/lospoliticosveracruz.com\\\/wp-content\\\/uploads\\\/2026\\\/01\\\/Zaira-parque.jpg\",\"datePublished\":\"2026-01-24T20:37:36+00:00\",\"dateModified\":\"2026-01-24T20:37:38+00:00\",\"breadcrumb\":{\"@id\":\"https:\\\/\\\/lospoliticosveracruz.com\\\/?p=161440#breadcrumb\"},\"inLanguage\":\"es\",\"potentialAction\":[{\"@type\":\"ReadAction\",\"target\":[\"https:\\\/\\\/lospoliticosveracruz.com\\\/?p=161440\"]}]},{\"@type\":\"ImageObject\",\"inLanguage\":\"es\",\"@id\":\"https:\\\/\\\/lospoliticosveracruz.com\\\/?p=161440#primaryimage\",\"url\":\"https:\\\/\\\/lospoliticosveracruz.com\\\/wp-content\\\/uploads\\\/2026\\\/01\\\/Zaira-parque.jpg\",\"contentUrl\":\"https:\\\/\\\/lospoliticosveracruz.com\\\/wp-content\\\/uploads\\\/2026\\\/01\\\/Zaira-parque.jpg\",\"width\":600,\"height\":320},{\"@type\":\"BreadcrumbList\",\"@id\":\"https:\\\/\\\/lospoliticosveracruz.com\\\/?p=161440#breadcrumb\",\"itemListElement\":[{\"@type\":\"ListItem\",\"position\":1,\"name\":\"Portada\",\"item\":\"https:\\\/\\\/lospoliticosveracruz.com\\\/\"},{\"@type\":\"ListItem\",\"position\":2,\"name\":\"AYUNTAMIENTOS QUE LE ENTREN A LA B\u00daSQUEDA\"}]},{\"@type\":\"WebSite\",\"@id\":\"https:\\\/\\\/lospoliticosveracruz.com\\\/#website\",\"url\":\"https:\\\/\\\/lospoliticosveracruz.com\\\/\",\"name\":\"Los pol\u00edticos Veracruz\",\"description\":\"\",\"publisher\":{\"@id\":\"https:\\\/\\\/lospoliticosveracruz.com\\\/#organization\"},\"potentialAction\":[{\"@type\":\"SearchAction\",\"target\":{\"@type\":\"EntryPoint\",\"urlTemplate\":\"https:\\\/\\\/lospoliticosveracruz.com\\\/?s={search_term_string}\"},\"query-input\":{\"@type\":\"PropertyValueSpecification\",\"valueRequired\":true,\"valueName\":\"search_term_string\"}}],\"inLanguage\":\"es\"},{\"@type\":\"Organization\",\"@id\":\"https:\\\/\\\/lospoliticosveracruz.com\\\/#organization\",\"name\":\"Los pol\u00edticos Veracruz\",\"url\":\"https:\\\/\\\/lospoliticosveracruz.com\\\/\",\"logo\":{\"@type\":\"ImageObject\",\"inLanguage\":\"es\",\"@id\":\"https:\\\/\\\/lospoliticosveracruz.com\\\/#\\\/schema\\\/logo\\\/image\\\/\",\"url\":\"https:\\\/\\\/lospoliticosveracruz.com\\\/wp-content\\\/uploads\\\/2025\\\/12\\\/Logo-Nuevo-LOS-POLITICOS-1.jpg\",\"contentUrl\":\"https:\\\/\\\/lospoliticosveracruz.com\\\/wp-content\\\/uploads\\\/2025\\\/12\\\/Logo-Nuevo-LOS-POLITICOS-1.jpg\",\"width\":260,\"height\":70,\"caption\":\"Los pol\u00edticos Veracruz\"},\"image\":{\"@id\":\"https:\\\/\\\/lospoliticosveracruz.com\\\/#\\\/schema\\\/logo\\\/image\\\/\"},\"sameAs\":[\"https:\\\/\\\/www.facebook.com\\\/people\\\/Notimemes-de-los-Polticos\\\/61565672886568\\\/\",\"https:\\\/\\\/x.com\\\/LosPoliticosVer\"]},{\"@type\":\"Person\",\"@id\":\"https:\\\/\\\/lospoliticosveracruz.com\\\/#\\\/schema\\\/person\\\/b8702bb0e538456e6efd07080bf2a4a2\",\"name\":\"Lo viste en Los Pol\u00edticos\",\"image\":{\"@type\":\"ImageObject\",\"inLanguage\":\"es\",\"@id\":\"https:\\\/\\\/secure.gravatar.com\\\/avatar\\\/3a8de04a2656d44082be478bd6c086daa447c4651605818287b9532d3d0bd435?s=96&d=mm&r=g\",\"url\":\"https:\\\/\\\/secure.gravatar.com\\\/avatar\\\/3a8de04a2656d44082be478bd6c086daa447c4651605818287b9532d3d0bd435?s=96&d=mm&r=g\",\"contentUrl\":\"https:\\\/\\\/secure.gravatar.com\\\/avatar\\\/3a8de04a2656d44082be478bd6c086daa447c4651605818287b9532d3d0bd435?s=96&d=mm&r=g\",\"caption\":\"Lo viste en Los Pol\u00edticos\"},\"url\":\"https:\\\/\\\/lospoliticosveracruz.com\\\/?author=2\"}]}<\/script>\n<!-- \/ Yoast SEO plugin. -->","yoast_head_json":{"title":"AYUNTAMIENTOS QUE LE ENTREN A LA B\u00daSQUEDA - Los pol\u00edticos Veracruz","robots":{"index":"index","follow":"follow","max-snippet":"max-snippet:-1","max-image-preview":"max-image-preview:large","max-video-preview":"max-video-preview:-1"},"canonical":"https:\/\/lospoliticosveracruz.com\/?p=161440","og_locale":"es_ES","og_type":"article","og_title":"AYUNTAMIENTOS QUE LE ENTREN A LA B\u00daSQUEDA - Los pol\u00edticos Veracruz","og_description":"\u00c1ngeles Gonz\u00e1lez CeballosLa directora del Instituto Veracruzano de las Mujeres (IVM), Zaira Fabiola del Toro Olivares, adelant\u00f3 que ante el cambio de administraciones municipales, dialogar\u00e1n con los ediles para lograr la instalaci\u00f3n de grupos municipales de b\u00fasqueda, a fin de que las autoridades locales conozcan y apliquen correctamente los protocolos, no s\u00f3lo para la atenci\u00f3n, [&hellip;]","og_url":"https:\/\/lospoliticosveracruz.com\/?p=161440","og_site_name":"Los pol\u00edticos Veracruz","article_publisher":"https:\/\/www.facebook.com\/people\/Notimemes-de-los-Polticos\/61565672886568\/","article_published_time":"2026-01-24T20:37:36+00:00","article_modified_time":"2026-01-24T20:37:38+00:00","og_image":[{"width":600,"height":320,"url":"https:\/\/lospoliticosveracruz.com\/wp-content\/uploads\/2026\/01\/Zaira-parque.jpg","type":"image\/jpeg"}],"author":"Lo viste en Los Pol\u00edticos","twitter_card":"summary_large_image","twitter_creator":"@LosPoliticosVer","twitter_site":"@LosPoliticosVer","twitter_misc":{"Escrito por":"Lo viste en Los Pol\u00edticos","Tiempo de lectura":"3 minutos"},"schema":{"@context":"https:\/\/schema.org","@graph":[{"@type":"Article","@id":"https:\/\/lospoliticosveracruz.com\/?p=161440#article","isPartOf":{"@id":"https:\/\/lospoliticosveracruz.com\/?p=161440"},"author":{"name":"Lo viste en Los Pol\u00edticos","@id":"https:\/\/lospoliticosveracruz.com\/#\/schema\/person\/b8702bb0e538456e6efd07080bf2a4a2"},"headline":"AYUNTAMIENTOS QUE LE ENTREN A LA B\u00daSQUEDA","datePublished":"2026-01-24T20:37:36+00:00","dateModified":"2026-01-24T20:37:38+00:00","mainEntityOfPage":{"@id":"https:\/\/lospoliticosveracruz.com\/?p=161440"},"wordCount":475,"publisher":{"@id":"https:\/\/lospoliticosveracruz.com\/#organization"},"image":{"@id":"https:\/\/lospoliticosveracruz.com\/?p=161440#primaryimage"},"thumbnailUrl":"https:\/\/lospoliticosveracruz.com\/wp-content\/uploads\/2026\/01\/Zaira-parque.jpg","keywords":["Instituto Veracruzano de las Mujeres","IVM","Morena","Programa para la Atenci\u00f3n a las Violencias Feminicidas y a la Atenci\u00f3n a las Causas","Veracruz","Zaira del Toro Olivares"],"articleSection":["La Nota"],"inLanguage":"es"},{"@type":"WebPage","@id":"https:\/\/lospoliticosveracruz.com\/?p=161440","url":"https:\/\/lospoliticosveracruz.com\/?p=161440","name":"AYUNTAMIENTOS QUE LE ENTREN A LA B\u00daSQUEDA - Los pol\u00edticos Veracruz","isPartOf":{"@id":"https:\/\/lospoliticosveracruz.com\/#website"},"primaryImageOfPage":{"@id":"https:\/\/lospoliticosveracruz.com\/?p=161440#primaryimage"},"image":{"@id":"https:\/\/lospoliticosveracruz.com\/?p=161440#primaryimage"},"thumbnailUrl":"https:\/\/lospoliticosveracruz.com\/wp-content\/uploads\/2026\/01\/Zaira-parque.jpg","datePublished":"2026-01-24T20:37:36+00:00","dateModified":"2026-01-24T20:37:38+00:00","breadcrumb":{"@id":"https:\/\/lospoliticosveracruz.com\/?p=161440#breadcrumb"},"inLanguage":"es","potentialAction":[{"@type":"ReadAction","target":["https:\/\/lospoliticosveracruz.com\/?p=161440"]}]},{"@type":"ImageObject","inLanguage":"es","@id":"https:\/\/lospoliticosveracruz.com\/?p=161440#primaryimage","url":"https:\/\/lospoliticosveracruz.com\/wp-content\/uploads\/2026\/01\/Zaira-parque.jpg","contentUrl":"https:\/\/lospoliticosveracruz.com\/wp-content\/uploads\/2026\/01\/Zaira-parque.jpg","width":600,"height":320},{"@type":"BreadcrumbList","@id":"https:\/\/lospoliticosveracruz.com\/?p=161440#breadcrumb","itemListElement":[{"@type":"ListItem","position":1,"name":"Portada","item":"https:\/\/lospoliticosveracruz.com\/"},{"@type":"ListItem","position":2,"name":"AYUNTAMIENTOS QUE LE ENTREN A LA B\u00daSQUEDA"}]},{"@type":"WebSite","@id":"https:\/\/lospoliticosveracruz.com\/#website","url":"https:\/\/lospoliticosveracruz.com\/","name":"Los pol\u00edticos Veracruz","description":"","publisher":{"@id":"https:\/\/lospoliticosveracruz.com\/#organization"},"potentialAction":[{"@type":"SearchAction","target":{"@type":"EntryPoint","urlTemplate":"https:\/\/lospoliticosveracruz.com\/?s={search_term_string}"},"query-input":{"@type":"PropertyValueSpecification","valueRequired":true,"valueName":"search_term_string"}}],"inLanguage":"es"},{"@type":"Organization","@id":"https:\/\/lospoliticosveracruz.com\/#organization","name":"Los pol\u00edticos Veracruz","url":"https:\/\/lospoliticosveracruz.com\/","logo":{"@type":"ImageObject","inLanguage":"es","@id":"https:\/\/lospoliticosveracruz.com\/#\/schema\/logo\/image\/","url":"https:\/\/lospoliticosveracruz.com\/wp-content\/uploads\/2025\/12\/Logo-Nuevo-LOS-POLITICOS-1.jpg","contentUrl":"https:\/\/lospoliticosveracruz.com\/wp-content\/uploads\/2025\/12\/Logo-Nuevo-LOS-POLITICOS-1.jpg","width":260,"height":70,"caption":"Los pol\u00edticos Veracruz"},"image":{"@id":"https:\/\/lospoliticosveracruz.com\/#\/schema\/logo\/image\/"},"sameAs":["https:\/\/www.facebook.com\/people\/Notimemes-de-los-Polticos\/61565672886568\/","https:\/\/x.com\/LosPoliticosVer"]},{"@type":"Person","@id":"https:\/\/lospoliticosveracruz.com\/#\/schema\/person\/b8702bb0e538456e6efd07080bf2a4a2","name":"Lo viste en Los Pol\u00edticos","image":{"@type":"ImageObject","inLanguage":"es","@id":"https:\/\/secure.gravatar.com\/avatar\/3a8de04a2656d44082be478bd6c086daa447c4651605818287b9532d3d0bd435?s=96&d=mm&r=g","url":"https:\/\/secure.gravatar.com\/avatar\/3a8de04a2656d44082be478bd6c086daa447c4651605818287b9532d3d0bd435?s=96&d=mm&r=g","contentUrl":"https:\/\/secure.gravatar.com\/avatar\/3a8de04a2656d44082be478bd6c086daa447c4651605818287b9532d3d0bd435?s=96&d=mm&r=g","caption":"Lo viste en Los Pol\u00edticos"},"url":"https:\/\/lospoliticosveracruz.com\/?author=2"}]}},"_links":{"self":[{"href":"https:\/\/lospoliticosveracruz.com\/index.php?rest_route=\/wp\/v2\/posts\/161440","targetHints":{"allow":["GET"]}}],"collection":[{"href":"https:\/\/lospoliticosveracruz.com\/index.php?rest_route=\/wp\/v2\/posts"}],"about":[{"href":"https:\/\/lospoliticosveracruz.com\/index.php?rest_route=\/wp\/v2\/types\/post"}],"author":[{"embeddable":true,"href":"https:\/\/lospoliticosveracruz.com\/index.php?rest_route=\/wp\/v2\/users\/2"}],"replies":[{"embeddable":true,"href":"https:\/\/lospoliticosveracruz.com\/index.php?rest_route=%2Fwp%2Fv2%2Fcomments&post=161440"}],"version-history":[{"count":1,"href":"https:\/\/lospoliticosveracruz.com\/index.php?rest_route=\/wp\/v2\/posts\/161440\/revisions"}],"predecessor-version":[{"id":161443,"href":"https:\/\/lospoliticosveracruz.com\/index.php?rest_route=\/wp\/v2\/posts\/161440\/revisions\/161443"}],"wp:featuredmedia":[{"embeddable":true,"href":"https:\/\/lospoliticosveracruz.com\/index.php?rest_route=\/wp\/v2\/media\/161442"}],"wp:attachment":[{"href":"https:\/\/lospoliticosveracruz.com\/index.php?rest_route=%2Fwp%2Fv2%2Fmedia&parent=161440"}],"wp:term":[{"taxonomy":"category","embeddable":true,"href":"https:\/\/lospoliticosveracruz.com\/index.php?rest_route=%2Fwp%2Fv2%2Fcategories&post=161440"},{"taxonomy":"post_tag","embeddable":true,"href":"https:\/\/lospoliticosveracruz.com\/index.php?rest_route=%2Fwp%2Fv2%2Ftags&post=161440"}],"curies":[{"name":"wp","href":"https:\/\/api.w.org\/{rel}","templated":true}]}}