{"id":161505,"date":"2026-01-25T13:29:03","date_gmt":"2026-01-25T19:29:03","guid":{"rendered":"https:\/\/lospoliticosveracruz.com\/?p=161505"},"modified":"2026-01-25T13:29:04","modified_gmt":"2026-01-25T19:29:04","slug":"va-a-hacer-frijolito","status":"publish","type":"post","link":"https:\/\/lospoliticosveracruz.com\/?p=161505","title":{"rendered":"VA A HACER \u201cFRIJOLITO\u201d!"},"content":{"rendered":"\n<p>Ante los efectos del Frente Fr\u00edo 30 que se aproximan a partir de este domingo por la noche, la Direcci\u00f3n de Protecci\u00f3n Civil Municipal reiter\u00f3 las recomendaciones para proteger la integridad y salud de la poblaci\u00f3n.<\/p>\n\n\n\n<p>Los pron\u00f3sticos muestran, que derivado de la interacci\u00f3n del Frente Fr\u00edo con la masa de aire \u00e1rtico que lo impulsa, se presentar\u00eda un evento de norte que se intensificar\u00e1 el lunes, con rachas de viento de 50 a 55 kil\u00f3metros por hora.<\/p>\n\n\n\n<p>Si bien este domingo es relativamente c\u00e1lido y soleado, se prev\u00e9 que el lunes haya un descenso en el term\u00f3metro a los 12 grados.<\/p>\n\n\n\n<p>Al respecto se sugiere abrigarse bien y cuidarse al salir de un lugar con temperatura c\u00e1lida hacia un lugar fr\u00edo.<\/p>\n\n\n\n<p>Tambi\u00e9n es importante cubrirse la cabeza, las manos y los pies; tapar nariz y boca para no respirar aire fr\u00edo; hidratarse bien, y consumir vitamina C presente en c\u00edtricos.<\/p>\n\n\n\n<p>Adem\u00e1s, se debe tener especial cuidado con personas adultas mayores, ni\u00f1as, ni\u00f1os y quienes viven con alguna discapacidad.<\/p>\n\n\n\n<p>La Direcci\u00f3n de Protecci\u00f3n Civil advirti\u00f3 que el aire puede arrastrar objetos que est\u00e9n sueltos en las azoteas o en los solares, por lo que es necesario fijar bien las l\u00e1minas de los techos, lonas o tinacos, pues pueden rodar o ser arrastrados hacia techos de otras casas.<\/p>\n\n\n\n<p>Asimismo, hay que revisar las instalaciones con cableado y quitar las ramas grandes de \u00e1rboles que est\u00e9n encima de las casas.<\/p>\n\n\n\n<p>Igualmente se recomienda no salir de casa en los momentos en que las rachas de viento sean m\u00e1s intensas.<\/p>\n\n\n\n<p>Cualquier incidente se puede reportar al 911, que tiene una comunicaci\u00f3n directa con esta \u00e1rea y todas las otras fuerzas de tarea para atender a la ciudadan\u00eda que lo requiera.Emite PC Municipal recomendaciones por Frente Fr\u00edo; el lunes habr\u00e1 descenso en las temperaturas*<\/p>\n\n\n\n<p>Ante los efectos del Frente Fr\u00edo 30 que se aproximan a partir de este domingo por la noche, la Direcci\u00f3n de Protecci\u00f3n Civil Municipal reiter\u00f3 las recomendaciones para proteger la integridad y salud de la poblaci\u00f3n.<\/p>\n\n\n\n<p>Los pron\u00f3sticos muestran, que derivado de la interacci\u00f3n del Frente Fr\u00edo con la masa de aire \u00e1rtico que lo impulsa, se presentar\u00eda un evento de norte que se intensificar\u00e1 el lunes, con rachas de viento de 50 a 55 kil\u00f3metros por hora.<\/p>\n\n\n\n<p>Si bien este domingo es relativamente c\u00e1lido y soleado, se prev\u00e9 que el lunes haya un descenso en el term\u00f3metro a los 12 grados.<\/p>\n\n\n\n<p>Al respecto se sugiere abrigarse bien y cuidarse al salir de un lugar con temperatura c\u00e1lida hacia un lugar fr\u00edo.<\/p>\n\n\n\n<p>Tambi\u00e9n es importante cubrirse la cabeza, las manos y los pies; tapar nariz y boca para no respirar aire fr\u00edo; hidratarse bien, y consumir vitamina C presente en c\u00edtricos.<\/p>\n\n\n\n<p>Adem\u00e1s, se debe tener especial cuidado con personas adultas mayores, ni\u00f1as, ni\u00f1os y quienes viven con alguna discapacidad.<\/p>\n\n\n\n<p>La Direcci\u00f3n de Protecci\u00f3n Civil advirti\u00f3 que el aire puede arrastrar objetos que est\u00e9n sueltos en las azoteas o en los solares, por lo que es necesario fijar bien las l\u00e1minas de los techos, lonas o tinacos, pues pueden rodar o ser arrastrados hacia techos de otras casas.<\/p>\n\n\n\n<p>Asimismo, hay que revisar las instalaciones con cableado y quitar las ramas grandes de \u00e1rboles que est\u00e9n encima de las casas.<\/p>\n\n\n\n<p>Igualmente se recomienda no salir de casa en los momentos en que las rachas de viento sean m\u00e1s intensas.<\/p>\n\n\n\n<p>Cualquier incidente se puede reportar al 911, que tiene una comunicaci\u00f3n directa con esta \u00e1rea y todas las otras fuerzas de tarea para atender a la ciudadan\u00eda que lo requiera.<\/p>\n","protected":false},"excerpt":{"rendered":"<p>Ante los efectos del Frente Fr\u00edo 30 que se aproximan a partir de este domingo por la noche, la Direcci\u00f3n de Protecci\u00f3n Civil Municipal reiter\u00f3 las recomendaciones para proteger la integridad y salud de la poblaci\u00f3n. Los pron\u00f3sticos muestran, que derivado de la interacci\u00f3n del Frente Fr\u00edo con la masa de aire \u00e1rtico que lo [&hellip;]<\/p>\n","protected":false},"author":2,"featured_media":160252,"comment_status":"closed","ping_status":"closed","sticky":false,"template":"","format":"standard","meta":{"tdm_status":"","tdm_grid_status":"","footnotes":""},"categories":[73],"tags":[51712,51713,51368,51714,51711],"class_list":{"0":"post-161505","1":"post","2":"type-post","3":"status-publish","4":"format-standard","5":"has-post-thumbnail","7":"category-de-boleto","8":"tag-descenso-de-temperaturas-lunes","9":"tag-evento-de-norte-veracruz","10":"tag-frente-frio-30-veracruz","11":"tag-frio-en-veracruz","12":"tag-recomendaciones-proteccion-civil"},"yoast_head":"<!-- This site is optimized with the Yoast SEO plugin v27.4 - https:\/\/yoast.com\/product\/yoast-seo-wordpress\/ -->\n<title>VA A HACER \u201cFRIJOLITO\u201d! - Los pol\u00edticos Veracruz<\/title>\n<meta name=\"robots\" content=\"index, follow, max-snippet:-1, max-image-preview:large, max-video-preview:-1\" \/>\n<link rel=\"canonical\" href=\"https:\/\/lospoliticosveracruz.com\/?p=161505\" \/>\n<meta property=\"og:locale\" content=\"es_ES\" \/>\n<meta property=\"og:type\" content=\"article\" \/>\n<meta property=\"og:title\" content=\"VA A HACER \u201cFRIJOLITO\u201d! - Los pol\u00edticos Veracruz\" \/>\n<meta property=\"og:description\" content=\"Ante los efectos del Frente Fr\u00edo 30 que se aproximan a partir de este domingo por la noche, la Direcci\u00f3n de Protecci\u00f3n Civil Municipal reiter\u00f3 las recomendaciones para proteger la integridad y salud de la poblaci\u00f3n. Los pron\u00f3sticos muestran, que derivado de la interacci\u00f3n del Frente Fr\u00edo con la masa de aire \u00e1rtico que lo [&hellip;]\" \/>\n<meta property=\"og:url\" content=\"https:\/\/lospoliticosveracruz.com\/?p=161505\" \/>\n<meta property=\"og:site_name\" content=\"Los pol\u00edticos Veracruz\" \/>\n<meta property=\"article:publisher\" content=\"https:\/\/www.facebook.com\/people\/Notimemes-de-los-Polticos\/61565672886568\/\" \/>\n<meta property=\"article:published_time\" content=\"2026-01-25T19:29:03+00:00\" \/>\n<meta property=\"article:modified_time\" content=\"2026-01-25T19:29:04+00:00\" \/>\n<meta property=\"og:image\" content=\"https:\/\/lospoliticosveracruz.com\/wp-content\/uploads\/2026\/01\/Xalapa-PC.png\" \/>\n\t<meta property=\"og:image:width\" content=\"600\" \/>\n\t<meta property=\"og:image:height\" content=\"320\" \/>\n\t<meta property=\"og:image:type\" content=\"image\/png\" \/>\n<meta name=\"author\" content=\"Lo viste en Los Pol\u00edticos\" \/>\n<meta name=\"twitter:card\" content=\"summary_large_image\" \/>\n<meta name=\"twitter:creator\" content=\"@LosPoliticosVer\" \/>\n<meta name=\"twitter:site\" content=\"@LosPoliticosVer\" \/>\n<meta name=\"twitter:label1\" content=\"Escrito por\" \/>\n\t<meta name=\"twitter:data1\" content=\"Lo viste en Los Pol\u00edticos\" \/>\n\t<meta name=\"twitter:label2\" content=\"Tiempo de lectura\" \/>\n\t<meta name=\"twitter:data2\" content=\"3 minutos\" \/>\n<script type=\"application\/ld+json\" class=\"yoast-schema-graph\">{\"@context\":\"https:\\\/\\\/schema.org\",\"@graph\":[{\"@type\":\"Article\",\"@id\":\"https:\\\/\\\/lospoliticosveracruz.com\\\/?p=161505#article\",\"isPartOf\":{\"@id\":\"https:\\\/\\\/lospoliticosveracruz.com\\\/?p=161505\"},\"author\":{\"name\":\"Lo viste en Los Pol\u00edticos\",\"@id\":\"https:\\\/\\\/lospoliticosveracruz.com\\\/#\\\/schema\\\/person\\\/b8702bb0e538456e6efd07080bf2a4a2\"},\"headline\":\"VA A HACER \u201cFRIJOLITO\u201d!\",\"datePublished\":\"2026-01-25T19:29:03+00:00\",\"dateModified\":\"2026-01-25T19:29:04+00:00\",\"mainEntityOfPage\":{\"@id\":\"https:\\\/\\\/lospoliticosveracruz.com\\\/?p=161505\"},\"wordCount\":637,\"publisher\":{\"@id\":\"https:\\\/\\\/lospoliticosveracruz.com\\\/#organization\"},\"image\":{\"@id\":\"https:\\\/\\\/lospoliticosveracruz.com\\\/?p=161505#primaryimage\"},\"thumbnailUrl\":\"https:\\\/\\\/lospoliticosveracruz.com\\\/wp-content\\\/uploads\\\/2026\\\/01\\\/Xalapa-PC.png\",\"keywords\":[\"descenso de temperaturas lunes\",\"evento de norte Veracruz\",\"Frente Fr\u00edo 30 Veracruz\",\"fr\u00edo en Veracruz\",\"recomendaciones Protecci\u00f3n Civil\"],\"articleSection\":[\"De Boleto\"],\"inLanguage\":\"es\"},{\"@type\":\"WebPage\",\"@id\":\"https:\\\/\\\/lospoliticosveracruz.com\\\/?p=161505\",\"url\":\"https:\\\/\\\/lospoliticosveracruz.com\\\/?p=161505\",\"name\":\"VA A HACER \u201cFRIJOLITO\u201d! - Los pol\u00edticos Veracruz\",\"isPartOf\":{\"@id\":\"https:\\\/\\\/lospoliticosveracruz.com\\\/#website\"},\"primaryImageOfPage\":{\"@id\":\"https:\\\/\\\/lospoliticosveracruz.com\\\/?p=161505#primaryimage\"},\"image\":{\"@id\":\"https:\\\/\\\/lospoliticosveracruz.com\\\/?p=161505#primaryimage\"},\"thumbnailUrl\":\"https:\\\/\\\/lospoliticosveracruz.com\\\/wp-content\\\/uploads\\\/2026\\\/01\\\/Xalapa-PC.png\",\"datePublished\":\"2026-01-25T19:29:03+00:00\",\"dateModified\":\"2026-01-25T19:29:04+00:00\",\"breadcrumb\":{\"@id\":\"https:\\\/\\\/lospoliticosveracruz.com\\\/?p=161505#breadcrumb\"},\"inLanguage\":\"es\",\"potentialAction\":[{\"@type\":\"ReadAction\",\"target\":[\"https:\\\/\\\/lospoliticosveracruz.com\\\/?p=161505\"]}]},{\"@type\":\"ImageObject\",\"inLanguage\":\"es\",\"@id\":\"https:\\\/\\\/lospoliticosveracruz.com\\\/?p=161505#primaryimage\",\"url\":\"https:\\\/\\\/lospoliticosveracruz.com\\\/wp-content\\\/uploads\\\/2026\\\/01\\\/Xalapa-PC.png\",\"contentUrl\":\"https:\\\/\\\/lospoliticosveracruz.com\\\/wp-content\\\/uploads\\\/2026\\\/01\\\/Xalapa-PC.png\",\"width\":600,\"height\":320},{\"@type\":\"BreadcrumbList\",\"@id\":\"https:\\\/\\\/lospoliticosveracruz.com\\\/?p=161505#breadcrumb\",\"itemListElement\":[{\"@type\":\"ListItem\",\"position\":1,\"name\":\"Portada\",\"item\":\"https:\\\/\\\/lospoliticosveracruz.com\\\/\"},{\"@type\":\"ListItem\",\"position\":2,\"name\":\"VA A HACER \u201cFRIJOLITO\u201d!\"}]},{\"@type\":\"WebSite\",\"@id\":\"https:\\\/\\\/lospoliticosveracruz.com\\\/#website\",\"url\":\"https:\\\/\\\/lospoliticosveracruz.com\\\/\",\"name\":\"Los pol\u00edticos Veracruz\",\"description\":\"\",\"publisher\":{\"@id\":\"https:\\\/\\\/lospoliticosveracruz.com\\\/#organization\"},\"potentialAction\":[{\"@type\":\"SearchAction\",\"target\":{\"@type\":\"EntryPoint\",\"urlTemplate\":\"https:\\\/\\\/lospoliticosveracruz.com\\\/?s={search_term_string}\"},\"query-input\":{\"@type\":\"PropertyValueSpecification\",\"valueRequired\":true,\"valueName\":\"search_term_string\"}}],\"inLanguage\":\"es\"},{\"@type\":\"Organization\",\"@id\":\"https:\\\/\\\/lospoliticosveracruz.com\\\/#organization\",\"name\":\"Los pol\u00edticos Veracruz\",\"url\":\"https:\\\/\\\/lospoliticosveracruz.com\\\/\",\"logo\":{\"@type\":\"ImageObject\",\"inLanguage\":\"es\",\"@id\":\"https:\\\/\\\/lospoliticosveracruz.com\\\/#\\\/schema\\\/logo\\\/image\\\/\",\"url\":\"https:\\\/\\\/lospoliticosveracruz.com\\\/wp-content\\\/uploads\\\/2025\\\/12\\\/Logo-Nuevo-LOS-POLITICOS-1.jpg\",\"contentUrl\":\"https:\\\/\\\/lospoliticosveracruz.com\\\/wp-content\\\/uploads\\\/2025\\\/12\\\/Logo-Nuevo-LOS-POLITICOS-1.jpg\",\"width\":260,\"height\":70,\"caption\":\"Los pol\u00edticos Veracruz\"},\"image\":{\"@id\":\"https:\\\/\\\/lospoliticosveracruz.com\\\/#\\\/schema\\\/logo\\\/image\\\/\"},\"sameAs\":[\"https:\\\/\\\/www.facebook.com\\\/people\\\/Notimemes-de-los-Polticos\\\/61565672886568\\\/\",\"https:\\\/\\\/x.com\\\/LosPoliticosVer\"]},{\"@type\":\"Person\",\"@id\":\"https:\\\/\\\/lospoliticosveracruz.com\\\/#\\\/schema\\\/person\\\/b8702bb0e538456e6efd07080bf2a4a2\",\"name\":\"Lo viste en Los Pol\u00edticos\",\"image\":{\"@type\":\"ImageObject\",\"inLanguage\":\"es\",\"@id\":\"https:\\\/\\\/secure.gravatar.com\\\/avatar\\\/3a8de04a2656d44082be478bd6c086daa447c4651605818287b9532d3d0bd435?s=96&d=mm&r=g\",\"url\":\"https:\\\/\\\/secure.gravatar.com\\\/avatar\\\/3a8de04a2656d44082be478bd6c086daa447c4651605818287b9532d3d0bd435?s=96&d=mm&r=g\",\"contentUrl\":\"https:\\\/\\\/secure.gravatar.com\\\/avatar\\\/3a8de04a2656d44082be478bd6c086daa447c4651605818287b9532d3d0bd435?s=96&d=mm&r=g\",\"caption\":\"Lo viste en Los Pol\u00edticos\"},\"url\":\"https:\\\/\\\/lospoliticosveracruz.com\\\/?author=2\"}]}<\/script>\n<!-- \/ Yoast SEO plugin. -->","yoast_head_json":{"title":"VA A HACER \u201cFRIJOLITO\u201d! - Los pol\u00edticos Veracruz","robots":{"index":"index","follow":"follow","max-snippet":"max-snippet:-1","max-image-preview":"max-image-preview:large","max-video-preview":"max-video-preview:-1"},"canonical":"https:\/\/lospoliticosveracruz.com\/?p=161505","og_locale":"es_ES","og_type":"article","og_title":"VA A HACER \u201cFRIJOLITO\u201d! - Los pol\u00edticos Veracruz","og_description":"Ante los efectos del Frente Fr\u00edo 30 que se aproximan a partir de este domingo por la noche, la Direcci\u00f3n de Protecci\u00f3n Civil Municipal reiter\u00f3 las recomendaciones para proteger la integridad y salud de la poblaci\u00f3n. Los pron\u00f3sticos muestran, que derivado de la interacci\u00f3n del Frente Fr\u00edo con la masa de aire \u00e1rtico que lo [&hellip;]","og_url":"https:\/\/lospoliticosveracruz.com\/?p=161505","og_site_name":"Los pol\u00edticos Veracruz","article_publisher":"https:\/\/www.facebook.com\/people\/Notimemes-de-los-Polticos\/61565672886568\/","article_published_time":"2026-01-25T19:29:03+00:00","article_modified_time":"2026-01-25T19:29:04+00:00","og_image":[{"width":600,"height":320,"url":"https:\/\/lospoliticosveracruz.com\/wp-content\/uploads\/2026\/01\/Xalapa-PC.png","type":"image\/png"}],"author":"Lo viste en Los Pol\u00edticos","twitter_card":"summary_large_image","twitter_creator":"@LosPoliticosVer","twitter_site":"@LosPoliticosVer","twitter_misc":{"Escrito por":"Lo viste en Los Pol\u00edticos","Tiempo de lectura":"3 minutos"},"schema":{"@context":"https:\/\/schema.org","@graph":[{"@type":"Article","@id":"https:\/\/lospoliticosveracruz.com\/?p=161505#article","isPartOf":{"@id":"https:\/\/lospoliticosveracruz.com\/?p=161505"},"author":{"name":"Lo viste en Los Pol\u00edticos","@id":"https:\/\/lospoliticosveracruz.com\/#\/schema\/person\/b8702bb0e538456e6efd07080bf2a4a2"},"headline":"VA A HACER \u201cFRIJOLITO\u201d!","datePublished":"2026-01-25T19:29:03+00:00","dateModified":"2026-01-25T19:29:04+00:00","mainEntityOfPage":{"@id":"https:\/\/lospoliticosveracruz.com\/?p=161505"},"wordCount":637,"publisher":{"@id":"https:\/\/lospoliticosveracruz.com\/#organization"},"image":{"@id":"https:\/\/lospoliticosveracruz.com\/?p=161505#primaryimage"},"thumbnailUrl":"https:\/\/lospoliticosveracruz.com\/wp-content\/uploads\/2026\/01\/Xalapa-PC.png","keywords":["descenso de temperaturas lunes","evento de norte Veracruz","Frente Fr\u00edo 30 Veracruz","fr\u00edo en Veracruz","recomendaciones Protecci\u00f3n Civil"],"articleSection":["De Boleto"],"inLanguage":"es"},{"@type":"WebPage","@id":"https:\/\/lospoliticosveracruz.com\/?p=161505","url":"https:\/\/lospoliticosveracruz.com\/?p=161505","name":"VA A HACER \u201cFRIJOLITO\u201d! - Los pol\u00edticos Veracruz","isPartOf":{"@id":"https:\/\/lospoliticosveracruz.com\/#website"},"primaryImageOfPage":{"@id":"https:\/\/lospoliticosveracruz.com\/?p=161505#primaryimage"},"image":{"@id":"https:\/\/lospoliticosveracruz.com\/?p=161505#primaryimage"},"thumbnailUrl":"https:\/\/lospoliticosveracruz.com\/wp-content\/uploads\/2026\/01\/Xalapa-PC.png","datePublished":"2026-01-25T19:29:03+00:00","dateModified":"2026-01-25T19:29:04+00:00","breadcrumb":{"@id":"https:\/\/lospoliticosveracruz.com\/?p=161505#breadcrumb"},"inLanguage":"es","potentialAction":[{"@type":"ReadAction","target":["https:\/\/lospoliticosveracruz.com\/?p=161505"]}]},{"@type":"ImageObject","inLanguage":"es","@id":"https:\/\/lospoliticosveracruz.com\/?p=161505#primaryimage","url":"https:\/\/lospoliticosveracruz.com\/wp-content\/uploads\/2026\/01\/Xalapa-PC.png","contentUrl":"https:\/\/lospoliticosveracruz.com\/wp-content\/uploads\/2026\/01\/Xalapa-PC.png","width":600,"height":320},{"@type":"BreadcrumbList","@id":"https:\/\/lospoliticosveracruz.com\/?p=161505#breadcrumb","itemListElement":[{"@type":"ListItem","position":1,"name":"Portada","item":"https:\/\/lospoliticosveracruz.com\/"},{"@type":"ListItem","position":2,"name":"VA A HACER \u201cFRIJOLITO\u201d!"}]},{"@type":"WebSite","@id":"https:\/\/lospoliticosveracruz.com\/#website","url":"https:\/\/lospoliticosveracruz.com\/","name":"Los pol\u00edticos Veracruz","description":"","publisher":{"@id":"https:\/\/lospoliticosveracruz.com\/#organization"},"potentialAction":[{"@type":"SearchAction","target":{"@type":"EntryPoint","urlTemplate":"https:\/\/lospoliticosveracruz.com\/?s={search_term_string}"},"query-input":{"@type":"PropertyValueSpecification","valueRequired":true,"valueName":"search_term_string"}}],"inLanguage":"es"},{"@type":"Organization","@id":"https:\/\/lospoliticosveracruz.com\/#organization","name":"Los pol\u00edticos Veracruz","url":"https:\/\/lospoliticosveracruz.com\/","logo":{"@type":"ImageObject","inLanguage":"es","@id":"https:\/\/lospoliticosveracruz.com\/#\/schema\/logo\/image\/","url":"https:\/\/lospoliticosveracruz.com\/wp-content\/uploads\/2025\/12\/Logo-Nuevo-LOS-POLITICOS-1.jpg","contentUrl":"https:\/\/lospoliticosveracruz.com\/wp-content\/uploads\/2025\/12\/Logo-Nuevo-LOS-POLITICOS-1.jpg","width":260,"height":70,"caption":"Los pol\u00edticos Veracruz"},"image":{"@id":"https:\/\/lospoliticosveracruz.com\/#\/schema\/logo\/image\/"},"sameAs":["https:\/\/www.facebook.com\/people\/Notimemes-de-los-Polticos\/61565672886568\/","https:\/\/x.com\/LosPoliticosVer"]},{"@type":"Person","@id":"https:\/\/lospoliticosveracruz.com\/#\/schema\/person\/b8702bb0e538456e6efd07080bf2a4a2","name":"Lo viste en Los Pol\u00edticos","image":{"@type":"ImageObject","inLanguage":"es","@id":"https:\/\/secure.gravatar.com\/avatar\/3a8de04a2656d44082be478bd6c086daa447c4651605818287b9532d3d0bd435?s=96&d=mm&r=g","url":"https:\/\/secure.gravatar.com\/avatar\/3a8de04a2656d44082be478bd6c086daa447c4651605818287b9532d3d0bd435?s=96&d=mm&r=g","contentUrl":"https:\/\/secure.gravatar.com\/avatar\/3a8de04a2656d44082be478bd6c086daa447c4651605818287b9532d3d0bd435?s=96&d=mm&r=g","caption":"Lo viste en Los Pol\u00edticos"},"url":"https:\/\/lospoliticosveracruz.com\/?author=2"}]}},"_links":{"self":[{"href":"https:\/\/lospoliticosveracruz.com\/index.php?rest_route=\/wp\/v2\/posts\/161505","targetHints":{"allow":["GET"]}}],"collection":[{"href":"https:\/\/lospoliticosveracruz.com\/index.php?rest_route=\/wp\/v2\/posts"}],"about":[{"href":"https:\/\/lospoliticosveracruz.com\/index.php?rest_route=\/wp\/v2\/types\/post"}],"author":[{"embeddable":true,"href":"https:\/\/lospoliticosveracruz.com\/index.php?rest_route=\/wp\/v2\/users\/2"}],"replies":[{"embeddable":true,"href":"https:\/\/lospoliticosveracruz.com\/index.php?rest_route=%2Fwp%2Fv2%2Fcomments&post=161505"}],"version-history":[{"count":1,"href":"https:\/\/lospoliticosveracruz.com\/index.php?rest_route=\/wp\/v2\/posts\/161505\/revisions"}],"predecessor-version":[{"id":161506,"href":"https:\/\/lospoliticosveracruz.com\/index.php?rest_route=\/wp\/v2\/posts\/161505\/revisions\/161506"}],"wp:featuredmedia":[{"embeddable":true,"href":"https:\/\/lospoliticosveracruz.com\/index.php?rest_route=\/wp\/v2\/media\/160252"}],"wp:attachment":[{"href":"https:\/\/lospoliticosveracruz.com\/index.php?rest_route=%2Fwp%2Fv2%2Fmedia&parent=161505"}],"wp:term":[{"taxonomy":"category","embeddable":true,"href":"https:\/\/lospoliticosveracruz.com\/index.php?rest_route=%2Fwp%2Fv2%2Fcategories&post=161505"},{"taxonomy":"post_tag","embeddable":true,"href":"https:\/\/lospoliticosveracruz.com\/index.php?rest_route=%2Fwp%2Fv2%2Ftags&post=161505"}],"curies":[{"name":"wp","href":"https:\/\/api.w.org\/{rel}","templated":true}]}}