{"id":161507,"date":"2026-01-25T14:23:46","date_gmt":"2026-01-25T20:23:46","guid":{"rendered":"https:\/\/lospoliticosveracruz.com\/?p=161507"},"modified":"2026-01-26T06:29:28","modified_gmt":"2026-01-26T12:29:28","slug":"cerrando-circulos","status":"publish","type":"post","link":"https:\/\/lospoliticosveracruz.com\/?p=161507","title":{"rendered":"CERRANDO C\u00cdRCULOS"},"content":{"rendered":"\n<p><strong>Rogelia L\u00f3pez Ocampo<\/strong><\/p>\n\n\n\n<p>En el marco de la reuni\u00f3n catorcenal del Grupo Juntas Venciendo al C\u00e1ncer (JUVECan), realizada este s\u00e1bado 24 de enero, se cont\u00f3 con la valiosa participaci\u00f3n del psic\u00f3logo Rom\u00e1n Segura Maciel, quien imparti\u00f3 la ponencia titulada \u201cCerrando c\u00edrculos\u201d, un tema fundamental dentro del proceso de duelo.<\/p>\n\n\n\n<p>Durante su exposici\u00f3n, el especialista explic\u00f3 la importancia de reconocer cu\u00e1ndo es momento de cerrar ciclos, ya que permanecer estancados m\u00e1s tiempo del necesario puede traducirse en una p\u00e9rdida de energ\u00eda y oportunidades. A trav\u00e9s de refranes populares como \u201ccuando una puerta se cierra, otra se abre\u201d, \u201cno hay mal que por bien no venga\u201d, \u201cagua pasada no mueve molino\u201d y \u201ca\u00f1o nuevo, vida nueva\u201d, invit\u00f3 a las asistentes a reflexionar sobre el valor de soltar el pasado.<\/p>\n\n\n\n<p>Rom\u00e1n Segura se\u00f1al\u00f3 que, ya sea frente a la p\u00e9rdida de un ser querido, una relaci\u00f3n o un empleo, es necesario pasar la hoja, dejar ir y desprenderse de aquello que ya cumpli\u00f3 su funci\u00f3n: regalar libros, desechar documentos sin valor, donar ropa y cerrar cap\u00edtulos, ciclos o c\u00edrculos. Subray\u00f3 que, si se abre uno nuevo, debe trabajarse con la experiencia adquirida anteriormente.<\/p>\n\n\n\n<p>Parafraseando a Paulo Coelho, record\u00f3 que \u201cno podemos estar en el presente a\u00f1orando el pasado ni pregunt\u00e1ndonos por qu\u00e9; lo que sucedi\u00f3, sucedi\u00f3, y hay que soltarlo\u201d. A\u00f1adi\u00f3 que en la vida nadie juega con las cartas marcadas, por lo que es indispensable aprender tanto a ganar como a perder, soltar el resentimiento y cerrar la puerta a lo que ya fue.<\/p>\n\n\n\n<p>Al finalizar, el psic\u00f3logo respondi\u00f3 dudas y preguntas del grupo, y fue despedido con un c\u00e1lido aplauso, adem\u00e1s de recibir un reconocimiento y una bolsa de caf\u00e9 de Coatepec como muestra de agradecimiento.<\/p>\n\n\n\n<p>Por otro lado, esa misma ma\u00f1ana, Aracely Ceballos y una servidora realizaron una visita domiciliaria a Monserrath, a quien se le entreg\u00f3 su bolsa de recuperaci\u00f3n postmastectom\u00eda, brind\u00e1ndole acompa\u00f1amiento y asesor\u00eda. La visita fue recibida con gran inter\u00e9s y agrado, y se inform\u00f3 que pr\u00f3ximamente estar\u00e1n presentes en las reuniones de JUVECan.<\/p>\n\n\n\n<p>Hasta la pr\u00f3xima.<\/p>\n","protected":false},"excerpt":{"rendered":"<p>Rogelia L\u00f3pez Ocampo En el marco de la reuni\u00f3n catorcenal del Grupo Juntas Venciendo al C\u00e1ncer (JUVECan), realizada este s\u00e1bado 24 de enero, se cont\u00f3 con la valiosa participaci\u00f3n del psic\u00f3logo Rom\u00e1n Segura Maciel, quien imparti\u00f3 la ponencia titulada \u201cCerrando c\u00edrculos\u201d, un tema fundamental dentro del proceso de duelo. Durante su exposici\u00f3n, el especialista explic\u00f3 [&hellip;]<\/p>\n","protected":false},"author":2,"featured_media":161512,"comment_status":"closed","ping_status":"closed","sticky":false,"template":"","format":"standard","meta":{"tdm_status":"","tdm_grid_status":"","footnotes":""},"categories":[72],"tags":[51719,51716,51715,51718,6046,51717,26934],"class_list":{"0":"post-161507","1":"post","2":"type-post","3":"status-publish","4":"format-standard","5":"has-post-thumbnail","7":"category-palomazos","8":"tag-acompanamiento-psicologico","9":"tag-apoyo-psicologico-cancer","10":"tag-cerrar-ciclos-emocionales","11":"tag-grupos-de-apoyo-veracruz","12":"tag-juvecan","13":"tag-proceso-de-duelo","14":"tag-salud-emocional"},"yoast_head":"<!-- This site is optimized with the Yoast SEO plugin v27.4 - https:\/\/yoast.com\/product\/yoast-seo-wordpress\/ -->\n<title>CERRANDO C\u00cdRCULOS - Los pol\u00edticos Veracruz<\/title>\n<meta name=\"robots\" content=\"index, follow, max-snippet:-1, max-image-preview:large, max-video-preview:-1\" \/>\n<link rel=\"canonical\" href=\"https:\/\/lospoliticosveracruz.com\/?p=161507\" \/>\n<meta property=\"og:locale\" content=\"es_ES\" \/>\n<meta property=\"og:type\" content=\"article\" \/>\n<meta property=\"og:title\" content=\"CERRANDO C\u00cdRCULOS - Los pol\u00edticos Veracruz\" \/>\n<meta property=\"og:description\" content=\"Rogelia L\u00f3pez Ocampo En el marco de la reuni\u00f3n catorcenal del Grupo Juntas Venciendo al C\u00e1ncer (JUVECan), realizada este s\u00e1bado 24 de enero, se cont\u00f3 con la valiosa participaci\u00f3n del psic\u00f3logo Rom\u00e1n Segura Maciel, quien imparti\u00f3 la ponencia titulada \u201cCerrando c\u00edrculos\u201d, un tema fundamental dentro del proceso de duelo. Durante su exposici\u00f3n, el especialista explic\u00f3 [&hellip;]\" \/>\n<meta property=\"og:url\" content=\"https:\/\/lospoliticosveracruz.com\/?p=161507\" \/>\n<meta property=\"og:site_name\" content=\"Los pol\u00edticos Veracruz\" \/>\n<meta property=\"article:publisher\" content=\"https:\/\/www.facebook.com\/people\/Notimemes-de-los-Polticos\/61565672886568\/\" \/>\n<meta property=\"article:published_time\" content=\"2026-01-25T20:23:46+00:00\" \/>\n<meta property=\"article:modified_time\" content=\"2026-01-26T12:29:28+00:00\" \/>\n<meta property=\"og:image\" content=\"https:\/\/lospoliticosveracruz.com\/wp-content\/uploads\/2026\/01\/Juvecan-.jpg\" \/>\n\t<meta property=\"og:image:width\" content=\"600\" \/>\n\t<meta property=\"og:image:height\" content=\"320\" \/>\n\t<meta property=\"og:image:type\" content=\"image\/jpeg\" \/>\n<meta name=\"author\" content=\"Lo viste en Los Pol\u00edticos\" \/>\n<meta name=\"twitter:card\" content=\"summary_large_image\" \/>\n<meta name=\"twitter:creator\" content=\"@LosPoliticosVer\" \/>\n<meta name=\"twitter:site\" content=\"@LosPoliticosVer\" \/>\n<meta name=\"twitter:label1\" content=\"Escrito por\" \/>\n\t<meta name=\"twitter:data1\" content=\"Lo viste en Los Pol\u00edticos\" \/>\n\t<meta name=\"twitter:label2\" content=\"Tiempo de lectura\" \/>\n\t<meta name=\"twitter:data2\" content=\"2 minutos\" \/>\n<script type=\"application\/ld+json\" class=\"yoast-schema-graph\">{\"@context\":\"https:\\\/\\\/schema.org\",\"@graph\":[{\"@type\":\"Article\",\"@id\":\"https:\\\/\\\/lospoliticosveracruz.com\\\/?p=161507#article\",\"isPartOf\":{\"@id\":\"https:\\\/\\\/lospoliticosveracruz.com\\\/?p=161507\"},\"author\":{\"name\":\"Lo viste en Los Pol\u00edticos\",\"@id\":\"https:\\\/\\\/lospoliticosveracruz.com\\\/#\\\/schema\\\/person\\\/b8702bb0e538456e6efd07080bf2a4a2\"},\"headline\":\"CERRANDO C\u00cdRCULOS\",\"datePublished\":\"2026-01-25T20:23:46+00:00\",\"dateModified\":\"2026-01-26T12:29:28+00:00\",\"mainEntityOfPage\":{\"@id\":\"https:\\\/\\\/lospoliticosveracruz.com\\\/?p=161507\"},\"wordCount\":380,\"publisher\":{\"@id\":\"https:\\\/\\\/lospoliticosveracruz.com\\\/#organization\"},\"image\":{\"@id\":\"https:\\\/\\\/lospoliticosveracruz.com\\\/?p=161507#primaryimage\"},\"thumbnailUrl\":\"https:\\\/\\\/lospoliticosveracruz.com\\\/wp-content\\\/uploads\\\/2026\\\/01\\\/Juvecan-.jpg\",\"keywords\":[\"acompa\u00f1amiento psicol\u00f3gico\",\"apoyo psicol\u00f3gico c\u00e1ncer\",\"cerrar ciclos emocionales\",\"grupos de apoyo Veracruz\",\"Juvecan\",\"proceso de duelo\",\"salud emocional\"],\"articleSection\":[\"Palomazos\"],\"inLanguage\":\"es\"},{\"@type\":\"WebPage\",\"@id\":\"https:\\\/\\\/lospoliticosveracruz.com\\\/?p=161507\",\"url\":\"https:\\\/\\\/lospoliticosveracruz.com\\\/?p=161507\",\"name\":\"CERRANDO C\u00cdRCULOS - Los pol\u00edticos Veracruz\",\"isPartOf\":{\"@id\":\"https:\\\/\\\/lospoliticosveracruz.com\\\/#website\"},\"primaryImageOfPage\":{\"@id\":\"https:\\\/\\\/lospoliticosveracruz.com\\\/?p=161507#primaryimage\"},\"image\":{\"@id\":\"https:\\\/\\\/lospoliticosveracruz.com\\\/?p=161507#primaryimage\"},\"thumbnailUrl\":\"https:\\\/\\\/lospoliticosveracruz.com\\\/wp-content\\\/uploads\\\/2026\\\/01\\\/Juvecan-.jpg\",\"datePublished\":\"2026-01-25T20:23:46+00:00\",\"dateModified\":\"2026-01-26T12:29:28+00:00\",\"breadcrumb\":{\"@id\":\"https:\\\/\\\/lospoliticosveracruz.com\\\/?p=161507#breadcrumb\"},\"inLanguage\":\"es\",\"potentialAction\":[{\"@type\":\"ReadAction\",\"target\":[\"https:\\\/\\\/lospoliticosveracruz.com\\\/?p=161507\"]}]},{\"@type\":\"ImageObject\",\"inLanguage\":\"es\",\"@id\":\"https:\\\/\\\/lospoliticosveracruz.com\\\/?p=161507#primaryimage\",\"url\":\"https:\\\/\\\/lospoliticosveracruz.com\\\/wp-content\\\/uploads\\\/2026\\\/01\\\/Juvecan-.jpg\",\"contentUrl\":\"https:\\\/\\\/lospoliticosveracruz.com\\\/wp-content\\\/uploads\\\/2026\\\/01\\\/Juvecan-.jpg\",\"width\":600,\"height\":320},{\"@type\":\"BreadcrumbList\",\"@id\":\"https:\\\/\\\/lospoliticosveracruz.com\\\/?p=161507#breadcrumb\",\"itemListElement\":[{\"@type\":\"ListItem\",\"position\":1,\"name\":\"Portada\",\"item\":\"https:\\\/\\\/lospoliticosveracruz.com\\\/\"},{\"@type\":\"ListItem\",\"position\":2,\"name\":\"CERRANDO C\u00cdRCULOS\"}]},{\"@type\":\"WebSite\",\"@id\":\"https:\\\/\\\/lospoliticosveracruz.com\\\/#website\",\"url\":\"https:\\\/\\\/lospoliticosveracruz.com\\\/\",\"name\":\"Los pol\u00edticos Veracruz\",\"description\":\"\",\"publisher\":{\"@id\":\"https:\\\/\\\/lospoliticosveracruz.com\\\/#organization\"},\"potentialAction\":[{\"@type\":\"SearchAction\",\"target\":{\"@type\":\"EntryPoint\",\"urlTemplate\":\"https:\\\/\\\/lospoliticosveracruz.com\\\/?s={search_term_string}\"},\"query-input\":{\"@type\":\"PropertyValueSpecification\",\"valueRequired\":true,\"valueName\":\"search_term_string\"}}],\"inLanguage\":\"es\"},{\"@type\":\"Organization\",\"@id\":\"https:\\\/\\\/lospoliticosveracruz.com\\\/#organization\",\"name\":\"Los pol\u00edticos Veracruz\",\"url\":\"https:\\\/\\\/lospoliticosveracruz.com\\\/\",\"logo\":{\"@type\":\"ImageObject\",\"inLanguage\":\"es\",\"@id\":\"https:\\\/\\\/lospoliticosveracruz.com\\\/#\\\/schema\\\/logo\\\/image\\\/\",\"url\":\"https:\\\/\\\/lospoliticosveracruz.com\\\/wp-content\\\/uploads\\\/2025\\\/12\\\/Logo-Nuevo-LOS-POLITICOS-1.jpg\",\"contentUrl\":\"https:\\\/\\\/lospoliticosveracruz.com\\\/wp-content\\\/uploads\\\/2025\\\/12\\\/Logo-Nuevo-LOS-POLITICOS-1.jpg\",\"width\":260,\"height\":70,\"caption\":\"Los pol\u00edticos Veracruz\"},\"image\":{\"@id\":\"https:\\\/\\\/lospoliticosveracruz.com\\\/#\\\/schema\\\/logo\\\/image\\\/\"},\"sameAs\":[\"https:\\\/\\\/www.facebook.com\\\/people\\\/Notimemes-de-los-Polticos\\\/61565672886568\\\/\",\"https:\\\/\\\/x.com\\\/LosPoliticosVer\"]},{\"@type\":\"Person\",\"@id\":\"https:\\\/\\\/lospoliticosveracruz.com\\\/#\\\/schema\\\/person\\\/b8702bb0e538456e6efd07080bf2a4a2\",\"name\":\"Lo viste en Los Pol\u00edticos\",\"image\":{\"@type\":\"ImageObject\",\"inLanguage\":\"es\",\"@id\":\"https:\\\/\\\/secure.gravatar.com\\\/avatar\\\/3a8de04a2656d44082be478bd6c086daa447c4651605818287b9532d3d0bd435?s=96&d=mm&r=g\",\"url\":\"https:\\\/\\\/secure.gravatar.com\\\/avatar\\\/3a8de04a2656d44082be478bd6c086daa447c4651605818287b9532d3d0bd435?s=96&d=mm&r=g\",\"contentUrl\":\"https:\\\/\\\/secure.gravatar.com\\\/avatar\\\/3a8de04a2656d44082be478bd6c086daa447c4651605818287b9532d3d0bd435?s=96&d=mm&r=g\",\"caption\":\"Lo viste en Los Pol\u00edticos\"},\"url\":\"https:\\\/\\\/lospoliticosveracruz.com\\\/?author=2\"}]}<\/script>\n<!-- \/ Yoast SEO plugin. -->","yoast_head_json":{"title":"CERRANDO C\u00cdRCULOS - Los pol\u00edticos Veracruz","robots":{"index":"index","follow":"follow","max-snippet":"max-snippet:-1","max-image-preview":"max-image-preview:large","max-video-preview":"max-video-preview:-1"},"canonical":"https:\/\/lospoliticosveracruz.com\/?p=161507","og_locale":"es_ES","og_type":"article","og_title":"CERRANDO C\u00cdRCULOS - Los pol\u00edticos Veracruz","og_description":"Rogelia L\u00f3pez Ocampo En el marco de la reuni\u00f3n catorcenal del Grupo Juntas Venciendo al C\u00e1ncer (JUVECan), realizada este s\u00e1bado 24 de enero, se cont\u00f3 con la valiosa participaci\u00f3n del psic\u00f3logo Rom\u00e1n Segura Maciel, quien imparti\u00f3 la ponencia titulada \u201cCerrando c\u00edrculos\u201d, un tema fundamental dentro del proceso de duelo. Durante su exposici\u00f3n, el especialista explic\u00f3 [&hellip;]","og_url":"https:\/\/lospoliticosveracruz.com\/?p=161507","og_site_name":"Los pol\u00edticos Veracruz","article_publisher":"https:\/\/www.facebook.com\/people\/Notimemes-de-los-Polticos\/61565672886568\/","article_published_time":"2026-01-25T20:23:46+00:00","article_modified_time":"2026-01-26T12:29:28+00:00","og_image":[{"width":600,"height":320,"url":"https:\/\/lospoliticosveracruz.com\/wp-content\/uploads\/2026\/01\/Juvecan-.jpg","type":"image\/jpeg"}],"author":"Lo viste en Los Pol\u00edticos","twitter_card":"summary_large_image","twitter_creator":"@LosPoliticosVer","twitter_site":"@LosPoliticosVer","twitter_misc":{"Escrito por":"Lo viste en Los Pol\u00edticos","Tiempo de lectura":"2 minutos"},"schema":{"@context":"https:\/\/schema.org","@graph":[{"@type":"Article","@id":"https:\/\/lospoliticosveracruz.com\/?p=161507#article","isPartOf":{"@id":"https:\/\/lospoliticosveracruz.com\/?p=161507"},"author":{"name":"Lo viste en Los Pol\u00edticos","@id":"https:\/\/lospoliticosveracruz.com\/#\/schema\/person\/b8702bb0e538456e6efd07080bf2a4a2"},"headline":"CERRANDO C\u00cdRCULOS","datePublished":"2026-01-25T20:23:46+00:00","dateModified":"2026-01-26T12:29:28+00:00","mainEntityOfPage":{"@id":"https:\/\/lospoliticosveracruz.com\/?p=161507"},"wordCount":380,"publisher":{"@id":"https:\/\/lospoliticosveracruz.com\/#organization"},"image":{"@id":"https:\/\/lospoliticosveracruz.com\/?p=161507#primaryimage"},"thumbnailUrl":"https:\/\/lospoliticosveracruz.com\/wp-content\/uploads\/2026\/01\/Juvecan-.jpg","keywords":["acompa\u00f1amiento psicol\u00f3gico","apoyo psicol\u00f3gico c\u00e1ncer","cerrar ciclos emocionales","grupos de apoyo Veracruz","Juvecan","proceso de duelo","salud emocional"],"articleSection":["Palomazos"],"inLanguage":"es"},{"@type":"WebPage","@id":"https:\/\/lospoliticosveracruz.com\/?p=161507","url":"https:\/\/lospoliticosveracruz.com\/?p=161507","name":"CERRANDO C\u00cdRCULOS - Los pol\u00edticos Veracruz","isPartOf":{"@id":"https:\/\/lospoliticosveracruz.com\/#website"},"primaryImageOfPage":{"@id":"https:\/\/lospoliticosveracruz.com\/?p=161507#primaryimage"},"image":{"@id":"https:\/\/lospoliticosveracruz.com\/?p=161507#primaryimage"},"thumbnailUrl":"https:\/\/lospoliticosveracruz.com\/wp-content\/uploads\/2026\/01\/Juvecan-.jpg","datePublished":"2026-01-25T20:23:46+00:00","dateModified":"2026-01-26T12:29:28+00:00","breadcrumb":{"@id":"https:\/\/lospoliticosveracruz.com\/?p=161507#breadcrumb"},"inLanguage":"es","potentialAction":[{"@type":"ReadAction","target":["https:\/\/lospoliticosveracruz.com\/?p=161507"]}]},{"@type":"ImageObject","inLanguage":"es","@id":"https:\/\/lospoliticosveracruz.com\/?p=161507#primaryimage","url":"https:\/\/lospoliticosveracruz.com\/wp-content\/uploads\/2026\/01\/Juvecan-.jpg","contentUrl":"https:\/\/lospoliticosveracruz.com\/wp-content\/uploads\/2026\/01\/Juvecan-.jpg","width":600,"height":320},{"@type":"BreadcrumbList","@id":"https:\/\/lospoliticosveracruz.com\/?p=161507#breadcrumb","itemListElement":[{"@type":"ListItem","position":1,"name":"Portada","item":"https:\/\/lospoliticosveracruz.com\/"},{"@type":"ListItem","position":2,"name":"CERRANDO C\u00cdRCULOS"}]},{"@type":"WebSite","@id":"https:\/\/lospoliticosveracruz.com\/#website","url":"https:\/\/lospoliticosveracruz.com\/","name":"Los pol\u00edticos Veracruz","description":"","publisher":{"@id":"https:\/\/lospoliticosveracruz.com\/#organization"},"potentialAction":[{"@type":"SearchAction","target":{"@type":"EntryPoint","urlTemplate":"https:\/\/lospoliticosveracruz.com\/?s={search_term_string}"},"query-input":{"@type":"PropertyValueSpecification","valueRequired":true,"valueName":"search_term_string"}}],"inLanguage":"es"},{"@type":"Organization","@id":"https:\/\/lospoliticosveracruz.com\/#organization","name":"Los pol\u00edticos Veracruz","url":"https:\/\/lospoliticosveracruz.com\/","logo":{"@type":"ImageObject","inLanguage":"es","@id":"https:\/\/lospoliticosveracruz.com\/#\/schema\/logo\/image\/","url":"https:\/\/lospoliticosveracruz.com\/wp-content\/uploads\/2025\/12\/Logo-Nuevo-LOS-POLITICOS-1.jpg","contentUrl":"https:\/\/lospoliticosveracruz.com\/wp-content\/uploads\/2025\/12\/Logo-Nuevo-LOS-POLITICOS-1.jpg","width":260,"height":70,"caption":"Los pol\u00edticos Veracruz"},"image":{"@id":"https:\/\/lospoliticosveracruz.com\/#\/schema\/logo\/image\/"},"sameAs":["https:\/\/www.facebook.com\/people\/Notimemes-de-los-Polticos\/61565672886568\/","https:\/\/x.com\/LosPoliticosVer"]},{"@type":"Person","@id":"https:\/\/lospoliticosveracruz.com\/#\/schema\/person\/b8702bb0e538456e6efd07080bf2a4a2","name":"Lo viste en Los Pol\u00edticos","image":{"@type":"ImageObject","inLanguage":"es","@id":"https:\/\/secure.gravatar.com\/avatar\/3a8de04a2656d44082be478bd6c086daa447c4651605818287b9532d3d0bd435?s=96&d=mm&r=g","url":"https:\/\/secure.gravatar.com\/avatar\/3a8de04a2656d44082be478bd6c086daa447c4651605818287b9532d3d0bd435?s=96&d=mm&r=g","contentUrl":"https:\/\/secure.gravatar.com\/avatar\/3a8de04a2656d44082be478bd6c086daa447c4651605818287b9532d3d0bd435?s=96&d=mm&r=g","caption":"Lo viste en Los Pol\u00edticos"},"url":"https:\/\/lospoliticosveracruz.com\/?author=2"}]}},"_links":{"self":[{"href":"https:\/\/lospoliticosveracruz.com\/index.php?rest_route=\/wp\/v2\/posts\/161507","targetHints":{"allow":["GET"]}}],"collection":[{"href":"https:\/\/lospoliticosveracruz.com\/index.php?rest_route=\/wp\/v2\/posts"}],"about":[{"href":"https:\/\/lospoliticosveracruz.com\/index.php?rest_route=\/wp\/v2\/types\/post"}],"author":[{"embeddable":true,"href":"https:\/\/lospoliticosveracruz.com\/index.php?rest_route=\/wp\/v2\/users\/2"}],"replies":[{"embeddable":true,"href":"https:\/\/lospoliticosveracruz.com\/index.php?rest_route=%2Fwp%2Fv2%2Fcomments&post=161507"}],"version-history":[{"count":2,"href":"https:\/\/lospoliticosveracruz.com\/index.php?rest_route=\/wp\/v2\/posts\/161507\/revisions"}],"predecessor-version":[{"id":161554,"href":"https:\/\/lospoliticosveracruz.com\/index.php?rest_route=\/wp\/v2\/posts\/161507\/revisions\/161554"}],"wp:featuredmedia":[{"embeddable":true,"href":"https:\/\/lospoliticosveracruz.com\/index.php?rest_route=\/wp\/v2\/media\/161512"}],"wp:attachment":[{"href":"https:\/\/lospoliticosveracruz.com\/index.php?rest_route=%2Fwp%2Fv2%2Fmedia&parent=161507"}],"wp:term":[{"taxonomy":"category","embeddable":true,"href":"https:\/\/lospoliticosveracruz.com\/index.php?rest_route=%2Fwp%2Fv2%2Fcategories&post=161507"},{"taxonomy":"post_tag","embeddable":true,"href":"https:\/\/lospoliticosveracruz.com\/index.php?rest_route=%2Fwp%2Fv2%2Ftags&post=161507"}],"curies":[{"name":"wp","href":"https:\/\/api.w.org\/{rel}","templated":true}]}}