{"id":161513,"date":"2026-01-25T14:27:29","date_gmt":"2026-01-25T20:27:29","guid":{"rendered":"https:\/\/lospoliticosveracruz.com\/?p=161513"},"modified":"2026-01-28T20:34:08","modified_gmt":"2026-01-29T02:34:08","slug":"le-meten-escoba-al-palacio","status":"publish","type":"post","link":"https:\/\/lospoliticosveracruz.com\/?p=161513","title":{"rendered":"LE METEN ESCOBA AL PALACIO!"},"content":{"rendered":"\n<p>Con el objetivo de fomentar la conservaci\u00f3n, dignificaci\u00f3n y cuidado permanente de los espacios p\u00fablicos donde se brinda atenci\u00f3n y servicios a la ciudadan\u00eda, el S\u00edndico \u00danico, Dr. Marco Aurelio Mart\u00ednez S\u00e1nchez, encabez\u00f3 este domingo el Tequio en Palacio Municipal, acompa\u00f1ado de Regidoras, Regidores y funcionariado del Ayuntamiento de Xalapa.<\/p>\n\n\n\n\n\n<p>Estuvieron presentes el Secretario del Ayuntamiento, Mtro. V\u00edctor Hugo Meza Cruz; la Regidora Primera, Lic. Diana Julieta Aguilar Ortega; el Regidor Segundo, Lic. Axel Fern\u00e1ndez Cambambia; la Regidora Tercera, Lic. Susan Liliana Morales Segura; el Regidor Cuarto, Lic. Alfonso Osegueda Cruz; la Regidora Quinta, Dra. Raquel Rosal\u00eda Casta\u00f1eda Gonz\u00e1lez; la Regidora Sexta, Lic. Hilda Elvia Aguilar Arroyo, y la Regidora D\u00e9cima Tercera, Lic. Priscila Nataly Labastida Vega<\/p>\n\n\n\n<p>La jornada, organizada por la Direcci\u00f3n de Juventud, que dirige el Lic. Rafael Alarc\u00f3n Barrientos, contempl\u00f3 diversas acciones de limpieza, ordenamiento y mantenimiento en \u00e1reas comunes e instalaciones del inmueble, como parte de una estrategia integral para fortalecer la cultura del cuidado del patrimonio p\u00fablico y mejorar las condiciones de los espacios de trabajo y atenci\u00f3n ciudadana.<\/p>\n\n\n\n<p>Durante la actividad se promovieron valores como la corresponsabilidad social, la solidaridad, la participaci\u00f3n comunitaria, el trabajo en equipo y el sentido de pertenencia, consolidando el Tequio como una herramienta de organizaci\u00f3n social que fortalece la convivencia institucional y el compromiso con el servicio p\u00fablico.<\/p>\n\n\n\n<p>Este ejercicio, que correspondi\u00f3 al Segundo Tequio Municipal, cont\u00f3 con la participaci\u00f3n del personal de todas las direcciones del Ayuntamiento, quienes durante aproximadamente cuatro horas atendieron la convocatoria con disposici\u00f3n, entusiasmo y compromiso, sum\u00e1ndose de manera activa a las labores programadas.<\/p>\n\n\n\n<p>La visi\u00f3n del gobierno que dirige la Alcaldesa, Lic. Daniela Griego Ceballos, impulsa una administraci\u00f3n cercana a la ciudadan\u00eda, a partir de la participaci\u00f3n colectiva, la corresponsabilidad y la construcci\u00f3n de entornos dignos, limpios y funcionales, tanto para quienes laboran en el servicio p\u00fablico como para quienes acuden diariamente a realizar tr\u00e1mites y gestiones.<\/p>\n","protected":false},"excerpt":{"rendered":"<p>Con el objetivo de fomentar la conservaci\u00f3n, dignificaci\u00f3n y cuidado permanente de los espacios p\u00fablicos donde se brinda atenci\u00f3n y servicios a la ciudadan\u00eda, el S\u00edndico \u00danico, Dr. Marco Aurelio Mart\u00ednez S\u00e1nchez, encabez\u00f3 este domingo el Tequio en Palacio Municipal, acompa\u00f1ado de Regidoras, Regidores y funcionariado del Ayuntamiento de Xalapa. Estuvieron presentes el Secretario del [&hellip;]<\/p>\n","protected":false},"author":2,"featured_media":161514,"comment_status":"closed","ping_status":"closed","sticky":false,"template":"","format":"standard","meta":{"tdm_status":"","tdm_grid_status":"","footnotes":""},"categories":[73],"tags":[1534,51727,6657,51726,51725,51724],"class_list":{"0":"post-161513","1":"post","2":"type-post","3":"status-publish","4":"format-standard","5":"has-post-thumbnail","7":"category-de-boleto","8":"tag-ayuntamiento-de-xalapa","9":"tag-cultura-del-servicio-publico","10":"tag-daniela-griego-ceballos","11":"tag-gobierno-municipal-participativo","12":"tag-limpieza-espacios-publicos","13":"tag-tequio-en-palacio-municipal"},"yoast_head":"<!-- This site is optimized with the Yoast SEO plugin v27.4 - https:\/\/yoast.com\/product\/yoast-seo-wordpress\/ -->\n<title>LE METEN ESCOBA AL PALACIO! - Los pol\u00edticos Veracruz<\/title>\n<meta name=\"robots\" content=\"index, follow, max-snippet:-1, max-image-preview:large, max-video-preview:-1\" \/>\n<link rel=\"canonical\" href=\"https:\/\/lospoliticosveracruz.com\/?p=161513\" \/>\n<meta property=\"og:locale\" content=\"es_ES\" \/>\n<meta property=\"og:type\" content=\"article\" \/>\n<meta property=\"og:title\" content=\"LE METEN ESCOBA AL PALACIO! - Los pol\u00edticos Veracruz\" \/>\n<meta property=\"og:description\" content=\"Con el objetivo de fomentar la conservaci\u00f3n, dignificaci\u00f3n y cuidado permanente de los espacios p\u00fablicos donde se brinda atenci\u00f3n y servicios a la ciudadan\u00eda, el S\u00edndico \u00danico, Dr. Marco Aurelio Mart\u00ednez S\u00e1nchez, encabez\u00f3 este domingo el Tequio en Palacio Municipal, acompa\u00f1ado de Regidoras, Regidores y funcionariado del Ayuntamiento de Xalapa. Estuvieron presentes el Secretario del [&hellip;]\" \/>\n<meta property=\"og:url\" content=\"https:\/\/lospoliticosveracruz.com\/?p=161513\" \/>\n<meta property=\"og:site_name\" content=\"Los pol\u00edticos Veracruz\" \/>\n<meta property=\"article:publisher\" content=\"https:\/\/www.facebook.com\/people\/Notimemes-de-los-Polticos\/61565672886568\/\" \/>\n<meta property=\"article:published_time\" content=\"2026-01-25T20:27:29+00:00\" \/>\n<meta property=\"article:modified_time\" content=\"2026-01-29T02:34:08+00:00\" \/>\n<meta property=\"og:image\" content=\"https:\/\/lospoliticosveracruz.com\/wp-content\/uploads\/2026\/01\/Palacio-Xalapa-limpieza-.jpg\" \/>\n\t<meta property=\"og:image:width\" content=\"600\" \/>\n\t<meta property=\"og:image:height\" content=\"320\" \/>\n\t<meta property=\"og:image:type\" content=\"image\/jpeg\" \/>\n<meta name=\"author\" content=\"Lo viste en Los Pol\u00edticos\" \/>\n<meta name=\"twitter:card\" content=\"summary_large_image\" \/>\n<meta name=\"twitter:creator\" content=\"@LosPoliticosVer\" \/>\n<meta name=\"twitter:site\" content=\"@LosPoliticosVer\" \/>\n<meta name=\"twitter:label1\" content=\"Escrito por\" \/>\n\t<meta name=\"twitter:data1\" content=\"Lo viste en Los Pol\u00edticos\" \/>\n\t<meta name=\"twitter:label2\" content=\"Tiempo de lectura\" \/>\n\t<meta name=\"twitter:data2\" content=\"2 minutos\" \/>\n<script type=\"application\/ld+json\" class=\"yoast-schema-graph\">{\"@context\":\"https:\\\/\\\/schema.org\",\"@graph\":[{\"@type\":\"Article\",\"@id\":\"https:\\\/\\\/lospoliticosveracruz.com\\\/?p=161513#article\",\"isPartOf\":{\"@id\":\"https:\\\/\\\/lospoliticosveracruz.com\\\/?p=161513\"},\"author\":{\"name\":\"Lo viste en Los Pol\u00edticos\",\"@id\":\"https:\\\/\\\/lospoliticosveracruz.com\\\/#\\\/schema\\\/person\\\/b8702bb0e538456e6efd07080bf2a4a2\"},\"headline\":\"LE METEN ESCOBA AL PALACIO!\",\"datePublished\":\"2026-01-25T20:27:29+00:00\",\"dateModified\":\"2026-01-29T02:34:08+00:00\",\"mainEntityOfPage\":{\"@id\":\"https:\\\/\\\/lospoliticosveracruz.com\\\/?p=161513\"},\"wordCount\":351,\"publisher\":{\"@id\":\"https:\\\/\\\/lospoliticosveracruz.com\\\/#organization\"},\"image\":{\"@id\":\"https:\\\/\\\/lospoliticosveracruz.com\\\/?p=161513#primaryimage\"},\"thumbnailUrl\":\"https:\\\/\\\/lospoliticosveracruz.com\\\/wp-content\\\/uploads\\\/2026\\\/01\\\/Palacio-Xalapa-limpieza-.jpg\",\"keywords\":[\"ayuntamiento de Xalapa\",\"cultura del servicio p\u00fablico\",\"Daniela Griego Ceballos\",\"gobierno municipal participativo\",\"limpieza espacios p\u00fablicos\",\"Tequio en Palacio Municipal\"],\"articleSection\":[\"De Boleto\"],\"inLanguage\":\"es\"},{\"@type\":\"WebPage\",\"@id\":\"https:\\\/\\\/lospoliticosveracruz.com\\\/?p=161513\",\"url\":\"https:\\\/\\\/lospoliticosveracruz.com\\\/?p=161513\",\"name\":\"LE METEN ESCOBA AL PALACIO! - Los pol\u00edticos Veracruz\",\"isPartOf\":{\"@id\":\"https:\\\/\\\/lospoliticosveracruz.com\\\/#website\"},\"primaryImageOfPage\":{\"@id\":\"https:\\\/\\\/lospoliticosveracruz.com\\\/?p=161513#primaryimage\"},\"image\":{\"@id\":\"https:\\\/\\\/lospoliticosveracruz.com\\\/?p=161513#primaryimage\"},\"thumbnailUrl\":\"https:\\\/\\\/lospoliticosveracruz.com\\\/wp-content\\\/uploads\\\/2026\\\/01\\\/Palacio-Xalapa-limpieza-.jpg\",\"datePublished\":\"2026-01-25T20:27:29+00:00\",\"dateModified\":\"2026-01-29T02:34:08+00:00\",\"breadcrumb\":{\"@id\":\"https:\\\/\\\/lospoliticosveracruz.com\\\/?p=161513#breadcrumb\"},\"inLanguage\":\"es\",\"potentialAction\":[{\"@type\":\"ReadAction\",\"target\":[\"https:\\\/\\\/lospoliticosveracruz.com\\\/?p=161513\"]}]},{\"@type\":\"ImageObject\",\"inLanguage\":\"es\",\"@id\":\"https:\\\/\\\/lospoliticosveracruz.com\\\/?p=161513#primaryimage\",\"url\":\"https:\\\/\\\/lospoliticosveracruz.com\\\/wp-content\\\/uploads\\\/2026\\\/01\\\/Palacio-Xalapa-limpieza-.jpg\",\"contentUrl\":\"https:\\\/\\\/lospoliticosveracruz.com\\\/wp-content\\\/uploads\\\/2026\\\/01\\\/Palacio-Xalapa-limpieza-.jpg\",\"width\":600,\"height\":320},{\"@type\":\"BreadcrumbList\",\"@id\":\"https:\\\/\\\/lospoliticosveracruz.com\\\/?p=161513#breadcrumb\",\"itemListElement\":[{\"@type\":\"ListItem\",\"position\":1,\"name\":\"Portada\",\"item\":\"https:\\\/\\\/lospoliticosveracruz.com\\\/\"},{\"@type\":\"ListItem\",\"position\":2,\"name\":\"LE METEN ESCOBA AL PALACIO!\"}]},{\"@type\":\"WebSite\",\"@id\":\"https:\\\/\\\/lospoliticosveracruz.com\\\/#website\",\"url\":\"https:\\\/\\\/lospoliticosveracruz.com\\\/\",\"name\":\"Los pol\u00edticos Veracruz\",\"description\":\"\",\"publisher\":{\"@id\":\"https:\\\/\\\/lospoliticosveracruz.com\\\/#organization\"},\"potentialAction\":[{\"@type\":\"SearchAction\",\"target\":{\"@type\":\"EntryPoint\",\"urlTemplate\":\"https:\\\/\\\/lospoliticosveracruz.com\\\/?s={search_term_string}\"},\"query-input\":{\"@type\":\"PropertyValueSpecification\",\"valueRequired\":true,\"valueName\":\"search_term_string\"}}],\"inLanguage\":\"es\"},{\"@type\":\"Organization\",\"@id\":\"https:\\\/\\\/lospoliticosveracruz.com\\\/#organization\",\"name\":\"Los pol\u00edticos Veracruz\",\"url\":\"https:\\\/\\\/lospoliticosveracruz.com\\\/\",\"logo\":{\"@type\":\"ImageObject\",\"inLanguage\":\"es\",\"@id\":\"https:\\\/\\\/lospoliticosveracruz.com\\\/#\\\/schema\\\/logo\\\/image\\\/\",\"url\":\"https:\\\/\\\/lospoliticosveracruz.com\\\/wp-content\\\/uploads\\\/2025\\\/12\\\/Logo-Nuevo-LOS-POLITICOS-1.jpg\",\"contentUrl\":\"https:\\\/\\\/lospoliticosveracruz.com\\\/wp-content\\\/uploads\\\/2025\\\/12\\\/Logo-Nuevo-LOS-POLITICOS-1.jpg\",\"width\":260,\"height\":70,\"caption\":\"Los pol\u00edticos Veracruz\"},\"image\":{\"@id\":\"https:\\\/\\\/lospoliticosveracruz.com\\\/#\\\/schema\\\/logo\\\/image\\\/\"},\"sameAs\":[\"https:\\\/\\\/www.facebook.com\\\/people\\\/Notimemes-de-los-Polticos\\\/61565672886568\\\/\",\"https:\\\/\\\/x.com\\\/LosPoliticosVer\"]},{\"@type\":\"Person\",\"@id\":\"https:\\\/\\\/lospoliticosveracruz.com\\\/#\\\/schema\\\/person\\\/b8702bb0e538456e6efd07080bf2a4a2\",\"name\":\"Lo viste en Los Pol\u00edticos\",\"image\":{\"@type\":\"ImageObject\",\"inLanguage\":\"es\",\"@id\":\"https:\\\/\\\/secure.gravatar.com\\\/avatar\\\/3a8de04a2656d44082be478bd6c086daa447c4651605818287b9532d3d0bd435?s=96&d=mm&r=g\",\"url\":\"https:\\\/\\\/secure.gravatar.com\\\/avatar\\\/3a8de04a2656d44082be478bd6c086daa447c4651605818287b9532d3d0bd435?s=96&d=mm&r=g\",\"contentUrl\":\"https:\\\/\\\/secure.gravatar.com\\\/avatar\\\/3a8de04a2656d44082be478bd6c086daa447c4651605818287b9532d3d0bd435?s=96&d=mm&r=g\",\"caption\":\"Lo viste en Los Pol\u00edticos\"},\"url\":\"https:\\\/\\\/lospoliticosveracruz.com\\\/?author=2\"}]}<\/script>\n<!-- \/ Yoast SEO plugin. -->","yoast_head_json":{"title":"LE METEN ESCOBA AL PALACIO! - Los pol\u00edticos Veracruz","robots":{"index":"index","follow":"follow","max-snippet":"max-snippet:-1","max-image-preview":"max-image-preview:large","max-video-preview":"max-video-preview:-1"},"canonical":"https:\/\/lospoliticosveracruz.com\/?p=161513","og_locale":"es_ES","og_type":"article","og_title":"LE METEN ESCOBA AL PALACIO! - Los pol\u00edticos Veracruz","og_description":"Con el objetivo de fomentar la conservaci\u00f3n, dignificaci\u00f3n y cuidado permanente de los espacios p\u00fablicos donde se brinda atenci\u00f3n y servicios a la ciudadan\u00eda, el S\u00edndico \u00danico, Dr. Marco Aurelio Mart\u00ednez S\u00e1nchez, encabez\u00f3 este domingo el Tequio en Palacio Municipal, acompa\u00f1ado de Regidoras, Regidores y funcionariado del Ayuntamiento de Xalapa. Estuvieron presentes el Secretario del [&hellip;]","og_url":"https:\/\/lospoliticosveracruz.com\/?p=161513","og_site_name":"Los pol\u00edticos Veracruz","article_publisher":"https:\/\/www.facebook.com\/people\/Notimemes-de-los-Polticos\/61565672886568\/","article_published_time":"2026-01-25T20:27:29+00:00","article_modified_time":"2026-01-29T02:34:08+00:00","og_image":[{"width":600,"height":320,"url":"https:\/\/lospoliticosveracruz.com\/wp-content\/uploads\/2026\/01\/Palacio-Xalapa-limpieza-.jpg","type":"image\/jpeg"}],"author":"Lo viste en Los Pol\u00edticos","twitter_card":"summary_large_image","twitter_creator":"@LosPoliticosVer","twitter_site":"@LosPoliticosVer","twitter_misc":{"Escrito por":"Lo viste en Los Pol\u00edticos","Tiempo de lectura":"2 minutos"},"schema":{"@context":"https:\/\/schema.org","@graph":[{"@type":"Article","@id":"https:\/\/lospoliticosveracruz.com\/?p=161513#article","isPartOf":{"@id":"https:\/\/lospoliticosveracruz.com\/?p=161513"},"author":{"name":"Lo viste en Los Pol\u00edticos","@id":"https:\/\/lospoliticosveracruz.com\/#\/schema\/person\/b8702bb0e538456e6efd07080bf2a4a2"},"headline":"LE METEN ESCOBA AL PALACIO!","datePublished":"2026-01-25T20:27:29+00:00","dateModified":"2026-01-29T02:34:08+00:00","mainEntityOfPage":{"@id":"https:\/\/lospoliticosveracruz.com\/?p=161513"},"wordCount":351,"publisher":{"@id":"https:\/\/lospoliticosveracruz.com\/#organization"},"image":{"@id":"https:\/\/lospoliticosveracruz.com\/?p=161513#primaryimage"},"thumbnailUrl":"https:\/\/lospoliticosveracruz.com\/wp-content\/uploads\/2026\/01\/Palacio-Xalapa-limpieza-.jpg","keywords":["ayuntamiento de Xalapa","cultura del servicio p\u00fablico","Daniela Griego Ceballos","gobierno municipal participativo","limpieza espacios p\u00fablicos","Tequio en Palacio Municipal"],"articleSection":["De Boleto"],"inLanguage":"es"},{"@type":"WebPage","@id":"https:\/\/lospoliticosveracruz.com\/?p=161513","url":"https:\/\/lospoliticosveracruz.com\/?p=161513","name":"LE METEN ESCOBA AL PALACIO! - Los pol\u00edticos Veracruz","isPartOf":{"@id":"https:\/\/lospoliticosveracruz.com\/#website"},"primaryImageOfPage":{"@id":"https:\/\/lospoliticosveracruz.com\/?p=161513#primaryimage"},"image":{"@id":"https:\/\/lospoliticosveracruz.com\/?p=161513#primaryimage"},"thumbnailUrl":"https:\/\/lospoliticosveracruz.com\/wp-content\/uploads\/2026\/01\/Palacio-Xalapa-limpieza-.jpg","datePublished":"2026-01-25T20:27:29+00:00","dateModified":"2026-01-29T02:34:08+00:00","breadcrumb":{"@id":"https:\/\/lospoliticosveracruz.com\/?p=161513#breadcrumb"},"inLanguage":"es","potentialAction":[{"@type":"ReadAction","target":["https:\/\/lospoliticosveracruz.com\/?p=161513"]}]},{"@type":"ImageObject","inLanguage":"es","@id":"https:\/\/lospoliticosveracruz.com\/?p=161513#primaryimage","url":"https:\/\/lospoliticosveracruz.com\/wp-content\/uploads\/2026\/01\/Palacio-Xalapa-limpieza-.jpg","contentUrl":"https:\/\/lospoliticosveracruz.com\/wp-content\/uploads\/2026\/01\/Palacio-Xalapa-limpieza-.jpg","width":600,"height":320},{"@type":"BreadcrumbList","@id":"https:\/\/lospoliticosveracruz.com\/?p=161513#breadcrumb","itemListElement":[{"@type":"ListItem","position":1,"name":"Portada","item":"https:\/\/lospoliticosveracruz.com\/"},{"@type":"ListItem","position":2,"name":"LE METEN ESCOBA AL PALACIO!"}]},{"@type":"WebSite","@id":"https:\/\/lospoliticosveracruz.com\/#website","url":"https:\/\/lospoliticosveracruz.com\/","name":"Los pol\u00edticos Veracruz","description":"","publisher":{"@id":"https:\/\/lospoliticosveracruz.com\/#organization"},"potentialAction":[{"@type":"SearchAction","target":{"@type":"EntryPoint","urlTemplate":"https:\/\/lospoliticosveracruz.com\/?s={search_term_string}"},"query-input":{"@type":"PropertyValueSpecification","valueRequired":true,"valueName":"search_term_string"}}],"inLanguage":"es"},{"@type":"Organization","@id":"https:\/\/lospoliticosveracruz.com\/#organization","name":"Los pol\u00edticos Veracruz","url":"https:\/\/lospoliticosveracruz.com\/","logo":{"@type":"ImageObject","inLanguage":"es","@id":"https:\/\/lospoliticosveracruz.com\/#\/schema\/logo\/image\/","url":"https:\/\/lospoliticosveracruz.com\/wp-content\/uploads\/2025\/12\/Logo-Nuevo-LOS-POLITICOS-1.jpg","contentUrl":"https:\/\/lospoliticosveracruz.com\/wp-content\/uploads\/2025\/12\/Logo-Nuevo-LOS-POLITICOS-1.jpg","width":260,"height":70,"caption":"Los pol\u00edticos Veracruz"},"image":{"@id":"https:\/\/lospoliticosveracruz.com\/#\/schema\/logo\/image\/"},"sameAs":["https:\/\/www.facebook.com\/people\/Notimemes-de-los-Polticos\/61565672886568\/","https:\/\/x.com\/LosPoliticosVer"]},{"@type":"Person","@id":"https:\/\/lospoliticosveracruz.com\/#\/schema\/person\/b8702bb0e538456e6efd07080bf2a4a2","name":"Lo viste en Los Pol\u00edticos","image":{"@type":"ImageObject","inLanguage":"es","@id":"https:\/\/secure.gravatar.com\/avatar\/3a8de04a2656d44082be478bd6c086daa447c4651605818287b9532d3d0bd435?s=96&d=mm&r=g","url":"https:\/\/secure.gravatar.com\/avatar\/3a8de04a2656d44082be478bd6c086daa447c4651605818287b9532d3d0bd435?s=96&d=mm&r=g","contentUrl":"https:\/\/secure.gravatar.com\/avatar\/3a8de04a2656d44082be478bd6c086daa447c4651605818287b9532d3d0bd435?s=96&d=mm&r=g","caption":"Lo viste en Los Pol\u00edticos"},"url":"https:\/\/lospoliticosveracruz.com\/?author=2"}]}},"_links":{"self":[{"href":"https:\/\/lospoliticosveracruz.com\/index.php?rest_route=\/wp\/v2\/posts\/161513","targetHints":{"allow":["GET"]}}],"collection":[{"href":"https:\/\/lospoliticosveracruz.com\/index.php?rest_route=\/wp\/v2\/posts"}],"about":[{"href":"https:\/\/lospoliticosveracruz.com\/index.php?rest_route=\/wp\/v2\/types\/post"}],"author":[{"embeddable":true,"href":"https:\/\/lospoliticosveracruz.com\/index.php?rest_route=\/wp\/v2\/users\/2"}],"replies":[{"embeddable":true,"href":"https:\/\/lospoliticosveracruz.com\/index.php?rest_route=%2Fwp%2Fv2%2Fcomments&post=161513"}],"version-history":[{"count":2,"href":"https:\/\/lospoliticosveracruz.com\/index.php?rest_route=\/wp\/v2\/posts\/161513\/revisions"}],"predecessor-version":[{"id":161994,"href":"https:\/\/lospoliticosveracruz.com\/index.php?rest_route=\/wp\/v2\/posts\/161513\/revisions\/161994"}],"wp:featuredmedia":[{"embeddable":true,"href":"https:\/\/lospoliticosveracruz.com\/index.php?rest_route=\/wp\/v2\/media\/161514"}],"wp:attachment":[{"href":"https:\/\/lospoliticosveracruz.com\/index.php?rest_route=%2Fwp%2Fv2%2Fmedia&parent=161513"}],"wp:term":[{"taxonomy":"category","embeddable":true,"href":"https:\/\/lospoliticosveracruz.com\/index.php?rest_route=%2Fwp%2Fv2%2Fcategories&post=161513"},{"taxonomy":"post_tag","embeddable":true,"href":"https:\/\/lospoliticosveracruz.com\/index.php?rest_route=%2Fwp%2Fv2%2Ftags&post=161513"}],"curies":[{"name":"wp","href":"https:\/\/api.w.org\/{rel}","templated":true}]}}