{"id":161549,"date":"2026-01-26T05:43:11","date_gmt":"2026-01-26T11:43:11","guid":{"rendered":"https:\/\/lospoliticosveracruz.com\/?p=161549"},"modified":"2026-01-26T05:43:13","modified_gmt":"2026-01-26T11:43:13","slug":"la-llave-se-llama-seguridad","status":"publish","type":"post","link":"https:\/\/lospoliticosveracruz.com\/?p=161549","title":{"rendered":"LA LLAVE SE LLAMA SEGURIDAD"},"content":{"rendered":"\n<p><strong>Bernardo Guti\u00e9rrez Parra<\/strong><br><em>Desde el Caf\u00e9<\/em><\/p>\n\n\n\n<p>Fue en febrero del 2019 cuando la entonces secretaria de turismo de la entidad, X\u00f3chitl Arbes\u00fa, anunci\u00f3 que para el siguiente a\u00f1o llegar\u00edan cruceros a Veracruz, con lo que \u201ccontaremos con una mayor movilidad tur\u00edstica y econ\u00f3mica\u201d.<\/p>\n\n\n\n<p>Reci\u00e9n llegada de Espa\u00f1a a donde asisti\u00f3 a la Feria Internacional de Turismo (FITUR), X\u00f3chitl presumi\u00f3 delante del gobernador Cuitl\u00e1huac Garc\u00eda: \u201cLo primero es que vienen cruceros a Veracruz, SECTUR inicio acuerdos con la empresa Pulman Tour Cruises, grupo tur\u00edstico espa\u00f1ol con una trayectoria de m\u00e1s de 40 a\u00f1os y filial de Royal Caribean, para lograr que Veracruz vuelva a ser un puerto anfitri\u00f3n para cruceros de hasta dos mil pasajeros para iniciar\u201d.<\/p>\n\n\n\n<p>\u00bfY?<\/p>\n\n\n\n<p>Lo que lleg\u00f3 en 2020 fue la pandemia del Covid que nos encerr\u00f3 a todos. Pero se fue la pandemia y es la hora en que ning\u00fan crucero ha asomado la proa por nuestras costas. El \u00faltimo fue el Zuiderdam de la naviera Holland America Line, que el 25 de abril del 2011 atrac\u00f3 en el puerto jarocho con tres mil pasajeros, en su mayor\u00eda procedentes de Estados Unidos y Canad\u00e1.<\/p>\n\n\n\n<p>Tan fregados estamos en lo que a visitas de cruceros se refiere, que la llegada del Zuiderdam provoc\u00f3 una algarab\u00eda b\u00e1rbara en el primer c\u00edrculo del poder estatal, al grado que Javier Duarte lo present\u00f3 como un logro de su gobierno y lo mencion\u00f3 en su primer Informe de labores. Pero de eso han pasado casi 15 a\u00f1os.<\/p>\n\n\n\n<p>Este a\u00f1o M\u00e9xico fue el pa\u00eds invitado a la FITUR y la presidenta Claudia Sheinbaum aprovech\u00f3 la coyuntura para enviar representaciones de las 32 entidades federativas. Veracruz fue uno de los estados que m\u00e1s se promocion\u00f3, incluso en autobuses urbanos de Madrid donde se le\u00eda la leyenda: \u201cVeracruz est\u00e1 de moda\u201d.<\/p>\n\n\n\n<p>\u00bfY c\u00f3mo nos fue?<\/p>\n\n\n\n<p>Uta, de maravilla, de ma-ra-vi-lla.<\/p>\n\n\n\n<p>Desde Madrid, el secretario de Turismo, Igor Roj\u00ed dijo a una estaci\u00f3n de radio: \u201cEn el primer d\u00eda de la feria tuvimos 21 citas de negocios con grupos de agencias de viajes, l\u00edneas a\u00e9reas, hoteleros, navieras\u201d.<\/p>\n\n\n\n<p>\u00bfY cu\u00e1ntos de esos negocios se cerraron?<\/p>\n\n\n\n<p>Este\u2026 de eso no habl\u00f3 el se\u00f1or secretario.<\/p>\n\n\n\n<p>Por su parte, la presidenta de la Comisi\u00f3n de Turismo del Congreso local, Nallely Camarillo indic\u00f3: \u201cTuvimos varias reuniones, entre ellas con empresarios que reconocen que hay un \u00e1rea de oportunidad muy importante en nuestro pa\u00eds y en especial en Veracruz\u2026 vamos a ver resultados a la larga, pero ya sembramos la semilla\u201d.<\/p>\n\n\n\n<p>\u00bfQu\u00e9 tan a la larga se ver\u00e1n los resultados?<\/p>\n\n\n\n<p>No, para eso tampoco hubo respuesta.<\/p>\n\n\n\n<p>En su entrevista por radio Igor presumi\u00f3: \u201cSomos un multidestino y tenemos de todo: turismo cultural, de aventura y naturaleza, de sol y playa, turismo religioso y de negocios. Veracruz es un destino muy completo porque adem\u00e1s tenemos ocho pueblos m\u00e1gicos\u201d.<\/p>\n\n\n\n<p>El funcionario dijo una gran verdad, pero eso de qu\u00e9 nos sirve. Mientras contin\u00faen la inseguridad y la violencia haciendo estragos en la entidad dif\u00edcilmente vendr\u00e1 el turismo a gran escala.<\/p>\n\n\n\n<p>No lo dijo Igor, pero apuesto doble contra sencillo a que todos los empresarios le preguntaron por la seguridad en Veracruz y si les mostr\u00f3 las estad\u00edsticas que dio a conocer el viernes anterior el Secretario de Seguridad Omar Garc\u00eda Harfuch, de seguro levantaron las cejas.<\/p>\n\n\n\n<p>En lo personal le creo a Omar cuando asegura que los homicidios dolosos han disminuido un 28 por ciento en Veracruz, pero el dato debi\u00f3 ser magro para los empresarios de otras tierras que quieren invertir en la entidad.<\/p>\n\n\n\n<p>Casi a finales de su sexenio Enrique Pe\u00f1a Nieto inaugur\u00f3 en Coatzacoalcos la ZEE (Zona Econ\u00f3mica Especial). Un pol\u00edgono de 8 mil Hect\u00e1reas donde las grandes empresas del mundo contar\u00edan con incentivos fiscales, aduaneros y facilidades para el comercio exterior. El proyecto era formidable, las ganancias multimillonarias y habr\u00eda trabajo para cientos de miles de mexicanos. \u00bfY qu\u00e9 pas\u00f3?<\/p>\n\n\n\n<p>En 2019 todo se vino abajo principalmente por la inseguridad y la violencia.<\/p>\n\n\n\n<p>Podemos tener un estado maravilloso, que lo tenemos, pero mientras sea inseguro, violento y con p\u00e9simas v\u00edas de comunicaci\u00f3n, el turismo internacional no vendr\u00e1, los cruceros tampoco y los empresarios deseosos de invertir, menos.<\/p>\n\n\n\n<p>En s\u00edntesis, la llave para abrir las puertas de Veracruz al verdadero progreso se llama seguridad, seguridad, SE-GU-RI-DAD.<\/p>\n\n\n\n<p>Todo lo dem\u00e1s, es lo de menos.<\/p>\n\n\n\n<p>bernagup28@gmail.com<\/p>\n\n\n\n<p><\/p>\n","protected":false},"excerpt":{"rendered":"<p>Bernardo Guti\u00e9rrez ParraDesde el Caf\u00e9 Fue en febrero del 2019 cuando la entonces secretaria de turismo de la entidad, X\u00f3chitl Arbes\u00fa, anunci\u00f3 que para el siguiente a\u00f1o llegar\u00edan cruceros a Veracruz, con lo que \u201ccontaremos con una mayor movilidad tur\u00edstica y econ\u00f3mica\u201d. Reci\u00e9n llegada de Espa\u00f1a a donde asisti\u00f3 a la Feria Internacional de Turismo [&hellip;]<\/p>\n","protected":false},"author":2,"featured_media":141479,"comment_status":"closed","ping_status":"closed","sticky":false,"template":"","format":"standard","meta":{"tdm_status":"","tdm_grid_status":"","footnotes":""},"categories":[70],"tags":[42763,7568,1026,43661,14775,3578,360,198,195],"class_list":{"0":"post-161549","1":"post","2":"type-post","3":"status-publish","4":"format-standard","5":"has-post-thumbnail","7":"category-de-opinion","8":"tag-fitur","9":"tag-igor-roji-lopez","10":"tag-morena","11":"tag-nallely-mendoza-camarillo","12":"tag-omar-garcia-harfuch","13":"tag-rocio-nahle","14":"tag-seguridad","15":"tag-turismo","16":"tag-veracruz"},"yoast_head":"<!-- This site is optimized with the Yoast SEO plugin v27.4 - https:\/\/yoast.com\/product\/yoast-seo-wordpress\/ -->\n<title>LA LLAVE SE LLAMA SEGURIDAD - Los pol\u00edticos Veracruz<\/title>\n<meta name=\"robots\" content=\"index, follow, max-snippet:-1, max-image-preview:large, max-video-preview:-1\" \/>\n<link rel=\"canonical\" href=\"https:\/\/lospoliticosveracruz.com\/?p=161549\" \/>\n<meta property=\"og:locale\" content=\"es_ES\" \/>\n<meta property=\"og:type\" content=\"article\" \/>\n<meta property=\"og:title\" content=\"LA LLAVE SE LLAMA SEGURIDAD - Los pol\u00edticos Veracruz\" \/>\n<meta property=\"og:description\" content=\"Bernardo Guti\u00e9rrez ParraDesde el Caf\u00e9 Fue en febrero del 2019 cuando la entonces secretaria de turismo de la entidad, X\u00f3chitl Arbes\u00fa, anunci\u00f3 que para el siguiente a\u00f1o llegar\u00edan cruceros a Veracruz, con lo que \u201ccontaremos con una mayor movilidad tur\u00edstica y econ\u00f3mica\u201d. Reci\u00e9n llegada de Espa\u00f1a a donde asisti\u00f3 a la Feria Internacional de Turismo [&hellip;]\" \/>\n<meta property=\"og:url\" content=\"https:\/\/lospoliticosveracruz.com\/?p=161549\" \/>\n<meta property=\"og:site_name\" content=\"Los pol\u00edticos Veracruz\" \/>\n<meta property=\"article:publisher\" content=\"https:\/\/www.facebook.com\/people\/Notimemes-de-los-Polticos\/61565672886568\/\" \/>\n<meta property=\"article:published_time\" content=\"2026-01-26T11:43:11+00:00\" \/>\n<meta property=\"article:modified_time\" content=\"2026-01-26T11:43:13+00:00\" \/>\n<meta property=\"og:image\" content=\"https:\/\/lospoliticosveracruz.com\/wp-content\/uploads\/2025\/04\/Bernardo-Gutierrez-Parra.jpg\" \/>\n\t<meta property=\"og:image:width\" content=\"1250\" \/>\n\t<meta property=\"og:image:height\" content=\"667\" \/>\n\t<meta property=\"og:image:type\" content=\"image\/jpeg\" \/>\n<meta name=\"author\" content=\"Lo viste en Los Pol\u00edticos\" \/>\n<meta name=\"twitter:card\" content=\"summary_large_image\" \/>\n<meta name=\"twitter:creator\" content=\"@LosPoliticosVer\" \/>\n<meta name=\"twitter:site\" content=\"@LosPoliticosVer\" \/>\n<meta name=\"twitter:label1\" content=\"Escrito por\" \/>\n\t<meta name=\"twitter:data1\" content=\"Lo viste en Los Pol\u00edticos\" \/>\n\t<meta name=\"twitter:label2\" content=\"Tiempo de lectura\" \/>\n\t<meta name=\"twitter:data2\" content=\"4 minutos\" \/>\n<script type=\"application\/ld+json\" class=\"yoast-schema-graph\">{\"@context\":\"https:\\\/\\\/schema.org\",\"@graph\":[{\"@type\":\"Article\",\"@id\":\"https:\\\/\\\/lospoliticosveracruz.com\\\/?p=161549#article\",\"isPartOf\":{\"@id\":\"https:\\\/\\\/lospoliticosveracruz.com\\\/?p=161549\"},\"author\":{\"name\":\"Lo viste en Los Pol\u00edticos\",\"@id\":\"https:\\\/\\\/lospoliticosveracruz.com\\\/#\\\/schema\\\/person\\\/b8702bb0e538456e6efd07080bf2a4a2\"},\"headline\":\"LA LLAVE SE LLAMA SEGURIDAD\",\"datePublished\":\"2026-01-26T11:43:11+00:00\",\"dateModified\":\"2026-01-26T11:43:13+00:00\",\"mainEntityOfPage\":{\"@id\":\"https:\\\/\\\/lospoliticosveracruz.com\\\/?p=161549\"},\"wordCount\":764,\"publisher\":{\"@id\":\"https:\\\/\\\/lospoliticosveracruz.com\\\/#organization\"},\"image\":{\"@id\":\"https:\\\/\\\/lospoliticosveracruz.com\\\/?p=161549#primaryimage\"},\"thumbnailUrl\":\"https:\\\/\\\/lospoliticosveracruz.com\\\/wp-content\\\/uploads\\\/2025\\\/04\\\/Bernardo-Gutierrez-Parra.jpg\",\"keywords\":[\"FITUR\",\"Igor Roj\u00ed L\u00f3pez\",\"Morena\",\"Nallely Mendoza Camarillo\",\"Omar Garc\u00eda Harfuch\",\"Roc\u00edo Nahle\",\"Seguridad\",\"Turismo\",\"Veracruz\"],\"articleSection\":[\"De Opini\u00f3n\"],\"inLanguage\":\"es\"},{\"@type\":\"WebPage\",\"@id\":\"https:\\\/\\\/lospoliticosveracruz.com\\\/?p=161549\",\"url\":\"https:\\\/\\\/lospoliticosveracruz.com\\\/?p=161549\",\"name\":\"LA LLAVE SE LLAMA SEGURIDAD - Los pol\u00edticos Veracruz\",\"isPartOf\":{\"@id\":\"https:\\\/\\\/lospoliticosveracruz.com\\\/#website\"},\"primaryImageOfPage\":{\"@id\":\"https:\\\/\\\/lospoliticosveracruz.com\\\/?p=161549#primaryimage\"},\"image\":{\"@id\":\"https:\\\/\\\/lospoliticosveracruz.com\\\/?p=161549#primaryimage\"},\"thumbnailUrl\":\"https:\\\/\\\/lospoliticosveracruz.com\\\/wp-content\\\/uploads\\\/2025\\\/04\\\/Bernardo-Gutierrez-Parra.jpg\",\"datePublished\":\"2026-01-26T11:43:11+00:00\",\"dateModified\":\"2026-01-26T11:43:13+00:00\",\"breadcrumb\":{\"@id\":\"https:\\\/\\\/lospoliticosveracruz.com\\\/?p=161549#breadcrumb\"},\"inLanguage\":\"es\",\"potentialAction\":[{\"@type\":\"ReadAction\",\"target\":[\"https:\\\/\\\/lospoliticosveracruz.com\\\/?p=161549\"]}]},{\"@type\":\"ImageObject\",\"inLanguage\":\"es\",\"@id\":\"https:\\\/\\\/lospoliticosveracruz.com\\\/?p=161549#primaryimage\",\"url\":\"https:\\\/\\\/lospoliticosveracruz.com\\\/wp-content\\\/uploads\\\/2025\\\/04\\\/Bernardo-Gutierrez-Parra.jpg\",\"contentUrl\":\"https:\\\/\\\/lospoliticosveracruz.com\\\/wp-content\\\/uploads\\\/2025\\\/04\\\/Bernardo-Gutierrez-Parra.jpg\",\"width\":1250,\"height\":667},{\"@type\":\"BreadcrumbList\",\"@id\":\"https:\\\/\\\/lospoliticosveracruz.com\\\/?p=161549#breadcrumb\",\"itemListElement\":[{\"@type\":\"ListItem\",\"position\":1,\"name\":\"Portada\",\"item\":\"https:\\\/\\\/lospoliticosveracruz.com\\\/\"},{\"@type\":\"ListItem\",\"position\":2,\"name\":\"LA LLAVE SE LLAMA SEGURIDAD\"}]},{\"@type\":\"WebSite\",\"@id\":\"https:\\\/\\\/lospoliticosveracruz.com\\\/#website\",\"url\":\"https:\\\/\\\/lospoliticosveracruz.com\\\/\",\"name\":\"Los pol\u00edticos Veracruz\",\"description\":\"\",\"publisher\":{\"@id\":\"https:\\\/\\\/lospoliticosveracruz.com\\\/#organization\"},\"potentialAction\":[{\"@type\":\"SearchAction\",\"target\":{\"@type\":\"EntryPoint\",\"urlTemplate\":\"https:\\\/\\\/lospoliticosveracruz.com\\\/?s={search_term_string}\"},\"query-input\":{\"@type\":\"PropertyValueSpecification\",\"valueRequired\":true,\"valueName\":\"search_term_string\"}}],\"inLanguage\":\"es\"},{\"@type\":\"Organization\",\"@id\":\"https:\\\/\\\/lospoliticosveracruz.com\\\/#organization\",\"name\":\"Los pol\u00edticos Veracruz\",\"url\":\"https:\\\/\\\/lospoliticosveracruz.com\\\/\",\"logo\":{\"@type\":\"ImageObject\",\"inLanguage\":\"es\",\"@id\":\"https:\\\/\\\/lospoliticosveracruz.com\\\/#\\\/schema\\\/logo\\\/image\\\/\",\"url\":\"https:\\\/\\\/lospoliticosveracruz.com\\\/wp-content\\\/uploads\\\/2025\\\/12\\\/Logo-Nuevo-LOS-POLITICOS-1.jpg\",\"contentUrl\":\"https:\\\/\\\/lospoliticosveracruz.com\\\/wp-content\\\/uploads\\\/2025\\\/12\\\/Logo-Nuevo-LOS-POLITICOS-1.jpg\",\"width\":260,\"height\":70,\"caption\":\"Los pol\u00edticos Veracruz\"},\"image\":{\"@id\":\"https:\\\/\\\/lospoliticosveracruz.com\\\/#\\\/schema\\\/logo\\\/image\\\/\"},\"sameAs\":[\"https:\\\/\\\/www.facebook.com\\\/people\\\/Notimemes-de-los-Polticos\\\/61565672886568\\\/\",\"https:\\\/\\\/x.com\\\/LosPoliticosVer\"]},{\"@type\":\"Person\",\"@id\":\"https:\\\/\\\/lospoliticosveracruz.com\\\/#\\\/schema\\\/person\\\/b8702bb0e538456e6efd07080bf2a4a2\",\"name\":\"Lo viste en Los Pol\u00edticos\",\"image\":{\"@type\":\"ImageObject\",\"inLanguage\":\"es\",\"@id\":\"https:\\\/\\\/secure.gravatar.com\\\/avatar\\\/3a8de04a2656d44082be478bd6c086daa447c4651605818287b9532d3d0bd435?s=96&d=mm&r=g\",\"url\":\"https:\\\/\\\/secure.gravatar.com\\\/avatar\\\/3a8de04a2656d44082be478bd6c086daa447c4651605818287b9532d3d0bd435?s=96&d=mm&r=g\",\"contentUrl\":\"https:\\\/\\\/secure.gravatar.com\\\/avatar\\\/3a8de04a2656d44082be478bd6c086daa447c4651605818287b9532d3d0bd435?s=96&d=mm&r=g\",\"caption\":\"Lo viste en Los Pol\u00edticos\"},\"url\":\"https:\\\/\\\/lospoliticosveracruz.com\\\/?author=2\"}]}<\/script>\n<!-- \/ Yoast SEO plugin. -->","yoast_head_json":{"title":"LA LLAVE SE LLAMA SEGURIDAD - Los pol\u00edticos Veracruz","robots":{"index":"index","follow":"follow","max-snippet":"max-snippet:-1","max-image-preview":"max-image-preview:large","max-video-preview":"max-video-preview:-1"},"canonical":"https:\/\/lospoliticosveracruz.com\/?p=161549","og_locale":"es_ES","og_type":"article","og_title":"LA LLAVE SE LLAMA SEGURIDAD - Los pol\u00edticos Veracruz","og_description":"Bernardo Guti\u00e9rrez ParraDesde el Caf\u00e9 Fue en febrero del 2019 cuando la entonces secretaria de turismo de la entidad, X\u00f3chitl Arbes\u00fa, anunci\u00f3 que para el siguiente a\u00f1o llegar\u00edan cruceros a Veracruz, con lo que \u201ccontaremos con una mayor movilidad tur\u00edstica y econ\u00f3mica\u201d. Reci\u00e9n llegada de Espa\u00f1a a donde asisti\u00f3 a la Feria Internacional de Turismo [&hellip;]","og_url":"https:\/\/lospoliticosveracruz.com\/?p=161549","og_site_name":"Los pol\u00edticos Veracruz","article_publisher":"https:\/\/www.facebook.com\/people\/Notimemes-de-los-Polticos\/61565672886568\/","article_published_time":"2026-01-26T11:43:11+00:00","article_modified_time":"2026-01-26T11:43:13+00:00","og_image":[{"width":1250,"height":667,"url":"https:\/\/lospoliticosveracruz.com\/wp-content\/uploads\/2025\/04\/Bernardo-Gutierrez-Parra.jpg","type":"image\/jpeg"}],"author":"Lo viste en Los Pol\u00edticos","twitter_card":"summary_large_image","twitter_creator":"@LosPoliticosVer","twitter_site":"@LosPoliticosVer","twitter_misc":{"Escrito por":"Lo viste en Los Pol\u00edticos","Tiempo de lectura":"4 minutos"},"schema":{"@context":"https:\/\/schema.org","@graph":[{"@type":"Article","@id":"https:\/\/lospoliticosveracruz.com\/?p=161549#article","isPartOf":{"@id":"https:\/\/lospoliticosveracruz.com\/?p=161549"},"author":{"name":"Lo viste en Los Pol\u00edticos","@id":"https:\/\/lospoliticosveracruz.com\/#\/schema\/person\/b8702bb0e538456e6efd07080bf2a4a2"},"headline":"LA LLAVE SE LLAMA SEGURIDAD","datePublished":"2026-01-26T11:43:11+00:00","dateModified":"2026-01-26T11:43:13+00:00","mainEntityOfPage":{"@id":"https:\/\/lospoliticosveracruz.com\/?p=161549"},"wordCount":764,"publisher":{"@id":"https:\/\/lospoliticosveracruz.com\/#organization"},"image":{"@id":"https:\/\/lospoliticosveracruz.com\/?p=161549#primaryimage"},"thumbnailUrl":"https:\/\/lospoliticosveracruz.com\/wp-content\/uploads\/2025\/04\/Bernardo-Gutierrez-Parra.jpg","keywords":["FITUR","Igor Roj\u00ed L\u00f3pez","Morena","Nallely Mendoza Camarillo","Omar Garc\u00eda Harfuch","Roc\u00edo Nahle","Seguridad","Turismo","Veracruz"],"articleSection":["De Opini\u00f3n"],"inLanguage":"es"},{"@type":"WebPage","@id":"https:\/\/lospoliticosveracruz.com\/?p=161549","url":"https:\/\/lospoliticosveracruz.com\/?p=161549","name":"LA LLAVE SE LLAMA SEGURIDAD - Los pol\u00edticos Veracruz","isPartOf":{"@id":"https:\/\/lospoliticosveracruz.com\/#website"},"primaryImageOfPage":{"@id":"https:\/\/lospoliticosveracruz.com\/?p=161549#primaryimage"},"image":{"@id":"https:\/\/lospoliticosveracruz.com\/?p=161549#primaryimage"},"thumbnailUrl":"https:\/\/lospoliticosveracruz.com\/wp-content\/uploads\/2025\/04\/Bernardo-Gutierrez-Parra.jpg","datePublished":"2026-01-26T11:43:11+00:00","dateModified":"2026-01-26T11:43:13+00:00","breadcrumb":{"@id":"https:\/\/lospoliticosveracruz.com\/?p=161549#breadcrumb"},"inLanguage":"es","potentialAction":[{"@type":"ReadAction","target":["https:\/\/lospoliticosveracruz.com\/?p=161549"]}]},{"@type":"ImageObject","inLanguage":"es","@id":"https:\/\/lospoliticosveracruz.com\/?p=161549#primaryimage","url":"https:\/\/lospoliticosveracruz.com\/wp-content\/uploads\/2025\/04\/Bernardo-Gutierrez-Parra.jpg","contentUrl":"https:\/\/lospoliticosveracruz.com\/wp-content\/uploads\/2025\/04\/Bernardo-Gutierrez-Parra.jpg","width":1250,"height":667},{"@type":"BreadcrumbList","@id":"https:\/\/lospoliticosveracruz.com\/?p=161549#breadcrumb","itemListElement":[{"@type":"ListItem","position":1,"name":"Portada","item":"https:\/\/lospoliticosveracruz.com\/"},{"@type":"ListItem","position":2,"name":"LA LLAVE SE LLAMA SEGURIDAD"}]},{"@type":"WebSite","@id":"https:\/\/lospoliticosveracruz.com\/#website","url":"https:\/\/lospoliticosveracruz.com\/","name":"Los pol\u00edticos Veracruz","description":"","publisher":{"@id":"https:\/\/lospoliticosveracruz.com\/#organization"},"potentialAction":[{"@type":"SearchAction","target":{"@type":"EntryPoint","urlTemplate":"https:\/\/lospoliticosveracruz.com\/?s={search_term_string}"},"query-input":{"@type":"PropertyValueSpecification","valueRequired":true,"valueName":"search_term_string"}}],"inLanguage":"es"},{"@type":"Organization","@id":"https:\/\/lospoliticosveracruz.com\/#organization","name":"Los pol\u00edticos Veracruz","url":"https:\/\/lospoliticosveracruz.com\/","logo":{"@type":"ImageObject","inLanguage":"es","@id":"https:\/\/lospoliticosveracruz.com\/#\/schema\/logo\/image\/","url":"https:\/\/lospoliticosveracruz.com\/wp-content\/uploads\/2025\/12\/Logo-Nuevo-LOS-POLITICOS-1.jpg","contentUrl":"https:\/\/lospoliticosveracruz.com\/wp-content\/uploads\/2025\/12\/Logo-Nuevo-LOS-POLITICOS-1.jpg","width":260,"height":70,"caption":"Los pol\u00edticos Veracruz"},"image":{"@id":"https:\/\/lospoliticosveracruz.com\/#\/schema\/logo\/image\/"},"sameAs":["https:\/\/www.facebook.com\/people\/Notimemes-de-los-Polticos\/61565672886568\/","https:\/\/x.com\/LosPoliticosVer"]},{"@type":"Person","@id":"https:\/\/lospoliticosveracruz.com\/#\/schema\/person\/b8702bb0e538456e6efd07080bf2a4a2","name":"Lo viste en Los Pol\u00edticos","image":{"@type":"ImageObject","inLanguage":"es","@id":"https:\/\/secure.gravatar.com\/avatar\/3a8de04a2656d44082be478bd6c086daa447c4651605818287b9532d3d0bd435?s=96&d=mm&r=g","url":"https:\/\/secure.gravatar.com\/avatar\/3a8de04a2656d44082be478bd6c086daa447c4651605818287b9532d3d0bd435?s=96&d=mm&r=g","contentUrl":"https:\/\/secure.gravatar.com\/avatar\/3a8de04a2656d44082be478bd6c086daa447c4651605818287b9532d3d0bd435?s=96&d=mm&r=g","caption":"Lo viste en Los Pol\u00edticos"},"url":"https:\/\/lospoliticosveracruz.com\/?author=2"}]}},"_links":{"self":[{"href":"https:\/\/lospoliticosveracruz.com\/index.php?rest_route=\/wp\/v2\/posts\/161549","targetHints":{"allow":["GET"]}}],"collection":[{"href":"https:\/\/lospoliticosveracruz.com\/index.php?rest_route=\/wp\/v2\/posts"}],"about":[{"href":"https:\/\/lospoliticosveracruz.com\/index.php?rest_route=\/wp\/v2\/types\/post"}],"author":[{"embeddable":true,"href":"https:\/\/lospoliticosveracruz.com\/index.php?rest_route=\/wp\/v2\/users\/2"}],"replies":[{"embeddable":true,"href":"https:\/\/lospoliticosveracruz.com\/index.php?rest_route=%2Fwp%2Fv2%2Fcomments&post=161549"}],"version-history":[{"count":1,"href":"https:\/\/lospoliticosveracruz.com\/index.php?rest_route=\/wp\/v2\/posts\/161549\/revisions"}],"predecessor-version":[{"id":161550,"href":"https:\/\/lospoliticosveracruz.com\/index.php?rest_route=\/wp\/v2\/posts\/161549\/revisions\/161550"}],"wp:featuredmedia":[{"embeddable":true,"href":"https:\/\/lospoliticosveracruz.com\/index.php?rest_route=\/wp\/v2\/media\/141479"}],"wp:attachment":[{"href":"https:\/\/lospoliticosveracruz.com\/index.php?rest_route=%2Fwp%2Fv2%2Fmedia&parent=161549"}],"wp:term":[{"taxonomy":"category","embeddable":true,"href":"https:\/\/lospoliticosveracruz.com\/index.php?rest_route=%2Fwp%2Fv2%2Fcategories&post=161549"},{"taxonomy":"post_tag","embeddable":true,"href":"https:\/\/lospoliticosveracruz.com\/index.php?rest_route=%2Fwp%2Fv2%2Ftags&post=161549"}],"curies":[{"name":"wp","href":"https:\/\/api.w.org\/{rel}","templated":true}]}}