{"id":161551,"date":"2026-01-26T05:49:44","date_gmt":"2026-01-26T11:49:44","guid":{"rendered":"https:\/\/lospoliticosveracruz.com\/?p=161551"},"modified":"2026-01-26T05:49:45","modified_gmt":"2026-01-26T11:49:45","slug":"cafeterias-escolares-otro-escandalo","status":"publish","type":"post","link":"https:\/\/lospoliticosveracruz.com\/?p=161551","title":{"rendered":"CAFETER\u00cdAS ESCOLARES, OTRO ESC\u00c1NDALO"},"content":{"rendered":"\n<p><strong>Fanny Y\u00e9pez<\/strong><br><em>La Columna<\/em><\/p>\n\n\n\n<p>En esta fase, cuando est\u00e1 en toda su magnitud el esc\u00e1ndalo que origino el desvi\u00f3 de 557 millones de pesos de la Universidad Popular Aut\u00f3noma de Veracruz, se filtr\u00f3 otro espinoso caso que debe investigarse y, de comprobarse, se debe actuar de inmediato.<\/p>\n\n\n\n<p>Se trata de las 2 mil 800 tiendas escolares que operan en igual n\u00famero de planteles educativos de distintos niveles, que van desde prescolar, secundaria, media superior y superior.<\/p>\n\n\n\n<p>Resulta que se tiene detectados montos superiores a los 7 millones de pesos derivados de la operaci\u00f3n de tiendas escolares en periodos recientes, como el reportado entre agosto y diciembre de 2024. Estos recursos provienen de la venta de productos en m\u00e1s de 2,800 tienditas escolares y suelen destinarse al mantenimiento de planteles.<\/p>\n\n\n\n<p>Se han reportado fondos de al menos 7 millones de pesos, que registran problemas de devoluci\u00f3n, porque los directores y supervisores denunciaron la falta de devoluci\u00f3n de estos recursos por parte de la SEV, afectando el mantenimiento de escuelas.<\/p>\n\n\n\n<p>Objetivo de los fondos, los ingresos deben reinvertirse en las escuelas a trav\u00e9s de los Comit\u00e9s de Padres de Familia, tras la venta de alimentos y bebidas saludables.<\/p>\n\n\n\n<p>La supervisi\u00f3n de la operaci\u00f3n, funcionamiento y recursos de las tiendas escolares en la Secretar\u00eda de Educaci\u00f3n de Veracruz (SEV), corresponde principalmente al Comit\u00e9 del Establecimiento de Consumo Escolar, en coordinaci\u00f3n con la Oficial\u00eda Mayor (para recursos financieros) y la Comisi\u00f3n de Evaluaci\u00f3n de Tiendas escolares.<br>El Congreso de Veracruz aprob\u00f3 que, el 80% de los ingresos por concesiones de tiendas escolares se destine directamente a infraestructura y mantenimiento de los planteles, mientras que el 20% restante se asigna a las supervisiones escolares.<\/p>\n\n\n\n<p>Administraci\u00f3n: Con esta reforma (art\u00edculo 230 Bis del C\u00f3digo Financiero estatal), se busca que el dinero ya no sea captado o centralizado por la SEV, sino que permanezca en las escuelas para su uso inmediato.<\/p>\n\n\n\n<p>En ejercicios previos (como en 2019), la SEV lleg\u00f3 a reportar la dispersi\u00f3n de aproximadamente 7 millones de pesos obtenidos por estas ventas. En 2025, se reportaron quejas por la falta de entrega de montos que ascend\u00edan a \u00abdecenas de millones de pesos\u00bb que no hab\u00edan sido devueltos a las escuelas tras la centralizaci\u00f3n anterior.<\/p>\n\n\n\n<p>La Secretar\u00eda de Educaci\u00f3n de Veracruz (SEV) sostiene una red educativa extensa, con m\u00e1s de 24,000 planteles escolares en todo el estado, atendiendo a diversos niveles desde b\u00e1sica hasta superior. Esta cifra abarca escuelas p\u00fablicas y particulares, incluyendo subsistemas importantes como COBAEV (71 planteles), CECyTEV (31 planteles) y diversos Institutos Tecnol\u00f3gicos.<\/p>\n\n\n\n<p>Primero es necesario que la autoridad indicada de la Secretaria de Educaci\u00f3n de Veracruz, revise cuantas tiendas escolares operan verdaderamente en los 25 mil 339 planteles educativos que hay en la entidad, a cu\u00e1nto ascienden sus ingresos diarios, a quienes entregan estos recursos, y a quienes se les entregan las concesiones de estos puntos de venta, por qu\u00e9 y c\u00f3mo se les otorgan a las refresqueras la exclusividad en la distribuci\u00f3n de sus productos.<\/p>\n\n\n\n<p>Cabe remarcar que es la a Direcci\u00f3n de Recursos Financieros de la SEV la que mantiene los lineamientos para la comprobaci\u00f3n de estos recursos, esta \u00e1rea tiene mucho que explicar y sobre todo comprobar el manejo honesto de estos recursos que en su totalidad ingresan en efectivo, dinero que seg\u00fan lo establece la normatividad interna de la dependencia, debe aplicarse para obras de beneficio del plantel y sobre todo de los estudiantes.<\/p>\n\n\n\n<p>Remarcamos que docentes y directores en Veracruz, denuncian la retenci\u00f3n y desaparici\u00f3n de recursos millonarios generados por las tiendas escolares de secundarias t\u00e9cnicas, depositados en la Secretar\u00eda de Educaci\u00f3n de Veracruz (SEV) desde agosto de 2024, afectando el mantenimiento de los planteles.<\/p>\n\n\n\n<p>Las quejas se\u00f1alan presuntas redes de corrupci\u00f3n que involucran a exfuncionarios y personal de la SEV en la gesti\u00f3n de cooperativas.<\/p>\n\n\n\n<p>Desaparici\u00f3n de recursos: Desde el ciclo escolar 2024-2025, no se ha realizado la dispersi\u00f3n de fondos, afectando el pago de servicios y reparaciones en miles de escuelas.<\/p>\n\n\n\n<p>\u00abTranza\u00bb millonaria, se estima que son millones de pesos, fruto del consumo estudiantil, que deb\u00edan retornar a las escuelas para infraestructura.<\/p>\n\n\n\n<p>Irregularidades estructurales: Denuncias apuntan a que el manejo de las tiendas escolares se convirti\u00f3 en un negocio, para \u00abunos cuantos\u00bb dentro de la SEV, modificando licitaciones previas.<\/p>\n\n\n\n<p>Falta de respuesta: Personal docente y supervisores han acudido a la SEV sin recibir respuestas claras sobre el paradero del dinero.<\/p>\n\n\n\n<p>Demandas: Existe una exigencia de auditor\u00edas integrales por parte de las autoridades competentes, como el \u00d3rgano de Fiscalizaci\u00f3n Superior del Estado de Veracruz (ORFIS), ante las sospechas de desv\u00edos y extorsi\u00f3n.<\/p>\n\n\n\n<p>La situaci\u00f3n ha generado una grave crisis de falta de insumos y recursos, para reparaciones b\u00e1sicas en las escuelas p\u00fablicas del estado, intensificada por la no devoluci\u00f3n de las cuotas de las tiendas escolares.<\/p>\n\n\n\n<p>La investigaci\u00f3n que realicen deber\u00e1 ser muy cautelosa, porque como es dinero en efectivo entre monedas y billetes, el seguimiento de esa l\u00ednea se vuelve m\u00e1s complejo, pero ahora que la gobernadora est\u00e1 poniendo todo en su lugar y rompiendo esa inercia de los funcionarios corruptos, bien vale la pena revisar este rengl\u00f3n que ciertamente no es nuevo el mal manejo, pero no por eso se debe dejar crecer.<\/p>\n\n\n\n<p>Es posible que ese negocito termine para unos cuantos que, de manera silenciosa, manejaban esas fabulosas cantidades acompa\u00f1ados por algunos funcionarios fraudulentos, que podr\u00edamos pensar que desconocen la importancia de la educaci\u00f3n en Veracruz y en M\u00e9xico.<\/p>\n","protected":false},"excerpt":{"rendered":"<p>Fanny Y\u00e9pezLa Columna En esta fase, cuando est\u00e1 en toda su magnitud el esc\u00e1ndalo que origino el desvi\u00f3 de 557 millones de pesos de la Universidad Popular Aut\u00f3noma de Veracruz, se filtr\u00f3 otro espinoso caso que debe investigarse y, de comprobarse, se debe actuar de inmediato. Se trata de las 2 mil 800 tiendas escolares [&hellip;]<\/p>\n","protected":false},"author":2,"featured_media":141383,"comment_status":"closed","ping_status":"closed","sticky":false,"template":"","format":"standard","meta":{"tdm_status":"","tdm_grid_status":"","footnotes":""},"categories":[70],"tags":[51775,88,39302,195],"class_list":{"0":"post-161551","1":"post","2":"type-post","3":"status-publish","4":"format-standard","5":"has-post-thumbnail","7":"category-de-opinion","8":"tag-cafeterias-escolares","9":"tag-sev","10":"tag-tiendas-escolares","11":"tag-veracruz"},"yoast_head":"<!-- This site is optimized with the Yoast SEO plugin v27.4 - https:\/\/yoast.com\/product\/yoast-seo-wordpress\/ -->\n<title>CAFETER\u00cdAS ESCOLARES, OTRO ESC\u00c1NDALO - Los pol\u00edticos Veracruz<\/title>\n<meta name=\"robots\" content=\"index, follow, max-snippet:-1, max-image-preview:large, max-video-preview:-1\" \/>\n<link rel=\"canonical\" href=\"https:\/\/lospoliticosveracruz.com\/?p=161551\" \/>\n<meta property=\"og:locale\" content=\"es_ES\" \/>\n<meta property=\"og:type\" content=\"article\" \/>\n<meta property=\"og:title\" content=\"CAFETER\u00cdAS ESCOLARES, OTRO ESC\u00c1NDALO - Los pol\u00edticos Veracruz\" \/>\n<meta property=\"og:description\" content=\"Fanny Y\u00e9pezLa Columna En esta fase, cuando est\u00e1 en toda su magnitud el esc\u00e1ndalo que origino el desvi\u00f3 de 557 millones de pesos de la Universidad Popular Aut\u00f3noma de Veracruz, se filtr\u00f3 otro espinoso caso que debe investigarse y, de comprobarse, se debe actuar de inmediato. Se trata de las 2 mil 800 tiendas escolares [&hellip;]\" \/>\n<meta property=\"og:url\" content=\"https:\/\/lospoliticosveracruz.com\/?p=161551\" \/>\n<meta property=\"og:site_name\" content=\"Los pol\u00edticos Veracruz\" \/>\n<meta property=\"article:publisher\" content=\"https:\/\/www.facebook.com\/people\/Notimemes-de-los-Polticos\/61565672886568\/\" \/>\n<meta property=\"article:published_time\" content=\"2026-01-26T11:49:44+00:00\" \/>\n<meta property=\"article:modified_time\" content=\"2026-01-26T11:49:45+00:00\" \/>\n<meta property=\"og:image\" content=\"https:\/\/lospoliticosveracruz.com\/wp-content\/uploads\/2025\/04\/Fanny-Yepez-Luna-e1768657334923.jpg\" \/>\n\t<meta property=\"og:image:width\" content=\"600\" \/>\n\t<meta property=\"og:image:height\" content=\"320\" \/>\n\t<meta property=\"og:image:type\" content=\"image\/jpeg\" \/>\n<meta name=\"author\" content=\"Lo viste en Los Pol\u00edticos\" \/>\n<meta name=\"twitter:card\" content=\"summary_large_image\" \/>\n<meta name=\"twitter:creator\" content=\"@LosPoliticosVer\" \/>\n<meta name=\"twitter:site\" content=\"@LosPoliticosVer\" \/>\n<meta name=\"twitter:label1\" content=\"Escrito por\" \/>\n\t<meta name=\"twitter:data1\" content=\"Lo viste en Los Pol\u00edticos\" \/>\n\t<meta name=\"twitter:label2\" content=\"Tiempo de lectura\" \/>\n\t<meta name=\"twitter:data2\" content=\"5 minutos\" \/>\n<script type=\"application\/ld+json\" class=\"yoast-schema-graph\">{\"@context\":\"https:\\\/\\\/schema.org\",\"@graph\":[{\"@type\":\"Article\",\"@id\":\"https:\\\/\\\/lospoliticosveracruz.com\\\/?p=161551#article\",\"isPartOf\":{\"@id\":\"https:\\\/\\\/lospoliticosveracruz.com\\\/?p=161551\"},\"author\":{\"name\":\"Lo viste en Los Pol\u00edticos\",\"@id\":\"https:\\\/\\\/lospoliticosveracruz.com\\\/#\\\/schema\\\/person\\\/b8702bb0e538456e6efd07080bf2a4a2\"},\"headline\":\"CAFETER\u00cdAS ESCOLARES, OTRO ESC\u00c1NDALO\",\"datePublished\":\"2026-01-26T11:49:44+00:00\",\"dateModified\":\"2026-01-26T11:49:45+00:00\",\"mainEntityOfPage\":{\"@id\":\"https:\\\/\\\/lospoliticosveracruz.com\\\/?p=161551\"},\"wordCount\":948,\"publisher\":{\"@id\":\"https:\\\/\\\/lospoliticosveracruz.com\\\/#organization\"},\"image\":{\"@id\":\"https:\\\/\\\/lospoliticosveracruz.com\\\/?p=161551#primaryimage\"},\"thumbnailUrl\":\"https:\\\/\\\/lospoliticosveracruz.com\\\/wp-content\\\/uploads\\\/2025\\\/04\\\/Fanny-Yepez-Luna-e1768657334923.jpg\",\"keywords\":[\"Cafeter\u00edas Escolares\",\"SEV\",\"tiendas escolares\",\"Veracruz\"],\"articleSection\":[\"De Opini\u00f3n\"],\"inLanguage\":\"es\"},{\"@type\":\"WebPage\",\"@id\":\"https:\\\/\\\/lospoliticosveracruz.com\\\/?p=161551\",\"url\":\"https:\\\/\\\/lospoliticosveracruz.com\\\/?p=161551\",\"name\":\"CAFETER\u00cdAS ESCOLARES, OTRO ESC\u00c1NDALO - Los pol\u00edticos Veracruz\",\"isPartOf\":{\"@id\":\"https:\\\/\\\/lospoliticosveracruz.com\\\/#website\"},\"primaryImageOfPage\":{\"@id\":\"https:\\\/\\\/lospoliticosveracruz.com\\\/?p=161551#primaryimage\"},\"image\":{\"@id\":\"https:\\\/\\\/lospoliticosveracruz.com\\\/?p=161551#primaryimage\"},\"thumbnailUrl\":\"https:\\\/\\\/lospoliticosveracruz.com\\\/wp-content\\\/uploads\\\/2025\\\/04\\\/Fanny-Yepez-Luna-e1768657334923.jpg\",\"datePublished\":\"2026-01-26T11:49:44+00:00\",\"dateModified\":\"2026-01-26T11:49:45+00:00\",\"breadcrumb\":{\"@id\":\"https:\\\/\\\/lospoliticosveracruz.com\\\/?p=161551#breadcrumb\"},\"inLanguage\":\"es\",\"potentialAction\":[{\"@type\":\"ReadAction\",\"target\":[\"https:\\\/\\\/lospoliticosveracruz.com\\\/?p=161551\"]}]},{\"@type\":\"ImageObject\",\"inLanguage\":\"es\",\"@id\":\"https:\\\/\\\/lospoliticosveracruz.com\\\/?p=161551#primaryimage\",\"url\":\"https:\\\/\\\/lospoliticosveracruz.com\\\/wp-content\\\/uploads\\\/2025\\\/04\\\/Fanny-Yepez-Luna-e1768657334923.jpg\",\"contentUrl\":\"https:\\\/\\\/lospoliticosveracruz.com\\\/wp-content\\\/uploads\\\/2025\\\/04\\\/Fanny-Yepez-Luna-e1768657334923.jpg\",\"width\":600,\"height\":320},{\"@type\":\"BreadcrumbList\",\"@id\":\"https:\\\/\\\/lospoliticosveracruz.com\\\/?p=161551#breadcrumb\",\"itemListElement\":[{\"@type\":\"ListItem\",\"position\":1,\"name\":\"Portada\",\"item\":\"https:\\\/\\\/lospoliticosveracruz.com\\\/\"},{\"@type\":\"ListItem\",\"position\":2,\"name\":\"CAFETER\u00cdAS ESCOLARES, OTRO ESC\u00c1NDALO\"}]},{\"@type\":\"WebSite\",\"@id\":\"https:\\\/\\\/lospoliticosveracruz.com\\\/#website\",\"url\":\"https:\\\/\\\/lospoliticosveracruz.com\\\/\",\"name\":\"Los pol\u00edticos Veracruz\",\"description\":\"\",\"publisher\":{\"@id\":\"https:\\\/\\\/lospoliticosveracruz.com\\\/#organization\"},\"potentialAction\":[{\"@type\":\"SearchAction\",\"target\":{\"@type\":\"EntryPoint\",\"urlTemplate\":\"https:\\\/\\\/lospoliticosveracruz.com\\\/?s={search_term_string}\"},\"query-input\":{\"@type\":\"PropertyValueSpecification\",\"valueRequired\":true,\"valueName\":\"search_term_string\"}}],\"inLanguage\":\"es\"},{\"@type\":\"Organization\",\"@id\":\"https:\\\/\\\/lospoliticosveracruz.com\\\/#organization\",\"name\":\"Los pol\u00edticos Veracruz\",\"url\":\"https:\\\/\\\/lospoliticosveracruz.com\\\/\",\"logo\":{\"@type\":\"ImageObject\",\"inLanguage\":\"es\",\"@id\":\"https:\\\/\\\/lospoliticosveracruz.com\\\/#\\\/schema\\\/logo\\\/image\\\/\",\"url\":\"https:\\\/\\\/lospoliticosveracruz.com\\\/wp-content\\\/uploads\\\/2025\\\/12\\\/Logo-Nuevo-LOS-POLITICOS-1.jpg\",\"contentUrl\":\"https:\\\/\\\/lospoliticosveracruz.com\\\/wp-content\\\/uploads\\\/2025\\\/12\\\/Logo-Nuevo-LOS-POLITICOS-1.jpg\",\"width\":260,\"height\":70,\"caption\":\"Los pol\u00edticos Veracruz\"},\"image\":{\"@id\":\"https:\\\/\\\/lospoliticosveracruz.com\\\/#\\\/schema\\\/logo\\\/image\\\/\"},\"sameAs\":[\"https:\\\/\\\/www.facebook.com\\\/people\\\/Notimemes-de-los-Polticos\\\/61565672886568\\\/\",\"https:\\\/\\\/x.com\\\/LosPoliticosVer\"]},{\"@type\":\"Person\",\"@id\":\"https:\\\/\\\/lospoliticosveracruz.com\\\/#\\\/schema\\\/person\\\/b8702bb0e538456e6efd07080bf2a4a2\",\"name\":\"Lo viste en Los Pol\u00edticos\",\"image\":{\"@type\":\"ImageObject\",\"inLanguage\":\"es\",\"@id\":\"https:\\\/\\\/secure.gravatar.com\\\/avatar\\\/3a8de04a2656d44082be478bd6c086daa447c4651605818287b9532d3d0bd435?s=96&d=mm&r=g\",\"url\":\"https:\\\/\\\/secure.gravatar.com\\\/avatar\\\/3a8de04a2656d44082be478bd6c086daa447c4651605818287b9532d3d0bd435?s=96&d=mm&r=g\",\"contentUrl\":\"https:\\\/\\\/secure.gravatar.com\\\/avatar\\\/3a8de04a2656d44082be478bd6c086daa447c4651605818287b9532d3d0bd435?s=96&d=mm&r=g\",\"caption\":\"Lo viste en Los Pol\u00edticos\"},\"url\":\"https:\\\/\\\/lospoliticosveracruz.com\\\/?author=2\"}]}<\/script>\n<!-- \/ Yoast SEO plugin. -->","yoast_head_json":{"title":"CAFETER\u00cdAS ESCOLARES, OTRO ESC\u00c1NDALO - Los pol\u00edticos Veracruz","robots":{"index":"index","follow":"follow","max-snippet":"max-snippet:-1","max-image-preview":"max-image-preview:large","max-video-preview":"max-video-preview:-1"},"canonical":"https:\/\/lospoliticosveracruz.com\/?p=161551","og_locale":"es_ES","og_type":"article","og_title":"CAFETER\u00cdAS ESCOLARES, OTRO ESC\u00c1NDALO - Los pol\u00edticos Veracruz","og_description":"Fanny Y\u00e9pezLa Columna En esta fase, cuando est\u00e1 en toda su magnitud el esc\u00e1ndalo que origino el desvi\u00f3 de 557 millones de pesos de la Universidad Popular Aut\u00f3noma de Veracruz, se filtr\u00f3 otro espinoso caso que debe investigarse y, de comprobarse, se debe actuar de inmediato. Se trata de las 2 mil 800 tiendas escolares [&hellip;]","og_url":"https:\/\/lospoliticosveracruz.com\/?p=161551","og_site_name":"Los pol\u00edticos Veracruz","article_publisher":"https:\/\/www.facebook.com\/people\/Notimemes-de-los-Polticos\/61565672886568\/","article_published_time":"2026-01-26T11:49:44+00:00","article_modified_time":"2026-01-26T11:49:45+00:00","og_image":[{"width":600,"height":320,"url":"https:\/\/lospoliticosveracruz.com\/wp-content\/uploads\/2025\/04\/Fanny-Yepez-Luna-e1768657334923.jpg","type":"image\/jpeg"}],"author":"Lo viste en Los Pol\u00edticos","twitter_card":"summary_large_image","twitter_creator":"@LosPoliticosVer","twitter_site":"@LosPoliticosVer","twitter_misc":{"Escrito por":"Lo viste en Los Pol\u00edticos","Tiempo de lectura":"5 minutos"},"schema":{"@context":"https:\/\/schema.org","@graph":[{"@type":"Article","@id":"https:\/\/lospoliticosveracruz.com\/?p=161551#article","isPartOf":{"@id":"https:\/\/lospoliticosveracruz.com\/?p=161551"},"author":{"name":"Lo viste en Los Pol\u00edticos","@id":"https:\/\/lospoliticosveracruz.com\/#\/schema\/person\/b8702bb0e538456e6efd07080bf2a4a2"},"headline":"CAFETER\u00cdAS ESCOLARES, OTRO ESC\u00c1NDALO","datePublished":"2026-01-26T11:49:44+00:00","dateModified":"2026-01-26T11:49:45+00:00","mainEntityOfPage":{"@id":"https:\/\/lospoliticosveracruz.com\/?p=161551"},"wordCount":948,"publisher":{"@id":"https:\/\/lospoliticosveracruz.com\/#organization"},"image":{"@id":"https:\/\/lospoliticosveracruz.com\/?p=161551#primaryimage"},"thumbnailUrl":"https:\/\/lospoliticosveracruz.com\/wp-content\/uploads\/2025\/04\/Fanny-Yepez-Luna-e1768657334923.jpg","keywords":["Cafeter\u00edas Escolares","SEV","tiendas escolares","Veracruz"],"articleSection":["De Opini\u00f3n"],"inLanguage":"es"},{"@type":"WebPage","@id":"https:\/\/lospoliticosveracruz.com\/?p=161551","url":"https:\/\/lospoliticosveracruz.com\/?p=161551","name":"CAFETER\u00cdAS ESCOLARES, OTRO ESC\u00c1NDALO - Los pol\u00edticos Veracruz","isPartOf":{"@id":"https:\/\/lospoliticosveracruz.com\/#website"},"primaryImageOfPage":{"@id":"https:\/\/lospoliticosveracruz.com\/?p=161551#primaryimage"},"image":{"@id":"https:\/\/lospoliticosveracruz.com\/?p=161551#primaryimage"},"thumbnailUrl":"https:\/\/lospoliticosveracruz.com\/wp-content\/uploads\/2025\/04\/Fanny-Yepez-Luna-e1768657334923.jpg","datePublished":"2026-01-26T11:49:44+00:00","dateModified":"2026-01-26T11:49:45+00:00","breadcrumb":{"@id":"https:\/\/lospoliticosveracruz.com\/?p=161551#breadcrumb"},"inLanguage":"es","potentialAction":[{"@type":"ReadAction","target":["https:\/\/lospoliticosveracruz.com\/?p=161551"]}]},{"@type":"ImageObject","inLanguage":"es","@id":"https:\/\/lospoliticosveracruz.com\/?p=161551#primaryimage","url":"https:\/\/lospoliticosveracruz.com\/wp-content\/uploads\/2025\/04\/Fanny-Yepez-Luna-e1768657334923.jpg","contentUrl":"https:\/\/lospoliticosveracruz.com\/wp-content\/uploads\/2025\/04\/Fanny-Yepez-Luna-e1768657334923.jpg","width":600,"height":320},{"@type":"BreadcrumbList","@id":"https:\/\/lospoliticosveracruz.com\/?p=161551#breadcrumb","itemListElement":[{"@type":"ListItem","position":1,"name":"Portada","item":"https:\/\/lospoliticosveracruz.com\/"},{"@type":"ListItem","position":2,"name":"CAFETER\u00cdAS ESCOLARES, OTRO ESC\u00c1NDALO"}]},{"@type":"WebSite","@id":"https:\/\/lospoliticosveracruz.com\/#website","url":"https:\/\/lospoliticosveracruz.com\/","name":"Los pol\u00edticos Veracruz","description":"","publisher":{"@id":"https:\/\/lospoliticosveracruz.com\/#organization"},"potentialAction":[{"@type":"SearchAction","target":{"@type":"EntryPoint","urlTemplate":"https:\/\/lospoliticosveracruz.com\/?s={search_term_string}"},"query-input":{"@type":"PropertyValueSpecification","valueRequired":true,"valueName":"search_term_string"}}],"inLanguage":"es"},{"@type":"Organization","@id":"https:\/\/lospoliticosveracruz.com\/#organization","name":"Los pol\u00edticos Veracruz","url":"https:\/\/lospoliticosveracruz.com\/","logo":{"@type":"ImageObject","inLanguage":"es","@id":"https:\/\/lospoliticosveracruz.com\/#\/schema\/logo\/image\/","url":"https:\/\/lospoliticosveracruz.com\/wp-content\/uploads\/2025\/12\/Logo-Nuevo-LOS-POLITICOS-1.jpg","contentUrl":"https:\/\/lospoliticosveracruz.com\/wp-content\/uploads\/2025\/12\/Logo-Nuevo-LOS-POLITICOS-1.jpg","width":260,"height":70,"caption":"Los pol\u00edticos Veracruz"},"image":{"@id":"https:\/\/lospoliticosveracruz.com\/#\/schema\/logo\/image\/"},"sameAs":["https:\/\/www.facebook.com\/people\/Notimemes-de-los-Polticos\/61565672886568\/","https:\/\/x.com\/LosPoliticosVer"]},{"@type":"Person","@id":"https:\/\/lospoliticosveracruz.com\/#\/schema\/person\/b8702bb0e538456e6efd07080bf2a4a2","name":"Lo viste en Los Pol\u00edticos","image":{"@type":"ImageObject","inLanguage":"es","@id":"https:\/\/secure.gravatar.com\/avatar\/3a8de04a2656d44082be478bd6c086daa447c4651605818287b9532d3d0bd435?s=96&d=mm&r=g","url":"https:\/\/secure.gravatar.com\/avatar\/3a8de04a2656d44082be478bd6c086daa447c4651605818287b9532d3d0bd435?s=96&d=mm&r=g","contentUrl":"https:\/\/secure.gravatar.com\/avatar\/3a8de04a2656d44082be478bd6c086daa447c4651605818287b9532d3d0bd435?s=96&d=mm&r=g","caption":"Lo viste en Los Pol\u00edticos"},"url":"https:\/\/lospoliticosveracruz.com\/?author=2"}]}},"_links":{"self":[{"href":"https:\/\/lospoliticosveracruz.com\/index.php?rest_route=\/wp\/v2\/posts\/161551","targetHints":{"allow":["GET"]}}],"collection":[{"href":"https:\/\/lospoliticosveracruz.com\/index.php?rest_route=\/wp\/v2\/posts"}],"about":[{"href":"https:\/\/lospoliticosveracruz.com\/index.php?rest_route=\/wp\/v2\/types\/post"}],"author":[{"embeddable":true,"href":"https:\/\/lospoliticosveracruz.com\/index.php?rest_route=\/wp\/v2\/users\/2"}],"replies":[{"embeddable":true,"href":"https:\/\/lospoliticosveracruz.com\/index.php?rest_route=%2Fwp%2Fv2%2Fcomments&post=161551"}],"version-history":[{"count":1,"href":"https:\/\/lospoliticosveracruz.com\/index.php?rest_route=\/wp\/v2\/posts\/161551\/revisions"}],"predecessor-version":[{"id":161552,"href":"https:\/\/lospoliticosveracruz.com\/index.php?rest_route=\/wp\/v2\/posts\/161551\/revisions\/161552"}],"wp:featuredmedia":[{"embeddable":true,"href":"https:\/\/lospoliticosveracruz.com\/index.php?rest_route=\/wp\/v2\/media\/141383"}],"wp:attachment":[{"href":"https:\/\/lospoliticosveracruz.com\/index.php?rest_route=%2Fwp%2Fv2%2Fmedia&parent=161551"}],"wp:term":[{"taxonomy":"category","embeddable":true,"href":"https:\/\/lospoliticosveracruz.com\/index.php?rest_route=%2Fwp%2Fv2%2Fcategories&post=161551"},{"taxonomy":"post_tag","embeddable":true,"href":"https:\/\/lospoliticosveracruz.com\/index.php?rest_route=%2Fwp%2Fv2%2Ftags&post=161551"}],"curies":[{"name":"wp","href":"https:\/\/api.w.org\/{rel}","templated":true}]}}