{"id":161589,"date":"2026-01-26T11:27:06","date_gmt":"2026-01-26T17:27:06","guid":{"rendered":"https:\/\/lospoliticosveracruz.com\/?p=161589"},"modified":"2026-01-29T05:34:40","modified_gmt":"2026-01-29T11:34:40","slug":"caos-simulacion-y-funcionarios-rebasados-en-sefiplan","status":"publish","type":"post","link":"https:\/\/lospoliticosveracruz.com\/?p=161589","title":{"rendered":"CAOS, SIMULACI\u00d3N Y FUNCIONARIOS REBASADOS EN SEFIPLAN"},"content":{"rendered":"\n<p><\/p>\n\n\n\n<p>NdelaR<\/p>\n\n\n\n<p>Los recientes movimieSEFIPLANinterior de la Secretar\u00eda de Finanzas y Planeaci\u00f3n (SEFIPLAN) no obedecieron a una estrategia de mejora institucional, sino a una reacci\u00f3n tard\u00eda frente al caos.<\/p>\n\n\n\n<p>El punto de quiebre ocurri\u00f3 el s\u00e1bado 24 de enero de 2025, cuando una convocatoria masiva de empleo dej\u00f3 al descubierto lo que durante meses se hab\u00eda denunciado desde dentro: improvisaci\u00f3n, desorganizaci\u00f3n y una alarmante falta de planeaci\u00f3n.<\/p>\n\n\n\n<p>La vieja par\u00e1frasis cobra vigencia absoluta: la locura es hacer lo mismo una y otra vez esperando resultados diferentes.<\/p>\n\n\n\n<p>En SEFIPLAN, la locura dej\u00f3 de ser met\u00e1fora para convertirse en m\u00e9todo.<\/p>\n\n\n\n<p>DEL DESORDEN A LA SIMULACI\u00d3N: LA CONVOCATORIA QUE DESTAP\u00d3 EL COLAPSO<\/p>\n\n\n\n<p>De acuerdo con voces internas, Jos\u00e9 Antonio Mungu\u00eda Xelano, Subdirector de Ingresos, intent\u00f3 resolver su incapacidad operativa para ejecutar adecuadamente un canje de placas mediante una salida aparente: lanzar una convocatoria masiva sin personal suficiente, sin log\u00edstica y sin criterios claros.<\/p>\n\n\n\n<p>El resultado fue inmediato y previsible: filas interminables, contribuyentes molestos y una dependencia completamente rebasada.<\/p>\n\n\n\n<p>No se trat\u00f3 de un error aislado, sino de una simulaci\u00f3n administrativa. Dirigir \u00e1reas estatales de atenci\u00f3n directa al ciudadano no admite ocurrencias ni ensayos fallidos.<\/p>\n\n\n\n<p>BAST\u00d3 UNA IMAGEN PARA CONFIRMAR LO QUE YA SE DENUNCIABA<\/p>\n\n\n\n<p>Una sola imagen y un comentario en redes sociales de una joven bastaron para evidenciar lo que durante meses han se\u00f1alado contribuyentes, mandos medios y empleados de la propia SEFIPLAN:<\/p>\n\n\n\n<p>\u201cEstuve presente y qu\u00e9 triste saber que perd\u00ed tiempo. El personal que me atendi\u00f3 fue prepotente y d\u00e9spota\u201d.<\/p>\n\n\n\n<p>Ese testimonio no fue un hecho aislado, sino la expresi\u00f3n p\u00fablica de una inconformidad generalizada.<\/p>\n\n\n\n<p>SE\u00d1ALAMIENTOS INTERNOS IGNORADOS HASTA QUE ESTALLARON<\/p>\n\n\n\n<p>Las quejas no eran nuevas. Personal interno ya hab\u00eda advertido falta de conocimiento t\u00e9cnico, desorganizaci\u00f3n operativa y decisiones improvisadas en \u00e1reas sensibles, con impactos directos en devoluciones, registros y control de obligaciones fiscales.<\/p>\n\n\n\n<p>Mandos medios describen un ambiente laboral tenso, marcado por actitudes prepotentes y persecuci\u00f3n administrativa por faltas menores, mientras los problemas estructurales permanec\u00edan intocados.<\/p>\n\n\n\n<p>Lo ocurrido no fue un accidente: fue la confirmaci\u00f3n p\u00fablica de un modelo fallido.<\/p>\n\n\n\n<p>CUANDO EL DESORDEN LLEG\u00d3 A LOS APAREJOS<\/p>\n\n\n\n<p>Para el lunes 26 de enero, el tema ya hab\u00eda escalado.<\/p>\n\n\n\n<p>Versiones internas indican que la gobernadora Roc\u00edo Nahle tuvo conocimiento del nuevo desorden en SEFIPLAN por la convocatoria de empleo que se suma al caos del canje 2026, obligando a revisar perfiles y decisiones.<\/p>\n\n\n\n<p>Para algunos funcionarios, el escenario cambi\u00f3 abruptamente: ya no se trataba de hostigar empleados o minimizar al contribuyente, sino de responder por un fracaso visible.<\/p>\n\n\n\n<p>CANJE DE PLACAS 2026: EL COSTO REAL DE LA IMPROVISACI\u00d3N<\/p>\n\n\n\n<p>El Secretario de Finanzas, Dr. Miguel Santiago Reyes Hern\u00e1ndez, se vio obligado a intervenir ante el c\u00famulo de irregularidades que rodearon el Canje de Placas 2026.<\/p>\n\n\n\n<p>Los constantes cambios de requisitos en la Oficina Virtual de Hacienda \u2014que un d\u00eda aparec\u00edan y al siguiente se modificaban\u2014 evidenciaron un desprecio absoluto por la jerarqu\u00eda jur\u00eddica.<\/p>\n\n\n\n<p>Se ignoraron el C\u00f3digo Financiero, decretos, gacetas oficiales y manuales de procedimientos. La exigencia de CFDI con XML, instrumentos notariales bajo protesta de decir verdad y constancias adicionales convirti\u00f3 el tr\u00e1mite en un viacrucis mayor que la compra de una vivienda, detonando quejas masivas y afectaciones reales al contribuyente.<\/p>\n\n\n\n<p>CA\u00cdDA DE PERFILES SE\u00d1ALADOS POR HOSTIGAMIENTO<\/p>\n\n\n\n<p>El da\u00f1o institucional fue tal que Berenice Guill\u00e9n Melche, Subdirectora de Registro y Control de Obligaciones, fue removida del cargo.<\/p>\n\n\n\n<p>Se\u00f1alamientos internos atribuyen su gesti\u00f3n a pr\u00e1cticas de hostigamiento, acoso y amedrentamiento, replicando esquemas que nada aportaron a la eficiencia administrativa.<\/p>\n\n\n\n<p>Junto con Ang\u00e9lica Malpica Morfines, Jefa del Departamento de Control de Obligaciones, se habr\u00edan mutilado procedimientos clave, generando cuellos de botella que hoy pesan sobre el control vehicular.<\/p>\n\n\n\n<p>CUANDO APARECE EL CONTRASTE: ORDEN, EXPERIENCIA Y RESULTADOS<\/p>\n\n\n\n<p>En medio del desorden, surgi\u00f3 un contraste claro.<\/p>\n\n\n\n<p>De acuerdo con empleados de la propia SEFIPLAN, uno de los movimientos m\u00e1s acertados del Secretario fue el nombramiento de la C.P. Edith Berenice Serrano Morales como Subdirectora de Registro y Control de Obligaciones.<\/p>\n\n\n\n<p>Su trayectoria previa en el \u00c1rea de Ejecuci\u00f3n Fiscal dej\u00f3 resultados comprobables.<\/p>\n\n\n\n<p>Su liderazgo se basa en conocimiento t\u00e9cnico, respeto al personal y reconstrucci\u00f3n de procesos.<\/p>\n\n\n\n<p>No gobierna con miedo, sino con criterio.<\/p>\n\n\n\n<p>Para muchos trabajadores, representa una posibilidad real de rescatar a la instituci\u00f3n desde la legalidad y el profesionalismo.<\/p>\n\n\n\n<p>ISRAEL OCTAVIO CABALLERO DE LA ROSA: LA RECAUDACI\u00d3N DESANCLADA DE LA REALIDAD<\/p>\n\n\n\n<p>Uno de los focos rojos m\u00e1s delicados dentro de la estructura de SEFIPLAN apunta directamente a la Direcci\u00f3n General de Recaudaci\u00f3n.<\/p>\n\n\n\n<p>Israel Octavio Caballero de la Rosa, de acuerdo con testimonios coincidentes de personal interno y contribuyentes, carece de experiencia pr\u00e1ctica en el \u00e1mbito m\u00e1s elemental del control vehicular, y aun as\u00ed encabeza la operaci\u00f3n de Oficinas de Hacienda y los procesos que impactan diariamente a miles de ciudadanos.<\/p>\n\n\n\n<p>El origen de este se\u00f1alamiento no es menor ni accesorio: Israel Octavio Caballero de la Rosa no tiene veh\u00edculo.<\/p>\n\n\n\n<p>No se trata de un dato anecd\u00f3tico ni de un ataque personal, sino de un elemento profundamente revelador de la desconexi\u00f3n entre quien toma decisiones y la realidad que administra.<\/p>\n\n\n\n<p>Quien nunca ha enfrentado un canje de placas, una reposici\u00f3n de tarjeta de circulaci\u00f3n, un error en licencia, un pago mal aplicado o una fila interminable bajo el sol, dif\u00edcilmente puede dimensionar el impacto de sus decisiones.<\/p>\n\n\n\n<p>El control vehicular no se gobierna desde el escritorio ni con estad\u00edsticas fr\u00edas; se entiende desde la ventanilla y la experiencia real del contribuyente.<\/p>\n\n\n\n<p>La pregunta no es ret\u00f3rica ni ofensiva, sino administrativa y \u00e9tica:<\/p>\n\n\n\n<p>\u00bfc\u00f3mo se dirige un \u00e1rea que nunca se ha vivido desde la experiencia m\u00ednima del ciudadano?<\/p>\n\n\n\n<p>A esta desconexi\u00f3n se suman denuncias de un clima laboral adverso, presiones internas y manifestaciones p\u00fablicas mediante lonas colocadas frente a SEFIPLAN, un recurso extremo que suele aparecer cuando los canales institucionales han sido cerrados.<\/p>\n\n\n\n<p>INTELIGENCIA ARTIFICIAL COMO COARTADA DE LA INCAPACIDAD<\/p>\n\n\n\n<p>Y para colmo de males, como si hiciera falta otra prueba del desorden institucional, sale a relucir el Lic. Trujillo Cruz, Jefe de Impuestos Estatales, junto con su segundo de abordo, Eduardo Zavala.<\/p>\n\n\n\n<p>Funcionarios que, seg\u00fan se\u00f1alamientos internos, ante la falta de preparaci\u00f3n t\u00e9cnica y capacidad resolutiva, han optado por emitir indicaciones, oficios y resoluciones elaboradas con el auxilio mec\u00e1nico de la Inteligencia Artificial.<\/p>\n\n\n\n<p>Conviene ser claros: el problema no es la Inteligencia Artificial.<\/p>\n\n\n\n<p>El problema es la ausencia de inteligencia humana.<\/p>\n\n\n\n<p>Porque inteligencia es la capacidad de analizar, comprender y resolver problemas con criterio propio y conocimiento normativo.<\/p>\n\n\n\n<p>Justamente lo que esta camarilla de improvisados parece no tener.<\/p>\n\n\n\n<p>El resultado es grave: resoluciones sin sustento jur\u00eddico, decisiones que ignoran leyes, c\u00f3digos y manuales, y una administraci\u00f3n fiscal que opera m\u00e1s como experimento que como instituci\u00f3n.<\/p>\n\n\n\n<p>EL DESAF\u00cdO FINAL: CORREGIR O NAUFRAGAR<\/p>\n\n\n\n<p>Hoy el contraste es evidente. De un lado, improvisaci\u00f3n, simulaci\u00f3n y abuso de poder.<\/p>\n\n\n\n<p>Del otro, perfiles con experiencia, \u00e9tica y resultados que ya comenzaron a devolver orden y rumbo.<\/p>\n\n\n\n<p>La decisi\u00f3n es institucional y urgente: o se corrigen de fondo los errores, o el Canje de Placas 2026 terminar\u00e1 por confirmar un naufragio administrativo.<\/p>\n\n\n\n<p>Para muchos dentro de SEFIPLAN, la esperanza ya lleg\u00f3; ahora falta que el sistema est\u00e9 a la altura de su propia responsabilidad.<\/p>\n","protected":false},"excerpt":{"rendered":"<p>NdelaR Los recientes movimieSEFIPLANinterior de la Secretar\u00eda de Finanzas y Planeaci\u00f3n (SEFIPLAN) no obedecieron a una estrategia de mejora institucional, sino a una reacci\u00f3n tard\u00eda frente al caos. El punto de quiebre ocurri\u00f3 el s\u00e1bado 24 de enero de 2025, cuando una convocatoria masiva de empleo dej\u00f3 al descubierto lo que durante meses se hab\u00eda [&hellip;]<\/p>\n","protected":false},"author":2,"featured_media":161591,"comment_status":"closed","ping_status":"closed","sticky":false,"template":"","format":"standard","meta":{"tdm_status":"","tdm_grid_status":"","footnotes":""},"categories":[6446],"tags":[51825,51826,51827,51828,51485,45137],"class_list":{"0":"post-161589","1":"post","2":"type-post","3":"status-publish","4":"format-standard","5":"has-post-thumbnail","7":"category-la-nota","8":"tag-canje-de-placas-2026","9":"tag-caos-administrativo-estatal","10":"tag-control-vehicular-veracruz","11":"tag-gestion-publica-deficiente","12":"tag-improvisacion-gubernamental","13":"tag-sefiplan-veracruz"},"yoast_head":"<!-- This site is optimized with the Yoast SEO plugin v27.4 - https:\/\/yoast.com\/product\/yoast-seo-wordpress\/ -->\n<title>CAOS, SIMULACI\u00d3N Y FUNCIONARIOS REBASADOS EN SEFIPLAN - Los pol\u00edticos Veracruz<\/title>\n<meta name=\"robots\" content=\"index, follow, max-snippet:-1, max-image-preview:large, max-video-preview:-1\" \/>\n<link rel=\"canonical\" href=\"https:\/\/lospoliticosveracruz.com\/?p=161589\" \/>\n<meta property=\"og:locale\" content=\"es_ES\" \/>\n<meta property=\"og:type\" content=\"article\" \/>\n<meta property=\"og:title\" content=\"CAOS, SIMULACI\u00d3N Y FUNCIONARIOS REBASADOS EN SEFIPLAN - Los pol\u00edticos Veracruz\" \/>\n<meta property=\"og:description\" content=\"NdelaR Los recientes movimieSEFIPLANinterior de la Secretar\u00eda de Finanzas y Planeaci\u00f3n (SEFIPLAN) no obedecieron a una estrategia de mejora institucional, sino a una reacci\u00f3n tard\u00eda frente al caos. El punto de quiebre ocurri\u00f3 el s\u00e1bado 24 de enero de 2025, cuando una convocatoria masiva de empleo dej\u00f3 al descubierto lo que durante meses se hab\u00eda [&hellip;]\" \/>\n<meta property=\"og:url\" content=\"https:\/\/lospoliticosveracruz.com\/?p=161589\" \/>\n<meta property=\"og:site_name\" content=\"Los pol\u00edticos Veracruz\" \/>\n<meta property=\"article:publisher\" content=\"https:\/\/www.facebook.com\/people\/Notimemes-de-los-Polticos\/61565672886568\/\" \/>\n<meta property=\"article:published_time\" content=\"2026-01-26T17:27:06+00:00\" \/>\n<meta property=\"article:modified_time\" content=\"2026-01-29T11:34:40+00:00\" \/>\n<meta property=\"og:image\" content=\"https:\/\/lospoliticosveracruz.com\/wp-content\/uploads\/2026\/01\/Denuncia-1.png\" \/>\n\t<meta property=\"og:image:width\" content=\"600\" \/>\n\t<meta property=\"og:image:height\" content=\"320\" \/>\n\t<meta property=\"og:image:type\" content=\"image\/png\" \/>\n<meta name=\"author\" content=\"Lo viste en Los Pol\u00edticos\" \/>\n<meta name=\"twitter:card\" content=\"summary_large_image\" \/>\n<meta name=\"twitter:creator\" content=\"@LosPoliticosVer\" \/>\n<meta name=\"twitter:site\" content=\"@LosPoliticosVer\" \/>\n<meta name=\"twitter:label1\" content=\"Escrito por\" \/>\n\t<meta name=\"twitter:data1\" content=\"Lo viste en Los Pol\u00edticos\" \/>\n\t<meta name=\"twitter:label2\" content=\"Tiempo de lectura\" \/>\n\t<meta name=\"twitter:data2\" content=\"6 minutos\" \/>\n<script type=\"application\/ld+json\" class=\"yoast-schema-graph\">{\"@context\":\"https:\\\/\\\/schema.org\",\"@graph\":[{\"@type\":\"Article\",\"@id\":\"https:\\\/\\\/lospoliticosveracruz.com\\\/?p=161589#article\",\"isPartOf\":{\"@id\":\"https:\\\/\\\/lospoliticosveracruz.com\\\/?p=161589\"},\"author\":{\"name\":\"Lo viste en Los Pol\u00edticos\",\"@id\":\"https:\\\/\\\/lospoliticosveracruz.com\\\/#\\\/schema\\\/person\\\/b8702bb0e538456e6efd07080bf2a4a2\"},\"headline\":\"CAOS, SIMULACI\u00d3N Y FUNCIONARIOS REBASADOS EN SEFIPLAN\",\"datePublished\":\"2026-01-26T17:27:06+00:00\",\"dateModified\":\"2026-01-29T11:34:40+00:00\",\"mainEntityOfPage\":{\"@id\":\"https:\\\/\\\/lospoliticosveracruz.com\\\/?p=161589\"},\"wordCount\":1275,\"publisher\":{\"@id\":\"https:\\\/\\\/lospoliticosveracruz.com\\\/#organization\"},\"image\":{\"@id\":\"https:\\\/\\\/lospoliticosveracruz.com\\\/?p=161589#primaryimage\"},\"thumbnailUrl\":\"https:\\\/\\\/lospoliticosveracruz.com\\\/wp-content\\\/uploads\\\/2026\\\/01\\\/Denuncia-1.png\",\"keywords\":[\"canje de placas 2026\",\"caos administrativo estatal\",\"control vehicular Veracruz\",\"gesti\u00f3n p\u00fablica deficiente\",\"improvisaci\u00f3n gubernamental\",\"Sefiplan Veracruz\"],\"articleSection\":[\"La Nota\"],\"inLanguage\":\"es\"},{\"@type\":\"WebPage\",\"@id\":\"https:\\\/\\\/lospoliticosveracruz.com\\\/?p=161589\",\"url\":\"https:\\\/\\\/lospoliticosveracruz.com\\\/?p=161589\",\"name\":\"CAOS, SIMULACI\u00d3N Y FUNCIONARIOS REBASADOS EN SEFIPLAN - Los pol\u00edticos Veracruz\",\"isPartOf\":{\"@id\":\"https:\\\/\\\/lospoliticosveracruz.com\\\/#website\"},\"primaryImageOfPage\":{\"@id\":\"https:\\\/\\\/lospoliticosveracruz.com\\\/?p=161589#primaryimage\"},\"image\":{\"@id\":\"https:\\\/\\\/lospoliticosveracruz.com\\\/?p=161589#primaryimage\"},\"thumbnailUrl\":\"https:\\\/\\\/lospoliticosveracruz.com\\\/wp-content\\\/uploads\\\/2026\\\/01\\\/Denuncia-1.png\",\"datePublished\":\"2026-01-26T17:27:06+00:00\",\"dateModified\":\"2026-01-29T11:34:40+00:00\",\"breadcrumb\":{\"@id\":\"https:\\\/\\\/lospoliticosveracruz.com\\\/?p=161589#breadcrumb\"},\"inLanguage\":\"es\",\"potentialAction\":[{\"@type\":\"ReadAction\",\"target\":[\"https:\\\/\\\/lospoliticosveracruz.com\\\/?p=161589\"]}]},{\"@type\":\"ImageObject\",\"inLanguage\":\"es\",\"@id\":\"https:\\\/\\\/lospoliticosveracruz.com\\\/?p=161589#primaryimage\",\"url\":\"https:\\\/\\\/lospoliticosveracruz.com\\\/wp-content\\\/uploads\\\/2026\\\/01\\\/Denuncia-1.png\",\"contentUrl\":\"https:\\\/\\\/lospoliticosveracruz.com\\\/wp-content\\\/uploads\\\/2026\\\/01\\\/Denuncia-1.png\",\"width\":600,\"height\":320},{\"@type\":\"BreadcrumbList\",\"@id\":\"https:\\\/\\\/lospoliticosveracruz.com\\\/?p=161589#breadcrumb\",\"itemListElement\":[{\"@type\":\"ListItem\",\"position\":1,\"name\":\"Portada\",\"item\":\"https:\\\/\\\/lospoliticosveracruz.com\\\/\"},{\"@type\":\"ListItem\",\"position\":2,\"name\":\"CAOS, SIMULACI\u00d3N Y FUNCIONARIOS REBASADOS EN SEFIPLAN\"}]},{\"@type\":\"WebSite\",\"@id\":\"https:\\\/\\\/lospoliticosveracruz.com\\\/#website\",\"url\":\"https:\\\/\\\/lospoliticosveracruz.com\\\/\",\"name\":\"Los pol\u00edticos Veracruz\",\"description\":\"\",\"publisher\":{\"@id\":\"https:\\\/\\\/lospoliticosveracruz.com\\\/#organization\"},\"potentialAction\":[{\"@type\":\"SearchAction\",\"target\":{\"@type\":\"EntryPoint\",\"urlTemplate\":\"https:\\\/\\\/lospoliticosveracruz.com\\\/?s={search_term_string}\"},\"query-input\":{\"@type\":\"PropertyValueSpecification\",\"valueRequired\":true,\"valueName\":\"search_term_string\"}}],\"inLanguage\":\"es\"},{\"@type\":\"Organization\",\"@id\":\"https:\\\/\\\/lospoliticosveracruz.com\\\/#organization\",\"name\":\"Los pol\u00edticos Veracruz\",\"url\":\"https:\\\/\\\/lospoliticosveracruz.com\\\/\",\"logo\":{\"@type\":\"ImageObject\",\"inLanguage\":\"es\",\"@id\":\"https:\\\/\\\/lospoliticosveracruz.com\\\/#\\\/schema\\\/logo\\\/image\\\/\",\"url\":\"https:\\\/\\\/lospoliticosveracruz.com\\\/wp-content\\\/uploads\\\/2025\\\/12\\\/Logo-Nuevo-LOS-POLITICOS-1.jpg\",\"contentUrl\":\"https:\\\/\\\/lospoliticosveracruz.com\\\/wp-content\\\/uploads\\\/2025\\\/12\\\/Logo-Nuevo-LOS-POLITICOS-1.jpg\",\"width\":260,\"height\":70,\"caption\":\"Los pol\u00edticos Veracruz\"},\"image\":{\"@id\":\"https:\\\/\\\/lospoliticosveracruz.com\\\/#\\\/schema\\\/logo\\\/image\\\/\"},\"sameAs\":[\"https:\\\/\\\/www.facebook.com\\\/people\\\/Notimemes-de-los-Polticos\\\/61565672886568\\\/\",\"https:\\\/\\\/x.com\\\/LosPoliticosVer\"]},{\"@type\":\"Person\",\"@id\":\"https:\\\/\\\/lospoliticosveracruz.com\\\/#\\\/schema\\\/person\\\/b8702bb0e538456e6efd07080bf2a4a2\",\"name\":\"Lo viste en Los Pol\u00edticos\",\"image\":{\"@type\":\"ImageObject\",\"inLanguage\":\"es\",\"@id\":\"https:\\\/\\\/secure.gravatar.com\\\/avatar\\\/3a8de04a2656d44082be478bd6c086daa447c4651605818287b9532d3d0bd435?s=96&d=mm&r=g\",\"url\":\"https:\\\/\\\/secure.gravatar.com\\\/avatar\\\/3a8de04a2656d44082be478bd6c086daa447c4651605818287b9532d3d0bd435?s=96&d=mm&r=g\",\"contentUrl\":\"https:\\\/\\\/secure.gravatar.com\\\/avatar\\\/3a8de04a2656d44082be478bd6c086daa447c4651605818287b9532d3d0bd435?s=96&d=mm&r=g\",\"caption\":\"Lo viste en Los Pol\u00edticos\"},\"url\":\"https:\\\/\\\/lospoliticosveracruz.com\\\/?author=2\"}]}<\/script>\n<!-- \/ Yoast SEO plugin. -->","yoast_head_json":{"title":"CAOS, SIMULACI\u00d3N Y FUNCIONARIOS REBASADOS EN SEFIPLAN - Los pol\u00edticos Veracruz","robots":{"index":"index","follow":"follow","max-snippet":"max-snippet:-1","max-image-preview":"max-image-preview:large","max-video-preview":"max-video-preview:-1"},"canonical":"https:\/\/lospoliticosveracruz.com\/?p=161589","og_locale":"es_ES","og_type":"article","og_title":"CAOS, SIMULACI\u00d3N Y FUNCIONARIOS REBASADOS EN SEFIPLAN - Los pol\u00edticos Veracruz","og_description":"NdelaR Los recientes movimieSEFIPLANinterior de la Secretar\u00eda de Finanzas y Planeaci\u00f3n (SEFIPLAN) no obedecieron a una estrategia de mejora institucional, sino a una reacci\u00f3n tard\u00eda frente al caos. El punto de quiebre ocurri\u00f3 el s\u00e1bado 24 de enero de 2025, cuando una convocatoria masiva de empleo dej\u00f3 al descubierto lo que durante meses se hab\u00eda [&hellip;]","og_url":"https:\/\/lospoliticosveracruz.com\/?p=161589","og_site_name":"Los pol\u00edticos Veracruz","article_publisher":"https:\/\/www.facebook.com\/people\/Notimemes-de-los-Polticos\/61565672886568\/","article_published_time":"2026-01-26T17:27:06+00:00","article_modified_time":"2026-01-29T11:34:40+00:00","og_image":[{"width":600,"height":320,"url":"https:\/\/lospoliticosveracruz.com\/wp-content\/uploads\/2026\/01\/Denuncia-1.png","type":"image\/png"}],"author":"Lo viste en Los Pol\u00edticos","twitter_card":"summary_large_image","twitter_creator":"@LosPoliticosVer","twitter_site":"@LosPoliticosVer","twitter_misc":{"Escrito por":"Lo viste en Los Pol\u00edticos","Tiempo de lectura":"6 minutos"},"schema":{"@context":"https:\/\/schema.org","@graph":[{"@type":"Article","@id":"https:\/\/lospoliticosveracruz.com\/?p=161589#article","isPartOf":{"@id":"https:\/\/lospoliticosveracruz.com\/?p=161589"},"author":{"name":"Lo viste en Los Pol\u00edticos","@id":"https:\/\/lospoliticosveracruz.com\/#\/schema\/person\/b8702bb0e538456e6efd07080bf2a4a2"},"headline":"CAOS, SIMULACI\u00d3N Y FUNCIONARIOS REBASADOS EN SEFIPLAN","datePublished":"2026-01-26T17:27:06+00:00","dateModified":"2026-01-29T11:34:40+00:00","mainEntityOfPage":{"@id":"https:\/\/lospoliticosveracruz.com\/?p=161589"},"wordCount":1275,"publisher":{"@id":"https:\/\/lospoliticosveracruz.com\/#organization"},"image":{"@id":"https:\/\/lospoliticosveracruz.com\/?p=161589#primaryimage"},"thumbnailUrl":"https:\/\/lospoliticosveracruz.com\/wp-content\/uploads\/2026\/01\/Denuncia-1.png","keywords":["canje de placas 2026","caos administrativo estatal","control vehicular Veracruz","gesti\u00f3n p\u00fablica deficiente","improvisaci\u00f3n gubernamental","Sefiplan Veracruz"],"articleSection":["La Nota"],"inLanguage":"es"},{"@type":"WebPage","@id":"https:\/\/lospoliticosveracruz.com\/?p=161589","url":"https:\/\/lospoliticosveracruz.com\/?p=161589","name":"CAOS, SIMULACI\u00d3N Y FUNCIONARIOS REBASADOS EN SEFIPLAN - Los pol\u00edticos Veracruz","isPartOf":{"@id":"https:\/\/lospoliticosveracruz.com\/#website"},"primaryImageOfPage":{"@id":"https:\/\/lospoliticosveracruz.com\/?p=161589#primaryimage"},"image":{"@id":"https:\/\/lospoliticosveracruz.com\/?p=161589#primaryimage"},"thumbnailUrl":"https:\/\/lospoliticosveracruz.com\/wp-content\/uploads\/2026\/01\/Denuncia-1.png","datePublished":"2026-01-26T17:27:06+00:00","dateModified":"2026-01-29T11:34:40+00:00","breadcrumb":{"@id":"https:\/\/lospoliticosveracruz.com\/?p=161589#breadcrumb"},"inLanguage":"es","potentialAction":[{"@type":"ReadAction","target":["https:\/\/lospoliticosveracruz.com\/?p=161589"]}]},{"@type":"ImageObject","inLanguage":"es","@id":"https:\/\/lospoliticosveracruz.com\/?p=161589#primaryimage","url":"https:\/\/lospoliticosveracruz.com\/wp-content\/uploads\/2026\/01\/Denuncia-1.png","contentUrl":"https:\/\/lospoliticosveracruz.com\/wp-content\/uploads\/2026\/01\/Denuncia-1.png","width":600,"height":320},{"@type":"BreadcrumbList","@id":"https:\/\/lospoliticosveracruz.com\/?p=161589#breadcrumb","itemListElement":[{"@type":"ListItem","position":1,"name":"Portada","item":"https:\/\/lospoliticosveracruz.com\/"},{"@type":"ListItem","position":2,"name":"CAOS, SIMULACI\u00d3N Y FUNCIONARIOS REBASADOS EN SEFIPLAN"}]},{"@type":"WebSite","@id":"https:\/\/lospoliticosveracruz.com\/#website","url":"https:\/\/lospoliticosveracruz.com\/","name":"Los pol\u00edticos Veracruz","description":"","publisher":{"@id":"https:\/\/lospoliticosveracruz.com\/#organization"},"potentialAction":[{"@type":"SearchAction","target":{"@type":"EntryPoint","urlTemplate":"https:\/\/lospoliticosveracruz.com\/?s={search_term_string}"},"query-input":{"@type":"PropertyValueSpecification","valueRequired":true,"valueName":"search_term_string"}}],"inLanguage":"es"},{"@type":"Organization","@id":"https:\/\/lospoliticosveracruz.com\/#organization","name":"Los pol\u00edticos Veracruz","url":"https:\/\/lospoliticosveracruz.com\/","logo":{"@type":"ImageObject","inLanguage":"es","@id":"https:\/\/lospoliticosveracruz.com\/#\/schema\/logo\/image\/","url":"https:\/\/lospoliticosveracruz.com\/wp-content\/uploads\/2025\/12\/Logo-Nuevo-LOS-POLITICOS-1.jpg","contentUrl":"https:\/\/lospoliticosveracruz.com\/wp-content\/uploads\/2025\/12\/Logo-Nuevo-LOS-POLITICOS-1.jpg","width":260,"height":70,"caption":"Los pol\u00edticos Veracruz"},"image":{"@id":"https:\/\/lospoliticosveracruz.com\/#\/schema\/logo\/image\/"},"sameAs":["https:\/\/www.facebook.com\/people\/Notimemes-de-los-Polticos\/61565672886568\/","https:\/\/x.com\/LosPoliticosVer"]},{"@type":"Person","@id":"https:\/\/lospoliticosveracruz.com\/#\/schema\/person\/b8702bb0e538456e6efd07080bf2a4a2","name":"Lo viste en Los Pol\u00edticos","image":{"@type":"ImageObject","inLanguage":"es","@id":"https:\/\/secure.gravatar.com\/avatar\/3a8de04a2656d44082be478bd6c086daa447c4651605818287b9532d3d0bd435?s=96&d=mm&r=g","url":"https:\/\/secure.gravatar.com\/avatar\/3a8de04a2656d44082be478bd6c086daa447c4651605818287b9532d3d0bd435?s=96&d=mm&r=g","contentUrl":"https:\/\/secure.gravatar.com\/avatar\/3a8de04a2656d44082be478bd6c086daa447c4651605818287b9532d3d0bd435?s=96&d=mm&r=g","caption":"Lo viste en Los Pol\u00edticos"},"url":"https:\/\/lospoliticosveracruz.com\/?author=2"}]}},"_links":{"self":[{"href":"https:\/\/lospoliticosveracruz.com\/index.php?rest_route=\/wp\/v2\/posts\/161589","targetHints":{"allow":["GET"]}}],"collection":[{"href":"https:\/\/lospoliticosveracruz.com\/index.php?rest_route=\/wp\/v2\/posts"}],"about":[{"href":"https:\/\/lospoliticosveracruz.com\/index.php?rest_route=\/wp\/v2\/types\/post"}],"author":[{"embeddable":true,"href":"https:\/\/lospoliticosveracruz.com\/index.php?rest_route=\/wp\/v2\/users\/2"}],"replies":[{"embeddable":true,"href":"https:\/\/lospoliticosveracruz.com\/index.php?rest_route=%2Fwp%2Fv2%2Fcomments&post=161589"}],"version-history":[{"count":2,"href":"https:\/\/lospoliticosveracruz.com\/index.php?rest_route=\/wp\/v2\/posts\/161589\/revisions"}],"predecessor-version":[{"id":162016,"href":"https:\/\/lospoliticosveracruz.com\/index.php?rest_route=\/wp\/v2\/posts\/161589\/revisions\/162016"}],"wp:featuredmedia":[{"embeddable":true,"href":"https:\/\/lospoliticosveracruz.com\/index.php?rest_route=\/wp\/v2\/media\/161591"}],"wp:attachment":[{"href":"https:\/\/lospoliticosveracruz.com\/index.php?rest_route=%2Fwp%2Fv2%2Fmedia&parent=161589"}],"wp:term":[{"taxonomy":"category","embeddable":true,"href":"https:\/\/lospoliticosveracruz.com\/index.php?rest_route=%2Fwp%2Fv2%2Fcategories&post=161589"},{"taxonomy":"post_tag","embeddable":true,"href":"https:\/\/lospoliticosveracruz.com\/index.php?rest_route=%2Fwp%2Fv2%2Ftags&post=161589"}],"curies":[{"name":"wp","href":"https:\/\/api.w.org\/{rel}","templated":true}]}}