{"id":16165,"date":"2015-05-14T22:03:48","date_gmt":"2015-05-15T03:03:48","guid":{"rendered":"http:\/\/www.lospoliticosveracruz.com.mx\/?p=16165"},"modified":"2015-05-14T22:03:48","modified_gmt":"2015-05-15T03:03:48","slug":"ingenios-azucareros-los-impunes-delitos-ambientales","status":"publish","type":"post","link":"https:\/\/lospoliticosveracruz.com\/?p=16165","title":{"rendered":"Ingenios azucareros, los impunes delitos ambientales"},"content":{"rendered":"<p><a href=\"http:\/\/www.lospoliticosveracruz.com.mx\/wp-content\/uploads\/2015\/03\/ingenio-san-cristobal3.jpg\"><img loading=\"lazy\" decoding=\"async\" class=\"alignnone size-full wp-image-15265\" src=\"http:\/\/www.lospoliticosveracruz.com.mx\/wp-content\/uploads\/2015\/03\/ingenio-san-cristobal3.jpg\" alt=\"ingenio-san-cristobal3\" width=\"300\" height=\"225\" \/><\/a><\/p>\n<p><strong>Luis Alberto Romero<\/strong><\/p>\n<p><em>Hora Cero<\/em><\/p>\n<p>Para Veracruz, la importancia de la agroindustria azucarera es indiscutible; es el estado que ocupa la cima nacional en cuanto a la producci\u00f3n de ca\u00f1a de az\u00facar y el que genera m\u00e1s recursos dentro de dicho sector de la econom\u00eda.<\/p>\n<p>Aqu\u00ed se establecen 22 ingenios, de los que dependen productores de ca\u00f1a, jornaleros agr\u00edcolas, transportistas, obreros y, en general, miles de familias de forma directa e indirecta. C\u00e1lculos oficiales estiman que un mill\u00f3n de personas dependen de esta agroindustria.<\/p>\n<p>Para que tenga una idea de la importancia de este sector, el 36 por ciento de la planta azucarera nacional est\u00e1 en Veracruz, estado que tiene una superficie sembrada de ca\u00f1a de m\u00e1s de 200 mil hect\u00e1reas.<\/p>\n<p>El problema radica en el saldo negativo que generan los ingenios azucareros en t\u00e9rminos ambientales y tambi\u00e9n en las limitadas atribuciones de las autoridades estatales para sancionar a las empresas responsables de actos que atentan contra el entorno ambiental.<\/p>\n<p>Durante d\u00e9cadas, la industria azucarera han utilizado los cuerpos de agua de la entidad como vertederos de sus desechos qu\u00edmicos altamente contaminantes, ocasionando frecuentes mortandades de especies debido a esas descargas.<\/p>\n<p>Cualquiera que haya vivido en una regi\u00f3n ca\u00f1era y azucarera sabe perfectamente que cada vez que las factor\u00edas realizan trabajos de limpieza, descargan a los cuerpos de agua, r\u00edos, arroyos y lagunas, enormes cantidades de qu\u00edmicos como la sosa c\u00e1ustica.<\/p>\n<p>Se trata de una pr\u00e1ctica prohibida por las normas ambientales pero que es dif\u00edcil de comprobar por las autoridades, debido a que las empresas vierten sus desechos cuando calculan que las autoridades tardar\u00e1n en llegar dos o tres d\u00edas, una vez que el problema se haya diluido.<\/p>\n<p>Eso ocurri\u00f3 recientemente y por en\u00e9sima ocasi\u00f3n en la Laguna Cabana, ubicada en el municipio de \u00darsulo Galv\u00e1n, donde miles de peces \u2013las autoridades estiman 3 toneladas\u2013 murieron como consecuencia de las descargas industriales del ingenio El Modelo, hecho por el que el gobierno estatal, concretamente la Secretar\u00eda del Medio Ambiente y la Procuradur\u00eda Estatal de Protecci\u00f3n al Ambiente, abrieron una investigaci\u00f3n y presentaron la denuncia correspondiente ante la PGR.<\/p>\n<p>El tema tambi\u00e9n lleg\u00f3, por supuesto, a las instancias competentes, que son la Comisi\u00f3n Nacional del Agua y la Procuradur\u00eda Federal de Protecci\u00f3n al Ambiente.<\/p>\n<p>Este no es el primer caso registrado en ese lugar: en diciembre de 2012, pescadores y organizaciones ambientalistas denunciaron el delito ambiental provocado por el mismo ingenio azucarero al que hoy nuevamente se acusa.<\/p>\n<p>El problema radica en que la mortandad de especies se registr\u00f3 luego de que el fin de semana el ingenio arrojara qu\u00edmicos al cuerpo de agua, pero la autoridad estatal lleg\u00f3 a levantar las muestras hasta el primer d\u00eda h\u00e1bil siguiente, que fue el lunes. Antes de ello, a pesar de que alcaldes y s\u00edndicos tienen la facultad para dar fe de esos hechos, nadie acudi\u00f3 al llamado ni levant\u00f3 las muestras para integrar las denuncias.<\/p>\n<p>La contaminaci\u00f3n de la Laguna Cabana, sin embargo, no es un caso aislado; de acuerdo con la Asamblea Veracruzana de Iniciativas y Defensa Ambiental, Lavida, existen 18 cuencas, en las que se asientan ingenios azucareros, que se encuentran altamente contaminadas, lo que ha provocado frecuentes mortandades de especies.<\/p>\n<p>En ese sentido, valdr\u00eda la pena que el gobierno veracruzano y la Legislatura estatal revisen el marco legal para dar m\u00e1s herramientas, facultades y dientes a las autoridades responsables del cuidado y la protecci\u00f3n al medio ambiente en Veracruz, a fin de evitar m\u00e1s atentados contra la naturaleza e impedir que quienes afecten al entorno, lo hagan de manera impune y sin castigo. @luisromero85<\/p>\n","protected":false},"excerpt":{"rendered":"<p>Luis Alberto Romero Hora Cero Para Veracruz, la importancia de la agroindustria azucarera es indiscutible; es el estado que ocupa la cima nacional en cuanto a la producci\u00f3n de ca\u00f1a de az\u00facar y el que genera m\u00e1s recursos dentro de dicho sector de la econom\u00eda. Aqu\u00ed se establecen 22 ingenios, de los que dependen productores [&hellip;]<\/p>\n","protected":false},"author":2,"featured_media":0,"comment_status":"open","ping_status":"open","sticky":false,"template":"","format":"standard","meta":{"tdm_status":"","tdm_grid_status":"","footnotes":""},"categories":[70],"tags":[2684,2669],"class_list":{"0":"post-16165","1":"post","2":"type-post","3":"status-publish","4":"format-standard","6":"category-de-opinion","7":"tag-ingenios-azucareros-veracruz","8":"tag-luis-alberto-romero"},"yoast_head":"<!-- This site is optimized with the Yoast SEO plugin v27.4 - https:\/\/yoast.com\/product\/yoast-seo-wordpress\/ -->\n<title>Ingenios azucareros, los impunes delitos ambientales - Los pol\u00edticos Veracruz<\/title>\n<meta name=\"robots\" content=\"index, follow, max-snippet:-1, max-image-preview:large, max-video-preview:-1\" \/>\n<link rel=\"canonical\" href=\"https:\/\/lospoliticosveracruz.com\/?p=16165\" \/>\n<meta property=\"og:locale\" content=\"es_ES\" \/>\n<meta property=\"og:type\" content=\"article\" \/>\n<meta property=\"og:title\" content=\"Ingenios azucareros, los impunes delitos ambientales - Los pol\u00edticos Veracruz\" \/>\n<meta property=\"og:description\" content=\"Luis Alberto Romero Hora Cero Para Veracruz, la importancia de la agroindustria azucarera es indiscutible; es el estado que ocupa la cima nacional en cuanto a la producci\u00f3n de ca\u00f1a de az\u00facar y el que genera m\u00e1s recursos dentro de dicho sector de la econom\u00eda. Aqu\u00ed se establecen 22 ingenios, de los que dependen productores [&hellip;]\" \/>\n<meta property=\"og:url\" content=\"https:\/\/lospoliticosveracruz.com\/?p=16165\" \/>\n<meta property=\"og:site_name\" content=\"Los pol\u00edticos Veracruz\" \/>\n<meta property=\"article:publisher\" content=\"https:\/\/www.facebook.com\/people\/Notimemes-de-los-Polticos\/61565672886568\/\" \/>\n<meta property=\"article:published_time\" content=\"2015-05-15T03:03:48+00:00\" \/>\n<meta property=\"og:image\" content=\"http:\/\/www.lospoliticosveracruz.com.mx\/wp-content\/uploads\/2015\/03\/ingenio-san-cristobal3.jpg\" \/>\n<meta name=\"author\" content=\"Lo viste en Los Pol\u00edticos\" \/>\n<meta name=\"twitter:card\" content=\"summary_large_image\" \/>\n<meta name=\"twitter:creator\" content=\"@LosPoliticosVer\" \/>\n<meta name=\"twitter:site\" content=\"@LosPoliticosVer\" \/>\n<meta name=\"twitter:label1\" content=\"Escrito por\" \/>\n\t<meta name=\"twitter:data1\" content=\"Lo viste en Los Pol\u00edticos\" \/>\n\t<meta name=\"twitter:label2\" content=\"Tiempo de lectura\" \/>\n\t<meta name=\"twitter:data2\" content=\"3 minutos\" \/>\n<script type=\"application\/ld+json\" class=\"yoast-schema-graph\">{\"@context\":\"https:\\\/\\\/schema.org\",\"@graph\":[{\"@type\":\"Article\",\"@id\":\"https:\\\/\\\/lospoliticosveracruz.com\\\/?p=16165#article\",\"isPartOf\":{\"@id\":\"https:\\\/\\\/lospoliticosveracruz.com\\\/?p=16165\"},\"author\":{\"name\":\"Lo viste en Los Pol\u00edticos\",\"@id\":\"https:\\\/\\\/lospoliticosveracruz.com\\\/#\\\/schema\\\/person\\\/b8702bb0e538456e6efd07080bf2a4a2\"},\"headline\":\"Ingenios azucareros, los impunes delitos ambientales\",\"datePublished\":\"2015-05-15T03:03:48+00:00\",\"mainEntityOfPage\":{\"@id\":\"https:\\\/\\\/lospoliticosveracruz.com\\\/?p=16165\"},\"wordCount\":641,\"commentCount\":0,\"publisher\":{\"@id\":\"https:\\\/\\\/lospoliticosveracruz.com\\\/#organization\"},\"image\":{\"@id\":\"https:\\\/\\\/lospoliticosveracruz.com\\\/?p=16165#primaryimage\"},\"thumbnailUrl\":\"http:\\\/\\\/www.lospoliticosveracruz.com.mx\\\/wp-content\\\/uploads\\\/2015\\\/03\\\/ingenio-san-cristobal3.jpg\",\"keywords\":[\"ingenios azucareros Veracruz\",\"Luis Alberto Romero\"],\"articleSection\":[\"De Opini\u00f3n\"],\"inLanguage\":\"es\",\"potentialAction\":[{\"@type\":\"CommentAction\",\"name\":\"Comment\",\"target\":[\"https:\\\/\\\/lospoliticosveracruz.com\\\/?p=16165#respond\"]}]},{\"@type\":\"WebPage\",\"@id\":\"https:\\\/\\\/lospoliticosveracruz.com\\\/?p=16165\",\"url\":\"https:\\\/\\\/lospoliticosveracruz.com\\\/?p=16165\",\"name\":\"Ingenios azucareros, los impunes delitos ambientales - Los pol\u00edticos Veracruz\",\"isPartOf\":{\"@id\":\"https:\\\/\\\/lospoliticosveracruz.com\\\/#website\"},\"primaryImageOfPage\":{\"@id\":\"https:\\\/\\\/lospoliticosveracruz.com\\\/?p=16165#primaryimage\"},\"image\":{\"@id\":\"https:\\\/\\\/lospoliticosveracruz.com\\\/?p=16165#primaryimage\"},\"thumbnailUrl\":\"http:\\\/\\\/www.lospoliticosveracruz.com.mx\\\/wp-content\\\/uploads\\\/2015\\\/03\\\/ingenio-san-cristobal3.jpg\",\"datePublished\":\"2015-05-15T03:03:48+00:00\",\"breadcrumb\":{\"@id\":\"https:\\\/\\\/lospoliticosveracruz.com\\\/?p=16165#breadcrumb\"},\"inLanguage\":\"es\",\"potentialAction\":[{\"@type\":\"ReadAction\",\"target\":[\"https:\\\/\\\/lospoliticosveracruz.com\\\/?p=16165\"]}]},{\"@type\":\"ImageObject\",\"inLanguage\":\"es\",\"@id\":\"https:\\\/\\\/lospoliticosveracruz.com\\\/?p=16165#primaryimage\",\"url\":\"http:\\\/\\\/www.lospoliticosveracruz.com.mx\\\/wp-content\\\/uploads\\\/2015\\\/03\\\/ingenio-san-cristobal3.jpg\",\"contentUrl\":\"http:\\\/\\\/www.lospoliticosveracruz.com.mx\\\/wp-content\\\/uploads\\\/2015\\\/03\\\/ingenio-san-cristobal3.jpg\"},{\"@type\":\"BreadcrumbList\",\"@id\":\"https:\\\/\\\/lospoliticosveracruz.com\\\/?p=16165#breadcrumb\",\"itemListElement\":[{\"@type\":\"ListItem\",\"position\":1,\"name\":\"Portada\",\"item\":\"https:\\\/\\\/lospoliticosveracruz.com\\\/\"},{\"@type\":\"ListItem\",\"position\":2,\"name\":\"Ingenios azucareros, los impunes delitos ambientales\"}]},{\"@type\":\"WebSite\",\"@id\":\"https:\\\/\\\/lospoliticosveracruz.com\\\/#website\",\"url\":\"https:\\\/\\\/lospoliticosveracruz.com\\\/\",\"name\":\"Los pol\u00edticos Veracruz\",\"description\":\"\",\"publisher\":{\"@id\":\"https:\\\/\\\/lospoliticosveracruz.com\\\/#organization\"},\"potentialAction\":[{\"@type\":\"SearchAction\",\"target\":{\"@type\":\"EntryPoint\",\"urlTemplate\":\"https:\\\/\\\/lospoliticosveracruz.com\\\/?s={search_term_string}\"},\"query-input\":{\"@type\":\"PropertyValueSpecification\",\"valueRequired\":true,\"valueName\":\"search_term_string\"}}],\"inLanguage\":\"es\"},{\"@type\":\"Organization\",\"@id\":\"https:\\\/\\\/lospoliticosveracruz.com\\\/#organization\",\"name\":\"Los pol\u00edticos Veracruz\",\"url\":\"https:\\\/\\\/lospoliticosveracruz.com\\\/\",\"logo\":{\"@type\":\"ImageObject\",\"inLanguage\":\"es\",\"@id\":\"https:\\\/\\\/lospoliticosveracruz.com\\\/#\\\/schema\\\/logo\\\/image\\\/\",\"url\":\"https:\\\/\\\/lospoliticosveracruz.com\\\/wp-content\\\/uploads\\\/2025\\\/12\\\/Logo-Nuevo-LOS-POLITICOS-1.jpg\",\"contentUrl\":\"https:\\\/\\\/lospoliticosveracruz.com\\\/wp-content\\\/uploads\\\/2025\\\/12\\\/Logo-Nuevo-LOS-POLITICOS-1.jpg\",\"width\":260,\"height\":70,\"caption\":\"Los pol\u00edticos Veracruz\"},\"image\":{\"@id\":\"https:\\\/\\\/lospoliticosveracruz.com\\\/#\\\/schema\\\/logo\\\/image\\\/\"},\"sameAs\":[\"https:\\\/\\\/www.facebook.com\\\/people\\\/Notimemes-de-los-Polticos\\\/61565672886568\\\/\",\"https:\\\/\\\/x.com\\\/LosPoliticosVer\"]},{\"@type\":\"Person\",\"@id\":\"https:\\\/\\\/lospoliticosveracruz.com\\\/#\\\/schema\\\/person\\\/b8702bb0e538456e6efd07080bf2a4a2\",\"name\":\"Lo viste en Los Pol\u00edticos\",\"image\":{\"@type\":\"ImageObject\",\"inLanguage\":\"es\",\"@id\":\"https:\\\/\\\/secure.gravatar.com\\\/avatar\\\/3a8de04a2656d44082be478bd6c086daa447c4651605818287b9532d3d0bd435?s=96&d=mm&r=g\",\"url\":\"https:\\\/\\\/secure.gravatar.com\\\/avatar\\\/3a8de04a2656d44082be478bd6c086daa447c4651605818287b9532d3d0bd435?s=96&d=mm&r=g\",\"contentUrl\":\"https:\\\/\\\/secure.gravatar.com\\\/avatar\\\/3a8de04a2656d44082be478bd6c086daa447c4651605818287b9532d3d0bd435?s=96&d=mm&r=g\",\"caption\":\"Lo viste en Los Pol\u00edticos\"},\"url\":\"https:\\\/\\\/lospoliticosveracruz.com\\\/?author=2\"}]}<\/script>\n<!-- \/ Yoast SEO plugin. -->","yoast_head_json":{"title":"Ingenios azucareros, los impunes delitos ambientales - Los pol\u00edticos Veracruz","robots":{"index":"index","follow":"follow","max-snippet":"max-snippet:-1","max-image-preview":"max-image-preview:large","max-video-preview":"max-video-preview:-1"},"canonical":"https:\/\/lospoliticosveracruz.com\/?p=16165","og_locale":"es_ES","og_type":"article","og_title":"Ingenios azucareros, los impunes delitos ambientales - Los pol\u00edticos Veracruz","og_description":"Luis Alberto Romero Hora Cero Para Veracruz, la importancia de la agroindustria azucarera es indiscutible; es el estado que ocupa la cima nacional en cuanto a la producci\u00f3n de ca\u00f1a de az\u00facar y el que genera m\u00e1s recursos dentro de dicho sector de la econom\u00eda. Aqu\u00ed se establecen 22 ingenios, de los que dependen productores [&hellip;]","og_url":"https:\/\/lospoliticosveracruz.com\/?p=16165","og_site_name":"Los pol\u00edticos Veracruz","article_publisher":"https:\/\/www.facebook.com\/people\/Notimemes-de-los-Polticos\/61565672886568\/","article_published_time":"2015-05-15T03:03:48+00:00","og_image":[{"url":"http:\/\/www.lospoliticosveracruz.com.mx\/wp-content\/uploads\/2015\/03\/ingenio-san-cristobal3.jpg","type":"","width":"","height":""}],"author":"Lo viste en Los Pol\u00edticos","twitter_card":"summary_large_image","twitter_creator":"@LosPoliticosVer","twitter_site":"@LosPoliticosVer","twitter_misc":{"Escrito por":"Lo viste en Los Pol\u00edticos","Tiempo de lectura":"3 minutos"},"schema":{"@context":"https:\/\/schema.org","@graph":[{"@type":"Article","@id":"https:\/\/lospoliticosveracruz.com\/?p=16165#article","isPartOf":{"@id":"https:\/\/lospoliticosveracruz.com\/?p=16165"},"author":{"name":"Lo viste en Los Pol\u00edticos","@id":"https:\/\/lospoliticosveracruz.com\/#\/schema\/person\/b8702bb0e538456e6efd07080bf2a4a2"},"headline":"Ingenios azucareros, los impunes delitos ambientales","datePublished":"2015-05-15T03:03:48+00:00","mainEntityOfPage":{"@id":"https:\/\/lospoliticosveracruz.com\/?p=16165"},"wordCount":641,"commentCount":0,"publisher":{"@id":"https:\/\/lospoliticosveracruz.com\/#organization"},"image":{"@id":"https:\/\/lospoliticosveracruz.com\/?p=16165#primaryimage"},"thumbnailUrl":"http:\/\/www.lospoliticosveracruz.com.mx\/wp-content\/uploads\/2015\/03\/ingenio-san-cristobal3.jpg","keywords":["ingenios azucareros Veracruz","Luis Alberto Romero"],"articleSection":["De Opini\u00f3n"],"inLanguage":"es","potentialAction":[{"@type":"CommentAction","name":"Comment","target":["https:\/\/lospoliticosveracruz.com\/?p=16165#respond"]}]},{"@type":"WebPage","@id":"https:\/\/lospoliticosveracruz.com\/?p=16165","url":"https:\/\/lospoliticosveracruz.com\/?p=16165","name":"Ingenios azucareros, los impunes delitos ambientales - Los pol\u00edticos Veracruz","isPartOf":{"@id":"https:\/\/lospoliticosveracruz.com\/#website"},"primaryImageOfPage":{"@id":"https:\/\/lospoliticosveracruz.com\/?p=16165#primaryimage"},"image":{"@id":"https:\/\/lospoliticosveracruz.com\/?p=16165#primaryimage"},"thumbnailUrl":"http:\/\/www.lospoliticosveracruz.com.mx\/wp-content\/uploads\/2015\/03\/ingenio-san-cristobal3.jpg","datePublished":"2015-05-15T03:03:48+00:00","breadcrumb":{"@id":"https:\/\/lospoliticosveracruz.com\/?p=16165#breadcrumb"},"inLanguage":"es","potentialAction":[{"@type":"ReadAction","target":["https:\/\/lospoliticosveracruz.com\/?p=16165"]}]},{"@type":"ImageObject","inLanguage":"es","@id":"https:\/\/lospoliticosveracruz.com\/?p=16165#primaryimage","url":"http:\/\/www.lospoliticosveracruz.com.mx\/wp-content\/uploads\/2015\/03\/ingenio-san-cristobal3.jpg","contentUrl":"http:\/\/www.lospoliticosveracruz.com.mx\/wp-content\/uploads\/2015\/03\/ingenio-san-cristobal3.jpg"},{"@type":"BreadcrumbList","@id":"https:\/\/lospoliticosveracruz.com\/?p=16165#breadcrumb","itemListElement":[{"@type":"ListItem","position":1,"name":"Portada","item":"https:\/\/lospoliticosveracruz.com\/"},{"@type":"ListItem","position":2,"name":"Ingenios azucareros, los impunes delitos ambientales"}]},{"@type":"WebSite","@id":"https:\/\/lospoliticosveracruz.com\/#website","url":"https:\/\/lospoliticosveracruz.com\/","name":"Los pol\u00edticos Veracruz","description":"","publisher":{"@id":"https:\/\/lospoliticosveracruz.com\/#organization"},"potentialAction":[{"@type":"SearchAction","target":{"@type":"EntryPoint","urlTemplate":"https:\/\/lospoliticosveracruz.com\/?s={search_term_string}"},"query-input":{"@type":"PropertyValueSpecification","valueRequired":true,"valueName":"search_term_string"}}],"inLanguage":"es"},{"@type":"Organization","@id":"https:\/\/lospoliticosveracruz.com\/#organization","name":"Los pol\u00edticos Veracruz","url":"https:\/\/lospoliticosveracruz.com\/","logo":{"@type":"ImageObject","inLanguage":"es","@id":"https:\/\/lospoliticosveracruz.com\/#\/schema\/logo\/image\/","url":"https:\/\/lospoliticosveracruz.com\/wp-content\/uploads\/2025\/12\/Logo-Nuevo-LOS-POLITICOS-1.jpg","contentUrl":"https:\/\/lospoliticosveracruz.com\/wp-content\/uploads\/2025\/12\/Logo-Nuevo-LOS-POLITICOS-1.jpg","width":260,"height":70,"caption":"Los pol\u00edticos Veracruz"},"image":{"@id":"https:\/\/lospoliticosveracruz.com\/#\/schema\/logo\/image\/"},"sameAs":["https:\/\/www.facebook.com\/people\/Notimemes-de-los-Polticos\/61565672886568\/","https:\/\/x.com\/LosPoliticosVer"]},{"@type":"Person","@id":"https:\/\/lospoliticosveracruz.com\/#\/schema\/person\/b8702bb0e538456e6efd07080bf2a4a2","name":"Lo viste en Los Pol\u00edticos","image":{"@type":"ImageObject","inLanguage":"es","@id":"https:\/\/secure.gravatar.com\/avatar\/3a8de04a2656d44082be478bd6c086daa447c4651605818287b9532d3d0bd435?s=96&d=mm&r=g","url":"https:\/\/secure.gravatar.com\/avatar\/3a8de04a2656d44082be478bd6c086daa447c4651605818287b9532d3d0bd435?s=96&d=mm&r=g","contentUrl":"https:\/\/secure.gravatar.com\/avatar\/3a8de04a2656d44082be478bd6c086daa447c4651605818287b9532d3d0bd435?s=96&d=mm&r=g","caption":"Lo viste en Los Pol\u00edticos"},"url":"https:\/\/lospoliticosveracruz.com\/?author=2"}]}},"_links":{"self":[{"href":"https:\/\/lospoliticosveracruz.com\/index.php?rest_route=\/wp\/v2\/posts\/16165","targetHints":{"allow":["GET"]}}],"collection":[{"href":"https:\/\/lospoliticosveracruz.com\/index.php?rest_route=\/wp\/v2\/posts"}],"about":[{"href":"https:\/\/lospoliticosveracruz.com\/index.php?rest_route=\/wp\/v2\/types\/post"}],"author":[{"embeddable":true,"href":"https:\/\/lospoliticosveracruz.com\/index.php?rest_route=\/wp\/v2\/users\/2"}],"replies":[{"embeddable":true,"href":"https:\/\/lospoliticosveracruz.com\/index.php?rest_route=%2Fwp%2Fv2%2Fcomments&post=16165"}],"version-history":[{"count":1,"href":"https:\/\/lospoliticosveracruz.com\/index.php?rest_route=\/wp\/v2\/posts\/16165\/revisions"}],"predecessor-version":[{"id":16166,"href":"https:\/\/lospoliticosveracruz.com\/index.php?rest_route=\/wp\/v2\/posts\/16165\/revisions\/16166"}],"wp:attachment":[{"href":"https:\/\/lospoliticosveracruz.com\/index.php?rest_route=%2Fwp%2Fv2%2Fmedia&parent=16165"}],"wp:term":[{"taxonomy":"category","embeddable":true,"href":"https:\/\/lospoliticosveracruz.com\/index.php?rest_route=%2Fwp%2Fv2%2Fcategories&post=16165"},{"taxonomy":"post_tag","embeddable":true,"href":"https:\/\/lospoliticosveracruz.com\/index.php?rest_route=%2Fwp%2Fv2%2Ftags&post=16165"}],"curies":[{"name":"wp","href":"https:\/\/api.w.org\/{rel}","templated":true}]}}