{"id":161693,"date":"2026-01-27T05:49:11","date_gmt":"2026-01-27T11:49:11","guid":{"rendered":"https:\/\/lospoliticosveracruz.com\/?p=161693"},"modified":"2026-01-27T05:49:12","modified_gmt":"2026-01-27T11:49:12","slug":"el-dia-que-le-presuman-a-dinarmarca","status":"publish","type":"post","link":"https:\/\/lospoliticosveracruz.com\/?p=161693","title":{"rendered":"EL D\u00cdA QUE LE PRESUMAN A DINARMARCA"},"content":{"rendered":"\n<p><strong>Bernardo Guti\u00e9rrez Parra<\/strong><br><em>Desde el Caf\u00e9<\/em><br>El 20 de octubre de 1978 y por decreto presidencial, se instituy\u00f3 oficialmente la Cartilla Nacional de Vacunaci\u00f3n que entr\u00f3 en vigor el 1 de enero de 1979 y fue creada para apoyar en el registro y seguimiento de la vacunaci\u00f3n en ni\u00f1os menores de cinco a\u00f1os.<\/p>\n\n\n\n<p>En 1998 el uso de la Cartilla se extendi\u00f3 a adolescentes de hasta 19 a\u00f1os. Y en el sexenio de Fox fue incluida en la Cartilla Nacional de Salud, utilizada para el control de vacunaci\u00f3n, seguimiento m\u00e9dico y promoci\u00f3n de la salud.<\/p>\n\n\n\n<p>Hasta ah\u00ed todo iba bien. Los menores recib\u00edan en tiempo y forma sus vacunas hasta completar su esquema y todos contentos. Y c\u00f3mo no, si se vacunaba al 97% de la ni\u00f1ez mexicana.<\/p>\n\n\n\n<p>Pero con la llegada de la 4T el esquema de vacunaci\u00f3n se fue al diablo. En 2020, tres de cada cinco ni\u00f1os contaban con su esquema completo. En 2022 s\u00f3lo dos de cada cinco ten\u00edan todas sus vacunas. Pero en 2024, m\u00e1s de 340 mil menores se quedaron sin recibir ni una sola vacuna, lo que es un crimen de lesa humanidad.<\/p>\n\n\n\n<p>Y si a lo anterior se le agrega el desabasto de medicamentos que lleva siete a\u00f1os y ya es cr\u00f3nico\u2026 futa.<\/p>\n\n\n\n<p>La semana anterior la presidenta Claudia Sheinbaum anunci\u00f3 que todos los mexicanos estaremos en el Servicio Universal de Salud, mediante una credencial que forma parte de la estrategia de su gobierno para integrar y digitalizar el sistema p\u00fablico de salud, permitiendo que cualquier persona pueda recibir servicios en instituciones como el IMSS, ISSSTE, IMSS-Bienestar, institutos nacionales de salud, servicios m\u00e9dicos de Pemex y de las Fuerzas Armadas, independientemente de su afiliaci\u00f3n original o lugar de residencia.<\/p>\n\n\n\n<p>Imagina lector que est\u00e9s en P\u00e9njamo y all\u00e1 te da un torz\u00f3n. De acuerdo con lo que dice la presidenta y gracias a tu credencial del Servicio Universal de Salud, no tendr\u00e1s problema para que te reciban en una de las instituciones arriba mencionadas.<\/p>\n\n\n\n<p>Aj\u00e1, \u00bfy luego qu\u00e9?<\/p>\n\n\n\n<p>Si llegas a un hospital de las Fuerzas Armadas dale gracias a Dios, pero si caes en el IMSS, ISSSTE, IMSS-Bienestar o (que Dios te agarre confesado) en alg\u00fan hospital de Pemex, prep\u00e1rate para el colapso porque al menos el 70 por ciento de esos nosocomios carecen de implementos, ya no se diga para hacer una cirug\u00eda mayor, sino para suturar una herida.<\/p>\n\n\n\n<p>La idea de un Servicio Universal de Salud (como el que tienen en varios pa\u00edses de la Uni\u00f3n Europea, nom\u00e1s que all\u00e1 cuesta) es excelente. Pero para que funcione como Dios manda, antes hay que rehabilitar fachadas y laboratorios, cambiar cientos de camas, proporcionar insumos y equipo moderno al personal m\u00e9dico, abastecer de medicamentos, mejorar la red de drenaje y de agua potable, as\u00ed como el sistema de energ\u00eda el\u00e9ctrica en casi la totalidad de las cl\u00ednicas y hospitales.<\/p>\n\n\n\n<p>Cuando los gobiernos corruptos y ladrones de antes sacaron a la luz la Cartilla Nacional de Vacunaci\u00f3n, es porque ten\u00edan el esquema completo de vacunas para millones de ni\u00f1os menores de cinco a\u00f1os.<\/p>\n\n\n\n<p>Lo mismo deber\u00eda hacer el gobierno de la 4T que despu\u00e9s de todo viene del mismo tronco pol\u00edtico: primero la rehabilitaci\u00f3n de todo el sistema de Salud y luego la credencializaci\u00f3n.<\/p>\n\n\n\n<p>S\u00f3lo entonces podr\u00e1n presumirle a Dinamarca.<\/p>\n\n\n\n<p>bernagup28@gmail.com<\/p>\n\n\n\n<p><\/p>\n","protected":false},"excerpt":{"rendered":"<p>Bernardo Guti\u00e9rrez ParraDesde el Caf\u00e9El 20 de octubre de 1978 y por decreto presidencial, se instituy\u00f3 oficialmente la Cartilla Nacional de Vacunaci\u00f3n que entr\u00f3 en vigor el 1 de enero de 1979 y fue creada para apoyar en el registro y seguimiento de la vacunaci\u00f3n en ni\u00f1os menores de cinco a\u00f1os. En 1998 el uso [&hellip;]<\/p>\n","protected":false},"author":2,"featured_media":141479,"comment_status":"closed","ping_status":"closed","sticky":false,"template":"","format":"standard","meta":{"tdm_status":"","tdm_grid_status":"","footnotes":""},"categories":[70],"tags":[51940,51939,9627,26369,1208,13470,895],"class_list":{"0":"post-161693","1":"post","2":"type-post","3":"status-publish","4":"format-standard","5":"has-post-thumbnail","7":"category-de-opinion","8":"tag-cartilla-nacional-de-salud","9":"tag-cartilla-nacional-de-vacunacion","10":"tag-claudia-sheinbaum","11":"tag-dinamarca","12":"tag-imss","13":"tag-imss-bienestar","14":"tag-issste"},"yoast_head":"<!-- This site is optimized with the Yoast SEO plugin v27.4 - https:\/\/yoast.com\/product\/yoast-seo-wordpress\/ -->\n<title>EL D\u00cdA QUE LE PRESUMAN A DINARMARCA - Los pol\u00edticos Veracruz<\/title>\n<meta name=\"robots\" content=\"index, follow, max-snippet:-1, max-image-preview:large, max-video-preview:-1\" \/>\n<link rel=\"canonical\" href=\"https:\/\/lospoliticosveracruz.com\/?p=161693\" \/>\n<meta property=\"og:locale\" content=\"es_ES\" \/>\n<meta property=\"og:type\" content=\"article\" \/>\n<meta property=\"og:title\" content=\"EL D\u00cdA QUE LE PRESUMAN A DINARMARCA - Los pol\u00edticos Veracruz\" \/>\n<meta property=\"og:description\" content=\"Bernardo Guti\u00e9rrez ParraDesde el Caf\u00e9El 20 de octubre de 1978 y por decreto presidencial, se instituy\u00f3 oficialmente la Cartilla Nacional de Vacunaci\u00f3n que entr\u00f3 en vigor el 1 de enero de 1979 y fue creada para apoyar en el registro y seguimiento de la vacunaci\u00f3n en ni\u00f1os menores de cinco a\u00f1os. En 1998 el uso [&hellip;]\" \/>\n<meta property=\"og:url\" content=\"https:\/\/lospoliticosveracruz.com\/?p=161693\" \/>\n<meta property=\"og:site_name\" content=\"Los pol\u00edticos Veracruz\" \/>\n<meta property=\"article:publisher\" content=\"https:\/\/www.facebook.com\/people\/Notimemes-de-los-Polticos\/61565672886568\/\" \/>\n<meta property=\"article:published_time\" content=\"2026-01-27T11:49:11+00:00\" \/>\n<meta property=\"article:modified_time\" content=\"2026-01-27T11:49:12+00:00\" \/>\n<meta property=\"og:image\" content=\"https:\/\/lospoliticosveracruz.com\/wp-content\/uploads\/2025\/04\/Bernardo-Gutierrez-Parra.jpg\" \/>\n\t<meta property=\"og:image:width\" content=\"1250\" \/>\n\t<meta property=\"og:image:height\" content=\"667\" \/>\n\t<meta property=\"og:image:type\" content=\"image\/jpeg\" \/>\n<meta name=\"author\" content=\"Lo viste en Los Pol\u00edticos\" \/>\n<meta name=\"twitter:card\" content=\"summary_large_image\" \/>\n<meta name=\"twitter:creator\" content=\"@LosPoliticosVer\" \/>\n<meta name=\"twitter:site\" content=\"@LosPoliticosVer\" \/>\n<meta name=\"twitter:label1\" content=\"Escrito por\" \/>\n\t<meta name=\"twitter:data1\" content=\"Lo viste en Los Pol\u00edticos\" \/>\n\t<meta name=\"twitter:label2\" content=\"Tiempo de lectura\" \/>\n\t<meta name=\"twitter:data2\" content=\"3 minutos\" \/>\n<script type=\"application\/ld+json\" class=\"yoast-schema-graph\">{\"@context\":\"https:\\\/\\\/schema.org\",\"@graph\":[{\"@type\":\"Article\",\"@id\":\"https:\\\/\\\/lospoliticosveracruz.com\\\/?p=161693#article\",\"isPartOf\":{\"@id\":\"https:\\\/\\\/lospoliticosveracruz.com\\\/?p=161693\"},\"author\":{\"name\":\"Lo viste en Los Pol\u00edticos\",\"@id\":\"https:\\\/\\\/lospoliticosveracruz.com\\\/#\\\/schema\\\/person\\\/b8702bb0e538456e6efd07080bf2a4a2\"},\"headline\":\"EL D\u00cdA QUE LE PRESUMAN A DINARMARCA\",\"datePublished\":\"2026-01-27T11:49:11+00:00\",\"dateModified\":\"2026-01-27T11:49:12+00:00\",\"mainEntityOfPage\":{\"@id\":\"https:\\\/\\\/lospoliticosveracruz.com\\\/?p=161693\"},\"wordCount\":593,\"publisher\":{\"@id\":\"https:\\\/\\\/lospoliticosveracruz.com\\\/#organization\"},\"image\":{\"@id\":\"https:\\\/\\\/lospoliticosveracruz.com\\\/?p=161693#primaryimage\"},\"thumbnailUrl\":\"https:\\\/\\\/lospoliticosveracruz.com\\\/wp-content\\\/uploads\\\/2025\\\/04\\\/Bernardo-Gutierrez-Parra.jpg\",\"keywords\":[\"Cartilla Nacional de Salud\",\"Cartilla Nacional de Vacunaci\u00f3n\",\"Claudia Sheinbaum\",\"Dinamarca\",\"IMSS\",\"IMSS-Bienestar\",\"Issste\"],\"articleSection\":[\"De Opini\u00f3n\"],\"inLanguage\":\"es\"},{\"@type\":\"WebPage\",\"@id\":\"https:\\\/\\\/lospoliticosveracruz.com\\\/?p=161693\",\"url\":\"https:\\\/\\\/lospoliticosveracruz.com\\\/?p=161693\",\"name\":\"EL D\u00cdA QUE LE PRESUMAN A DINARMARCA - Los pol\u00edticos Veracruz\",\"isPartOf\":{\"@id\":\"https:\\\/\\\/lospoliticosveracruz.com\\\/#website\"},\"primaryImageOfPage\":{\"@id\":\"https:\\\/\\\/lospoliticosveracruz.com\\\/?p=161693#primaryimage\"},\"image\":{\"@id\":\"https:\\\/\\\/lospoliticosveracruz.com\\\/?p=161693#primaryimage\"},\"thumbnailUrl\":\"https:\\\/\\\/lospoliticosveracruz.com\\\/wp-content\\\/uploads\\\/2025\\\/04\\\/Bernardo-Gutierrez-Parra.jpg\",\"datePublished\":\"2026-01-27T11:49:11+00:00\",\"dateModified\":\"2026-01-27T11:49:12+00:00\",\"breadcrumb\":{\"@id\":\"https:\\\/\\\/lospoliticosveracruz.com\\\/?p=161693#breadcrumb\"},\"inLanguage\":\"es\",\"potentialAction\":[{\"@type\":\"ReadAction\",\"target\":[\"https:\\\/\\\/lospoliticosveracruz.com\\\/?p=161693\"]}]},{\"@type\":\"ImageObject\",\"inLanguage\":\"es\",\"@id\":\"https:\\\/\\\/lospoliticosveracruz.com\\\/?p=161693#primaryimage\",\"url\":\"https:\\\/\\\/lospoliticosveracruz.com\\\/wp-content\\\/uploads\\\/2025\\\/04\\\/Bernardo-Gutierrez-Parra.jpg\",\"contentUrl\":\"https:\\\/\\\/lospoliticosveracruz.com\\\/wp-content\\\/uploads\\\/2025\\\/04\\\/Bernardo-Gutierrez-Parra.jpg\",\"width\":1250,\"height\":667},{\"@type\":\"BreadcrumbList\",\"@id\":\"https:\\\/\\\/lospoliticosveracruz.com\\\/?p=161693#breadcrumb\",\"itemListElement\":[{\"@type\":\"ListItem\",\"position\":1,\"name\":\"Portada\",\"item\":\"https:\\\/\\\/lospoliticosveracruz.com\\\/\"},{\"@type\":\"ListItem\",\"position\":2,\"name\":\"EL D\u00cdA QUE LE PRESUMAN A DINARMARCA\"}]},{\"@type\":\"WebSite\",\"@id\":\"https:\\\/\\\/lospoliticosveracruz.com\\\/#website\",\"url\":\"https:\\\/\\\/lospoliticosveracruz.com\\\/\",\"name\":\"Los pol\u00edticos Veracruz\",\"description\":\"\",\"publisher\":{\"@id\":\"https:\\\/\\\/lospoliticosveracruz.com\\\/#organization\"},\"potentialAction\":[{\"@type\":\"SearchAction\",\"target\":{\"@type\":\"EntryPoint\",\"urlTemplate\":\"https:\\\/\\\/lospoliticosveracruz.com\\\/?s={search_term_string}\"},\"query-input\":{\"@type\":\"PropertyValueSpecification\",\"valueRequired\":true,\"valueName\":\"search_term_string\"}}],\"inLanguage\":\"es\"},{\"@type\":\"Organization\",\"@id\":\"https:\\\/\\\/lospoliticosveracruz.com\\\/#organization\",\"name\":\"Los pol\u00edticos Veracruz\",\"url\":\"https:\\\/\\\/lospoliticosveracruz.com\\\/\",\"logo\":{\"@type\":\"ImageObject\",\"inLanguage\":\"es\",\"@id\":\"https:\\\/\\\/lospoliticosveracruz.com\\\/#\\\/schema\\\/logo\\\/image\\\/\",\"url\":\"https:\\\/\\\/lospoliticosveracruz.com\\\/wp-content\\\/uploads\\\/2025\\\/12\\\/Logo-Nuevo-LOS-POLITICOS-1.jpg\",\"contentUrl\":\"https:\\\/\\\/lospoliticosveracruz.com\\\/wp-content\\\/uploads\\\/2025\\\/12\\\/Logo-Nuevo-LOS-POLITICOS-1.jpg\",\"width\":260,\"height\":70,\"caption\":\"Los pol\u00edticos Veracruz\"},\"image\":{\"@id\":\"https:\\\/\\\/lospoliticosveracruz.com\\\/#\\\/schema\\\/logo\\\/image\\\/\"},\"sameAs\":[\"https:\\\/\\\/www.facebook.com\\\/people\\\/Notimemes-de-los-Polticos\\\/61565672886568\\\/\",\"https:\\\/\\\/x.com\\\/LosPoliticosVer\"]},{\"@type\":\"Person\",\"@id\":\"https:\\\/\\\/lospoliticosveracruz.com\\\/#\\\/schema\\\/person\\\/b8702bb0e538456e6efd07080bf2a4a2\",\"name\":\"Lo viste en Los Pol\u00edticos\",\"image\":{\"@type\":\"ImageObject\",\"inLanguage\":\"es\",\"@id\":\"https:\\\/\\\/secure.gravatar.com\\\/avatar\\\/3a8de04a2656d44082be478bd6c086daa447c4651605818287b9532d3d0bd435?s=96&d=mm&r=g\",\"url\":\"https:\\\/\\\/secure.gravatar.com\\\/avatar\\\/3a8de04a2656d44082be478bd6c086daa447c4651605818287b9532d3d0bd435?s=96&d=mm&r=g\",\"contentUrl\":\"https:\\\/\\\/secure.gravatar.com\\\/avatar\\\/3a8de04a2656d44082be478bd6c086daa447c4651605818287b9532d3d0bd435?s=96&d=mm&r=g\",\"caption\":\"Lo viste en Los Pol\u00edticos\"},\"url\":\"https:\\\/\\\/lospoliticosveracruz.com\\\/?author=2\"}]}<\/script>\n<!-- \/ Yoast SEO plugin. -->","yoast_head_json":{"title":"EL D\u00cdA QUE LE PRESUMAN A DINARMARCA - Los pol\u00edticos Veracruz","robots":{"index":"index","follow":"follow","max-snippet":"max-snippet:-1","max-image-preview":"max-image-preview:large","max-video-preview":"max-video-preview:-1"},"canonical":"https:\/\/lospoliticosveracruz.com\/?p=161693","og_locale":"es_ES","og_type":"article","og_title":"EL D\u00cdA QUE LE PRESUMAN A DINARMARCA - Los pol\u00edticos Veracruz","og_description":"Bernardo Guti\u00e9rrez ParraDesde el Caf\u00e9El 20 de octubre de 1978 y por decreto presidencial, se instituy\u00f3 oficialmente la Cartilla Nacional de Vacunaci\u00f3n que entr\u00f3 en vigor el 1 de enero de 1979 y fue creada para apoyar en el registro y seguimiento de la vacunaci\u00f3n en ni\u00f1os menores de cinco a\u00f1os. En 1998 el uso [&hellip;]","og_url":"https:\/\/lospoliticosveracruz.com\/?p=161693","og_site_name":"Los pol\u00edticos Veracruz","article_publisher":"https:\/\/www.facebook.com\/people\/Notimemes-de-los-Polticos\/61565672886568\/","article_published_time":"2026-01-27T11:49:11+00:00","article_modified_time":"2026-01-27T11:49:12+00:00","og_image":[{"width":1250,"height":667,"url":"https:\/\/lospoliticosveracruz.com\/wp-content\/uploads\/2025\/04\/Bernardo-Gutierrez-Parra.jpg","type":"image\/jpeg"}],"author":"Lo viste en Los Pol\u00edticos","twitter_card":"summary_large_image","twitter_creator":"@LosPoliticosVer","twitter_site":"@LosPoliticosVer","twitter_misc":{"Escrito por":"Lo viste en Los Pol\u00edticos","Tiempo de lectura":"3 minutos"},"schema":{"@context":"https:\/\/schema.org","@graph":[{"@type":"Article","@id":"https:\/\/lospoliticosveracruz.com\/?p=161693#article","isPartOf":{"@id":"https:\/\/lospoliticosveracruz.com\/?p=161693"},"author":{"name":"Lo viste en Los Pol\u00edticos","@id":"https:\/\/lospoliticosveracruz.com\/#\/schema\/person\/b8702bb0e538456e6efd07080bf2a4a2"},"headline":"EL D\u00cdA QUE LE PRESUMAN A DINARMARCA","datePublished":"2026-01-27T11:49:11+00:00","dateModified":"2026-01-27T11:49:12+00:00","mainEntityOfPage":{"@id":"https:\/\/lospoliticosveracruz.com\/?p=161693"},"wordCount":593,"publisher":{"@id":"https:\/\/lospoliticosveracruz.com\/#organization"},"image":{"@id":"https:\/\/lospoliticosveracruz.com\/?p=161693#primaryimage"},"thumbnailUrl":"https:\/\/lospoliticosveracruz.com\/wp-content\/uploads\/2025\/04\/Bernardo-Gutierrez-Parra.jpg","keywords":["Cartilla Nacional de Salud","Cartilla Nacional de Vacunaci\u00f3n","Claudia Sheinbaum","Dinamarca","IMSS","IMSS-Bienestar","Issste"],"articleSection":["De Opini\u00f3n"],"inLanguage":"es"},{"@type":"WebPage","@id":"https:\/\/lospoliticosveracruz.com\/?p=161693","url":"https:\/\/lospoliticosveracruz.com\/?p=161693","name":"EL D\u00cdA QUE LE PRESUMAN A DINARMARCA - Los pol\u00edticos Veracruz","isPartOf":{"@id":"https:\/\/lospoliticosveracruz.com\/#website"},"primaryImageOfPage":{"@id":"https:\/\/lospoliticosveracruz.com\/?p=161693#primaryimage"},"image":{"@id":"https:\/\/lospoliticosveracruz.com\/?p=161693#primaryimage"},"thumbnailUrl":"https:\/\/lospoliticosveracruz.com\/wp-content\/uploads\/2025\/04\/Bernardo-Gutierrez-Parra.jpg","datePublished":"2026-01-27T11:49:11+00:00","dateModified":"2026-01-27T11:49:12+00:00","breadcrumb":{"@id":"https:\/\/lospoliticosveracruz.com\/?p=161693#breadcrumb"},"inLanguage":"es","potentialAction":[{"@type":"ReadAction","target":["https:\/\/lospoliticosveracruz.com\/?p=161693"]}]},{"@type":"ImageObject","inLanguage":"es","@id":"https:\/\/lospoliticosveracruz.com\/?p=161693#primaryimage","url":"https:\/\/lospoliticosveracruz.com\/wp-content\/uploads\/2025\/04\/Bernardo-Gutierrez-Parra.jpg","contentUrl":"https:\/\/lospoliticosveracruz.com\/wp-content\/uploads\/2025\/04\/Bernardo-Gutierrez-Parra.jpg","width":1250,"height":667},{"@type":"BreadcrumbList","@id":"https:\/\/lospoliticosveracruz.com\/?p=161693#breadcrumb","itemListElement":[{"@type":"ListItem","position":1,"name":"Portada","item":"https:\/\/lospoliticosveracruz.com\/"},{"@type":"ListItem","position":2,"name":"EL D\u00cdA QUE LE PRESUMAN A DINARMARCA"}]},{"@type":"WebSite","@id":"https:\/\/lospoliticosveracruz.com\/#website","url":"https:\/\/lospoliticosveracruz.com\/","name":"Los pol\u00edticos Veracruz","description":"","publisher":{"@id":"https:\/\/lospoliticosveracruz.com\/#organization"},"potentialAction":[{"@type":"SearchAction","target":{"@type":"EntryPoint","urlTemplate":"https:\/\/lospoliticosveracruz.com\/?s={search_term_string}"},"query-input":{"@type":"PropertyValueSpecification","valueRequired":true,"valueName":"search_term_string"}}],"inLanguage":"es"},{"@type":"Organization","@id":"https:\/\/lospoliticosveracruz.com\/#organization","name":"Los pol\u00edticos Veracruz","url":"https:\/\/lospoliticosveracruz.com\/","logo":{"@type":"ImageObject","inLanguage":"es","@id":"https:\/\/lospoliticosveracruz.com\/#\/schema\/logo\/image\/","url":"https:\/\/lospoliticosveracruz.com\/wp-content\/uploads\/2025\/12\/Logo-Nuevo-LOS-POLITICOS-1.jpg","contentUrl":"https:\/\/lospoliticosveracruz.com\/wp-content\/uploads\/2025\/12\/Logo-Nuevo-LOS-POLITICOS-1.jpg","width":260,"height":70,"caption":"Los pol\u00edticos Veracruz"},"image":{"@id":"https:\/\/lospoliticosveracruz.com\/#\/schema\/logo\/image\/"},"sameAs":["https:\/\/www.facebook.com\/people\/Notimemes-de-los-Polticos\/61565672886568\/","https:\/\/x.com\/LosPoliticosVer"]},{"@type":"Person","@id":"https:\/\/lospoliticosveracruz.com\/#\/schema\/person\/b8702bb0e538456e6efd07080bf2a4a2","name":"Lo viste en Los Pol\u00edticos","image":{"@type":"ImageObject","inLanguage":"es","@id":"https:\/\/secure.gravatar.com\/avatar\/3a8de04a2656d44082be478bd6c086daa447c4651605818287b9532d3d0bd435?s=96&d=mm&r=g","url":"https:\/\/secure.gravatar.com\/avatar\/3a8de04a2656d44082be478bd6c086daa447c4651605818287b9532d3d0bd435?s=96&d=mm&r=g","contentUrl":"https:\/\/secure.gravatar.com\/avatar\/3a8de04a2656d44082be478bd6c086daa447c4651605818287b9532d3d0bd435?s=96&d=mm&r=g","caption":"Lo viste en Los Pol\u00edticos"},"url":"https:\/\/lospoliticosveracruz.com\/?author=2"}]}},"_links":{"self":[{"href":"https:\/\/lospoliticosveracruz.com\/index.php?rest_route=\/wp\/v2\/posts\/161693","targetHints":{"allow":["GET"]}}],"collection":[{"href":"https:\/\/lospoliticosveracruz.com\/index.php?rest_route=\/wp\/v2\/posts"}],"about":[{"href":"https:\/\/lospoliticosveracruz.com\/index.php?rest_route=\/wp\/v2\/types\/post"}],"author":[{"embeddable":true,"href":"https:\/\/lospoliticosveracruz.com\/index.php?rest_route=\/wp\/v2\/users\/2"}],"replies":[{"embeddable":true,"href":"https:\/\/lospoliticosveracruz.com\/index.php?rest_route=%2Fwp%2Fv2%2Fcomments&post=161693"}],"version-history":[{"count":1,"href":"https:\/\/lospoliticosveracruz.com\/index.php?rest_route=\/wp\/v2\/posts\/161693\/revisions"}],"predecessor-version":[{"id":161694,"href":"https:\/\/lospoliticosveracruz.com\/index.php?rest_route=\/wp\/v2\/posts\/161693\/revisions\/161694"}],"wp:featuredmedia":[{"embeddable":true,"href":"https:\/\/lospoliticosveracruz.com\/index.php?rest_route=\/wp\/v2\/media\/141479"}],"wp:attachment":[{"href":"https:\/\/lospoliticosveracruz.com\/index.php?rest_route=%2Fwp%2Fv2%2Fmedia&parent=161693"}],"wp:term":[{"taxonomy":"category","embeddable":true,"href":"https:\/\/lospoliticosveracruz.com\/index.php?rest_route=%2Fwp%2Fv2%2Fcategories&post=161693"},{"taxonomy":"post_tag","embeddable":true,"href":"https:\/\/lospoliticosveracruz.com\/index.php?rest_route=%2Fwp%2Fv2%2Ftags&post=161693"}],"curies":[{"name":"wp","href":"https:\/\/api.w.org\/{rel}","templated":true}]}}