{"id":161698,"date":"2026-01-27T07:27:37","date_gmt":"2026-01-27T13:27:37","guid":{"rendered":"https:\/\/lospoliticosveracruz.com\/?p=161698"},"modified":"2026-01-27T07:27:38","modified_gmt":"2026-01-27T13:27:38","slug":"el-primer-mes-de-los-presidentes-municipales","status":"publish","type":"post","link":"https:\/\/lospoliticosveracruz.com\/?p=161698","title":{"rendered":"EL PRIMER MES DE LOS PRESIDENTES MUNICIPALES"},"content":{"rendered":"\n<p><strong>Yamiri Rodr\u00edguez Madrid<\/strong><br><em>La vuelta a Veracruz en un teclazo<\/em><\/p>\n\n\n\n<p>A punto de cumplir apenas su primer mes en funciones, ya muchos presidentes municipales&nbsp;veracruzanos&nbsp;demostraron de qu\u00e9 cuero salen m\u00e1s correas y, unos&nbsp;m\u00e1s, desafortunadamente, ya mostraron el cobre, como se dice coloquialmente.<\/p>\n\n\n\n<p>Ah\u00ed tiene usted al presidente municipal&nbsp;emecista&nbsp;de Catemaco, Manuel Eduardo Toscano, que nada m\u00e1s lleg\u00f3 al encargo para hacer maletas a irse a la madre patria a ver un partido del Real Madrid, con cargo al erario p\u00fablico, pues el pretexto del viaje fue promocionar al municipio en la Fitur. &nbsp; Con total descaro, todav\u00eda el compositor se avent\u00f3 un video desde el Bernabeu, lo que le cost\u00f3 una rostizada en medios nacionales y, por supuesto,&nbsp;en las redes sociales. &nbsp;Habr\u00e1 que ver qu\u00e9 cuentas le trajo a Catemaco&nbsp;y&nbsp;qu\u00e9 fue lo que logr\u00f3 con su presencia en ese escaparate internacional.<\/p>\n\n\n\n<p>A otro que tambi\u00e9n traen en le\u00f1a verde es al alcalde de San Andr\u00e9s Tuxtla, Rafael Fararoni, por su viaje a Nueva York para comprometerse. Luego quiso componerla con una&nbsp;foto en un parque vaci\u00f3, pero la quemada, ya nadie se la quita.&nbsp;En el norte, en Tantoyuca, al presidente municipal Roberto San Rom\u00e1n&nbsp;lo traen m\u00e1s vigilado&nbsp;que a cobrador de cami\u00f3n;&nbsp;le han sacado que si el reloj, que si el cintur\u00f3n, que si la camioneta, aunque&nbsp;en este caso, el mun\u00edcipe s\u00ed grab\u00f3 un video donde responsabiliza de esa campa\u00f1a negra al panista Joaqu\u00edn Guzm\u00e1n Avil\u00e9s y compa\u00f1\u00eda.<\/p>\n\n\n\n<p>En Lerdo, hace unos d\u00edas, el s\u00edndico&nbsp;petista,&nbsp;Johard Cruz Delf\u00edn, protagoniz\u00f3 un zafarrancho en plena sesi\u00f3n de Cabildo, donde incluso lleg\u00f3 a amenazar de muerte a la presidenta municipal, Flor Mar\u00eda de Jes\u00fas Sosa. Luego la responsabiliz\u00f3 de cualquier cosa que le sucede. &nbsp;Qui\u00e9n sabe qu\u00e9 han hecho de trabajo en este primer mes, pero por esc\u00e1ndalos no paran.&nbsp;Por cierto, lamentablemente este fin de semana, el nieto de la edil fue asesinado a balazos.<\/p>\n\n\n\n<p>Por supuesto, hay otros que pese a las condiciones en que les dejaron los ayuntamientos, le est\u00e1n echando muchas ganas. El presidente municipal de Coatepec, el morenista Nacho Luna, ya compr\u00f3 un nuevo cami\u00f3n de basura, que vaya que hace falta porque las colonias de las periferias del Pueblo M\u00e1gico son una inmundicia. Se entiende porque los camiones se los dejaron pr\u00e1cticamente inservibles.<\/p>\n\n\n\n<p>Destacan por supuesto, las presidentas de Veracruz y Xalapa, Rosa Mar\u00eda Hern\u00e1ndez Espejo y Daniela Griego Ceballos, quienes est\u00e1n como hormiguitas trabajando desde el primer d\u00eda en que asumieron la responsabilidad. &nbsp; Rosa Mar\u00eda, la primera alcaldesa&nbsp;de izquierda en el Puerto, tan solo en este arranque de semana anunci\u00f3 que gestion\u00f3&nbsp;que el gobierno estatal les done&nbsp;10 mil&nbsp;toneladas de asfalto, lo que servir\u00e1 para dignificar al heroico puerto, pues la&nbsp;panista Patricia Lobeira le hered\u00f3, entre otros problemas, nada m\u00e1s y nada menos que 65 mil baches.<\/p>\n\n\n\n<p>Daniela Griego ha seguido caminando por Xalapa, reuni\u00e9ndose con sectores, ordenando la administraci\u00f3n y atendiendo lo prioritario. Este lunes inici\u00f3 con las acciones del Sistema Municipal para la igualdad entre mujeres y hombres y una vida libre de violencia, adem\u00e1s de que tambi\u00e9n trae con lupa a la Comisi\u00f3n Municipal de Agua y Saneamiento (CMAS) para que todo vuelva a funcionar como tiene que ser.<\/p>\n\n\n\n<p>Un mes, sin duda,&nbsp;es muy poco tiempo, pero las y los presidentes municipales solo disponen de 48 meses para hacer una diferencia positiva en sus tierras, para dejar un legado, as\u00ed que cada mes vale, y vale mucho.<\/p>\n\n\n\n<p>@YamiriRodriguez<\/p>\n","protected":false},"excerpt":{"rendered":"<p>Yamiri Rodr\u00edguez MadridLa vuelta a Veracruz en un teclazo A punto de cumplir apenas su primer mes en funciones, ya muchos presidentes municipales&nbsp;veracruzanos&nbsp;demostraron de qu\u00e9 cuero salen m\u00e1s correas y, unos&nbsp;m\u00e1s, desafortunadamente, ya mostraron el cobre, como se dice coloquialmente. Ah\u00ed tiene usted al presidente municipal&nbsp;emecista&nbsp;de Catemaco, Manuel Eduardo Toscano, que nada m\u00e1s lleg\u00f3 al [&hellip;]<\/p>\n","protected":false},"author":2,"featured_media":141413,"comment_status":"closed","ping_status":"closed","sticky":false,"template":"","format":"standard","meta":{"tdm_status":"","tdm_grid_status":"","footnotes":""},"categories":[70],"tags":[158,5622,51942,51941,1780,51776,1279,33714,14305,11900,122,195,96],"class_list":{"0":"post-161698","1":"post","2":"type-post","3":"status-publish","4":"format-standard","5":"has-post-thumbnail","7":"category-de-opinion","8":"tag-catemaco","9":"tag-daniela-griego","10":"tag-flor-maria-de-jesus-sosa","11":"tag-johard-cruz-delfin","12":"tag-lerdo-de-tejada","13":"tag-manuel-eduardo-toscano","14":"tag-presidentes-municipales","15":"tag-rafael-fararoni","16":"tag-real-madrid","17":"tag-rosa-maria-hernandez-espejo","18":"tag-san-andres-tuxtla","19":"tag-veracruz","20":"tag-xalapa"},"yoast_head":"<!-- This site is optimized with the Yoast SEO plugin v27.4 - https:\/\/yoast.com\/product\/yoast-seo-wordpress\/ -->\n<title>EL PRIMER MES DE LOS PRESIDENTES MUNICIPALES - Los pol\u00edticos Veracruz<\/title>\n<meta name=\"robots\" content=\"index, follow, max-snippet:-1, max-image-preview:large, max-video-preview:-1\" \/>\n<link rel=\"canonical\" href=\"https:\/\/lospoliticosveracruz.com\/?p=161698\" \/>\n<meta property=\"og:locale\" content=\"es_ES\" \/>\n<meta property=\"og:type\" content=\"article\" \/>\n<meta property=\"og:title\" content=\"EL PRIMER MES DE LOS PRESIDENTES MUNICIPALES - Los pol\u00edticos Veracruz\" \/>\n<meta property=\"og:description\" content=\"Yamiri Rodr\u00edguez MadridLa vuelta a Veracruz en un teclazo A punto de cumplir apenas su primer mes en funciones, ya muchos presidentes municipales&nbsp;veracruzanos&nbsp;demostraron de qu\u00e9 cuero salen m\u00e1s correas y, unos&nbsp;m\u00e1s, desafortunadamente, ya mostraron el cobre, como se dice coloquialmente. Ah\u00ed tiene usted al presidente municipal&nbsp;emecista&nbsp;de Catemaco, Manuel Eduardo Toscano, que nada m\u00e1s lleg\u00f3 al [&hellip;]\" \/>\n<meta property=\"og:url\" content=\"https:\/\/lospoliticosveracruz.com\/?p=161698\" \/>\n<meta property=\"og:site_name\" content=\"Los pol\u00edticos Veracruz\" \/>\n<meta property=\"article:publisher\" content=\"https:\/\/www.facebook.com\/people\/Notimemes-de-los-Polticos\/61565672886568\/\" \/>\n<meta property=\"article:published_time\" content=\"2026-01-27T13:27:37+00:00\" \/>\n<meta property=\"article:modified_time\" content=\"2026-01-27T13:27:38+00:00\" \/>\n<meta property=\"og:image\" content=\"https:\/\/lospoliticosveracruz.com\/wp-content\/uploads\/2025\/04\/Yamiri-Rodriguez-Madrid-e1768315710241.jpg\" \/>\n\t<meta property=\"og:image:width\" content=\"600\" \/>\n\t<meta property=\"og:image:height\" content=\"320\" \/>\n\t<meta property=\"og:image:type\" content=\"image\/jpeg\" \/>\n<meta name=\"author\" content=\"Lo viste en Los Pol\u00edticos\" \/>\n<meta name=\"twitter:card\" content=\"summary_large_image\" \/>\n<meta name=\"twitter:creator\" content=\"@LosPoliticosVer\" \/>\n<meta name=\"twitter:site\" content=\"@LosPoliticosVer\" \/>\n<meta name=\"twitter:label1\" content=\"Escrito por\" \/>\n\t<meta name=\"twitter:data1\" content=\"Lo viste en Los Pol\u00edticos\" \/>\n\t<meta name=\"twitter:label2\" content=\"Tiempo de lectura\" \/>\n\t<meta name=\"twitter:data2\" content=\"3 minutos\" \/>\n<script type=\"application\/ld+json\" class=\"yoast-schema-graph\">{\"@context\":\"https:\\\/\\\/schema.org\",\"@graph\":[{\"@type\":\"Article\",\"@id\":\"https:\\\/\\\/lospoliticosveracruz.com\\\/?p=161698#article\",\"isPartOf\":{\"@id\":\"https:\\\/\\\/lospoliticosveracruz.com\\\/?p=161698\"},\"author\":{\"name\":\"Lo viste en Los Pol\u00edticos\",\"@id\":\"https:\\\/\\\/lospoliticosveracruz.com\\\/#\\\/schema\\\/person\\\/b8702bb0e538456e6efd07080bf2a4a2\"},\"headline\":\"EL PRIMER MES DE LOS PRESIDENTES MUNICIPALES\",\"datePublished\":\"2026-01-27T13:27:37+00:00\",\"dateModified\":\"2026-01-27T13:27:38+00:00\",\"mainEntityOfPage\":{\"@id\":\"https:\\\/\\\/lospoliticosveracruz.com\\\/?p=161698\"},\"wordCount\":653,\"publisher\":{\"@id\":\"https:\\\/\\\/lospoliticosveracruz.com\\\/#organization\"},\"image\":{\"@id\":\"https:\\\/\\\/lospoliticosveracruz.com\\\/?p=161698#primaryimage\"},\"thumbnailUrl\":\"https:\\\/\\\/lospoliticosveracruz.com\\\/wp-content\\\/uploads\\\/2025\\\/04\\\/Yamiri-Rodriguez-Madrid-e1768315710241.jpg\",\"keywords\":[\"Catemaco\",\"Daniela Griego\",\"Flor Mar\u00eda de Jes\u00fas Sosa\",\"Johard Cruz Delf\u00edn\",\"Lerdo de Tejada\",\"Manuel Eduardo Toscano\",\"presidentes municipales\",\"Rafael Fararoni\",\"Real Madrid\",\"Rosa Mar\u00eda Hern\u00e1ndez Espejo\",\"San Andr\u00e9s Tuxtla\",\"Veracruz\",\"Xalapa\"],\"articleSection\":[\"De Opini\u00f3n\"],\"inLanguage\":\"es\"},{\"@type\":\"WebPage\",\"@id\":\"https:\\\/\\\/lospoliticosveracruz.com\\\/?p=161698\",\"url\":\"https:\\\/\\\/lospoliticosveracruz.com\\\/?p=161698\",\"name\":\"EL PRIMER MES DE LOS PRESIDENTES MUNICIPALES - Los pol\u00edticos Veracruz\",\"isPartOf\":{\"@id\":\"https:\\\/\\\/lospoliticosveracruz.com\\\/#website\"},\"primaryImageOfPage\":{\"@id\":\"https:\\\/\\\/lospoliticosveracruz.com\\\/?p=161698#primaryimage\"},\"image\":{\"@id\":\"https:\\\/\\\/lospoliticosveracruz.com\\\/?p=161698#primaryimage\"},\"thumbnailUrl\":\"https:\\\/\\\/lospoliticosveracruz.com\\\/wp-content\\\/uploads\\\/2025\\\/04\\\/Yamiri-Rodriguez-Madrid-e1768315710241.jpg\",\"datePublished\":\"2026-01-27T13:27:37+00:00\",\"dateModified\":\"2026-01-27T13:27:38+00:00\",\"breadcrumb\":{\"@id\":\"https:\\\/\\\/lospoliticosveracruz.com\\\/?p=161698#breadcrumb\"},\"inLanguage\":\"es\",\"potentialAction\":[{\"@type\":\"ReadAction\",\"target\":[\"https:\\\/\\\/lospoliticosveracruz.com\\\/?p=161698\"]}]},{\"@type\":\"ImageObject\",\"inLanguage\":\"es\",\"@id\":\"https:\\\/\\\/lospoliticosveracruz.com\\\/?p=161698#primaryimage\",\"url\":\"https:\\\/\\\/lospoliticosveracruz.com\\\/wp-content\\\/uploads\\\/2025\\\/04\\\/Yamiri-Rodriguez-Madrid-e1768315710241.jpg\",\"contentUrl\":\"https:\\\/\\\/lospoliticosveracruz.com\\\/wp-content\\\/uploads\\\/2025\\\/04\\\/Yamiri-Rodriguez-Madrid-e1768315710241.jpg\",\"width\":600,\"height\":320},{\"@type\":\"BreadcrumbList\",\"@id\":\"https:\\\/\\\/lospoliticosveracruz.com\\\/?p=161698#breadcrumb\",\"itemListElement\":[{\"@type\":\"ListItem\",\"position\":1,\"name\":\"Portada\",\"item\":\"https:\\\/\\\/lospoliticosveracruz.com\\\/\"},{\"@type\":\"ListItem\",\"position\":2,\"name\":\"EL PRIMER MES DE LOS PRESIDENTES MUNICIPALES\"}]},{\"@type\":\"WebSite\",\"@id\":\"https:\\\/\\\/lospoliticosveracruz.com\\\/#website\",\"url\":\"https:\\\/\\\/lospoliticosveracruz.com\\\/\",\"name\":\"Los pol\u00edticos Veracruz\",\"description\":\"\",\"publisher\":{\"@id\":\"https:\\\/\\\/lospoliticosveracruz.com\\\/#organization\"},\"potentialAction\":[{\"@type\":\"SearchAction\",\"target\":{\"@type\":\"EntryPoint\",\"urlTemplate\":\"https:\\\/\\\/lospoliticosveracruz.com\\\/?s={search_term_string}\"},\"query-input\":{\"@type\":\"PropertyValueSpecification\",\"valueRequired\":true,\"valueName\":\"search_term_string\"}}],\"inLanguage\":\"es\"},{\"@type\":\"Organization\",\"@id\":\"https:\\\/\\\/lospoliticosveracruz.com\\\/#organization\",\"name\":\"Los pol\u00edticos Veracruz\",\"url\":\"https:\\\/\\\/lospoliticosveracruz.com\\\/\",\"logo\":{\"@type\":\"ImageObject\",\"inLanguage\":\"es\",\"@id\":\"https:\\\/\\\/lospoliticosveracruz.com\\\/#\\\/schema\\\/logo\\\/image\\\/\",\"url\":\"https:\\\/\\\/lospoliticosveracruz.com\\\/wp-content\\\/uploads\\\/2025\\\/12\\\/Logo-Nuevo-LOS-POLITICOS-1.jpg\",\"contentUrl\":\"https:\\\/\\\/lospoliticosveracruz.com\\\/wp-content\\\/uploads\\\/2025\\\/12\\\/Logo-Nuevo-LOS-POLITICOS-1.jpg\",\"width\":260,\"height\":70,\"caption\":\"Los pol\u00edticos Veracruz\"},\"image\":{\"@id\":\"https:\\\/\\\/lospoliticosveracruz.com\\\/#\\\/schema\\\/logo\\\/image\\\/\"},\"sameAs\":[\"https:\\\/\\\/www.facebook.com\\\/people\\\/Notimemes-de-los-Polticos\\\/61565672886568\\\/\",\"https:\\\/\\\/x.com\\\/LosPoliticosVer\"]},{\"@type\":\"Person\",\"@id\":\"https:\\\/\\\/lospoliticosveracruz.com\\\/#\\\/schema\\\/person\\\/b8702bb0e538456e6efd07080bf2a4a2\",\"name\":\"Lo viste en Los Pol\u00edticos\",\"image\":{\"@type\":\"ImageObject\",\"inLanguage\":\"es\",\"@id\":\"https:\\\/\\\/secure.gravatar.com\\\/avatar\\\/3a8de04a2656d44082be478bd6c086daa447c4651605818287b9532d3d0bd435?s=96&d=mm&r=g\",\"url\":\"https:\\\/\\\/secure.gravatar.com\\\/avatar\\\/3a8de04a2656d44082be478bd6c086daa447c4651605818287b9532d3d0bd435?s=96&d=mm&r=g\",\"contentUrl\":\"https:\\\/\\\/secure.gravatar.com\\\/avatar\\\/3a8de04a2656d44082be478bd6c086daa447c4651605818287b9532d3d0bd435?s=96&d=mm&r=g\",\"caption\":\"Lo viste en Los Pol\u00edticos\"},\"url\":\"https:\\\/\\\/lospoliticosveracruz.com\\\/?author=2\"}]}<\/script>\n<!-- \/ Yoast SEO plugin. -->","yoast_head_json":{"title":"EL PRIMER MES DE LOS PRESIDENTES MUNICIPALES - Los pol\u00edticos Veracruz","robots":{"index":"index","follow":"follow","max-snippet":"max-snippet:-1","max-image-preview":"max-image-preview:large","max-video-preview":"max-video-preview:-1"},"canonical":"https:\/\/lospoliticosveracruz.com\/?p=161698","og_locale":"es_ES","og_type":"article","og_title":"EL PRIMER MES DE LOS PRESIDENTES MUNICIPALES - Los pol\u00edticos Veracruz","og_description":"Yamiri Rodr\u00edguez MadridLa vuelta a Veracruz en un teclazo A punto de cumplir apenas su primer mes en funciones, ya muchos presidentes municipales&nbsp;veracruzanos&nbsp;demostraron de qu\u00e9 cuero salen m\u00e1s correas y, unos&nbsp;m\u00e1s, desafortunadamente, ya mostraron el cobre, como se dice coloquialmente. Ah\u00ed tiene usted al presidente municipal&nbsp;emecista&nbsp;de Catemaco, Manuel Eduardo Toscano, que nada m\u00e1s lleg\u00f3 al [&hellip;]","og_url":"https:\/\/lospoliticosveracruz.com\/?p=161698","og_site_name":"Los pol\u00edticos Veracruz","article_publisher":"https:\/\/www.facebook.com\/people\/Notimemes-de-los-Polticos\/61565672886568\/","article_published_time":"2026-01-27T13:27:37+00:00","article_modified_time":"2026-01-27T13:27:38+00:00","og_image":[{"width":600,"height":320,"url":"https:\/\/lospoliticosveracruz.com\/wp-content\/uploads\/2025\/04\/Yamiri-Rodriguez-Madrid-e1768315710241.jpg","type":"image\/jpeg"}],"author":"Lo viste en Los Pol\u00edticos","twitter_card":"summary_large_image","twitter_creator":"@LosPoliticosVer","twitter_site":"@LosPoliticosVer","twitter_misc":{"Escrito por":"Lo viste en Los Pol\u00edticos","Tiempo de lectura":"3 minutos"},"schema":{"@context":"https:\/\/schema.org","@graph":[{"@type":"Article","@id":"https:\/\/lospoliticosveracruz.com\/?p=161698#article","isPartOf":{"@id":"https:\/\/lospoliticosveracruz.com\/?p=161698"},"author":{"name":"Lo viste en Los Pol\u00edticos","@id":"https:\/\/lospoliticosveracruz.com\/#\/schema\/person\/b8702bb0e538456e6efd07080bf2a4a2"},"headline":"EL PRIMER MES DE LOS PRESIDENTES MUNICIPALES","datePublished":"2026-01-27T13:27:37+00:00","dateModified":"2026-01-27T13:27:38+00:00","mainEntityOfPage":{"@id":"https:\/\/lospoliticosveracruz.com\/?p=161698"},"wordCount":653,"publisher":{"@id":"https:\/\/lospoliticosveracruz.com\/#organization"},"image":{"@id":"https:\/\/lospoliticosveracruz.com\/?p=161698#primaryimage"},"thumbnailUrl":"https:\/\/lospoliticosveracruz.com\/wp-content\/uploads\/2025\/04\/Yamiri-Rodriguez-Madrid-e1768315710241.jpg","keywords":["Catemaco","Daniela Griego","Flor Mar\u00eda de Jes\u00fas Sosa","Johard Cruz Delf\u00edn","Lerdo de Tejada","Manuel Eduardo Toscano","presidentes municipales","Rafael Fararoni","Real Madrid","Rosa Mar\u00eda Hern\u00e1ndez Espejo","San Andr\u00e9s Tuxtla","Veracruz","Xalapa"],"articleSection":["De Opini\u00f3n"],"inLanguage":"es"},{"@type":"WebPage","@id":"https:\/\/lospoliticosveracruz.com\/?p=161698","url":"https:\/\/lospoliticosveracruz.com\/?p=161698","name":"EL PRIMER MES DE LOS PRESIDENTES MUNICIPALES - Los pol\u00edticos Veracruz","isPartOf":{"@id":"https:\/\/lospoliticosveracruz.com\/#website"},"primaryImageOfPage":{"@id":"https:\/\/lospoliticosveracruz.com\/?p=161698#primaryimage"},"image":{"@id":"https:\/\/lospoliticosveracruz.com\/?p=161698#primaryimage"},"thumbnailUrl":"https:\/\/lospoliticosveracruz.com\/wp-content\/uploads\/2025\/04\/Yamiri-Rodriguez-Madrid-e1768315710241.jpg","datePublished":"2026-01-27T13:27:37+00:00","dateModified":"2026-01-27T13:27:38+00:00","breadcrumb":{"@id":"https:\/\/lospoliticosveracruz.com\/?p=161698#breadcrumb"},"inLanguage":"es","potentialAction":[{"@type":"ReadAction","target":["https:\/\/lospoliticosveracruz.com\/?p=161698"]}]},{"@type":"ImageObject","inLanguage":"es","@id":"https:\/\/lospoliticosveracruz.com\/?p=161698#primaryimage","url":"https:\/\/lospoliticosveracruz.com\/wp-content\/uploads\/2025\/04\/Yamiri-Rodriguez-Madrid-e1768315710241.jpg","contentUrl":"https:\/\/lospoliticosveracruz.com\/wp-content\/uploads\/2025\/04\/Yamiri-Rodriguez-Madrid-e1768315710241.jpg","width":600,"height":320},{"@type":"BreadcrumbList","@id":"https:\/\/lospoliticosveracruz.com\/?p=161698#breadcrumb","itemListElement":[{"@type":"ListItem","position":1,"name":"Portada","item":"https:\/\/lospoliticosveracruz.com\/"},{"@type":"ListItem","position":2,"name":"EL PRIMER MES DE LOS PRESIDENTES MUNICIPALES"}]},{"@type":"WebSite","@id":"https:\/\/lospoliticosveracruz.com\/#website","url":"https:\/\/lospoliticosveracruz.com\/","name":"Los pol\u00edticos Veracruz","description":"","publisher":{"@id":"https:\/\/lospoliticosveracruz.com\/#organization"},"potentialAction":[{"@type":"SearchAction","target":{"@type":"EntryPoint","urlTemplate":"https:\/\/lospoliticosveracruz.com\/?s={search_term_string}"},"query-input":{"@type":"PropertyValueSpecification","valueRequired":true,"valueName":"search_term_string"}}],"inLanguage":"es"},{"@type":"Organization","@id":"https:\/\/lospoliticosveracruz.com\/#organization","name":"Los pol\u00edticos Veracruz","url":"https:\/\/lospoliticosveracruz.com\/","logo":{"@type":"ImageObject","inLanguage":"es","@id":"https:\/\/lospoliticosveracruz.com\/#\/schema\/logo\/image\/","url":"https:\/\/lospoliticosveracruz.com\/wp-content\/uploads\/2025\/12\/Logo-Nuevo-LOS-POLITICOS-1.jpg","contentUrl":"https:\/\/lospoliticosveracruz.com\/wp-content\/uploads\/2025\/12\/Logo-Nuevo-LOS-POLITICOS-1.jpg","width":260,"height":70,"caption":"Los pol\u00edticos Veracruz"},"image":{"@id":"https:\/\/lospoliticosveracruz.com\/#\/schema\/logo\/image\/"},"sameAs":["https:\/\/www.facebook.com\/people\/Notimemes-de-los-Polticos\/61565672886568\/","https:\/\/x.com\/LosPoliticosVer"]},{"@type":"Person","@id":"https:\/\/lospoliticosveracruz.com\/#\/schema\/person\/b8702bb0e538456e6efd07080bf2a4a2","name":"Lo viste en Los Pol\u00edticos","image":{"@type":"ImageObject","inLanguage":"es","@id":"https:\/\/secure.gravatar.com\/avatar\/3a8de04a2656d44082be478bd6c086daa447c4651605818287b9532d3d0bd435?s=96&d=mm&r=g","url":"https:\/\/secure.gravatar.com\/avatar\/3a8de04a2656d44082be478bd6c086daa447c4651605818287b9532d3d0bd435?s=96&d=mm&r=g","contentUrl":"https:\/\/secure.gravatar.com\/avatar\/3a8de04a2656d44082be478bd6c086daa447c4651605818287b9532d3d0bd435?s=96&d=mm&r=g","caption":"Lo viste en Los Pol\u00edticos"},"url":"https:\/\/lospoliticosveracruz.com\/?author=2"}]}},"_links":{"self":[{"href":"https:\/\/lospoliticosveracruz.com\/index.php?rest_route=\/wp\/v2\/posts\/161698","targetHints":{"allow":["GET"]}}],"collection":[{"href":"https:\/\/lospoliticosveracruz.com\/index.php?rest_route=\/wp\/v2\/posts"}],"about":[{"href":"https:\/\/lospoliticosveracruz.com\/index.php?rest_route=\/wp\/v2\/types\/post"}],"author":[{"embeddable":true,"href":"https:\/\/lospoliticosveracruz.com\/index.php?rest_route=\/wp\/v2\/users\/2"}],"replies":[{"embeddable":true,"href":"https:\/\/lospoliticosveracruz.com\/index.php?rest_route=%2Fwp%2Fv2%2Fcomments&post=161698"}],"version-history":[{"count":1,"href":"https:\/\/lospoliticosveracruz.com\/index.php?rest_route=\/wp\/v2\/posts\/161698\/revisions"}],"predecessor-version":[{"id":161699,"href":"https:\/\/lospoliticosveracruz.com\/index.php?rest_route=\/wp\/v2\/posts\/161698\/revisions\/161699"}],"wp:featuredmedia":[{"embeddable":true,"href":"https:\/\/lospoliticosveracruz.com\/index.php?rest_route=\/wp\/v2\/media\/141413"}],"wp:attachment":[{"href":"https:\/\/lospoliticosveracruz.com\/index.php?rest_route=%2Fwp%2Fv2%2Fmedia&parent=161698"}],"wp:term":[{"taxonomy":"category","embeddable":true,"href":"https:\/\/lospoliticosveracruz.com\/index.php?rest_route=%2Fwp%2Fv2%2Fcategories&post=161698"},{"taxonomy":"post_tag","embeddable":true,"href":"https:\/\/lospoliticosveracruz.com\/index.php?rest_route=%2Fwp%2Fv2%2Ftags&post=161698"}],"curies":[{"name":"wp","href":"https:\/\/api.w.org\/{rel}","templated":true}]}}