{"id":161704,"date":"2026-01-27T23:27:24","date_gmt":"2026-01-28T05:27:24","guid":{"rendered":"https:\/\/lospoliticosveracruz.com\/?p=161704"},"modified":"2026-01-27T23:27:26","modified_gmt":"2026-01-28T05:27:26","slug":"los-numeros-desmienten-al-discurso","status":"publish","type":"post","link":"https:\/\/lospoliticosveracruz.com\/?p=161704","title":{"rendered":"LOS N\u00daMEROS DESMIENTEN AL DISCURSO"},"content":{"rendered":"\n<p><strong>NdelaR<\/strong><br>La afirmaci\u00f3n de la gobernadora de Veracruz, Roc\u00edo Nahle Garc\u00eda, de que no recibi\u00f3 una deuda millonaria heredada por la administraci\u00f3n de Cuitl\u00e1huac Garc\u00eda Jim\u00e9nez, no resiste el m\u00ednimo contraste con los datos oficiales y los informes de auditor\u00eda p\u00fablica.<\/p>\n\n\n\n<p>Lejos de tratarse de una \u201cnota falsa\u201d, las cifras documentadas exhiben una realidad financiera que contradice directamente su discurso.<\/p>\n\n\n\n<p>LA DEUDA EXIST\u00cdA Y ESTABA REGISTRADA<\/p>\n\n\n\n<p>Al cierre del ejercicio fiscal 2024, el \u00d3rgano de Fiscalizaci\u00f3n Superior del Estado de Veracruz (ORFIS) report\u00f3 una deuda p\u00fablica estatal de 51 mil 276 millones de pesos, cifra que fue presentada formalmente ante el Congreso local y que constituye un dato auditado, verificable y oficial.<\/p>\n\n\n\n<p>Negar la existencia de una deuda de ese tama\u00f1o no es un asunto menor ni sem\u00e1ntico: 51 mil millones de pesos representan una carga financiera considerable, con impacto directo en la capacidad operativa del estado y en el ejercicio presupuestal de la nueva administraci\u00f3n.<\/p>\n\n\n\n<p>LA CONTRADICCI\u00d3N DEL DISCURSO OFICIAL<\/p>\n\n\n\n<p>La propia gobernadora ha sostenido versiones contradictorias. Por un lado, niega haber recibido una deuda heredada; por otro, reconoce p\u00fablicamente que recibi\u00f3 50 mil millones de pesos de deuda bancaria, afirmando incluso que el exgobernador Cuitl\u00e1huac Garc\u00eda \u201cpag\u00f3 cerca de 20 mil millones\u201d.<\/p>\n\n\n\n<p>Ambas afirmaciones no pueden coexistir sin una contradicci\u00f3n evidente: si hab\u00eda 50 mil millones de deuda bancaria al inicio de su gesti\u00f3n, entonces s\u00ed hubo deuda heredada.<\/p>\n\n\n\n<p>Negarlo es falsear la narrativa frente a los propios n\u00fameros del gobierno estatal.<\/p>\n\n\n\n<p>LOS 119 MIL MILLONES: UNA CIFRA SIN RESPALDO AUDITOR<\/p>\n\n\n\n<p>La administraci\u00f3n de Roc\u00edo Nahle ha difundido que recibi\u00f3 una deuda total de 119 mil 388 millones de pesos, cifra que supuestamente se habr\u00eda reducido a poco m\u00e1s de 69 mil millones en su primer a\u00f1o.<\/p>\n\n\n\n<p>Sin embargo, esa cifra de 119 mil millones no coincide con los registros del ORFIS ni con los reportes homologados de deuda p\u00fablica, que sit\u00faan la deuda real en poco m\u00e1s de 51 mil millones al cierre de 2024.<\/p>\n\n\n\n<p>La diferencia de casi 68 mil millones de pesos entre lo que reportan los auditores y lo que sostiene el discurso oficial no ha sido explicada con claridad, ni se ha presentado una conciliaci\u00f3n p\u00fablica que justifique ese desfase.<\/p>\n\n\n\n<p>REDUCCI\u00d3N CONTABLE NO ES LO MISMO QUE PAGO REAL<\/p>\n\n\n\n<p>Otro punto clave que el discurso gubernamental omite es que una parte significativa de la supuesta reducci\u00f3n de deuda no corresponde a pagos efectivos, sino a reclasificaciones contables, ajustes administrativos y regularizaci\u00f3n de pasivos fiscales con instancias como el SAT o el ISSSTE.<\/p>\n\n\n\n<p>Esto significa que la disminuci\u00f3n anunciada no puede atribuirse \u00edntegramente a una mejora financiera real, sino tambi\u00e9n a cambios en la forma de registrar obligaciones preexistentes.<\/p>\n\n\n\n<p>LOS DATOS DUROS<\/p>\n\n\n\n<p>\u2013 Deuda p\u00fablica de Veracruz al cierre de 2024 (ORFIS): 51,276 millones de pesos<\/p>\n\n\n\n<p>\u2013 Deuda bancaria reconocida por la propia gobernadora al inicio de su gesti\u00f3n: 50 mil millones de pesos<\/p>\n\n\n\n<p>\u2013 Diferencia no aclarada entre cifras oficiales y auditor\u00edas: casi 68 mil millones de pesos<\/p>\n\n\n\n<p>\u2013 Falta de conciliaci\u00f3n p\u00fablica entre SEFIPLAN y \u00f3rganos fiscalizadores independientes<\/p>\n\n\n\n<p>La afirmaci\u00f3n de Roc\u00edo Nahle de que \u201cno le heredaron deuda\u201d es insostenible frente a los datos oficiales.<br>Los registros de auditor\u00eda, las cifras reconocidas por su propio gobierno y las inconsistencias en su discurso revelan una narrativa pol\u00edtica que no coincide con la realidad financiera documentada del estado.<\/p>\n\n\n\n<p>Negar la deuda no la desaparece.<\/p>\n\n\n\n<p>Y los n\u00fameros, a diferencia del discurso, no mienten.<\/p>\n\n\n\n<p><\/p>\n","protected":false},"excerpt":{"rendered":"<p>NdelaRLa afirmaci\u00f3n de la gobernadora de Veracruz, Roc\u00edo Nahle Garc\u00eda, de que no recibi\u00f3 una deuda millonaria heredada por la administraci\u00f3n de Cuitl\u00e1huac Garc\u00eda Jim\u00e9nez, no resiste el m\u00ednimo contraste con los datos oficiales y los informes de auditor\u00eda p\u00fablica. Lejos de tratarse de una \u201cnota falsa\u201d, las cifras documentadas exhiben una realidad financiera que [&hellip;]<\/p>\n","protected":false},"author":2,"featured_media":155466,"comment_status":"closed","ping_status":"closed","sticky":false,"template":"","format":"standard","meta":{"tdm_status":"","tdm_grid_status":"","footnotes":""},"categories":[74],"tags":[1563,595,1026,3578,195],"class_list":{"0":"post-161704","1":"post","2":"type-post","3":"status-publish","4":"format-standard","5":"has-post-thumbnail","7":"category-lavadero","8":"tag-cuitlahuac-garcia-jimenez","9":"tag-deuda","10":"tag-morena","11":"tag-rocio-nahle","12":"tag-veracruz"},"yoast_head":"<!-- This site is optimized with the Yoast SEO plugin v27.4 - https:\/\/yoast.com\/product\/yoast-seo-wordpress\/ -->\n<title>LOS N\u00daMEROS DESMIENTEN AL DISCURSO - Los pol\u00edticos Veracruz<\/title>\n<meta name=\"robots\" content=\"index, follow, max-snippet:-1, max-image-preview:large, max-video-preview:-1\" \/>\n<link rel=\"canonical\" href=\"https:\/\/lospoliticosveracruz.com\/?p=161704\" \/>\n<meta property=\"og:locale\" content=\"es_ES\" \/>\n<meta property=\"og:type\" content=\"article\" \/>\n<meta property=\"og:title\" content=\"LOS N\u00daMEROS DESMIENTEN AL DISCURSO - Los pol\u00edticos Veracruz\" \/>\n<meta property=\"og:description\" content=\"NdelaRLa afirmaci\u00f3n de la gobernadora de Veracruz, Roc\u00edo Nahle Garc\u00eda, de que no recibi\u00f3 una deuda millonaria heredada por la administraci\u00f3n de Cuitl\u00e1huac Garc\u00eda Jim\u00e9nez, no resiste el m\u00ednimo contraste con los datos oficiales y los informes de auditor\u00eda p\u00fablica. Lejos de tratarse de una \u201cnota falsa\u201d, las cifras documentadas exhiben una realidad financiera que [&hellip;]\" \/>\n<meta property=\"og:url\" content=\"https:\/\/lospoliticosveracruz.com\/?p=161704\" \/>\n<meta property=\"og:site_name\" content=\"Los pol\u00edticos Veracruz\" \/>\n<meta property=\"article:publisher\" content=\"https:\/\/www.facebook.com\/people\/Notimemes-de-los-Polticos\/61565672886568\/\" \/>\n<meta property=\"article:published_time\" content=\"2026-01-28T05:27:24+00:00\" \/>\n<meta property=\"article:modified_time\" content=\"2026-01-28T05:27:26+00:00\" \/>\n<meta property=\"og:image\" content=\"https:\/\/lospoliticosveracruz.com\/wp-content\/uploads\/2025\/10\/Nahle-Llorona.jpg\" \/>\n\t<meta property=\"og:image:width\" content=\"600\" \/>\n\t<meta property=\"og:image:height\" content=\"320\" \/>\n\t<meta property=\"og:image:type\" content=\"image\/jpeg\" \/>\n<meta name=\"author\" content=\"Lo viste en Los Pol\u00edticos\" \/>\n<meta name=\"twitter:card\" content=\"summary_large_image\" \/>\n<meta name=\"twitter:creator\" content=\"@LosPoliticosVer\" \/>\n<meta name=\"twitter:site\" content=\"@LosPoliticosVer\" \/>\n<meta name=\"twitter:label1\" content=\"Escrito por\" \/>\n\t<meta name=\"twitter:data1\" content=\"Lo viste en Los Pol\u00edticos\" \/>\n\t<meta name=\"twitter:label2\" content=\"Tiempo de lectura\" \/>\n\t<meta name=\"twitter:data2\" content=\"3 minutos\" \/>\n<script type=\"application\/ld+json\" class=\"yoast-schema-graph\">{\"@context\":\"https:\\\/\\\/schema.org\",\"@graph\":[{\"@type\":\"Article\",\"@id\":\"https:\\\/\\\/lospoliticosveracruz.com\\\/?p=161704#article\",\"isPartOf\":{\"@id\":\"https:\\\/\\\/lospoliticosveracruz.com\\\/?p=161704\"},\"author\":{\"name\":\"Lo viste en Los Pol\u00edticos\",\"@id\":\"https:\\\/\\\/lospoliticosveracruz.com\\\/#\\\/schema\\\/person\\\/b8702bb0e538456e6efd07080bf2a4a2\"},\"headline\":\"LOS N\u00daMEROS DESMIENTEN AL DISCURSO\",\"datePublished\":\"2026-01-28T05:27:24+00:00\",\"dateModified\":\"2026-01-28T05:27:26+00:00\",\"mainEntityOfPage\":{\"@id\":\"https:\\\/\\\/lospoliticosveracruz.com\\\/?p=161704\"},\"wordCount\":602,\"publisher\":{\"@id\":\"https:\\\/\\\/lospoliticosveracruz.com\\\/#organization\"},\"image\":{\"@id\":\"https:\\\/\\\/lospoliticosveracruz.com\\\/?p=161704#primaryimage\"},\"thumbnailUrl\":\"https:\\\/\\\/lospoliticosveracruz.com\\\/wp-content\\\/uploads\\\/2025\\\/10\\\/Nahle-Llorona.jpg\",\"keywords\":[\"Cuitl\u00e1huac Garc\u00eda Jim\u00e9nez\",\"deuda\",\"Morena\",\"Roc\u00edo Nahle\",\"Veracruz\"],\"articleSection\":[\"Lavadero\"],\"inLanguage\":\"es\"},{\"@type\":\"WebPage\",\"@id\":\"https:\\\/\\\/lospoliticosveracruz.com\\\/?p=161704\",\"url\":\"https:\\\/\\\/lospoliticosveracruz.com\\\/?p=161704\",\"name\":\"LOS N\u00daMEROS DESMIENTEN AL DISCURSO - Los pol\u00edticos Veracruz\",\"isPartOf\":{\"@id\":\"https:\\\/\\\/lospoliticosveracruz.com\\\/#website\"},\"primaryImageOfPage\":{\"@id\":\"https:\\\/\\\/lospoliticosveracruz.com\\\/?p=161704#primaryimage\"},\"image\":{\"@id\":\"https:\\\/\\\/lospoliticosveracruz.com\\\/?p=161704#primaryimage\"},\"thumbnailUrl\":\"https:\\\/\\\/lospoliticosveracruz.com\\\/wp-content\\\/uploads\\\/2025\\\/10\\\/Nahle-Llorona.jpg\",\"datePublished\":\"2026-01-28T05:27:24+00:00\",\"dateModified\":\"2026-01-28T05:27:26+00:00\",\"breadcrumb\":{\"@id\":\"https:\\\/\\\/lospoliticosveracruz.com\\\/?p=161704#breadcrumb\"},\"inLanguage\":\"es\",\"potentialAction\":[{\"@type\":\"ReadAction\",\"target\":[\"https:\\\/\\\/lospoliticosveracruz.com\\\/?p=161704\"]}]},{\"@type\":\"ImageObject\",\"inLanguage\":\"es\",\"@id\":\"https:\\\/\\\/lospoliticosveracruz.com\\\/?p=161704#primaryimage\",\"url\":\"https:\\\/\\\/lospoliticosveracruz.com\\\/wp-content\\\/uploads\\\/2025\\\/10\\\/Nahle-Llorona.jpg\",\"contentUrl\":\"https:\\\/\\\/lospoliticosveracruz.com\\\/wp-content\\\/uploads\\\/2025\\\/10\\\/Nahle-Llorona.jpg\",\"width\":600,\"height\":320},{\"@type\":\"BreadcrumbList\",\"@id\":\"https:\\\/\\\/lospoliticosveracruz.com\\\/?p=161704#breadcrumb\",\"itemListElement\":[{\"@type\":\"ListItem\",\"position\":1,\"name\":\"Portada\",\"item\":\"https:\\\/\\\/lospoliticosveracruz.com\\\/\"},{\"@type\":\"ListItem\",\"position\":2,\"name\":\"LOS N\u00daMEROS DESMIENTEN AL DISCURSO\"}]},{\"@type\":\"WebSite\",\"@id\":\"https:\\\/\\\/lospoliticosveracruz.com\\\/#website\",\"url\":\"https:\\\/\\\/lospoliticosveracruz.com\\\/\",\"name\":\"Los pol\u00edticos Veracruz\",\"description\":\"\",\"publisher\":{\"@id\":\"https:\\\/\\\/lospoliticosveracruz.com\\\/#organization\"},\"potentialAction\":[{\"@type\":\"SearchAction\",\"target\":{\"@type\":\"EntryPoint\",\"urlTemplate\":\"https:\\\/\\\/lospoliticosveracruz.com\\\/?s={search_term_string}\"},\"query-input\":{\"@type\":\"PropertyValueSpecification\",\"valueRequired\":true,\"valueName\":\"search_term_string\"}}],\"inLanguage\":\"es\"},{\"@type\":\"Organization\",\"@id\":\"https:\\\/\\\/lospoliticosveracruz.com\\\/#organization\",\"name\":\"Los pol\u00edticos Veracruz\",\"url\":\"https:\\\/\\\/lospoliticosveracruz.com\\\/\",\"logo\":{\"@type\":\"ImageObject\",\"inLanguage\":\"es\",\"@id\":\"https:\\\/\\\/lospoliticosveracruz.com\\\/#\\\/schema\\\/logo\\\/image\\\/\",\"url\":\"https:\\\/\\\/lospoliticosveracruz.com\\\/wp-content\\\/uploads\\\/2025\\\/12\\\/Logo-Nuevo-LOS-POLITICOS-1.jpg\",\"contentUrl\":\"https:\\\/\\\/lospoliticosveracruz.com\\\/wp-content\\\/uploads\\\/2025\\\/12\\\/Logo-Nuevo-LOS-POLITICOS-1.jpg\",\"width\":260,\"height\":70,\"caption\":\"Los pol\u00edticos Veracruz\"},\"image\":{\"@id\":\"https:\\\/\\\/lospoliticosveracruz.com\\\/#\\\/schema\\\/logo\\\/image\\\/\"},\"sameAs\":[\"https:\\\/\\\/www.facebook.com\\\/people\\\/Notimemes-de-los-Polticos\\\/61565672886568\\\/\",\"https:\\\/\\\/x.com\\\/LosPoliticosVer\"]},{\"@type\":\"Person\",\"@id\":\"https:\\\/\\\/lospoliticosveracruz.com\\\/#\\\/schema\\\/person\\\/b8702bb0e538456e6efd07080bf2a4a2\",\"name\":\"Lo viste en Los Pol\u00edticos\",\"image\":{\"@type\":\"ImageObject\",\"inLanguage\":\"es\",\"@id\":\"https:\\\/\\\/secure.gravatar.com\\\/avatar\\\/3a8de04a2656d44082be478bd6c086daa447c4651605818287b9532d3d0bd435?s=96&d=mm&r=g\",\"url\":\"https:\\\/\\\/secure.gravatar.com\\\/avatar\\\/3a8de04a2656d44082be478bd6c086daa447c4651605818287b9532d3d0bd435?s=96&d=mm&r=g\",\"contentUrl\":\"https:\\\/\\\/secure.gravatar.com\\\/avatar\\\/3a8de04a2656d44082be478bd6c086daa447c4651605818287b9532d3d0bd435?s=96&d=mm&r=g\",\"caption\":\"Lo viste en Los Pol\u00edticos\"},\"url\":\"https:\\\/\\\/lospoliticosveracruz.com\\\/?author=2\"}]}<\/script>\n<!-- \/ Yoast SEO plugin. -->","yoast_head_json":{"title":"LOS N\u00daMEROS DESMIENTEN AL DISCURSO - Los pol\u00edticos Veracruz","robots":{"index":"index","follow":"follow","max-snippet":"max-snippet:-1","max-image-preview":"max-image-preview:large","max-video-preview":"max-video-preview:-1"},"canonical":"https:\/\/lospoliticosveracruz.com\/?p=161704","og_locale":"es_ES","og_type":"article","og_title":"LOS N\u00daMEROS DESMIENTEN AL DISCURSO - Los pol\u00edticos Veracruz","og_description":"NdelaRLa afirmaci\u00f3n de la gobernadora de Veracruz, Roc\u00edo Nahle Garc\u00eda, de que no recibi\u00f3 una deuda millonaria heredada por la administraci\u00f3n de Cuitl\u00e1huac Garc\u00eda Jim\u00e9nez, no resiste el m\u00ednimo contraste con los datos oficiales y los informes de auditor\u00eda p\u00fablica. Lejos de tratarse de una \u201cnota falsa\u201d, las cifras documentadas exhiben una realidad financiera que [&hellip;]","og_url":"https:\/\/lospoliticosveracruz.com\/?p=161704","og_site_name":"Los pol\u00edticos Veracruz","article_publisher":"https:\/\/www.facebook.com\/people\/Notimemes-de-los-Polticos\/61565672886568\/","article_published_time":"2026-01-28T05:27:24+00:00","article_modified_time":"2026-01-28T05:27:26+00:00","og_image":[{"width":600,"height":320,"url":"https:\/\/lospoliticosveracruz.com\/wp-content\/uploads\/2025\/10\/Nahle-Llorona.jpg","type":"image\/jpeg"}],"author":"Lo viste en Los Pol\u00edticos","twitter_card":"summary_large_image","twitter_creator":"@LosPoliticosVer","twitter_site":"@LosPoliticosVer","twitter_misc":{"Escrito por":"Lo viste en Los Pol\u00edticos","Tiempo de lectura":"3 minutos"},"schema":{"@context":"https:\/\/schema.org","@graph":[{"@type":"Article","@id":"https:\/\/lospoliticosveracruz.com\/?p=161704#article","isPartOf":{"@id":"https:\/\/lospoliticosveracruz.com\/?p=161704"},"author":{"name":"Lo viste en Los Pol\u00edticos","@id":"https:\/\/lospoliticosveracruz.com\/#\/schema\/person\/b8702bb0e538456e6efd07080bf2a4a2"},"headline":"LOS N\u00daMEROS DESMIENTEN AL DISCURSO","datePublished":"2026-01-28T05:27:24+00:00","dateModified":"2026-01-28T05:27:26+00:00","mainEntityOfPage":{"@id":"https:\/\/lospoliticosveracruz.com\/?p=161704"},"wordCount":602,"publisher":{"@id":"https:\/\/lospoliticosveracruz.com\/#organization"},"image":{"@id":"https:\/\/lospoliticosveracruz.com\/?p=161704#primaryimage"},"thumbnailUrl":"https:\/\/lospoliticosveracruz.com\/wp-content\/uploads\/2025\/10\/Nahle-Llorona.jpg","keywords":["Cuitl\u00e1huac Garc\u00eda Jim\u00e9nez","deuda","Morena","Roc\u00edo Nahle","Veracruz"],"articleSection":["Lavadero"],"inLanguage":"es"},{"@type":"WebPage","@id":"https:\/\/lospoliticosveracruz.com\/?p=161704","url":"https:\/\/lospoliticosveracruz.com\/?p=161704","name":"LOS N\u00daMEROS DESMIENTEN AL DISCURSO - Los pol\u00edticos Veracruz","isPartOf":{"@id":"https:\/\/lospoliticosveracruz.com\/#website"},"primaryImageOfPage":{"@id":"https:\/\/lospoliticosveracruz.com\/?p=161704#primaryimage"},"image":{"@id":"https:\/\/lospoliticosveracruz.com\/?p=161704#primaryimage"},"thumbnailUrl":"https:\/\/lospoliticosveracruz.com\/wp-content\/uploads\/2025\/10\/Nahle-Llorona.jpg","datePublished":"2026-01-28T05:27:24+00:00","dateModified":"2026-01-28T05:27:26+00:00","breadcrumb":{"@id":"https:\/\/lospoliticosveracruz.com\/?p=161704#breadcrumb"},"inLanguage":"es","potentialAction":[{"@type":"ReadAction","target":["https:\/\/lospoliticosveracruz.com\/?p=161704"]}]},{"@type":"ImageObject","inLanguage":"es","@id":"https:\/\/lospoliticosveracruz.com\/?p=161704#primaryimage","url":"https:\/\/lospoliticosveracruz.com\/wp-content\/uploads\/2025\/10\/Nahle-Llorona.jpg","contentUrl":"https:\/\/lospoliticosveracruz.com\/wp-content\/uploads\/2025\/10\/Nahle-Llorona.jpg","width":600,"height":320},{"@type":"BreadcrumbList","@id":"https:\/\/lospoliticosveracruz.com\/?p=161704#breadcrumb","itemListElement":[{"@type":"ListItem","position":1,"name":"Portada","item":"https:\/\/lospoliticosveracruz.com\/"},{"@type":"ListItem","position":2,"name":"LOS N\u00daMEROS DESMIENTEN AL DISCURSO"}]},{"@type":"WebSite","@id":"https:\/\/lospoliticosveracruz.com\/#website","url":"https:\/\/lospoliticosveracruz.com\/","name":"Los pol\u00edticos Veracruz","description":"","publisher":{"@id":"https:\/\/lospoliticosveracruz.com\/#organization"},"potentialAction":[{"@type":"SearchAction","target":{"@type":"EntryPoint","urlTemplate":"https:\/\/lospoliticosveracruz.com\/?s={search_term_string}"},"query-input":{"@type":"PropertyValueSpecification","valueRequired":true,"valueName":"search_term_string"}}],"inLanguage":"es"},{"@type":"Organization","@id":"https:\/\/lospoliticosveracruz.com\/#organization","name":"Los pol\u00edticos Veracruz","url":"https:\/\/lospoliticosveracruz.com\/","logo":{"@type":"ImageObject","inLanguage":"es","@id":"https:\/\/lospoliticosveracruz.com\/#\/schema\/logo\/image\/","url":"https:\/\/lospoliticosveracruz.com\/wp-content\/uploads\/2025\/12\/Logo-Nuevo-LOS-POLITICOS-1.jpg","contentUrl":"https:\/\/lospoliticosveracruz.com\/wp-content\/uploads\/2025\/12\/Logo-Nuevo-LOS-POLITICOS-1.jpg","width":260,"height":70,"caption":"Los pol\u00edticos Veracruz"},"image":{"@id":"https:\/\/lospoliticosveracruz.com\/#\/schema\/logo\/image\/"},"sameAs":["https:\/\/www.facebook.com\/people\/Notimemes-de-los-Polticos\/61565672886568\/","https:\/\/x.com\/LosPoliticosVer"]},{"@type":"Person","@id":"https:\/\/lospoliticosveracruz.com\/#\/schema\/person\/b8702bb0e538456e6efd07080bf2a4a2","name":"Lo viste en Los Pol\u00edticos","image":{"@type":"ImageObject","inLanguage":"es","@id":"https:\/\/secure.gravatar.com\/avatar\/3a8de04a2656d44082be478bd6c086daa447c4651605818287b9532d3d0bd435?s=96&d=mm&r=g","url":"https:\/\/secure.gravatar.com\/avatar\/3a8de04a2656d44082be478bd6c086daa447c4651605818287b9532d3d0bd435?s=96&d=mm&r=g","contentUrl":"https:\/\/secure.gravatar.com\/avatar\/3a8de04a2656d44082be478bd6c086daa447c4651605818287b9532d3d0bd435?s=96&d=mm&r=g","caption":"Lo viste en Los Pol\u00edticos"},"url":"https:\/\/lospoliticosveracruz.com\/?author=2"}]}},"_links":{"self":[{"href":"https:\/\/lospoliticosveracruz.com\/index.php?rest_route=\/wp\/v2\/posts\/161704","targetHints":{"allow":["GET"]}}],"collection":[{"href":"https:\/\/lospoliticosveracruz.com\/index.php?rest_route=\/wp\/v2\/posts"}],"about":[{"href":"https:\/\/lospoliticosveracruz.com\/index.php?rest_route=\/wp\/v2\/types\/post"}],"author":[{"embeddable":true,"href":"https:\/\/lospoliticosveracruz.com\/index.php?rest_route=\/wp\/v2\/users\/2"}],"replies":[{"embeddable":true,"href":"https:\/\/lospoliticosveracruz.com\/index.php?rest_route=%2Fwp%2Fv2%2Fcomments&post=161704"}],"version-history":[{"count":1,"href":"https:\/\/lospoliticosveracruz.com\/index.php?rest_route=\/wp\/v2\/posts\/161704\/revisions"}],"predecessor-version":[{"id":161820,"href":"https:\/\/lospoliticosveracruz.com\/index.php?rest_route=\/wp\/v2\/posts\/161704\/revisions\/161820"}],"wp:featuredmedia":[{"embeddable":true,"href":"https:\/\/lospoliticosveracruz.com\/index.php?rest_route=\/wp\/v2\/media\/155466"}],"wp:attachment":[{"href":"https:\/\/lospoliticosveracruz.com\/index.php?rest_route=%2Fwp%2Fv2%2Fmedia&parent=161704"}],"wp:term":[{"taxonomy":"category","embeddable":true,"href":"https:\/\/lospoliticosveracruz.com\/index.php?rest_route=%2Fwp%2Fv2%2Fcategories&post=161704"},{"taxonomy":"post_tag","embeddable":true,"href":"https:\/\/lospoliticosveracruz.com\/index.php?rest_route=%2Fwp%2Fv2%2Ftags&post=161704"}],"curies":[{"name":"wp","href":"https:\/\/api.w.org\/{rel}","templated":true}]}}