{"id":16171,"date":"2015-05-15T20:57:46","date_gmt":"2015-05-16T01:57:46","guid":{"rendered":"http:\/\/www.lospoliticosveracruz.com.mx\/?p=16171"},"modified":"2015-05-15T20:57:46","modified_gmt":"2015-05-16T01:57:46","slug":"toque-de-queda","status":"publish","type":"post","link":"https:\/\/lospoliticosveracruz.com\/?p=16171","title":{"rendered":"Toque de queda"},"content":{"rendered":"<p><a href=\"http:\/\/www.lospoliticosveracruz.com.mx\/wp-content\/uploads\/2015\/05\/toque-de-queda.jpg\"><img loading=\"lazy\" decoding=\"async\" class=\"alignnone size-medium wp-image-16172\" src=\"http:\/\/www.lospoliticosveracruz.com.mx\/wp-content\/uploads\/2015\/05\/toque-de-queda-300x204.jpg\" alt=\"toque de queda\" width=\"300\" height=\"204\" \/><\/a><br \/>\n<strong>Brenda Caballero<\/strong><br \/>\n<em>N\u00fameros Rojos<\/em><\/p>\n<p>De repente, un sobresalto me despert\u00f3. Ten\u00eda una sensaci\u00f3n extra\u00f1a: hab\u00eda tenido una pesadilla.<br \/>\nA\u00fan sent\u00eda el sudor y la tensi\u00f3n de las im\u00e1genes de mi sue\u00f1o.<br \/>\nHe de reconocer que siempre he tenido sue\u00f1os extra\u00f1os, incluso muchos de ellos apocal\u00edpticos y de grandes masas como la erupci\u00f3n de un volc\u00e1n donde los ciudadanos huyen, c\u00e1maras de gases en la \u00e9poca nazi donde incluso huyo con otros jud\u00edos, as\u00ed como desastres del fin del mundo.<br \/>\nHago un par\u00e9ntesis y aclaro: no fumo, no tomo alcohol, ni me drogo\u2026 mucho menos acabo de ver pel\u00edculas con temas alusivos que hagan que tenga esos sue\u00f1os\u2026 tampoco me siento desesperada. \u00a1Tal vez tenga yo mucha imaginaci\u00f3n!<br \/>\n\u00a1Aaah!, pero la pesadilla de ayer, que me despert\u00f3 a las tres de la ma\u00f1ana no fue por imaginaci\u00f3n, sino por rumores y pl\u00e1ticas de la tarde del mi\u00e9rcoles sobre el toque de queda.<br \/>\nAs\u00ed es, la pesadilla ten\u00eda que ver con que no poder salir de casa, y despu\u00e9s con la huida de muchos ciudadanos de sus viviendas orillados por la delincuencia. Realmente fue muy tenso.<br \/>\nLe platico: me terminaba de cambiar despu\u00e9s de hacer ejercicio, cuando mi instructora nos coment\u00f3 que tuvi\u00e9ramos cuidado el mi\u00e9rcoles, pues le hab\u00eda dicho otro alumno, que a su vez le hab\u00eda dicho un amigo suyo, que la situaci\u00f3n estaba \u201ccabrona\u201d y que era mejor no salir despu\u00e9s de las diez de la noche, ya que grupos del crimen organizado hab\u00edan establecido un toque de queda, argumentando que despu\u00e9s de las 22 horas levantar\u00edan a algunos ciudadanos que se encontraran en las calles.<br \/>\nDe momento nos quedamos fr\u00edos, pero le coment\u00e9 que esos rumores no eran en la capital, sino en la zona de Veracruz-Boca del R\u00edo.<br \/>\nHice el comentario que los rumores sonaron tan fuerte, que la oficina de Comunicaci\u00f3n Social de la Secretar\u00eda de Seguridad P\u00fablica, a trav\u00e9s de un bolet\u00edn, desment\u00eda tajantemente la informaci\u00f3n, declarando inexistentes dichos acontecimientos, pues el mensaje que alertaba a la poblaci\u00f3n del supuesto toque de queda en las redes sociales y mediante los tel\u00e9fonos celulares, carec\u00eda de elementos de veracidad, exhortando a la poblaci\u00f3n a mantenerse informada a trav\u00e9s de los canales oficiales de la Secretar\u00eda de Seguridad P\u00fablica y del Gobierno del Estado de Veracruz as\u00ed como hacer caso omiso de esa informaci\u00f3n que lo \u00fanico que genera es incertidumbre. En el bolet\u00edn, se pone a disposici\u00f3n de la ciudadan\u00eda las l\u00edneas de atenci\u00f3n ciudadana ante cualquier contingencia: 066, y el 089 para denuncia an\u00f3nima, las cuales est\u00e1n activas las 24 horas del d\u00eda los 365 d\u00edas del a\u00f1o.<br \/>\nLuego entonces, qu\u00e9 fueron esos rumores: \u00bfBromas de mala leche de alg\u00fan chistosito? \u00bfuna caja china para distraernos? \u00bfCrear la cultura del miedo? Puede ser\u2026 ya que si alguien va a hacer algo, simplemente no est\u00e1 avisando y s\u00f3lo lo hace.<br \/>\nAyer ve\u00eda las noticias y redes sociales, no hab\u00eda pasado nada de esos rumores del d\u00eda; afortunadamente, todo fue una pesadilla que me hizo despertar a las tres de la ma\u00f1ana.<br \/>\n\u00a1Por favor! no vayan a inventar algo sobre monstruos, asesinos en serie o terroristas, porque \u00a1no s\u00e9 c\u00f3mo me vaya en mis sue\u00f1os!<\/p>\n<p>Email:caballero_brenda@hotmail.com<\/p>\n","protected":false},"excerpt":{"rendered":"<p>Brenda Caballero N\u00fameros Rojos De repente, un sobresalto me despert\u00f3. Ten\u00eda una sensaci\u00f3n extra\u00f1a: hab\u00eda tenido una pesadilla. A\u00fan sent\u00eda el sudor y la tensi\u00f3n de las im\u00e1genes de mi sue\u00f1o. He de reconocer que siempre he tenido sue\u00f1os extra\u00f1os, incluso muchos de ellos apocal\u00edpticos y de grandes masas como la erupci\u00f3n de un volc\u00e1n [&hellip;]<\/p>\n","protected":false},"author":2,"featured_media":0,"comment_status":"open","ping_status":"open","sticky":false,"template":"","format":"standard","meta":{"tdm_status":"","tdm_grid_status":"","footnotes":""},"categories":[70],"tags":[601,2687,1100,177,2686,195],"class_list":{"0":"post-16171","1":"post","2":"type-post","3":"status-publish","4":"format-standard","6":"category-de-opinion","7":"tag-boca-del-rio","8":"tag-brenda-caballero","9":"tag-crimen-organizado","10":"tag-seguridad-publica","11":"tag-toque-de-queda","12":"tag-veracruz"},"yoast_head":"<!-- This site is optimized with the Yoast SEO plugin v27.4 - https:\/\/yoast.com\/product\/yoast-seo-wordpress\/ -->\n<title>Toque de queda - Los pol\u00edticos Veracruz<\/title>\n<meta name=\"robots\" content=\"index, follow, max-snippet:-1, max-image-preview:large, max-video-preview:-1\" \/>\n<link rel=\"canonical\" href=\"https:\/\/lospoliticosveracruz.com\/?p=16171\" \/>\n<meta property=\"og:locale\" content=\"es_ES\" \/>\n<meta property=\"og:type\" content=\"article\" \/>\n<meta property=\"og:title\" content=\"Toque de queda - Los pol\u00edticos Veracruz\" \/>\n<meta property=\"og:description\" content=\"Brenda Caballero N\u00fameros Rojos De repente, un sobresalto me despert\u00f3. Ten\u00eda una sensaci\u00f3n extra\u00f1a: hab\u00eda tenido una pesadilla. A\u00fan sent\u00eda el sudor y la tensi\u00f3n de las im\u00e1genes de mi sue\u00f1o. He de reconocer que siempre he tenido sue\u00f1os extra\u00f1os, incluso muchos de ellos apocal\u00edpticos y de grandes masas como la erupci\u00f3n de un volc\u00e1n [&hellip;]\" \/>\n<meta property=\"og:url\" content=\"https:\/\/lospoliticosveracruz.com\/?p=16171\" \/>\n<meta property=\"og:site_name\" content=\"Los pol\u00edticos Veracruz\" \/>\n<meta property=\"article:publisher\" content=\"https:\/\/www.facebook.com\/people\/Notimemes-de-los-Polticos\/61565672886568\/\" \/>\n<meta property=\"article:published_time\" content=\"2015-05-16T01:57:46+00:00\" \/>\n<meta property=\"og:image\" content=\"http:\/\/www.lospoliticosveracruz.com.mx\/wp-content\/uploads\/2015\/05\/toque-de-queda-300x204.jpg\" \/>\n<meta name=\"author\" content=\"Lo viste en Los Pol\u00edticos\" \/>\n<meta name=\"twitter:card\" content=\"summary_large_image\" \/>\n<meta name=\"twitter:creator\" content=\"@LosPoliticosVer\" \/>\n<meta name=\"twitter:site\" content=\"@LosPoliticosVer\" \/>\n<meta name=\"twitter:label1\" content=\"Escrito por\" \/>\n\t<meta name=\"twitter:data1\" content=\"Lo viste en Los Pol\u00edticos\" \/>\n\t<meta name=\"twitter:label2\" content=\"Tiempo de lectura\" \/>\n\t<meta name=\"twitter:data2\" content=\"3 minutos\" \/>\n<script type=\"application\/ld+json\" class=\"yoast-schema-graph\">{\"@context\":\"https:\\\/\\\/schema.org\",\"@graph\":[{\"@type\":\"Article\",\"@id\":\"https:\\\/\\\/lospoliticosveracruz.com\\\/?p=16171#article\",\"isPartOf\":{\"@id\":\"https:\\\/\\\/lospoliticosveracruz.com\\\/?p=16171\"},\"author\":{\"name\":\"Lo viste en Los Pol\u00edticos\",\"@id\":\"https:\\\/\\\/lospoliticosveracruz.com\\\/#\\\/schema\\\/person\\\/b8702bb0e538456e6efd07080bf2a4a2\"},\"headline\":\"Toque de queda\",\"datePublished\":\"2015-05-16T01:57:46+00:00\",\"mainEntityOfPage\":{\"@id\":\"https:\\\/\\\/lospoliticosveracruz.com\\\/?p=16171\"},\"wordCount\":602,\"commentCount\":0,\"publisher\":{\"@id\":\"https:\\\/\\\/lospoliticosveracruz.com\\\/#organization\"},\"image\":{\"@id\":\"https:\\\/\\\/lospoliticosveracruz.com\\\/?p=16171#primaryimage\"},\"thumbnailUrl\":\"http:\\\/\\\/www.lospoliticosveracruz.com.mx\\\/wp-content\\\/uploads\\\/2015\\\/05\\\/toque-de-queda-300x204.jpg\",\"keywords\":[\"Boca del R\u00edo\",\"Brenda Caballero\",\"crimen organizado\",\"Seguridad P\u00fablica\",\"Toque de queda\",\"Veracruz\"],\"articleSection\":[\"De Opini\u00f3n\"],\"inLanguage\":\"es\",\"potentialAction\":[{\"@type\":\"CommentAction\",\"name\":\"Comment\",\"target\":[\"https:\\\/\\\/lospoliticosveracruz.com\\\/?p=16171#respond\"]}]},{\"@type\":\"WebPage\",\"@id\":\"https:\\\/\\\/lospoliticosveracruz.com\\\/?p=16171\",\"url\":\"https:\\\/\\\/lospoliticosveracruz.com\\\/?p=16171\",\"name\":\"Toque de queda - Los pol\u00edticos Veracruz\",\"isPartOf\":{\"@id\":\"https:\\\/\\\/lospoliticosveracruz.com\\\/#website\"},\"primaryImageOfPage\":{\"@id\":\"https:\\\/\\\/lospoliticosveracruz.com\\\/?p=16171#primaryimage\"},\"image\":{\"@id\":\"https:\\\/\\\/lospoliticosveracruz.com\\\/?p=16171#primaryimage\"},\"thumbnailUrl\":\"http:\\\/\\\/www.lospoliticosveracruz.com.mx\\\/wp-content\\\/uploads\\\/2015\\\/05\\\/toque-de-queda-300x204.jpg\",\"datePublished\":\"2015-05-16T01:57:46+00:00\",\"breadcrumb\":{\"@id\":\"https:\\\/\\\/lospoliticosveracruz.com\\\/?p=16171#breadcrumb\"},\"inLanguage\":\"es\",\"potentialAction\":[{\"@type\":\"ReadAction\",\"target\":[\"https:\\\/\\\/lospoliticosveracruz.com\\\/?p=16171\"]}]},{\"@type\":\"ImageObject\",\"inLanguage\":\"es\",\"@id\":\"https:\\\/\\\/lospoliticosveracruz.com\\\/?p=16171#primaryimage\",\"url\":\"http:\\\/\\\/www.lospoliticosveracruz.com.mx\\\/wp-content\\\/uploads\\\/2015\\\/05\\\/toque-de-queda-300x204.jpg\",\"contentUrl\":\"http:\\\/\\\/www.lospoliticosveracruz.com.mx\\\/wp-content\\\/uploads\\\/2015\\\/05\\\/toque-de-queda-300x204.jpg\"},{\"@type\":\"BreadcrumbList\",\"@id\":\"https:\\\/\\\/lospoliticosveracruz.com\\\/?p=16171#breadcrumb\",\"itemListElement\":[{\"@type\":\"ListItem\",\"position\":1,\"name\":\"Portada\",\"item\":\"https:\\\/\\\/lospoliticosveracruz.com\\\/\"},{\"@type\":\"ListItem\",\"position\":2,\"name\":\"Toque de queda\"}]},{\"@type\":\"WebSite\",\"@id\":\"https:\\\/\\\/lospoliticosveracruz.com\\\/#website\",\"url\":\"https:\\\/\\\/lospoliticosveracruz.com\\\/\",\"name\":\"Los pol\u00edticos Veracruz\",\"description\":\"\",\"publisher\":{\"@id\":\"https:\\\/\\\/lospoliticosveracruz.com\\\/#organization\"},\"potentialAction\":[{\"@type\":\"SearchAction\",\"target\":{\"@type\":\"EntryPoint\",\"urlTemplate\":\"https:\\\/\\\/lospoliticosveracruz.com\\\/?s={search_term_string}\"},\"query-input\":{\"@type\":\"PropertyValueSpecification\",\"valueRequired\":true,\"valueName\":\"search_term_string\"}}],\"inLanguage\":\"es\"},{\"@type\":\"Organization\",\"@id\":\"https:\\\/\\\/lospoliticosveracruz.com\\\/#organization\",\"name\":\"Los pol\u00edticos Veracruz\",\"url\":\"https:\\\/\\\/lospoliticosveracruz.com\\\/\",\"logo\":{\"@type\":\"ImageObject\",\"inLanguage\":\"es\",\"@id\":\"https:\\\/\\\/lospoliticosveracruz.com\\\/#\\\/schema\\\/logo\\\/image\\\/\",\"url\":\"https:\\\/\\\/lospoliticosveracruz.com\\\/wp-content\\\/uploads\\\/2025\\\/12\\\/Logo-Nuevo-LOS-POLITICOS-1.jpg\",\"contentUrl\":\"https:\\\/\\\/lospoliticosveracruz.com\\\/wp-content\\\/uploads\\\/2025\\\/12\\\/Logo-Nuevo-LOS-POLITICOS-1.jpg\",\"width\":260,\"height\":70,\"caption\":\"Los pol\u00edticos Veracruz\"},\"image\":{\"@id\":\"https:\\\/\\\/lospoliticosveracruz.com\\\/#\\\/schema\\\/logo\\\/image\\\/\"},\"sameAs\":[\"https:\\\/\\\/www.facebook.com\\\/people\\\/Notimemes-de-los-Polticos\\\/61565672886568\\\/\",\"https:\\\/\\\/x.com\\\/LosPoliticosVer\"]},{\"@type\":\"Person\",\"@id\":\"https:\\\/\\\/lospoliticosveracruz.com\\\/#\\\/schema\\\/person\\\/b8702bb0e538456e6efd07080bf2a4a2\",\"name\":\"Lo viste en Los Pol\u00edticos\",\"image\":{\"@type\":\"ImageObject\",\"inLanguage\":\"es\",\"@id\":\"https:\\\/\\\/secure.gravatar.com\\\/avatar\\\/3a8de04a2656d44082be478bd6c086daa447c4651605818287b9532d3d0bd435?s=96&d=mm&r=g\",\"url\":\"https:\\\/\\\/secure.gravatar.com\\\/avatar\\\/3a8de04a2656d44082be478bd6c086daa447c4651605818287b9532d3d0bd435?s=96&d=mm&r=g\",\"contentUrl\":\"https:\\\/\\\/secure.gravatar.com\\\/avatar\\\/3a8de04a2656d44082be478bd6c086daa447c4651605818287b9532d3d0bd435?s=96&d=mm&r=g\",\"caption\":\"Lo viste en Los Pol\u00edticos\"},\"url\":\"https:\\\/\\\/lospoliticosveracruz.com\\\/?author=2\"}]}<\/script>\n<!-- \/ Yoast SEO plugin. -->","yoast_head_json":{"title":"Toque de queda - Los pol\u00edticos Veracruz","robots":{"index":"index","follow":"follow","max-snippet":"max-snippet:-1","max-image-preview":"max-image-preview:large","max-video-preview":"max-video-preview:-1"},"canonical":"https:\/\/lospoliticosveracruz.com\/?p=16171","og_locale":"es_ES","og_type":"article","og_title":"Toque de queda - Los pol\u00edticos Veracruz","og_description":"Brenda Caballero N\u00fameros Rojos De repente, un sobresalto me despert\u00f3. Ten\u00eda una sensaci\u00f3n extra\u00f1a: hab\u00eda tenido una pesadilla. A\u00fan sent\u00eda el sudor y la tensi\u00f3n de las im\u00e1genes de mi sue\u00f1o. He de reconocer que siempre he tenido sue\u00f1os extra\u00f1os, incluso muchos de ellos apocal\u00edpticos y de grandes masas como la erupci\u00f3n de un volc\u00e1n [&hellip;]","og_url":"https:\/\/lospoliticosveracruz.com\/?p=16171","og_site_name":"Los pol\u00edticos Veracruz","article_publisher":"https:\/\/www.facebook.com\/people\/Notimemes-de-los-Polticos\/61565672886568\/","article_published_time":"2015-05-16T01:57:46+00:00","og_image":[{"url":"http:\/\/www.lospoliticosveracruz.com.mx\/wp-content\/uploads\/2015\/05\/toque-de-queda-300x204.jpg","type":"","width":"","height":""}],"author":"Lo viste en Los Pol\u00edticos","twitter_card":"summary_large_image","twitter_creator":"@LosPoliticosVer","twitter_site":"@LosPoliticosVer","twitter_misc":{"Escrito por":"Lo viste en Los Pol\u00edticos","Tiempo de lectura":"3 minutos"},"schema":{"@context":"https:\/\/schema.org","@graph":[{"@type":"Article","@id":"https:\/\/lospoliticosveracruz.com\/?p=16171#article","isPartOf":{"@id":"https:\/\/lospoliticosveracruz.com\/?p=16171"},"author":{"name":"Lo viste en Los Pol\u00edticos","@id":"https:\/\/lospoliticosveracruz.com\/#\/schema\/person\/b8702bb0e538456e6efd07080bf2a4a2"},"headline":"Toque de queda","datePublished":"2015-05-16T01:57:46+00:00","mainEntityOfPage":{"@id":"https:\/\/lospoliticosveracruz.com\/?p=16171"},"wordCount":602,"commentCount":0,"publisher":{"@id":"https:\/\/lospoliticosveracruz.com\/#organization"},"image":{"@id":"https:\/\/lospoliticosveracruz.com\/?p=16171#primaryimage"},"thumbnailUrl":"http:\/\/www.lospoliticosveracruz.com.mx\/wp-content\/uploads\/2015\/05\/toque-de-queda-300x204.jpg","keywords":["Boca del R\u00edo","Brenda Caballero","crimen organizado","Seguridad P\u00fablica","Toque de queda","Veracruz"],"articleSection":["De Opini\u00f3n"],"inLanguage":"es","potentialAction":[{"@type":"CommentAction","name":"Comment","target":["https:\/\/lospoliticosveracruz.com\/?p=16171#respond"]}]},{"@type":"WebPage","@id":"https:\/\/lospoliticosveracruz.com\/?p=16171","url":"https:\/\/lospoliticosveracruz.com\/?p=16171","name":"Toque de queda - Los pol\u00edticos Veracruz","isPartOf":{"@id":"https:\/\/lospoliticosveracruz.com\/#website"},"primaryImageOfPage":{"@id":"https:\/\/lospoliticosveracruz.com\/?p=16171#primaryimage"},"image":{"@id":"https:\/\/lospoliticosveracruz.com\/?p=16171#primaryimage"},"thumbnailUrl":"http:\/\/www.lospoliticosveracruz.com.mx\/wp-content\/uploads\/2015\/05\/toque-de-queda-300x204.jpg","datePublished":"2015-05-16T01:57:46+00:00","breadcrumb":{"@id":"https:\/\/lospoliticosveracruz.com\/?p=16171#breadcrumb"},"inLanguage":"es","potentialAction":[{"@type":"ReadAction","target":["https:\/\/lospoliticosveracruz.com\/?p=16171"]}]},{"@type":"ImageObject","inLanguage":"es","@id":"https:\/\/lospoliticosveracruz.com\/?p=16171#primaryimage","url":"http:\/\/www.lospoliticosveracruz.com.mx\/wp-content\/uploads\/2015\/05\/toque-de-queda-300x204.jpg","contentUrl":"http:\/\/www.lospoliticosveracruz.com.mx\/wp-content\/uploads\/2015\/05\/toque-de-queda-300x204.jpg"},{"@type":"BreadcrumbList","@id":"https:\/\/lospoliticosveracruz.com\/?p=16171#breadcrumb","itemListElement":[{"@type":"ListItem","position":1,"name":"Portada","item":"https:\/\/lospoliticosveracruz.com\/"},{"@type":"ListItem","position":2,"name":"Toque de queda"}]},{"@type":"WebSite","@id":"https:\/\/lospoliticosveracruz.com\/#website","url":"https:\/\/lospoliticosveracruz.com\/","name":"Los pol\u00edticos Veracruz","description":"","publisher":{"@id":"https:\/\/lospoliticosveracruz.com\/#organization"},"potentialAction":[{"@type":"SearchAction","target":{"@type":"EntryPoint","urlTemplate":"https:\/\/lospoliticosveracruz.com\/?s={search_term_string}"},"query-input":{"@type":"PropertyValueSpecification","valueRequired":true,"valueName":"search_term_string"}}],"inLanguage":"es"},{"@type":"Organization","@id":"https:\/\/lospoliticosveracruz.com\/#organization","name":"Los pol\u00edticos Veracruz","url":"https:\/\/lospoliticosveracruz.com\/","logo":{"@type":"ImageObject","inLanguage":"es","@id":"https:\/\/lospoliticosveracruz.com\/#\/schema\/logo\/image\/","url":"https:\/\/lospoliticosveracruz.com\/wp-content\/uploads\/2025\/12\/Logo-Nuevo-LOS-POLITICOS-1.jpg","contentUrl":"https:\/\/lospoliticosveracruz.com\/wp-content\/uploads\/2025\/12\/Logo-Nuevo-LOS-POLITICOS-1.jpg","width":260,"height":70,"caption":"Los pol\u00edticos Veracruz"},"image":{"@id":"https:\/\/lospoliticosveracruz.com\/#\/schema\/logo\/image\/"},"sameAs":["https:\/\/www.facebook.com\/people\/Notimemes-de-los-Polticos\/61565672886568\/","https:\/\/x.com\/LosPoliticosVer"]},{"@type":"Person","@id":"https:\/\/lospoliticosveracruz.com\/#\/schema\/person\/b8702bb0e538456e6efd07080bf2a4a2","name":"Lo viste en Los Pol\u00edticos","image":{"@type":"ImageObject","inLanguage":"es","@id":"https:\/\/secure.gravatar.com\/avatar\/3a8de04a2656d44082be478bd6c086daa447c4651605818287b9532d3d0bd435?s=96&d=mm&r=g","url":"https:\/\/secure.gravatar.com\/avatar\/3a8de04a2656d44082be478bd6c086daa447c4651605818287b9532d3d0bd435?s=96&d=mm&r=g","contentUrl":"https:\/\/secure.gravatar.com\/avatar\/3a8de04a2656d44082be478bd6c086daa447c4651605818287b9532d3d0bd435?s=96&d=mm&r=g","caption":"Lo viste en Los Pol\u00edticos"},"url":"https:\/\/lospoliticosveracruz.com\/?author=2"}]}},"_links":{"self":[{"href":"https:\/\/lospoliticosveracruz.com\/index.php?rest_route=\/wp\/v2\/posts\/16171","targetHints":{"allow":["GET"]}}],"collection":[{"href":"https:\/\/lospoliticosveracruz.com\/index.php?rest_route=\/wp\/v2\/posts"}],"about":[{"href":"https:\/\/lospoliticosveracruz.com\/index.php?rest_route=\/wp\/v2\/types\/post"}],"author":[{"embeddable":true,"href":"https:\/\/lospoliticosveracruz.com\/index.php?rest_route=\/wp\/v2\/users\/2"}],"replies":[{"embeddable":true,"href":"https:\/\/lospoliticosveracruz.com\/index.php?rest_route=%2Fwp%2Fv2%2Fcomments&post=16171"}],"version-history":[{"count":1,"href":"https:\/\/lospoliticosveracruz.com\/index.php?rest_route=\/wp\/v2\/posts\/16171\/revisions"}],"predecessor-version":[{"id":16173,"href":"https:\/\/lospoliticosveracruz.com\/index.php?rest_route=\/wp\/v2\/posts\/16171\/revisions\/16173"}],"wp:attachment":[{"href":"https:\/\/lospoliticosveracruz.com\/index.php?rest_route=%2Fwp%2Fv2%2Fmedia&parent=16171"}],"wp:term":[{"taxonomy":"category","embeddable":true,"href":"https:\/\/lospoliticosveracruz.com\/index.php?rest_route=%2Fwp%2Fv2%2Fcategories&post=16171"},{"taxonomy":"post_tag","embeddable":true,"href":"https:\/\/lospoliticosveracruz.com\/index.php?rest_route=%2Fwp%2Fv2%2Ftags&post=16171"}],"curies":[{"name":"wp","href":"https:\/\/api.w.org\/{rel}","templated":true}]}}