{"id":161792,"date":"2026-01-27T21:29:00","date_gmt":"2026-01-28T03:29:00","guid":{"rendered":"https:\/\/lospoliticosveracruz.com\/?p=161792"},"modified":"2026-01-27T19:48:09","modified_gmt":"2026-01-28T01:48:09","slug":"una-cosa-es-que-falten-medicinas","status":"publish","type":"post","link":"https:\/\/lospoliticosveracruz.com\/?p=161792","title":{"rendered":"UNA COSA ES QUE FALTEN MEDICINAS\u2026"},"content":{"rendered":"\n<p><strong>Salvador Mu\u00f1oz<\/strong><\/p>\n\n\n\n<p><em>Los Pol\u00edticos<\/em><\/p>\n\n\n\n<p>Miahuatl\u00e1n tiene algo que no sale en los mapas, pero que se respira apenas uno pisa el Centro de Salud: un aroma muy peculiar\u2026 mezcla de alcohol, cloro\u2026 y descaro.<\/p>\n\n\n\n<p>Porque una cosa es que falten medicinas. Eso ya es paisaje nacional.<\/p>\n\n\n\n<p>Otra muy distinta es que las medicinas s\u00ed est\u00e9n\u2026 pero se muden misteriosamente de domicilio.<\/p>\n\n\n\n<p>Al menos esta es la historia de un documento que me hacen llegar doctores, pasantes, enfermeras de ese centro de Salud\u2026<\/p>\n\n\n\n<p>Al parecer, en Miahuatl\u00e1n los medicamentos no se pierden\u2026 emprenden el viaje espiritual hacia Coacoatzintla, donde casualmente existe un consultorio particular que, seg\u00fan la denuncia, goza de una sorprendente prosperidad farmac\u00e9utica. \u00a1Milagros de la 4T!<\/p>\n\n\n\n<p>Aqu\u00ed el asunto ya tiene nombre y apellido: Doctor Mario Dirceu Guimaraes Sant\u00e9s Landa, director del Centro de Salud de Miahuatl\u00e1n.&nbsp;<\/p>\n\n\n\n<p>Y no estamos hablando de un caj\u00f3n con gasas. Estamos hablando de un director que convirti\u00f3 el Centro de Salud en algo as\u00ed como un Costco institucional con membres\u00eda personal.<\/p>\n\n\n\n<p>Office, hojas, impresora, instrumental, estetoscopios\u2026 si no estaba atornillado, era candidato a \u201creubicaci\u00f3n\u201d. Mientras tanto, el pueblo de Miahuatl\u00e1n sin sill\u00f3n dental funcional por m\u00e1s de tres a\u00f1os. Pero eso s\u00ed: prioridades claras. Primero la log\u00edstica del consultorio privado all\u00e1 en Coacoatzintla, luego vemos lo del pueblo.<\/p>\n\n\n\n<p>\u00bfY el horario laboral? Para el doctor es una sugerencia po\u00e9tica. Su jornada de 8 am a 4 pm se interpreta m\u00e1s como \u201cllego cuando quiero, me voy cuando me acuerdo, y si no voy, que me firmen\u201d.<\/p>\n\n\n\n<p>Los chats anexos muestran a pasantes convertidos en secretarios, enfermeras convertidas en blanco de gritos, personal de limpieza convertido en cocinero forzado y, de paso, en capturista del SIS (plataforma donde los centros de salud capturan todo lo que hacen: consultas, pacientes atendidos, embarazadas, vacunaci\u00f3n, curaciones, programas, estad\u00edsticas\u2026 b\u00e1sicamente, la vida administrativa de la cl\u00ednica).<\/p>\n\n\n\n<p>Pero el verdadero talento no est\u00e1 ah\u00ed.<\/p>\n\n\n\n<p>El verdadero talento, seg\u00fan la denuncia, est\u00e1 en la operaci\u00f3n pol\u00edtica de pueblo chico.<\/p>\n\n\n\n<p>Porque no bastaba con ausentarse y llevarse recursos: tambi\u00e9n hab\u00eda que fabricar enemigos internos. Incitar a la poblaci\u00f3n contra un odont\u00f3logo. Manipular firmas. \u201cAlborotar\u201d a la gente con ayuda de la tesorera del programa La Cl\u00ednica es Nuestra.<\/p>\n\n\n\n<p>O sea, el Centro de Salud no era centro de salud. Era centro de operaciones de un Doctor de pel\u00edcula de terror\u2026<\/p>\n\n\n\n<p>Mientras el personal guardaba silencio por miedo a represalias, el director jugaba ajedrez con la comunidad, moviendo peones humanos para ajustar cuentas personales.<\/p>\n\n\n\n<p>Y aqu\u00ed viene la parte m\u00e1s delicada.<\/p>\n\n\n\n<p>No es s\u00f3lo el presunto robo. No es s\u00f3lo el presunto acoso. No es s\u00f3lo el presunto abandono del trabajo. Es la frase que se repite entre l\u00edneas y conversaciones: \u201cEstoy protegido\u201d. \u00a1Ai le hablan Ramos Alor! \u00a1Sus recomendados!<\/p>\n\n\n\n<p>Esa frase es la verdadera enfermedad del sistema de salud.<\/p>\n\n\n\n<p>Porque cuando alguien se siente intocable, deja de tener jefe y empieza a tener s\u00fabditos.<\/p>\n\n\n\n<p>Lo m\u00e1s brutal no son las acusaciones. Es que est\u00e1n firmadas por m\u00e9dicos, enfermeras, promotores, pasantes\u2026 gente que decidi\u00f3 poner su nombre sabiendo que, en este pa\u00eds, denunciar al jefe es casi un acto suicida laboral. Y aqu\u00ed s\u00f3lo pusimos una m\u00ednima parte del documento a disposici\u00f3n de las autoridades, de los medios, de cualquier representante popular que no le saque\u2026 como no le dio miedo al personal del Centro de Salud\u2026<\/p>\n\n\n\n<p>Esto no huele a grilla. Esto huele a hartazgo. Si esto es falso, que se investigue. Si esto es cierto, que se act\u00fae. Pero lo que ya no se puede hacer es fingir que aqu\u00ed no pasa nada. Porque en Miahuatl\u00e1n no faltan medicinas.<\/p>\n\n\n\n<p>Falta verg\u00fcenza.<\/p>\n","protected":false},"excerpt":{"rendered":"<p>Salvador Mu\u00f1oz Los Pol\u00edticos Miahuatl\u00e1n tiene algo que no sale en los mapas, pero que se respira apenas uno pisa el Centro de Salud: un aroma muy peculiar\u2026 mezcla de alcohol, cloro\u2026 y descaro. Porque una cosa es que falten medicinas. Eso ya es paisaje nacional. Otra muy distinta es que las medicinas s\u00ed est\u00e9n\u2026 [&hellip;]<\/p>\n","protected":false},"author":2,"featured_media":141805,"comment_status":"closed","ping_status":"closed","sticky":false,"template":"","format":"standard","meta":{"tdm_status":"","tdm_grid_status":"","footnotes":""},"categories":[70],"tags":[52041,52046,52044,52045,52043,52042],"class_list":{"0":"post-161792","1":"post","2":"type-post","3":"status-publish","4":"format-standard","5":"has-post-thumbnail","7":"category-de-opinion","8":"tag-centro-de-salud-miahuatlan","9":"tag-consultorio-privado-coacoatzintla","10":"tag-corrupcion-en-centros-de-salud","11":"tag-denuncia-personal-medico-veracruz","12":"tag-desvio-de-medicamentos-veracruz","13":"tag-presuntas-irregularidades-sector-salud"},"yoast_head":"<!-- This site is optimized with the Yoast SEO plugin v28.1 - https:\/\/yoast.com\/product\/yoast-seo-wordpress\/ -->\n<title>UNA COSA ES QUE FALTEN MEDICINAS\u2026 - Los pol\u00edticos Veracruz<\/title>\n<meta name=\"robots\" content=\"index, follow, max-snippet:-1, max-image-preview:large, max-video-preview:-1\" \/>\n<link rel=\"canonical\" href=\"https:\/\/lospoliticosveracruz.com\/?p=161792\" \/>\n<meta property=\"og:locale\" content=\"es_ES\" \/>\n<meta property=\"og:type\" content=\"article\" \/>\n<meta property=\"og:title\" content=\"UNA COSA ES QUE FALTEN MEDICINAS\u2026 - Los pol\u00edticos Veracruz\" \/>\n<meta property=\"og:description\" content=\"Salvador Mu\u00f1oz Los Pol\u00edticos Miahuatl\u00e1n tiene algo que no sale en los mapas, pero que se respira apenas uno pisa el Centro de Salud: un aroma muy peculiar\u2026 mezcla de alcohol, cloro\u2026 y descaro. Porque una cosa es que falten medicinas. Eso ya es paisaje nacional. Otra muy distinta es que las medicinas s\u00ed est\u00e9n\u2026 [&hellip;]\" \/>\n<meta property=\"og:url\" content=\"https:\/\/lospoliticosveracruz.com\/?p=161792\" \/>\n<meta property=\"og:site_name\" content=\"Los pol\u00edticos Veracruz\" \/>\n<meta property=\"article:publisher\" content=\"https:\/\/www.facebook.com\/people\/Notimemes-de-los-Polticos\/61565672886568\/\" \/>\n<meta property=\"article:published_time\" content=\"2026-01-28T03:29:00+00:00\" \/>\n<meta property=\"og:image\" content=\"https:\/\/lospoliticosveracruz.com\/wp-content\/uploads\/2025\/04\/Chava-Munoz-1.jpg\" \/>\n\t<meta property=\"og:image:width\" content=\"1250\" \/>\n\t<meta property=\"og:image:height\" content=\"667\" \/>\n\t<meta property=\"og:image:type\" content=\"image\/jpeg\" \/>\n<meta name=\"author\" content=\"Lo viste en Los Pol\u00edticos\" \/>\n<meta name=\"twitter:card\" content=\"summary_large_image\" \/>\n<meta name=\"twitter:creator\" content=\"@LosPoliticosVer\" \/>\n<meta name=\"twitter:site\" content=\"@LosPoliticosVer\" \/>\n<meta name=\"twitter:label1\" content=\"Escrito por\" \/>\n\t<meta name=\"twitter:data1\" content=\"Lo viste en Los Pol\u00edticos\" \/>\n\t<meta name=\"twitter:label2\" content=\"Tiempo de lectura\" \/>\n\t<meta name=\"twitter:data2\" content=\"3 minutos\" \/>\n<script type=\"application\/ld+json\" class=\"yoast-schema-graph\">{\"@context\":\"https:\\\/\\\/schema.org\",\"@graph\":[{\"@type\":\"Article\",\"@id\":\"https:\\\/\\\/lospoliticosveracruz.com\\\/?p=161792#article\",\"isPartOf\":{\"@id\":\"https:\\\/\\\/lospoliticosveracruz.com\\\/?p=161792\"},\"author\":{\"name\":\"Lo viste en Los Pol\u00edticos\",\"@id\":\"https:\\\/\\\/lospoliticosveracruz.com\\\/#\\\/schema\\\/person\\\/b8702bb0e538456e6efd07080bf2a4a2\"},\"headline\":\"UNA COSA ES QUE FALTEN MEDICINAS\u2026\",\"datePublished\":\"2026-01-28T03:29:00+00:00\",\"mainEntityOfPage\":{\"@id\":\"https:\\\/\\\/lospoliticosveracruz.com\\\/?p=161792\"},\"wordCount\":654,\"publisher\":{\"@id\":\"https:\\\/\\\/lospoliticosveracruz.com\\\/#organization\"},\"image\":{\"@id\":\"https:\\\/\\\/lospoliticosveracruz.com\\\/?p=161792#primaryimage\"},\"thumbnailUrl\":\"https:\\\/\\\/lospoliticosveracruz.com\\\/wp-content\\\/uploads\\\/2025\\\/04\\\/Chava-Munoz-1-e1780313266383.jpg\",\"keywords\":[\"Centro de Salud Miahuatl\u00e1n\",\"consultorio privado Coacoatzintla\",\"corrupci\u00f3n en centros de salud\",\"denuncia personal m\u00e9dico Veracruz\",\"desv\u00edo de medicamentos Veracruz\",\"presuntas irregularidades sector salud\"],\"articleSection\":[\"De Opini\u00f3n\"],\"inLanguage\":\"es\"},{\"@type\":\"WebPage\",\"@id\":\"https:\\\/\\\/lospoliticosveracruz.com\\\/?p=161792\",\"url\":\"https:\\\/\\\/lospoliticosveracruz.com\\\/?p=161792\",\"name\":\"UNA COSA ES QUE FALTEN MEDICINAS\u2026 - Los pol\u00edticos Veracruz\",\"isPartOf\":{\"@id\":\"https:\\\/\\\/lospoliticosveracruz.com\\\/#website\"},\"primaryImageOfPage\":{\"@id\":\"https:\\\/\\\/lospoliticosveracruz.com\\\/?p=161792#primaryimage\"},\"image\":{\"@id\":\"https:\\\/\\\/lospoliticosveracruz.com\\\/?p=161792#primaryimage\"},\"thumbnailUrl\":\"https:\\\/\\\/lospoliticosveracruz.com\\\/wp-content\\\/uploads\\\/2025\\\/04\\\/Chava-Munoz-1-e1780313266383.jpg\",\"datePublished\":\"2026-01-28T03:29:00+00:00\",\"breadcrumb\":{\"@id\":\"https:\\\/\\\/lospoliticosveracruz.com\\\/?p=161792#breadcrumb\"},\"inLanguage\":\"es\",\"potentialAction\":[{\"@type\":\"ReadAction\",\"target\":[\"https:\\\/\\\/lospoliticosveracruz.com\\\/?p=161792\"]}]},{\"@type\":\"ImageObject\",\"inLanguage\":\"es\",\"@id\":\"https:\\\/\\\/lospoliticosveracruz.com\\\/?p=161792#primaryimage\",\"url\":\"https:\\\/\\\/lospoliticosveracruz.com\\\/wp-content\\\/uploads\\\/2025\\\/04\\\/Chava-Munoz-1-e1780313266383.jpg\",\"contentUrl\":\"https:\\\/\\\/lospoliticosveracruz.com\\\/wp-content\\\/uploads\\\/2025\\\/04\\\/Chava-Munoz-1-e1780313266383.jpg\",\"width\":600,\"height\":320},{\"@type\":\"BreadcrumbList\",\"@id\":\"https:\\\/\\\/lospoliticosveracruz.com\\\/?p=161792#breadcrumb\",\"itemListElement\":[{\"@type\":\"ListItem\",\"position\":1,\"name\":\"Portada\",\"item\":\"https:\\\/\\\/lospoliticosveracruz.com\\\/\"},{\"@type\":\"ListItem\",\"position\":2,\"name\":\"UNA COSA ES QUE FALTEN MEDICINAS\u2026\"}]},{\"@type\":\"WebSite\",\"@id\":\"https:\\\/\\\/lospoliticosveracruz.com\\\/#website\",\"url\":\"https:\\\/\\\/lospoliticosveracruz.com\\\/\",\"name\":\"Los pol\u00edticos Veracruz\",\"description\":\"\",\"publisher\":{\"@id\":\"https:\\\/\\\/lospoliticosveracruz.com\\\/#organization\"},\"potentialAction\":[{\"@type\":\"SearchAction\",\"target\":{\"@type\":\"EntryPoint\",\"urlTemplate\":\"https:\\\/\\\/lospoliticosveracruz.com\\\/?s={search_term_string}\"},\"query-input\":{\"@type\":\"PropertyValueSpecification\",\"valueRequired\":true,\"valueName\":\"search_term_string\"}}],\"inLanguage\":\"es\"},{\"@type\":\"Organization\",\"@id\":\"https:\\\/\\\/lospoliticosveracruz.com\\\/#organization\",\"name\":\"Los pol\u00edticos Veracruz\",\"url\":\"https:\\\/\\\/lospoliticosveracruz.com\\\/\",\"logo\":{\"@type\":\"ImageObject\",\"inLanguage\":\"es\",\"@id\":\"https:\\\/\\\/lospoliticosveracruz.com\\\/#\\\/schema\\\/logo\\\/image\\\/\",\"url\":\"https:\\\/\\\/lospoliticosveracruz.com\\\/wp-content\\\/uploads\\\/2025\\\/12\\\/Logo-Nuevo-LOS-POLITICOS-1.jpg\",\"contentUrl\":\"https:\\\/\\\/lospoliticosveracruz.com\\\/wp-content\\\/uploads\\\/2025\\\/12\\\/Logo-Nuevo-LOS-POLITICOS-1.jpg\",\"width\":260,\"height\":70,\"caption\":\"Los pol\u00edticos Veracruz\"},\"image\":{\"@id\":\"https:\\\/\\\/lospoliticosveracruz.com\\\/#\\\/schema\\\/logo\\\/image\\\/\"},\"sameAs\":[\"https:\\\/\\\/www.facebook.com\\\/people\\\/Notimemes-de-los-Polticos\\\/61565672886568\\\/\",\"https:\\\/\\\/x.com\\\/LosPoliticosVer\"]},{\"@type\":\"Person\",\"@id\":\"https:\\\/\\\/lospoliticosveracruz.com\\\/#\\\/schema\\\/person\\\/b8702bb0e538456e6efd07080bf2a4a2\",\"name\":\"Lo viste en Los Pol\u00edticos\",\"image\":{\"@type\":\"ImageObject\",\"inLanguage\":\"es\",\"@id\":\"https:\\\/\\\/secure.gravatar.com\\\/avatar\\\/3a8de04a2656d44082be478bd6c086daa447c4651605818287b9532d3d0bd435?s=96&d=mm&r=g\",\"url\":\"https:\\\/\\\/secure.gravatar.com\\\/avatar\\\/3a8de04a2656d44082be478bd6c086daa447c4651605818287b9532d3d0bd435?s=96&d=mm&r=g\",\"contentUrl\":\"https:\\\/\\\/secure.gravatar.com\\\/avatar\\\/3a8de04a2656d44082be478bd6c086daa447c4651605818287b9532d3d0bd435?s=96&d=mm&r=g\",\"caption\":\"Lo viste en Los Pol\u00edticos\"},\"url\":\"https:\\\/\\\/lospoliticosveracruz.com\\\/?author=2\"}]}<\/script>\n<!-- \/ Yoast SEO plugin. -->","yoast_head_json":{"title":"UNA COSA ES QUE FALTEN MEDICINAS\u2026 - Los pol\u00edticos Veracruz","robots":{"index":"index","follow":"follow","max-snippet":"max-snippet:-1","max-image-preview":"max-image-preview:large","max-video-preview":"max-video-preview:-1"},"canonical":"https:\/\/lospoliticosveracruz.com\/?p=161792","og_locale":"es_ES","og_type":"article","og_title":"UNA COSA ES QUE FALTEN MEDICINAS\u2026 - Los pol\u00edticos Veracruz","og_description":"Salvador Mu\u00f1oz Los Pol\u00edticos Miahuatl\u00e1n tiene algo que no sale en los mapas, pero que se respira apenas uno pisa el Centro de Salud: un aroma muy peculiar\u2026 mezcla de alcohol, cloro\u2026 y descaro. Porque una cosa es que falten medicinas. Eso ya es paisaje nacional. Otra muy distinta es que las medicinas s\u00ed est\u00e9n\u2026 [&hellip;]","og_url":"https:\/\/lospoliticosveracruz.com\/?p=161792","og_site_name":"Los pol\u00edticos Veracruz","article_publisher":"https:\/\/www.facebook.com\/people\/Notimemes-de-los-Polticos\/61565672886568\/","article_published_time":"2026-01-28T03:29:00+00:00","og_image":[{"width":1250,"height":667,"url":"https:\/\/lospoliticosveracruz.com\/wp-content\/uploads\/2025\/04\/Chava-Munoz-1.jpg","type":"image\/jpeg"}],"author":"Lo viste en Los Pol\u00edticos","twitter_card":"summary_large_image","twitter_creator":"@LosPoliticosVer","twitter_site":"@LosPoliticosVer","twitter_misc":{"Escrito por":"Lo viste en Los Pol\u00edticos","Tiempo de lectura":"3 minutos"},"schema":{"@context":"https:\/\/schema.org","@graph":[{"@type":"Article","@id":"https:\/\/lospoliticosveracruz.com\/?p=161792#article","isPartOf":{"@id":"https:\/\/lospoliticosveracruz.com\/?p=161792"},"author":{"name":"Lo viste en Los Pol\u00edticos","@id":"https:\/\/lospoliticosveracruz.com\/#\/schema\/person\/b8702bb0e538456e6efd07080bf2a4a2"},"headline":"UNA COSA ES QUE FALTEN MEDICINAS\u2026","datePublished":"2026-01-28T03:29:00+00:00","mainEntityOfPage":{"@id":"https:\/\/lospoliticosveracruz.com\/?p=161792"},"wordCount":654,"publisher":{"@id":"https:\/\/lospoliticosveracruz.com\/#organization"},"image":{"@id":"https:\/\/lospoliticosveracruz.com\/?p=161792#primaryimage"},"thumbnailUrl":"https:\/\/lospoliticosveracruz.com\/wp-content\/uploads\/2025\/04\/Chava-Munoz-1-e1780313266383.jpg","keywords":["Centro de Salud Miahuatl\u00e1n","consultorio privado Coacoatzintla","corrupci\u00f3n en centros de salud","denuncia personal m\u00e9dico Veracruz","desv\u00edo de medicamentos Veracruz","presuntas irregularidades sector salud"],"articleSection":["De Opini\u00f3n"],"inLanguage":"es"},{"@type":"WebPage","@id":"https:\/\/lospoliticosveracruz.com\/?p=161792","url":"https:\/\/lospoliticosveracruz.com\/?p=161792","name":"UNA COSA ES QUE FALTEN MEDICINAS\u2026 - Los pol\u00edticos Veracruz","isPartOf":{"@id":"https:\/\/lospoliticosveracruz.com\/#website"},"primaryImageOfPage":{"@id":"https:\/\/lospoliticosveracruz.com\/?p=161792#primaryimage"},"image":{"@id":"https:\/\/lospoliticosveracruz.com\/?p=161792#primaryimage"},"thumbnailUrl":"https:\/\/lospoliticosveracruz.com\/wp-content\/uploads\/2025\/04\/Chava-Munoz-1-e1780313266383.jpg","datePublished":"2026-01-28T03:29:00+00:00","breadcrumb":{"@id":"https:\/\/lospoliticosveracruz.com\/?p=161792#breadcrumb"},"inLanguage":"es","potentialAction":[{"@type":"ReadAction","target":["https:\/\/lospoliticosveracruz.com\/?p=161792"]}]},{"@type":"ImageObject","inLanguage":"es","@id":"https:\/\/lospoliticosveracruz.com\/?p=161792#primaryimage","url":"https:\/\/lospoliticosveracruz.com\/wp-content\/uploads\/2025\/04\/Chava-Munoz-1-e1780313266383.jpg","contentUrl":"https:\/\/lospoliticosveracruz.com\/wp-content\/uploads\/2025\/04\/Chava-Munoz-1-e1780313266383.jpg","width":600,"height":320},{"@type":"BreadcrumbList","@id":"https:\/\/lospoliticosveracruz.com\/?p=161792#breadcrumb","itemListElement":[{"@type":"ListItem","position":1,"name":"Portada","item":"https:\/\/lospoliticosveracruz.com\/"},{"@type":"ListItem","position":2,"name":"UNA COSA ES QUE FALTEN MEDICINAS\u2026"}]},{"@type":"WebSite","@id":"https:\/\/lospoliticosveracruz.com\/#website","url":"https:\/\/lospoliticosveracruz.com\/","name":"Los pol\u00edticos Veracruz","description":"","publisher":{"@id":"https:\/\/lospoliticosveracruz.com\/#organization"},"potentialAction":[{"@type":"SearchAction","target":{"@type":"EntryPoint","urlTemplate":"https:\/\/lospoliticosveracruz.com\/?s={search_term_string}"},"query-input":{"@type":"PropertyValueSpecification","valueRequired":true,"valueName":"search_term_string"}}],"inLanguage":"es"},{"@type":"Organization","@id":"https:\/\/lospoliticosveracruz.com\/#organization","name":"Los pol\u00edticos Veracruz","url":"https:\/\/lospoliticosveracruz.com\/","logo":{"@type":"ImageObject","inLanguage":"es","@id":"https:\/\/lospoliticosveracruz.com\/#\/schema\/logo\/image\/","url":"https:\/\/lospoliticosveracruz.com\/wp-content\/uploads\/2025\/12\/Logo-Nuevo-LOS-POLITICOS-1.jpg","contentUrl":"https:\/\/lospoliticosveracruz.com\/wp-content\/uploads\/2025\/12\/Logo-Nuevo-LOS-POLITICOS-1.jpg","width":260,"height":70,"caption":"Los pol\u00edticos Veracruz"},"image":{"@id":"https:\/\/lospoliticosveracruz.com\/#\/schema\/logo\/image\/"},"sameAs":["https:\/\/www.facebook.com\/people\/Notimemes-de-los-Polticos\/61565672886568\/","https:\/\/x.com\/LosPoliticosVer"]},{"@type":"Person","@id":"https:\/\/lospoliticosveracruz.com\/#\/schema\/person\/b8702bb0e538456e6efd07080bf2a4a2","name":"Lo viste en Los Pol\u00edticos","image":{"@type":"ImageObject","inLanguage":"es","@id":"https:\/\/secure.gravatar.com\/avatar\/3a8de04a2656d44082be478bd6c086daa447c4651605818287b9532d3d0bd435?s=96&d=mm&r=g","url":"https:\/\/secure.gravatar.com\/avatar\/3a8de04a2656d44082be478bd6c086daa447c4651605818287b9532d3d0bd435?s=96&d=mm&r=g","contentUrl":"https:\/\/secure.gravatar.com\/avatar\/3a8de04a2656d44082be478bd6c086daa447c4651605818287b9532d3d0bd435?s=96&d=mm&r=g","caption":"Lo viste en Los Pol\u00edticos"},"url":"https:\/\/lospoliticosveracruz.com\/?author=2"}]}},"_links":{"self":[{"href":"https:\/\/lospoliticosveracruz.com\/index.php?rest_route=\/wp\/v2\/posts\/161792","targetHints":{"allow":["GET"]}}],"collection":[{"href":"https:\/\/lospoliticosveracruz.com\/index.php?rest_route=\/wp\/v2\/posts"}],"about":[{"href":"https:\/\/lospoliticosveracruz.com\/index.php?rest_route=\/wp\/v2\/types\/post"}],"author":[{"embeddable":true,"href":"https:\/\/lospoliticosveracruz.com\/index.php?rest_route=\/wp\/v2\/users\/2"}],"replies":[{"embeddable":true,"href":"https:\/\/lospoliticosveracruz.com\/index.php?rest_route=%2Fwp%2Fv2%2Fcomments&post=161792"}],"version-history":[{"count":1,"href":"https:\/\/lospoliticosveracruz.com\/index.php?rest_route=\/wp\/v2\/posts\/161792\/revisions"}],"predecessor-version":[{"id":161793,"href":"https:\/\/lospoliticosveracruz.com\/index.php?rest_route=\/wp\/v2\/posts\/161792\/revisions\/161793"}],"wp:featuredmedia":[{"embeddable":true,"href":"https:\/\/lospoliticosveracruz.com\/index.php?rest_route=\/wp\/v2\/media\/141805"}],"wp:attachment":[{"href":"https:\/\/lospoliticosveracruz.com\/index.php?rest_route=%2Fwp%2Fv2%2Fmedia&parent=161792"}],"wp:term":[{"taxonomy":"category","embeddable":true,"href":"https:\/\/lospoliticosveracruz.com\/index.php?rest_route=%2Fwp%2Fv2%2Fcategories&post=161792"},{"taxonomy":"post_tag","embeddable":true,"href":"https:\/\/lospoliticosveracruz.com\/index.php?rest_route=%2Fwp%2Fv2%2Ftags&post=161792"}],"curies":[{"name":"wp","href":"https:\/\/api.w.org\/{rel}","templated":true}]}}