{"id":161794,"date":"2026-01-27T20:16:05","date_gmt":"2026-01-28T02:16:05","guid":{"rendered":"https:\/\/lospoliticosveracruz.com\/?p=161794"},"modified":"2026-01-27T20:16:06","modified_gmt":"2026-01-28T02:16:06","slug":"minerva-regina-titular-de-la-cedh","status":"publish","type":"post","link":"https:\/\/lospoliticosveracruz.com\/?p=161794","title":{"rendered":"MINERVA REGINA, TITULAR DE LA CEDH"},"content":{"rendered":"\n<p>Con 46 votos, la LXVII Legislatura eligi\u00f3 y, a trav\u00e9s de la Mesa Directiva, tom\u00f3 la protesta de ley a Minerva Regina P\u00e9rez L\u00f3pez para desempe\u00f1ar el cargo de titular de la Comisi\u00f3n Estatal de Derechos Humanos de Veracruz (CEDHV), para un periodo de cinco a\u00f1os, de acuerdo con lo establecido en el Art\u00edculo 17 de la Ley que rige dicha Comisi\u00f3n.<\/p>\n\n\n\n<p>Durante la Tercera Sesi\u00f3n Extraordinaria del Segundo A\u00f1o de Ejercicio Constitucional, fue sometido a votaci\u00f3n el Dictamen con Proyecto de Decreto emitido por la Comisi\u00f3n Permanente de Derechos Humanos y Atenci\u00f3n a Grupos Vulnerables que present\u00f3 la terna integrada por las ciudadanas Mar\u00eda Andrea Garc\u00eda Zavaleta y Minerva Regina P\u00e9rez L\u00f3pez y el ciudadano David Quitano D\u00edaz, como candidatas y candidato a ocupar la titularidad de dicho organismo aut\u00f3nomo.<\/p>\n\n\n\n<p>Tras la votaci\u00f3n del Pleno y con el resultado aprobatorio a favor de la ciudadana Minerva Regina P\u00e9rez L\u00f3pez, la presidenta de la Mesa Directiva, diputada Naomi Edith G\u00f3mez Santos, design\u00f3 a los diputados Omar Edmundo Blanco Mart\u00ednez y H\u00e9ctor Yunes Landa y a la diputada Victoria Guti\u00e9rrez P\u00e9rez, presidente, secretario y vocal de la referida Comisi\u00f3n, para conducir a la funcionaria electa hasta el Recinto Oficial de Sesiones, donde se procedi\u00f3 a la correspondiente toma de protesta de ley.<\/p>\n\n\n\n<p>De acuerdo con el ordenamiento en la materia, en sus art\u00edculos 15 y 16, el nombramiento del presidente o presidenta de la CEDHV se har\u00e1 mediante un decreto expedido por el Congreso del Estado, debiendo cumplir con los siguientes requisitos: ser veracruzano y haber residido en la entidad durante los dos a\u00f1os anteriores al d\u00eda de la designaci\u00f3n o mexicano por nacimiento, con vecindad m\u00ednima de cinco a\u00f1os en la entidad.<\/p>\n\n\n\n<p>Tener, cuando menos, 35 a\u00f1os de edad cumplidos al d\u00eda de la designaci\u00f3n, poseer t\u00edtulo de licenciado en Derecho con una antig\u00fcedad m\u00ednima de cinco a\u00f1os, contar con estudios de posgrado o con experiencia profesional en derechos humanos, gozar de buena reputaci\u00f3n y no haber sido condenado por delito que amerite pena corporal de m\u00e1s de un a\u00f1o de prisi\u00f3n.<\/p>\n","protected":false},"excerpt":{"rendered":"<p>Con 46 votos, la LXVII Legislatura eligi\u00f3 y, a trav\u00e9s de la Mesa Directiva, tom\u00f3 la protesta de ley a Minerva Regina P\u00e9rez L\u00f3pez para desempe\u00f1ar el cargo de titular de la Comisi\u00f3n Estatal de Derechos Humanos de Veracruz (CEDHV), para un periodo de cinco a\u00f1os, de acuerdo con lo establecido en el Art\u00edculo 17 [&hellip;]<\/p>\n","protected":false},"author":2,"featured_media":161795,"comment_status":"closed","ping_status":"closed","sticky":false,"template":"","format":"standard","meta":{"tdm_status":"","tdm_grid_status":"","footnotes":""},"categories":[43718],"tags":[52031,52030,47320,45284,47961],"class_list":{"0":"post-161794","1":"post","2":"type-post","3":"status-publish","4":"format-standard","5":"has-post-thumbnail","7":"category-elpalaciodeencanto","8":"tag-cedh-veracruz-2026-2031","9":"tag-comision-estatal-de-derechos-humanos-veracruz","10":"tag-derechos-humanos-veracruz","11":"tag-lxvii-legislatura-veracruz","12":"tag-minerva-regina-perez-lopez"},"yoast_head":"<!-- This site is optimized with the Yoast SEO plugin v27.4 - https:\/\/yoast.com\/product\/yoast-seo-wordpress\/ -->\n<title>MINERVA REGINA, TITULAR DE LA CEDH - Los pol\u00edticos Veracruz<\/title>\n<meta name=\"robots\" content=\"index, follow, max-snippet:-1, max-image-preview:large, max-video-preview:-1\" \/>\n<link rel=\"canonical\" href=\"https:\/\/lospoliticosveracruz.com\/?p=161794\" \/>\n<meta property=\"og:locale\" content=\"es_ES\" \/>\n<meta property=\"og:type\" content=\"article\" \/>\n<meta property=\"og:title\" content=\"MINERVA REGINA, TITULAR DE LA CEDH - Los pol\u00edticos Veracruz\" \/>\n<meta property=\"og:description\" content=\"Con 46 votos, la LXVII Legislatura eligi\u00f3 y, a trav\u00e9s de la Mesa Directiva, tom\u00f3 la protesta de ley a Minerva Regina P\u00e9rez L\u00f3pez para desempe\u00f1ar el cargo de titular de la Comisi\u00f3n Estatal de Derechos Humanos de Veracruz (CEDHV), para un periodo de cinco a\u00f1os, de acuerdo con lo establecido en el Art\u00edculo 17 [&hellip;]\" \/>\n<meta property=\"og:url\" content=\"https:\/\/lospoliticosveracruz.com\/?p=161794\" \/>\n<meta property=\"og:site_name\" content=\"Los pol\u00edticos Veracruz\" \/>\n<meta property=\"article:publisher\" content=\"https:\/\/www.facebook.com\/people\/Notimemes-de-los-Polticos\/61565672886568\/\" \/>\n<meta property=\"article:published_time\" content=\"2026-01-28T02:16:05+00:00\" \/>\n<meta property=\"article:modified_time\" content=\"2026-01-28T02:16:06+00:00\" \/>\n<meta property=\"og:image\" content=\"https:\/\/lospoliticosveracruz.com\/wp-content\/uploads\/2026\/01\/IMG_9540.jpeg\" \/>\n\t<meta property=\"og:image:width\" content=\"600\" \/>\n\t<meta property=\"og:image:height\" content=\"320\" \/>\n\t<meta property=\"og:image:type\" content=\"image\/jpeg\" \/>\n<meta name=\"author\" content=\"Lo viste en Los Pol\u00edticos\" \/>\n<meta name=\"twitter:card\" content=\"summary_large_image\" \/>\n<meta name=\"twitter:creator\" content=\"@LosPoliticosVer\" \/>\n<meta name=\"twitter:site\" content=\"@LosPoliticosVer\" \/>\n<meta name=\"twitter:label1\" content=\"Escrito por\" \/>\n\t<meta name=\"twitter:data1\" content=\"Lo viste en Los Pol\u00edticos\" \/>\n\t<meta name=\"twitter:label2\" content=\"Tiempo de lectura\" \/>\n\t<meta name=\"twitter:data2\" content=\"2 minutos\" \/>\n<script type=\"application\/ld+json\" class=\"yoast-schema-graph\">{\"@context\":\"https:\\\/\\\/schema.org\",\"@graph\":[{\"@type\":\"Article\",\"@id\":\"https:\\\/\\\/lospoliticosveracruz.com\\\/?p=161794#article\",\"isPartOf\":{\"@id\":\"https:\\\/\\\/lospoliticosveracruz.com\\\/?p=161794\"},\"author\":{\"name\":\"Lo viste en Los Pol\u00edticos\",\"@id\":\"https:\\\/\\\/lospoliticosveracruz.com\\\/#\\\/schema\\\/person\\\/b8702bb0e538456e6efd07080bf2a4a2\"},\"headline\":\"MINERVA REGINA, TITULAR DE LA CEDH\",\"datePublished\":\"2026-01-28T02:16:05+00:00\",\"dateModified\":\"2026-01-28T02:16:06+00:00\",\"mainEntityOfPage\":{\"@id\":\"https:\\\/\\\/lospoliticosveracruz.com\\\/?p=161794\"},\"wordCount\":388,\"publisher\":{\"@id\":\"https:\\\/\\\/lospoliticosveracruz.com\\\/#organization\"},\"image\":{\"@id\":\"https:\\\/\\\/lospoliticosveracruz.com\\\/?p=161794#primaryimage\"},\"thumbnailUrl\":\"https:\\\/\\\/lospoliticosveracruz.com\\\/wp-content\\\/uploads\\\/2026\\\/01\\\/IMG_9540.jpeg\",\"keywords\":[\"CEDH Veracruz 2026-2031\",\"Comisi\u00f3n Estatal de Derechos Humanos Veracruz\",\"derechos humanos Veracruz\",\"LXVII Legislatura Veracruz\",\"Minerva Regina P\u00e9rez L\u00f3pez\"],\"articleSection\":[\"EL PALACIO DE ENCANTO\"],\"inLanguage\":\"es\"},{\"@type\":\"WebPage\",\"@id\":\"https:\\\/\\\/lospoliticosveracruz.com\\\/?p=161794\",\"url\":\"https:\\\/\\\/lospoliticosveracruz.com\\\/?p=161794\",\"name\":\"MINERVA REGINA, TITULAR DE LA CEDH - Los pol\u00edticos Veracruz\",\"isPartOf\":{\"@id\":\"https:\\\/\\\/lospoliticosveracruz.com\\\/#website\"},\"primaryImageOfPage\":{\"@id\":\"https:\\\/\\\/lospoliticosveracruz.com\\\/?p=161794#primaryimage\"},\"image\":{\"@id\":\"https:\\\/\\\/lospoliticosveracruz.com\\\/?p=161794#primaryimage\"},\"thumbnailUrl\":\"https:\\\/\\\/lospoliticosveracruz.com\\\/wp-content\\\/uploads\\\/2026\\\/01\\\/IMG_9540.jpeg\",\"datePublished\":\"2026-01-28T02:16:05+00:00\",\"dateModified\":\"2026-01-28T02:16:06+00:00\",\"breadcrumb\":{\"@id\":\"https:\\\/\\\/lospoliticosveracruz.com\\\/?p=161794#breadcrumb\"},\"inLanguage\":\"es\",\"potentialAction\":[{\"@type\":\"ReadAction\",\"target\":[\"https:\\\/\\\/lospoliticosveracruz.com\\\/?p=161794\"]}]},{\"@type\":\"ImageObject\",\"inLanguage\":\"es\",\"@id\":\"https:\\\/\\\/lospoliticosveracruz.com\\\/?p=161794#primaryimage\",\"url\":\"https:\\\/\\\/lospoliticosveracruz.com\\\/wp-content\\\/uploads\\\/2026\\\/01\\\/IMG_9540.jpeg\",\"contentUrl\":\"https:\\\/\\\/lospoliticosveracruz.com\\\/wp-content\\\/uploads\\\/2026\\\/01\\\/IMG_9540.jpeg\",\"width\":600,\"height\":320},{\"@type\":\"BreadcrumbList\",\"@id\":\"https:\\\/\\\/lospoliticosveracruz.com\\\/?p=161794#breadcrumb\",\"itemListElement\":[{\"@type\":\"ListItem\",\"position\":1,\"name\":\"Portada\",\"item\":\"https:\\\/\\\/lospoliticosveracruz.com\\\/\"},{\"@type\":\"ListItem\",\"position\":2,\"name\":\"MINERVA REGINA, TITULAR DE LA CEDH\"}]},{\"@type\":\"WebSite\",\"@id\":\"https:\\\/\\\/lospoliticosveracruz.com\\\/#website\",\"url\":\"https:\\\/\\\/lospoliticosveracruz.com\\\/\",\"name\":\"Los pol\u00edticos Veracruz\",\"description\":\"\",\"publisher\":{\"@id\":\"https:\\\/\\\/lospoliticosveracruz.com\\\/#organization\"},\"potentialAction\":[{\"@type\":\"SearchAction\",\"target\":{\"@type\":\"EntryPoint\",\"urlTemplate\":\"https:\\\/\\\/lospoliticosveracruz.com\\\/?s={search_term_string}\"},\"query-input\":{\"@type\":\"PropertyValueSpecification\",\"valueRequired\":true,\"valueName\":\"search_term_string\"}}],\"inLanguage\":\"es\"},{\"@type\":\"Organization\",\"@id\":\"https:\\\/\\\/lospoliticosveracruz.com\\\/#organization\",\"name\":\"Los pol\u00edticos Veracruz\",\"url\":\"https:\\\/\\\/lospoliticosveracruz.com\\\/\",\"logo\":{\"@type\":\"ImageObject\",\"inLanguage\":\"es\",\"@id\":\"https:\\\/\\\/lospoliticosveracruz.com\\\/#\\\/schema\\\/logo\\\/image\\\/\",\"url\":\"https:\\\/\\\/lospoliticosveracruz.com\\\/wp-content\\\/uploads\\\/2025\\\/12\\\/Logo-Nuevo-LOS-POLITICOS-1.jpg\",\"contentUrl\":\"https:\\\/\\\/lospoliticosveracruz.com\\\/wp-content\\\/uploads\\\/2025\\\/12\\\/Logo-Nuevo-LOS-POLITICOS-1.jpg\",\"width\":260,\"height\":70,\"caption\":\"Los pol\u00edticos Veracruz\"},\"image\":{\"@id\":\"https:\\\/\\\/lospoliticosveracruz.com\\\/#\\\/schema\\\/logo\\\/image\\\/\"},\"sameAs\":[\"https:\\\/\\\/www.facebook.com\\\/people\\\/Notimemes-de-los-Polticos\\\/61565672886568\\\/\",\"https:\\\/\\\/x.com\\\/LosPoliticosVer\"]},{\"@type\":\"Person\",\"@id\":\"https:\\\/\\\/lospoliticosveracruz.com\\\/#\\\/schema\\\/person\\\/b8702bb0e538456e6efd07080bf2a4a2\",\"name\":\"Lo viste en Los Pol\u00edticos\",\"image\":{\"@type\":\"ImageObject\",\"inLanguage\":\"es\",\"@id\":\"https:\\\/\\\/secure.gravatar.com\\\/avatar\\\/3a8de04a2656d44082be478bd6c086daa447c4651605818287b9532d3d0bd435?s=96&d=mm&r=g\",\"url\":\"https:\\\/\\\/secure.gravatar.com\\\/avatar\\\/3a8de04a2656d44082be478bd6c086daa447c4651605818287b9532d3d0bd435?s=96&d=mm&r=g\",\"contentUrl\":\"https:\\\/\\\/secure.gravatar.com\\\/avatar\\\/3a8de04a2656d44082be478bd6c086daa447c4651605818287b9532d3d0bd435?s=96&d=mm&r=g\",\"caption\":\"Lo viste en Los Pol\u00edticos\"},\"url\":\"https:\\\/\\\/lospoliticosveracruz.com\\\/?author=2\"}]}<\/script>\n<!-- \/ Yoast SEO plugin. -->","yoast_head_json":{"title":"MINERVA REGINA, TITULAR DE LA CEDH - Los pol\u00edticos Veracruz","robots":{"index":"index","follow":"follow","max-snippet":"max-snippet:-1","max-image-preview":"max-image-preview:large","max-video-preview":"max-video-preview:-1"},"canonical":"https:\/\/lospoliticosveracruz.com\/?p=161794","og_locale":"es_ES","og_type":"article","og_title":"MINERVA REGINA, TITULAR DE LA CEDH - Los pol\u00edticos Veracruz","og_description":"Con 46 votos, la LXVII Legislatura eligi\u00f3 y, a trav\u00e9s de la Mesa Directiva, tom\u00f3 la protesta de ley a Minerva Regina P\u00e9rez L\u00f3pez para desempe\u00f1ar el cargo de titular de la Comisi\u00f3n Estatal de Derechos Humanos de Veracruz (CEDHV), para un periodo de cinco a\u00f1os, de acuerdo con lo establecido en el Art\u00edculo 17 [&hellip;]","og_url":"https:\/\/lospoliticosveracruz.com\/?p=161794","og_site_name":"Los pol\u00edticos Veracruz","article_publisher":"https:\/\/www.facebook.com\/people\/Notimemes-de-los-Polticos\/61565672886568\/","article_published_time":"2026-01-28T02:16:05+00:00","article_modified_time":"2026-01-28T02:16:06+00:00","og_image":[{"width":600,"height":320,"url":"https:\/\/lospoliticosveracruz.com\/wp-content\/uploads\/2026\/01\/IMG_9540.jpeg","type":"image\/jpeg"}],"author":"Lo viste en Los Pol\u00edticos","twitter_card":"summary_large_image","twitter_creator":"@LosPoliticosVer","twitter_site":"@LosPoliticosVer","twitter_misc":{"Escrito por":"Lo viste en Los Pol\u00edticos","Tiempo de lectura":"2 minutos"},"schema":{"@context":"https:\/\/schema.org","@graph":[{"@type":"Article","@id":"https:\/\/lospoliticosveracruz.com\/?p=161794#article","isPartOf":{"@id":"https:\/\/lospoliticosveracruz.com\/?p=161794"},"author":{"name":"Lo viste en Los Pol\u00edticos","@id":"https:\/\/lospoliticosveracruz.com\/#\/schema\/person\/b8702bb0e538456e6efd07080bf2a4a2"},"headline":"MINERVA REGINA, TITULAR DE LA CEDH","datePublished":"2026-01-28T02:16:05+00:00","dateModified":"2026-01-28T02:16:06+00:00","mainEntityOfPage":{"@id":"https:\/\/lospoliticosveracruz.com\/?p=161794"},"wordCount":388,"publisher":{"@id":"https:\/\/lospoliticosveracruz.com\/#organization"},"image":{"@id":"https:\/\/lospoliticosveracruz.com\/?p=161794#primaryimage"},"thumbnailUrl":"https:\/\/lospoliticosveracruz.com\/wp-content\/uploads\/2026\/01\/IMG_9540.jpeg","keywords":["CEDH Veracruz 2026-2031","Comisi\u00f3n Estatal de Derechos Humanos Veracruz","derechos humanos Veracruz","LXVII Legislatura Veracruz","Minerva Regina P\u00e9rez L\u00f3pez"],"articleSection":["EL PALACIO DE ENCANTO"],"inLanguage":"es"},{"@type":"WebPage","@id":"https:\/\/lospoliticosveracruz.com\/?p=161794","url":"https:\/\/lospoliticosveracruz.com\/?p=161794","name":"MINERVA REGINA, TITULAR DE LA CEDH - Los pol\u00edticos Veracruz","isPartOf":{"@id":"https:\/\/lospoliticosveracruz.com\/#website"},"primaryImageOfPage":{"@id":"https:\/\/lospoliticosveracruz.com\/?p=161794#primaryimage"},"image":{"@id":"https:\/\/lospoliticosveracruz.com\/?p=161794#primaryimage"},"thumbnailUrl":"https:\/\/lospoliticosveracruz.com\/wp-content\/uploads\/2026\/01\/IMG_9540.jpeg","datePublished":"2026-01-28T02:16:05+00:00","dateModified":"2026-01-28T02:16:06+00:00","breadcrumb":{"@id":"https:\/\/lospoliticosveracruz.com\/?p=161794#breadcrumb"},"inLanguage":"es","potentialAction":[{"@type":"ReadAction","target":["https:\/\/lospoliticosveracruz.com\/?p=161794"]}]},{"@type":"ImageObject","inLanguage":"es","@id":"https:\/\/lospoliticosveracruz.com\/?p=161794#primaryimage","url":"https:\/\/lospoliticosveracruz.com\/wp-content\/uploads\/2026\/01\/IMG_9540.jpeg","contentUrl":"https:\/\/lospoliticosveracruz.com\/wp-content\/uploads\/2026\/01\/IMG_9540.jpeg","width":600,"height":320},{"@type":"BreadcrumbList","@id":"https:\/\/lospoliticosveracruz.com\/?p=161794#breadcrumb","itemListElement":[{"@type":"ListItem","position":1,"name":"Portada","item":"https:\/\/lospoliticosveracruz.com\/"},{"@type":"ListItem","position":2,"name":"MINERVA REGINA, TITULAR DE LA CEDH"}]},{"@type":"WebSite","@id":"https:\/\/lospoliticosveracruz.com\/#website","url":"https:\/\/lospoliticosveracruz.com\/","name":"Los pol\u00edticos Veracruz","description":"","publisher":{"@id":"https:\/\/lospoliticosveracruz.com\/#organization"},"potentialAction":[{"@type":"SearchAction","target":{"@type":"EntryPoint","urlTemplate":"https:\/\/lospoliticosveracruz.com\/?s={search_term_string}"},"query-input":{"@type":"PropertyValueSpecification","valueRequired":true,"valueName":"search_term_string"}}],"inLanguage":"es"},{"@type":"Organization","@id":"https:\/\/lospoliticosveracruz.com\/#organization","name":"Los pol\u00edticos Veracruz","url":"https:\/\/lospoliticosveracruz.com\/","logo":{"@type":"ImageObject","inLanguage":"es","@id":"https:\/\/lospoliticosveracruz.com\/#\/schema\/logo\/image\/","url":"https:\/\/lospoliticosveracruz.com\/wp-content\/uploads\/2025\/12\/Logo-Nuevo-LOS-POLITICOS-1.jpg","contentUrl":"https:\/\/lospoliticosveracruz.com\/wp-content\/uploads\/2025\/12\/Logo-Nuevo-LOS-POLITICOS-1.jpg","width":260,"height":70,"caption":"Los pol\u00edticos Veracruz"},"image":{"@id":"https:\/\/lospoliticosveracruz.com\/#\/schema\/logo\/image\/"},"sameAs":["https:\/\/www.facebook.com\/people\/Notimemes-de-los-Polticos\/61565672886568\/","https:\/\/x.com\/LosPoliticosVer"]},{"@type":"Person","@id":"https:\/\/lospoliticosveracruz.com\/#\/schema\/person\/b8702bb0e538456e6efd07080bf2a4a2","name":"Lo viste en Los Pol\u00edticos","image":{"@type":"ImageObject","inLanguage":"es","@id":"https:\/\/secure.gravatar.com\/avatar\/3a8de04a2656d44082be478bd6c086daa447c4651605818287b9532d3d0bd435?s=96&d=mm&r=g","url":"https:\/\/secure.gravatar.com\/avatar\/3a8de04a2656d44082be478bd6c086daa447c4651605818287b9532d3d0bd435?s=96&d=mm&r=g","contentUrl":"https:\/\/secure.gravatar.com\/avatar\/3a8de04a2656d44082be478bd6c086daa447c4651605818287b9532d3d0bd435?s=96&d=mm&r=g","caption":"Lo viste en Los Pol\u00edticos"},"url":"https:\/\/lospoliticosveracruz.com\/?author=2"}]}},"_links":{"self":[{"href":"https:\/\/lospoliticosveracruz.com\/index.php?rest_route=\/wp\/v2\/posts\/161794","targetHints":{"allow":["GET"]}}],"collection":[{"href":"https:\/\/lospoliticosveracruz.com\/index.php?rest_route=\/wp\/v2\/posts"}],"about":[{"href":"https:\/\/lospoliticosveracruz.com\/index.php?rest_route=\/wp\/v2\/types\/post"}],"author":[{"embeddable":true,"href":"https:\/\/lospoliticosveracruz.com\/index.php?rest_route=\/wp\/v2\/users\/2"}],"replies":[{"embeddable":true,"href":"https:\/\/lospoliticosveracruz.com\/index.php?rest_route=%2Fwp%2Fv2%2Fcomments&post=161794"}],"version-history":[{"count":1,"href":"https:\/\/lospoliticosveracruz.com\/index.php?rest_route=\/wp\/v2\/posts\/161794\/revisions"}],"predecessor-version":[{"id":161796,"href":"https:\/\/lospoliticosveracruz.com\/index.php?rest_route=\/wp\/v2\/posts\/161794\/revisions\/161796"}],"wp:featuredmedia":[{"embeddable":true,"href":"https:\/\/lospoliticosveracruz.com\/index.php?rest_route=\/wp\/v2\/media\/161795"}],"wp:attachment":[{"href":"https:\/\/lospoliticosveracruz.com\/index.php?rest_route=%2Fwp%2Fv2%2Fmedia&parent=161794"}],"wp:term":[{"taxonomy":"category","embeddable":true,"href":"https:\/\/lospoliticosveracruz.com\/index.php?rest_route=%2Fwp%2Fv2%2Fcategories&post=161794"},{"taxonomy":"post_tag","embeddable":true,"href":"https:\/\/lospoliticosveracruz.com\/index.php?rest_route=%2Fwp%2Fv2%2Ftags&post=161794"}],"curies":[{"name":"wp","href":"https:\/\/api.w.org\/{rel}","templated":true}]}}