{"id":161818,"date":"2026-01-27T21:50:22","date_gmt":"2026-01-28T03:50:22","guid":{"rendered":"https:\/\/lospoliticosveracruz.com\/?p=161818"},"modified":"2026-01-27T21:50:24","modified_gmt":"2026-01-28T03:50:24","slug":"informalidad","status":"publish","type":"post","link":"https:\/\/lospoliticosveracruz.com\/?p=161818","title":{"rendered":"INFORMALIDAD"},"content":{"rendered":"\n<p><strong>Guadalupe H. Mar<\/strong><\/p>\n\n\n\n<p><em>Mira Pol\u00edtica&nbsp;<\/em><\/p>\n\n\n\n<p><strong>POR TANTO CHAMB\u00d3N<\/strong>&nbsp;\u2026 No est\u00e1n ustedes para saberlo amables lectoras y lectores, pero como resultado de una pretendida e improvisada transformaci\u00f3n para hacer el cambio en el otorgamiento de nuevas placas para veh\u00edculos automotores, as\u00ed como para el reemplacamiento y dem\u00e1s tr\u00e1mites de este tipo, complicando sobremanera este tr\u00e1mite, se incrementaron en Veracruz los trabajadores informales que venden los lugares que apartan hasta con 24 horas de anticipaci\u00f3n, a quienes requieren realizar alg\u00fan tr\u00e1mite de los antes mencionados. El costo de ese apartado, va de 500 pesos a dos mil pesos.<\/p>\n\n\n\n<p>Estos trabajadores informales, que por supuesto no tienen contrato laboral con nadie, por ende no tienen seguridad social ni prestaciones y que no pagan impuestos, son en este caso las decenas de personas que literalmente viven en las inmediaciones de las oficinas de la Secretar\u00eda de Finanzas y nada de Planeaci\u00f3n (Sefiplan) reservando turnos o lugares para quienes requieren emplacar o reemplacar y llegan a la hora en que abren normalmente las oficinas gubernamentales, las nueve de la ma\u00f1ana y no encuentran fichas disponibles para ser atendidos ese mismo d\u00eda.<\/p>\n\n\n\n<p>Ciudadanos a los que un guardia de seguridad, sin el menor asomo de capacitaci\u00f3n para el servicio, les dice a los interesados seg\u00fan sea el caso, \u201cno jefa, no jefe, vengase ma\u00f1ana a las tres de la madrugada para ver si alcanza ficha\u201d<\/p>\n\n\n\n<p>All\u00ed es cuando entran en acci\u00f3n los aparta lugares, quienes como los que aparecen en la serie televisiva La Rosa de Guadalupe, le ofrecen uno de los turnos o lugares que tienen permanentemente reservados.<\/p>\n\n\n\n<p>Caso conocido es el de la oficina de Sefiplan, en el pomposamente llamado World Trade Center de Boca del R\u00edo, donde los aparta lugares han colocado sillas, camastros y todo cuanto trebejo haga bulto para ganar un espacio, que como dec\u00edamos ofrecen de quinientos pesos en adelante.<\/p>\n\n\n\n<p>Claro, estas personas aparta lugares se est\u00e1n ganando el sustento diario de esa manera, lo cual es respetado y respetable, por lo que para el caso y haciendo alusi\u00f3n al te digo Chana para que me entiendas Juana, el mensaje es para los directivos de la Secretar\u00eda de Finanzas y nada de Planeaci\u00f3n que por sus improvisadas ocurrencias exponen a la ciudadan\u00eda, a sus clientes, a los que se deben, a dormir a la intemperie o ser asaltados por andar a deshoras en la calle, si no pagan por los servicios de trabajadores informales que no pagan impuestos.<\/p>\n\n\n\n<p><em>\u00bfNos explicamos o nos regresamos?<\/em><\/p>\n\n\n\n<p><strong>NUMERITOS HABLAN&nbsp;<\/strong>\u2026 Resulta que hace unos d\u00edas, Roy Campos Esquerra<\/p>\n\n\n\n<p>presidente de Consulta Mitofsky, dio a conocer que la popularidad por entidad federativa de la presidenta de la rep\u00fablica, la doctora en energ\u00eda Claudia Sheinbaum Pardo en el \u00faltimo mes del 2025, fluct\u00faa entre 58 y 84 por ciento, siendo los estados m\u00e1s favorables Hidalgo, Durango, Tamaulipas y Guerrero, en cambio los que menos la apruebas son Jalisco, Guanajuato, Sinaloa y Zacatecas.<\/p>\n\n\n\n<p>Obvio, la popularidad y aceptaci\u00f3n de la ciudadan\u00eda a la mandataria nacional est\u00e1 muy relacionada con el trabajo que realizan las gobernadoras y gobernadores del pa\u00eds, por eso el dato de Consulta Mitofsky es harto interesante.<\/p>\n\n\n\n<p>Para que no se queden con la duda amables lectoras y lectores, en el caso del estado de Veracruz, durante diciembre pasado, la aceptaci\u00f3n de los veracruzanos a favor de Sheinbaum Pardo fue del 69.8 por ciento, ocupando el lugar 15 de entre los 32 estados del pa\u00eds.<\/p>\n\n\n\n<p>El m\u00e1s alto en este porcentaje es Hidalgo con el 84.3 por ciento, en tanto que el m\u00e1s bajo era Jalisco con el 57.5 por ciento.<\/p>\n\n\n\n<p>Del sureste del pa\u00eds, Tabasco, Chiapas y Oaxaca son estados que superan a Veracruz en este tipo de aceptaci\u00f3n a la presidenta de la rep\u00fablica.<\/p>\n\n\n\n<p><strong>HACIENDO LA DIFERENCIA&nbsp;<\/strong>\u2026 Este martes la Fiscal General del Estado de Veracruz, la doctora Lisbeth Aurelia Jim\u00e9nez Aguirre, dio a conocer algunas cifras del resultado de su quehacer como procuradora de justicia en la entidad veracruzana, con lo cual ya est\u00e1 marcando la diferencia en el cargo y poniendo su sello personal.<\/p>\n\n\n\n<p>Si bien no se pueden aportar mayores detalles por aquello de no quebrantar el debido proceso, la abogada nativa del puerto de Veracruz y titular de la Fgever expuso que en el primer d\u00eda de esta semana se report\u00f3 una sentencia condenatoria, 14 vinculaciones a proceso y 16 imputaciones, derivadas del trabajo de las Fiscal\u00edas Regionales, Especializada y la Unidad Especializada en Combate al Secuestro y la Extorsi\u00f3n (UECS).<\/p>\n\n\n\n<p>De igual forma, se cumplimentaron seis mandamientos judiciales, se efectuaron siete detenciones en flagrancia y se logr\u00f3 la localizaci\u00f3n de seis personas reportadas como desaparecidas.<\/p>\n\n\n\n<p>Dato interesante del que ser\u00eda conveniente conocer m\u00e1s para ir midiendo lo que desde hace muchos a\u00f1os no se hace, es que la Fiscal\u00eda Coordinadora Especializada en Delitos contra las Mujeres, Feminicidio, Familia y Trata de Personas, obtuvo una sentencia condenatoria, ocho vinculaciones a proceso y realiz\u00f3 cinco imputaciones.<\/p>\n\n\n\n<p>Por la gravedad del tipo de delito, ser\u00eda interesante conocer los avances de la Fiscal\u00eda General del Estado en cuanto al esclarecimiento de feminicidios del que Veracruz es uno de los primeros cinco del pa\u00eds. El tercero para ser exactos.<\/p>\n\n\n\n<p>D\u00cdGALO SIN MIEDO\u2026 Al correo electr\u00f3nico guadalupehmar@gmail.com<\/p>\n","protected":false},"excerpt":{"rendered":"<p>Guadalupe H. Mar Mira Pol\u00edtica&nbsp; POR TANTO CHAMB\u00d3N&nbsp;\u2026 No est\u00e1n ustedes para saberlo amables lectoras y lectores, pero como resultado de una pretendida e improvisada transformaci\u00f3n para hacer el cambio en el otorgamiento de nuevas placas para veh\u00edculos automotores, as\u00ed como para el reemplacamiento y dem\u00e1s tr\u00e1mites de este tipo, complicando sobremanera este tr\u00e1mite, se [&hellip;]<\/p>\n","protected":false},"author":2,"featured_media":141398,"comment_status":"closed","ping_status":"closed","sticky":false,"template":"","format":"standard","meta":{"tdm_status":"","tdm_grid_status":"","footnotes":""},"categories":[70],"tags":[52068,52010,52071,52070,52069],"class_list":{"0":"post-161818","1":"post","2":"type-post","3":"status-publish","4":"format-standard","5":"has-post-thumbnail","7":"category-de-opinion","8":"tag-aparta-lugares-tramites-vehiculares","9":"tag-canje-de-placas-veracruz","10":"tag-caos-en-sefiplan","11":"tag-informalidad-en-oficinas-publicas","12":"tag-reemplacamiento-veracruz-problemas"},"yoast_head":"<!-- This site is optimized with the Yoast SEO plugin v27.4 - https:\/\/yoast.com\/product\/yoast-seo-wordpress\/ -->\n<title>INFORMALIDAD - Los pol\u00edticos Veracruz<\/title>\n<meta name=\"robots\" content=\"index, follow, max-snippet:-1, max-image-preview:large, max-video-preview:-1\" \/>\n<link rel=\"canonical\" href=\"https:\/\/lospoliticosveracruz.com\/?p=161818\" \/>\n<meta property=\"og:locale\" content=\"es_ES\" \/>\n<meta property=\"og:type\" content=\"article\" \/>\n<meta property=\"og:title\" content=\"INFORMALIDAD - Los pol\u00edticos Veracruz\" \/>\n<meta property=\"og:description\" content=\"Guadalupe H. Mar Mira Pol\u00edtica&nbsp; POR TANTO CHAMB\u00d3N&nbsp;\u2026 No est\u00e1n ustedes para saberlo amables lectoras y lectores, pero como resultado de una pretendida e improvisada transformaci\u00f3n para hacer el cambio en el otorgamiento de nuevas placas para veh\u00edculos automotores, as\u00ed como para el reemplacamiento y dem\u00e1s tr\u00e1mites de este tipo, complicando sobremanera este tr\u00e1mite, se [&hellip;]\" \/>\n<meta property=\"og:url\" content=\"https:\/\/lospoliticosveracruz.com\/?p=161818\" \/>\n<meta property=\"og:site_name\" content=\"Los pol\u00edticos Veracruz\" \/>\n<meta property=\"article:publisher\" content=\"https:\/\/www.facebook.com\/people\/Notimemes-de-los-Polticos\/61565672886568\/\" \/>\n<meta property=\"article:published_time\" content=\"2026-01-28T03:50:22+00:00\" \/>\n<meta property=\"article:modified_time\" content=\"2026-01-28T03:50:24+00:00\" \/>\n<meta property=\"og:image\" content=\"https:\/\/lospoliticosveracruz.com\/wp-content\/uploads\/2025\/04\/Lupita-H-Mar.jpg\" \/>\n\t<meta property=\"og:image:width\" content=\"1250\" \/>\n\t<meta property=\"og:image:height\" content=\"667\" \/>\n\t<meta property=\"og:image:type\" content=\"image\/jpeg\" \/>\n<meta name=\"author\" content=\"Lo viste en Los Pol\u00edticos\" \/>\n<meta name=\"twitter:card\" content=\"summary_large_image\" \/>\n<meta name=\"twitter:creator\" content=\"@LosPoliticosVer\" \/>\n<meta name=\"twitter:site\" content=\"@LosPoliticosVer\" \/>\n<meta name=\"twitter:label1\" content=\"Escrito por\" \/>\n\t<meta name=\"twitter:data1\" content=\"Lo viste en Los Pol\u00edticos\" \/>\n\t<meta name=\"twitter:label2\" content=\"Tiempo de lectura\" \/>\n\t<meta name=\"twitter:data2\" content=\"5 minutos\" \/>\n<script type=\"application\/ld+json\" class=\"yoast-schema-graph\">{\"@context\":\"https:\\\/\\\/schema.org\",\"@graph\":[{\"@type\":\"Article\",\"@id\":\"https:\\\/\\\/lospoliticosveracruz.com\\\/?p=161818#article\",\"isPartOf\":{\"@id\":\"https:\\\/\\\/lospoliticosveracruz.com\\\/?p=161818\"},\"author\":{\"name\":\"Lo viste en Los Pol\u00edticos\",\"@id\":\"https:\\\/\\\/lospoliticosveracruz.com\\\/#\\\/schema\\\/person\\\/b8702bb0e538456e6efd07080bf2a4a2\"},\"headline\":\"INFORMALIDAD\",\"datePublished\":\"2026-01-28T03:50:22+00:00\",\"dateModified\":\"2026-01-28T03:50:24+00:00\",\"mainEntityOfPage\":{\"@id\":\"https:\\\/\\\/lospoliticosveracruz.com\\\/?p=161818\"},\"wordCount\":912,\"publisher\":{\"@id\":\"https:\\\/\\\/lospoliticosveracruz.com\\\/#organization\"},\"image\":{\"@id\":\"https:\\\/\\\/lospoliticosveracruz.com\\\/?p=161818#primaryimage\"},\"thumbnailUrl\":\"https:\\\/\\\/lospoliticosveracruz.com\\\/wp-content\\\/uploads\\\/2025\\\/04\\\/Lupita-H-Mar.jpg\",\"keywords\":[\"aparta-lugares tr\u00e1mites vehiculares\",\"canje de placas Veracruz\",\"caos en SEFIPLAN\",\"informalidad en oficinas p\u00fablicas\",\"reemplacamiento Veracruz problemas\"],\"articleSection\":[\"De Opini\u00f3n\"],\"inLanguage\":\"es\"},{\"@type\":\"WebPage\",\"@id\":\"https:\\\/\\\/lospoliticosveracruz.com\\\/?p=161818\",\"url\":\"https:\\\/\\\/lospoliticosveracruz.com\\\/?p=161818\",\"name\":\"INFORMALIDAD - Los pol\u00edticos Veracruz\",\"isPartOf\":{\"@id\":\"https:\\\/\\\/lospoliticosveracruz.com\\\/#website\"},\"primaryImageOfPage\":{\"@id\":\"https:\\\/\\\/lospoliticosveracruz.com\\\/?p=161818#primaryimage\"},\"image\":{\"@id\":\"https:\\\/\\\/lospoliticosveracruz.com\\\/?p=161818#primaryimage\"},\"thumbnailUrl\":\"https:\\\/\\\/lospoliticosveracruz.com\\\/wp-content\\\/uploads\\\/2025\\\/04\\\/Lupita-H-Mar.jpg\",\"datePublished\":\"2026-01-28T03:50:22+00:00\",\"dateModified\":\"2026-01-28T03:50:24+00:00\",\"breadcrumb\":{\"@id\":\"https:\\\/\\\/lospoliticosveracruz.com\\\/?p=161818#breadcrumb\"},\"inLanguage\":\"es\",\"potentialAction\":[{\"@type\":\"ReadAction\",\"target\":[\"https:\\\/\\\/lospoliticosveracruz.com\\\/?p=161818\"]}]},{\"@type\":\"ImageObject\",\"inLanguage\":\"es\",\"@id\":\"https:\\\/\\\/lospoliticosveracruz.com\\\/?p=161818#primaryimage\",\"url\":\"https:\\\/\\\/lospoliticosveracruz.com\\\/wp-content\\\/uploads\\\/2025\\\/04\\\/Lupita-H-Mar.jpg\",\"contentUrl\":\"https:\\\/\\\/lospoliticosveracruz.com\\\/wp-content\\\/uploads\\\/2025\\\/04\\\/Lupita-H-Mar.jpg\",\"width\":1250,\"height\":667},{\"@type\":\"BreadcrumbList\",\"@id\":\"https:\\\/\\\/lospoliticosveracruz.com\\\/?p=161818#breadcrumb\",\"itemListElement\":[{\"@type\":\"ListItem\",\"position\":1,\"name\":\"Portada\",\"item\":\"https:\\\/\\\/lospoliticosveracruz.com\\\/\"},{\"@type\":\"ListItem\",\"position\":2,\"name\":\"INFORMALIDAD\"}]},{\"@type\":\"WebSite\",\"@id\":\"https:\\\/\\\/lospoliticosveracruz.com\\\/#website\",\"url\":\"https:\\\/\\\/lospoliticosveracruz.com\\\/\",\"name\":\"Los pol\u00edticos Veracruz\",\"description\":\"\",\"publisher\":{\"@id\":\"https:\\\/\\\/lospoliticosveracruz.com\\\/#organization\"},\"potentialAction\":[{\"@type\":\"SearchAction\",\"target\":{\"@type\":\"EntryPoint\",\"urlTemplate\":\"https:\\\/\\\/lospoliticosveracruz.com\\\/?s={search_term_string}\"},\"query-input\":{\"@type\":\"PropertyValueSpecification\",\"valueRequired\":true,\"valueName\":\"search_term_string\"}}],\"inLanguage\":\"es\"},{\"@type\":\"Organization\",\"@id\":\"https:\\\/\\\/lospoliticosveracruz.com\\\/#organization\",\"name\":\"Los pol\u00edticos Veracruz\",\"url\":\"https:\\\/\\\/lospoliticosveracruz.com\\\/\",\"logo\":{\"@type\":\"ImageObject\",\"inLanguage\":\"es\",\"@id\":\"https:\\\/\\\/lospoliticosveracruz.com\\\/#\\\/schema\\\/logo\\\/image\\\/\",\"url\":\"https:\\\/\\\/lospoliticosveracruz.com\\\/wp-content\\\/uploads\\\/2025\\\/12\\\/Logo-Nuevo-LOS-POLITICOS-1.jpg\",\"contentUrl\":\"https:\\\/\\\/lospoliticosveracruz.com\\\/wp-content\\\/uploads\\\/2025\\\/12\\\/Logo-Nuevo-LOS-POLITICOS-1.jpg\",\"width\":260,\"height\":70,\"caption\":\"Los pol\u00edticos Veracruz\"},\"image\":{\"@id\":\"https:\\\/\\\/lospoliticosveracruz.com\\\/#\\\/schema\\\/logo\\\/image\\\/\"},\"sameAs\":[\"https:\\\/\\\/www.facebook.com\\\/people\\\/Notimemes-de-los-Polticos\\\/61565672886568\\\/\",\"https:\\\/\\\/x.com\\\/LosPoliticosVer\"]},{\"@type\":\"Person\",\"@id\":\"https:\\\/\\\/lospoliticosveracruz.com\\\/#\\\/schema\\\/person\\\/b8702bb0e538456e6efd07080bf2a4a2\",\"name\":\"Lo viste en Los Pol\u00edticos\",\"image\":{\"@type\":\"ImageObject\",\"inLanguage\":\"es\",\"@id\":\"https:\\\/\\\/secure.gravatar.com\\\/avatar\\\/3a8de04a2656d44082be478bd6c086daa447c4651605818287b9532d3d0bd435?s=96&d=mm&r=g\",\"url\":\"https:\\\/\\\/secure.gravatar.com\\\/avatar\\\/3a8de04a2656d44082be478bd6c086daa447c4651605818287b9532d3d0bd435?s=96&d=mm&r=g\",\"contentUrl\":\"https:\\\/\\\/secure.gravatar.com\\\/avatar\\\/3a8de04a2656d44082be478bd6c086daa447c4651605818287b9532d3d0bd435?s=96&d=mm&r=g\",\"caption\":\"Lo viste en Los Pol\u00edticos\"},\"url\":\"https:\\\/\\\/lospoliticosveracruz.com\\\/?author=2\"}]}<\/script>\n<!-- \/ Yoast SEO plugin. -->","yoast_head_json":{"title":"INFORMALIDAD - Los pol\u00edticos Veracruz","robots":{"index":"index","follow":"follow","max-snippet":"max-snippet:-1","max-image-preview":"max-image-preview:large","max-video-preview":"max-video-preview:-1"},"canonical":"https:\/\/lospoliticosveracruz.com\/?p=161818","og_locale":"es_ES","og_type":"article","og_title":"INFORMALIDAD - Los pol\u00edticos Veracruz","og_description":"Guadalupe H. Mar Mira Pol\u00edtica&nbsp; POR TANTO CHAMB\u00d3N&nbsp;\u2026 No est\u00e1n ustedes para saberlo amables lectoras y lectores, pero como resultado de una pretendida e improvisada transformaci\u00f3n para hacer el cambio en el otorgamiento de nuevas placas para veh\u00edculos automotores, as\u00ed como para el reemplacamiento y dem\u00e1s tr\u00e1mites de este tipo, complicando sobremanera este tr\u00e1mite, se [&hellip;]","og_url":"https:\/\/lospoliticosveracruz.com\/?p=161818","og_site_name":"Los pol\u00edticos Veracruz","article_publisher":"https:\/\/www.facebook.com\/people\/Notimemes-de-los-Polticos\/61565672886568\/","article_published_time":"2026-01-28T03:50:22+00:00","article_modified_time":"2026-01-28T03:50:24+00:00","og_image":[{"width":1250,"height":667,"url":"https:\/\/lospoliticosveracruz.com\/wp-content\/uploads\/2025\/04\/Lupita-H-Mar.jpg","type":"image\/jpeg"}],"author":"Lo viste en Los Pol\u00edticos","twitter_card":"summary_large_image","twitter_creator":"@LosPoliticosVer","twitter_site":"@LosPoliticosVer","twitter_misc":{"Escrito por":"Lo viste en Los Pol\u00edticos","Tiempo de lectura":"5 minutos"},"schema":{"@context":"https:\/\/schema.org","@graph":[{"@type":"Article","@id":"https:\/\/lospoliticosveracruz.com\/?p=161818#article","isPartOf":{"@id":"https:\/\/lospoliticosveracruz.com\/?p=161818"},"author":{"name":"Lo viste en Los Pol\u00edticos","@id":"https:\/\/lospoliticosveracruz.com\/#\/schema\/person\/b8702bb0e538456e6efd07080bf2a4a2"},"headline":"INFORMALIDAD","datePublished":"2026-01-28T03:50:22+00:00","dateModified":"2026-01-28T03:50:24+00:00","mainEntityOfPage":{"@id":"https:\/\/lospoliticosveracruz.com\/?p=161818"},"wordCount":912,"publisher":{"@id":"https:\/\/lospoliticosveracruz.com\/#organization"},"image":{"@id":"https:\/\/lospoliticosveracruz.com\/?p=161818#primaryimage"},"thumbnailUrl":"https:\/\/lospoliticosveracruz.com\/wp-content\/uploads\/2025\/04\/Lupita-H-Mar.jpg","keywords":["aparta-lugares tr\u00e1mites vehiculares","canje de placas Veracruz","caos en SEFIPLAN","informalidad en oficinas p\u00fablicas","reemplacamiento Veracruz problemas"],"articleSection":["De Opini\u00f3n"],"inLanguage":"es"},{"@type":"WebPage","@id":"https:\/\/lospoliticosveracruz.com\/?p=161818","url":"https:\/\/lospoliticosveracruz.com\/?p=161818","name":"INFORMALIDAD - Los pol\u00edticos Veracruz","isPartOf":{"@id":"https:\/\/lospoliticosveracruz.com\/#website"},"primaryImageOfPage":{"@id":"https:\/\/lospoliticosveracruz.com\/?p=161818#primaryimage"},"image":{"@id":"https:\/\/lospoliticosveracruz.com\/?p=161818#primaryimage"},"thumbnailUrl":"https:\/\/lospoliticosveracruz.com\/wp-content\/uploads\/2025\/04\/Lupita-H-Mar.jpg","datePublished":"2026-01-28T03:50:22+00:00","dateModified":"2026-01-28T03:50:24+00:00","breadcrumb":{"@id":"https:\/\/lospoliticosveracruz.com\/?p=161818#breadcrumb"},"inLanguage":"es","potentialAction":[{"@type":"ReadAction","target":["https:\/\/lospoliticosveracruz.com\/?p=161818"]}]},{"@type":"ImageObject","inLanguage":"es","@id":"https:\/\/lospoliticosveracruz.com\/?p=161818#primaryimage","url":"https:\/\/lospoliticosveracruz.com\/wp-content\/uploads\/2025\/04\/Lupita-H-Mar.jpg","contentUrl":"https:\/\/lospoliticosveracruz.com\/wp-content\/uploads\/2025\/04\/Lupita-H-Mar.jpg","width":1250,"height":667},{"@type":"BreadcrumbList","@id":"https:\/\/lospoliticosveracruz.com\/?p=161818#breadcrumb","itemListElement":[{"@type":"ListItem","position":1,"name":"Portada","item":"https:\/\/lospoliticosveracruz.com\/"},{"@type":"ListItem","position":2,"name":"INFORMALIDAD"}]},{"@type":"WebSite","@id":"https:\/\/lospoliticosveracruz.com\/#website","url":"https:\/\/lospoliticosveracruz.com\/","name":"Los pol\u00edticos Veracruz","description":"","publisher":{"@id":"https:\/\/lospoliticosveracruz.com\/#organization"},"potentialAction":[{"@type":"SearchAction","target":{"@type":"EntryPoint","urlTemplate":"https:\/\/lospoliticosveracruz.com\/?s={search_term_string}"},"query-input":{"@type":"PropertyValueSpecification","valueRequired":true,"valueName":"search_term_string"}}],"inLanguage":"es"},{"@type":"Organization","@id":"https:\/\/lospoliticosveracruz.com\/#organization","name":"Los pol\u00edticos Veracruz","url":"https:\/\/lospoliticosveracruz.com\/","logo":{"@type":"ImageObject","inLanguage":"es","@id":"https:\/\/lospoliticosveracruz.com\/#\/schema\/logo\/image\/","url":"https:\/\/lospoliticosveracruz.com\/wp-content\/uploads\/2025\/12\/Logo-Nuevo-LOS-POLITICOS-1.jpg","contentUrl":"https:\/\/lospoliticosveracruz.com\/wp-content\/uploads\/2025\/12\/Logo-Nuevo-LOS-POLITICOS-1.jpg","width":260,"height":70,"caption":"Los pol\u00edticos Veracruz"},"image":{"@id":"https:\/\/lospoliticosveracruz.com\/#\/schema\/logo\/image\/"},"sameAs":["https:\/\/www.facebook.com\/people\/Notimemes-de-los-Polticos\/61565672886568\/","https:\/\/x.com\/LosPoliticosVer"]},{"@type":"Person","@id":"https:\/\/lospoliticosveracruz.com\/#\/schema\/person\/b8702bb0e538456e6efd07080bf2a4a2","name":"Lo viste en Los Pol\u00edticos","image":{"@type":"ImageObject","inLanguage":"es","@id":"https:\/\/secure.gravatar.com\/avatar\/3a8de04a2656d44082be478bd6c086daa447c4651605818287b9532d3d0bd435?s=96&d=mm&r=g","url":"https:\/\/secure.gravatar.com\/avatar\/3a8de04a2656d44082be478bd6c086daa447c4651605818287b9532d3d0bd435?s=96&d=mm&r=g","contentUrl":"https:\/\/secure.gravatar.com\/avatar\/3a8de04a2656d44082be478bd6c086daa447c4651605818287b9532d3d0bd435?s=96&d=mm&r=g","caption":"Lo viste en Los Pol\u00edticos"},"url":"https:\/\/lospoliticosveracruz.com\/?author=2"}]}},"_links":{"self":[{"href":"https:\/\/lospoliticosveracruz.com\/index.php?rest_route=\/wp\/v2\/posts\/161818","targetHints":{"allow":["GET"]}}],"collection":[{"href":"https:\/\/lospoliticosveracruz.com\/index.php?rest_route=\/wp\/v2\/posts"}],"about":[{"href":"https:\/\/lospoliticosveracruz.com\/index.php?rest_route=\/wp\/v2\/types\/post"}],"author":[{"embeddable":true,"href":"https:\/\/lospoliticosveracruz.com\/index.php?rest_route=\/wp\/v2\/users\/2"}],"replies":[{"embeddable":true,"href":"https:\/\/lospoliticosveracruz.com\/index.php?rest_route=%2Fwp%2Fv2%2Fcomments&post=161818"}],"version-history":[{"count":1,"href":"https:\/\/lospoliticosveracruz.com\/index.php?rest_route=\/wp\/v2\/posts\/161818\/revisions"}],"predecessor-version":[{"id":161819,"href":"https:\/\/lospoliticosveracruz.com\/index.php?rest_route=\/wp\/v2\/posts\/161818\/revisions\/161819"}],"wp:featuredmedia":[{"embeddable":true,"href":"https:\/\/lospoliticosveracruz.com\/index.php?rest_route=\/wp\/v2\/media\/141398"}],"wp:attachment":[{"href":"https:\/\/lospoliticosveracruz.com\/index.php?rest_route=%2Fwp%2Fv2%2Fmedia&parent=161818"}],"wp:term":[{"taxonomy":"category","embeddable":true,"href":"https:\/\/lospoliticosveracruz.com\/index.php?rest_route=%2Fwp%2Fv2%2Fcategories&post=161818"},{"taxonomy":"post_tag","embeddable":true,"href":"https:\/\/lospoliticosveracruz.com\/index.php?rest_route=%2Fwp%2Fv2%2Ftags&post=161818"}],"curies":[{"name":"wp","href":"https:\/\/api.w.org\/{rel}","templated":true}]}}