{"id":16185,"date":"2015-05-17T12:56:54","date_gmt":"2015-05-17T17:56:54","guid":{"rendered":"http:\/\/www.lospoliticosveracruz.com.mx\/?p=16185"},"modified":"2015-05-17T13:34:34","modified_gmt":"2015-05-17T18:34:34","slug":"doctor-bringas-sana-heridas","status":"publish","type":"post","link":"https:\/\/lospoliticosveracruz.com\/?p=16185","title":{"rendered":"Doctor Bringas sana heridas"},"content":{"rendered":"<p><strong>Salvador Mu\u00f1oz<\/strong><br \/>\nCoatzacoalcos<\/p>\n<p>&nbsp;<\/p>\n<p><a href=\"http:\/\/www.lospoliticosveracruz.com.mx\/wp-content\/uploads\/2015\/05\/wpid-img-20150517-wa0001-e1431886434993.jpg\"><img loading=\"lazy\" decoding=\"async\" class=\" size-medium wp-image-16190 aligncenter\" src=\"http:\/\/www.lospoliticosveracruz.com.mx\/wp-content\/uploads\/2015\/05\/wpid-img-20150517-wa0001-300x200.jpg\" alt=\"wpid-img-20150517-wa0001.jpg\" width=\"300\" height=\"200\" \/><\/a><\/p>\n<p>En la puerta del sal\u00f3n Suterm, el Doctor Bringas (como lucen sus promocionales) recibe a la gente de Allende, Mundo Nuevo, Nanchital y Agua Dulce, entre otros&#8230; Es el anfitri\u00f3n del Desayuno de la Unidad, que empez\u00f3 guango y lo subi\u00f3 de tono el mismo candidato a la diputaci\u00f3n federal por el distrito de Coatzacoalcos.<\/p>\n<p><a href=\"http:\/\/www.lospoliticosveracruz.com.mx\/wp-content\/uploads\/2015\/05\/wpid-img-20150517-wa0003-e1431886473959.jpg\"><img loading=\"lazy\" decoding=\"async\" class=\" size-medium wp-image-16188 alignleft\" src=\"http:\/\/www.lospoliticosveracruz.com.mx\/wp-content\/uploads\/2015\/05\/wpid-img-20150517-wa0003-300x200.jpg\" alt=\"wpid-img-20150517-wa0003.jpg\" width=\"300\" height=\"200\" \/><\/a><\/p>\n<p>Marcos Theurel y Lupita F\u00e9lix son multisaludados a su paso a la mesa principal, mientras un maestro de ceremonias hace una serie de reconocimientos a cuanto priista va llegando.<\/p>\n<p>Mientras Lupita F\u00e9lix abraza con efusividad a una muchacha como si tuviera varios trienios de no verla, Tony Mac\u00edas, el suegro, jala los reflectores y la atenci\u00f3n de todo aqu\u00e9l que quiere cruzar palabra o m\u00ednimo tomarse la selfie.<\/p>\n<p>Rafael Garc\u00eda Bringas recibe de sopet\u00f3n a don Carlos Brito G\u00f3mez, Corintia Cruz, Alfredo Ferrari y al alcalde Joaqu\u00edn Caballero Rosi\u00f1ol, quien se lleva los aplausos de la concurrencia en cuanto es citado por el maestro de ceremonias.<\/p>\n<p>Mientras, por las mesas, ya circula el huevito revuelto con verduras, frijoles refritos, pl\u00e1tano frito y tamal ranchero acompa\u00f1ado de jugo de naranja, caf\u00e9, refresco y agua. Eso s\u00ed, democr\u00e1ticamente fue el platillo para todos.<\/p>\n<p><a href=\"http:\/\/www.lospoliticosveracruz.com.mx\/wp-content\/uploads\/2015\/05\/wpid-img-20150517-wa0002-e1431886451621.jpg\"><img loading=\"lazy\" decoding=\"async\" class=\" size-medium wp-image-16189 alignright\" src=\"http:\/\/www.lospoliticosveracruz.com.mx\/wp-content\/uploads\/2015\/05\/wpid-img-20150517-wa0002-300x164.jpg\" alt=\"wpid-img-20150517-wa0002.jpg\" width=\"300\" height=\"164\" \/><\/a>El maestro de ceremonias se desga\u00f1itaba intentando arrancar los gritos de un p\u00fablico con el \u00abBringas, Bringas, Bringas!\u00bb Pero nom\u00e1s no. Lo intent\u00f3 con el de \u00ab\u00a1Unidad! \u00a1Unidad! \u00a1Unidad!\u00bb Y tampoco.<\/p>\n<p>Mientras, en la mesa, se o\u00eda el rumor de que el Presidente del PRI nacional, C\u00e9sar Camacho Quiroz, podr\u00eda estar acompa\u00f1ando a Jorge Carvallo Delf\u00edn\u00a0el pr\u00f3ximo s\u00e1bado\u00a023.<\/p>\n<p>Con el candidato de los Tuxtlas estuvo la senadora Cristina D\u00edaz, ex mujer de Tom\u00e1s Montoya, y coordinador de campa\u00f1a del candidato.<\/p>\n<p>El discurso de Alfredo Ferrari Saavedra hizo lo que el maestro de ceremonias: \u00a1Prendi\u00f3 a la gente! Que el grito de \u00ab\u00a1Bringas! \u00a1Bringas! \u00a1Bringas!\u00bb ahora s\u00ed se oy\u00f3.<\/p>\n<p>Calorcito a Tony Mac\u00edas, al Pantera Francisco Montes de Oca, Ram\u00f3n Hern\u00e1ndez Toledo y quienes se llevaron el aplaus\u00f3metro: Carlos Brito G\u00f3mez as\u00ed Marcos Theurel y Lupita.<\/p>\n<p>Si bien es cierto que cuando Ferrari cita al Presidente Enrique Pe\u00f1a Nieto, no hubo eco, pero s\u00ed lo hubo para la menci\u00f3n del Gobernador Javier Duarte de Ochoa, y remat\u00f3 su discurso con un PRI que va por todas las canicas aun con una campa\u00f1a at\u00edpica, donde ser\u00e1 \u00abvigilado como nunca y triunfante como siempre\u00bb.<\/p>\n<p>Y si Ferrari anim\u00f3 el Desayuno de la Unidad, el Doctor Bringas cerr\u00f3 con broche de oro al pasear entre las mesas y dio un discurso con un lenguaje ameno, afectivo, que en varias ocasiones arranc\u00f3 el aplauso y las porras.<\/p>\n<p>Si la intenci\u00f3n era lograr la unidad, Ferrari, Caballero y el candidato lo lograron. Si hab\u00eda heridas, el Doctor Bringas las cur\u00f3.<\/p>\n<p><a href=\"http:\/\/www.lospoliticosveracruz.com.mx\/wp-content\/uploads\/2015\/05\/wpid-img-20150517-wa0004-e1431886490159.jpg\"><img loading=\"lazy\" decoding=\"async\" class=\" size-medium wp-image-16187 aligncenter\" src=\"http:\/\/www.lospoliticosveracruz.com.mx\/wp-content\/uploads\/2015\/05\/wpid-img-20150517-wa0004-300x135.jpg\" alt=\"wpid-img-20150517-wa0004.jpg\" width=\"300\" height=\"135\" \/><\/a><\/p>\n<p>smcainito@gmail.com<\/p>\n","protected":false},"excerpt":{"rendered":"<p>Salvador Mu\u00f1oz Coatzacoalcos &nbsp; En la puerta del sal\u00f3n Suterm, el Doctor Bringas (como lucen sus promocionales) recibe a la gente de Allende, Mundo Nuevo, Nanchital y Agua Dulce, entre otros&#8230; Es el anfitri\u00f3n del Desayuno de la Unidad, que empez\u00f3 guango y lo subi\u00f3 de tono el mismo candidato a la diputaci\u00f3n federal por [&hellip;]<\/p>\n","protected":false},"author":2,"featured_media":0,"comment_status":"open","ping_status":"open","sticky":false,"template":"","format":"standard","meta":{"tdm_status":"","tdm_grid_status":"","footnotes":""},"categories":[70],"tags":[1378,371,2690,2689,1114,251,1221],"class_list":{"0":"post-16185","1":"post","2":"type-post","3":"status-publish","4":"format-standard","6":"category-de-opinion","7":"tag-alfredo-ferrari-saavedra","8":"tag-coatzacoalcos","9":"tag-desayuno-de-la-unidad","10":"tag-doctor-bringas","11":"tag-joaquin-caballero-rosinol","12":"tag-pri","13":"tag-rafael-garcia-bringas"},"yoast_head":"<!-- This site is optimized with the Yoast SEO plugin v27.4 - https:\/\/yoast.com\/product\/yoast-seo-wordpress\/ -->\n<title>Doctor Bringas sana heridas - Los pol\u00edticos Veracruz<\/title>\n<meta name=\"robots\" content=\"index, follow, max-snippet:-1, max-image-preview:large, max-video-preview:-1\" \/>\n<link rel=\"canonical\" href=\"https:\/\/lospoliticosveracruz.com\/?p=16185\" \/>\n<meta property=\"og:locale\" content=\"es_ES\" \/>\n<meta property=\"og:type\" content=\"article\" \/>\n<meta property=\"og:title\" content=\"Doctor Bringas sana heridas - Los pol\u00edticos Veracruz\" \/>\n<meta property=\"og:description\" content=\"Salvador Mu\u00f1oz Coatzacoalcos &nbsp; En la puerta del sal\u00f3n Suterm, el Doctor Bringas (como lucen sus promocionales) recibe a la gente de Allende, Mundo Nuevo, Nanchital y Agua Dulce, entre otros&#8230; Es el anfitri\u00f3n del Desayuno de la Unidad, que empez\u00f3 guango y lo subi\u00f3 de tono el mismo candidato a la diputaci\u00f3n federal por [&hellip;]\" \/>\n<meta property=\"og:url\" content=\"https:\/\/lospoliticosveracruz.com\/?p=16185\" \/>\n<meta property=\"og:site_name\" content=\"Los pol\u00edticos Veracruz\" \/>\n<meta property=\"article:publisher\" content=\"https:\/\/www.facebook.com\/people\/Notimemes-de-los-Polticos\/61565672886568\/\" \/>\n<meta property=\"article:published_time\" content=\"2015-05-17T17:56:54+00:00\" \/>\n<meta property=\"article:modified_time\" content=\"2015-05-17T18:34:34+00:00\" \/>\n<meta property=\"og:image\" content=\"http:\/\/www.lospoliticosveracruz.com.mx\/wp-content\/uploads\/2015\/05\/wpid-img-20150517-wa0001-300x200.jpg\" \/>\n<meta name=\"author\" content=\"Lo viste en Los Pol\u00edticos\" \/>\n<meta name=\"twitter:card\" content=\"summary_large_image\" \/>\n<meta name=\"twitter:creator\" content=\"@LosPoliticosVer\" \/>\n<meta name=\"twitter:site\" content=\"@LosPoliticosVer\" \/>\n<meta name=\"twitter:label1\" content=\"Escrito por\" \/>\n\t<meta name=\"twitter:data1\" content=\"Lo viste en Los Pol\u00edticos\" \/>\n\t<meta name=\"twitter:label2\" content=\"Tiempo de lectura\" \/>\n\t<meta name=\"twitter:data2\" content=\"3 minutos\" \/>\n<script type=\"application\/ld+json\" class=\"yoast-schema-graph\">{\"@context\":\"https:\\\/\\\/schema.org\",\"@graph\":[{\"@type\":\"Article\",\"@id\":\"https:\\\/\\\/lospoliticosveracruz.com\\\/?p=16185#article\",\"isPartOf\":{\"@id\":\"https:\\\/\\\/lospoliticosveracruz.com\\\/?p=16185\"},\"author\":{\"name\":\"Lo viste en Los Pol\u00edticos\",\"@id\":\"https:\\\/\\\/lospoliticosveracruz.com\\\/#\\\/schema\\\/person\\\/b8702bb0e538456e6efd07080bf2a4a2\"},\"headline\":\"Doctor Bringas sana heridas\",\"datePublished\":\"2015-05-17T17:56:54+00:00\",\"dateModified\":\"2015-05-17T18:34:34+00:00\",\"mainEntityOfPage\":{\"@id\":\"https:\\\/\\\/lospoliticosveracruz.com\\\/?p=16185\"},\"wordCount\":504,\"commentCount\":0,\"publisher\":{\"@id\":\"https:\\\/\\\/lospoliticosveracruz.com\\\/#organization\"},\"image\":{\"@id\":\"https:\\\/\\\/lospoliticosveracruz.com\\\/?p=16185#primaryimage\"},\"thumbnailUrl\":\"http:\\\/\\\/www.lospoliticosveracruz.com.mx\\\/wp-content\\\/uploads\\\/2015\\\/05\\\/wpid-img-20150517-wa0001-300x200.jpg\",\"keywords\":[\"Alfredo Ferrari Saavedra\",\"Coatzacoalcos\",\"Desayuno de la Unidad\",\"Doctor Bringas\",\"Joaqu\u00edn Caballero Rosi\u00f1ol\",\"PRI\",\"Rafael Garc\u00eda Bringas\"],\"articleSection\":[\"De Opini\u00f3n\"],\"inLanguage\":\"es\",\"potentialAction\":[{\"@type\":\"CommentAction\",\"name\":\"Comment\",\"target\":[\"https:\\\/\\\/lospoliticosveracruz.com\\\/?p=16185#respond\"]}]},{\"@type\":\"WebPage\",\"@id\":\"https:\\\/\\\/lospoliticosveracruz.com\\\/?p=16185\",\"url\":\"https:\\\/\\\/lospoliticosveracruz.com\\\/?p=16185\",\"name\":\"Doctor Bringas sana heridas - Los pol\u00edticos Veracruz\",\"isPartOf\":{\"@id\":\"https:\\\/\\\/lospoliticosveracruz.com\\\/#website\"},\"primaryImageOfPage\":{\"@id\":\"https:\\\/\\\/lospoliticosveracruz.com\\\/?p=16185#primaryimage\"},\"image\":{\"@id\":\"https:\\\/\\\/lospoliticosveracruz.com\\\/?p=16185#primaryimage\"},\"thumbnailUrl\":\"http:\\\/\\\/www.lospoliticosveracruz.com.mx\\\/wp-content\\\/uploads\\\/2015\\\/05\\\/wpid-img-20150517-wa0001-300x200.jpg\",\"datePublished\":\"2015-05-17T17:56:54+00:00\",\"dateModified\":\"2015-05-17T18:34:34+00:00\",\"breadcrumb\":{\"@id\":\"https:\\\/\\\/lospoliticosveracruz.com\\\/?p=16185#breadcrumb\"},\"inLanguage\":\"es\",\"potentialAction\":[{\"@type\":\"ReadAction\",\"target\":[\"https:\\\/\\\/lospoliticosveracruz.com\\\/?p=16185\"]}]},{\"@type\":\"ImageObject\",\"inLanguage\":\"es\",\"@id\":\"https:\\\/\\\/lospoliticosveracruz.com\\\/?p=16185#primaryimage\",\"url\":\"http:\\\/\\\/www.lospoliticosveracruz.com.mx\\\/wp-content\\\/uploads\\\/2015\\\/05\\\/wpid-img-20150517-wa0001-300x200.jpg\",\"contentUrl\":\"http:\\\/\\\/www.lospoliticosveracruz.com.mx\\\/wp-content\\\/uploads\\\/2015\\\/05\\\/wpid-img-20150517-wa0001-300x200.jpg\"},{\"@type\":\"BreadcrumbList\",\"@id\":\"https:\\\/\\\/lospoliticosveracruz.com\\\/?p=16185#breadcrumb\",\"itemListElement\":[{\"@type\":\"ListItem\",\"position\":1,\"name\":\"Portada\",\"item\":\"https:\\\/\\\/lospoliticosveracruz.com\\\/\"},{\"@type\":\"ListItem\",\"position\":2,\"name\":\"Doctor Bringas sana heridas\"}]},{\"@type\":\"WebSite\",\"@id\":\"https:\\\/\\\/lospoliticosveracruz.com\\\/#website\",\"url\":\"https:\\\/\\\/lospoliticosveracruz.com\\\/\",\"name\":\"Los pol\u00edticos Veracruz\",\"description\":\"\",\"publisher\":{\"@id\":\"https:\\\/\\\/lospoliticosveracruz.com\\\/#organization\"},\"potentialAction\":[{\"@type\":\"SearchAction\",\"target\":{\"@type\":\"EntryPoint\",\"urlTemplate\":\"https:\\\/\\\/lospoliticosveracruz.com\\\/?s={search_term_string}\"},\"query-input\":{\"@type\":\"PropertyValueSpecification\",\"valueRequired\":true,\"valueName\":\"search_term_string\"}}],\"inLanguage\":\"es\"},{\"@type\":\"Organization\",\"@id\":\"https:\\\/\\\/lospoliticosveracruz.com\\\/#organization\",\"name\":\"Los pol\u00edticos Veracruz\",\"url\":\"https:\\\/\\\/lospoliticosveracruz.com\\\/\",\"logo\":{\"@type\":\"ImageObject\",\"inLanguage\":\"es\",\"@id\":\"https:\\\/\\\/lospoliticosveracruz.com\\\/#\\\/schema\\\/logo\\\/image\\\/\",\"url\":\"https:\\\/\\\/lospoliticosveracruz.com\\\/wp-content\\\/uploads\\\/2025\\\/12\\\/Logo-Nuevo-LOS-POLITICOS-1.jpg\",\"contentUrl\":\"https:\\\/\\\/lospoliticosveracruz.com\\\/wp-content\\\/uploads\\\/2025\\\/12\\\/Logo-Nuevo-LOS-POLITICOS-1.jpg\",\"width\":260,\"height\":70,\"caption\":\"Los pol\u00edticos Veracruz\"},\"image\":{\"@id\":\"https:\\\/\\\/lospoliticosveracruz.com\\\/#\\\/schema\\\/logo\\\/image\\\/\"},\"sameAs\":[\"https:\\\/\\\/www.facebook.com\\\/people\\\/Notimemes-de-los-Polticos\\\/61565672886568\\\/\",\"https:\\\/\\\/x.com\\\/LosPoliticosVer\"]},{\"@type\":\"Person\",\"@id\":\"https:\\\/\\\/lospoliticosveracruz.com\\\/#\\\/schema\\\/person\\\/b8702bb0e538456e6efd07080bf2a4a2\",\"name\":\"Lo viste en Los Pol\u00edticos\",\"image\":{\"@type\":\"ImageObject\",\"inLanguage\":\"es\",\"@id\":\"https:\\\/\\\/secure.gravatar.com\\\/avatar\\\/3a8de04a2656d44082be478bd6c086daa447c4651605818287b9532d3d0bd435?s=96&d=mm&r=g\",\"url\":\"https:\\\/\\\/secure.gravatar.com\\\/avatar\\\/3a8de04a2656d44082be478bd6c086daa447c4651605818287b9532d3d0bd435?s=96&d=mm&r=g\",\"contentUrl\":\"https:\\\/\\\/secure.gravatar.com\\\/avatar\\\/3a8de04a2656d44082be478bd6c086daa447c4651605818287b9532d3d0bd435?s=96&d=mm&r=g\",\"caption\":\"Lo viste en Los Pol\u00edticos\"},\"url\":\"https:\\\/\\\/lospoliticosveracruz.com\\\/?author=2\"}]}<\/script>\n<!-- \/ Yoast SEO plugin. -->","yoast_head_json":{"title":"Doctor Bringas sana heridas - Los pol\u00edticos Veracruz","robots":{"index":"index","follow":"follow","max-snippet":"max-snippet:-1","max-image-preview":"max-image-preview:large","max-video-preview":"max-video-preview:-1"},"canonical":"https:\/\/lospoliticosveracruz.com\/?p=16185","og_locale":"es_ES","og_type":"article","og_title":"Doctor Bringas sana heridas - Los pol\u00edticos Veracruz","og_description":"Salvador Mu\u00f1oz Coatzacoalcos &nbsp; En la puerta del sal\u00f3n Suterm, el Doctor Bringas (como lucen sus promocionales) recibe a la gente de Allende, Mundo Nuevo, Nanchital y Agua Dulce, entre otros&#8230; Es el anfitri\u00f3n del Desayuno de la Unidad, que empez\u00f3 guango y lo subi\u00f3 de tono el mismo candidato a la diputaci\u00f3n federal por [&hellip;]","og_url":"https:\/\/lospoliticosveracruz.com\/?p=16185","og_site_name":"Los pol\u00edticos Veracruz","article_publisher":"https:\/\/www.facebook.com\/people\/Notimemes-de-los-Polticos\/61565672886568\/","article_published_time":"2015-05-17T17:56:54+00:00","article_modified_time":"2015-05-17T18:34:34+00:00","og_image":[{"url":"http:\/\/www.lospoliticosveracruz.com.mx\/wp-content\/uploads\/2015\/05\/wpid-img-20150517-wa0001-300x200.jpg","type":"","width":"","height":""}],"author":"Lo viste en Los Pol\u00edticos","twitter_card":"summary_large_image","twitter_creator":"@LosPoliticosVer","twitter_site":"@LosPoliticosVer","twitter_misc":{"Escrito por":"Lo viste en Los Pol\u00edticos","Tiempo de lectura":"3 minutos"},"schema":{"@context":"https:\/\/schema.org","@graph":[{"@type":"Article","@id":"https:\/\/lospoliticosveracruz.com\/?p=16185#article","isPartOf":{"@id":"https:\/\/lospoliticosveracruz.com\/?p=16185"},"author":{"name":"Lo viste en Los Pol\u00edticos","@id":"https:\/\/lospoliticosveracruz.com\/#\/schema\/person\/b8702bb0e538456e6efd07080bf2a4a2"},"headline":"Doctor Bringas sana heridas","datePublished":"2015-05-17T17:56:54+00:00","dateModified":"2015-05-17T18:34:34+00:00","mainEntityOfPage":{"@id":"https:\/\/lospoliticosveracruz.com\/?p=16185"},"wordCount":504,"commentCount":0,"publisher":{"@id":"https:\/\/lospoliticosveracruz.com\/#organization"},"image":{"@id":"https:\/\/lospoliticosveracruz.com\/?p=16185#primaryimage"},"thumbnailUrl":"http:\/\/www.lospoliticosveracruz.com.mx\/wp-content\/uploads\/2015\/05\/wpid-img-20150517-wa0001-300x200.jpg","keywords":["Alfredo Ferrari Saavedra","Coatzacoalcos","Desayuno de la Unidad","Doctor Bringas","Joaqu\u00edn Caballero Rosi\u00f1ol","PRI","Rafael Garc\u00eda Bringas"],"articleSection":["De Opini\u00f3n"],"inLanguage":"es","potentialAction":[{"@type":"CommentAction","name":"Comment","target":["https:\/\/lospoliticosveracruz.com\/?p=16185#respond"]}]},{"@type":"WebPage","@id":"https:\/\/lospoliticosveracruz.com\/?p=16185","url":"https:\/\/lospoliticosveracruz.com\/?p=16185","name":"Doctor Bringas sana heridas - Los pol\u00edticos Veracruz","isPartOf":{"@id":"https:\/\/lospoliticosveracruz.com\/#website"},"primaryImageOfPage":{"@id":"https:\/\/lospoliticosveracruz.com\/?p=16185#primaryimage"},"image":{"@id":"https:\/\/lospoliticosveracruz.com\/?p=16185#primaryimage"},"thumbnailUrl":"http:\/\/www.lospoliticosveracruz.com.mx\/wp-content\/uploads\/2015\/05\/wpid-img-20150517-wa0001-300x200.jpg","datePublished":"2015-05-17T17:56:54+00:00","dateModified":"2015-05-17T18:34:34+00:00","breadcrumb":{"@id":"https:\/\/lospoliticosveracruz.com\/?p=16185#breadcrumb"},"inLanguage":"es","potentialAction":[{"@type":"ReadAction","target":["https:\/\/lospoliticosveracruz.com\/?p=16185"]}]},{"@type":"ImageObject","inLanguage":"es","@id":"https:\/\/lospoliticosveracruz.com\/?p=16185#primaryimage","url":"http:\/\/www.lospoliticosveracruz.com.mx\/wp-content\/uploads\/2015\/05\/wpid-img-20150517-wa0001-300x200.jpg","contentUrl":"http:\/\/www.lospoliticosveracruz.com.mx\/wp-content\/uploads\/2015\/05\/wpid-img-20150517-wa0001-300x200.jpg"},{"@type":"BreadcrumbList","@id":"https:\/\/lospoliticosveracruz.com\/?p=16185#breadcrumb","itemListElement":[{"@type":"ListItem","position":1,"name":"Portada","item":"https:\/\/lospoliticosveracruz.com\/"},{"@type":"ListItem","position":2,"name":"Doctor Bringas sana heridas"}]},{"@type":"WebSite","@id":"https:\/\/lospoliticosveracruz.com\/#website","url":"https:\/\/lospoliticosveracruz.com\/","name":"Los pol\u00edticos Veracruz","description":"","publisher":{"@id":"https:\/\/lospoliticosveracruz.com\/#organization"},"potentialAction":[{"@type":"SearchAction","target":{"@type":"EntryPoint","urlTemplate":"https:\/\/lospoliticosveracruz.com\/?s={search_term_string}"},"query-input":{"@type":"PropertyValueSpecification","valueRequired":true,"valueName":"search_term_string"}}],"inLanguage":"es"},{"@type":"Organization","@id":"https:\/\/lospoliticosveracruz.com\/#organization","name":"Los pol\u00edticos Veracruz","url":"https:\/\/lospoliticosveracruz.com\/","logo":{"@type":"ImageObject","inLanguage":"es","@id":"https:\/\/lospoliticosveracruz.com\/#\/schema\/logo\/image\/","url":"https:\/\/lospoliticosveracruz.com\/wp-content\/uploads\/2025\/12\/Logo-Nuevo-LOS-POLITICOS-1.jpg","contentUrl":"https:\/\/lospoliticosveracruz.com\/wp-content\/uploads\/2025\/12\/Logo-Nuevo-LOS-POLITICOS-1.jpg","width":260,"height":70,"caption":"Los pol\u00edticos Veracruz"},"image":{"@id":"https:\/\/lospoliticosveracruz.com\/#\/schema\/logo\/image\/"},"sameAs":["https:\/\/www.facebook.com\/people\/Notimemes-de-los-Polticos\/61565672886568\/","https:\/\/x.com\/LosPoliticosVer"]},{"@type":"Person","@id":"https:\/\/lospoliticosveracruz.com\/#\/schema\/person\/b8702bb0e538456e6efd07080bf2a4a2","name":"Lo viste en Los Pol\u00edticos","image":{"@type":"ImageObject","inLanguage":"es","@id":"https:\/\/secure.gravatar.com\/avatar\/3a8de04a2656d44082be478bd6c086daa447c4651605818287b9532d3d0bd435?s=96&d=mm&r=g","url":"https:\/\/secure.gravatar.com\/avatar\/3a8de04a2656d44082be478bd6c086daa447c4651605818287b9532d3d0bd435?s=96&d=mm&r=g","contentUrl":"https:\/\/secure.gravatar.com\/avatar\/3a8de04a2656d44082be478bd6c086daa447c4651605818287b9532d3d0bd435?s=96&d=mm&r=g","caption":"Lo viste en Los Pol\u00edticos"},"url":"https:\/\/lospoliticosveracruz.com\/?author=2"}]}},"_links":{"self":[{"href":"https:\/\/lospoliticosveracruz.com\/index.php?rest_route=\/wp\/v2\/posts\/16185","targetHints":{"allow":["GET"]}}],"collection":[{"href":"https:\/\/lospoliticosveracruz.com\/index.php?rest_route=\/wp\/v2\/posts"}],"about":[{"href":"https:\/\/lospoliticosveracruz.com\/index.php?rest_route=\/wp\/v2\/types\/post"}],"author":[{"embeddable":true,"href":"https:\/\/lospoliticosveracruz.com\/index.php?rest_route=\/wp\/v2\/users\/2"}],"replies":[{"embeddable":true,"href":"https:\/\/lospoliticosveracruz.com\/index.php?rest_route=%2Fwp%2Fv2%2Fcomments&post=16185"}],"version-history":[{"count":4,"href":"https:\/\/lospoliticosveracruz.com\/index.php?rest_route=\/wp\/v2\/posts\/16185\/revisions"}],"predecessor-version":[{"id":16193,"href":"https:\/\/lospoliticosveracruz.com\/index.php?rest_route=\/wp\/v2\/posts\/16185\/revisions\/16193"}],"wp:attachment":[{"href":"https:\/\/lospoliticosveracruz.com\/index.php?rest_route=%2Fwp%2Fv2%2Fmedia&parent=16185"}],"wp:term":[{"taxonomy":"category","embeddable":true,"href":"https:\/\/lospoliticosveracruz.com\/index.php?rest_route=%2Fwp%2Fv2%2Fcategories&post=16185"},{"taxonomy":"post_tag","embeddable":true,"href":"https:\/\/lospoliticosveracruz.com\/index.php?rest_route=%2Fwp%2Fv2%2Ftags&post=16185"}],"curies":[{"name":"wp","href":"https:\/\/api.w.org\/{rel}","templated":true}]}}