{"id":161885,"date":"2026-01-28T12:13:03","date_gmt":"2026-01-28T18:13:03","guid":{"rendered":"https:\/\/lospoliticosveracruz.com\/?p=161885"},"modified":"2026-01-28T12:13:04","modified_gmt":"2026-01-28T18:13:04","slug":"minerva-en-derechos-humanos","status":"publish","type":"post","link":"https:\/\/lospoliticosveracruz.com\/?p=161885","title":{"rendered":"MINERVA EN DERECHOS HUMANOS"},"content":{"rendered":"\n<p><strong>Sergio Gonz\u00e1lez Levet<\/strong><\/p>\n\n\n\n<p><em>Sin tacto<\/em><\/p>\n\n\n\n<p>La maestra Minerva Regina P\u00e9rez L\u00f3pez, licenciada y maestra por la Universidad Veracruzana, ser\u00e1 la nueva Presidenta de la Comisi\u00f3n Estatal de Derechos Humanos (CEDH) por los pr\u00f3ximos cinco a\u00f1os.<\/p>\n\n\n\n<p>&nbsp;&nbsp; &nbsp;&nbsp;Omar Edmundo Blanco Mart\u00ednez, H\u00e9ctor Yunes Landa y Victoria Guti\u00e9rrez P\u00e9rez, que son los miembros de la Comisi\u00f3n Permanente de Derechos Humanos y Atenci\u00f3n a Grupos Vulnerables de la Legislatura estatal, presentaron al pleno de la C\u00e1mara una terna para elegir de ah\u00ed al pr\u00f3ximo titular de la CEDH, que hab\u00eda quedado ac\u00e9fala despu\u00e9s de que su presidenta por a\u00f1os, la doctora Namiko Matsumoto Ben\u00edtez, hab\u00eda presentado hace cuatro meses&nbsp;&nbsp;su renuncia para dirigir la Comisi\u00f3n Ejecutiva de Atenci\u00f3n a V\u00edctimas.<\/p>\n\n\n\n<p>&nbsp;&nbsp; &nbsp;&nbsp;A partir de que se public\u00f3 la convocatoria correspondiente, se inscribieron 12 aspirantes para participar, tres mujeres y nueve hombres, y de ellos quedaron en la fase final David Quitano D\u00edaz, Minerva Regina P\u00e9rez L\u00f3pez y Mar\u00eda Andrea Garc\u00eda Zavaleta.<\/p>\n\n\n\n<p>&nbsp;&nbsp; &nbsp;&nbsp;Ayer, el pleno de la Legislatura eligi\u00f3 con 46 votos a favor a la maestra Minerva, lo que signific\u00f3 una excelente decisi\u00f3n, talentos aparte, por su curr\u00edculum, su experiencia en el \u00e1rea y su conocimiento especializado en la defensa de los derechos humanos.<\/p>\n\n\n\n<p>&nbsp;&nbsp; &nbsp;&nbsp;La decisi\u00f3n de los diputados locales signific\u00f3 tambi\u00e9n un reconocimiento a la labor que desarroll\u00f3 el equipo de la doctora Matsumoto, del que la nueva titular form\u00f3 parte importante desde hace varios a\u00f1os. \u00c9sa hab\u00eda sido la raz\u00f3n por la cual la maestra Minerva hab\u00eda sido nombrada como encargada durante el proceso de selecci\u00f3n.<\/p>\n\n\n\n<p>&nbsp;&nbsp; &nbsp;&nbsp;Con esta designaci\u00f3n, la Legislatura que lidera el profesor Esteban Bautista da una muestra m\u00e1s de que en sus decisiones interviene la l\u00f3gica profesional y no el compadrazgo o las recomendaciones exteriores.<\/p>\n\n\n\n<p>&nbsp;&nbsp; &nbsp;&nbsp;Congruente pues la ratificaci\u00f3n de quien desde el 1\u00ba de febrero de 2017 tuvo el encargo de la Planeaci\u00f3n Institucional y el Control de Gesti\u00f3n de la CEDH, y bajo su mando certero se mantuvo en punto el tr\u00e1mite de expedientes, la recepci\u00f3n de quejas y el programa de capacitaci\u00f3n permanente para el personal, entre otros logros.<\/p>\n\n\n\n<p>&nbsp;&nbsp; &nbsp;&nbsp;La Comisi\u00f3n entra en un nuevo rumbo, en el que la maestra P\u00e9rez L\u00f3pez aportar\u00e1 la impronta de su personalidad para acelerar y mejorar los procedimientos de atenci\u00f3n a las v\u00edctimas que se acercan en busca de justicia y de apoyo.<\/p>\n\n\n\n<p>&nbsp;&nbsp; &nbsp;&nbsp;Habr\u00e1 que seguirla de cerca.<\/p>\n\n\n\n<p>sglevet@gmail.com<\/p>\n","protected":false},"excerpt":{"rendered":"<p>Sergio Gonz\u00e1lez Levet Sin tacto La maestra Minerva Regina P\u00e9rez L\u00f3pez, licenciada y maestra por la Universidad Veracruzana, ser\u00e1 la nueva Presidenta de la Comisi\u00f3n Estatal de Derechos Humanos (CEDH) por los pr\u00f3ximos cinco a\u00f1os. &nbsp;&nbsp; &nbsp;&nbsp;Omar Edmundo Blanco Mart\u00ednez, H\u00e9ctor Yunes Landa y Victoria Guti\u00e9rrez P\u00e9rez, que son los miembros de la Comisi\u00f3n Permanente [&hellip;]<\/p>\n","protected":false},"author":2,"featured_media":141432,"comment_status":"closed","ping_status":"closed","sticky":false,"template":"","format":"standard","meta":{"tdm_status":"","tdm_grid_status":"","footnotes":""},"categories":[70],"tags":[52124,6629,4506,47320,47961],"class_list":{"0":"post-161885","1":"post","2":"type-post","3":"status-publish","4":"format-standard","5":"has-post-thumbnail","7":"category-de-opinion","8":"tag-atencion-a-victimas","9":"tag-cedh-veracruz","10":"tag-comision-estatal-de-derechos-humanos","11":"tag-derechos-humanos-veracruz","12":"tag-minerva-regina-perez-lopez"},"yoast_head":"<!-- This site is optimized with the Yoast SEO plugin v27.4 - https:\/\/yoast.com\/product\/yoast-seo-wordpress\/ -->\n<title>MINERVA EN DERECHOS HUMANOS - Los pol\u00edticos Veracruz<\/title>\n<meta name=\"robots\" content=\"index, follow, max-snippet:-1, max-image-preview:large, max-video-preview:-1\" \/>\n<link rel=\"canonical\" href=\"https:\/\/lospoliticosveracruz.com\/?p=161885\" \/>\n<meta property=\"og:locale\" content=\"es_ES\" \/>\n<meta property=\"og:type\" content=\"article\" \/>\n<meta property=\"og:title\" content=\"MINERVA EN DERECHOS HUMANOS - Los pol\u00edticos Veracruz\" \/>\n<meta property=\"og:description\" content=\"Sergio Gonz\u00e1lez Levet Sin tacto La maestra Minerva Regina P\u00e9rez L\u00f3pez, licenciada y maestra por la Universidad Veracruzana, ser\u00e1 la nueva Presidenta de la Comisi\u00f3n Estatal de Derechos Humanos (CEDH) por los pr\u00f3ximos cinco a\u00f1os. &nbsp;&nbsp; &nbsp;&nbsp;Omar Edmundo Blanco Mart\u00ednez, H\u00e9ctor Yunes Landa y Victoria Guti\u00e9rrez P\u00e9rez, que son los miembros de la Comisi\u00f3n Permanente [&hellip;]\" \/>\n<meta property=\"og:url\" content=\"https:\/\/lospoliticosveracruz.com\/?p=161885\" \/>\n<meta property=\"og:site_name\" content=\"Los pol\u00edticos Veracruz\" \/>\n<meta property=\"article:publisher\" content=\"https:\/\/www.facebook.com\/people\/Notimemes-de-los-Polticos\/61565672886568\/\" \/>\n<meta property=\"article:published_time\" content=\"2026-01-28T18:13:03+00:00\" \/>\n<meta property=\"article:modified_time\" content=\"2026-01-28T18:13:04+00:00\" \/>\n<meta property=\"og:image\" content=\"https:\/\/lospoliticosveracruz.com\/wp-content\/uploads\/2025\/04\/Levet.jpg\" \/>\n\t<meta property=\"og:image:width\" content=\"1250\" \/>\n\t<meta property=\"og:image:height\" content=\"667\" \/>\n\t<meta property=\"og:image:type\" content=\"image\/jpeg\" \/>\n<meta name=\"author\" content=\"Lo viste en Los Pol\u00edticos\" \/>\n<meta name=\"twitter:card\" content=\"summary_large_image\" \/>\n<meta name=\"twitter:creator\" content=\"@LosPoliticosVer\" \/>\n<meta name=\"twitter:site\" content=\"@LosPoliticosVer\" \/>\n<meta name=\"twitter:label1\" content=\"Escrito por\" \/>\n\t<meta name=\"twitter:data1\" content=\"Lo viste en Los Pol\u00edticos\" \/>\n\t<meta name=\"twitter:label2\" content=\"Tiempo de lectura\" \/>\n\t<meta name=\"twitter:data2\" content=\"2 minutos\" \/>\n<script type=\"application\/ld+json\" class=\"yoast-schema-graph\">{\"@context\":\"https:\\\/\\\/schema.org\",\"@graph\":[{\"@type\":\"Article\",\"@id\":\"https:\\\/\\\/lospoliticosveracruz.com\\\/?p=161885#article\",\"isPartOf\":{\"@id\":\"https:\\\/\\\/lospoliticosveracruz.com\\\/?p=161885\"},\"author\":{\"name\":\"Lo viste en Los Pol\u00edticos\",\"@id\":\"https:\\\/\\\/lospoliticosveracruz.com\\\/#\\\/schema\\\/person\\\/b8702bb0e538456e6efd07080bf2a4a2\"},\"headline\":\"MINERVA EN DERECHOS HUMANOS\",\"datePublished\":\"2026-01-28T18:13:03+00:00\",\"dateModified\":\"2026-01-28T18:13:04+00:00\",\"mainEntityOfPage\":{\"@id\":\"https:\\\/\\\/lospoliticosveracruz.com\\\/?p=161885\"},\"wordCount\":476,\"publisher\":{\"@id\":\"https:\\\/\\\/lospoliticosveracruz.com\\\/#organization\"},\"image\":{\"@id\":\"https:\\\/\\\/lospoliticosveracruz.com\\\/?p=161885#primaryimage\"},\"thumbnailUrl\":\"https:\\\/\\\/lospoliticosveracruz.com\\\/wp-content\\\/uploads\\\/2025\\\/04\\\/Levet-e1773931000156.jpg\",\"keywords\":[\"atenci\u00f3n a v\u00edctimas\",\"CEDH Veracruz\",\"Comisi\u00f3n Estatal de Derechos Humanos\",\"derechos humanos Veracruz\",\"Minerva Regina P\u00e9rez L\u00f3pez\"],\"articleSection\":[\"De Opini\u00f3n\"],\"inLanguage\":\"es\"},{\"@type\":\"WebPage\",\"@id\":\"https:\\\/\\\/lospoliticosveracruz.com\\\/?p=161885\",\"url\":\"https:\\\/\\\/lospoliticosveracruz.com\\\/?p=161885\",\"name\":\"MINERVA EN DERECHOS HUMANOS - Los pol\u00edticos Veracruz\",\"isPartOf\":{\"@id\":\"https:\\\/\\\/lospoliticosveracruz.com\\\/#website\"},\"primaryImageOfPage\":{\"@id\":\"https:\\\/\\\/lospoliticosveracruz.com\\\/?p=161885#primaryimage\"},\"image\":{\"@id\":\"https:\\\/\\\/lospoliticosveracruz.com\\\/?p=161885#primaryimage\"},\"thumbnailUrl\":\"https:\\\/\\\/lospoliticosveracruz.com\\\/wp-content\\\/uploads\\\/2025\\\/04\\\/Levet-e1773931000156.jpg\",\"datePublished\":\"2026-01-28T18:13:03+00:00\",\"dateModified\":\"2026-01-28T18:13:04+00:00\",\"breadcrumb\":{\"@id\":\"https:\\\/\\\/lospoliticosveracruz.com\\\/?p=161885#breadcrumb\"},\"inLanguage\":\"es\",\"potentialAction\":[{\"@type\":\"ReadAction\",\"target\":[\"https:\\\/\\\/lospoliticosveracruz.com\\\/?p=161885\"]}]},{\"@type\":\"ImageObject\",\"inLanguage\":\"es\",\"@id\":\"https:\\\/\\\/lospoliticosveracruz.com\\\/?p=161885#primaryimage\",\"url\":\"https:\\\/\\\/lospoliticosveracruz.com\\\/wp-content\\\/uploads\\\/2025\\\/04\\\/Levet-e1773931000156.jpg\",\"contentUrl\":\"https:\\\/\\\/lospoliticosveracruz.com\\\/wp-content\\\/uploads\\\/2025\\\/04\\\/Levet-e1773931000156.jpg\",\"width\":600,\"height\":320},{\"@type\":\"BreadcrumbList\",\"@id\":\"https:\\\/\\\/lospoliticosveracruz.com\\\/?p=161885#breadcrumb\",\"itemListElement\":[{\"@type\":\"ListItem\",\"position\":1,\"name\":\"Portada\",\"item\":\"https:\\\/\\\/lospoliticosveracruz.com\\\/\"},{\"@type\":\"ListItem\",\"position\":2,\"name\":\"MINERVA EN DERECHOS HUMANOS\"}]},{\"@type\":\"WebSite\",\"@id\":\"https:\\\/\\\/lospoliticosveracruz.com\\\/#website\",\"url\":\"https:\\\/\\\/lospoliticosveracruz.com\\\/\",\"name\":\"Los pol\u00edticos Veracruz\",\"description\":\"\",\"publisher\":{\"@id\":\"https:\\\/\\\/lospoliticosveracruz.com\\\/#organization\"},\"potentialAction\":[{\"@type\":\"SearchAction\",\"target\":{\"@type\":\"EntryPoint\",\"urlTemplate\":\"https:\\\/\\\/lospoliticosveracruz.com\\\/?s={search_term_string}\"},\"query-input\":{\"@type\":\"PropertyValueSpecification\",\"valueRequired\":true,\"valueName\":\"search_term_string\"}}],\"inLanguage\":\"es\"},{\"@type\":\"Organization\",\"@id\":\"https:\\\/\\\/lospoliticosveracruz.com\\\/#organization\",\"name\":\"Los pol\u00edticos Veracruz\",\"url\":\"https:\\\/\\\/lospoliticosveracruz.com\\\/\",\"logo\":{\"@type\":\"ImageObject\",\"inLanguage\":\"es\",\"@id\":\"https:\\\/\\\/lospoliticosveracruz.com\\\/#\\\/schema\\\/logo\\\/image\\\/\",\"url\":\"https:\\\/\\\/lospoliticosveracruz.com\\\/wp-content\\\/uploads\\\/2025\\\/12\\\/Logo-Nuevo-LOS-POLITICOS-1.jpg\",\"contentUrl\":\"https:\\\/\\\/lospoliticosveracruz.com\\\/wp-content\\\/uploads\\\/2025\\\/12\\\/Logo-Nuevo-LOS-POLITICOS-1.jpg\",\"width\":260,\"height\":70,\"caption\":\"Los pol\u00edticos Veracruz\"},\"image\":{\"@id\":\"https:\\\/\\\/lospoliticosveracruz.com\\\/#\\\/schema\\\/logo\\\/image\\\/\"},\"sameAs\":[\"https:\\\/\\\/www.facebook.com\\\/people\\\/Notimemes-de-los-Polticos\\\/61565672886568\\\/\",\"https:\\\/\\\/x.com\\\/LosPoliticosVer\"]},{\"@type\":\"Person\",\"@id\":\"https:\\\/\\\/lospoliticosveracruz.com\\\/#\\\/schema\\\/person\\\/b8702bb0e538456e6efd07080bf2a4a2\",\"name\":\"Lo viste en Los Pol\u00edticos\",\"image\":{\"@type\":\"ImageObject\",\"inLanguage\":\"es\",\"@id\":\"https:\\\/\\\/secure.gravatar.com\\\/avatar\\\/3a8de04a2656d44082be478bd6c086daa447c4651605818287b9532d3d0bd435?s=96&d=mm&r=g\",\"url\":\"https:\\\/\\\/secure.gravatar.com\\\/avatar\\\/3a8de04a2656d44082be478bd6c086daa447c4651605818287b9532d3d0bd435?s=96&d=mm&r=g\",\"contentUrl\":\"https:\\\/\\\/secure.gravatar.com\\\/avatar\\\/3a8de04a2656d44082be478bd6c086daa447c4651605818287b9532d3d0bd435?s=96&d=mm&r=g\",\"caption\":\"Lo viste en Los Pol\u00edticos\"},\"url\":\"https:\\\/\\\/lospoliticosveracruz.com\\\/?author=2\"}]}<\/script>\n<!-- \/ Yoast SEO plugin. -->","yoast_head_json":{"title":"MINERVA EN DERECHOS HUMANOS - Los pol\u00edticos Veracruz","robots":{"index":"index","follow":"follow","max-snippet":"max-snippet:-1","max-image-preview":"max-image-preview:large","max-video-preview":"max-video-preview:-1"},"canonical":"https:\/\/lospoliticosveracruz.com\/?p=161885","og_locale":"es_ES","og_type":"article","og_title":"MINERVA EN DERECHOS HUMANOS - Los pol\u00edticos Veracruz","og_description":"Sergio Gonz\u00e1lez Levet Sin tacto La maestra Minerva Regina P\u00e9rez L\u00f3pez, licenciada y maestra por la Universidad Veracruzana, ser\u00e1 la nueva Presidenta de la Comisi\u00f3n Estatal de Derechos Humanos (CEDH) por los pr\u00f3ximos cinco a\u00f1os. &nbsp;&nbsp; &nbsp;&nbsp;Omar Edmundo Blanco Mart\u00ednez, H\u00e9ctor Yunes Landa y Victoria Guti\u00e9rrez P\u00e9rez, que son los miembros de la Comisi\u00f3n Permanente [&hellip;]","og_url":"https:\/\/lospoliticosveracruz.com\/?p=161885","og_site_name":"Los pol\u00edticos Veracruz","article_publisher":"https:\/\/www.facebook.com\/people\/Notimemes-de-los-Polticos\/61565672886568\/","article_published_time":"2026-01-28T18:13:03+00:00","article_modified_time":"2026-01-28T18:13:04+00:00","og_image":[{"width":1250,"height":667,"url":"https:\/\/lospoliticosveracruz.com\/wp-content\/uploads\/2025\/04\/Levet.jpg","type":"image\/jpeg"}],"author":"Lo viste en Los Pol\u00edticos","twitter_card":"summary_large_image","twitter_creator":"@LosPoliticosVer","twitter_site":"@LosPoliticosVer","twitter_misc":{"Escrito por":"Lo viste en Los Pol\u00edticos","Tiempo de lectura":"2 minutos"},"schema":{"@context":"https:\/\/schema.org","@graph":[{"@type":"Article","@id":"https:\/\/lospoliticosveracruz.com\/?p=161885#article","isPartOf":{"@id":"https:\/\/lospoliticosveracruz.com\/?p=161885"},"author":{"name":"Lo viste en Los Pol\u00edticos","@id":"https:\/\/lospoliticosveracruz.com\/#\/schema\/person\/b8702bb0e538456e6efd07080bf2a4a2"},"headline":"MINERVA EN DERECHOS HUMANOS","datePublished":"2026-01-28T18:13:03+00:00","dateModified":"2026-01-28T18:13:04+00:00","mainEntityOfPage":{"@id":"https:\/\/lospoliticosveracruz.com\/?p=161885"},"wordCount":476,"publisher":{"@id":"https:\/\/lospoliticosveracruz.com\/#organization"},"image":{"@id":"https:\/\/lospoliticosveracruz.com\/?p=161885#primaryimage"},"thumbnailUrl":"https:\/\/lospoliticosveracruz.com\/wp-content\/uploads\/2025\/04\/Levet-e1773931000156.jpg","keywords":["atenci\u00f3n a v\u00edctimas","CEDH Veracruz","Comisi\u00f3n Estatal de Derechos Humanos","derechos humanos Veracruz","Minerva Regina P\u00e9rez L\u00f3pez"],"articleSection":["De Opini\u00f3n"],"inLanguage":"es"},{"@type":"WebPage","@id":"https:\/\/lospoliticosveracruz.com\/?p=161885","url":"https:\/\/lospoliticosveracruz.com\/?p=161885","name":"MINERVA EN DERECHOS HUMANOS - Los pol\u00edticos Veracruz","isPartOf":{"@id":"https:\/\/lospoliticosveracruz.com\/#website"},"primaryImageOfPage":{"@id":"https:\/\/lospoliticosveracruz.com\/?p=161885#primaryimage"},"image":{"@id":"https:\/\/lospoliticosveracruz.com\/?p=161885#primaryimage"},"thumbnailUrl":"https:\/\/lospoliticosveracruz.com\/wp-content\/uploads\/2025\/04\/Levet-e1773931000156.jpg","datePublished":"2026-01-28T18:13:03+00:00","dateModified":"2026-01-28T18:13:04+00:00","breadcrumb":{"@id":"https:\/\/lospoliticosveracruz.com\/?p=161885#breadcrumb"},"inLanguage":"es","potentialAction":[{"@type":"ReadAction","target":["https:\/\/lospoliticosveracruz.com\/?p=161885"]}]},{"@type":"ImageObject","inLanguage":"es","@id":"https:\/\/lospoliticosveracruz.com\/?p=161885#primaryimage","url":"https:\/\/lospoliticosveracruz.com\/wp-content\/uploads\/2025\/04\/Levet-e1773931000156.jpg","contentUrl":"https:\/\/lospoliticosveracruz.com\/wp-content\/uploads\/2025\/04\/Levet-e1773931000156.jpg","width":600,"height":320},{"@type":"BreadcrumbList","@id":"https:\/\/lospoliticosveracruz.com\/?p=161885#breadcrumb","itemListElement":[{"@type":"ListItem","position":1,"name":"Portada","item":"https:\/\/lospoliticosveracruz.com\/"},{"@type":"ListItem","position":2,"name":"MINERVA EN DERECHOS HUMANOS"}]},{"@type":"WebSite","@id":"https:\/\/lospoliticosveracruz.com\/#website","url":"https:\/\/lospoliticosveracruz.com\/","name":"Los pol\u00edticos Veracruz","description":"","publisher":{"@id":"https:\/\/lospoliticosveracruz.com\/#organization"},"potentialAction":[{"@type":"SearchAction","target":{"@type":"EntryPoint","urlTemplate":"https:\/\/lospoliticosveracruz.com\/?s={search_term_string}"},"query-input":{"@type":"PropertyValueSpecification","valueRequired":true,"valueName":"search_term_string"}}],"inLanguage":"es"},{"@type":"Organization","@id":"https:\/\/lospoliticosveracruz.com\/#organization","name":"Los pol\u00edticos Veracruz","url":"https:\/\/lospoliticosveracruz.com\/","logo":{"@type":"ImageObject","inLanguage":"es","@id":"https:\/\/lospoliticosveracruz.com\/#\/schema\/logo\/image\/","url":"https:\/\/lospoliticosveracruz.com\/wp-content\/uploads\/2025\/12\/Logo-Nuevo-LOS-POLITICOS-1.jpg","contentUrl":"https:\/\/lospoliticosveracruz.com\/wp-content\/uploads\/2025\/12\/Logo-Nuevo-LOS-POLITICOS-1.jpg","width":260,"height":70,"caption":"Los pol\u00edticos Veracruz"},"image":{"@id":"https:\/\/lospoliticosveracruz.com\/#\/schema\/logo\/image\/"},"sameAs":["https:\/\/www.facebook.com\/people\/Notimemes-de-los-Polticos\/61565672886568\/","https:\/\/x.com\/LosPoliticosVer"]},{"@type":"Person","@id":"https:\/\/lospoliticosveracruz.com\/#\/schema\/person\/b8702bb0e538456e6efd07080bf2a4a2","name":"Lo viste en Los Pol\u00edticos","image":{"@type":"ImageObject","inLanguage":"es","@id":"https:\/\/secure.gravatar.com\/avatar\/3a8de04a2656d44082be478bd6c086daa447c4651605818287b9532d3d0bd435?s=96&d=mm&r=g","url":"https:\/\/secure.gravatar.com\/avatar\/3a8de04a2656d44082be478bd6c086daa447c4651605818287b9532d3d0bd435?s=96&d=mm&r=g","contentUrl":"https:\/\/secure.gravatar.com\/avatar\/3a8de04a2656d44082be478bd6c086daa447c4651605818287b9532d3d0bd435?s=96&d=mm&r=g","caption":"Lo viste en Los Pol\u00edticos"},"url":"https:\/\/lospoliticosveracruz.com\/?author=2"}]}},"_links":{"self":[{"href":"https:\/\/lospoliticosveracruz.com\/index.php?rest_route=\/wp\/v2\/posts\/161885","targetHints":{"allow":["GET"]}}],"collection":[{"href":"https:\/\/lospoliticosveracruz.com\/index.php?rest_route=\/wp\/v2\/posts"}],"about":[{"href":"https:\/\/lospoliticosveracruz.com\/index.php?rest_route=\/wp\/v2\/types\/post"}],"author":[{"embeddable":true,"href":"https:\/\/lospoliticosveracruz.com\/index.php?rest_route=\/wp\/v2\/users\/2"}],"replies":[{"embeddable":true,"href":"https:\/\/lospoliticosveracruz.com\/index.php?rest_route=%2Fwp%2Fv2%2Fcomments&post=161885"}],"version-history":[{"count":1,"href":"https:\/\/lospoliticosveracruz.com\/index.php?rest_route=\/wp\/v2\/posts\/161885\/revisions"}],"predecessor-version":[{"id":161886,"href":"https:\/\/lospoliticosveracruz.com\/index.php?rest_route=\/wp\/v2\/posts\/161885\/revisions\/161886"}],"wp:featuredmedia":[{"embeddable":true,"href":"https:\/\/lospoliticosveracruz.com\/index.php?rest_route=\/wp\/v2\/media\/141432"}],"wp:attachment":[{"href":"https:\/\/lospoliticosveracruz.com\/index.php?rest_route=%2Fwp%2Fv2%2Fmedia&parent=161885"}],"wp:term":[{"taxonomy":"category","embeddable":true,"href":"https:\/\/lospoliticosveracruz.com\/index.php?rest_route=%2Fwp%2Fv2%2Fcategories&post=161885"},{"taxonomy":"post_tag","embeddable":true,"href":"https:\/\/lospoliticosveracruz.com\/index.php?rest_route=%2Fwp%2Fv2%2Ftags&post=161885"}],"curies":[{"name":"wp","href":"https:\/\/api.w.org\/{rel}","templated":true}]}}