{"id":162095,"date":"2026-01-29T18:18:08","date_gmt":"2026-01-30T00:18:08","guid":{"rendered":"https:\/\/lospoliticosveracruz.com\/?p=162095"},"modified":"2026-01-29T18:18:10","modified_gmt":"2026-01-30T00:18:10","slug":"sacaran-las-cafeteras-rodantes","status":"publish","type":"post","link":"https:\/\/lospoliticosveracruz.com\/?p=162095","title":{"rendered":"SACAR\u00c1N LAS CAFETERAS RODANTES\u2026"},"content":{"rendered":"\n<p><strong>\u00c1ngeles Gonz\u00e1lez Ceballos<\/strong><\/p>\n\n\n\n<p>El compromiso de las y los concesionarios del transporte p\u00fablico de Xalapa y la regi\u00f3n luego de que se les autorizara el incremento a la tarifa, es lograr una modernizaci\u00f3n del parque vehicular.<\/p>\n\n\n\n<p>El presidente del Servicio Urbano de Xalapa (SUX), Oscar Luis Ceballos Ram\u00edrez, expres\u00f3 que ciertamente es complicado, pero trabajar\u00e1n de la mano con el gobierno de Veracruz, con la gobernadora Roc\u00edo Nahle Garc\u00eda, quien trae el proyecto \u00abOlmeca\u00bb para que haya unidades de alta calidad.<\/p>\n\n\n\n<p>Expuso que este mi\u00e9rcoles se llev\u00f3 a cabo la primera mesa de trabajo con las autoridades del gobierno de Veracruz y los transportistas.<\/p>\n\n\n\n<p>Cuestionado sobre el incremento a las tarifas del transporte para los municipios conurbados, dijo que este se har\u00e1 de manera paulatina, para que todos logren mejorar sus condiciones.<\/p>\n\n\n\n<p>\u00abTenemos ya casi 12 a\u00f1os de rezagos, que ha afectado porque no se han podido actualizar las unidades, pero sobre todo, para dar el mantenimiento preventivo\u00bb, indic\u00f3.<\/p>\n\n\n\n<p>Por otra parte, Ceballos Ram\u00edrez inform\u00f3 que el SUX ha bellido incursionando en nuevas y diferentes opciones de transporte, y es que a partir de este jueves comenz\u00f3 a circular una sprinter que dar\u00e1 servicio a la ruta a Coapexpan.<\/p>\n\n\n\n<p>Record\u00f3 que hace algunas semanas pusieron a prueba una nueva unidad moderna, con diversos servicios para los usuarios, como rampa para discapacitados, pero esta ya fue adquirida y ya comenzar\u00e1 a circular.<\/p>\n\n\n\n<p><em>Ya se puede pagar con tarjeta<\/em><\/p>\n\n\n\n<p>En otro tema, el concesionario del transporte p\u00fablico, record\u00f3 que algunas unidades ya cuentan con terminales para poder cobrar con tarjetas bancarias o gracias a la Tecnolog\u00eda NFC (Near Field Communication), con lo que s\u00f3lo deben acercar los tel\u00e9fonos.<\/p>\n\n\n\n<p>Indic\u00f3 que si bien es cierto el SUX cuenta con 10 camiones que tienen este servicio, tambi\u00e9n los de Autotransportes Banderilla cuentan con terminales.<\/p>\n\n\n\n<p>Finalmente, respecto de las presuntas protestas que se estar\u00edan llevando a cabo en contra del incremento a las tarifas, reconoci\u00f3 que ciertamente est\u00e1 consagrado el derecho a la libre protesta, pero tambi\u00e9n es justo que ellos tuvieran ese aumento debido a que todo lo dem\u00e1s como energ\u00eda el\u00e9ctrica o la canasta b\u00e1sica incrementan a\u00f1o con a\u00f1o.<\/p>\n\n\n\n<p>\u00abEntendemos a los ciudadanos, pero tampoco venimos a hacer un incremento golpeando los bolsillos, porque si fuera con base en la Ley, entonces el incremento deber\u00eda ser arriba de los 14 pesos por la inflaci\u00f3n.<\/p>\n\n\n\n<p>Nosotros tambi\u00e9n somos conscientes y pusimos un costo accesible a todos los ciudadanos, respetamos la tarifa de estudiantes y la preferencial\u00bb, destac\u00f3.<\/p>\n","protected":false},"excerpt":{"rendered":"<p>\u00c1ngeles Gonz\u00e1lez Ceballos El compromiso de las y los concesionarios del transporte p\u00fablico de Xalapa y la regi\u00f3n luego de que se les autorizara el incremento a la tarifa, es lograr una modernizaci\u00f3n del parque vehicular. El presidente del Servicio Urbano de Xalapa (SUX), Oscar Luis Ceballos Ram\u00edrez, expres\u00f3 que ciertamente es complicado, pero trabajar\u00e1n [&hellip;]<\/p>\n","protected":false},"author":2,"featured_media":162107,"comment_status":"closed","ping_status":"closed","sticky":false,"template":"","format":"standard","meta":{"tdm_status":"","tdm_grid_status":"","footnotes":""},"categories":[6446],"tags":[52332,52333,3578,52331,7601,195,96],"class_list":{"0":"post-162095","1":"post","2":"type-post","3":"status-publish","4":"format-standard","5":"has-post-thumbnail","7":"category-la-nota","8":"tag-oscar-luis-ceballos-ramirez","9":"tag-proyecto-olmeca","10":"tag-rocio-nahle","11":"tag-servicio-urbano-de-xalapa","12":"tag-transporte-publico","13":"tag-veracruz","14":"tag-xalapa"},"yoast_head":"<!-- This site is optimized with the Yoast SEO plugin v27.4 - https:\/\/yoast.com\/product\/yoast-seo-wordpress\/ -->\n<title>SACAR\u00c1N LAS CAFETERAS RODANTES\u2026 - Los pol\u00edticos Veracruz<\/title>\n<meta name=\"robots\" content=\"index, follow, max-snippet:-1, max-image-preview:large, max-video-preview:-1\" \/>\n<link rel=\"canonical\" href=\"https:\/\/lospoliticosveracruz.com\/?p=162095\" \/>\n<meta property=\"og:locale\" content=\"es_ES\" \/>\n<meta property=\"og:type\" content=\"article\" \/>\n<meta property=\"og:title\" content=\"SACAR\u00c1N LAS CAFETERAS RODANTES\u2026 - Los pol\u00edticos Veracruz\" \/>\n<meta property=\"og:description\" content=\"\u00c1ngeles Gonz\u00e1lez Ceballos El compromiso de las y los concesionarios del transporte p\u00fablico de Xalapa y la regi\u00f3n luego de que se les autorizara el incremento a la tarifa, es lograr una modernizaci\u00f3n del parque vehicular. El presidente del Servicio Urbano de Xalapa (SUX), Oscar Luis Ceballos Ram\u00edrez, expres\u00f3 que ciertamente es complicado, pero trabajar\u00e1n [&hellip;]\" \/>\n<meta property=\"og:url\" content=\"https:\/\/lospoliticosveracruz.com\/?p=162095\" \/>\n<meta property=\"og:site_name\" content=\"Los pol\u00edticos Veracruz\" \/>\n<meta property=\"article:publisher\" content=\"https:\/\/www.facebook.com\/people\/Notimemes-de-los-Polticos\/61565672886568\/\" \/>\n<meta property=\"article:published_time\" content=\"2026-01-30T00:18:08+00:00\" \/>\n<meta property=\"article:modified_time\" content=\"2026-01-30T00:18:10+00:00\" \/>\n<meta property=\"og:image\" content=\"https:\/\/lospoliticosveracruz.com\/wp-content\/uploads\/2026\/01\/Transportistas.jpg\" \/>\n\t<meta property=\"og:image:width\" content=\"600\" \/>\n\t<meta property=\"og:image:height\" content=\"320\" \/>\n\t<meta property=\"og:image:type\" content=\"image\/jpeg\" \/>\n<meta name=\"author\" content=\"Lo viste en Los Pol\u00edticos\" \/>\n<meta name=\"twitter:card\" content=\"summary_large_image\" \/>\n<meta name=\"twitter:creator\" content=\"@LosPoliticosVer\" \/>\n<meta name=\"twitter:site\" content=\"@LosPoliticosVer\" \/>\n<meta name=\"twitter:label1\" content=\"Escrito por\" \/>\n\t<meta name=\"twitter:data1\" content=\"Lo viste en Los Pol\u00edticos\" \/>\n\t<meta name=\"twitter:label2\" content=\"Tiempo de lectura\" \/>\n\t<meta name=\"twitter:data2\" content=\"3 minutos\" \/>\n<script type=\"application\/ld+json\" class=\"yoast-schema-graph\">{\"@context\":\"https:\\\/\\\/schema.org\",\"@graph\":[{\"@type\":\"Article\",\"@id\":\"https:\\\/\\\/lospoliticosveracruz.com\\\/?p=162095#article\",\"isPartOf\":{\"@id\":\"https:\\\/\\\/lospoliticosveracruz.com\\\/?p=162095\"},\"author\":{\"name\":\"Lo viste en Los Pol\u00edticos\",\"@id\":\"https:\\\/\\\/lospoliticosveracruz.com\\\/#\\\/schema\\\/person\\\/b8702bb0e538456e6efd07080bf2a4a2\"},\"headline\":\"SACAR\u00c1N LAS CAFETERAS RODANTES\u2026\",\"datePublished\":\"2026-01-30T00:18:08+00:00\",\"dateModified\":\"2026-01-30T00:18:10+00:00\",\"mainEntityOfPage\":{\"@id\":\"https:\\\/\\\/lospoliticosveracruz.com\\\/?p=162095\"},\"wordCount\":442,\"publisher\":{\"@id\":\"https:\\\/\\\/lospoliticosveracruz.com\\\/#organization\"},\"image\":{\"@id\":\"https:\\\/\\\/lospoliticosveracruz.com\\\/?p=162095#primaryimage\"},\"thumbnailUrl\":\"https:\\\/\\\/lospoliticosveracruz.com\\\/wp-content\\\/uploads\\\/2026\\\/01\\\/Transportistas.jpg\",\"keywords\":[\"\u00d3scar Luis Ceballos Ram\u00edrez\",\"Proyecto Olmeca\",\"Roc\u00edo Nahle\",\"Servicio Urbano de Xalapa\",\"Transporte p\u00fablico\",\"Veracruz\",\"Xalapa\"],\"articleSection\":[\"La Nota\"],\"inLanguage\":\"es\"},{\"@type\":\"WebPage\",\"@id\":\"https:\\\/\\\/lospoliticosveracruz.com\\\/?p=162095\",\"url\":\"https:\\\/\\\/lospoliticosveracruz.com\\\/?p=162095\",\"name\":\"SACAR\u00c1N LAS CAFETERAS RODANTES\u2026 - Los pol\u00edticos Veracruz\",\"isPartOf\":{\"@id\":\"https:\\\/\\\/lospoliticosveracruz.com\\\/#website\"},\"primaryImageOfPage\":{\"@id\":\"https:\\\/\\\/lospoliticosveracruz.com\\\/?p=162095#primaryimage\"},\"image\":{\"@id\":\"https:\\\/\\\/lospoliticosveracruz.com\\\/?p=162095#primaryimage\"},\"thumbnailUrl\":\"https:\\\/\\\/lospoliticosveracruz.com\\\/wp-content\\\/uploads\\\/2026\\\/01\\\/Transportistas.jpg\",\"datePublished\":\"2026-01-30T00:18:08+00:00\",\"dateModified\":\"2026-01-30T00:18:10+00:00\",\"breadcrumb\":{\"@id\":\"https:\\\/\\\/lospoliticosveracruz.com\\\/?p=162095#breadcrumb\"},\"inLanguage\":\"es\",\"potentialAction\":[{\"@type\":\"ReadAction\",\"target\":[\"https:\\\/\\\/lospoliticosveracruz.com\\\/?p=162095\"]}]},{\"@type\":\"ImageObject\",\"inLanguage\":\"es\",\"@id\":\"https:\\\/\\\/lospoliticosveracruz.com\\\/?p=162095#primaryimage\",\"url\":\"https:\\\/\\\/lospoliticosveracruz.com\\\/wp-content\\\/uploads\\\/2026\\\/01\\\/Transportistas.jpg\",\"contentUrl\":\"https:\\\/\\\/lospoliticosveracruz.com\\\/wp-content\\\/uploads\\\/2026\\\/01\\\/Transportistas.jpg\",\"width\":600,\"height\":320},{\"@type\":\"BreadcrumbList\",\"@id\":\"https:\\\/\\\/lospoliticosveracruz.com\\\/?p=162095#breadcrumb\",\"itemListElement\":[{\"@type\":\"ListItem\",\"position\":1,\"name\":\"Portada\",\"item\":\"https:\\\/\\\/lospoliticosveracruz.com\\\/\"},{\"@type\":\"ListItem\",\"position\":2,\"name\":\"SACAR\u00c1N LAS CAFETERAS RODANTES\u2026\"}]},{\"@type\":\"WebSite\",\"@id\":\"https:\\\/\\\/lospoliticosveracruz.com\\\/#website\",\"url\":\"https:\\\/\\\/lospoliticosveracruz.com\\\/\",\"name\":\"Los pol\u00edticos Veracruz\",\"description\":\"\",\"publisher\":{\"@id\":\"https:\\\/\\\/lospoliticosveracruz.com\\\/#organization\"},\"potentialAction\":[{\"@type\":\"SearchAction\",\"target\":{\"@type\":\"EntryPoint\",\"urlTemplate\":\"https:\\\/\\\/lospoliticosveracruz.com\\\/?s={search_term_string}\"},\"query-input\":{\"@type\":\"PropertyValueSpecification\",\"valueRequired\":true,\"valueName\":\"search_term_string\"}}],\"inLanguage\":\"es\"},{\"@type\":\"Organization\",\"@id\":\"https:\\\/\\\/lospoliticosveracruz.com\\\/#organization\",\"name\":\"Los pol\u00edticos Veracruz\",\"url\":\"https:\\\/\\\/lospoliticosveracruz.com\\\/\",\"logo\":{\"@type\":\"ImageObject\",\"inLanguage\":\"es\",\"@id\":\"https:\\\/\\\/lospoliticosveracruz.com\\\/#\\\/schema\\\/logo\\\/image\\\/\",\"url\":\"https:\\\/\\\/lospoliticosveracruz.com\\\/wp-content\\\/uploads\\\/2025\\\/12\\\/Logo-Nuevo-LOS-POLITICOS-1.jpg\",\"contentUrl\":\"https:\\\/\\\/lospoliticosveracruz.com\\\/wp-content\\\/uploads\\\/2025\\\/12\\\/Logo-Nuevo-LOS-POLITICOS-1.jpg\",\"width\":260,\"height\":70,\"caption\":\"Los pol\u00edticos Veracruz\"},\"image\":{\"@id\":\"https:\\\/\\\/lospoliticosveracruz.com\\\/#\\\/schema\\\/logo\\\/image\\\/\"},\"sameAs\":[\"https:\\\/\\\/www.facebook.com\\\/people\\\/Notimemes-de-los-Polticos\\\/61565672886568\\\/\",\"https:\\\/\\\/x.com\\\/LosPoliticosVer\"]},{\"@type\":\"Person\",\"@id\":\"https:\\\/\\\/lospoliticosveracruz.com\\\/#\\\/schema\\\/person\\\/b8702bb0e538456e6efd07080bf2a4a2\",\"name\":\"Lo viste en Los Pol\u00edticos\",\"image\":{\"@type\":\"ImageObject\",\"inLanguage\":\"es\",\"@id\":\"https:\\\/\\\/secure.gravatar.com\\\/avatar\\\/3a8de04a2656d44082be478bd6c086daa447c4651605818287b9532d3d0bd435?s=96&d=mm&r=g\",\"url\":\"https:\\\/\\\/secure.gravatar.com\\\/avatar\\\/3a8de04a2656d44082be478bd6c086daa447c4651605818287b9532d3d0bd435?s=96&d=mm&r=g\",\"contentUrl\":\"https:\\\/\\\/secure.gravatar.com\\\/avatar\\\/3a8de04a2656d44082be478bd6c086daa447c4651605818287b9532d3d0bd435?s=96&d=mm&r=g\",\"caption\":\"Lo viste en Los Pol\u00edticos\"},\"url\":\"https:\\\/\\\/lospoliticosveracruz.com\\\/?author=2\"}]}<\/script>\n<!-- \/ Yoast SEO plugin. -->","yoast_head_json":{"title":"SACAR\u00c1N LAS CAFETERAS RODANTES\u2026 - Los pol\u00edticos Veracruz","robots":{"index":"index","follow":"follow","max-snippet":"max-snippet:-1","max-image-preview":"max-image-preview:large","max-video-preview":"max-video-preview:-1"},"canonical":"https:\/\/lospoliticosveracruz.com\/?p=162095","og_locale":"es_ES","og_type":"article","og_title":"SACAR\u00c1N LAS CAFETERAS RODANTES\u2026 - Los pol\u00edticos Veracruz","og_description":"\u00c1ngeles Gonz\u00e1lez Ceballos El compromiso de las y los concesionarios del transporte p\u00fablico de Xalapa y la regi\u00f3n luego de que se les autorizara el incremento a la tarifa, es lograr una modernizaci\u00f3n del parque vehicular. El presidente del Servicio Urbano de Xalapa (SUX), Oscar Luis Ceballos Ram\u00edrez, expres\u00f3 que ciertamente es complicado, pero trabajar\u00e1n [&hellip;]","og_url":"https:\/\/lospoliticosveracruz.com\/?p=162095","og_site_name":"Los pol\u00edticos Veracruz","article_publisher":"https:\/\/www.facebook.com\/people\/Notimemes-de-los-Polticos\/61565672886568\/","article_published_time":"2026-01-30T00:18:08+00:00","article_modified_time":"2026-01-30T00:18:10+00:00","og_image":[{"width":600,"height":320,"url":"https:\/\/lospoliticosveracruz.com\/wp-content\/uploads\/2026\/01\/Transportistas.jpg","type":"image\/jpeg"}],"author":"Lo viste en Los Pol\u00edticos","twitter_card":"summary_large_image","twitter_creator":"@LosPoliticosVer","twitter_site":"@LosPoliticosVer","twitter_misc":{"Escrito por":"Lo viste en Los Pol\u00edticos","Tiempo de lectura":"3 minutos"},"schema":{"@context":"https:\/\/schema.org","@graph":[{"@type":"Article","@id":"https:\/\/lospoliticosveracruz.com\/?p=162095#article","isPartOf":{"@id":"https:\/\/lospoliticosveracruz.com\/?p=162095"},"author":{"name":"Lo viste en Los Pol\u00edticos","@id":"https:\/\/lospoliticosveracruz.com\/#\/schema\/person\/b8702bb0e538456e6efd07080bf2a4a2"},"headline":"SACAR\u00c1N LAS CAFETERAS RODANTES\u2026","datePublished":"2026-01-30T00:18:08+00:00","dateModified":"2026-01-30T00:18:10+00:00","mainEntityOfPage":{"@id":"https:\/\/lospoliticosveracruz.com\/?p=162095"},"wordCount":442,"publisher":{"@id":"https:\/\/lospoliticosveracruz.com\/#organization"},"image":{"@id":"https:\/\/lospoliticosveracruz.com\/?p=162095#primaryimage"},"thumbnailUrl":"https:\/\/lospoliticosveracruz.com\/wp-content\/uploads\/2026\/01\/Transportistas.jpg","keywords":["\u00d3scar Luis Ceballos Ram\u00edrez","Proyecto Olmeca","Roc\u00edo Nahle","Servicio Urbano de Xalapa","Transporte p\u00fablico","Veracruz","Xalapa"],"articleSection":["La Nota"],"inLanguage":"es"},{"@type":"WebPage","@id":"https:\/\/lospoliticosveracruz.com\/?p=162095","url":"https:\/\/lospoliticosveracruz.com\/?p=162095","name":"SACAR\u00c1N LAS CAFETERAS RODANTES\u2026 - Los pol\u00edticos Veracruz","isPartOf":{"@id":"https:\/\/lospoliticosveracruz.com\/#website"},"primaryImageOfPage":{"@id":"https:\/\/lospoliticosveracruz.com\/?p=162095#primaryimage"},"image":{"@id":"https:\/\/lospoliticosveracruz.com\/?p=162095#primaryimage"},"thumbnailUrl":"https:\/\/lospoliticosveracruz.com\/wp-content\/uploads\/2026\/01\/Transportistas.jpg","datePublished":"2026-01-30T00:18:08+00:00","dateModified":"2026-01-30T00:18:10+00:00","breadcrumb":{"@id":"https:\/\/lospoliticosveracruz.com\/?p=162095#breadcrumb"},"inLanguage":"es","potentialAction":[{"@type":"ReadAction","target":["https:\/\/lospoliticosveracruz.com\/?p=162095"]}]},{"@type":"ImageObject","inLanguage":"es","@id":"https:\/\/lospoliticosveracruz.com\/?p=162095#primaryimage","url":"https:\/\/lospoliticosveracruz.com\/wp-content\/uploads\/2026\/01\/Transportistas.jpg","contentUrl":"https:\/\/lospoliticosveracruz.com\/wp-content\/uploads\/2026\/01\/Transportistas.jpg","width":600,"height":320},{"@type":"BreadcrumbList","@id":"https:\/\/lospoliticosveracruz.com\/?p=162095#breadcrumb","itemListElement":[{"@type":"ListItem","position":1,"name":"Portada","item":"https:\/\/lospoliticosveracruz.com\/"},{"@type":"ListItem","position":2,"name":"SACAR\u00c1N LAS CAFETERAS RODANTES\u2026"}]},{"@type":"WebSite","@id":"https:\/\/lospoliticosveracruz.com\/#website","url":"https:\/\/lospoliticosveracruz.com\/","name":"Los pol\u00edticos Veracruz","description":"","publisher":{"@id":"https:\/\/lospoliticosveracruz.com\/#organization"},"potentialAction":[{"@type":"SearchAction","target":{"@type":"EntryPoint","urlTemplate":"https:\/\/lospoliticosveracruz.com\/?s={search_term_string}"},"query-input":{"@type":"PropertyValueSpecification","valueRequired":true,"valueName":"search_term_string"}}],"inLanguage":"es"},{"@type":"Organization","@id":"https:\/\/lospoliticosveracruz.com\/#organization","name":"Los pol\u00edticos Veracruz","url":"https:\/\/lospoliticosveracruz.com\/","logo":{"@type":"ImageObject","inLanguage":"es","@id":"https:\/\/lospoliticosveracruz.com\/#\/schema\/logo\/image\/","url":"https:\/\/lospoliticosveracruz.com\/wp-content\/uploads\/2025\/12\/Logo-Nuevo-LOS-POLITICOS-1.jpg","contentUrl":"https:\/\/lospoliticosveracruz.com\/wp-content\/uploads\/2025\/12\/Logo-Nuevo-LOS-POLITICOS-1.jpg","width":260,"height":70,"caption":"Los pol\u00edticos Veracruz"},"image":{"@id":"https:\/\/lospoliticosveracruz.com\/#\/schema\/logo\/image\/"},"sameAs":["https:\/\/www.facebook.com\/people\/Notimemes-de-los-Polticos\/61565672886568\/","https:\/\/x.com\/LosPoliticosVer"]},{"@type":"Person","@id":"https:\/\/lospoliticosveracruz.com\/#\/schema\/person\/b8702bb0e538456e6efd07080bf2a4a2","name":"Lo viste en Los Pol\u00edticos","image":{"@type":"ImageObject","inLanguage":"es","@id":"https:\/\/secure.gravatar.com\/avatar\/3a8de04a2656d44082be478bd6c086daa447c4651605818287b9532d3d0bd435?s=96&d=mm&r=g","url":"https:\/\/secure.gravatar.com\/avatar\/3a8de04a2656d44082be478bd6c086daa447c4651605818287b9532d3d0bd435?s=96&d=mm&r=g","contentUrl":"https:\/\/secure.gravatar.com\/avatar\/3a8de04a2656d44082be478bd6c086daa447c4651605818287b9532d3d0bd435?s=96&d=mm&r=g","caption":"Lo viste en Los Pol\u00edticos"},"url":"https:\/\/lospoliticosveracruz.com\/?author=2"}]}},"_links":{"self":[{"href":"https:\/\/lospoliticosveracruz.com\/index.php?rest_route=\/wp\/v2\/posts\/162095","targetHints":{"allow":["GET"]}}],"collection":[{"href":"https:\/\/lospoliticosveracruz.com\/index.php?rest_route=\/wp\/v2\/posts"}],"about":[{"href":"https:\/\/lospoliticosveracruz.com\/index.php?rest_route=\/wp\/v2\/types\/post"}],"author":[{"embeddable":true,"href":"https:\/\/lospoliticosveracruz.com\/index.php?rest_route=\/wp\/v2\/users\/2"}],"replies":[{"embeddable":true,"href":"https:\/\/lospoliticosveracruz.com\/index.php?rest_route=%2Fwp%2Fv2%2Fcomments&post=162095"}],"version-history":[{"count":1,"href":"https:\/\/lospoliticosveracruz.com\/index.php?rest_route=\/wp\/v2\/posts\/162095\/revisions"}],"predecessor-version":[{"id":162108,"href":"https:\/\/lospoliticosveracruz.com\/index.php?rest_route=\/wp\/v2\/posts\/162095\/revisions\/162108"}],"wp:featuredmedia":[{"embeddable":true,"href":"https:\/\/lospoliticosveracruz.com\/index.php?rest_route=\/wp\/v2\/media\/162107"}],"wp:attachment":[{"href":"https:\/\/lospoliticosveracruz.com\/index.php?rest_route=%2Fwp%2Fv2%2Fmedia&parent=162095"}],"wp:term":[{"taxonomy":"category","embeddable":true,"href":"https:\/\/lospoliticosveracruz.com\/index.php?rest_route=%2Fwp%2Fv2%2Fcategories&post=162095"},{"taxonomy":"post_tag","embeddable":true,"href":"https:\/\/lospoliticosveracruz.com\/index.php?rest_route=%2Fwp%2Fv2%2Ftags&post=162095"}],"curies":[{"name":"wp","href":"https:\/\/api.w.org\/{rel}","templated":true}]}}