{"id":162116,"date":"2026-01-29T19:12:14","date_gmt":"2026-01-30T01:12:14","guid":{"rendered":"https:\/\/lospoliticosveracruz.com\/?p=162116"},"modified":"2026-01-29T19:14:10","modified_gmt":"2026-01-30T01:14:10","slug":"participen-en-el-dia-del-pueblo","status":"publish","type":"post","link":"https:\/\/lospoliticosveracruz.com\/?p=162116","title":{"rendered":"PARTICIPEN EN EL D\u00cdA DEL PUEBLO!"},"content":{"rendered":"\n<p>Integrantes del Cabildo y titulares de las direcciones del Ayuntamiento reiteraron el compromiso de trabajo por el Bien de Xalapa en el marco de la cuarta jornada del D\u00eda del Pueblo que se llev\u00f3 a cabo este jueves, recibiendo 99 peticiones directas.<\/p>\n\n\n\n\n\n<p>La Alcaldesa, Lic. Daniela Griego Ceballos, acompa\u00f1ada por el S\u00edndico \u00danico, Dr. Marco Aurelio Mart\u00ednez S\u00e1nchez, as\u00ed como por Regidoras y Regidores, record\u00f3 que desde antes de iniciar la administraci\u00f3n se dio seguimiento a las peticiones ciudadanas, con los recorridos realizados en colonias.<\/p>\n\n\n\n<p>Y, ahora, ya como gobierno, las solicitudes de la gente se tratan con responsabilidad institucional orientada a responder de manera efectiva.<\/p>\n\n\n\n<p>Este D\u00eda del Pueblo se desarroll\u00f3 a lo largo de casi siete horas, se recibieron diversos planteamientos enfocados en mejorar las condiciones de vida de las familias.&nbsp;<\/p>\n\n\n\n<p>Destacaron las solicitudes relacionadas con oportunidades laborales en distintos \u00e1mbitos, incluidas las de personas adultas mayores, las cuales fueron canalizadas a las \u00e1reas correspondientes para su atenci\u00f3n.<\/p>\n\n\n\n<p>En este contexto, la Presidenta Municipal inform\u00f3 que, como resultado del trabajo realizado en las jornadas, se ha dado seguimiento a 62 solicitudes de empleo, vinculadas con empresas privadas, algunas de las cuales ya han realizado contrataciones.<\/p>\n\n\n\n<p>Afirm\u00f3 que se continuar\u00e1 trabajando de forma cercana y \u00e1gil para fortalecer estos procesos y ampliar las oportunidades de vinculaci\u00f3n laboral.<\/p>\n\n\n\n<p>Asimismo, destac\u00f3 que se impulsa que las empresas encargadas de ejecutar obras municipales consideren la contrataci\u00f3n de personas con discapacidad, como parte de una pol\u00edtica de inclusi\u00f3n laboral y responsabilidad social promovida por el Gobierno Municipal.<\/p>\n\n\n\n<p>Y extendi\u00f3 una invitaci\u00f3n a la ciudadan\u00eda para que participe en las jornadas del D\u00eda del Pueblo presentando sus solicitudes, las cuales ser\u00e1n canalizadas a las instancias y empresas correspondientes para su valoraci\u00f3n y seguimiento.<\/p>\n\n\n\n<p>As\u00ed, vecinas y vecinos de distintas colonias acudieron tambi\u00e9n para conocer el avance de peticiones planteadas en ejercicios anteriores, incluso para expresar su reconocimiento por las visitas, inspecciones y la atenci\u00f3n brindada.&nbsp;<\/p>\n\n\n\n<p>Una ciudadana de la colonia Rafael Hern\u00e1ndez Ochoa se present\u00f3 para conocer el estado de una solicitud relacionada con un proyecto de pavimentaci\u00f3n, planteada desde hace varios a\u00f1os. Al respecto, la Alcaldesa dio cuenta que la obra ya forma parte de los paquetes programados para este a\u00f1o y ser\u00e1 considerada en una segunda etapa, lo que fue recibido con sorpresa y reconocimiento por parte de la solicitante.<\/p>\n\n\n\n<p>De igual manera, habitantes de la calle Violetas agradecieron la respuesta otorgada a su gesti\u00f3n, manifestando confianza porque las obras solicitadas se concreten.&nbsp;<\/p>\n\n\n\n<p>Asimismo, una vecina de la calle Prolongaci\u00f3n Diamante acudi\u00f3 a conocer los avances de su petici\u00f3n relacionada con la instalaci\u00f3n de la red el\u00e9ctrica.&nbsp;<\/p>\n\n\n\n<p>La Presidenta Municipal explic\u00f3 que actualmente se realizan las gestiones correspondientes ante la Comisi\u00f3n Federal de Electricidad (CFE), un proceso que requiere tr\u00e1mites espec\u00edficos, pero que contar\u00e1 con seguimiento puntual.<\/p>\n\n\n\n<p>Al cierre de este encuentro con el pueblo, la Presidenta Municipal enfatiz\u00f3 que desde el primer d\u00eda se trabaja por resultados, dicha actividad permite tener un pulso cercano y real sobre lo que las familias requieren.<\/p>\n","protected":false},"excerpt":{"rendered":"<p>Integrantes del Cabildo y titulares de las direcciones del Ayuntamiento reiteraron el compromiso de trabajo por el Bien de Xalapa en el marco de la cuarta jornada del D\u00eda del Pueblo que se llev\u00f3 a cabo este jueves, recibiendo 99 peticiones directas. La Alcaldesa, Lic. Daniela Griego Ceballos, acompa\u00f1ada por el S\u00edndico \u00danico, Dr. Marco [&hellip;]<\/p>\n","protected":false},"author":2,"featured_media":162117,"comment_status":"closed","ping_status":"closed","sticky":false,"template":"","format":"standard","meta":{"tdm_status":"","tdm_grid_status":"","footnotes":""},"categories":[73],"tags":[52340,52339,50308,52341,51206,52338],"class_list":{"0":"post-162116","1":"post","2":"type-post","3":"status-publish","4":"format-standard","5":"has-post-thumbnail","7":"category-de-boleto","8":"tag-atencion-ciudadana-ayuntamiento","9":"tag-daniela-griego-alcaldesa","10":"tag-dia-del-pueblo-xalapa","11":"tag-empleo-y-obras-xalapa","12":"tag-gobierno-municipal-cercano","13":"tag-participacion-ciudadana-xalapa"},"yoast_head":"<!-- This site is optimized with the Yoast SEO plugin v27.4 - https:\/\/yoast.com\/product\/yoast-seo-wordpress\/ -->\n<title>PARTICIPEN EN EL D\u00cdA DEL PUEBLO! - Los pol\u00edticos Veracruz<\/title>\n<meta name=\"robots\" content=\"index, follow, max-snippet:-1, max-image-preview:large, max-video-preview:-1\" \/>\n<link rel=\"canonical\" href=\"https:\/\/lospoliticosveracruz.com\/?p=162116\" \/>\n<meta property=\"og:locale\" content=\"es_ES\" \/>\n<meta property=\"og:type\" content=\"article\" \/>\n<meta property=\"og:title\" content=\"PARTICIPEN EN EL D\u00cdA DEL PUEBLO! - Los pol\u00edticos Veracruz\" \/>\n<meta property=\"og:description\" content=\"Integrantes del Cabildo y titulares de las direcciones del Ayuntamiento reiteraron el compromiso de trabajo por el Bien de Xalapa en el marco de la cuarta jornada del D\u00eda del Pueblo que se llev\u00f3 a cabo este jueves, recibiendo 99 peticiones directas. La Alcaldesa, Lic. Daniela Griego Ceballos, acompa\u00f1ada por el S\u00edndico \u00danico, Dr. Marco [&hellip;]\" \/>\n<meta property=\"og:url\" content=\"https:\/\/lospoliticosveracruz.com\/?p=162116\" \/>\n<meta property=\"og:site_name\" content=\"Los pol\u00edticos Veracruz\" \/>\n<meta property=\"article:publisher\" content=\"https:\/\/www.facebook.com\/people\/Notimemes-de-los-Polticos\/61565672886568\/\" \/>\n<meta property=\"article:published_time\" content=\"2026-01-30T01:12:14+00:00\" \/>\n<meta property=\"article:modified_time\" content=\"2026-01-30T01:14:10+00:00\" \/>\n<meta property=\"og:image\" content=\"https:\/\/lospoliticosveracruz.com\/wp-content\/uploads\/2026\/01\/IMG_9723.jpeg\" \/>\n\t<meta property=\"og:image:width\" content=\"600\" \/>\n\t<meta property=\"og:image:height\" content=\"320\" \/>\n\t<meta property=\"og:image:type\" content=\"image\/jpeg\" \/>\n<meta name=\"author\" content=\"Lo viste en Los Pol\u00edticos\" \/>\n<meta name=\"twitter:card\" content=\"summary_large_image\" \/>\n<meta name=\"twitter:creator\" content=\"@LosPoliticosVer\" \/>\n<meta name=\"twitter:site\" content=\"@LosPoliticosVer\" \/>\n<meta name=\"twitter:label1\" content=\"Escrito por\" \/>\n\t<meta name=\"twitter:data1\" content=\"Lo viste en Los Pol\u00edticos\" \/>\n\t<meta name=\"twitter:label2\" content=\"Tiempo de lectura\" \/>\n\t<meta name=\"twitter:data2\" content=\"3 minutos\" \/>\n<script type=\"application\/ld+json\" class=\"yoast-schema-graph\">{\"@context\":\"https:\\\/\\\/schema.org\",\"@graph\":[{\"@type\":\"Article\",\"@id\":\"https:\\\/\\\/lospoliticosveracruz.com\\\/?p=162116#article\",\"isPartOf\":{\"@id\":\"https:\\\/\\\/lospoliticosveracruz.com\\\/?p=162116\"},\"author\":{\"name\":\"Lo viste en Los Pol\u00edticos\",\"@id\":\"https:\\\/\\\/lospoliticosveracruz.com\\\/#\\\/schema\\\/person\\\/b8702bb0e538456e6efd07080bf2a4a2\"},\"headline\":\"PARTICIPEN EN EL D\u00cdA DEL PUEBLO!\",\"datePublished\":\"2026-01-30T01:12:14+00:00\",\"dateModified\":\"2026-01-30T01:14:10+00:00\",\"mainEntityOfPage\":{\"@id\":\"https:\\\/\\\/lospoliticosveracruz.com\\\/?p=162116\"},\"wordCount\":542,\"publisher\":{\"@id\":\"https:\\\/\\\/lospoliticosveracruz.com\\\/#organization\"},\"image\":{\"@id\":\"https:\\\/\\\/lospoliticosveracruz.com\\\/?p=162116#primaryimage\"},\"thumbnailUrl\":\"https:\\\/\\\/lospoliticosveracruz.com\\\/wp-content\\\/uploads\\\/2026\\\/01\\\/IMG_9723.jpeg\",\"keywords\":[\"atenci\u00f3n ciudadana Ayuntamiento\",\"Daniela Griego alcaldesa\",\"D\u00eda del Pueblo Xalapa\",\"empleo y obras Xalapa\",\"gobierno municipal cercano\",\"participaci\u00f3n ciudadana Xalapa\"],\"articleSection\":[\"De Boleto\"],\"inLanguage\":\"es\"},{\"@type\":\"WebPage\",\"@id\":\"https:\\\/\\\/lospoliticosveracruz.com\\\/?p=162116\",\"url\":\"https:\\\/\\\/lospoliticosveracruz.com\\\/?p=162116\",\"name\":\"PARTICIPEN EN EL D\u00cdA DEL PUEBLO! - Los pol\u00edticos Veracruz\",\"isPartOf\":{\"@id\":\"https:\\\/\\\/lospoliticosveracruz.com\\\/#website\"},\"primaryImageOfPage\":{\"@id\":\"https:\\\/\\\/lospoliticosveracruz.com\\\/?p=162116#primaryimage\"},\"image\":{\"@id\":\"https:\\\/\\\/lospoliticosveracruz.com\\\/?p=162116#primaryimage\"},\"thumbnailUrl\":\"https:\\\/\\\/lospoliticosveracruz.com\\\/wp-content\\\/uploads\\\/2026\\\/01\\\/IMG_9723.jpeg\",\"datePublished\":\"2026-01-30T01:12:14+00:00\",\"dateModified\":\"2026-01-30T01:14:10+00:00\",\"breadcrumb\":{\"@id\":\"https:\\\/\\\/lospoliticosveracruz.com\\\/?p=162116#breadcrumb\"},\"inLanguage\":\"es\",\"potentialAction\":[{\"@type\":\"ReadAction\",\"target\":[\"https:\\\/\\\/lospoliticosveracruz.com\\\/?p=162116\"]}]},{\"@type\":\"ImageObject\",\"inLanguage\":\"es\",\"@id\":\"https:\\\/\\\/lospoliticosveracruz.com\\\/?p=162116#primaryimage\",\"url\":\"https:\\\/\\\/lospoliticosveracruz.com\\\/wp-content\\\/uploads\\\/2026\\\/01\\\/IMG_9723.jpeg\",\"contentUrl\":\"https:\\\/\\\/lospoliticosveracruz.com\\\/wp-content\\\/uploads\\\/2026\\\/01\\\/IMG_9723.jpeg\",\"width\":600,\"height\":320},{\"@type\":\"BreadcrumbList\",\"@id\":\"https:\\\/\\\/lospoliticosveracruz.com\\\/?p=162116#breadcrumb\",\"itemListElement\":[{\"@type\":\"ListItem\",\"position\":1,\"name\":\"Portada\",\"item\":\"https:\\\/\\\/lospoliticosveracruz.com\\\/\"},{\"@type\":\"ListItem\",\"position\":2,\"name\":\"PARTICIPEN EN EL D\u00cdA DEL PUEBLO!\"}]},{\"@type\":\"WebSite\",\"@id\":\"https:\\\/\\\/lospoliticosveracruz.com\\\/#website\",\"url\":\"https:\\\/\\\/lospoliticosveracruz.com\\\/\",\"name\":\"Los pol\u00edticos Veracruz\",\"description\":\"\",\"publisher\":{\"@id\":\"https:\\\/\\\/lospoliticosveracruz.com\\\/#organization\"},\"potentialAction\":[{\"@type\":\"SearchAction\",\"target\":{\"@type\":\"EntryPoint\",\"urlTemplate\":\"https:\\\/\\\/lospoliticosveracruz.com\\\/?s={search_term_string}\"},\"query-input\":{\"@type\":\"PropertyValueSpecification\",\"valueRequired\":true,\"valueName\":\"search_term_string\"}}],\"inLanguage\":\"es\"},{\"@type\":\"Organization\",\"@id\":\"https:\\\/\\\/lospoliticosveracruz.com\\\/#organization\",\"name\":\"Los pol\u00edticos Veracruz\",\"url\":\"https:\\\/\\\/lospoliticosveracruz.com\\\/\",\"logo\":{\"@type\":\"ImageObject\",\"inLanguage\":\"es\",\"@id\":\"https:\\\/\\\/lospoliticosveracruz.com\\\/#\\\/schema\\\/logo\\\/image\\\/\",\"url\":\"https:\\\/\\\/lospoliticosveracruz.com\\\/wp-content\\\/uploads\\\/2025\\\/12\\\/Logo-Nuevo-LOS-POLITICOS-1.jpg\",\"contentUrl\":\"https:\\\/\\\/lospoliticosveracruz.com\\\/wp-content\\\/uploads\\\/2025\\\/12\\\/Logo-Nuevo-LOS-POLITICOS-1.jpg\",\"width\":260,\"height\":70,\"caption\":\"Los pol\u00edticos Veracruz\"},\"image\":{\"@id\":\"https:\\\/\\\/lospoliticosveracruz.com\\\/#\\\/schema\\\/logo\\\/image\\\/\"},\"sameAs\":[\"https:\\\/\\\/www.facebook.com\\\/people\\\/Notimemes-de-los-Polticos\\\/61565672886568\\\/\",\"https:\\\/\\\/x.com\\\/LosPoliticosVer\"]},{\"@type\":\"Person\",\"@id\":\"https:\\\/\\\/lospoliticosveracruz.com\\\/#\\\/schema\\\/person\\\/b8702bb0e538456e6efd07080bf2a4a2\",\"name\":\"Lo viste en Los Pol\u00edticos\",\"image\":{\"@type\":\"ImageObject\",\"inLanguage\":\"es\",\"@id\":\"https:\\\/\\\/secure.gravatar.com\\\/avatar\\\/3a8de04a2656d44082be478bd6c086daa447c4651605818287b9532d3d0bd435?s=96&d=mm&r=g\",\"url\":\"https:\\\/\\\/secure.gravatar.com\\\/avatar\\\/3a8de04a2656d44082be478bd6c086daa447c4651605818287b9532d3d0bd435?s=96&d=mm&r=g\",\"contentUrl\":\"https:\\\/\\\/secure.gravatar.com\\\/avatar\\\/3a8de04a2656d44082be478bd6c086daa447c4651605818287b9532d3d0bd435?s=96&d=mm&r=g\",\"caption\":\"Lo viste en Los Pol\u00edticos\"},\"url\":\"https:\\\/\\\/lospoliticosveracruz.com\\\/?author=2\"}]}<\/script>\n<!-- \/ Yoast SEO plugin. -->","yoast_head_json":{"title":"PARTICIPEN EN EL D\u00cdA DEL PUEBLO! - Los pol\u00edticos Veracruz","robots":{"index":"index","follow":"follow","max-snippet":"max-snippet:-1","max-image-preview":"max-image-preview:large","max-video-preview":"max-video-preview:-1"},"canonical":"https:\/\/lospoliticosveracruz.com\/?p=162116","og_locale":"es_ES","og_type":"article","og_title":"PARTICIPEN EN EL D\u00cdA DEL PUEBLO! - Los pol\u00edticos Veracruz","og_description":"Integrantes del Cabildo y titulares de las direcciones del Ayuntamiento reiteraron el compromiso de trabajo por el Bien de Xalapa en el marco de la cuarta jornada del D\u00eda del Pueblo que se llev\u00f3 a cabo este jueves, recibiendo 99 peticiones directas. La Alcaldesa, Lic. Daniela Griego Ceballos, acompa\u00f1ada por el S\u00edndico \u00danico, Dr. Marco [&hellip;]","og_url":"https:\/\/lospoliticosveracruz.com\/?p=162116","og_site_name":"Los pol\u00edticos Veracruz","article_publisher":"https:\/\/www.facebook.com\/people\/Notimemes-de-los-Polticos\/61565672886568\/","article_published_time":"2026-01-30T01:12:14+00:00","article_modified_time":"2026-01-30T01:14:10+00:00","og_image":[{"width":600,"height":320,"url":"https:\/\/lospoliticosveracruz.com\/wp-content\/uploads\/2026\/01\/IMG_9723.jpeg","type":"image\/jpeg"}],"author":"Lo viste en Los Pol\u00edticos","twitter_card":"summary_large_image","twitter_creator":"@LosPoliticosVer","twitter_site":"@LosPoliticosVer","twitter_misc":{"Escrito por":"Lo viste en Los Pol\u00edticos","Tiempo de lectura":"3 minutos"},"schema":{"@context":"https:\/\/schema.org","@graph":[{"@type":"Article","@id":"https:\/\/lospoliticosveracruz.com\/?p=162116#article","isPartOf":{"@id":"https:\/\/lospoliticosveracruz.com\/?p=162116"},"author":{"name":"Lo viste en Los Pol\u00edticos","@id":"https:\/\/lospoliticosveracruz.com\/#\/schema\/person\/b8702bb0e538456e6efd07080bf2a4a2"},"headline":"PARTICIPEN EN EL D\u00cdA DEL PUEBLO!","datePublished":"2026-01-30T01:12:14+00:00","dateModified":"2026-01-30T01:14:10+00:00","mainEntityOfPage":{"@id":"https:\/\/lospoliticosveracruz.com\/?p=162116"},"wordCount":542,"publisher":{"@id":"https:\/\/lospoliticosveracruz.com\/#organization"},"image":{"@id":"https:\/\/lospoliticosveracruz.com\/?p=162116#primaryimage"},"thumbnailUrl":"https:\/\/lospoliticosveracruz.com\/wp-content\/uploads\/2026\/01\/IMG_9723.jpeg","keywords":["atenci\u00f3n ciudadana Ayuntamiento","Daniela Griego alcaldesa","D\u00eda del Pueblo Xalapa","empleo y obras Xalapa","gobierno municipal cercano","participaci\u00f3n ciudadana Xalapa"],"articleSection":["De Boleto"],"inLanguage":"es"},{"@type":"WebPage","@id":"https:\/\/lospoliticosveracruz.com\/?p=162116","url":"https:\/\/lospoliticosveracruz.com\/?p=162116","name":"PARTICIPEN EN EL D\u00cdA DEL PUEBLO! - Los pol\u00edticos Veracruz","isPartOf":{"@id":"https:\/\/lospoliticosveracruz.com\/#website"},"primaryImageOfPage":{"@id":"https:\/\/lospoliticosveracruz.com\/?p=162116#primaryimage"},"image":{"@id":"https:\/\/lospoliticosveracruz.com\/?p=162116#primaryimage"},"thumbnailUrl":"https:\/\/lospoliticosveracruz.com\/wp-content\/uploads\/2026\/01\/IMG_9723.jpeg","datePublished":"2026-01-30T01:12:14+00:00","dateModified":"2026-01-30T01:14:10+00:00","breadcrumb":{"@id":"https:\/\/lospoliticosveracruz.com\/?p=162116#breadcrumb"},"inLanguage":"es","potentialAction":[{"@type":"ReadAction","target":["https:\/\/lospoliticosveracruz.com\/?p=162116"]}]},{"@type":"ImageObject","inLanguage":"es","@id":"https:\/\/lospoliticosveracruz.com\/?p=162116#primaryimage","url":"https:\/\/lospoliticosveracruz.com\/wp-content\/uploads\/2026\/01\/IMG_9723.jpeg","contentUrl":"https:\/\/lospoliticosveracruz.com\/wp-content\/uploads\/2026\/01\/IMG_9723.jpeg","width":600,"height":320},{"@type":"BreadcrumbList","@id":"https:\/\/lospoliticosveracruz.com\/?p=162116#breadcrumb","itemListElement":[{"@type":"ListItem","position":1,"name":"Portada","item":"https:\/\/lospoliticosveracruz.com\/"},{"@type":"ListItem","position":2,"name":"PARTICIPEN EN EL D\u00cdA DEL PUEBLO!"}]},{"@type":"WebSite","@id":"https:\/\/lospoliticosveracruz.com\/#website","url":"https:\/\/lospoliticosveracruz.com\/","name":"Los pol\u00edticos Veracruz","description":"","publisher":{"@id":"https:\/\/lospoliticosveracruz.com\/#organization"},"potentialAction":[{"@type":"SearchAction","target":{"@type":"EntryPoint","urlTemplate":"https:\/\/lospoliticosveracruz.com\/?s={search_term_string}"},"query-input":{"@type":"PropertyValueSpecification","valueRequired":true,"valueName":"search_term_string"}}],"inLanguage":"es"},{"@type":"Organization","@id":"https:\/\/lospoliticosveracruz.com\/#organization","name":"Los pol\u00edticos Veracruz","url":"https:\/\/lospoliticosveracruz.com\/","logo":{"@type":"ImageObject","inLanguage":"es","@id":"https:\/\/lospoliticosveracruz.com\/#\/schema\/logo\/image\/","url":"https:\/\/lospoliticosveracruz.com\/wp-content\/uploads\/2025\/12\/Logo-Nuevo-LOS-POLITICOS-1.jpg","contentUrl":"https:\/\/lospoliticosveracruz.com\/wp-content\/uploads\/2025\/12\/Logo-Nuevo-LOS-POLITICOS-1.jpg","width":260,"height":70,"caption":"Los pol\u00edticos Veracruz"},"image":{"@id":"https:\/\/lospoliticosveracruz.com\/#\/schema\/logo\/image\/"},"sameAs":["https:\/\/www.facebook.com\/people\/Notimemes-de-los-Polticos\/61565672886568\/","https:\/\/x.com\/LosPoliticosVer"]},{"@type":"Person","@id":"https:\/\/lospoliticosveracruz.com\/#\/schema\/person\/b8702bb0e538456e6efd07080bf2a4a2","name":"Lo viste en Los Pol\u00edticos","image":{"@type":"ImageObject","inLanguage":"es","@id":"https:\/\/secure.gravatar.com\/avatar\/3a8de04a2656d44082be478bd6c086daa447c4651605818287b9532d3d0bd435?s=96&d=mm&r=g","url":"https:\/\/secure.gravatar.com\/avatar\/3a8de04a2656d44082be478bd6c086daa447c4651605818287b9532d3d0bd435?s=96&d=mm&r=g","contentUrl":"https:\/\/secure.gravatar.com\/avatar\/3a8de04a2656d44082be478bd6c086daa447c4651605818287b9532d3d0bd435?s=96&d=mm&r=g","caption":"Lo viste en Los Pol\u00edticos"},"url":"https:\/\/lospoliticosveracruz.com\/?author=2"}]}},"_links":{"self":[{"href":"https:\/\/lospoliticosveracruz.com\/index.php?rest_route=\/wp\/v2\/posts\/162116","targetHints":{"allow":["GET"]}}],"collection":[{"href":"https:\/\/lospoliticosveracruz.com\/index.php?rest_route=\/wp\/v2\/posts"}],"about":[{"href":"https:\/\/lospoliticosveracruz.com\/index.php?rest_route=\/wp\/v2\/types\/post"}],"author":[{"embeddable":true,"href":"https:\/\/lospoliticosveracruz.com\/index.php?rest_route=\/wp\/v2\/users\/2"}],"replies":[{"embeddable":true,"href":"https:\/\/lospoliticosveracruz.com\/index.php?rest_route=%2Fwp%2Fv2%2Fcomments&post=162116"}],"version-history":[{"count":2,"href":"https:\/\/lospoliticosveracruz.com\/index.php?rest_route=\/wp\/v2\/posts\/162116\/revisions"}],"predecessor-version":[{"id":162119,"href":"https:\/\/lospoliticosveracruz.com\/index.php?rest_route=\/wp\/v2\/posts\/162116\/revisions\/162119"}],"wp:featuredmedia":[{"embeddable":true,"href":"https:\/\/lospoliticosveracruz.com\/index.php?rest_route=\/wp\/v2\/media\/162117"}],"wp:attachment":[{"href":"https:\/\/lospoliticosveracruz.com\/index.php?rest_route=%2Fwp%2Fv2%2Fmedia&parent=162116"}],"wp:term":[{"taxonomy":"category","embeddable":true,"href":"https:\/\/lospoliticosveracruz.com\/index.php?rest_route=%2Fwp%2Fv2%2Fcategories&post=162116"},{"taxonomy":"post_tag","embeddable":true,"href":"https:\/\/lospoliticosveracruz.com\/index.php?rest_route=%2Fwp%2Fv2%2Ftags&post=162116"}],"curies":[{"name":"wp","href":"https:\/\/api.w.org\/{rel}","templated":true}]}}