{"id":16243,"date":"2015-05-20T22:11:55","date_gmt":"2015-05-21T03:11:55","guid":{"rendered":"http:\/\/www.lospoliticosveracruz.com.mx\/?p=16243"},"modified":"2015-05-20T22:11:55","modified_gmt":"2015-05-21T03:11:55","slug":"pagamos-menos-luz","status":"publish","type":"post","link":"https:\/\/lospoliticosveracruz.com\/?p=16243","title":{"rendered":"\u00bfPagamos menos luz?"},"content":{"rendered":"<p><a href=\"http:\/\/www.lospoliticosveracruz.com.mx\/wp-content\/uploads\/2015\/05\/CFE.jpg\"><img loading=\"lazy\" decoding=\"async\" class=\"alignnone size-medium wp-image-16244\" src=\"http:\/\/www.lospoliticosveracruz.com.mx\/wp-content\/uploads\/2015\/05\/CFE-300x225.jpg\" alt=\"CFE\" width=\"300\" height=\"225\" \/><\/a><\/p>\n<p><strong>Brenda Caballero<\/strong><br \/>\n<em>N\u00fameros Rojos<\/em><\/p>\n<p>\u00bfDe cu\u00e1nto lleg\u00f3 tu recibo de luz, me pregunta una de mis vecinas, mientras recogemos los recibos de luz del buz\u00f3n de correspondencia del edificio.<br \/>\nRespondo que doscientos veintisiete pesos, mientras ella me dice que su cantidad a pagar anda en las mismas que el m\u00edo.<br \/>\nDe inmediato contin\u00faa su di\u00e1logo y expresa: \u201cen mi trabajo, una de mis compa\u00f1eras me dice que actualmente paga menos de luz que antes, pero yo veo mi recibo y sigo pagando igual. \u00bfNo se supone que con la Reforma Energ\u00e9tica \u00edbamos a pagar menos?\u201d<br \/>\n-Se supone- le dije y nos despedimos.<br \/>\nRealmente su comentario me hizo recordar el spot de televisi\u00f3n en donde unas personas platicaban los beneficios de la Reforma Energ\u00e9tica, entre ellos el que se iba a pagar menos luz.<br \/>\nDe inmediato prend\u00ed mi computadora y me fui a la p\u00e1gina de la Presidencia de la Rep\u00fablica.<br \/>\nEfectivamente, all\u00ed estaba en el link: http:\/\/presidencia.gob.mx\/reformaenergetica\/#!diez-beneficios<br \/>\nPunto dos:<br \/>\n* Con la Reforma Energ\u00e9tica bajar\u00e1 el precio de la luz y tambi\u00e9n del gas.<br \/>\n* Van a bajar los recibos de la luz y del gas para las familias, los comercios y la industria.<br \/>\nPero \u00bfrealmente baj\u00f3 el precio de la luz?<br \/>\nNo me quise quedar con la duda y all\u00ed me tiene, traslad\u00e1ndome al cajero de la Comisi\u00f3n Federal m\u00e1s cercano para que me diera mi historial de pagos. He de aclarar que esta informaci\u00f3n aparece en el reverso de su recibo de luz, si es que a\u00fan no se lo han cambiado por la tarjeta de pago, pero fui al cajero porque en mi recibo no aparec\u00eda el \u00faltimo bimestre de consumo y pago.<br \/>\nEl historial de consumo incluye informaci\u00f3n de su servicio, la tarifa aplicada, el n\u00famero de medidor, los \u00faltimos doce bimestres, la fecha de facturaci\u00f3n, los kilo-Watt-hora (kWh), el importe pagado, la fecha en que se realiz\u00f3 \u00e9ste, as\u00ed como el lugar en el que se llev\u00f3 a cabo.<br \/>\nY \u00a1oh sorpresa! en mi caso en particular de junio de 2013 a abril de 2015 pagu\u00e9 menos luego entonces \u00bfs\u00ed funcion\u00f3 la reforma energ\u00e9tica en beneficio de los mexicanos?<br \/>\nAunque\u2026 \u00a1Oh decepci\u00f3n! observando el detalle, comprob\u00e9 una cosa \u00a1 Pagu\u00e9 menos pesos porque gast\u00e9 menos kWh, no por el beneficio de la cacaraqueada Reforma Energ\u00e9tica!<br \/>\nY all\u00ed me tiene, antes de escribir esto, pidiendo el recibo a mis familiares para hacer la prueba y \u00a1sorpresa! los otros tres historiales presentaban el mismo comportamiento de a menos kWh menos pesos pagados.<br \/>\nDesde luego que mi naturaleza de gato (por eso de la curiosidad) fue m\u00e1s all\u00e1 y buscando informaci\u00f3n me encontr\u00e9 con las declaraciones de Jos\u00e9 Luis de la Cruz, director del Instituto para el Desarrollo Industrial y el Crecimiento Econ\u00f3mico (IDIC) quien afirma que \u201cTodav\u00eda falta que en alg\u00fan momento dado se avance m\u00e1s en la generaci\u00f3n de energ\u00eda el\u00e9ctrica y en la distribuci\u00f3n de la misma para poder tener, de manera sostenible, menores costos\u201d, luego entonces, la Reforma Energ\u00e9tica no ha tenido el alcance y el efecto que se esperaba.<br \/>\nAsimismo, los empresarios tambi\u00e9n han tomado la palabra y han manifestado que en la actualidad los mexicanos pagamos hasta 80 por ciento m\u00e1s cara la energ\u00eda el\u00e9ctrica respecto a las tarifas industriales de Estados Unidos.<br \/>\nCon informaci\u00f3n de la CFE a nivel nacional, se report\u00f3 que en abril, sus tarifas en el sector industrial fueron hasta 32 por ciento menores respecto al mismo mes del a\u00f1o pasado, sin embargo expertos en la materia afirman que la reducci\u00f3n de las tarifas de luz no son consecuencia de la reforma energ\u00e9tica, sino de la ca\u00edda de los precios de los energ\u00e9ticos derivados del petr\u00f3leo y el gas natural, que est\u00e1n abaratando la producci\u00f3n de energ\u00eda el\u00e9ctrica.<br \/>\nY usted \u00bfest\u00e1 pagando menos energ\u00eda el\u00e9ctrica?<br \/>\nCheque su recibo\u2026<\/p>\n<p>Email:caballero_brenda@hotmail.com<\/p>\n","protected":false},"excerpt":{"rendered":"<p>Brenda Caballero N\u00fameros Rojos \u00bfDe cu\u00e1nto lleg\u00f3 tu recibo de luz, me pregunta una de mis vecinas, mientras recogemos los recibos de luz del buz\u00f3n de correspondencia del edificio. Respondo que doscientos veintisiete pesos, mientras ella me dice que su cantidad a pagar anda en las mismas que el m\u00edo. De inmediato contin\u00faa su di\u00e1logo [&hellip;]<\/p>\n","protected":false},"author":2,"featured_media":0,"comment_status":"open","ping_status":"open","sticky":false,"template":"","format":"standard","meta":{"tdm_status":"","tdm_grid_status":"","footnotes":""},"categories":[70],"tags":[2687,2718,688],"class_list":{"0":"post-16243","1":"post","2":"type-post","3":"status-publish","4":"format-standard","6":"category-de-opinion","7":"tag-brenda-caballero","8":"tag-recibo-luz","9":"tag-reforma-energetica"},"yoast_head":"<!-- This site is optimized with the Yoast SEO plugin v27.4 - https:\/\/yoast.com\/product\/yoast-seo-wordpress\/ -->\n<title>\u00bfPagamos menos luz? - Los pol\u00edticos Veracruz<\/title>\n<meta name=\"robots\" content=\"index, follow, max-snippet:-1, max-image-preview:large, max-video-preview:-1\" \/>\n<link rel=\"canonical\" href=\"https:\/\/lospoliticosveracruz.com\/?p=16243\" \/>\n<meta property=\"og:locale\" content=\"es_ES\" \/>\n<meta property=\"og:type\" content=\"article\" \/>\n<meta property=\"og:title\" content=\"\u00bfPagamos menos luz? - Los pol\u00edticos Veracruz\" \/>\n<meta property=\"og:description\" content=\"Brenda Caballero N\u00fameros Rojos \u00bfDe cu\u00e1nto lleg\u00f3 tu recibo de luz, me pregunta una de mis vecinas, mientras recogemos los recibos de luz del buz\u00f3n de correspondencia del edificio. Respondo que doscientos veintisiete pesos, mientras ella me dice que su cantidad a pagar anda en las mismas que el m\u00edo. De inmediato contin\u00faa su di\u00e1logo [&hellip;]\" \/>\n<meta property=\"og:url\" content=\"https:\/\/lospoliticosveracruz.com\/?p=16243\" \/>\n<meta property=\"og:site_name\" content=\"Los pol\u00edticos Veracruz\" \/>\n<meta property=\"article:publisher\" content=\"https:\/\/www.facebook.com\/people\/Notimemes-de-los-Polticos\/61565672886568\/\" \/>\n<meta property=\"article:published_time\" content=\"2015-05-21T03:11:55+00:00\" \/>\n<meta property=\"og:image\" content=\"http:\/\/www.lospoliticosveracruz.com.mx\/wp-content\/uploads\/2015\/05\/CFE-300x225.jpg\" \/>\n<meta name=\"author\" content=\"Lo viste en Los Pol\u00edticos\" \/>\n<meta name=\"twitter:card\" content=\"summary_large_image\" \/>\n<meta name=\"twitter:creator\" content=\"@LosPoliticosVer\" \/>\n<meta name=\"twitter:site\" content=\"@LosPoliticosVer\" \/>\n<meta name=\"twitter:label1\" content=\"Escrito por\" \/>\n\t<meta name=\"twitter:data1\" content=\"Lo viste en Los Pol\u00edticos\" \/>\n\t<meta name=\"twitter:label2\" content=\"Tiempo de lectura\" \/>\n\t<meta name=\"twitter:data2\" content=\"3 minutos\" \/>\n<script type=\"application\/ld+json\" class=\"yoast-schema-graph\">{\"@context\":\"https:\\\/\\\/schema.org\",\"@graph\":[{\"@type\":\"Article\",\"@id\":\"https:\\\/\\\/lospoliticosveracruz.com\\\/?p=16243#article\",\"isPartOf\":{\"@id\":\"https:\\\/\\\/lospoliticosveracruz.com\\\/?p=16243\"},\"author\":{\"name\":\"Lo viste en Los Pol\u00edticos\",\"@id\":\"https:\\\/\\\/lospoliticosveracruz.com\\\/#\\\/schema\\\/person\\\/b8702bb0e538456e6efd07080bf2a4a2\"},\"headline\":\"\u00bfPagamos menos luz?\",\"datePublished\":\"2015-05-21T03:11:55+00:00\",\"mainEntityOfPage\":{\"@id\":\"https:\\\/\\\/lospoliticosveracruz.com\\\/?p=16243\"},\"wordCount\":690,\"commentCount\":0,\"publisher\":{\"@id\":\"https:\\\/\\\/lospoliticosveracruz.com\\\/#organization\"},\"image\":{\"@id\":\"https:\\\/\\\/lospoliticosveracruz.com\\\/?p=16243#primaryimage\"},\"thumbnailUrl\":\"http:\\\/\\\/www.lospoliticosveracruz.com.mx\\\/wp-content\\\/uploads\\\/2015\\\/05\\\/CFE-300x225.jpg\",\"keywords\":[\"Brenda Caballero\",\"recibo luz\",\"reforma energ\u00e9tica\"],\"articleSection\":[\"De Opini\u00f3n\"],\"inLanguage\":\"es\",\"potentialAction\":[{\"@type\":\"CommentAction\",\"name\":\"Comment\",\"target\":[\"https:\\\/\\\/lospoliticosveracruz.com\\\/?p=16243#respond\"]}]},{\"@type\":\"WebPage\",\"@id\":\"https:\\\/\\\/lospoliticosveracruz.com\\\/?p=16243\",\"url\":\"https:\\\/\\\/lospoliticosveracruz.com\\\/?p=16243\",\"name\":\"\u00bfPagamos menos luz? - Los pol\u00edticos Veracruz\",\"isPartOf\":{\"@id\":\"https:\\\/\\\/lospoliticosveracruz.com\\\/#website\"},\"primaryImageOfPage\":{\"@id\":\"https:\\\/\\\/lospoliticosveracruz.com\\\/?p=16243#primaryimage\"},\"image\":{\"@id\":\"https:\\\/\\\/lospoliticosveracruz.com\\\/?p=16243#primaryimage\"},\"thumbnailUrl\":\"http:\\\/\\\/www.lospoliticosveracruz.com.mx\\\/wp-content\\\/uploads\\\/2015\\\/05\\\/CFE-300x225.jpg\",\"datePublished\":\"2015-05-21T03:11:55+00:00\",\"breadcrumb\":{\"@id\":\"https:\\\/\\\/lospoliticosveracruz.com\\\/?p=16243#breadcrumb\"},\"inLanguage\":\"es\",\"potentialAction\":[{\"@type\":\"ReadAction\",\"target\":[\"https:\\\/\\\/lospoliticosveracruz.com\\\/?p=16243\"]}]},{\"@type\":\"ImageObject\",\"inLanguage\":\"es\",\"@id\":\"https:\\\/\\\/lospoliticosveracruz.com\\\/?p=16243#primaryimage\",\"url\":\"http:\\\/\\\/www.lospoliticosveracruz.com.mx\\\/wp-content\\\/uploads\\\/2015\\\/05\\\/CFE-300x225.jpg\",\"contentUrl\":\"http:\\\/\\\/www.lospoliticosveracruz.com.mx\\\/wp-content\\\/uploads\\\/2015\\\/05\\\/CFE-300x225.jpg\"},{\"@type\":\"BreadcrumbList\",\"@id\":\"https:\\\/\\\/lospoliticosveracruz.com\\\/?p=16243#breadcrumb\",\"itemListElement\":[{\"@type\":\"ListItem\",\"position\":1,\"name\":\"Portada\",\"item\":\"https:\\\/\\\/lospoliticosveracruz.com\\\/\"},{\"@type\":\"ListItem\",\"position\":2,\"name\":\"\u00bfPagamos menos luz?\"}]},{\"@type\":\"WebSite\",\"@id\":\"https:\\\/\\\/lospoliticosveracruz.com\\\/#website\",\"url\":\"https:\\\/\\\/lospoliticosveracruz.com\\\/\",\"name\":\"Los pol\u00edticos Veracruz\",\"description\":\"\",\"publisher\":{\"@id\":\"https:\\\/\\\/lospoliticosveracruz.com\\\/#organization\"},\"potentialAction\":[{\"@type\":\"SearchAction\",\"target\":{\"@type\":\"EntryPoint\",\"urlTemplate\":\"https:\\\/\\\/lospoliticosveracruz.com\\\/?s={search_term_string}\"},\"query-input\":{\"@type\":\"PropertyValueSpecification\",\"valueRequired\":true,\"valueName\":\"search_term_string\"}}],\"inLanguage\":\"es\"},{\"@type\":\"Organization\",\"@id\":\"https:\\\/\\\/lospoliticosveracruz.com\\\/#organization\",\"name\":\"Los pol\u00edticos Veracruz\",\"url\":\"https:\\\/\\\/lospoliticosveracruz.com\\\/\",\"logo\":{\"@type\":\"ImageObject\",\"inLanguage\":\"es\",\"@id\":\"https:\\\/\\\/lospoliticosveracruz.com\\\/#\\\/schema\\\/logo\\\/image\\\/\",\"url\":\"https:\\\/\\\/lospoliticosveracruz.com\\\/wp-content\\\/uploads\\\/2025\\\/12\\\/Logo-Nuevo-LOS-POLITICOS-1.jpg\",\"contentUrl\":\"https:\\\/\\\/lospoliticosveracruz.com\\\/wp-content\\\/uploads\\\/2025\\\/12\\\/Logo-Nuevo-LOS-POLITICOS-1.jpg\",\"width\":260,\"height\":70,\"caption\":\"Los pol\u00edticos Veracruz\"},\"image\":{\"@id\":\"https:\\\/\\\/lospoliticosveracruz.com\\\/#\\\/schema\\\/logo\\\/image\\\/\"},\"sameAs\":[\"https:\\\/\\\/www.facebook.com\\\/people\\\/Notimemes-de-los-Polticos\\\/61565672886568\\\/\",\"https:\\\/\\\/x.com\\\/LosPoliticosVer\"]},{\"@type\":\"Person\",\"@id\":\"https:\\\/\\\/lospoliticosveracruz.com\\\/#\\\/schema\\\/person\\\/b8702bb0e538456e6efd07080bf2a4a2\",\"name\":\"Lo viste en Los Pol\u00edticos\",\"image\":{\"@type\":\"ImageObject\",\"inLanguage\":\"es\",\"@id\":\"https:\\\/\\\/secure.gravatar.com\\\/avatar\\\/3a8de04a2656d44082be478bd6c086daa447c4651605818287b9532d3d0bd435?s=96&d=mm&r=g\",\"url\":\"https:\\\/\\\/secure.gravatar.com\\\/avatar\\\/3a8de04a2656d44082be478bd6c086daa447c4651605818287b9532d3d0bd435?s=96&d=mm&r=g\",\"contentUrl\":\"https:\\\/\\\/secure.gravatar.com\\\/avatar\\\/3a8de04a2656d44082be478bd6c086daa447c4651605818287b9532d3d0bd435?s=96&d=mm&r=g\",\"caption\":\"Lo viste en Los Pol\u00edticos\"},\"url\":\"https:\\\/\\\/lospoliticosveracruz.com\\\/?author=2\"}]}<\/script>\n<!-- \/ Yoast SEO plugin. -->","yoast_head_json":{"title":"\u00bfPagamos menos luz? - Los pol\u00edticos Veracruz","robots":{"index":"index","follow":"follow","max-snippet":"max-snippet:-1","max-image-preview":"max-image-preview:large","max-video-preview":"max-video-preview:-1"},"canonical":"https:\/\/lospoliticosveracruz.com\/?p=16243","og_locale":"es_ES","og_type":"article","og_title":"\u00bfPagamos menos luz? - Los pol\u00edticos Veracruz","og_description":"Brenda Caballero N\u00fameros Rojos \u00bfDe cu\u00e1nto lleg\u00f3 tu recibo de luz, me pregunta una de mis vecinas, mientras recogemos los recibos de luz del buz\u00f3n de correspondencia del edificio. Respondo que doscientos veintisiete pesos, mientras ella me dice que su cantidad a pagar anda en las mismas que el m\u00edo. De inmediato contin\u00faa su di\u00e1logo [&hellip;]","og_url":"https:\/\/lospoliticosveracruz.com\/?p=16243","og_site_name":"Los pol\u00edticos Veracruz","article_publisher":"https:\/\/www.facebook.com\/people\/Notimemes-de-los-Polticos\/61565672886568\/","article_published_time":"2015-05-21T03:11:55+00:00","og_image":[{"url":"http:\/\/www.lospoliticosveracruz.com.mx\/wp-content\/uploads\/2015\/05\/CFE-300x225.jpg","type":"","width":"","height":""}],"author":"Lo viste en Los Pol\u00edticos","twitter_card":"summary_large_image","twitter_creator":"@LosPoliticosVer","twitter_site":"@LosPoliticosVer","twitter_misc":{"Escrito por":"Lo viste en Los Pol\u00edticos","Tiempo de lectura":"3 minutos"},"schema":{"@context":"https:\/\/schema.org","@graph":[{"@type":"Article","@id":"https:\/\/lospoliticosveracruz.com\/?p=16243#article","isPartOf":{"@id":"https:\/\/lospoliticosveracruz.com\/?p=16243"},"author":{"name":"Lo viste en Los Pol\u00edticos","@id":"https:\/\/lospoliticosveracruz.com\/#\/schema\/person\/b8702bb0e538456e6efd07080bf2a4a2"},"headline":"\u00bfPagamos menos luz?","datePublished":"2015-05-21T03:11:55+00:00","mainEntityOfPage":{"@id":"https:\/\/lospoliticosveracruz.com\/?p=16243"},"wordCount":690,"commentCount":0,"publisher":{"@id":"https:\/\/lospoliticosveracruz.com\/#organization"},"image":{"@id":"https:\/\/lospoliticosveracruz.com\/?p=16243#primaryimage"},"thumbnailUrl":"http:\/\/www.lospoliticosveracruz.com.mx\/wp-content\/uploads\/2015\/05\/CFE-300x225.jpg","keywords":["Brenda Caballero","recibo luz","reforma energ\u00e9tica"],"articleSection":["De Opini\u00f3n"],"inLanguage":"es","potentialAction":[{"@type":"CommentAction","name":"Comment","target":["https:\/\/lospoliticosveracruz.com\/?p=16243#respond"]}]},{"@type":"WebPage","@id":"https:\/\/lospoliticosveracruz.com\/?p=16243","url":"https:\/\/lospoliticosveracruz.com\/?p=16243","name":"\u00bfPagamos menos luz? - Los pol\u00edticos Veracruz","isPartOf":{"@id":"https:\/\/lospoliticosveracruz.com\/#website"},"primaryImageOfPage":{"@id":"https:\/\/lospoliticosveracruz.com\/?p=16243#primaryimage"},"image":{"@id":"https:\/\/lospoliticosveracruz.com\/?p=16243#primaryimage"},"thumbnailUrl":"http:\/\/www.lospoliticosveracruz.com.mx\/wp-content\/uploads\/2015\/05\/CFE-300x225.jpg","datePublished":"2015-05-21T03:11:55+00:00","breadcrumb":{"@id":"https:\/\/lospoliticosveracruz.com\/?p=16243#breadcrumb"},"inLanguage":"es","potentialAction":[{"@type":"ReadAction","target":["https:\/\/lospoliticosveracruz.com\/?p=16243"]}]},{"@type":"ImageObject","inLanguage":"es","@id":"https:\/\/lospoliticosveracruz.com\/?p=16243#primaryimage","url":"http:\/\/www.lospoliticosveracruz.com.mx\/wp-content\/uploads\/2015\/05\/CFE-300x225.jpg","contentUrl":"http:\/\/www.lospoliticosveracruz.com.mx\/wp-content\/uploads\/2015\/05\/CFE-300x225.jpg"},{"@type":"BreadcrumbList","@id":"https:\/\/lospoliticosveracruz.com\/?p=16243#breadcrumb","itemListElement":[{"@type":"ListItem","position":1,"name":"Portada","item":"https:\/\/lospoliticosveracruz.com\/"},{"@type":"ListItem","position":2,"name":"\u00bfPagamos menos luz?"}]},{"@type":"WebSite","@id":"https:\/\/lospoliticosveracruz.com\/#website","url":"https:\/\/lospoliticosveracruz.com\/","name":"Los pol\u00edticos Veracruz","description":"","publisher":{"@id":"https:\/\/lospoliticosveracruz.com\/#organization"},"potentialAction":[{"@type":"SearchAction","target":{"@type":"EntryPoint","urlTemplate":"https:\/\/lospoliticosveracruz.com\/?s={search_term_string}"},"query-input":{"@type":"PropertyValueSpecification","valueRequired":true,"valueName":"search_term_string"}}],"inLanguage":"es"},{"@type":"Organization","@id":"https:\/\/lospoliticosveracruz.com\/#organization","name":"Los pol\u00edticos Veracruz","url":"https:\/\/lospoliticosveracruz.com\/","logo":{"@type":"ImageObject","inLanguage":"es","@id":"https:\/\/lospoliticosveracruz.com\/#\/schema\/logo\/image\/","url":"https:\/\/lospoliticosveracruz.com\/wp-content\/uploads\/2025\/12\/Logo-Nuevo-LOS-POLITICOS-1.jpg","contentUrl":"https:\/\/lospoliticosveracruz.com\/wp-content\/uploads\/2025\/12\/Logo-Nuevo-LOS-POLITICOS-1.jpg","width":260,"height":70,"caption":"Los pol\u00edticos Veracruz"},"image":{"@id":"https:\/\/lospoliticosveracruz.com\/#\/schema\/logo\/image\/"},"sameAs":["https:\/\/www.facebook.com\/people\/Notimemes-de-los-Polticos\/61565672886568\/","https:\/\/x.com\/LosPoliticosVer"]},{"@type":"Person","@id":"https:\/\/lospoliticosveracruz.com\/#\/schema\/person\/b8702bb0e538456e6efd07080bf2a4a2","name":"Lo viste en Los Pol\u00edticos","image":{"@type":"ImageObject","inLanguage":"es","@id":"https:\/\/secure.gravatar.com\/avatar\/3a8de04a2656d44082be478bd6c086daa447c4651605818287b9532d3d0bd435?s=96&d=mm&r=g","url":"https:\/\/secure.gravatar.com\/avatar\/3a8de04a2656d44082be478bd6c086daa447c4651605818287b9532d3d0bd435?s=96&d=mm&r=g","contentUrl":"https:\/\/secure.gravatar.com\/avatar\/3a8de04a2656d44082be478bd6c086daa447c4651605818287b9532d3d0bd435?s=96&d=mm&r=g","caption":"Lo viste en Los Pol\u00edticos"},"url":"https:\/\/lospoliticosveracruz.com\/?author=2"}]}},"_links":{"self":[{"href":"https:\/\/lospoliticosveracruz.com\/index.php?rest_route=\/wp\/v2\/posts\/16243","targetHints":{"allow":["GET"]}}],"collection":[{"href":"https:\/\/lospoliticosveracruz.com\/index.php?rest_route=\/wp\/v2\/posts"}],"about":[{"href":"https:\/\/lospoliticosveracruz.com\/index.php?rest_route=\/wp\/v2\/types\/post"}],"author":[{"embeddable":true,"href":"https:\/\/lospoliticosveracruz.com\/index.php?rest_route=\/wp\/v2\/users\/2"}],"replies":[{"embeddable":true,"href":"https:\/\/lospoliticosveracruz.com\/index.php?rest_route=%2Fwp%2Fv2%2Fcomments&post=16243"}],"version-history":[{"count":1,"href":"https:\/\/lospoliticosveracruz.com\/index.php?rest_route=\/wp\/v2\/posts\/16243\/revisions"}],"predecessor-version":[{"id":16245,"href":"https:\/\/lospoliticosveracruz.com\/index.php?rest_route=\/wp\/v2\/posts\/16243\/revisions\/16245"}],"wp:attachment":[{"href":"https:\/\/lospoliticosveracruz.com\/index.php?rest_route=%2Fwp%2Fv2%2Fmedia&parent=16243"}],"wp:term":[{"taxonomy":"category","embeddable":true,"href":"https:\/\/lospoliticosveracruz.com\/index.php?rest_route=%2Fwp%2Fv2%2Fcategories&post=16243"},{"taxonomy":"post_tag","embeddable":true,"href":"https:\/\/lospoliticosveracruz.com\/index.php?rest_route=%2Fwp%2Fv2%2Ftags&post=16243"}],"curies":[{"name":"wp","href":"https:\/\/api.w.org\/{rel}","templated":true}]}}