{"id":16246,"date":"2015-05-20T22:26:20","date_gmt":"2015-05-21T03:26:20","guid":{"rendered":"http:\/\/www.lospoliticosveracruz.com.mx\/?p=16246"},"modified":"2015-05-20T22:26:20","modified_gmt":"2015-05-21T03:26:20","slug":"carla-tronco-adriana","status":"publish","type":"post","link":"https:\/\/lospoliticosveracruz.com\/?p=16246","title":{"rendered":"Carla, Tronco, Adriana"},"content":{"rendered":"<p><a href=\"http:\/\/www.lospoliticosveracruz.com.mx\/wp-content\/uploads\/2015\/05\/Carla-Renato-Adriana.jpg\"><img loading=\"lazy\" decoding=\"async\" class=\"alignnone size-medium wp-image-16247\" src=\"http:\/\/www.lospoliticosveracruz.com.mx\/wp-content\/uploads\/2015\/05\/Carla-Renato-Adriana-300x150.jpg\" alt=\"Carla Renato Adriana\" width=\"300\" height=\"150\" \/><\/a><br \/>\n<strong>Salvador Mu\u00f1oz<\/strong><\/p>\n<p><em>Los Pol\u00edticos<\/em><\/p>\n<p>Todos los pol\u00edticos son unos corruptos\u2013 suelta el se\u00f1or. Los calificativos van contra el PRI, PAN, PRD\u2026 \u00a1contra todos! Ella lo escucha. Una vez que termina, le dice: \u201cTotalmente de acuerdo con usted\u2026 \u00bfa qu\u00e9 se dedica?\u201d<br \/>\n\u2013Soy plomero\u2026<br \/>\n\u2013No, se\u00f1or\u2026 yo no conf\u00edo en los plomeros\u2026 uno me qued\u00f3 muy mal\u2026 me pidi\u00f3 anticipo para un trabajo y no volv\u00ed a verlo\u2026<br \/>\n\u2013\u00a1\u00d3igame! \u00a1Pero no por uno va a juzgarnos a todos! No todos somos as\u00ed\u2026<br \/>\n\u2013Exacto, se\u00f1or\u2026 no todos los pol\u00edticos somos as\u00ed.<br \/>\nLos dos se r\u00eden. Entonces ella plantea su propuesta de trabajo\u2026<br \/>\nCarla Vega Yunes para un momento sus recorridos para comer. En la ma\u00f1ana, su desayuno fue un tamalito y refresco, que se ha convertido en parte de su dieta desde hace ya 40 d\u00edas\u2026 los calores lo ameritan y la bondad de la gente se traduce en ello: en un vaso de refresco\u2026 \u201cpara la calor\u201d.<br \/>\nComo suplente de Elizabeth Morales, candidata por el distrito de Xalapa urbano, sabe que 60 d\u00edas de campa\u00f1a son pocos para recorrerlo. Por ello se dio una campa\u00f1a paralela, en aras de cubrir todos y cada uno de los puntos que comprenden el distrito.<br \/>\nMe invita a una pl\u00e1tica el martes, en las instalaciones que ocupa como oficina, su b\u00fanker. Dice que s\u00f3lo ser\u00e1 para su equipo. Esto, gracias a Francisco, un muchacho que se le acerc\u00f3 en La Rotonda y se ofreci\u00f3 para participar con ella.<br \/>\nTomo un caf\u00e9 acompa\u00f1ado de un secreto que me hace guardar. Est\u00e1 lista, con la bater\u00eda recargada para un \u00faltimo recorrido y una reuni\u00f3n.<br \/>\nLe pregunto, antes de partir, qu\u00e9 espera despu\u00e9s del 7 de junio. Me dice que no quiere ser grosera con la respuesta, pero s\u00f3lo piensa en llegar a esa fecha y cumplir los objetivos que es ganar y entregar buenos resultados. Una vez cubierta esa parte, avanzar con los compromisos contra\u00eddos con mucha gente, \u201cporque quien piense que esto acaba en las elecciones, est\u00e1 equivocado. Hay que volver al distrito. Hay que regresar a esas casas\u2026 a esas colonias\u2026 con esa gente que cree en tu proyecto, en tu propuesta de trabajo\u2026 que cree en ti\u201d.<br \/>\nSalimos\u2026 ya la esperan, lista para continuar el recorrido.<br \/>\nII<br \/>\nLo vi de espaldas. Tra\u00eda la cl\u00e1sica camisa de cuadros, el cintur\u00f3n piteado, botas y sombrero. \u201cEs Renato Tronco\u201d, le dije a Sergio Alejandro Villa.<br \/>\nHoras antes, por la ma\u00f1ana, me encontr\u00e9 con un video donde le hacen una entrevista al diputado Renato Tronco\u2026 creo que fue Univisi\u00f3n.<br \/>\nTres minutos o menos, eso fue lo que vi de la entrevista\u2026 realmente me dio verg\u00fcenza ver las respuestas del legislador veracruzano ante las preguntas del entrevistador.<br \/>\n\u2013\u00bfPor qu\u00e9 necesita un doble para hacer su trabajo?<br \/>\nPalabras m\u00e1s, palabras menos, responde que se consult\u00f3 a la gente del distrito y se acord\u00f3 buscar un doble para que asista en su lugar en actos p\u00fablicos, actos c\u00edvicos, fiestas patronales y diversas actividades, como cualquier representante s\u00f3lo con la peculiaridad de que ser\u00e1 id\u00e9ntico a \u00e9l.<br \/>\nEntiendo que lo que pretende entonces Renato Tronco es lo mismo que hace el Gobernador o alg\u00fan alcalde cuando mandan a un representante en su lugar a cualquier evento.<br \/>\n\u2013Por eso, la gente vot\u00f3 por usted, no que usted elija a un doble para hacer su trabajo\u2026<br \/>\nLa respuesta de Tronco es que la sociedad acepta que \u00e9l busque un doble para que vaya en su representaci\u00f3n\u2026<br \/>\nYa no pude ver m\u00e1s\u2026 la verdad, me dio pena.<br \/>\nPor eso, cuando le digo al amigo Villa: \u201cEs Renato Tronco\u201d y voltea, suelta la carcajada y me dice: \u201cSe parece\u201d. S\u00ed, no es, pero se parece&#8230;<br \/>\nConcluimos que a lo mejor viene al concurso de \u201cSe busca a mi doble\u201d. Toma la c\u00e1mara y habla con Jes\u00fas Santill\u00e1n, originario de Atzalan, y efectivamente \u00a1viene a participar en el concurso del diputado!<br \/>\nNo nos atrevemos a juzgar. Son de diez mil a 40 mil pesos los premios a los que se hacen acreedores los primeros cuatro lugares y en estos momentos, si William Levy hiciera un concurso similar, \u00a1hasta yo le entrar\u00eda!<\/p>\n<p>III<br \/>\nLa conoc\u00ed en una fiesta para ni\u00f1os. De pl\u00e1tica amena, interesada en la pol\u00edtica y conocedora de \u00e9sta. Adem\u00e1s de tener muchos amigos en com\u00fan, tambi\u00e9n descubrimos el amor por los \u201cperrhijos\u201d.<br \/>\nMe dio mucho gusto cuando supe que iba a participar para buscar una curul por el distrito de Xalapa rural, v\u00eda Encuentro Social, como suplente de Blanca Tanya Islas Padilla.<br \/>\nAl igual que Carla Vega Yunes, no deja de moverse. No requiere de grandes recursos para dar a conocer su propuesta. Le basta una botella de agua y un sem\u00e1foro en rojo para acercarse y platicar en breve, exponer su proyecto de trabajo\u2026 la maestra Adriana no para. Quiere ganar, pero no al PRI, al PRD o al PAN\u2026 no. Ella quiere ganar porque est\u00e1 convencida de que se puede hacer un cambio. No denosta, no ataca, simplemente busca convencer de que su candidata y partido pueden ser una opci\u00f3n\u2026 si yo votara en el distrito de Xalapa rural, votar\u00eda por Adriana\u2026 al menos en estos d\u00edas de campa\u00f1a, es de los pocos candidatos que ha demostrado que no se necesita m\u00e1s que car\u00e1cter para hacer la diferencia.<\/p>\n<p>smcainito@gmail.com<\/p>\n","protected":false},"excerpt":{"rendered":"<p>Salvador Mu\u00f1oz Los Pol\u00edticos Todos los pol\u00edticos son unos corruptos\u2013 suelta el se\u00f1or. Los calificativos van contra el PRI, PAN, PRD\u2026 \u00a1contra todos! Ella lo escucha. Una vez que termina, le dice: \u201cTotalmente de acuerdo con usted\u2026 \u00bfa qu\u00e9 se dedica?\u201d \u2013Soy plomero\u2026 \u2013No, se\u00f1or\u2026 yo no conf\u00edo en los plomeros\u2026 uno me qued\u00f3 muy [&hellip;]<\/p>\n","protected":false},"author":2,"featured_media":0,"comment_status":"open","ping_status":"open","sticky":false,"template":"","format":"standard","meta":{"tdm_status":"","tdm_grid_status":"","footnotes":""},"categories":[70],"tags":[1482,1855,2646],"class_list":{"0":"post-16246","1":"post","2":"type-post","3":"status-publish","4":"format-standard","6":"category-de-opinion","7":"tag-carla-vega-yunes","8":"tag-renato-tronco-gomez","9":"tag-salvador-munoz"},"yoast_head":"<!-- This site is optimized with the Yoast SEO plugin v27.4 - https:\/\/yoast.com\/product\/yoast-seo-wordpress\/ -->\n<title>Carla, Tronco, Adriana - Los pol\u00edticos Veracruz<\/title>\n<meta name=\"robots\" content=\"index, follow, max-snippet:-1, max-image-preview:large, max-video-preview:-1\" \/>\n<link rel=\"canonical\" href=\"https:\/\/lospoliticosveracruz.com\/?p=16246\" \/>\n<meta property=\"og:locale\" content=\"es_ES\" \/>\n<meta property=\"og:type\" content=\"article\" \/>\n<meta property=\"og:title\" content=\"Carla, Tronco, Adriana - Los pol\u00edticos Veracruz\" \/>\n<meta property=\"og:description\" content=\"Salvador Mu\u00f1oz Los Pol\u00edticos Todos los pol\u00edticos son unos corruptos\u2013 suelta el se\u00f1or. Los calificativos van contra el PRI, PAN, PRD\u2026 \u00a1contra todos! Ella lo escucha. Una vez que termina, le dice: \u201cTotalmente de acuerdo con usted\u2026 \u00bfa qu\u00e9 se dedica?\u201d \u2013Soy plomero\u2026 \u2013No, se\u00f1or\u2026 yo no conf\u00edo en los plomeros\u2026 uno me qued\u00f3 muy [&hellip;]\" \/>\n<meta property=\"og:url\" content=\"https:\/\/lospoliticosveracruz.com\/?p=16246\" \/>\n<meta property=\"og:site_name\" content=\"Los pol\u00edticos Veracruz\" \/>\n<meta property=\"article:publisher\" content=\"https:\/\/www.facebook.com\/people\/Notimemes-de-los-Polticos\/61565672886568\/\" \/>\n<meta property=\"article:published_time\" content=\"2015-05-21T03:26:20+00:00\" \/>\n<meta property=\"og:image\" content=\"http:\/\/www.lospoliticosveracruz.com.mx\/wp-content\/uploads\/2015\/05\/Carla-Renato-Adriana-300x150.jpg\" \/>\n<meta name=\"author\" content=\"Lo viste en Los Pol\u00edticos\" \/>\n<meta name=\"twitter:card\" content=\"summary_large_image\" \/>\n<meta name=\"twitter:creator\" content=\"@LosPoliticosVer\" \/>\n<meta name=\"twitter:site\" content=\"@LosPoliticosVer\" \/>\n<meta name=\"twitter:label1\" content=\"Escrito por\" \/>\n\t<meta name=\"twitter:data1\" content=\"Lo viste en Los Pol\u00edticos\" \/>\n\t<meta name=\"twitter:label2\" content=\"Tiempo de lectura\" \/>\n\t<meta name=\"twitter:data2\" content=\"5 minutos\" \/>\n<script type=\"application\/ld+json\" class=\"yoast-schema-graph\">{\"@context\":\"https:\\\/\\\/schema.org\",\"@graph\":[{\"@type\":\"Article\",\"@id\":\"https:\\\/\\\/lospoliticosveracruz.com\\\/?p=16246#article\",\"isPartOf\":{\"@id\":\"https:\\\/\\\/lospoliticosveracruz.com\\\/?p=16246\"},\"author\":{\"name\":\"Lo viste en Los Pol\u00edticos\",\"@id\":\"https:\\\/\\\/lospoliticosveracruz.com\\\/#\\\/schema\\\/person\\\/b8702bb0e538456e6efd07080bf2a4a2\"},\"headline\":\"Carla, Tronco, Adriana\",\"datePublished\":\"2015-05-21T03:26:20+00:00\",\"mainEntityOfPage\":{\"@id\":\"https:\\\/\\\/lospoliticosveracruz.com\\\/?p=16246\"},\"wordCount\":932,\"commentCount\":0,\"publisher\":{\"@id\":\"https:\\\/\\\/lospoliticosveracruz.com\\\/#organization\"},\"image\":{\"@id\":\"https:\\\/\\\/lospoliticosveracruz.com\\\/?p=16246#primaryimage\"},\"thumbnailUrl\":\"http:\\\/\\\/www.lospoliticosveracruz.com.mx\\\/wp-content\\\/uploads\\\/2015\\\/05\\\/Carla-Renato-Adriana-300x150.jpg\",\"keywords\":[\"Carla Vega Yunes\",\"Renato Tronco G\u00f3mez\",\"Salvador Mu\u00f1oz\"],\"articleSection\":[\"De Opini\u00f3n\"],\"inLanguage\":\"es\",\"potentialAction\":[{\"@type\":\"CommentAction\",\"name\":\"Comment\",\"target\":[\"https:\\\/\\\/lospoliticosveracruz.com\\\/?p=16246#respond\"]}]},{\"@type\":\"WebPage\",\"@id\":\"https:\\\/\\\/lospoliticosveracruz.com\\\/?p=16246\",\"url\":\"https:\\\/\\\/lospoliticosveracruz.com\\\/?p=16246\",\"name\":\"Carla, Tronco, Adriana - Los pol\u00edticos Veracruz\",\"isPartOf\":{\"@id\":\"https:\\\/\\\/lospoliticosveracruz.com\\\/#website\"},\"primaryImageOfPage\":{\"@id\":\"https:\\\/\\\/lospoliticosveracruz.com\\\/?p=16246#primaryimage\"},\"image\":{\"@id\":\"https:\\\/\\\/lospoliticosveracruz.com\\\/?p=16246#primaryimage\"},\"thumbnailUrl\":\"http:\\\/\\\/www.lospoliticosveracruz.com.mx\\\/wp-content\\\/uploads\\\/2015\\\/05\\\/Carla-Renato-Adriana-300x150.jpg\",\"datePublished\":\"2015-05-21T03:26:20+00:00\",\"breadcrumb\":{\"@id\":\"https:\\\/\\\/lospoliticosveracruz.com\\\/?p=16246#breadcrumb\"},\"inLanguage\":\"es\",\"potentialAction\":[{\"@type\":\"ReadAction\",\"target\":[\"https:\\\/\\\/lospoliticosveracruz.com\\\/?p=16246\"]}]},{\"@type\":\"ImageObject\",\"inLanguage\":\"es\",\"@id\":\"https:\\\/\\\/lospoliticosveracruz.com\\\/?p=16246#primaryimage\",\"url\":\"http:\\\/\\\/www.lospoliticosveracruz.com.mx\\\/wp-content\\\/uploads\\\/2015\\\/05\\\/Carla-Renato-Adriana-300x150.jpg\",\"contentUrl\":\"http:\\\/\\\/www.lospoliticosveracruz.com.mx\\\/wp-content\\\/uploads\\\/2015\\\/05\\\/Carla-Renato-Adriana-300x150.jpg\"},{\"@type\":\"BreadcrumbList\",\"@id\":\"https:\\\/\\\/lospoliticosveracruz.com\\\/?p=16246#breadcrumb\",\"itemListElement\":[{\"@type\":\"ListItem\",\"position\":1,\"name\":\"Portada\",\"item\":\"https:\\\/\\\/lospoliticosveracruz.com\\\/\"},{\"@type\":\"ListItem\",\"position\":2,\"name\":\"Carla, Tronco, Adriana\"}]},{\"@type\":\"WebSite\",\"@id\":\"https:\\\/\\\/lospoliticosveracruz.com\\\/#website\",\"url\":\"https:\\\/\\\/lospoliticosveracruz.com\\\/\",\"name\":\"Los pol\u00edticos Veracruz\",\"description\":\"\",\"publisher\":{\"@id\":\"https:\\\/\\\/lospoliticosveracruz.com\\\/#organization\"},\"potentialAction\":[{\"@type\":\"SearchAction\",\"target\":{\"@type\":\"EntryPoint\",\"urlTemplate\":\"https:\\\/\\\/lospoliticosveracruz.com\\\/?s={search_term_string}\"},\"query-input\":{\"@type\":\"PropertyValueSpecification\",\"valueRequired\":true,\"valueName\":\"search_term_string\"}}],\"inLanguage\":\"es\"},{\"@type\":\"Organization\",\"@id\":\"https:\\\/\\\/lospoliticosveracruz.com\\\/#organization\",\"name\":\"Los pol\u00edticos Veracruz\",\"url\":\"https:\\\/\\\/lospoliticosveracruz.com\\\/\",\"logo\":{\"@type\":\"ImageObject\",\"inLanguage\":\"es\",\"@id\":\"https:\\\/\\\/lospoliticosveracruz.com\\\/#\\\/schema\\\/logo\\\/image\\\/\",\"url\":\"https:\\\/\\\/lospoliticosveracruz.com\\\/wp-content\\\/uploads\\\/2025\\\/12\\\/Logo-Nuevo-LOS-POLITICOS-1.jpg\",\"contentUrl\":\"https:\\\/\\\/lospoliticosveracruz.com\\\/wp-content\\\/uploads\\\/2025\\\/12\\\/Logo-Nuevo-LOS-POLITICOS-1.jpg\",\"width\":260,\"height\":70,\"caption\":\"Los pol\u00edticos Veracruz\"},\"image\":{\"@id\":\"https:\\\/\\\/lospoliticosveracruz.com\\\/#\\\/schema\\\/logo\\\/image\\\/\"},\"sameAs\":[\"https:\\\/\\\/www.facebook.com\\\/people\\\/Notimemes-de-los-Polticos\\\/61565672886568\\\/\",\"https:\\\/\\\/x.com\\\/LosPoliticosVer\"]},{\"@type\":\"Person\",\"@id\":\"https:\\\/\\\/lospoliticosveracruz.com\\\/#\\\/schema\\\/person\\\/b8702bb0e538456e6efd07080bf2a4a2\",\"name\":\"Lo viste en Los Pol\u00edticos\",\"image\":{\"@type\":\"ImageObject\",\"inLanguage\":\"es\",\"@id\":\"https:\\\/\\\/secure.gravatar.com\\\/avatar\\\/3a8de04a2656d44082be478bd6c086daa447c4651605818287b9532d3d0bd435?s=96&d=mm&r=g\",\"url\":\"https:\\\/\\\/secure.gravatar.com\\\/avatar\\\/3a8de04a2656d44082be478bd6c086daa447c4651605818287b9532d3d0bd435?s=96&d=mm&r=g\",\"contentUrl\":\"https:\\\/\\\/secure.gravatar.com\\\/avatar\\\/3a8de04a2656d44082be478bd6c086daa447c4651605818287b9532d3d0bd435?s=96&d=mm&r=g\",\"caption\":\"Lo viste en Los Pol\u00edticos\"},\"url\":\"https:\\\/\\\/lospoliticosveracruz.com\\\/?author=2\"}]}<\/script>\n<!-- \/ Yoast SEO plugin. -->","yoast_head_json":{"title":"Carla, Tronco, Adriana - Los pol\u00edticos Veracruz","robots":{"index":"index","follow":"follow","max-snippet":"max-snippet:-1","max-image-preview":"max-image-preview:large","max-video-preview":"max-video-preview:-1"},"canonical":"https:\/\/lospoliticosveracruz.com\/?p=16246","og_locale":"es_ES","og_type":"article","og_title":"Carla, Tronco, Adriana - Los pol\u00edticos Veracruz","og_description":"Salvador Mu\u00f1oz Los Pol\u00edticos Todos los pol\u00edticos son unos corruptos\u2013 suelta el se\u00f1or. Los calificativos van contra el PRI, PAN, PRD\u2026 \u00a1contra todos! Ella lo escucha. Una vez que termina, le dice: \u201cTotalmente de acuerdo con usted\u2026 \u00bfa qu\u00e9 se dedica?\u201d \u2013Soy plomero\u2026 \u2013No, se\u00f1or\u2026 yo no conf\u00edo en los plomeros\u2026 uno me qued\u00f3 muy [&hellip;]","og_url":"https:\/\/lospoliticosveracruz.com\/?p=16246","og_site_name":"Los pol\u00edticos Veracruz","article_publisher":"https:\/\/www.facebook.com\/people\/Notimemes-de-los-Polticos\/61565672886568\/","article_published_time":"2015-05-21T03:26:20+00:00","og_image":[{"url":"http:\/\/www.lospoliticosveracruz.com.mx\/wp-content\/uploads\/2015\/05\/Carla-Renato-Adriana-300x150.jpg","type":"","width":"","height":""}],"author":"Lo viste en Los Pol\u00edticos","twitter_card":"summary_large_image","twitter_creator":"@LosPoliticosVer","twitter_site":"@LosPoliticosVer","twitter_misc":{"Escrito por":"Lo viste en Los Pol\u00edticos","Tiempo de lectura":"5 minutos"},"schema":{"@context":"https:\/\/schema.org","@graph":[{"@type":"Article","@id":"https:\/\/lospoliticosveracruz.com\/?p=16246#article","isPartOf":{"@id":"https:\/\/lospoliticosveracruz.com\/?p=16246"},"author":{"name":"Lo viste en Los Pol\u00edticos","@id":"https:\/\/lospoliticosveracruz.com\/#\/schema\/person\/b8702bb0e538456e6efd07080bf2a4a2"},"headline":"Carla, Tronco, Adriana","datePublished":"2015-05-21T03:26:20+00:00","mainEntityOfPage":{"@id":"https:\/\/lospoliticosveracruz.com\/?p=16246"},"wordCount":932,"commentCount":0,"publisher":{"@id":"https:\/\/lospoliticosveracruz.com\/#organization"},"image":{"@id":"https:\/\/lospoliticosveracruz.com\/?p=16246#primaryimage"},"thumbnailUrl":"http:\/\/www.lospoliticosveracruz.com.mx\/wp-content\/uploads\/2015\/05\/Carla-Renato-Adriana-300x150.jpg","keywords":["Carla Vega Yunes","Renato Tronco G\u00f3mez","Salvador Mu\u00f1oz"],"articleSection":["De Opini\u00f3n"],"inLanguage":"es","potentialAction":[{"@type":"CommentAction","name":"Comment","target":["https:\/\/lospoliticosveracruz.com\/?p=16246#respond"]}]},{"@type":"WebPage","@id":"https:\/\/lospoliticosveracruz.com\/?p=16246","url":"https:\/\/lospoliticosveracruz.com\/?p=16246","name":"Carla, Tronco, Adriana - Los pol\u00edticos Veracruz","isPartOf":{"@id":"https:\/\/lospoliticosveracruz.com\/#website"},"primaryImageOfPage":{"@id":"https:\/\/lospoliticosveracruz.com\/?p=16246#primaryimage"},"image":{"@id":"https:\/\/lospoliticosveracruz.com\/?p=16246#primaryimage"},"thumbnailUrl":"http:\/\/www.lospoliticosveracruz.com.mx\/wp-content\/uploads\/2015\/05\/Carla-Renato-Adriana-300x150.jpg","datePublished":"2015-05-21T03:26:20+00:00","breadcrumb":{"@id":"https:\/\/lospoliticosveracruz.com\/?p=16246#breadcrumb"},"inLanguage":"es","potentialAction":[{"@type":"ReadAction","target":["https:\/\/lospoliticosveracruz.com\/?p=16246"]}]},{"@type":"ImageObject","inLanguage":"es","@id":"https:\/\/lospoliticosveracruz.com\/?p=16246#primaryimage","url":"http:\/\/www.lospoliticosveracruz.com.mx\/wp-content\/uploads\/2015\/05\/Carla-Renato-Adriana-300x150.jpg","contentUrl":"http:\/\/www.lospoliticosveracruz.com.mx\/wp-content\/uploads\/2015\/05\/Carla-Renato-Adriana-300x150.jpg"},{"@type":"BreadcrumbList","@id":"https:\/\/lospoliticosveracruz.com\/?p=16246#breadcrumb","itemListElement":[{"@type":"ListItem","position":1,"name":"Portada","item":"https:\/\/lospoliticosveracruz.com\/"},{"@type":"ListItem","position":2,"name":"Carla, Tronco, Adriana"}]},{"@type":"WebSite","@id":"https:\/\/lospoliticosveracruz.com\/#website","url":"https:\/\/lospoliticosveracruz.com\/","name":"Los pol\u00edticos Veracruz","description":"","publisher":{"@id":"https:\/\/lospoliticosveracruz.com\/#organization"},"potentialAction":[{"@type":"SearchAction","target":{"@type":"EntryPoint","urlTemplate":"https:\/\/lospoliticosveracruz.com\/?s={search_term_string}"},"query-input":{"@type":"PropertyValueSpecification","valueRequired":true,"valueName":"search_term_string"}}],"inLanguage":"es"},{"@type":"Organization","@id":"https:\/\/lospoliticosveracruz.com\/#organization","name":"Los pol\u00edticos Veracruz","url":"https:\/\/lospoliticosveracruz.com\/","logo":{"@type":"ImageObject","inLanguage":"es","@id":"https:\/\/lospoliticosveracruz.com\/#\/schema\/logo\/image\/","url":"https:\/\/lospoliticosveracruz.com\/wp-content\/uploads\/2025\/12\/Logo-Nuevo-LOS-POLITICOS-1.jpg","contentUrl":"https:\/\/lospoliticosveracruz.com\/wp-content\/uploads\/2025\/12\/Logo-Nuevo-LOS-POLITICOS-1.jpg","width":260,"height":70,"caption":"Los pol\u00edticos Veracruz"},"image":{"@id":"https:\/\/lospoliticosveracruz.com\/#\/schema\/logo\/image\/"},"sameAs":["https:\/\/www.facebook.com\/people\/Notimemes-de-los-Polticos\/61565672886568\/","https:\/\/x.com\/LosPoliticosVer"]},{"@type":"Person","@id":"https:\/\/lospoliticosveracruz.com\/#\/schema\/person\/b8702bb0e538456e6efd07080bf2a4a2","name":"Lo viste en Los Pol\u00edticos","image":{"@type":"ImageObject","inLanguage":"es","@id":"https:\/\/secure.gravatar.com\/avatar\/3a8de04a2656d44082be478bd6c086daa447c4651605818287b9532d3d0bd435?s=96&d=mm&r=g","url":"https:\/\/secure.gravatar.com\/avatar\/3a8de04a2656d44082be478bd6c086daa447c4651605818287b9532d3d0bd435?s=96&d=mm&r=g","contentUrl":"https:\/\/secure.gravatar.com\/avatar\/3a8de04a2656d44082be478bd6c086daa447c4651605818287b9532d3d0bd435?s=96&d=mm&r=g","caption":"Lo viste en Los Pol\u00edticos"},"url":"https:\/\/lospoliticosveracruz.com\/?author=2"}]}},"_links":{"self":[{"href":"https:\/\/lospoliticosveracruz.com\/index.php?rest_route=\/wp\/v2\/posts\/16246","targetHints":{"allow":["GET"]}}],"collection":[{"href":"https:\/\/lospoliticosveracruz.com\/index.php?rest_route=\/wp\/v2\/posts"}],"about":[{"href":"https:\/\/lospoliticosveracruz.com\/index.php?rest_route=\/wp\/v2\/types\/post"}],"author":[{"embeddable":true,"href":"https:\/\/lospoliticosveracruz.com\/index.php?rest_route=\/wp\/v2\/users\/2"}],"replies":[{"embeddable":true,"href":"https:\/\/lospoliticosveracruz.com\/index.php?rest_route=%2Fwp%2Fv2%2Fcomments&post=16246"}],"version-history":[{"count":1,"href":"https:\/\/lospoliticosveracruz.com\/index.php?rest_route=\/wp\/v2\/posts\/16246\/revisions"}],"predecessor-version":[{"id":16248,"href":"https:\/\/lospoliticosveracruz.com\/index.php?rest_route=\/wp\/v2\/posts\/16246\/revisions\/16248"}],"wp:attachment":[{"href":"https:\/\/lospoliticosveracruz.com\/index.php?rest_route=%2Fwp%2Fv2%2Fmedia&parent=16246"}],"wp:term":[{"taxonomy":"category","embeddable":true,"href":"https:\/\/lospoliticosveracruz.com\/index.php?rest_route=%2Fwp%2Fv2%2Fcategories&post=16246"},{"taxonomy":"post_tag","embeddable":true,"href":"https:\/\/lospoliticosveracruz.com\/index.php?rest_route=%2Fwp%2Fv2%2Ftags&post=16246"}],"curies":[{"name":"wp","href":"https:\/\/api.w.org\/{rel}","templated":true}]}}