{"id":16254,"date":"2015-05-21T20:21:19","date_gmt":"2015-05-22T01:21:19","guid":{"rendered":"http:\/\/www.lospoliticosveracruz.com.mx\/?p=16254"},"modified":"2015-05-21T20:21:19","modified_gmt":"2015-05-22T01:21:19","slug":"homicidios-secuestros-y-robo-de-autos","status":"publish","type":"post","link":"https:\/\/lospoliticosveracruz.com\/?p=16254","title":{"rendered":"Homicidios, secuestros y robo de autos"},"content":{"rendered":"<p><a href=\"http:\/\/www.lospoliticosveracruz.com.mx\/wp-content\/uploads\/2014\/10\/Seguridad.jpg\"><img loading=\"lazy\" decoding=\"async\" class=\"alignnone size-medium wp-image-10024\" src=\"http:\/\/www.lospoliticosveracruz.com.mx\/wp-content\/uploads\/2014\/10\/Seguridad-300x150.jpg\" alt=\"Seguridad\" width=\"300\" height=\"150\" \/><\/a><\/p>\n<p><strong>Luis Alberto Romero Herrera<\/strong><\/p>\n<p><em>Hora Cero<\/em><\/p>\n<p>En los \u00faltimos dos d\u00edas, dos pol\u00edticos veracruzanos de diferentes partidos y regiones de la entidad, han sido asesinados.<br \/>\nPor la ma\u00f1ana de este mi\u00e9rcoles 20, un comando armado termin\u00f3 con la vida de Luis Manuel Lara Mu\u00f1oz, quien fuera presidente del comit\u00e9 municipal del PRI en Tierra Blanca. En la carretera federal Veracruz-C\u00f3rdoba, los sicarios abrieron fuego contra el dirigente partidista, quien no sobrevivi\u00f3 al ataque.<br \/>\nApenas hab\u00edan pasado 12 horas, cuando en el municipio de Cuitl\u00e1huac, Ambrosio Borbonio Anne, ex alcalde de ese lugar, tambi\u00e9n fue privado de la vida. Un grupo de hombres armados le acert\u00f3 8 balazos que terminaron con los d\u00edas del ex edil, quien cenaba en un puesto de hamburguesas.<br \/>\nAnte estos \u00faltimos casos, diputados locales y federales del Partido Acci\u00f3n Nacional se apresuraron a exigir que se esclarezca el homicidio de Ambrosio Borbonio.<br \/>\nJuan Bueno Torio, legislador veracruzano en la c\u00e1mara baja del Congreso de la Uni\u00f3n, lament\u00f3 los niveles de inseguridad que prevalecen en Veracruz.<br \/>\nNo le falta raz\u00f3n; sin embargo, no deber\u00eda ser necesario que hechos como los anteriores, que hoy lamentan PRI y PAN, se registren en Veracruz para exigir mayores niveles de seguridad; desde enero hasta abril, la Fiscal\u00eda de Veracruz ha registrado 147 homicidios dolosos. Podr\u00edamos decir, incluso, que los periciales de la entidad se la pasan levantando cad\u00e1veres; el promedio es de 1.225 cada d\u00eda.<br \/>\nEn todo el pa\u00eds se han cometido, durante los primeros cuatro meses del a\u00f1o, 10 mil 688 homicidios: 5 mil 229 se califican como dolosos y de ellos, 2 mil 900 fueron con arma de fuego; en el \u00e1mbito nacional hay 354 secuestros en lo que va del a\u00f1o.<br \/>\nSi las cifras nacionales resultan escalofriantes, las que se registran en Veracruz no lo son en menor medida. En la entidad, durante el periodo de enero al mes de abril, van 308 homicidios; de ellos, 147 fueron dolosos, 54 de los cuales se cometieron con arma de fuego. En promedio, 36 asesinatos cada mes.<br \/>\nCada d\u00eda, un veracruzano es privado de la vida y cada mes se cometen 14 homicidios con arma de fuego. Hay 33 secuestros en los primeros cuatro meses del a\u00f1o, de acuerdo con datos que ofrece el secretariado ejecutivo del Sistema Nacional de Seguridad P\u00fablica, retomados de las indagatorias de la Fiscal\u00eda de Veracruz.<br \/>\nPor cierto, las estad\u00edsticas nos dicen que en las \u00faltimas dos d\u00e9cadas, los peores a\u00f1os para la entidad en cuanto al n\u00famero de homicidios dolosos son 2011, 2012 y 2013, que registran 890, 968 y 863 casos, respectivamente.<br \/>\nEl a\u00f1o pasado hubo s\u00f3lo 487 asesinatos, pero tambi\u00e9n se registraron 144 secuestros, casi uno cada dos d\u00edas; de igual manera, 255 extorsiones; mil 161 veh\u00edculos robados con violencia y m\u00e1s de 4 mil 200, sin violencia.<br \/>\nDurante el primer cuatrimestre de 2015 ya tenemos 147 homicidios dolosos, 33 secuestros y 431 robos de veh\u00edculos con violencia.<br \/>\nEn Veracruz, durante este a\u00f1o se han robado 17 autos cada d\u00eda, cifra que ya supera los 14 carros robados cada 24 horas durante 2014; datos oficiales.<br \/>\nCada uno de esos casos, homicidios y secuestros sobre todo, son suficiente motivo para llamar a la reflexi\u00f3n y para causar indignaci\u00f3n.<br \/>\nLa exigencia en torno al esclarecimiento del asesinato del ex alcalde de Cuitl\u00e1huac, por parte de los diputados panistas, es comprensible pero deber\u00eda extenderse a cada uno de los 308 asesinatos dolosos y 33 secuestros que se han registrado en Veracruz durante los primeros cuatro meses de a\u00f1o. @luisromero85<\/p>\n","protected":false},"excerpt":{"rendered":"<p>Luis Alberto Romero Herrera Hora Cero En los \u00faltimos dos d\u00edas, dos pol\u00edticos veracruzanos de diferentes partidos y regiones de la entidad, han sido asesinados. Por la ma\u00f1ana de este mi\u00e9rcoles 20, un comando armado termin\u00f3 con la vida de Luis Manuel Lara Mu\u00f1oz, quien fuera presidente del comit\u00e9 municipal del PRI en Tierra Blanca. [&hellip;]<\/p>\n","protected":false},"author":2,"featured_media":0,"comment_status":"open","ping_status":"open","sticky":false,"template":"","format":"standard","meta":{"tdm_status":"","tdm_grid_status":"","footnotes":""},"categories":[70],"tags":[2730,503,2728,2729,504],"class_list":{"0":"post-16254","1":"post","2":"type-post","3":"status-publish","4":"format-standard","6":"category-de-opinion","7":"tag-cuitlahuac","8":"tag-homicidios","9":"tag-luis-alberto-romero-herrera","10":"tag-robo-de-autos","11":"tag-secuestros"},"yoast_head":"<!-- This site is optimized with the Yoast SEO plugin v27.4 - https:\/\/yoast.com\/product\/yoast-seo-wordpress\/ -->\n<title>Homicidios, secuestros y robo de autos - Los pol\u00edticos Veracruz<\/title>\n<meta name=\"robots\" content=\"index, follow, max-snippet:-1, max-image-preview:large, max-video-preview:-1\" \/>\n<link rel=\"canonical\" href=\"https:\/\/lospoliticosveracruz.com\/?p=16254\" \/>\n<meta property=\"og:locale\" content=\"es_ES\" \/>\n<meta property=\"og:type\" content=\"article\" \/>\n<meta property=\"og:title\" content=\"Homicidios, secuestros y robo de autos - Los pol\u00edticos Veracruz\" \/>\n<meta property=\"og:description\" content=\"Luis Alberto Romero Herrera Hora Cero En los \u00faltimos dos d\u00edas, dos pol\u00edticos veracruzanos de diferentes partidos y regiones de la entidad, han sido asesinados. Por la ma\u00f1ana de este mi\u00e9rcoles 20, un comando armado termin\u00f3 con la vida de Luis Manuel Lara Mu\u00f1oz, quien fuera presidente del comit\u00e9 municipal del PRI en Tierra Blanca. [&hellip;]\" \/>\n<meta property=\"og:url\" content=\"https:\/\/lospoliticosveracruz.com\/?p=16254\" \/>\n<meta property=\"og:site_name\" content=\"Los pol\u00edticos Veracruz\" \/>\n<meta property=\"article:publisher\" content=\"https:\/\/www.facebook.com\/people\/Notimemes-de-los-Polticos\/61565672886568\/\" \/>\n<meta property=\"article:published_time\" content=\"2015-05-22T01:21:19+00:00\" \/>\n<meta property=\"og:image\" content=\"http:\/\/www.lospoliticosveracruz.com.mx\/wp-content\/uploads\/2014\/10\/Seguridad-300x150.jpg\" \/>\n<meta name=\"author\" content=\"Lo viste en Los Pol\u00edticos\" \/>\n<meta name=\"twitter:card\" content=\"summary_large_image\" \/>\n<meta name=\"twitter:creator\" content=\"@LosPoliticosVer\" \/>\n<meta name=\"twitter:site\" content=\"@LosPoliticosVer\" \/>\n<meta name=\"twitter:label1\" content=\"Escrito por\" \/>\n\t<meta name=\"twitter:data1\" content=\"Lo viste en Los Pol\u00edticos\" \/>\n\t<meta name=\"twitter:label2\" content=\"Tiempo de lectura\" \/>\n\t<meta name=\"twitter:data2\" content=\"3 minutos\" \/>\n<script type=\"application\/ld+json\" class=\"yoast-schema-graph\">{\"@context\":\"https:\\\/\\\/schema.org\",\"@graph\":[{\"@type\":\"Article\",\"@id\":\"https:\\\/\\\/lospoliticosveracruz.com\\\/?p=16254#article\",\"isPartOf\":{\"@id\":\"https:\\\/\\\/lospoliticosveracruz.com\\\/?p=16254\"},\"author\":{\"name\":\"Lo viste en Los Pol\u00edticos\",\"@id\":\"https:\\\/\\\/lospoliticosveracruz.com\\\/#\\\/schema\\\/person\\\/b8702bb0e538456e6efd07080bf2a4a2\"},\"headline\":\"Homicidios, secuestros y robo de autos\",\"datePublished\":\"2015-05-22T01:21:19+00:00\",\"mainEntityOfPage\":{\"@id\":\"https:\\\/\\\/lospoliticosveracruz.com\\\/?p=16254\"},\"wordCount\":594,\"commentCount\":0,\"publisher\":{\"@id\":\"https:\\\/\\\/lospoliticosveracruz.com\\\/#organization\"},\"image\":{\"@id\":\"https:\\\/\\\/lospoliticosveracruz.com\\\/?p=16254#primaryimage\"},\"thumbnailUrl\":\"http:\\\/\\\/www.lospoliticosveracruz.com.mx\\\/wp-content\\\/uploads\\\/2014\\\/10\\\/Seguridad-300x150.jpg\",\"keywords\":[\"Cuitl\u00e1huac\",\"homicidios\",\"Luis Alberto Romero Herrera\",\"robo de autos\",\"secuestros\"],\"articleSection\":[\"De Opini\u00f3n\"],\"inLanguage\":\"es\",\"potentialAction\":[{\"@type\":\"CommentAction\",\"name\":\"Comment\",\"target\":[\"https:\\\/\\\/lospoliticosveracruz.com\\\/?p=16254#respond\"]}]},{\"@type\":\"WebPage\",\"@id\":\"https:\\\/\\\/lospoliticosveracruz.com\\\/?p=16254\",\"url\":\"https:\\\/\\\/lospoliticosveracruz.com\\\/?p=16254\",\"name\":\"Homicidios, secuestros y robo de autos - Los pol\u00edticos Veracruz\",\"isPartOf\":{\"@id\":\"https:\\\/\\\/lospoliticosveracruz.com\\\/#website\"},\"primaryImageOfPage\":{\"@id\":\"https:\\\/\\\/lospoliticosveracruz.com\\\/?p=16254#primaryimage\"},\"image\":{\"@id\":\"https:\\\/\\\/lospoliticosveracruz.com\\\/?p=16254#primaryimage\"},\"thumbnailUrl\":\"http:\\\/\\\/www.lospoliticosveracruz.com.mx\\\/wp-content\\\/uploads\\\/2014\\\/10\\\/Seguridad-300x150.jpg\",\"datePublished\":\"2015-05-22T01:21:19+00:00\",\"breadcrumb\":{\"@id\":\"https:\\\/\\\/lospoliticosveracruz.com\\\/?p=16254#breadcrumb\"},\"inLanguage\":\"es\",\"potentialAction\":[{\"@type\":\"ReadAction\",\"target\":[\"https:\\\/\\\/lospoliticosveracruz.com\\\/?p=16254\"]}]},{\"@type\":\"ImageObject\",\"inLanguage\":\"es\",\"@id\":\"https:\\\/\\\/lospoliticosveracruz.com\\\/?p=16254#primaryimage\",\"url\":\"http:\\\/\\\/www.lospoliticosveracruz.com.mx\\\/wp-content\\\/uploads\\\/2014\\\/10\\\/Seguridad-300x150.jpg\",\"contentUrl\":\"http:\\\/\\\/www.lospoliticosveracruz.com.mx\\\/wp-content\\\/uploads\\\/2014\\\/10\\\/Seguridad-300x150.jpg\"},{\"@type\":\"BreadcrumbList\",\"@id\":\"https:\\\/\\\/lospoliticosveracruz.com\\\/?p=16254#breadcrumb\",\"itemListElement\":[{\"@type\":\"ListItem\",\"position\":1,\"name\":\"Portada\",\"item\":\"https:\\\/\\\/lospoliticosveracruz.com\\\/\"},{\"@type\":\"ListItem\",\"position\":2,\"name\":\"Homicidios, secuestros y robo de autos\"}]},{\"@type\":\"WebSite\",\"@id\":\"https:\\\/\\\/lospoliticosveracruz.com\\\/#website\",\"url\":\"https:\\\/\\\/lospoliticosveracruz.com\\\/\",\"name\":\"Los pol\u00edticos Veracruz\",\"description\":\"\",\"publisher\":{\"@id\":\"https:\\\/\\\/lospoliticosveracruz.com\\\/#organization\"},\"potentialAction\":[{\"@type\":\"SearchAction\",\"target\":{\"@type\":\"EntryPoint\",\"urlTemplate\":\"https:\\\/\\\/lospoliticosveracruz.com\\\/?s={search_term_string}\"},\"query-input\":{\"@type\":\"PropertyValueSpecification\",\"valueRequired\":true,\"valueName\":\"search_term_string\"}}],\"inLanguage\":\"es\"},{\"@type\":\"Organization\",\"@id\":\"https:\\\/\\\/lospoliticosveracruz.com\\\/#organization\",\"name\":\"Los pol\u00edticos Veracruz\",\"url\":\"https:\\\/\\\/lospoliticosveracruz.com\\\/\",\"logo\":{\"@type\":\"ImageObject\",\"inLanguage\":\"es\",\"@id\":\"https:\\\/\\\/lospoliticosveracruz.com\\\/#\\\/schema\\\/logo\\\/image\\\/\",\"url\":\"https:\\\/\\\/lospoliticosveracruz.com\\\/wp-content\\\/uploads\\\/2025\\\/12\\\/Logo-Nuevo-LOS-POLITICOS-1.jpg\",\"contentUrl\":\"https:\\\/\\\/lospoliticosveracruz.com\\\/wp-content\\\/uploads\\\/2025\\\/12\\\/Logo-Nuevo-LOS-POLITICOS-1.jpg\",\"width\":260,\"height\":70,\"caption\":\"Los pol\u00edticos Veracruz\"},\"image\":{\"@id\":\"https:\\\/\\\/lospoliticosveracruz.com\\\/#\\\/schema\\\/logo\\\/image\\\/\"},\"sameAs\":[\"https:\\\/\\\/www.facebook.com\\\/people\\\/Notimemes-de-los-Polticos\\\/61565672886568\\\/\",\"https:\\\/\\\/x.com\\\/LosPoliticosVer\"]},{\"@type\":\"Person\",\"@id\":\"https:\\\/\\\/lospoliticosveracruz.com\\\/#\\\/schema\\\/person\\\/b8702bb0e538456e6efd07080bf2a4a2\",\"name\":\"Lo viste en Los Pol\u00edticos\",\"image\":{\"@type\":\"ImageObject\",\"inLanguage\":\"es\",\"@id\":\"https:\\\/\\\/secure.gravatar.com\\\/avatar\\\/3a8de04a2656d44082be478bd6c086daa447c4651605818287b9532d3d0bd435?s=96&d=mm&r=g\",\"url\":\"https:\\\/\\\/secure.gravatar.com\\\/avatar\\\/3a8de04a2656d44082be478bd6c086daa447c4651605818287b9532d3d0bd435?s=96&d=mm&r=g\",\"contentUrl\":\"https:\\\/\\\/secure.gravatar.com\\\/avatar\\\/3a8de04a2656d44082be478bd6c086daa447c4651605818287b9532d3d0bd435?s=96&d=mm&r=g\",\"caption\":\"Lo viste en Los Pol\u00edticos\"},\"url\":\"https:\\\/\\\/lospoliticosveracruz.com\\\/?author=2\"}]}<\/script>\n<!-- \/ Yoast SEO plugin. -->","yoast_head_json":{"title":"Homicidios, secuestros y robo de autos - Los pol\u00edticos Veracruz","robots":{"index":"index","follow":"follow","max-snippet":"max-snippet:-1","max-image-preview":"max-image-preview:large","max-video-preview":"max-video-preview:-1"},"canonical":"https:\/\/lospoliticosveracruz.com\/?p=16254","og_locale":"es_ES","og_type":"article","og_title":"Homicidios, secuestros y robo de autos - Los pol\u00edticos Veracruz","og_description":"Luis Alberto Romero Herrera Hora Cero En los \u00faltimos dos d\u00edas, dos pol\u00edticos veracruzanos de diferentes partidos y regiones de la entidad, han sido asesinados. Por la ma\u00f1ana de este mi\u00e9rcoles 20, un comando armado termin\u00f3 con la vida de Luis Manuel Lara Mu\u00f1oz, quien fuera presidente del comit\u00e9 municipal del PRI en Tierra Blanca. [&hellip;]","og_url":"https:\/\/lospoliticosveracruz.com\/?p=16254","og_site_name":"Los pol\u00edticos Veracruz","article_publisher":"https:\/\/www.facebook.com\/people\/Notimemes-de-los-Polticos\/61565672886568\/","article_published_time":"2015-05-22T01:21:19+00:00","og_image":[{"url":"http:\/\/www.lospoliticosveracruz.com.mx\/wp-content\/uploads\/2014\/10\/Seguridad-300x150.jpg","type":"","width":"","height":""}],"author":"Lo viste en Los Pol\u00edticos","twitter_card":"summary_large_image","twitter_creator":"@LosPoliticosVer","twitter_site":"@LosPoliticosVer","twitter_misc":{"Escrito por":"Lo viste en Los Pol\u00edticos","Tiempo de lectura":"3 minutos"},"schema":{"@context":"https:\/\/schema.org","@graph":[{"@type":"Article","@id":"https:\/\/lospoliticosveracruz.com\/?p=16254#article","isPartOf":{"@id":"https:\/\/lospoliticosveracruz.com\/?p=16254"},"author":{"name":"Lo viste en Los Pol\u00edticos","@id":"https:\/\/lospoliticosveracruz.com\/#\/schema\/person\/b8702bb0e538456e6efd07080bf2a4a2"},"headline":"Homicidios, secuestros y robo de autos","datePublished":"2015-05-22T01:21:19+00:00","mainEntityOfPage":{"@id":"https:\/\/lospoliticosveracruz.com\/?p=16254"},"wordCount":594,"commentCount":0,"publisher":{"@id":"https:\/\/lospoliticosveracruz.com\/#organization"},"image":{"@id":"https:\/\/lospoliticosveracruz.com\/?p=16254#primaryimage"},"thumbnailUrl":"http:\/\/www.lospoliticosveracruz.com.mx\/wp-content\/uploads\/2014\/10\/Seguridad-300x150.jpg","keywords":["Cuitl\u00e1huac","homicidios","Luis Alberto Romero Herrera","robo de autos","secuestros"],"articleSection":["De Opini\u00f3n"],"inLanguage":"es","potentialAction":[{"@type":"CommentAction","name":"Comment","target":["https:\/\/lospoliticosveracruz.com\/?p=16254#respond"]}]},{"@type":"WebPage","@id":"https:\/\/lospoliticosveracruz.com\/?p=16254","url":"https:\/\/lospoliticosveracruz.com\/?p=16254","name":"Homicidios, secuestros y robo de autos - Los pol\u00edticos Veracruz","isPartOf":{"@id":"https:\/\/lospoliticosveracruz.com\/#website"},"primaryImageOfPage":{"@id":"https:\/\/lospoliticosveracruz.com\/?p=16254#primaryimage"},"image":{"@id":"https:\/\/lospoliticosveracruz.com\/?p=16254#primaryimage"},"thumbnailUrl":"http:\/\/www.lospoliticosveracruz.com.mx\/wp-content\/uploads\/2014\/10\/Seguridad-300x150.jpg","datePublished":"2015-05-22T01:21:19+00:00","breadcrumb":{"@id":"https:\/\/lospoliticosveracruz.com\/?p=16254#breadcrumb"},"inLanguage":"es","potentialAction":[{"@type":"ReadAction","target":["https:\/\/lospoliticosveracruz.com\/?p=16254"]}]},{"@type":"ImageObject","inLanguage":"es","@id":"https:\/\/lospoliticosveracruz.com\/?p=16254#primaryimage","url":"http:\/\/www.lospoliticosveracruz.com.mx\/wp-content\/uploads\/2014\/10\/Seguridad-300x150.jpg","contentUrl":"http:\/\/www.lospoliticosveracruz.com.mx\/wp-content\/uploads\/2014\/10\/Seguridad-300x150.jpg"},{"@type":"BreadcrumbList","@id":"https:\/\/lospoliticosveracruz.com\/?p=16254#breadcrumb","itemListElement":[{"@type":"ListItem","position":1,"name":"Portada","item":"https:\/\/lospoliticosveracruz.com\/"},{"@type":"ListItem","position":2,"name":"Homicidios, secuestros y robo de autos"}]},{"@type":"WebSite","@id":"https:\/\/lospoliticosveracruz.com\/#website","url":"https:\/\/lospoliticosveracruz.com\/","name":"Los pol\u00edticos Veracruz","description":"","publisher":{"@id":"https:\/\/lospoliticosveracruz.com\/#organization"},"potentialAction":[{"@type":"SearchAction","target":{"@type":"EntryPoint","urlTemplate":"https:\/\/lospoliticosveracruz.com\/?s={search_term_string}"},"query-input":{"@type":"PropertyValueSpecification","valueRequired":true,"valueName":"search_term_string"}}],"inLanguage":"es"},{"@type":"Organization","@id":"https:\/\/lospoliticosveracruz.com\/#organization","name":"Los pol\u00edticos Veracruz","url":"https:\/\/lospoliticosveracruz.com\/","logo":{"@type":"ImageObject","inLanguage":"es","@id":"https:\/\/lospoliticosveracruz.com\/#\/schema\/logo\/image\/","url":"https:\/\/lospoliticosveracruz.com\/wp-content\/uploads\/2025\/12\/Logo-Nuevo-LOS-POLITICOS-1.jpg","contentUrl":"https:\/\/lospoliticosveracruz.com\/wp-content\/uploads\/2025\/12\/Logo-Nuevo-LOS-POLITICOS-1.jpg","width":260,"height":70,"caption":"Los pol\u00edticos Veracruz"},"image":{"@id":"https:\/\/lospoliticosveracruz.com\/#\/schema\/logo\/image\/"},"sameAs":["https:\/\/www.facebook.com\/people\/Notimemes-de-los-Polticos\/61565672886568\/","https:\/\/x.com\/LosPoliticosVer"]},{"@type":"Person","@id":"https:\/\/lospoliticosveracruz.com\/#\/schema\/person\/b8702bb0e538456e6efd07080bf2a4a2","name":"Lo viste en Los Pol\u00edticos","image":{"@type":"ImageObject","inLanguage":"es","@id":"https:\/\/secure.gravatar.com\/avatar\/3a8de04a2656d44082be478bd6c086daa447c4651605818287b9532d3d0bd435?s=96&d=mm&r=g","url":"https:\/\/secure.gravatar.com\/avatar\/3a8de04a2656d44082be478bd6c086daa447c4651605818287b9532d3d0bd435?s=96&d=mm&r=g","contentUrl":"https:\/\/secure.gravatar.com\/avatar\/3a8de04a2656d44082be478bd6c086daa447c4651605818287b9532d3d0bd435?s=96&d=mm&r=g","caption":"Lo viste en Los Pol\u00edticos"},"url":"https:\/\/lospoliticosveracruz.com\/?author=2"}]}},"_links":{"self":[{"href":"https:\/\/lospoliticosveracruz.com\/index.php?rest_route=\/wp\/v2\/posts\/16254","targetHints":{"allow":["GET"]}}],"collection":[{"href":"https:\/\/lospoliticosveracruz.com\/index.php?rest_route=\/wp\/v2\/posts"}],"about":[{"href":"https:\/\/lospoliticosveracruz.com\/index.php?rest_route=\/wp\/v2\/types\/post"}],"author":[{"embeddable":true,"href":"https:\/\/lospoliticosveracruz.com\/index.php?rest_route=\/wp\/v2\/users\/2"}],"replies":[{"embeddable":true,"href":"https:\/\/lospoliticosveracruz.com\/index.php?rest_route=%2Fwp%2Fv2%2Fcomments&post=16254"}],"version-history":[{"count":1,"href":"https:\/\/lospoliticosveracruz.com\/index.php?rest_route=\/wp\/v2\/posts\/16254\/revisions"}],"predecessor-version":[{"id":16255,"href":"https:\/\/lospoliticosveracruz.com\/index.php?rest_route=\/wp\/v2\/posts\/16254\/revisions\/16255"}],"wp:attachment":[{"href":"https:\/\/lospoliticosveracruz.com\/index.php?rest_route=%2Fwp%2Fv2%2Fmedia&parent=16254"}],"wp:term":[{"taxonomy":"category","embeddable":true,"href":"https:\/\/lospoliticosveracruz.com\/index.php?rest_route=%2Fwp%2Fv2%2Fcategories&post=16254"},{"taxonomy":"post_tag","embeddable":true,"href":"https:\/\/lospoliticosveracruz.com\/index.php?rest_route=%2Fwp%2Fv2%2Ftags&post=16254"}],"curies":[{"name":"wp","href":"https:\/\/api.w.org\/{rel}","templated":true}]}}