{"id":16259,"date":"2015-05-21T22:24:10","date_gmt":"2015-05-22T03:24:10","guid":{"rendered":"http:\/\/www.lospoliticosveracruz.com.mx\/?p=16259"},"modified":"2015-05-21T22:24:10","modified_gmt":"2015-05-22T03:24:10","slug":"lo-atraparon","status":"publish","type":"post","link":"https:\/\/lospoliticosveracruz.com\/?p=16259","title":{"rendered":"\u00a1Lo atraparon!"},"content":{"rendered":"<p><a href=\"http:\/\/www.lospoliticosveracruz.com.mx\/wp-content\/uploads\/2015\/05\/Miedo.jpg\"><img loading=\"lazy\" decoding=\"async\" class=\"alignnone size-medium wp-image-16260\" src=\"http:\/\/www.lospoliticosveracruz.com.mx\/wp-content\/uploads\/2015\/05\/Miedo-300x219.jpg\" alt=\"Miedo\" width=\"300\" height=\"219\" \/><\/a><br \/>\n<strong>Salvador Mu\u00f1oz<\/strong><\/p>\n<p><em>Los Pol\u00edticos<\/em><\/p>\n<p>Gafas oscuras. Gorra. Caminar lento. Volteando constantemente. Por supuesto que si una dama viene de frente y me ve, cruza al otro lado de la calle. Me veo \u201cmuy sospechoso\u201d. Ya no s\u00e9 si alcanza a ver el lerdo caminar de mi Harry, agobiado por los calores a flor de piso y si no lo ve, lo entiendo\u2026 a veces hasta en las mismas sombras se camuflajea.<br \/>\nCaminar lento. He dado dos vueltas a la manzana y ese muchacho se ha mantenido en la misma cuadra. Se sienta de un lado a otro. Me le quedo viendo fijamente y su mirada se encuentra con la m\u00eda. No la sostiene. Camina hacia la avenida y yo atravieso por las cocheras rumbo a casa\u2026 pero sin perderlo de vista. Es otra ma\u00f1ana en Jardines de Xalapa.<br \/>\nII<br \/>\nCon grandes esfuerzos baja un garraf\u00f3n de la parte trasera de su auto. La saludo agitando la mano como habitualmente lo hago pero no responde. Le digo que si gusta, la ayudo a cargar el garraf\u00f3n y me responde con un seco \u201cYo puedo sola\u201d.<br \/>\nMe encojo de hombros y le silbo a Harry. Entonces, la se\u00f1ora se dirige a m\u00ed con el mismo tono, seco, cortante:<br \/>\n\u2013\u00bfUsted vive aqu\u00ed?<br \/>\n\u2013S\u00ed\u2026<br \/>\n\u2013\u00bfEn d\u00f3nde?<br \/>\nNo entiendo el interrogatorio, pero no responder ser\u00eda grosero.<br \/>\n\u2013All\u00e1 enfrente, en el tercer piso. Justo donde est\u00e1 esa moto.<br \/>\nVoltea hacia donde le se\u00f1alo y sin responder nada, toma el garraf\u00f3n y haciendo juegos malabares, pujando, se lo lleva.<br \/>\nLe platico a la Mujer la an\u00e9cdota\u2026 \u201cpor acomedido\u201d&#8230; doble rega\u00f1o.<br \/>\nIII<br \/>\nSon cerca de las 23 horas. Estamos platicando las \u00faltimas de la noche. Cuando gritos y m\u00e1s gritos nos alertan. Tratamos de ubicar el origen de \u00e9stos y al asomarnos a la ventana, vemos que no somos los \u00fanicos. Varias ventanas asoman a curiosos.<br \/>\n\u2013\u00a1Baja a ver qu\u00e9 ocurri\u00f3!\u2013 me dice la Mujer&#8230;<br \/>\n\u2013\u00bfPara qu\u00e9?\u2013 le respondo desde la comodidad de mi ventana<br \/>\n\u2013\u00a1Baja!<br \/>\nEntonces sopeso: Conflicto en la calle o conflicto en la casa\u2026 por supuesto: \u00a1Baj\u00e9 corriendo!<br \/>\nYa estaba all\u00ed el vecino cubano, el que ense\u00f1a defensa personal a los otros cond\u00f3minos, conminando a la paz.<br \/>\n\u2013\u00bfQu\u00e9 ocurre, pariente?\u2013 le pregunto. Me dice que agarraron a un joven los otros vecinos. Lo vieron sospechoso y que ha habido varios atracos, incluso, se quejan de que los esp\u00edan por las ventanillas del ba\u00f1o de los departamentos del primer piso. Veo a una se\u00f1ora que grita\u2026 es la vecina de \u201cmi interrogatorio ma\u00f1anero\u201d. Alcanzo a escuchar que un tipo con gorra, lentes y chamarra le sac\u00f3 una pistola. Entonces entiendo su desconfianza. Un se\u00f1or, muy encabronado, dice que hace rondines a la u\u00f1a de la ma\u00f1ana \u00a1\u00e9l solo! Todo mundo habla, todo mundo grita, todo mundo reclama\u2026 \u00bfd\u00f3nde est\u00e1 la polic\u00eda? \u00a1no hacen rondines! El cubano y yo decimos que s\u00ed, que s\u00ed hay vigilancia, dos polic\u00edas a pie est\u00e1n desde la ma\u00f1ana hasta las 11 de la noche\u2026 pero los vecinos est\u00e1n muy molestos\u2026 no entienden razones. El cubano mejor se retira.<br \/>\nIV<br \/>\nVeo al muchacho que detuvieron. Est\u00e1 sentado junto a un estacionamiento rodeado de todos sus inquisidores. Es el mismo joven que vi en la ma\u00f1ana en actitud sospechosa. Lo reconozco por la camisa as\u00ed como por su corte de cabello y f\u00edsico. No emite palabra alguna ante el barullo. Una patrulla de Seguridad P\u00fablica se hace presente y empieza a tomar datos.<br \/>\n\u00bfQui\u00e9n es el joven? Un conflicto con su pareja lo llev\u00f3 a la separaci\u00f3n\u2026 Las razones por las que hac\u00eda la ronda las desconozco pero las imagino\u2026 extra\u00f1aba a su mujer\u2026 o quiz\u00e1s algo m\u00e1s: Una se\u00f1ora, arriba de 50 a\u00f1os, acaricia su cabeza con ternura y a la vez con cara de angustia, misma que se dibuja entre las penumbras de esa cochera. El joven envuelve entre sus brazos a alguien. No\u2026 no es a su pareja. Tiene entre sus brazos a una ni\u00f1a. Sus brazos se mueven por la carita de la ni\u00f1a, por los bracitos de la ni\u00f1a, con una devoci\u00f3n que nadie percibe, que nadie siente, que nadie comprende\u2026 \u00e9l no dice nada. Creo que vali\u00f3 la pena su acecho de todo un d\u00eda. Ten\u00eda entre sus brazos lo que m\u00e1s quer\u00eda. Es otra noche en Jardines de Xalapa.<\/p>\n<p>smcainito@gmail.com<\/p>\n","protected":false},"excerpt":{"rendered":"<p>Salvador Mu\u00f1oz Los Pol\u00edticos Gafas oscuras. Gorra. Caminar lento. Volteando constantemente. Por supuesto que si una dama viene de frente y me ve, cruza al otro lado de la calle. Me veo \u201cmuy sospechoso\u201d. Ya no s\u00e9 si alcanza a ver el lerdo caminar de mi Harry, agobiado por los calores a flor de piso [&hellip;]<\/p>\n","protected":false},"author":2,"featured_media":0,"comment_status":"open","ping_status":"open","sticky":false,"template":"","format":"standard","meta":{"tdm_status":"","tdm_grid_status":"","footnotes":""},"categories":[70],"tags":[196,2536,2646],"class_list":{"0":"post-16259","1":"post","2":"type-post","3":"status-publish","4":"format-standard","6":"category-de-opinion","7":"tag-inseguridad","8":"tag-jardines-de-xalapa","9":"tag-salvador-munoz"},"yoast_head":"<!-- This site is optimized with the Yoast SEO plugin v27.4 - https:\/\/yoast.com\/product\/yoast-seo-wordpress\/ -->\n<title>\u00a1Lo atraparon! - Los pol\u00edticos Veracruz<\/title>\n<meta name=\"robots\" content=\"index, follow, max-snippet:-1, max-image-preview:large, max-video-preview:-1\" \/>\n<link rel=\"canonical\" href=\"https:\/\/lospoliticosveracruz.com\/?p=16259\" \/>\n<meta property=\"og:locale\" content=\"es_ES\" \/>\n<meta property=\"og:type\" content=\"article\" \/>\n<meta property=\"og:title\" content=\"\u00a1Lo atraparon! - Los pol\u00edticos Veracruz\" \/>\n<meta property=\"og:description\" content=\"Salvador Mu\u00f1oz Los Pol\u00edticos Gafas oscuras. Gorra. Caminar lento. Volteando constantemente. Por supuesto que si una dama viene de frente y me ve, cruza al otro lado de la calle. Me veo \u201cmuy sospechoso\u201d. Ya no s\u00e9 si alcanza a ver el lerdo caminar de mi Harry, agobiado por los calores a flor de piso [&hellip;]\" \/>\n<meta property=\"og:url\" content=\"https:\/\/lospoliticosveracruz.com\/?p=16259\" \/>\n<meta property=\"og:site_name\" content=\"Los pol\u00edticos Veracruz\" \/>\n<meta property=\"article:publisher\" content=\"https:\/\/www.facebook.com\/people\/Notimemes-de-los-Polticos\/61565672886568\/\" \/>\n<meta property=\"article:published_time\" content=\"2015-05-22T03:24:10+00:00\" \/>\n<meta property=\"og:image\" content=\"http:\/\/www.lospoliticosveracruz.com.mx\/wp-content\/uploads\/2015\/05\/Miedo-300x219.jpg\" \/>\n<meta name=\"author\" content=\"Lo viste en Los Pol\u00edticos\" \/>\n<meta name=\"twitter:card\" content=\"summary_large_image\" \/>\n<meta name=\"twitter:creator\" content=\"@LosPoliticosVer\" \/>\n<meta name=\"twitter:site\" content=\"@LosPoliticosVer\" \/>\n<meta name=\"twitter:label1\" content=\"Escrito por\" \/>\n\t<meta name=\"twitter:data1\" content=\"Lo viste en Los Pol\u00edticos\" \/>\n\t<meta name=\"twitter:label2\" content=\"Tiempo de lectura\" \/>\n\t<meta name=\"twitter:data2\" content=\"4 minutos\" \/>\n<script type=\"application\/ld+json\" class=\"yoast-schema-graph\">{\"@context\":\"https:\\\/\\\/schema.org\",\"@graph\":[{\"@type\":\"Article\",\"@id\":\"https:\\\/\\\/lospoliticosveracruz.com\\\/?p=16259#article\",\"isPartOf\":{\"@id\":\"https:\\\/\\\/lospoliticosveracruz.com\\\/?p=16259\"},\"author\":{\"name\":\"Lo viste en Los Pol\u00edticos\",\"@id\":\"https:\\\/\\\/lospoliticosveracruz.com\\\/#\\\/schema\\\/person\\\/b8702bb0e538456e6efd07080bf2a4a2\"},\"headline\":\"\u00a1Lo atraparon!\",\"datePublished\":\"2015-05-22T03:24:10+00:00\",\"mainEntityOfPage\":{\"@id\":\"https:\\\/\\\/lospoliticosveracruz.com\\\/?p=16259\"},\"wordCount\":763,\"commentCount\":0,\"publisher\":{\"@id\":\"https:\\\/\\\/lospoliticosveracruz.com\\\/#organization\"},\"image\":{\"@id\":\"https:\\\/\\\/lospoliticosveracruz.com\\\/?p=16259#primaryimage\"},\"thumbnailUrl\":\"http:\\\/\\\/www.lospoliticosveracruz.com.mx\\\/wp-content\\\/uploads\\\/2015\\\/05\\\/Miedo-300x219.jpg\",\"keywords\":[\"inseguridad\",\"Jardines de Xalapa\",\"Salvador Mu\u00f1oz\"],\"articleSection\":[\"De Opini\u00f3n\"],\"inLanguage\":\"es\",\"potentialAction\":[{\"@type\":\"CommentAction\",\"name\":\"Comment\",\"target\":[\"https:\\\/\\\/lospoliticosveracruz.com\\\/?p=16259#respond\"]}]},{\"@type\":\"WebPage\",\"@id\":\"https:\\\/\\\/lospoliticosveracruz.com\\\/?p=16259\",\"url\":\"https:\\\/\\\/lospoliticosveracruz.com\\\/?p=16259\",\"name\":\"\u00a1Lo atraparon! - Los pol\u00edticos Veracruz\",\"isPartOf\":{\"@id\":\"https:\\\/\\\/lospoliticosveracruz.com\\\/#website\"},\"primaryImageOfPage\":{\"@id\":\"https:\\\/\\\/lospoliticosveracruz.com\\\/?p=16259#primaryimage\"},\"image\":{\"@id\":\"https:\\\/\\\/lospoliticosveracruz.com\\\/?p=16259#primaryimage\"},\"thumbnailUrl\":\"http:\\\/\\\/www.lospoliticosveracruz.com.mx\\\/wp-content\\\/uploads\\\/2015\\\/05\\\/Miedo-300x219.jpg\",\"datePublished\":\"2015-05-22T03:24:10+00:00\",\"breadcrumb\":{\"@id\":\"https:\\\/\\\/lospoliticosveracruz.com\\\/?p=16259#breadcrumb\"},\"inLanguage\":\"es\",\"potentialAction\":[{\"@type\":\"ReadAction\",\"target\":[\"https:\\\/\\\/lospoliticosveracruz.com\\\/?p=16259\"]}]},{\"@type\":\"ImageObject\",\"inLanguage\":\"es\",\"@id\":\"https:\\\/\\\/lospoliticosveracruz.com\\\/?p=16259#primaryimage\",\"url\":\"http:\\\/\\\/www.lospoliticosveracruz.com.mx\\\/wp-content\\\/uploads\\\/2015\\\/05\\\/Miedo-300x219.jpg\",\"contentUrl\":\"http:\\\/\\\/www.lospoliticosveracruz.com.mx\\\/wp-content\\\/uploads\\\/2015\\\/05\\\/Miedo-300x219.jpg\"},{\"@type\":\"BreadcrumbList\",\"@id\":\"https:\\\/\\\/lospoliticosveracruz.com\\\/?p=16259#breadcrumb\",\"itemListElement\":[{\"@type\":\"ListItem\",\"position\":1,\"name\":\"Portada\",\"item\":\"https:\\\/\\\/lospoliticosveracruz.com\\\/\"},{\"@type\":\"ListItem\",\"position\":2,\"name\":\"\u00a1Lo atraparon!\"}]},{\"@type\":\"WebSite\",\"@id\":\"https:\\\/\\\/lospoliticosveracruz.com\\\/#website\",\"url\":\"https:\\\/\\\/lospoliticosveracruz.com\\\/\",\"name\":\"Los pol\u00edticos Veracruz\",\"description\":\"\",\"publisher\":{\"@id\":\"https:\\\/\\\/lospoliticosveracruz.com\\\/#organization\"},\"potentialAction\":[{\"@type\":\"SearchAction\",\"target\":{\"@type\":\"EntryPoint\",\"urlTemplate\":\"https:\\\/\\\/lospoliticosveracruz.com\\\/?s={search_term_string}\"},\"query-input\":{\"@type\":\"PropertyValueSpecification\",\"valueRequired\":true,\"valueName\":\"search_term_string\"}}],\"inLanguage\":\"es\"},{\"@type\":\"Organization\",\"@id\":\"https:\\\/\\\/lospoliticosveracruz.com\\\/#organization\",\"name\":\"Los pol\u00edticos Veracruz\",\"url\":\"https:\\\/\\\/lospoliticosveracruz.com\\\/\",\"logo\":{\"@type\":\"ImageObject\",\"inLanguage\":\"es\",\"@id\":\"https:\\\/\\\/lospoliticosveracruz.com\\\/#\\\/schema\\\/logo\\\/image\\\/\",\"url\":\"https:\\\/\\\/lospoliticosveracruz.com\\\/wp-content\\\/uploads\\\/2025\\\/12\\\/Logo-Nuevo-LOS-POLITICOS-1.jpg\",\"contentUrl\":\"https:\\\/\\\/lospoliticosveracruz.com\\\/wp-content\\\/uploads\\\/2025\\\/12\\\/Logo-Nuevo-LOS-POLITICOS-1.jpg\",\"width\":260,\"height\":70,\"caption\":\"Los pol\u00edticos Veracruz\"},\"image\":{\"@id\":\"https:\\\/\\\/lospoliticosveracruz.com\\\/#\\\/schema\\\/logo\\\/image\\\/\"},\"sameAs\":[\"https:\\\/\\\/www.facebook.com\\\/people\\\/Notimemes-de-los-Polticos\\\/61565672886568\\\/\",\"https:\\\/\\\/x.com\\\/LosPoliticosVer\"]},{\"@type\":\"Person\",\"@id\":\"https:\\\/\\\/lospoliticosveracruz.com\\\/#\\\/schema\\\/person\\\/b8702bb0e538456e6efd07080bf2a4a2\",\"name\":\"Lo viste en Los Pol\u00edticos\",\"image\":{\"@type\":\"ImageObject\",\"inLanguage\":\"es\",\"@id\":\"https:\\\/\\\/secure.gravatar.com\\\/avatar\\\/3a8de04a2656d44082be478bd6c086daa447c4651605818287b9532d3d0bd435?s=96&d=mm&r=g\",\"url\":\"https:\\\/\\\/secure.gravatar.com\\\/avatar\\\/3a8de04a2656d44082be478bd6c086daa447c4651605818287b9532d3d0bd435?s=96&d=mm&r=g\",\"contentUrl\":\"https:\\\/\\\/secure.gravatar.com\\\/avatar\\\/3a8de04a2656d44082be478bd6c086daa447c4651605818287b9532d3d0bd435?s=96&d=mm&r=g\",\"caption\":\"Lo viste en Los Pol\u00edticos\"},\"url\":\"https:\\\/\\\/lospoliticosveracruz.com\\\/?author=2\"}]}<\/script>\n<!-- \/ Yoast SEO plugin. -->","yoast_head_json":{"title":"\u00a1Lo atraparon! - Los pol\u00edticos Veracruz","robots":{"index":"index","follow":"follow","max-snippet":"max-snippet:-1","max-image-preview":"max-image-preview:large","max-video-preview":"max-video-preview:-1"},"canonical":"https:\/\/lospoliticosveracruz.com\/?p=16259","og_locale":"es_ES","og_type":"article","og_title":"\u00a1Lo atraparon! - Los pol\u00edticos Veracruz","og_description":"Salvador Mu\u00f1oz Los Pol\u00edticos Gafas oscuras. Gorra. Caminar lento. Volteando constantemente. Por supuesto que si una dama viene de frente y me ve, cruza al otro lado de la calle. Me veo \u201cmuy sospechoso\u201d. Ya no s\u00e9 si alcanza a ver el lerdo caminar de mi Harry, agobiado por los calores a flor de piso [&hellip;]","og_url":"https:\/\/lospoliticosveracruz.com\/?p=16259","og_site_name":"Los pol\u00edticos Veracruz","article_publisher":"https:\/\/www.facebook.com\/people\/Notimemes-de-los-Polticos\/61565672886568\/","article_published_time":"2015-05-22T03:24:10+00:00","og_image":[{"url":"http:\/\/www.lospoliticosveracruz.com.mx\/wp-content\/uploads\/2015\/05\/Miedo-300x219.jpg","type":"","width":"","height":""}],"author":"Lo viste en Los Pol\u00edticos","twitter_card":"summary_large_image","twitter_creator":"@LosPoliticosVer","twitter_site":"@LosPoliticosVer","twitter_misc":{"Escrito por":"Lo viste en Los Pol\u00edticos","Tiempo de lectura":"4 minutos"},"schema":{"@context":"https:\/\/schema.org","@graph":[{"@type":"Article","@id":"https:\/\/lospoliticosveracruz.com\/?p=16259#article","isPartOf":{"@id":"https:\/\/lospoliticosveracruz.com\/?p=16259"},"author":{"name":"Lo viste en Los Pol\u00edticos","@id":"https:\/\/lospoliticosveracruz.com\/#\/schema\/person\/b8702bb0e538456e6efd07080bf2a4a2"},"headline":"\u00a1Lo atraparon!","datePublished":"2015-05-22T03:24:10+00:00","mainEntityOfPage":{"@id":"https:\/\/lospoliticosveracruz.com\/?p=16259"},"wordCount":763,"commentCount":0,"publisher":{"@id":"https:\/\/lospoliticosveracruz.com\/#organization"},"image":{"@id":"https:\/\/lospoliticosveracruz.com\/?p=16259#primaryimage"},"thumbnailUrl":"http:\/\/www.lospoliticosveracruz.com.mx\/wp-content\/uploads\/2015\/05\/Miedo-300x219.jpg","keywords":["inseguridad","Jardines de Xalapa","Salvador Mu\u00f1oz"],"articleSection":["De Opini\u00f3n"],"inLanguage":"es","potentialAction":[{"@type":"CommentAction","name":"Comment","target":["https:\/\/lospoliticosveracruz.com\/?p=16259#respond"]}]},{"@type":"WebPage","@id":"https:\/\/lospoliticosveracruz.com\/?p=16259","url":"https:\/\/lospoliticosveracruz.com\/?p=16259","name":"\u00a1Lo atraparon! - Los pol\u00edticos Veracruz","isPartOf":{"@id":"https:\/\/lospoliticosveracruz.com\/#website"},"primaryImageOfPage":{"@id":"https:\/\/lospoliticosveracruz.com\/?p=16259#primaryimage"},"image":{"@id":"https:\/\/lospoliticosveracruz.com\/?p=16259#primaryimage"},"thumbnailUrl":"http:\/\/www.lospoliticosveracruz.com.mx\/wp-content\/uploads\/2015\/05\/Miedo-300x219.jpg","datePublished":"2015-05-22T03:24:10+00:00","breadcrumb":{"@id":"https:\/\/lospoliticosveracruz.com\/?p=16259#breadcrumb"},"inLanguage":"es","potentialAction":[{"@type":"ReadAction","target":["https:\/\/lospoliticosveracruz.com\/?p=16259"]}]},{"@type":"ImageObject","inLanguage":"es","@id":"https:\/\/lospoliticosveracruz.com\/?p=16259#primaryimage","url":"http:\/\/www.lospoliticosveracruz.com.mx\/wp-content\/uploads\/2015\/05\/Miedo-300x219.jpg","contentUrl":"http:\/\/www.lospoliticosveracruz.com.mx\/wp-content\/uploads\/2015\/05\/Miedo-300x219.jpg"},{"@type":"BreadcrumbList","@id":"https:\/\/lospoliticosveracruz.com\/?p=16259#breadcrumb","itemListElement":[{"@type":"ListItem","position":1,"name":"Portada","item":"https:\/\/lospoliticosveracruz.com\/"},{"@type":"ListItem","position":2,"name":"\u00a1Lo atraparon!"}]},{"@type":"WebSite","@id":"https:\/\/lospoliticosveracruz.com\/#website","url":"https:\/\/lospoliticosveracruz.com\/","name":"Los pol\u00edticos Veracruz","description":"","publisher":{"@id":"https:\/\/lospoliticosveracruz.com\/#organization"},"potentialAction":[{"@type":"SearchAction","target":{"@type":"EntryPoint","urlTemplate":"https:\/\/lospoliticosveracruz.com\/?s={search_term_string}"},"query-input":{"@type":"PropertyValueSpecification","valueRequired":true,"valueName":"search_term_string"}}],"inLanguage":"es"},{"@type":"Organization","@id":"https:\/\/lospoliticosveracruz.com\/#organization","name":"Los pol\u00edticos Veracruz","url":"https:\/\/lospoliticosveracruz.com\/","logo":{"@type":"ImageObject","inLanguage":"es","@id":"https:\/\/lospoliticosveracruz.com\/#\/schema\/logo\/image\/","url":"https:\/\/lospoliticosveracruz.com\/wp-content\/uploads\/2025\/12\/Logo-Nuevo-LOS-POLITICOS-1.jpg","contentUrl":"https:\/\/lospoliticosveracruz.com\/wp-content\/uploads\/2025\/12\/Logo-Nuevo-LOS-POLITICOS-1.jpg","width":260,"height":70,"caption":"Los pol\u00edticos Veracruz"},"image":{"@id":"https:\/\/lospoliticosveracruz.com\/#\/schema\/logo\/image\/"},"sameAs":["https:\/\/www.facebook.com\/people\/Notimemes-de-los-Polticos\/61565672886568\/","https:\/\/x.com\/LosPoliticosVer"]},{"@type":"Person","@id":"https:\/\/lospoliticosveracruz.com\/#\/schema\/person\/b8702bb0e538456e6efd07080bf2a4a2","name":"Lo viste en Los Pol\u00edticos","image":{"@type":"ImageObject","inLanguage":"es","@id":"https:\/\/secure.gravatar.com\/avatar\/3a8de04a2656d44082be478bd6c086daa447c4651605818287b9532d3d0bd435?s=96&d=mm&r=g","url":"https:\/\/secure.gravatar.com\/avatar\/3a8de04a2656d44082be478bd6c086daa447c4651605818287b9532d3d0bd435?s=96&d=mm&r=g","contentUrl":"https:\/\/secure.gravatar.com\/avatar\/3a8de04a2656d44082be478bd6c086daa447c4651605818287b9532d3d0bd435?s=96&d=mm&r=g","caption":"Lo viste en Los Pol\u00edticos"},"url":"https:\/\/lospoliticosveracruz.com\/?author=2"}]}},"_links":{"self":[{"href":"https:\/\/lospoliticosveracruz.com\/index.php?rest_route=\/wp\/v2\/posts\/16259","targetHints":{"allow":["GET"]}}],"collection":[{"href":"https:\/\/lospoliticosveracruz.com\/index.php?rest_route=\/wp\/v2\/posts"}],"about":[{"href":"https:\/\/lospoliticosveracruz.com\/index.php?rest_route=\/wp\/v2\/types\/post"}],"author":[{"embeddable":true,"href":"https:\/\/lospoliticosveracruz.com\/index.php?rest_route=\/wp\/v2\/users\/2"}],"replies":[{"embeddable":true,"href":"https:\/\/lospoliticosveracruz.com\/index.php?rest_route=%2Fwp%2Fv2%2Fcomments&post=16259"}],"version-history":[{"count":1,"href":"https:\/\/lospoliticosveracruz.com\/index.php?rest_route=\/wp\/v2\/posts\/16259\/revisions"}],"predecessor-version":[{"id":16261,"href":"https:\/\/lospoliticosveracruz.com\/index.php?rest_route=\/wp\/v2\/posts\/16259\/revisions\/16261"}],"wp:attachment":[{"href":"https:\/\/lospoliticosveracruz.com\/index.php?rest_route=%2Fwp%2Fv2%2Fmedia&parent=16259"}],"wp:term":[{"taxonomy":"category","embeddable":true,"href":"https:\/\/lospoliticosveracruz.com\/index.php?rest_route=%2Fwp%2Fv2%2Fcategories&post=16259"},{"taxonomy":"post_tag","embeddable":true,"href":"https:\/\/lospoliticosveracruz.com\/index.php?rest_route=%2Fwp%2Fv2%2Ftags&post=16259"}],"curies":[{"name":"wp","href":"https:\/\/api.w.org\/{rel}","templated":true}]}}