{"id":16262,"date":"2015-05-22T09:59:25","date_gmt":"2015-05-22T14:59:25","guid":{"rendered":"http:\/\/www.lospoliticosveracruz.com.mx\/?p=16262"},"modified":"2015-05-22T09:59:25","modified_gmt":"2015-05-22T14:59:25","slug":"el-momento-de-hector-yunes","status":"publish","type":"post","link":"https:\/\/lospoliticosveracruz.com\/?p=16262","title":{"rendered":"El momento de H\u00e9ctor Yunes"},"content":{"rendered":"<p><a href=\"http:\/\/www.lospoliticosveracruz.com.mx\/wp-content\/uploads\/2015\/05\/H\u00e9ctor-Yunes-2.jpg\"><img loading=\"lazy\" decoding=\"async\" class=\"alignnone size-medium wp-image-16263\" src=\"http:\/\/www.lospoliticosveracruz.com.mx\/wp-content\/uploads\/2015\/05\/H\u00e9ctor-Yunes-2-300x225.jpg\" alt=\"H\u00e9ctor Yunes 2\" width=\"300\" height=\"225\" \/><\/a> <a href=\"http:\/\/www.lospoliticosveracruz.com.mx\/wp-content\/uploads\/2015\/05\/H\u00e9ctor-Yunes.jpg\"><img loading=\"lazy\" decoding=\"async\" class=\"alignnone size-medium wp-image-16264\" src=\"http:\/\/www.lospoliticosveracruz.com.mx\/wp-content\/uploads\/2015\/05\/H\u00e9ctor-Yunes-300x225.jpg\" alt=\"H\u00e9ctor Yunes\" width=\"300\" height=\"225\" \/><\/a><br \/>\n<strong>Brenda Caballero<\/strong><br \/>\nN\u00fameros Rojos<\/p>\n<p>\u00bfPodr\u00edan levantar la mano los que est\u00e9n de acuerdo con la gubernatura de dos a\u00f1os? Fueron las palabras del senador H\u00e9ctor Yunes Landa ante los miembros de la Asociaci\u00f3n de Periodistas del Estado de Veracruz (APEVER).<br \/>\nRealmente fue extra\u00f1o que \u00e9l empezara con las preguntas, puesto que siempre \u00e9stas las hacen los periodistas, pero as\u00ed fue, incluso adelant\u00f3 sus felicitaciones por el d\u00eda de la Libertad de Expresi\u00f3n, ya que el \u201cmero d\u00eda\u201d todos iban a estar ocupados con las elecciones del 7 de junio.<br \/>\nTal vez por esa raz\u00f3n mencion\u00f3 que el pasado mi\u00e9rcoles invit\u00f3 a comer a 127 periodistas de la zona conurbada Veracruz-Boca del R\u00edo a los que tambi\u00e9n realiz\u00f3 la misma pregunta de la gubernatura de dos a\u00f1os. Aqu\u00ed, uno solo estuvo a favor, por lo que quedaron 126 a 1, \u00bfEs el AMLO del grupo? Se escuch\u00f3 la broma. Por la gubernatura de 5 a\u00f1os, nadie vot\u00f3 y 126, por la de seis.<br \/>\nY realmente H\u00e9ctor Yunes tiene raz\u00f3n: \u201c\u00e9se es el tema\u201d y cuantim\u00e1s estando en \u00e9poca electoral. De los miembros de la APEVER hubo dos votos a favor de la de dos, mientras que la mayor\u00eda votamos por la de seis. Pero \u00bfrealmente se puede echar para atr\u00e1s la gubernatura de dos a\u00f1os cuando han votado a favor 45 diputados del Congreso Local y 165 Ayuntamientos?<br \/>\nPara H\u00e9ctor Yunes a\u00fan hay tiempo de sacar una contra-reforma a la Constituci\u00f3n Local, previo a una determinaci\u00f3n de inconstitucionalidad por parte de la Suprema Corte, ya que a ning\u00fan estado le conviene dos a\u00f1os, pues los funcionarios en el primer a\u00f1o tendr\u00edan que aprender y en el segundo ya van de salida, \u201ceso si no nos toca un gobernador de lento aprenedizaje\u201d, pero afirma: \u201cSi la gubernatura fuera de dos tambi\u00e9n le voy a entrar\u201d.<br \/>\n\u201cSiempre he estado en la adversidad\u201d, afirm\u00f3, aunque no espera pasarse dos a\u00f1os en terapia intensiva con el paciente (en referencia a los problemas que aquejan al estado de Veracruz).<br \/>\nLe acerca el mesero el plato, pide su picada sin chorizo, \u00bfser\u00e1 que a\u00fan conserva la dieta de su intervenci\u00f3n quir\u00fargica? Puede ser, aunque presume los kilos que ha bajado y que constantemente se hace chequeos y toma medicamentos homeop\u00e1ticos.<br \/>\nCon respecto a su trabajo legislativo, afirma que a pesar que algunos le mencionan que tiene varias faltas en el Senado, \u00e9l no falta al cumplimiento de su responsabilidad como senador de la Rep\u00fablica, incluso ahora que estuvo en Jap\u00f3n, en la Cumbre Mundial fue por temas de su comisi\u00f3n de Protecci\u00f3n Civil y fue el \u00fanico senador mexicano de los 50 que asistieron de todo el mundo, aunque adelanta y confirma que en enero pedir\u00e1 licencia.<br \/>\nActualmente afirma estar solicitando algunas reformas a varias leyes para formalizar la obligaci\u00f3n de la polic\u00eda federal para acompa\u00f1ar en todos los casos a los veh\u00edculos que trasladen material peligroso o radiactivo de su lugar de origen a su destino, pues ya se hizo constante el robo de veh\u00edculos; asimismo, present\u00f3 otra con respecto a las tarifas de peajes ya que en Veracruz est\u00e1n cobrando m\u00e1s caro que en resto del pa\u00eds. Adem\u00e1s, hay carreteras que da p\u00e1nico transitarlas como la de P\u00e1nuco o la de la Tinaja, siendo \u00e9sta una de las m\u00e1s peligrosas. Algunas otras cobran m\u00e1s como la de Amozoc-Perote, en la que se paga 10 pesos m\u00e1s o algunas otras que no cumplen las especificaciones como Perote-Banderilla, libramiento Xalapa, que cobra como una carretera de cuatro carriles.<br \/>\nH\u00e9ctor habl\u00f3 de la Ley Anticorrupci\u00f3n que ya fue aprobada y que deber\u00e1 reflejarse como espejo en todos los estados del pa\u00eds, ya que responde a la demanda de la gente para que desaparezcan \u201clos porcentajes de comisi\u00f3n\u201d \u2011el diezmo, la quincea\u00f1era, el ventilador y hasta la cuarentena\u2011 que s\u00f3lo provocan la mala calidad de la obra p\u00fablica. Aunque ac\u00e1 debe quedar claro que aparte del funcionario corrupto que sea castigado, tambi\u00e9n lo ser\u00e1 el de la iniciativa privada.<br \/>\nY mientras hablaba de la corrupci\u00f3n, no pudo evitar mencionar una frase de manicure pol\u00edtico de su discurso m\u00e1s severo \u201cQu\u00e9 se corten las u\u00f1as los pol\u00edticos ratas\u201d.<br \/>\nMientras escucha y contesta la serie de preguntas, Yunes Landa toma lentamente su capuchino, bromea, se le ve de buen humor, platica que hasta sale en la primera plana de Notiver donde es bendecido por el obispo.<br \/>\nAfirma no haber cambiado su discurso, tener el mismo ritmo, aunque trata de tener cierta precauci\u00f3n para no afectar a los candidatos de su partido que actualmente andan en campa\u00f1a.<br \/>\nCon respecto a su relaci\u00f3n con Pepe Yunes, afirma acordar con \u00e9l una vez a la semana, incluso lleva su hoja de acuerdos; se sientan, hablan hasta tres horas mientras se toman un caf\u00e9 en el Emporio. \u201cNunca nos hemos parado de un manotazo o de jeta\u2026 Si Pepe es el candidato estar\u00eda con Pepe, con nadie m\u00e1s\u201d y concluy\u00f3: \u201cNo hay posibilidad de que el candidato del PRI sea otro que los dos senadores del PRI\u201d, desde luego descartando ac\u00e1 cualquier otro colado o nombrado con anterioridad.<br \/>\nCon Miguel \u00c1ngel Yunes nuestra relaci\u00f3n es \u201cde un gran respeto\u201d, incluso afirma, se frecuentan y que su saludo es de beso como primos hermanos. Desde luego que al senador no le importa que digan las malas lenguas que se est\u00e1 dando un beso con un hombre.<br \/>\nAclara que si resultara gobernador electo, tiene a la fecha un nombre para su gabinete: Octavio Legarreta, aunque estar\u00e1n incluidos los que le apoyan con su proyecto.<br \/>\nTranquilo, mesurado, H\u00e9ctor segu\u00eda en la pl\u00e1tica, aunque la an\u00e9cdota que m\u00e1s llam\u00f3 mi atenci\u00f3n fue la que cont\u00f3 cuando en d\u00edas pasados asisti\u00f3 a un evento del presidente Enrique Pe\u00f1a Nieto en donde por motivos de vuelo, lleg\u00f3 retrasado. Desde luego que ya no lo dejaban entrar hasta que un miembro del Estado Mayor Presidencial se dirigi\u00f3 a \u00e9l pregunt\u00e1ndole si era el senador H\u00e9ctor Yunes, al afirmar, el miembro del EMP le dec\u00eda que ten\u00eda instrucciones de subirlo a pres\u00eddium en cuanto llegase. Aunque H\u00e9ctor insisti\u00f3 que ya hab\u00eda empezado el evento, fue conducido de acuerdo a la instrucci\u00f3n; sin embargo, como el lugar del senador era a dos personas del presidente, ya estaba ocupado, entonces lo sentaron en la segunda fila, que por coincidencia era la de los gobernadores. Dos minutos despu\u00e9s, toma la palabra Pe\u00f1a Nieto y lo cita.<br \/>\nTermina el evento y Pe\u00f1a saluda a los presentes, entre ellos al senador, motivo por el que aprovecha H\u00e9ctor Yunes para preguntar al presidente: \u201c\u00bfDebo entender como un mensaje subliminal que me haya usted puesto en la fila de los gobernadores?\u201d El presidente suelta la carcajada y le responde \u201c\u00bfQu\u00e9 no piensas en otra cosa?\u201d, a lo que Yunes Landa revira con un No y el Ejecutivo le dijo: \u201cHaces muy bien, traes muy buenos momentos\u201d.<br \/>\nLuego entonces, el 2016 \u00bfser\u00e1 momento de H\u00e9ctor Yunes?<\/p>\n<p>Email:caballero_brenda@hotmail.com<\/p>\n","protected":false},"excerpt":{"rendered":"<p>Brenda Caballero N\u00fameros Rojos \u00bfPodr\u00edan levantar la mano los que est\u00e9n de acuerdo con la gubernatura de dos a\u00f1os? Fueron las palabras del senador H\u00e9ctor Yunes Landa ante los miembros de la Asociaci\u00f3n de Periodistas del Estado de Veracruz (APEVER). Realmente fue extra\u00f1o que \u00e9l empezara con las preguntas, puesto que siempre \u00e9stas las hacen [&hellip;]<\/p>\n","protected":false},"author":2,"featured_media":0,"comment_status":"open","ping_status":"open","sticky":false,"template":"","format":"standard","meta":{"tdm_status":"","tdm_grid_status":"","footnotes":""},"categories":[70],"tags":[2687,119],"class_list":{"0":"post-16262","1":"post","2":"type-post","3":"status-publish","4":"format-standard","6":"category-de-opinion","7":"tag-brenda-caballero","8":"tag-hector-yunes"},"yoast_head":"<!-- This site is optimized with the Yoast SEO plugin v27.4 - https:\/\/yoast.com\/product\/yoast-seo-wordpress\/ -->\n<title>El momento de H\u00e9ctor Yunes - Los pol\u00edticos Veracruz<\/title>\n<meta name=\"robots\" content=\"index, follow, max-snippet:-1, max-image-preview:large, max-video-preview:-1\" \/>\n<link rel=\"canonical\" href=\"https:\/\/lospoliticosveracruz.com\/?p=16262\" \/>\n<meta property=\"og:locale\" content=\"es_ES\" \/>\n<meta property=\"og:type\" content=\"article\" \/>\n<meta property=\"og:title\" content=\"El momento de H\u00e9ctor Yunes - Los pol\u00edticos Veracruz\" \/>\n<meta property=\"og:description\" content=\"Brenda Caballero N\u00fameros Rojos \u00bfPodr\u00edan levantar la mano los que est\u00e9n de acuerdo con la gubernatura de dos a\u00f1os? Fueron las palabras del senador H\u00e9ctor Yunes Landa ante los miembros de la Asociaci\u00f3n de Periodistas del Estado de Veracruz (APEVER). Realmente fue extra\u00f1o que \u00e9l empezara con las preguntas, puesto que siempre \u00e9stas las hacen [&hellip;]\" \/>\n<meta property=\"og:url\" content=\"https:\/\/lospoliticosveracruz.com\/?p=16262\" \/>\n<meta property=\"og:site_name\" content=\"Los pol\u00edticos Veracruz\" \/>\n<meta property=\"article:publisher\" content=\"https:\/\/www.facebook.com\/people\/Notimemes-de-los-Polticos\/61565672886568\/\" \/>\n<meta property=\"article:published_time\" content=\"2015-05-22T14:59:25+00:00\" \/>\n<meta property=\"og:image\" content=\"https:\/\/lospoliticosveracruz.com\/wp-content\/uploads\/2016\/07\/Logo-Dor.jpg\" \/>\n\t<meta property=\"og:image:width\" content=\"200\" \/>\n\t<meta property=\"og:image:height\" content=\"200\" \/>\n\t<meta property=\"og:image:type\" content=\"image\/jpeg\" \/>\n<meta name=\"author\" content=\"Lo viste en Los Pol\u00edticos\" \/>\n<meta name=\"twitter:card\" content=\"summary_large_image\" \/>\n<meta name=\"twitter:creator\" content=\"@LosPoliticosVer\" \/>\n<meta name=\"twitter:site\" content=\"@LosPoliticosVer\" \/>\n<meta name=\"twitter:label1\" content=\"Escrito por\" \/>\n\t<meta name=\"twitter:data1\" content=\"Lo viste en Los Pol\u00edticos\" \/>\n\t<meta name=\"twitter:label2\" content=\"Tiempo de lectura\" \/>\n\t<meta name=\"twitter:data2\" content=\"6 minutos\" \/>\n<script type=\"application\/ld+json\" class=\"yoast-schema-graph\">{\"@context\":\"https:\\\/\\\/schema.org\",\"@graph\":[{\"@type\":\"Article\",\"@id\":\"https:\\\/\\\/lospoliticosveracruz.com\\\/?p=16262#article\",\"isPartOf\":{\"@id\":\"https:\\\/\\\/lospoliticosveracruz.com\\\/?p=16262\"},\"author\":{\"name\":\"Lo viste en Los Pol\u00edticos\",\"@id\":\"https:\\\/\\\/lospoliticosveracruz.com\\\/#\\\/schema\\\/person\\\/b8702bb0e538456e6efd07080bf2a4a2\"},\"headline\":\"El momento de H\u00e9ctor Yunes\",\"datePublished\":\"2015-05-22T14:59:25+00:00\",\"mainEntityOfPage\":{\"@id\":\"https:\\\/\\\/lospoliticosveracruz.com\\\/?p=16262\"},\"wordCount\":1240,\"commentCount\":0,\"publisher\":{\"@id\":\"https:\\\/\\\/lospoliticosveracruz.com\\\/#organization\"},\"keywords\":[\"Brenda Caballero\",\"H\u00e9ctor Yunes\"],\"articleSection\":[\"De Opini\u00f3n\"],\"inLanguage\":\"es\",\"potentialAction\":[{\"@type\":\"CommentAction\",\"name\":\"Comment\",\"target\":[\"https:\\\/\\\/lospoliticosveracruz.com\\\/?p=16262#respond\"]}]},{\"@type\":\"WebPage\",\"@id\":\"https:\\\/\\\/lospoliticosveracruz.com\\\/?p=16262\",\"url\":\"https:\\\/\\\/lospoliticosveracruz.com\\\/?p=16262\",\"name\":\"El momento de H\u00e9ctor Yunes - Los pol\u00edticos Veracruz\",\"isPartOf\":{\"@id\":\"https:\\\/\\\/lospoliticosveracruz.com\\\/#website\"},\"datePublished\":\"2015-05-22T14:59:25+00:00\",\"breadcrumb\":{\"@id\":\"https:\\\/\\\/lospoliticosveracruz.com\\\/?p=16262#breadcrumb\"},\"inLanguage\":\"es\",\"potentialAction\":[{\"@type\":\"ReadAction\",\"target\":[\"https:\\\/\\\/lospoliticosveracruz.com\\\/?p=16262\"]}]},{\"@type\":\"BreadcrumbList\",\"@id\":\"https:\\\/\\\/lospoliticosveracruz.com\\\/?p=16262#breadcrumb\",\"itemListElement\":[{\"@type\":\"ListItem\",\"position\":1,\"name\":\"Portada\",\"item\":\"https:\\\/\\\/lospoliticosveracruz.com\\\/\"},{\"@type\":\"ListItem\",\"position\":2,\"name\":\"El momento de H\u00e9ctor Yunes\"}]},{\"@type\":\"WebSite\",\"@id\":\"https:\\\/\\\/lospoliticosveracruz.com\\\/#website\",\"url\":\"https:\\\/\\\/lospoliticosveracruz.com\\\/\",\"name\":\"Los pol\u00edticos Veracruz\",\"description\":\"\",\"publisher\":{\"@id\":\"https:\\\/\\\/lospoliticosveracruz.com\\\/#organization\"},\"potentialAction\":[{\"@type\":\"SearchAction\",\"target\":{\"@type\":\"EntryPoint\",\"urlTemplate\":\"https:\\\/\\\/lospoliticosveracruz.com\\\/?s={search_term_string}\"},\"query-input\":{\"@type\":\"PropertyValueSpecification\",\"valueRequired\":true,\"valueName\":\"search_term_string\"}}],\"inLanguage\":\"es\"},{\"@type\":\"Organization\",\"@id\":\"https:\\\/\\\/lospoliticosveracruz.com\\\/#organization\",\"name\":\"Los pol\u00edticos Veracruz\",\"url\":\"https:\\\/\\\/lospoliticosveracruz.com\\\/\",\"logo\":{\"@type\":\"ImageObject\",\"inLanguage\":\"es\",\"@id\":\"https:\\\/\\\/lospoliticosveracruz.com\\\/#\\\/schema\\\/logo\\\/image\\\/\",\"url\":\"https:\\\/\\\/lospoliticosveracruz.com\\\/wp-content\\\/uploads\\\/2025\\\/12\\\/Logo-Nuevo-LOS-POLITICOS-1.jpg\",\"contentUrl\":\"https:\\\/\\\/lospoliticosveracruz.com\\\/wp-content\\\/uploads\\\/2025\\\/12\\\/Logo-Nuevo-LOS-POLITICOS-1.jpg\",\"width\":260,\"height\":70,\"caption\":\"Los pol\u00edticos Veracruz\"},\"image\":{\"@id\":\"https:\\\/\\\/lospoliticosveracruz.com\\\/#\\\/schema\\\/logo\\\/image\\\/\"},\"sameAs\":[\"https:\\\/\\\/www.facebook.com\\\/people\\\/Notimemes-de-los-Polticos\\\/61565672886568\\\/\",\"https:\\\/\\\/x.com\\\/LosPoliticosVer\"]},{\"@type\":\"Person\",\"@id\":\"https:\\\/\\\/lospoliticosveracruz.com\\\/#\\\/schema\\\/person\\\/b8702bb0e538456e6efd07080bf2a4a2\",\"name\":\"Lo viste en Los Pol\u00edticos\",\"image\":{\"@type\":\"ImageObject\",\"inLanguage\":\"es\",\"@id\":\"https:\\\/\\\/secure.gravatar.com\\\/avatar\\\/3a8de04a2656d44082be478bd6c086daa447c4651605818287b9532d3d0bd435?s=96&d=mm&r=g\",\"url\":\"https:\\\/\\\/secure.gravatar.com\\\/avatar\\\/3a8de04a2656d44082be478bd6c086daa447c4651605818287b9532d3d0bd435?s=96&d=mm&r=g\",\"contentUrl\":\"https:\\\/\\\/secure.gravatar.com\\\/avatar\\\/3a8de04a2656d44082be478bd6c086daa447c4651605818287b9532d3d0bd435?s=96&d=mm&r=g\",\"caption\":\"Lo viste en Los Pol\u00edticos\"},\"url\":\"https:\\\/\\\/lospoliticosveracruz.com\\\/?author=2\"}]}<\/script>\n<!-- \/ Yoast SEO plugin. -->","yoast_head_json":{"title":"El momento de H\u00e9ctor Yunes - Los pol\u00edticos Veracruz","robots":{"index":"index","follow":"follow","max-snippet":"max-snippet:-1","max-image-preview":"max-image-preview:large","max-video-preview":"max-video-preview:-1"},"canonical":"https:\/\/lospoliticosveracruz.com\/?p=16262","og_locale":"es_ES","og_type":"article","og_title":"El momento de H\u00e9ctor Yunes - Los pol\u00edticos Veracruz","og_description":"Brenda Caballero N\u00fameros Rojos \u00bfPodr\u00edan levantar la mano los que est\u00e9n de acuerdo con la gubernatura de dos a\u00f1os? Fueron las palabras del senador H\u00e9ctor Yunes Landa ante los miembros de la Asociaci\u00f3n de Periodistas del Estado de Veracruz (APEVER). Realmente fue extra\u00f1o que \u00e9l empezara con las preguntas, puesto que siempre \u00e9stas las hacen [&hellip;]","og_url":"https:\/\/lospoliticosveracruz.com\/?p=16262","og_site_name":"Los pol\u00edticos Veracruz","article_publisher":"https:\/\/www.facebook.com\/people\/Notimemes-de-los-Polticos\/61565672886568\/","article_published_time":"2015-05-22T14:59:25+00:00","og_image":[{"width":200,"height":200,"url":"https:\/\/lospoliticosveracruz.com\/wp-content\/uploads\/2016\/07\/Logo-Dor.jpg","type":"image\/jpeg"}],"author":"Lo viste en Los Pol\u00edticos","twitter_card":"summary_large_image","twitter_creator":"@LosPoliticosVer","twitter_site":"@LosPoliticosVer","twitter_misc":{"Escrito por":"Lo viste en Los Pol\u00edticos","Tiempo de lectura":"6 minutos"},"schema":{"@context":"https:\/\/schema.org","@graph":[{"@type":"Article","@id":"https:\/\/lospoliticosveracruz.com\/?p=16262#article","isPartOf":{"@id":"https:\/\/lospoliticosveracruz.com\/?p=16262"},"author":{"name":"Lo viste en Los Pol\u00edticos","@id":"https:\/\/lospoliticosveracruz.com\/#\/schema\/person\/b8702bb0e538456e6efd07080bf2a4a2"},"headline":"El momento de H\u00e9ctor Yunes","datePublished":"2015-05-22T14:59:25+00:00","mainEntityOfPage":{"@id":"https:\/\/lospoliticosveracruz.com\/?p=16262"},"wordCount":1240,"commentCount":0,"publisher":{"@id":"https:\/\/lospoliticosveracruz.com\/#organization"},"keywords":["Brenda Caballero","H\u00e9ctor Yunes"],"articleSection":["De Opini\u00f3n"],"inLanguage":"es","potentialAction":[{"@type":"CommentAction","name":"Comment","target":["https:\/\/lospoliticosveracruz.com\/?p=16262#respond"]}]},{"@type":"WebPage","@id":"https:\/\/lospoliticosveracruz.com\/?p=16262","url":"https:\/\/lospoliticosveracruz.com\/?p=16262","name":"El momento de H\u00e9ctor Yunes - Los pol\u00edticos Veracruz","isPartOf":{"@id":"https:\/\/lospoliticosveracruz.com\/#website"},"datePublished":"2015-05-22T14:59:25+00:00","breadcrumb":{"@id":"https:\/\/lospoliticosveracruz.com\/?p=16262#breadcrumb"},"inLanguage":"es","potentialAction":[{"@type":"ReadAction","target":["https:\/\/lospoliticosveracruz.com\/?p=16262"]}]},{"@type":"BreadcrumbList","@id":"https:\/\/lospoliticosveracruz.com\/?p=16262#breadcrumb","itemListElement":[{"@type":"ListItem","position":1,"name":"Portada","item":"https:\/\/lospoliticosveracruz.com\/"},{"@type":"ListItem","position":2,"name":"El momento de H\u00e9ctor Yunes"}]},{"@type":"WebSite","@id":"https:\/\/lospoliticosveracruz.com\/#website","url":"https:\/\/lospoliticosveracruz.com\/","name":"Los pol\u00edticos Veracruz","description":"","publisher":{"@id":"https:\/\/lospoliticosveracruz.com\/#organization"},"potentialAction":[{"@type":"SearchAction","target":{"@type":"EntryPoint","urlTemplate":"https:\/\/lospoliticosveracruz.com\/?s={search_term_string}"},"query-input":{"@type":"PropertyValueSpecification","valueRequired":true,"valueName":"search_term_string"}}],"inLanguage":"es"},{"@type":"Organization","@id":"https:\/\/lospoliticosveracruz.com\/#organization","name":"Los pol\u00edticos Veracruz","url":"https:\/\/lospoliticosveracruz.com\/","logo":{"@type":"ImageObject","inLanguage":"es","@id":"https:\/\/lospoliticosveracruz.com\/#\/schema\/logo\/image\/","url":"https:\/\/lospoliticosveracruz.com\/wp-content\/uploads\/2025\/12\/Logo-Nuevo-LOS-POLITICOS-1.jpg","contentUrl":"https:\/\/lospoliticosveracruz.com\/wp-content\/uploads\/2025\/12\/Logo-Nuevo-LOS-POLITICOS-1.jpg","width":260,"height":70,"caption":"Los pol\u00edticos Veracruz"},"image":{"@id":"https:\/\/lospoliticosveracruz.com\/#\/schema\/logo\/image\/"},"sameAs":["https:\/\/www.facebook.com\/people\/Notimemes-de-los-Polticos\/61565672886568\/","https:\/\/x.com\/LosPoliticosVer"]},{"@type":"Person","@id":"https:\/\/lospoliticosveracruz.com\/#\/schema\/person\/b8702bb0e538456e6efd07080bf2a4a2","name":"Lo viste en Los Pol\u00edticos","image":{"@type":"ImageObject","inLanguage":"es","@id":"https:\/\/secure.gravatar.com\/avatar\/3a8de04a2656d44082be478bd6c086daa447c4651605818287b9532d3d0bd435?s=96&d=mm&r=g","url":"https:\/\/secure.gravatar.com\/avatar\/3a8de04a2656d44082be478bd6c086daa447c4651605818287b9532d3d0bd435?s=96&d=mm&r=g","contentUrl":"https:\/\/secure.gravatar.com\/avatar\/3a8de04a2656d44082be478bd6c086daa447c4651605818287b9532d3d0bd435?s=96&d=mm&r=g","caption":"Lo viste en Los Pol\u00edticos"},"url":"https:\/\/lospoliticosveracruz.com\/?author=2"}]}},"_links":{"self":[{"href":"https:\/\/lospoliticosveracruz.com\/index.php?rest_route=\/wp\/v2\/posts\/16262","targetHints":{"allow":["GET"]}}],"collection":[{"href":"https:\/\/lospoliticosveracruz.com\/index.php?rest_route=\/wp\/v2\/posts"}],"about":[{"href":"https:\/\/lospoliticosveracruz.com\/index.php?rest_route=\/wp\/v2\/types\/post"}],"author":[{"embeddable":true,"href":"https:\/\/lospoliticosveracruz.com\/index.php?rest_route=\/wp\/v2\/users\/2"}],"replies":[{"embeddable":true,"href":"https:\/\/lospoliticosveracruz.com\/index.php?rest_route=%2Fwp%2Fv2%2Fcomments&post=16262"}],"version-history":[{"count":1,"href":"https:\/\/lospoliticosveracruz.com\/index.php?rest_route=\/wp\/v2\/posts\/16262\/revisions"}],"predecessor-version":[{"id":16265,"href":"https:\/\/lospoliticosveracruz.com\/index.php?rest_route=\/wp\/v2\/posts\/16262\/revisions\/16265"}],"wp:attachment":[{"href":"https:\/\/lospoliticosveracruz.com\/index.php?rest_route=%2Fwp%2Fv2%2Fmedia&parent=16262"}],"wp:term":[{"taxonomy":"category","embeddable":true,"href":"https:\/\/lospoliticosveracruz.com\/index.php?rest_route=%2Fwp%2Fv2%2Fcategories&post=16262"},{"taxonomy":"post_tag","embeddable":true,"href":"https:\/\/lospoliticosveracruz.com\/index.php?rest_route=%2Fwp%2Fv2%2Ftags&post=16262"}],"curies":[{"name":"wp","href":"https:\/\/api.w.org\/{rel}","templated":true}]}}