{"id":16270,"date":"2015-05-24T22:08:30","date_gmt":"2015-05-25T03:08:30","guid":{"rendered":"http:\/\/www.lospoliticosveracruz.com.mx\/?p=16270"},"modified":"2015-05-24T22:08:30","modified_gmt":"2015-05-25T03:08:30","slug":"ninos-veracruzanos-siguen-muriendo-y-nadie-hace-nada","status":"publish","type":"post","link":"https:\/\/lospoliticosveracruz.com\/?p=16270","title":{"rendered":"Ni\u00f1os veracruzanos siguen muriendo y nadie hace nada"},"content":{"rendered":"<p><a href=\"http:\/\/www.lospoliticosveracruz.com.mx\/wp-content\/uploads\/2015\/04\/c\u00e1ncer.jpg\"><img loading=\"lazy\" decoding=\"async\" class=\"alignnone size-medium wp-image-15883\" src=\"http:\/\/www.lospoliticosveracruz.com.mx\/wp-content\/uploads\/2015\/04\/c\u00e1ncer-300x199.jpg\" alt=\"c\u00e1ncer\" width=\"300\" height=\"199\" \/><\/a><\/p>\n<p><strong>Ricardo V\u00e1zquez Salazar<\/strong><\/p>\n<p><em>Esfera Pol\u00edtica<\/em><\/p>\n<p>Todav\u00eda estamos tratando de entender dos puntos de lo que quiso venir a decir el experimentado periodista Andr\u00e9s Sol\u00eds \u00c1lvarez:<\/p>\n<p>1.- \u201cVeracruz no es el estado m\u00e1s peligroso para ejercer el periodismo\u201d. Le recordamos al se\u00f1or Sol\u00eds que aqu\u00ed van 12 periodistas asesinados y 4 desaparecidos. \u00bfNos puede indicar en que otro estado las cifras son superiores?<\/p>\n<p>2.- \u00abHoy cualquiera le puede mentar la madre al Gobernador, eso es libertad de expresi\u00f3n\u00bb. Tambi\u00e9n le recordamos a Andr\u00e9s Sol\u00eds de que se haya visto que en alg\u00fan medio de comunicaci\u00f3n se le haya mentado la madre al gobernador, hasta este momento no. Eso puede ocurrir en las redes sociales, pero no en un medio de comunicaci\u00f3n.<\/p>\n<p>Es desventurado venir a hacer comentarios que puedan parecer que en Veracruz el periodismo es bajo, ruin y que \u201cno pasa nada\u201d.<\/p>\n<p>Centros hospitalarios obsoletos e insuficientes. Escasez de equipo m\u00e9dico, el poco que existe en constantes fallas o fuera de servicio. Grave desabasto de medicamentos desde quimioterapia para combatir el c\u00e1ncer, hasta los m\u00e1s elementales para una simple curaci\u00f3n como son antis\u00e9pticos y gasas. Numerosas son las deficiencias en los Servicios de Salud que tienen que enfrentar los veracruzanos, que en infinidad de casos han sido causa de muerte de muchas personas.<\/p>\n<p>Da mucho gusto observar que en los \u00faltimos a\u00f1os, en las capitales de otros estados y en sus principales ciudades de nuestro pa\u00eds, han inaugurado y puesto en marcha funcionales y modernos hospitales de especialidades. Impecables e higi\u00e9nicas lucen las instalaciones en servicio, equipadas con la m\u00e1s alta tecnolog\u00eda de vanguardia.<\/p>\n<p>En una misma ciudad de otro estado puede uno encontrar cuatro extraordinarios hospitales en funciones. Tal es el caso de Puebla; que uno de estos centros hospitalarios fue remodelado y ampliado, s\u00ed, pero lucen como nuevos y el servicio es de primera. En estos no hay desabasto de medicamentos. En otras entidades como Campeche, Guanajuato y varias m\u00e1s tambi\u00e9n han estrenado importante infraestructura hospitalaria.<\/p>\n<p>Pero volviendo la mirada a nuestro terru\u00f1o veracruzano, da tristeza observar la grave problem\u00e1tica que padece la poblaci\u00f3n, de no contar con los servicios m\u00e9dicos adecuados, de recibir atenci\u00f3n con serias insuficiencias. La diferencia de servicios m\u00e9dicos de nuestro estado a otro es abismal. No es como si vivamos en otra entidad, es peor todav\u00eda, es como si fu\u00e9ramos parte de otra naci\u00f3n completamente subdesarrollada, sumidos en la m\u00e1s absoluta pobreza y abandono.<\/p>\n<p>Ni siquiera la tan cacaraqueada Torre Pedi\u00e1trica de Veracruz han podido terminar, anunciada con bombo y platillo desde mayo de 2008 por Fidel Herrera y posteriormente por Javier Duarte.<\/p>\n<p>En la carta de replica que envi\u00f3 el ex secretario de Salud, Juan Antonio Nemi Dib -hoy secretario Ejecutivo del Consejo Estatal de Seguridad P\u00fablica- a la periodista Claudia Guerrero, el 22 de marzo del a\u00f1o en curso, confirma un tema muy delicado; dice textualmente en el punto siete: \u201cAlgo cierto: perdieron la certificaci\u00f3n del INEO, lo regresaron a CECAN y se les murieron por lo menos dos pacientes programados para procedimiento antes de que anunciaran la cancelaci\u00f3n del programa -en referencia al Programa de Trasplante de M\u00e9dula \u00d3sea- porque se negaron a ejercer el presupuesto que dej\u00e9 autorizado y disponible para ambos pacientes\u2026\u201d.<\/p>\n<p>Lo que llama la atenci\u00f3n es que al parecer ese presupuesto estaba disponible con meses de anterioridad, para ejercerlo y haber podido evitar que los peque\u00f1os fallecieran antes de ser sometidos a trasplante.<\/p>\n<p>El debacle de los Servicios de Salud inici\u00f3 en la administraci\u00f3n de Fidel Herrera Beltr\u00e1n, con tal de hacer los grandes negocios sin importar el terrible da\u00f1o que contin\u00faan causando a la poblaci\u00f3n. Hoy en d\u00eda ni\u00f1os enfermos de c\u00e1ncer siguen falleciendo por actos de corrupci\u00f3n criminal; o sencillamente por no abastecerlos de sus medicamentos de quimioterapia, como lo han venido denunciando con reclamos y protestas en las \u00faltimas semanas familiares de infantes enfermos.<\/p>\n<p>\u00bfVeracruz no puede seguir recibiendo recursos, hasta que no sean solventadas las irregularidades observadas por la Auditor\u00eda Superior de la Federaci\u00f3n? \u00bfPorque se perdi\u00f3 toda la confianza?<\/p>\n<p>Pues entonces que la Federaci\u00f3n env\u00ede un comisionado que se encargue de la administraci\u00f3n de recursos destinados a la salud de los veracruzanos. Pero que no se siga dejando en el abandono a menores de edad, j\u00f3venes y adultos que est\u00e1n falleciendo por las irregularidades cometidas en la Secretar\u00eda de Salud.<\/p>\n<p>Se necesita ser absolutamente indolente para desviar y malversar dinero destinado a la salud de los veracruzanos.<\/p>\n<p>Se requiere demasiada maldad y perversidad para continuar lucrando con la atenci\u00f3n m\u00e9dica para la ciudadan\u00eda; adquirir y aplicar medicamentos dudosos como ha venido sucediendo con el oscuro Centro de Mezclas de medicamentos de quimioterapia contra el c\u00e1ncer, en el Centro Estatal de Cancerolog\u00eda, CECAN, en Xalapa. En el que empleados andan a la compra de envases vac\u00edos para volverlos a rellenar de medicamentos enga\u00f1osos. Porque existe el antecedente de que son los mismos que anteriormente han abastecido de medicamentos falsos de quimio.<\/p>\n<p>Seguir solapando que dos empresas tengan secuestrada la Secretar\u00eda de Salud para continuar enriqueci\u00e9ndose il\u00edcitamente. Es monstruoso.<\/p>\n<p>Al igual que en otras \u00e1reas que laceran a la poblaci\u00f3n como la inseguridad y el persistente saqueo a las arcas estatales, en Veracruz la problem\u00e1tica en los Servicios de Salud se ha vuelto un simple pleito de vecindad. Los vicios se han arraigado. Fundaciones y asociaciones de ayuda a enfermos de c\u00e1ncer no se dan abasto ante la fuerte demanda de medicamentos.<\/p>\n<p>No obstante los m\u00faltiples se\u00f1alamientos que se han venido haciendo con insistencia acerca de las irregularidades en este sector, desde la plenitud del \u201cpinche poder\u201d de Fidel Herrera; nadie se ha querido ocupar de atender este lamentable problema.<\/p>\n<p>Cuidado con que alg\u00fan periodista \u201cinc\u00f3modo\u201d sufriera un accidente o se le presentara un problema de salud que requiriera atenci\u00f3n hospitalaria, porque en los hospitales p\u00fablicos de Veracruz era abandonado a su suerte, sin recibir la atenci\u00f3n m\u00e9dica necesaria, por ser considerado como una persona non grata para la administraci\u00f3n estatal. Ya sea por acatar una instrucci\u00f3n, o como una muestra de \u201cfidelidad\u201d a El T\u00edo siniestro veracruzano. Condici\u00f3n que aprendi\u00f3 a la perfecci\u00f3n y tiene muy arraigada la hoy candidata tricolor por el distrito Xalapa Urbano, Elizabeth Morales Garc\u00eda.<\/p>\n<p>\u00bfPodr\u00e1 alg\u00fan legislador intervenir ante esta grav\u00edsima situaci\u00f3n, para evitar que contin\u00faen falleciendo inocentes enfermos de c\u00e1ncer? O prefieren abstenerse por no tocar fuertes intereses, ni causar incomodidad oficial.<\/p>\n<p>NUESTROS BUENOS DESEOS de pronta y total recuperaci\u00f3n de salud a Paco Guiza Hern\u00e1ndez.<\/p>\n","protected":false},"excerpt":{"rendered":"<p>Ricardo V\u00e1zquez Salazar Esfera Pol\u00edtica Todav\u00eda estamos tratando de entender dos puntos de lo que quiso venir a decir el experimentado periodista Andr\u00e9s Sol\u00eds \u00c1lvarez: 1.- \u201cVeracruz no es el estado m\u00e1s peligroso para ejercer el periodismo\u201d. Le recordamos al se\u00f1or Sol\u00eds que aqu\u00ed van 12 periodistas asesinados y 4 desaparecidos. \u00bfNos puede indicar en [&hellip;]<\/p>\n","protected":false},"author":2,"featured_media":0,"comment_status":"open","ping_status":"open","sticky":false,"template":"","format":"standard","meta":{"tdm_status":"","tdm_grid_status":"","footnotes":""},"categories":[70],"tags":[298,996,2645,2735,2736],"class_list":{"0":"post-16270","1":"post","2":"type-post","3":"status-publish","4":"format-standard","6":"category-de-opinion","7":"tag-centro-estatal-de-cancerologia","8":"tag-juan-antonio-nemi-dib","9":"tag-ricardo-vazquez-salazar","10":"tag-servicios-medicos","11":"tag-torre-pediatrica-veracruz"},"yoast_head":"<!-- This site is optimized with the Yoast SEO plugin v27.4 - https:\/\/yoast.com\/product\/yoast-seo-wordpress\/ -->\n<title>Ni\u00f1os veracruzanos siguen muriendo y nadie hace nada - Los pol\u00edticos Veracruz<\/title>\n<meta name=\"robots\" content=\"index, follow, max-snippet:-1, max-image-preview:large, max-video-preview:-1\" \/>\n<link rel=\"canonical\" href=\"https:\/\/lospoliticosveracruz.com\/?p=16270\" \/>\n<meta property=\"og:locale\" content=\"es_ES\" \/>\n<meta property=\"og:type\" content=\"article\" \/>\n<meta property=\"og:title\" content=\"Ni\u00f1os veracruzanos siguen muriendo y nadie hace nada - Los pol\u00edticos Veracruz\" \/>\n<meta property=\"og:description\" content=\"Ricardo V\u00e1zquez Salazar Esfera Pol\u00edtica Todav\u00eda estamos tratando de entender dos puntos de lo que quiso venir a decir el experimentado periodista Andr\u00e9s Sol\u00eds \u00c1lvarez: 1.- \u201cVeracruz no es el estado m\u00e1s peligroso para ejercer el periodismo\u201d. Le recordamos al se\u00f1or Sol\u00eds que aqu\u00ed van 12 periodistas asesinados y 4 desaparecidos. \u00bfNos puede indicar en [&hellip;]\" \/>\n<meta property=\"og:url\" content=\"https:\/\/lospoliticosveracruz.com\/?p=16270\" \/>\n<meta property=\"og:site_name\" content=\"Los pol\u00edticos Veracruz\" \/>\n<meta property=\"article:publisher\" content=\"https:\/\/www.facebook.com\/people\/Notimemes-de-los-Polticos\/61565672886568\/\" \/>\n<meta property=\"article:published_time\" content=\"2015-05-25T03:08:30+00:00\" \/>\n<meta property=\"og:image\" content=\"https:\/\/lospoliticosveracruz.com\/wp-content\/uploads\/2016\/07\/Logo-Dor.jpg\" \/>\n\t<meta property=\"og:image:width\" content=\"200\" \/>\n\t<meta property=\"og:image:height\" content=\"200\" \/>\n\t<meta property=\"og:image:type\" content=\"image\/jpeg\" \/>\n<meta name=\"author\" content=\"Lo viste en Los Pol\u00edticos\" \/>\n<meta name=\"twitter:card\" content=\"summary_large_image\" \/>\n<meta name=\"twitter:creator\" content=\"@LosPoliticosVer\" \/>\n<meta name=\"twitter:site\" content=\"@LosPoliticosVer\" \/>\n<meta name=\"twitter:label1\" content=\"Escrito por\" \/>\n\t<meta name=\"twitter:data1\" content=\"Lo viste en Los Pol\u00edticos\" \/>\n\t<meta name=\"twitter:label2\" content=\"Tiempo de lectura\" \/>\n\t<meta name=\"twitter:data2\" content=\"6 minutos\" \/>\n<script type=\"application\/ld+json\" class=\"yoast-schema-graph\">{\"@context\":\"https:\\\/\\\/schema.org\",\"@graph\":[{\"@type\":\"Article\",\"@id\":\"https:\\\/\\\/lospoliticosveracruz.com\\\/?p=16270#article\",\"isPartOf\":{\"@id\":\"https:\\\/\\\/lospoliticosveracruz.com\\\/?p=16270\"},\"author\":{\"name\":\"Lo viste en Los Pol\u00edticos\",\"@id\":\"https:\\\/\\\/lospoliticosveracruz.com\\\/#\\\/schema\\\/person\\\/b8702bb0e538456e6efd07080bf2a4a2\"},\"headline\":\"Ni\u00f1os veracruzanos siguen muriendo y nadie hace nada\",\"datePublished\":\"2015-05-25T03:08:30+00:00\",\"mainEntityOfPage\":{\"@id\":\"https:\\\/\\\/lospoliticosveracruz.com\\\/?p=16270\"},\"wordCount\":1171,\"commentCount\":0,\"publisher\":{\"@id\":\"https:\\\/\\\/lospoliticosveracruz.com\\\/#organization\"},\"keywords\":[\"Centro Estatal de Cancerolog\u00eda\",\"Juan Antonio Nemi Dib\",\"Ricardo V\u00e1zquez Salazar\",\"servicios m\u00e9dicos\",\"Torre Pedi\u00e1trica Veracruz\"],\"articleSection\":[\"De Opini\u00f3n\"],\"inLanguage\":\"es\",\"potentialAction\":[{\"@type\":\"CommentAction\",\"name\":\"Comment\",\"target\":[\"https:\\\/\\\/lospoliticosveracruz.com\\\/?p=16270#respond\"]}]},{\"@type\":\"WebPage\",\"@id\":\"https:\\\/\\\/lospoliticosveracruz.com\\\/?p=16270\",\"url\":\"https:\\\/\\\/lospoliticosveracruz.com\\\/?p=16270\",\"name\":\"Ni\u00f1os veracruzanos siguen muriendo y nadie hace nada - Los pol\u00edticos Veracruz\",\"isPartOf\":{\"@id\":\"https:\\\/\\\/lospoliticosveracruz.com\\\/#website\"},\"datePublished\":\"2015-05-25T03:08:30+00:00\",\"breadcrumb\":{\"@id\":\"https:\\\/\\\/lospoliticosveracruz.com\\\/?p=16270#breadcrumb\"},\"inLanguage\":\"es\",\"potentialAction\":[{\"@type\":\"ReadAction\",\"target\":[\"https:\\\/\\\/lospoliticosveracruz.com\\\/?p=16270\"]}]},{\"@type\":\"BreadcrumbList\",\"@id\":\"https:\\\/\\\/lospoliticosveracruz.com\\\/?p=16270#breadcrumb\",\"itemListElement\":[{\"@type\":\"ListItem\",\"position\":1,\"name\":\"Portada\",\"item\":\"https:\\\/\\\/lospoliticosveracruz.com\\\/\"},{\"@type\":\"ListItem\",\"position\":2,\"name\":\"Ni\u00f1os veracruzanos siguen muriendo y nadie hace nada\"}]},{\"@type\":\"WebSite\",\"@id\":\"https:\\\/\\\/lospoliticosveracruz.com\\\/#website\",\"url\":\"https:\\\/\\\/lospoliticosveracruz.com\\\/\",\"name\":\"Los pol\u00edticos Veracruz\",\"description\":\"\",\"publisher\":{\"@id\":\"https:\\\/\\\/lospoliticosveracruz.com\\\/#organization\"},\"potentialAction\":[{\"@type\":\"SearchAction\",\"target\":{\"@type\":\"EntryPoint\",\"urlTemplate\":\"https:\\\/\\\/lospoliticosveracruz.com\\\/?s={search_term_string}\"},\"query-input\":{\"@type\":\"PropertyValueSpecification\",\"valueRequired\":true,\"valueName\":\"search_term_string\"}}],\"inLanguage\":\"es\"},{\"@type\":\"Organization\",\"@id\":\"https:\\\/\\\/lospoliticosveracruz.com\\\/#organization\",\"name\":\"Los pol\u00edticos Veracruz\",\"url\":\"https:\\\/\\\/lospoliticosveracruz.com\\\/\",\"logo\":{\"@type\":\"ImageObject\",\"inLanguage\":\"es\",\"@id\":\"https:\\\/\\\/lospoliticosveracruz.com\\\/#\\\/schema\\\/logo\\\/image\\\/\",\"url\":\"https:\\\/\\\/lospoliticosveracruz.com\\\/wp-content\\\/uploads\\\/2025\\\/12\\\/Logo-Nuevo-LOS-POLITICOS-1.jpg\",\"contentUrl\":\"https:\\\/\\\/lospoliticosveracruz.com\\\/wp-content\\\/uploads\\\/2025\\\/12\\\/Logo-Nuevo-LOS-POLITICOS-1.jpg\",\"width\":260,\"height\":70,\"caption\":\"Los pol\u00edticos Veracruz\"},\"image\":{\"@id\":\"https:\\\/\\\/lospoliticosveracruz.com\\\/#\\\/schema\\\/logo\\\/image\\\/\"},\"sameAs\":[\"https:\\\/\\\/www.facebook.com\\\/people\\\/Notimemes-de-los-Polticos\\\/61565672886568\\\/\",\"https:\\\/\\\/x.com\\\/LosPoliticosVer\"]},{\"@type\":\"Person\",\"@id\":\"https:\\\/\\\/lospoliticosveracruz.com\\\/#\\\/schema\\\/person\\\/b8702bb0e538456e6efd07080bf2a4a2\",\"name\":\"Lo viste en Los Pol\u00edticos\",\"image\":{\"@type\":\"ImageObject\",\"inLanguage\":\"es\",\"@id\":\"https:\\\/\\\/secure.gravatar.com\\\/avatar\\\/3a8de04a2656d44082be478bd6c086daa447c4651605818287b9532d3d0bd435?s=96&d=mm&r=g\",\"url\":\"https:\\\/\\\/secure.gravatar.com\\\/avatar\\\/3a8de04a2656d44082be478bd6c086daa447c4651605818287b9532d3d0bd435?s=96&d=mm&r=g\",\"contentUrl\":\"https:\\\/\\\/secure.gravatar.com\\\/avatar\\\/3a8de04a2656d44082be478bd6c086daa447c4651605818287b9532d3d0bd435?s=96&d=mm&r=g\",\"caption\":\"Lo viste en Los Pol\u00edticos\"},\"url\":\"https:\\\/\\\/lospoliticosveracruz.com\\\/?author=2\"}]}<\/script>\n<!-- \/ Yoast SEO plugin. -->","yoast_head_json":{"title":"Ni\u00f1os veracruzanos siguen muriendo y nadie hace nada - Los pol\u00edticos Veracruz","robots":{"index":"index","follow":"follow","max-snippet":"max-snippet:-1","max-image-preview":"max-image-preview:large","max-video-preview":"max-video-preview:-1"},"canonical":"https:\/\/lospoliticosveracruz.com\/?p=16270","og_locale":"es_ES","og_type":"article","og_title":"Ni\u00f1os veracruzanos siguen muriendo y nadie hace nada - Los pol\u00edticos Veracruz","og_description":"Ricardo V\u00e1zquez Salazar Esfera Pol\u00edtica Todav\u00eda estamos tratando de entender dos puntos de lo que quiso venir a decir el experimentado periodista Andr\u00e9s Sol\u00eds \u00c1lvarez: 1.- \u201cVeracruz no es el estado m\u00e1s peligroso para ejercer el periodismo\u201d. Le recordamos al se\u00f1or Sol\u00eds que aqu\u00ed van 12 periodistas asesinados y 4 desaparecidos. \u00bfNos puede indicar en [&hellip;]","og_url":"https:\/\/lospoliticosveracruz.com\/?p=16270","og_site_name":"Los pol\u00edticos Veracruz","article_publisher":"https:\/\/www.facebook.com\/people\/Notimemes-de-los-Polticos\/61565672886568\/","article_published_time":"2015-05-25T03:08:30+00:00","og_image":[{"width":200,"height":200,"url":"https:\/\/lospoliticosveracruz.com\/wp-content\/uploads\/2016\/07\/Logo-Dor.jpg","type":"image\/jpeg"}],"author":"Lo viste en Los Pol\u00edticos","twitter_card":"summary_large_image","twitter_creator":"@LosPoliticosVer","twitter_site":"@LosPoliticosVer","twitter_misc":{"Escrito por":"Lo viste en Los Pol\u00edticos","Tiempo de lectura":"6 minutos"},"schema":{"@context":"https:\/\/schema.org","@graph":[{"@type":"Article","@id":"https:\/\/lospoliticosveracruz.com\/?p=16270#article","isPartOf":{"@id":"https:\/\/lospoliticosveracruz.com\/?p=16270"},"author":{"name":"Lo viste en Los Pol\u00edticos","@id":"https:\/\/lospoliticosveracruz.com\/#\/schema\/person\/b8702bb0e538456e6efd07080bf2a4a2"},"headline":"Ni\u00f1os veracruzanos siguen muriendo y nadie hace nada","datePublished":"2015-05-25T03:08:30+00:00","mainEntityOfPage":{"@id":"https:\/\/lospoliticosveracruz.com\/?p=16270"},"wordCount":1171,"commentCount":0,"publisher":{"@id":"https:\/\/lospoliticosveracruz.com\/#organization"},"keywords":["Centro Estatal de Cancerolog\u00eda","Juan Antonio Nemi Dib","Ricardo V\u00e1zquez Salazar","servicios m\u00e9dicos","Torre Pedi\u00e1trica Veracruz"],"articleSection":["De Opini\u00f3n"],"inLanguage":"es","potentialAction":[{"@type":"CommentAction","name":"Comment","target":["https:\/\/lospoliticosveracruz.com\/?p=16270#respond"]}]},{"@type":"WebPage","@id":"https:\/\/lospoliticosveracruz.com\/?p=16270","url":"https:\/\/lospoliticosveracruz.com\/?p=16270","name":"Ni\u00f1os veracruzanos siguen muriendo y nadie hace nada - Los pol\u00edticos Veracruz","isPartOf":{"@id":"https:\/\/lospoliticosveracruz.com\/#website"},"datePublished":"2015-05-25T03:08:30+00:00","breadcrumb":{"@id":"https:\/\/lospoliticosveracruz.com\/?p=16270#breadcrumb"},"inLanguage":"es","potentialAction":[{"@type":"ReadAction","target":["https:\/\/lospoliticosveracruz.com\/?p=16270"]}]},{"@type":"BreadcrumbList","@id":"https:\/\/lospoliticosveracruz.com\/?p=16270#breadcrumb","itemListElement":[{"@type":"ListItem","position":1,"name":"Portada","item":"https:\/\/lospoliticosveracruz.com\/"},{"@type":"ListItem","position":2,"name":"Ni\u00f1os veracruzanos siguen muriendo y nadie hace nada"}]},{"@type":"WebSite","@id":"https:\/\/lospoliticosveracruz.com\/#website","url":"https:\/\/lospoliticosveracruz.com\/","name":"Los pol\u00edticos Veracruz","description":"","publisher":{"@id":"https:\/\/lospoliticosveracruz.com\/#organization"},"potentialAction":[{"@type":"SearchAction","target":{"@type":"EntryPoint","urlTemplate":"https:\/\/lospoliticosveracruz.com\/?s={search_term_string}"},"query-input":{"@type":"PropertyValueSpecification","valueRequired":true,"valueName":"search_term_string"}}],"inLanguage":"es"},{"@type":"Organization","@id":"https:\/\/lospoliticosveracruz.com\/#organization","name":"Los pol\u00edticos Veracruz","url":"https:\/\/lospoliticosveracruz.com\/","logo":{"@type":"ImageObject","inLanguage":"es","@id":"https:\/\/lospoliticosveracruz.com\/#\/schema\/logo\/image\/","url":"https:\/\/lospoliticosveracruz.com\/wp-content\/uploads\/2025\/12\/Logo-Nuevo-LOS-POLITICOS-1.jpg","contentUrl":"https:\/\/lospoliticosveracruz.com\/wp-content\/uploads\/2025\/12\/Logo-Nuevo-LOS-POLITICOS-1.jpg","width":260,"height":70,"caption":"Los pol\u00edticos Veracruz"},"image":{"@id":"https:\/\/lospoliticosveracruz.com\/#\/schema\/logo\/image\/"},"sameAs":["https:\/\/www.facebook.com\/people\/Notimemes-de-los-Polticos\/61565672886568\/","https:\/\/x.com\/LosPoliticosVer"]},{"@type":"Person","@id":"https:\/\/lospoliticosveracruz.com\/#\/schema\/person\/b8702bb0e538456e6efd07080bf2a4a2","name":"Lo viste en Los Pol\u00edticos","image":{"@type":"ImageObject","inLanguage":"es","@id":"https:\/\/secure.gravatar.com\/avatar\/3a8de04a2656d44082be478bd6c086daa447c4651605818287b9532d3d0bd435?s=96&d=mm&r=g","url":"https:\/\/secure.gravatar.com\/avatar\/3a8de04a2656d44082be478bd6c086daa447c4651605818287b9532d3d0bd435?s=96&d=mm&r=g","contentUrl":"https:\/\/secure.gravatar.com\/avatar\/3a8de04a2656d44082be478bd6c086daa447c4651605818287b9532d3d0bd435?s=96&d=mm&r=g","caption":"Lo viste en Los Pol\u00edticos"},"url":"https:\/\/lospoliticosveracruz.com\/?author=2"}]}},"_links":{"self":[{"href":"https:\/\/lospoliticosveracruz.com\/index.php?rest_route=\/wp\/v2\/posts\/16270","targetHints":{"allow":["GET"]}}],"collection":[{"href":"https:\/\/lospoliticosveracruz.com\/index.php?rest_route=\/wp\/v2\/posts"}],"about":[{"href":"https:\/\/lospoliticosveracruz.com\/index.php?rest_route=\/wp\/v2\/types\/post"}],"author":[{"embeddable":true,"href":"https:\/\/lospoliticosveracruz.com\/index.php?rest_route=\/wp\/v2\/users\/2"}],"replies":[{"embeddable":true,"href":"https:\/\/lospoliticosveracruz.com\/index.php?rest_route=%2Fwp%2Fv2%2Fcomments&post=16270"}],"version-history":[{"count":1,"href":"https:\/\/lospoliticosveracruz.com\/index.php?rest_route=\/wp\/v2\/posts\/16270\/revisions"}],"predecessor-version":[{"id":16271,"href":"https:\/\/lospoliticosveracruz.com\/index.php?rest_route=\/wp\/v2\/posts\/16270\/revisions\/16271"}],"wp:attachment":[{"href":"https:\/\/lospoliticosveracruz.com\/index.php?rest_route=%2Fwp%2Fv2%2Fmedia&parent=16270"}],"wp:term":[{"taxonomy":"category","embeddable":true,"href":"https:\/\/lospoliticosveracruz.com\/index.php?rest_route=%2Fwp%2Fv2%2Fcategories&post=16270"},{"taxonomy":"post_tag","embeddable":true,"href":"https:\/\/lospoliticosveracruz.com\/index.php?rest_route=%2Fwp%2Fv2%2Ftags&post=16270"}],"curies":[{"name":"wp","href":"https:\/\/api.w.org\/{rel}","templated":true}]}}