{"id":16272,"date":"2015-05-24T22:16:19","date_gmt":"2015-05-25T03:16:19","guid":{"rendered":"http:\/\/www.lospoliticosveracruz.com.mx\/?p=16272"},"modified":"2015-05-24T22:16:19","modified_gmt":"2015-05-25T03:16:19","slug":"agenda-educativa-un-reto-pendiente","status":"publish","type":"post","link":"https:\/\/lospoliticosveracruz.com\/?p=16272","title":{"rendered":"Agenda educativa, un reto pendiente"},"content":{"rendered":"<p><a href=\"http:\/\/www.lospoliticosveracruz.com.mx\/wp-content\/uploads\/2015\/05\/Ense\u00f1a-por-M\u00e9xico.jpg\"><img loading=\"lazy\" decoding=\"async\" class=\"alignnone size-medium wp-image-16273\" src=\"http:\/\/www.lospoliticosveracruz.com.mx\/wp-content\/uploads\/2015\/05\/Ense\u00f1a-por-M\u00e9xico-300x172.jpg\" alt=\"Ense\u00f1a por M\u00e9xico\" width=\"300\" height=\"172\" \/><\/a><br \/>\n<strong>Rodrigo Montoya Rivera<\/strong><\/p>\n<p><em>Ideas<\/em><br \/>\nNuevamente como cada a\u00f1o miles de j\u00f3venes fincan sus esperanzas en el examen de admisi\u00f3n de la Universidad Veracruzana, m\u00e1xima casa de estudios en la entidad con amplia demanda de quienes aspiran a ser futuros profesionistas bajo las aulas de los diferentes campus que hay en las distintas regiones, pero en su mayor\u00eda buscando la opci\u00f3n de carreras cuya demanda se encuentra concentrada en la ciudad de Xalapa o algunas otras en el municipio de Veracruz.<br \/>\nAdem\u00e1s de la UV, hay opciones como la Universidad Popular Aut\u00f3noma de Veracruz y los Tecnol\u00f3gicos, proyectos que con tiempo y dedicaci\u00f3n se han ido consolidando y han coadyuvado para que j\u00f3venes y personas que en su momento no tuvieron la oportunidad de cursar la educaci\u00f3n de nivel superior, lo hagan bajo esquemas distintos pero igualmente eficientes.<br \/>\nY es que en Veracruz la educaci\u00f3n no es mala, existen buenos docentes, preparados y con vocaci\u00f3n de servicio hacia los que menos saben. Maestras y maestros realmente con actitud transformadora, de esa que tanto le hace falta a las nuevas generaciones \u00e1vidas de superaci\u00f3n y aprendizaje.<br \/>\nEl problema radica en que la demanda es muy amplia, nuestra entidad es la que mayor n\u00famero de escuelas tiene en todo el pa\u00eds, sin embargo la necesidad supera en muchas ocasiones en los niveles, b\u00e1sico, medio, medio superior y superior, la capacidad de las aulas y de ah\u00ed viene la deserci\u00f3n escolar, de ni\u00f1os, adolescentes, j\u00f3venes e inclusive adultos que ven diluidas sus opciones por la falta de espacios o capital econ\u00f3mico y son quienes lamentablemente a\u00f1o con a\u00f1o engrosan las cifras de estudios inconclusos.<br \/>\nLos tiempos modernos demandan nuevas estrategias para hacer frente al fen\u00f3meno de abandono educativo inminente, un problema de car\u00e1cter global no solo en nuestro pa\u00eds. Por ejemplo en Espa\u00f1a aunque se hizo un esfuerzo importante para combatir el abandono educativo temprano, se logr\u00f3 en los primeros meses de 2014 bajar cuatro puntos en los \u00faltimos tres a\u00f1os, teniendo una notoria mejor\u00eda en el rubro mencionado, aunque sigue siendo el pa\u00eds peor posicionado de la Uni\u00f3n Europea.<br \/>\nEn M\u00e9xico, iniciativas como la de \u201cEnse\u00f1a por M\u00e9xico\u201d, pueden funcionar si realmente se ponderan las premisas educativas que mencionan en su esencia. Crear, formar y apoyar una red de l\u00edderes que trabajen de forma colaborativa impactando dentro y fuera del aula en pro de la justicia social.<br \/>\nEl tema educativo es tarea de todos: maestros, alumnos, padres de familia, gobierno, sindicatos, iniciativa privada entre muchos m\u00e1s. Si se quieren tener resultados diferentes es prioridad cambiar las mismas formulas, por el rescate de las futuras generaciones, se debe poder.<br \/>\nNota 1. Andr\u00e9s Blancas Portilla. Un hombre serio y preparado que a lo largo de su vida acompa\u00f1\u00f3 al Maestro Guillermo H\u00e9ctor Z\u00fa\u00f1iga Mart\u00ednez en las diferentes encomiendas que tuvo en el sector educativo y pol\u00edtico. Sin duda la designaci\u00f3n del contador Blancas es un acierto de las autoridades educativas para dar seguimiento al legado del fundador de la Universidad Popular Aut\u00f3noma de Veracruz.<br \/>\nL\u00e9eme en: www.rodrigomontoya.com.mx<br \/>\nTwitter: @RodrigoMontoyaR<br \/>\nComentarios: rodrigomontoya91@gmail.com<\/p>\n","protected":false},"excerpt":{"rendered":"<p>Rodrigo Montoya Rivera Ideas Nuevamente como cada a\u00f1o miles de j\u00f3venes fincan sus esperanzas en el examen de admisi\u00f3n de la Universidad Veracruzana, m\u00e1xima casa de estudios en la entidad con amplia demanda de quienes aspiran a ser futuros profesionistas bajo las aulas de los diferentes campus que hay en las distintas regiones, pero en [&hellip;]<\/p>\n","protected":false},"author":2,"featured_media":0,"comment_status":"open","ping_status":"open","sticky":false,"template":"","format":"standard","meta":{"tdm_status":"","tdm_grid_status":"","footnotes":""},"categories":[70],"tags":[2739,2738,1572,219],"class_list":{"0":"post-16272","1":"post","2":"type-post","3":"status-publish","4":"format-standard","6":"category-de-opinion","7":"tag-ensena-por-mexico","8":"tag-rodrigo-montoya-rivera","9":"tag-universidad-popular-autonoma-de-veracruz","10":"tag-universidad-veracruzana"},"yoast_head":"<!-- This site is optimized with the Yoast SEO plugin v27.4 - https:\/\/yoast.com\/product\/yoast-seo-wordpress\/ -->\n<title>Agenda educativa, un reto pendiente - Los pol\u00edticos Veracruz<\/title>\n<meta name=\"robots\" content=\"index, follow, max-snippet:-1, max-image-preview:large, max-video-preview:-1\" \/>\n<link rel=\"canonical\" href=\"https:\/\/lospoliticosveracruz.com\/?p=16272\" \/>\n<meta property=\"og:locale\" content=\"es_ES\" \/>\n<meta property=\"og:type\" content=\"article\" \/>\n<meta property=\"og:title\" content=\"Agenda educativa, un reto pendiente - Los pol\u00edticos Veracruz\" \/>\n<meta property=\"og:description\" content=\"Rodrigo Montoya Rivera Ideas Nuevamente como cada a\u00f1o miles de j\u00f3venes fincan sus esperanzas en el examen de admisi\u00f3n de la Universidad Veracruzana, m\u00e1xima casa de estudios en la entidad con amplia demanda de quienes aspiran a ser futuros profesionistas bajo las aulas de los diferentes campus que hay en las distintas regiones, pero en [&hellip;]\" \/>\n<meta property=\"og:url\" content=\"https:\/\/lospoliticosveracruz.com\/?p=16272\" \/>\n<meta property=\"og:site_name\" content=\"Los pol\u00edticos Veracruz\" \/>\n<meta property=\"article:publisher\" content=\"https:\/\/www.facebook.com\/people\/Notimemes-de-los-Polticos\/61565672886568\/\" \/>\n<meta property=\"article:published_time\" content=\"2015-05-25T03:16:19+00:00\" \/>\n<meta property=\"og:image\" content=\"https:\/\/lospoliticosveracruz.com\/wp-content\/uploads\/2016\/07\/Logo-Dor.jpg\" \/>\n\t<meta property=\"og:image:width\" content=\"200\" \/>\n\t<meta property=\"og:image:height\" content=\"200\" \/>\n\t<meta property=\"og:image:type\" content=\"image\/jpeg\" \/>\n<meta name=\"author\" content=\"Lo viste en Los Pol\u00edticos\" \/>\n<meta name=\"twitter:card\" content=\"summary_large_image\" \/>\n<meta name=\"twitter:creator\" content=\"@LosPoliticosVer\" \/>\n<meta name=\"twitter:site\" content=\"@LosPoliticosVer\" \/>\n<meta name=\"twitter:label1\" content=\"Escrito por\" \/>\n\t<meta name=\"twitter:data1\" content=\"Lo viste en Los Pol\u00edticos\" \/>\n\t<meta name=\"twitter:label2\" content=\"Tiempo de lectura\" \/>\n\t<meta name=\"twitter:data2\" content=\"3 minutos\" \/>\n<script type=\"application\/ld+json\" class=\"yoast-schema-graph\">{\"@context\":\"https:\\\/\\\/schema.org\",\"@graph\":[{\"@type\":\"Article\",\"@id\":\"https:\\\/\\\/lospoliticosveracruz.com\\\/?p=16272#article\",\"isPartOf\":{\"@id\":\"https:\\\/\\\/lospoliticosveracruz.com\\\/?p=16272\"},\"author\":{\"name\":\"Lo viste en Los Pol\u00edticos\",\"@id\":\"https:\\\/\\\/lospoliticosveracruz.com\\\/#\\\/schema\\\/person\\\/b8702bb0e538456e6efd07080bf2a4a2\"},\"headline\":\"Agenda educativa, un reto pendiente\",\"datePublished\":\"2015-05-25T03:16:19+00:00\",\"mainEntityOfPage\":{\"@id\":\"https:\\\/\\\/lospoliticosveracruz.com\\\/?p=16272\"},\"wordCount\":559,\"commentCount\":0,\"publisher\":{\"@id\":\"https:\\\/\\\/lospoliticosveracruz.com\\\/#organization\"},\"keywords\":[\"Ense\u00f1a por M\u00e9xico\",\"Rodrigo Montoya Rivera\",\"Universidad Popular Aut\u00f3noma de Veracruz\",\"Universidad Veracruzana\"],\"articleSection\":[\"De Opini\u00f3n\"],\"inLanguage\":\"es\",\"potentialAction\":[{\"@type\":\"CommentAction\",\"name\":\"Comment\",\"target\":[\"https:\\\/\\\/lospoliticosveracruz.com\\\/?p=16272#respond\"]}]},{\"@type\":\"WebPage\",\"@id\":\"https:\\\/\\\/lospoliticosveracruz.com\\\/?p=16272\",\"url\":\"https:\\\/\\\/lospoliticosveracruz.com\\\/?p=16272\",\"name\":\"Agenda educativa, un reto pendiente - Los pol\u00edticos Veracruz\",\"isPartOf\":{\"@id\":\"https:\\\/\\\/lospoliticosveracruz.com\\\/#website\"},\"datePublished\":\"2015-05-25T03:16:19+00:00\",\"breadcrumb\":{\"@id\":\"https:\\\/\\\/lospoliticosveracruz.com\\\/?p=16272#breadcrumb\"},\"inLanguage\":\"es\",\"potentialAction\":[{\"@type\":\"ReadAction\",\"target\":[\"https:\\\/\\\/lospoliticosveracruz.com\\\/?p=16272\"]}]},{\"@type\":\"BreadcrumbList\",\"@id\":\"https:\\\/\\\/lospoliticosveracruz.com\\\/?p=16272#breadcrumb\",\"itemListElement\":[{\"@type\":\"ListItem\",\"position\":1,\"name\":\"Portada\",\"item\":\"https:\\\/\\\/lospoliticosveracruz.com\\\/\"},{\"@type\":\"ListItem\",\"position\":2,\"name\":\"Agenda educativa, un reto pendiente\"}]},{\"@type\":\"WebSite\",\"@id\":\"https:\\\/\\\/lospoliticosveracruz.com\\\/#website\",\"url\":\"https:\\\/\\\/lospoliticosveracruz.com\\\/\",\"name\":\"Los pol\u00edticos Veracruz\",\"description\":\"\",\"publisher\":{\"@id\":\"https:\\\/\\\/lospoliticosveracruz.com\\\/#organization\"},\"potentialAction\":[{\"@type\":\"SearchAction\",\"target\":{\"@type\":\"EntryPoint\",\"urlTemplate\":\"https:\\\/\\\/lospoliticosveracruz.com\\\/?s={search_term_string}\"},\"query-input\":{\"@type\":\"PropertyValueSpecification\",\"valueRequired\":true,\"valueName\":\"search_term_string\"}}],\"inLanguage\":\"es\"},{\"@type\":\"Organization\",\"@id\":\"https:\\\/\\\/lospoliticosveracruz.com\\\/#organization\",\"name\":\"Los pol\u00edticos Veracruz\",\"url\":\"https:\\\/\\\/lospoliticosveracruz.com\\\/\",\"logo\":{\"@type\":\"ImageObject\",\"inLanguage\":\"es\",\"@id\":\"https:\\\/\\\/lospoliticosveracruz.com\\\/#\\\/schema\\\/logo\\\/image\\\/\",\"url\":\"https:\\\/\\\/lospoliticosveracruz.com\\\/wp-content\\\/uploads\\\/2025\\\/12\\\/Logo-Nuevo-LOS-POLITICOS-1.jpg\",\"contentUrl\":\"https:\\\/\\\/lospoliticosveracruz.com\\\/wp-content\\\/uploads\\\/2025\\\/12\\\/Logo-Nuevo-LOS-POLITICOS-1.jpg\",\"width\":260,\"height\":70,\"caption\":\"Los pol\u00edticos Veracruz\"},\"image\":{\"@id\":\"https:\\\/\\\/lospoliticosveracruz.com\\\/#\\\/schema\\\/logo\\\/image\\\/\"},\"sameAs\":[\"https:\\\/\\\/www.facebook.com\\\/people\\\/Notimemes-de-los-Polticos\\\/61565672886568\\\/\",\"https:\\\/\\\/x.com\\\/LosPoliticosVer\"]},{\"@type\":\"Person\",\"@id\":\"https:\\\/\\\/lospoliticosveracruz.com\\\/#\\\/schema\\\/person\\\/b8702bb0e538456e6efd07080bf2a4a2\",\"name\":\"Lo viste en Los Pol\u00edticos\",\"image\":{\"@type\":\"ImageObject\",\"inLanguage\":\"es\",\"@id\":\"https:\\\/\\\/secure.gravatar.com\\\/avatar\\\/3a8de04a2656d44082be478bd6c086daa447c4651605818287b9532d3d0bd435?s=96&d=mm&r=g\",\"url\":\"https:\\\/\\\/secure.gravatar.com\\\/avatar\\\/3a8de04a2656d44082be478bd6c086daa447c4651605818287b9532d3d0bd435?s=96&d=mm&r=g\",\"contentUrl\":\"https:\\\/\\\/secure.gravatar.com\\\/avatar\\\/3a8de04a2656d44082be478bd6c086daa447c4651605818287b9532d3d0bd435?s=96&d=mm&r=g\",\"caption\":\"Lo viste en Los Pol\u00edticos\"},\"url\":\"https:\\\/\\\/lospoliticosveracruz.com\\\/?author=2\"}]}<\/script>\n<!-- \/ Yoast SEO plugin. -->","yoast_head_json":{"title":"Agenda educativa, un reto pendiente - Los pol\u00edticos Veracruz","robots":{"index":"index","follow":"follow","max-snippet":"max-snippet:-1","max-image-preview":"max-image-preview:large","max-video-preview":"max-video-preview:-1"},"canonical":"https:\/\/lospoliticosveracruz.com\/?p=16272","og_locale":"es_ES","og_type":"article","og_title":"Agenda educativa, un reto pendiente - Los pol\u00edticos Veracruz","og_description":"Rodrigo Montoya Rivera Ideas Nuevamente como cada a\u00f1o miles de j\u00f3venes fincan sus esperanzas en el examen de admisi\u00f3n de la Universidad Veracruzana, m\u00e1xima casa de estudios en la entidad con amplia demanda de quienes aspiran a ser futuros profesionistas bajo las aulas de los diferentes campus que hay en las distintas regiones, pero en [&hellip;]","og_url":"https:\/\/lospoliticosveracruz.com\/?p=16272","og_site_name":"Los pol\u00edticos Veracruz","article_publisher":"https:\/\/www.facebook.com\/people\/Notimemes-de-los-Polticos\/61565672886568\/","article_published_time":"2015-05-25T03:16:19+00:00","og_image":[{"width":200,"height":200,"url":"https:\/\/lospoliticosveracruz.com\/wp-content\/uploads\/2016\/07\/Logo-Dor.jpg","type":"image\/jpeg"}],"author":"Lo viste en Los Pol\u00edticos","twitter_card":"summary_large_image","twitter_creator":"@LosPoliticosVer","twitter_site":"@LosPoliticosVer","twitter_misc":{"Escrito por":"Lo viste en Los Pol\u00edticos","Tiempo de lectura":"3 minutos"},"schema":{"@context":"https:\/\/schema.org","@graph":[{"@type":"Article","@id":"https:\/\/lospoliticosveracruz.com\/?p=16272#article","isPartOf":{"@id":"https:\/\/lospoliticosveracruz.com\/?p=16272"},"author":{"name":"Lo viste en Los Pol\u00edticos","@id":"https:\/\/lospoliticosveracruz.com\/#\/schema\/person\/b8702bb0e538456e6efd07080bf2a4a2"},"headline":"Agenda educativa, un reto pendiente","datePublished":"2015-05-25T03:16:19+00:00","mainEntityOfPage":{"@id":"https:\/\/lospoliticosveracruz.com\/?p=16272"},"wordCount":559,"commentCount":0,"publisher":{"@id":"https:\/\/lospoliticosveracruz.com\/#organization"},"keywords":["Ense\u00f1a por M\u00e9xico","Rodrigo Montoya Rivera","Universidad Popular Aut\u00f3noma de Veracruz","Universidad Veracruzana"],"articleSection":["De Opini\u00f3n"],"inLanguage":"es","potentialAction":[{"@type":"CommentAction","name":"Comment","target":["https:\/\/lospoliticosveracruz.com\/?p=16272#respond"]}]},{"@type":"WebPage","@id":"https:\/\/lospoliticosveracruz.com\/?p=16272","url":"https:\/\/lospoliticosveracruz.com\/?p=16272","name":"Agenda educativa, un reto pendiente - Los pol\u00edticos Veracruz","isPartOf":{"@id":"https:\/\/lospoliticosveracruz.com\/#website"},"datePublished":"2015-05-25T03:16:19+00:00","breadcrumb":{"@id":"https:\/\/lospoliticosveracruz.com\/?p=16272#breadcrumb"},"inLanguage":"es","potentialAction":[{"@type":"ReadAction","target":["https:\/\/lospoliticosveracruz.com\/?p=16272"]}]},{"@type":"BreadcrumbList","@id":"https:\/\/lospoliticosveracruz.com\/?p=16272#breadcrumb","itemListElement":[{"@type":"ListItem","position":1,"name":"Portada","item":"https:\/\/lospoliticosveracruz.com\/"},{"@type":"ListItem","position":2,"name":"Agenda educativa, un reto pendiente"}]},{"@type":"WebSite","@id":"https:\/\/lospoliticosveracruz.com\/#website","url":"https:\/\/lospoliticosveracruz.com\/","name":"Los pol\u00edticos Veracruz","description":"","publisher":{"@id":"https:\/\/lospoliticosveracruz.com\/#organization"},"potentialAction":[{"@type":"SearchAction","target":{"@type":"EntryPoint","urlTemplate":"https:\/\/lospoliticosveracruz.com\/?s={search_term_string}"},"query-input":{"@type":"PropertyValueSpecification","valueRequired":true,"valueName":"search_term_string"}}],"inLanguage":"es"},{"@type":"Organization","@id":"https:\/\/lospoliticosveracruz.com\/#organization","name":"Los pol\u00edticos Veracruz","url":"https:\/\/lospoliticosveracruz.com\/","logo":{"@type":"ImageObject","inLanguage":"es","@id":"https:\/\/lospoliticosveracruz.com\/#\/schema\/logo\/image\/","url":"https:\/\/lospoliticosveracruz.com\/wp-content\/uploads\/2025\/12\/Logo-Nuevo-LOS-POLITICOS-1.jpg","contentUrl":"https:\/\/lospoliticosveracruz.com\/wp-content\/uploads\/2025\/12\/Logo-Nuevo-LOS-POLITICOS-1.jpg","width":260,"height":70,"caption":"Los pol\u00edticos Veracruz"},"image":{"@id":"https:\/\/lospoliticosveracruz.com\/#\/schema\/logo\/image\/"},"sameAs":["https:\/\/www.facebook.com\/people\/Notimemes-de-los-Polticos\/61565672886568\/","https:\/\/x.com\/LosPoliticosVer"]},{"@type":"Person","@id":"https:\/\/lospoliticosveracruz.com\/#\/schema\/person\/b8702bb0e538456e6efd07080bf2a4a2","name":"Lo viste en Los Pol\u00edticos","image":{"@type":"ImageObject","inLanguage":"es","@id":"https:\/\/secure.gravatar.com\/avatar\/3a8de04a2656d44082be478bd6c086daa447c4651605818287b9532d3d0bd435?s=96&d=mm&r=g","url":"https:\/\/secure.gravatar.com\/avatar\/3a8de04a2656d44082be478bd6c086daa447c4651605818287b9532d3d0bd435?s=96&d=mm&r=g","contentUrl":"https:\/\/secure.gravatar.com\/avatar\/3a8de04a2656d44082be478bd6c086daa447c4651605818287b9532d3d0bd435?s=96&d=mm&r=g","caption":"Lo viste en Los Pol\u00edticos"},"url":"https:\/\/lospoliticosveracruz.com\/?author=2"}]}},"_links":{"self":[{"href":"https:\/\/lospoliticosveracruz.com\/index.php?rest_route=\/wp\/v2\/posts\/16272","targetHints":{"allow":["GET"]}}],"collection":[{"href":"https:\/\/lospoliticosveracruz.com\/index.php?rest_route=\/wp\/v2\/posts"}],"about":[{"href":"https:\/\/lospoliticosveracruz.com\/index.php?rest_route=\/wp\/v2\/types\/post"}],"author":[{"embeddable":true,"href":"https:\/\/lospoliticosveracruz.com\/index.php?rest_route=\/wp\/v2\/users\/2"}],"replies":[{"embeddable":true,"href":"https:\/\/lospoliticosveracruz.com\/index.php?rest_route=%2Fwp%2Fv2%2Fcomments&post=16272"}],"version-history":[{"count":1,"href":"https:\/\/lospoliticosveracruz.com\/index.php?rest_route=\/wp\/v2\/posts\/16272\/revisions"}],"predecessor-version":[{"id":16274,"href":"https:\/\/lospoliticosveracruz.com\/index.php?rest_route=\/wp\/v2\/posts\/16272\/revisions\/16274"}],"wp:attachment":[{"href":"https:\/\/lospoliticosveracruz.com\/index.php?rest_route=%2Fwp%2Fv2%2Fmedia&parent=16272"}],"wp:term":[{"taxonomy":"category","embeddable":true,"href":"https:\/\/lospoliticosveracruz.com\/index.php?rest_route=%2Fwp%2Fv2%2Fcategories&post=16272"},{"taxonomy":"post_tag","embeddable":true,"href":"https:\/\/lospoliticosveracruz.com\/index.php?rest_route=%2Fwp%2Fv2%2Ftags&post=16272"}],"curies":[{"name":"wp","href":"https:\/\/api.w.org\/{rel}","templated":true}]}}