{"id":16275,"date":"2015-05-24T22:26:17","date_gmt":"2015-05-25T03:26:17","guid":{"rendered":"http:\/\/www.lospoliticosveracruz.com.mx\/?p=16275"},"modified":"2015-05-24T22:26:17","modified_gmt":"2015-05-25T03:26:17","slug":"los-calculos-del-pri","status":"publish","type":"post","link":"https:\/\/lospoliticosveracruz.com\/?p=16275","title":{"rendered":"Los c\u00e1lculos del PRI"},"content":{"rendered":"<p><a href=\"http:\/\/www.lospoliticosveracruz.com.mx\/wp-content\/uploads\/2015\/04\/Anilu-Carolina-Elizabeth-.jpg\"><img loading=\"lazy\" decoding=\"async\" class=\"alignnone size-medium wp-image-15619\" src=\"http:\/\/www.lospoliticosveracruz.com.mx\/wp-content\/uploads\/2015\/04\/Anilu-Carolina-Elizabeth--300x122.jpg\" alt=\"Anilu-Carolina-Elizabeth-\" width=\"300\" height=\"122\" \/><\/a><\/p>\n<p><strong>Salvador Mu\u00f1oz<\/strong><\/p>\n<p><em>Los Pol\u00edticos<\/em><\/p>\n<p>A menos de dos semanas de que se lleve a cabo la elecci\u00f3n de diputados federales, la maquinaria del PRI ser\u00e1 puesta a prueba m\u00e1xima, como se le expuso hace quince a\u00f1os o dos sexenios y medio (creo que ya el tiempo en partidos debe medirse en sexenios). La diferencia es que en el 2000, la gente ten\u00eda una opci\u00f3n y apost\u00f3 a ella\u2026 hoy, adem\u00e1s de ser un comicio totalmente at\u00edpico, intermedio, donde no hubo campa\u00f1as ostentosas, el electorado est\u00e1 saturado de opciones\u2026 vamos, por distrito, m\u00ednimo tendr\u00e1 8 y m\u00e1ximo, unas diez alternativas\u2026 y eso, es ventaja para el PRI.<\/p>\n<p>II<\/p>\n<p>Si hay un partido que sabe de estructura y organizaci\u00f3n, \u00e9se es el PRI. Con estos dos elementos, ya tiene ventaja por encima de muchos de sus contrincantes, en especial en los de nuevo registro como el PES (siempre que veo sus siglas, recuerdo m\u00e1s a Kalim\u00e1n con su Percepci\u00f3n Extra Sensorial que Encuentro Social) o el Humanista. Tambi\u00e9n la tiene sobre partidos con m\u00e1s tiempo como PT, PRD, Movimiento Ciudadano, incluso por encima de Morena.<\/p>\n<p>En el caso del PAN, este partido concentra su potencial en determinados distritos como son Veracruz (XII y IV), C\u00f3rdoba, Orizaba y Tantoyuca\u2026 pero nada m\u00e1s.<\/p>\n<p>III<\/p>\n<p>En Veracruz, distrito XII, Anil\u00fa Ingram no compite contra Gabriela Ram\u00edrez, convaleciente\u2026 realmente la candidata del PRI compite contra el PAN, partido que hizo del Puerto en gran parte de los 90, su coto de poder donde ha tenido altas y bajas en los puestos p\u00fablicos en disputa electoral.<\/p>\n<p>Anil\u00fa apuesta a dos cosas: La primera, a la estructura y organizaci\u00f3n del partido que la postula; y la otra, quiz\u00e1s la m\u00e1s importante en estos tiempos de crisis de credibilidad que vive la mayor\u00eda de los partidos (si no es que todos), a su carisma o don de gente, elemento sumamente importante en estas campa\u00f1as de a pie y de contacto directo con la sociedad\u2026 una breve pl\u00e1tica con un ciudadano puede significar un voto a favor si se tiene carisma, si no, por m\u00e1s rollo que le echen al ciudadano, puede contabilizar un sufragio en contra.<\/p>\n<p>IV<\/p>\n<p>Hay quienes dicen que Xalapa urbano est\u00e1 en riesgo. Lo dudo. Elizabeth Morales es una especie de Cuauht\u00e9moc Blanco de la pol\u00edtica: Es odiada o adorada.<\/p>\n<p>La odian aqu\u00e9llos a los que no se someti\u00f3 a \u201cconvenios publicitarios\u201d ofensivos que m\u00e1s que eso parec\u00edan chantajes; la odian los otros que consideran que hubo corrupci\u00f3n en su administraci\u00f3n pero todo ha sido medi\u00e1tico y nada jur\u00eddico; la odian esos grupos pol\u00edticos que ven en ella a un individuo con un s\u00f3lo \u201cismo\u201d a quien responder: Priismo\u2026 no hay duartismo, no hay fidelismo, no hay yunismo\u2026<\/p>\n<p>La adora esa gente que ayud\u00f3 en la colonia, en el fraccionamiento, donde llev\u00f3 una calle, una pavimentaci\u00f3n, un drenaje, que por supuesto, la clase media alta, el reportero que no sale de Palacio de Gobierno, del Ayuntamiento, del Congreso, no conoce.<\/p>\n<p>Una derrota de Elizabeth Morales ser\u00eda una derrota del PRI municipal, de Am\u00e9rico, del PRI estatal y hasta de Duarte. Un triunfo de Elizabeth devolver\u00eda al PRI la curul de la capital del estado que hoy ostenta Uriel Flores Aguayo.<\/p>\n<p>V<\/p>\n<p>C\u00f3rdoba, Orizaba y Tantoyuca, est\u00e1n complicados para el PRI. Algunos dicen que tambi\u00e9n Coatepec, pero perder este distrito ser\u00eda como convidar de la derrota a Pepe Yunes Zorrilla por ser la principal figura de esta zona.<\/p>\n<p>En el caso de Veracruz distrito IV, sospechan que los ataques contra Paco Guti\u00e9rrez implican una sola cosa: El crecimiento del panista con relaci\u00f3n a la verde-priista. Es una ley general: Atacar al candidato que va en la punta.<\/p>\n<p>En pocas palabras, los c\u00e1lculos a ojo de buen cubero del priismo local se concentran en 14 distritos ganados como m\u00ednimo y 17 como m\u00e1ximo, siempre y cuando la organizaci\u00f3n y la estructura trabajen como reloj y si a ello se le agrega el activismo que cada militante tiene como obligaci\u00f3n hacer, en una de \u00e9sas, con todo y el malestar que se tiene en contra del presidente y el gobernador, \u00a1el PRI gana!<\/p>\n<p>&nbsp;<\/p>\n","protected":false},"excerpt":{"rendered":"<p>Salvador Mu\u00f1oz Los Pol\u00edticos A menos de dos semanas de que se lleve a cabo la elecci\u00f3n de diputados federales, la maquinaria del PRI ser\u00e1 puesta a prueba m\u00e1xima, como se le expuso hace quince a\u00f1os o dos sexenios y medio (creo que ya el tiempo en partidos debe medirse en sexenios). La diferencia es [&hellip;]<\/p>\n","protected":false},"author":2,"featured_media":0,"comment_status":"open","ping_status":"open","sticky":false,"template":"","format":"standard","meta":{"tdm_status":"","tdm_grid_status":"","footnotes":""},"categories":[70],"tags":[2678,2646],"class_list":{"0":"post-16275","1":"post","2":"type-post","3":"status-publish","4":"format-standard","6":"category-de-opinion","7":"tag-junio-7-elecciones-veracruz","8":"tag-salvador-munoz"},"yoast_head":"<!-- This site is optimized with the Yoast SEO plugin v27.4 - https:\/\/yoast.com\/product\/yoast-seo-wordpress\/ -->\n<title>Los c\u00e1lculos del PRI - Los pol\u00edticos Veracruz<\/title>\n<meta name=\"robots\" content=\"index, follow, max-snippet:-1, max-image-preview:large, max-video-preview:-1\" \/>\n<link rel=\"canonical\" href=\"https:\/\/lospoliticosveracruz.com\/?p=16275\" \/>\n<meta property=\"og:locale\" content=\"es_ES\" \/>\n<meta property=\"og:type\" content=\"article\" \/>\n<meta property=\"og:title\" content=\"Los c\u00e1lculos del PRI - Los pol\u00edticos Veracruz\" \/>\n<meta property=\"og:description\" content=\"Salvador Mu\u00f1oz Los Pol\u00edticos A menos de dos semanas de que se lleve a cabo la elecci\u00f3n de diputados federales, la maquinaria del PRI ser\u00e1 puesta a prueba m\u00e1xima, como se le expuso hace quince a\u00f1os o dos sexenios y medio (creo que ya el tiempo en partidos debe medirse en sexenios). La diferencia es [&hellip;]\" \/>\n<meta property=\"og:url\" content=\"https:\/\/lospoliticosveracruz.com\/?p=16275\" \/>\n<meta property=\"og:site_name\" content=\"Los pol\u00edticos Veracruz\" \/>\n<meta property=\"article:publisher\" content=\"https:\/\/www.facebook.com\/people\/Notimemes-de-los-Polticos\/61565672886568\/\" \/>\n<meta property=\"article:published_time\" content=\"2015-05-25T03:26:17+00:00\" \/>\n<meta property=\"og:image\" content=\"http:\/\/www.lospoliticosveracruz.com.mx\/wp-content\/uploads\/2015\/04\/Anilu-Carolina-Elizabeth--300x122.jpg\" \/>\n<meta name=\"author\" content=\"Lo viste en Los Pol\u00edticos\" \/>\n<meta name=\"twitter:card\" content=\"summary_large_image\" \/>\n<meta name=\"twitter:creator\" content=\"@LosPoliticosVer\" \/>\n<meta name=\"twitter:site\" content=\"@LosPoliticosVer\" \/>\n<meta name=\"twitter:label1\" content=\"Escrito por\" \/>\n\t<meta name=\"twitter:data1\" content=\"Lo viste en Los Pol\u00edticos\" \/>\n\t<meta name=\"twitter:label2\" content=\"Tiempo de lectura\" \/>\n\t<meta name=\"twitter:data2\" content=\"4 minutos\" \/>\n<script type=\"application\/ld+json\" class=\"yoast-schema-graph\">{\"@context\":\"https:\\\/\\\/schema.org\",\"@graph\":[{\"@type\":\"Article\",\"@id\":\"https:\\\/\\\/lospoliticosveracruz.com\\\/?p=16275#article\",\"isPartOf\":{\"@id\":\"https:\\\/\\\/lospoliticosveracruz.com\\\/?p=16275\"},\"author\":{\"name\":\"Lo viste en Los Pol\u00edticos\",\"@id\":\"https:\\\/\\\/lospoliticosveracruz.com\\\/#\\\/schema\\\/person\\\/b8702bb0e538456e6efd07080bf2a4a2\"},\"headline\":\"Los c\u00e1lculos del PRI\",\"datePublished\":\"2015-05-25T03:26:17+00:00\",\"mainEntityOfPage\":{\"@id\":\"https:\\\/\\\/lospoliticosveracruz.com\\\/?p=16275\"},\"wordCount\":740,\"commentCount\":0,\"publisher\":{\"@id\":\"https:\\\/\\\/lospoliticosveracruz.com\\\/#organization\"},\"image\":{\"@id\":\"https:\\\/\\\/lospoliticosveracruz.com\\\/?p=16275#primaryimage\"},\"thumbnailUrl\":\"http:\\\/\\\/www.lospoliticosveracruz.com.mx\\\/wp-content\\\/uploads\\\/2015\\\/04\\\/Anilu-Carolina-Elizabeth--300x122.jpg\",\"keywords\":[\"junio 7 elecciones Veracruz\",\"Salvador Mu\u00f1oz\"],\"articleSection\":[\"De Opini\u00f3n\"],\"inLanguage\":\"es\",\"potentialAction\":[{\"@type\":\"CommentAction\",\"name\":\"Comment\",\"target\":[\"https:\\\/\\\/lospoliticosveracruz.com\\\/?p=16275#respond\"]}]},{\"@type\":\"WebPage\",\"@id\":\"https:\\\/\\\/lospoliticosveracruz.com\\\/?p=16275\",\"url\":\"https:\\\/\\\/lospoliticosveracruz.com\\\/?p=16275\",\"name\":\"Los c\u00e1lculos del PRI - Los pol\u00edticos Veracruz\",\"isPartOf\":{\"@id\":\"https:\\\/\\\/lospoliticosveracruz.com\\\/#website\"},\"primaryImageOfPage\":{\"@id\":\"https:\\\/\\\/lospoliticosveracruz.com\\\/?p=16275#primaryimage\"},\"image\":{\"@id\":\"https:\\\/\\\/lospoliticosveracruz.com\\\/?p=16275#primaryimage\"},\"thumbnailUrl\":\"http:\\\/\\\/www.lospoliticosveracruz.com.mx\\\/wp-content\\\/uploads\\\/2015\\\/04\\\/Anilu-Carolina-Elizabeth--300x122.jpg\",\"datePublished\":\"2015-05-25T03:26:17+00:00\",\"breadcrumb\":{\"@id\":\"https:\\\/\\\/lospoliticosveracruz.com\\\/?p=16275#breadcrumb\"},\"inLanguage\":\"es\",\"potentialAction\":[{\"@type\":\"ReadAction\",\"target\":[\"https:\\\/\\\/lospoliticosveracruz.com\\\/?p=16275\"]}]},{\"@type\":\"ImageObject\",\"inLanguage\":\"es\",\"@id\":\"https:\\\/\\\/lospoliticosveracruz.com\\\/?p=16275#primaryimage\",\"url\":\"http:\\\/\\\/www.lospoliticosveracruz.com.mx\\\/wp-content\\\/uploads\\\/2015\\\/04\\\/Anilu-Carolina-Elizabeth--300x122.jpg\",\"contentUrl\":\"http:\\\/\\\/www.lospoliticosveracruz.com.mx\\\/wp-content\\\/uploads\\\/2015\\\/04\\\/Anilu-Carolina-Elizabeth--300x122.jpg\"},{\"@type\":\"BreadcrumbList\",\"@id\":\"https:\\\/\\\/lospoliticosveracruz.com\\\/?p=16275#breadcrumb\",\"itemListElement\":[{\"@type\":\"ListItem\",\"position\":1,\"name\":\"Portada\",\"item\":\"https:\\\/\\\/lospoliticosveracruz.com\\\/\"},{\"@type\":\"ListItem\",\"position\":2,\"name\":\"Los c\u00e1lculos del PRI\"}]},{\"@type\":\"WebSite\",\"@id\":\"https:\\\/\\\/lospoliticosveracruz.com\\\/#website\",\"url\":\"https:\\\/\\\/lospoliticosveracruz.com\\\/\",\"name\":\"Los pol\u00edticos Veracruz\",\"description\":\"\",\"publisher\":{\"@id\":\"https:\\\/\\\/lospoliticosveracruz.com\\\/#organization\"},\"potentialAction\":[{\"@type\":\"SearchAction\",\"target\":{\"@type\":\"EntryPoint\",\"urlTemplate\":\"https:\\\/\\\/lospoliticosveracruz.com\\\/?s={search_term_string}\"},\"query-input\":{\"@type\":\"PropertyValueSpecification\",\"valueRequired\":true,\"valueName\":\"search_term_string\"}}],\"inLanguage\":\"es\"},{\"@type\":\"Organization\",\"@id\":\"https:\\\/\\\/lospoliticosveracruz.com\\\/#organization\",\"name\":\"Los pol\u00edticos Veracruz\",\"url\":\"https:\\\/\\\/lospoliticosveracruz.com\\\/\",\"logo\":{\"@type\":\"ImageObject\",\"inLanguage\":\"es\",\"@id\":\"https:\\\/\\\/lospoliticosveracruz.com\\\/#\\\/schema\\\/logo\\\/image\\\/\",\"url\":\"https:\\\/\\\/lospoliticosveracruz.com\\\/wp-content\\\/uploads\\\/2025\\\/12\\\/Logo-Nuevo-LOS-POLITICOS-1.jpg\",\"contentUrl\":\"https:\\\/\\\/lospoliticosveracruz.com\\\/wp-content\\\/uploads\\\/2025\\\/12\\\/Logo-Nuevo-LOS-POLITICOS-1.jpg\",\"width\":260,\"height\":70,\"caption\":\"Los pol\u00edticos Veracruz\"},\"image\":{\"@id\":\"https:\\\/\\\/lospoliticosveracruz.com\\\/#\\\/schema\\\/logo\\\/image\\\/\"},\"sameAs\":[\"https:\\\/\\\/www.facebook.com\\\/people\\\/Notimemes-de-los-Polticos\\\/61565672886568\\\/\",\"https:\\\/\\\/x.com\\\/LosPoliticosVer\"]},{\"@type\":\"Person\",\"@id\":\"https:\\\/\\\/lospoliticosveracruz.com\\\/#\\\/schema\\\/person\\\/b8702bb0e538456e6efd07080bf2a4a2\",\"name\":\"Lo viste en Los Pol\u00edticos\",\"image\":{\"@type\":\"ImageObject\",\"inLanguage\":\"es\",\"@id\":\"https:\\\/\\\/secure.gravatar.com\\\/avatar\\\/3a8de04a2656d44082be478bd6c086daa447c4651605818287b9532d3d0bd435?s=96&d=mm&r=g\",\"url\":\"https:\\\/\\\/secure.gravatar.com\\\/avatar\\\/3a8de04a2656d44082be478bd6c086daa447c4651605818287b9532d3d0bd435?s=96&d=mm&r=g\",\"contentUrl\":\"https:\\\/\\\/secure.gravatar.com\\\/avatar\\\/3a8de04a2656d44082be478bd6c086daa447c4651605818287b9532d3d0bd435?s=96&d=mm&r=g\",\"caption\":\"Lo viste en Los Pol\u00edticos\"},\"url\":\"https:\\\/\\\/lospoliticosveracruz.com\\\/?author=2\"}]}<\/script>\n<!-- \/ Yoast SEO plugin. -->","yoast_head_json":{"title":"Los c\u00e1lculos del PRI - Los pol\u00edticos Veracruz","robots":{"index":"index","follow":"follow","max-snippet":"max-snippet:-1","max-image-preview":"max-image-preview:large","max-video-preview":"max-video-preview:-1"},"canonical":"https:\/\/lospoliticosveracruz.com\/?p=16275","og_locale":"es_ES","og_type":"article","og_title":"Los c\u00e1lculos del PRI - Los pol\u00edticos Veracruz","og_description":"Salvador Mu\u00f1oz Los Pol\u00edticos A menos de dos semanas de que se lleve a cabo la elecci\u00f3n de diputados federales, la maquinaria del PRI ser\u00e1 puesta a prueba m\u00e1xima, como se le expuso hace quince a\u00f1os o dos sexenios y medio (creo que ya el tiempo en partidos debe medirse en sexenios). La diferencia es [&hellip;]","og_url":"https:\/\/lospoliticosveracruz.com\/?p=16275","og_site_name":"Los pol\u00edticos Veracruz","article_publisher":"https:\/\/www.facebook.com\/people\/Notimemes-de-los-Polticos\/61565672886568\/","article_published_time":"2015-05-25T03:26:17+00:00","og_image":[{"url":"http:\/\/www.lospoliticosveracruz.com.mx\/wp-content\/uploads\/2015\/04\/Anilu-Carolina-Elizabeth--300x122.jpg","type":"","width":"","height":""}],"author":"Lo viste en Los Pol\u00edticos","twitter_card":"summary_large_image","twitter_creator":"@LosPoliticosVer","twitter_site":"@LosPoliticosVer","twitter_misc":{"Escrito por":"Lo viste en Los Pol\u00edticos","Tiempo de lectura":"4 minutos"},"schema":{"@context":"https:\/\/schema.org","@graph":[{"@type":"Article","@id":"https:\/\/lospoliticosveracruz.com\/?p=16275#article","isPartOf":{"@id":"https:\/\/lospoliticosveracruz.com\/?p=16275"},"author":{"name":"Lo viste en Los Pol\u00edticos","@id":"https:\/\/lospoliticosveracruz.com\/#\/schema\/person\/b8702bb0e538456e6efd07080bf2a4a2"},"headline":"Los c\u00e1lculos del PRI","datePublished":"2015-05-25T03:26:17+00:00","mainEntityOfPage":{"@id":"https:\/\/lospoliticosveracruz.com\/?p=16275"},"wordCount":740,"commentCount":0,"publisher":{"@id":"https:\/\/lospoliticosveracruz.com\/#organization"},"image":{"@id":"https:\/\/lospoliticosveracruz.com\/?p=16275#primaryimage"},"thumbnailUrl":"http:\/\/www.lospoliticosveracruz.com.mx\/wp-content\/uploads\/2015\/04\/Anilu-Carolina-Elizabeth--300x122.jpg","keywords":["junio 7 elecciones Veracruz","Salvador Mu\u00f1oz"],"articleSection":["De Opini\u00f3n"],"inLanguage":"es","potentialAction":[{"@type":"CommentAction","name":"Comment","target":["https:\/\/lospoliticosveracruz.com\/?p=16275#respond"]}]},{"@type":"WebPage","@id":"https:\/\/lospoliticosveracruz.com\/?p=16275","url":"https:\/\/lospoliticosveracruz.com\/?p=16275","name":"Los c\u00e1lculos del PRI - Los pol\u00edticos Veracruz","isPartOf":{"@id":"https:\/\/lospoliticosveracruz.com\/#website"},"primaryImageOfPage":{"@id":"https:\/\/lospoliticosveracruz.com\/?p=16275#primaryimage"},"image":{"@id":"https:\/\/lospoliticosveracruz.com\/?p=16275#primaryimage"},"thumbnailUrl":"http:\/\/www.lospoliticosveracruz.com.mx\/wp-content\/uploads\/2015\/04\/Anilu-Carolina-Elizabeth--300x122.jpg","datePublished":"2015-05-25T03:26:17+00:00","breadcrumb":{"@id":"https:\/\/lospoliticosveracruz.com\/?p=16275#breadcrumb"},"inLanguage":"es","potentialAction":[{"@type":"ReadAction","target":["https:\/\/lospoliticosveracruz.com\/?p=16275"]}]},{"@type":"ImageObject","inLanguage":"es","@id":"https:\/\/lospoliticosveracruz.com\/?p=16275#primaryimage","url":"http:\/\/www.lospoliticosveracruz.com.mx\/wp-content\/uploads\/2015\/04\/Anilu-Carolina-Elizabeth--300x122.jpg","contentUrl":"http:\/\/www.lospoliticosveracruz.com.mx\/wp-content\/uploads\/2015\/04\/Anilu-Carolina-Elizabeth--300x122.jpg"},{"@type":"BreadcrumbList","@id":"https:\/\/lospoliticosveracruz.com\/?p=16275#breadcrumb","itemListElement":[{"@type":"ListItem","position":1,"name":"Portada","item":"https:\/\/lospoliticosveracruz.com\/"},{"@type":"ListItem","position":2,"name":"Los c\u00e1lculos del PRI"}]},{"@type":"WebSite","@id":"https:\/\/lospoliticosveracruz.com\/#website","url":"https:\/\/lospoliticosveracruz.com\/","name":"Los pol\u00edticos Veracruz","description":"","publisher":{"@id":"https:\/\/lospoliticosveracruz.com\/#organization"},"potentialAction":[{"@type":"SearchAction","target":{"@type":"EntryPoint","urlTemplate":"https:\/\/lospoliticosveracruz.com\/?s={search_term_string}"},"query-input":{"@type":"PropertyValueSpecification","valueRequired":true,"valueName":"search_term_string"}}],"inLanguage":"es"},{"@type":"Organization","@id":"https:\/\/lospoliticosveracruz.com\/#organization","name":"Los pol\u00edticos Veracruz","url":"https:\/\/lospoliticosveracruz.com\/","logo":{"@type":"ImageObject","inLanguage":"es","@id":"https:\/\/lospoliticosveracruz.com\/#\/schema\/logo\/image\/","url":"https:\/\/lospoliticosveracruz.com\/wp-content\/uploads\/2025\/12\/Logo-Nuevo-LOS-POLITICOS-1.jpg","contentUrl":"https:\/\/lospoliticosveracruz.com\/wp-content\/uploads\/2025\/12\/Logo-Nuevo-LOS-POLITICOS-1.jpg","width":260,"height":70,"caption":"Los pol\u00edticos Veracruz"},"image":{"@id":"https:\/\/lospoliticosveracruz.com\/#\/schema\/logo\/image\/"},"sameAs":["https:\/\/www.facebook.com\/people\/Notimemes-de-los-Polticos\/61565672886568\/","https:\/\/x.com\/LosPoliticosVer"]},{"@type":"Person","@id":"https:\/\/lospoliticosveracruz.com\/#\/schema\/person\/b8702bb0e538456e6efd07080bf2a4a2","name":"Lo viste en Los Pol\u00edticos","image":{"@type":"ImageObject","inLanguage":"es","@id":"https:\/\/secure.gravatar.com\/avatar\/3a8de04a2656d44082be478bd6c086daa447c4651605818287b9532d3d0bd435?s=96&d=mm&r=g","url":"https:\/\/secure.gravatar.com\/avatar\/3a8de04a2656d44082be478bd6c086daa447c4651605818287b9532d3d0bd435?s=96&d=mm&r=g","contentUrl":"https:\/\/secure.gravatar.com\/avatar\/3a8de04a2656d44082be478bd6c086daa447c4651605818287b9532d3d0bd435?s=96&d=mm&r=g","caption":"Lo viste en Los Pol\u00edticos"},"url":"https:\/\/lospoliticosveracruz.com\/?author=2"}]}},"_links":{"self":[{"href":"https:\/\/lospoliticosveracruz.com\/index.php?rest_route=\/wp\/v2\/posts\/16275","targetHints":{"allow":["GET"]}}],"collection":[{"href":"https:\/\/lospoliticosveracruz.com\/index.php?rest_route=\/wp\/v2\/posts"}],"about":[{"href":"https:\/\/lospoliticosveracruz.com\/index.php?rest_route=\/wp\/v2\/types\/post"}],"author":[{"embeddable":true,"href":"https:\/\/lospoliticosveracruz.com\/index.php?rest_route=\/wp\/v2\/users\/2"}],"replies":[{"embeddable":true,"href":"https:\/\/lospoliticosveracruz.com\/index.php?rest_route=%2Fwp%2Fv2%2Fcomments&post=16275"}],"version-history":[{"count":1,"href":"https:\/\/lospoliticosveracruz.com\/index.php?rest_route=\/wp\/v2\/posts\/16275\/revisions"}],"predecessor-version":[{"id":16276,"href":"https:\/\/lospoliticosveracruz.com\/index.php?rest_route=\/wp\/v2\/posts\/16275\/revisions\/16276"}],"wp:attachment":[{"href":"https:\/\/lospoliticosveracruz.com\/index.php?rest_route=%2Fwp%2Fv2%2Fmedia&parent=16275"}],"wp:term":[{"taxonomy":"category","embeddable":true,"href":"https:\/\/lospoliticosveracruz.com\/index.php?rest_route=%2Fwp%2Fv2%2Fcategories&post=16275"},{"taxonomy":"post_tag","embeddable":true,"href":"https:\/\/lospoliticosveracruz.com\/index.php?rest_route=%2Fwp%2Fv2%2Ftags&post=16275"}],"curies":[{"name":"wp","href":"https:\/\/api.w.org\/{rel}","templated":true}]}}