{"id":163443,"date":"2026-02-12T20:01:57","date_gmt":"2026-02-13T02:01:57","guid":{"rendered":"https:\/\/lospoliticosveracruz.com\/?p=163443"},"modified":"2026-02-12T21:25:57","modified_gmt":"2026-02-13T03:25:57","slug":"tradicion-no-justifica-la-crueldad","status":"publish","type":"post","link":"https:\/\/lospoliticosveracruz.com\/?p=163443","title":{"rendered":"TRADICI\u00d3N NO JUSTIFICA LA CRUELDAD"},"content":{"rendered":"\n<p>El coordinador del Grupo Legislativo del Partido Verde en Veracruz, Carlos Marcelo Ruiz S\u00e1nchez, conden\u00f3 los recientes intentos de realizar espect\u00e1culos violentos durante las festividades de la Candelaria, as\u00ed como peleas de gallos y encierros taurinos, amparados en tradiciones que justifican la crueldad animal.&nbsp;<\/p>\n\n\n\n<p>En su intervenci\u00f3n en la tribuna, reafirm\u00f3 el compromiso del Partido Verde Ecologista de M\u00e9xico (PVEM), con la reforma constitucional que reconoce a los animales como seres sintientes, obligando a las autoridades y a la sociedad a garantizar su respeto y protecci\u00f3n.<\/p>\n\n\n\n<p>Ruiz S\u00e1nchez record\u00f3 que fue en 2016, cuando el Partido Verde impuls\u00f3 una reforma crucial a la Ley de Protecci\u00f3n a los Animales, prohibiendo pr\u00e1cticas como las vaquilladas y peleas de gallos, eliminando cualquier justificaci\u00f3n cultural para el maltrato.&nbsp;<\/p>\n\n\n\n<p>A pesar de este avance, insisti\u00f3 en que a\u00fan persisten resistencias, como los intentos de burlar la ley en algunos municipios, declarando la tauromaquia y las peleas de gallos como \u201cPatrimonio Cultural Local\u201d.<\/p>\n\n\n\n<p>El coordinador del Grupo Legislativo del PVEM Carlos Marcelo Ruiz S\u00e1nchez, manifest\u00f3 su total respaldo a las declaraciones de su compa\u00f1era de bancada diputada Tania Mar\u00eda Cruz Mej\u00eda en cuyo distrito se encuentran los municipios donde sucedieron los hechos y en su intervenci\u00f3n volvi\u00f3 a realizar un llamado firme a las 212 presidentas y presidentes municipales de Veracruz, inst\u00e1ndolos a actuar con responsabilidad y respetar la ley en todo momento.<\/p>\n\n\n\n<p>Este viernes 13 el diputado local ir\u00e1 junto con la presidenta municipal de Aquila, Mar\u00eda Petra Alonso V\u00e1zquez a la Fiscal\u00eda Especializada en Delitos Ambientales y contra los Animales (FEDAyCA) a presentar la denuncia correspondiente, la cual incluir\u00e1 los hechos registrados en el municipio de Ixhuatlancillo.<\/p>\n\n\n\n<p>Cabe mencionar que en los municipios de Aquila e Ixhuatlancillo, hubo peleas de gallos y se sacrific\u00f3 un toro, respectivamente.<\/p>\n\n\n\n<p>El legislador enfatiz\u00f3 que no hay justificaci\u00f3n para permitir espect\u00e1culos que impliquen el maltrato animal, ni bajo el disfraz de \u201cfiestas\u201d o \u201ctradiciones\u201d.<\/p>\n\n\n\n<p>Destac\u00f3 la intervenci\u00f3n de las autoridades municipales de Aquila, que actuaron correctamente al clausurar un evento clandestino y denunciarlo ante la FEDAyCA. Esta acci\u00f3n, dijo, debe ser un ejemplo a seguir por todas las autoridades del Estado.<\/p>\n\n\n\n<p>El legislador reiter\u00f3 el llamado a las autoridades municipales de Veracruz para que act\u00faen con responsabilidad y garanticen el cumplimiento de las leyes que protegen a los animales.<\/p>\n\n\n\n<p>Ruiz S\u00e1nchez present\u00f3 un pronunciamiento con motivo de los recientes avances legislativos que reconocen a los animales como seres sintientes, destacando la reforma constitucional aprobada el 13 de noviembre de 2025. Esta reforma representa un cambio fundamental en la legislaci\u00f3n local, obligando a la sociedad y a las autoridades a garantizar el respeto y la protecci\u00f3n de los animales.<\/p>\n\n\n\n<p>Sin embargo, a pesar de los avances legislativos, persisten las resistencias. El legislador hizo referencia a los incidentes ocurridos en las recientes festividades de la Candelaria, cuando algunos intentaron realizar espect\u00e1culos violentos, como peleas de gallos y encierros taurinos, ampar\u00e1ndose en una falsa argumentaci\u00f3n cultural.<\/p>\n\n\n\n<p>Adem\u00e1s, record\u00f3 la intervenci\u00f3n hist\u00f3rica de la Suprema Corte de Justicia de la Naci\u00f3n en 2018, que estableci\u00f3 que el bienestar animal debe prevalecer sobre cualquier derecho cultural, declarando ilegales las pr\u00e1cticas que implican maltrato. Esta sentencia fue una victoria decisiva para la protecci\u00f3n de los derechos de los animales en M\u00e9xico.<\/p>\n\n\n\n<p>El diputado local resalt\u00f3 que, a pesar de los avances, algunos municipios intentaron burlar las disposiciones legales declarando la tauromaquia y las peleas de gallos como \u201cPatrimonio Cultural Local\u201d. Sin embargo, en 2024, la Corte resolvi\u00f3 de manera definitiva que los ayuntamientos no tienen facultades para reducir los est\u00e1ndares de protecci\u00f3n animal establecidos por el Estado, reafirmando que la tradici\u00f3n no puede usarse como justificaci\u00f3n para actos de crueldad.<\/p>\n\n\n\n<p>El pronunciamiento tambi\u00e9n se centr\u00f3 en la reforma constitucional del 13 de noviembre, validada por los cabildos en 2026, que representa un paso trascendental en la protecci\u00f3n animal. La modificaci\u00f3n al art\u00edculo 8\u00ba de la Constituci\u00f3n Local obliga a los municipios a adoptar pol\u00edticas p\u00fablicas para asegurar el trato digno a los animales, as\u00ed como promover la educaci\u00f3n y concientizaci\u00f3n sobre su bienestar.<\/p>\n\n\n\n<p>Exhort\u00f3 a los alcaldes y alcaldesas a seguir el ejemplo de la autoridad municipal de Aquila y a tomar decisiones valientes para proteger los derechos de los animales. Reiter\u00f3 el compromiso del Grupo Legislativo del Partido Verde con la defensa de los derechos de los animales y con la consolidaci\u00f3n del Estado de Derecho en Veracruz.<\/p>\n","protected":false},"excerpt":{"rendered":"<p>El coordinador del Grupo Legislativo del Partido Verde en Veracruz, Carlos Marcelo Ruiz S\u00e1nchez, conden\u00f3 los recientes intentos de realizar espect\u00e1culos violentos durante las festividades de la Candelaria, as\u00ed como peleas de gallos y encierros taurinos, amparados en tradiciones que justifican la crueldad animal.&nbsp; En su intervenci\u00f3n en la tribuna, reafirm\u00f3 el compromiso del Partido [&hellip;]<\/p>\n","protected":false},"author":2,"featured_media":163444,"comment_status":"closed","ping_status":"closed","sticky":false,"template":"","format":"standard","meta":{"tdm_status":"","tdm_grid_status":"","footnotes":""},"categories":[43718],"tags":[54033,54029,54032,54031,54030,54034],"class_list":{"0":"post-163443","1":"post","2":"type-post","3":"status-publish","4":"format-standard","5":"has-post-thumbnail","7":"category-elpalaciodeencanto","8":"tag-animales-como-seres-sintientes-reforma-constitucional-veracruz-2026","9":"tag-carlos-marcelo-ruiz-sanchez-partido-verde-maltrato-animal-veracruz","10":"tag-denuncia-fedayca-pelea-de-gallos-aquila-e-ixhuatlancillo","11":"tag-ley-de-proteccion-a-los-animales-veracruz-prohibicion-vaquilladas","12":"tag-sentencia-scjn-bienestar-animal-sobre-tradiciones-culturales","13":"tag-tania-maria-cruz-mejia-diputada-proteccion-animal-veracruz"},"yoast_head":"<!-- This site is optimized with the Yoast SEO plugin v27.4 - https:\/\/yoast.com\/product\/yoast-seo-wordpress\/ -->\n<title>TRADICI\u00d3N NO JUSTIFICA LA CRUELDAD - Los pol\u00edticos Veracruz<\/title>\n<meta name=\"robots\" content=\"index, follow, max-snippet:-1, max-image-preview:large, max-video-preview:-1\" \/>\n<link rel=\"canonical\" href=\"https:\/\/lospoliticosveracruz.com\/?p=163443\" \/>\n<meta property=\"og:locale\" content=\"es_ES\" \/>\n<meta property=\"og:type\" content=\"article\" \/>\n<meta property=\"og:title\" content=\"TRADICI\u00d3N NO JUSTIFICA LA CRUELDAD - Los pol\u00edticos Veracruz\" \/>\n<meta property=\"og:description\" content=\"El coordinador del Grupo Legislativo del Partido Verde en Veracruz, Carlos Marcelo Ruiz S\u00e1nchez, conden\u00f3 los recientes intentos de realizar espect\u00e1culos violentos durante las festividades de la Candelaria, as\u00ed como peleas de gallos y encierros taurinos, amparados en tradiciones que justifican la crueldad animal.&nbsp; En su intervenci\u00f3n en la tribuna, reafirm\u00f3 el compromiso del Partido [&hellip;]\" \/>\n<meta property=\"og:url\" content=\"https:\/\/lospoliticosveracruz.com\/?p=163443\" \/>\n<meta property=\"og:site_name\" content=\"Los pol\u00edticos Veracruz\" \/>\n<meta property=\"article:publisher\" content=\"https:\/\/www.facebook.com\/people\/Notimemes-de-los-Polticos\/61565672886568\/\" \/>\n<meta property=\"article:published_time\" content=\"2026-02-13T02:01:57+00:00\" \/>\n<meta property=\"article:modified_time\" content=\"2026-02-13T03:25:57+00:00\" \/>\n<meta property=\"og:image\" content=\"https:\/\/lospoliticosveracruz.com\/wp-content\/uploads\/2026\/02\/Carlos-Marcelo-1.jpg\" \/>\n\t<meta property=\"og:image:width\" content=\"600\" \/>\n\t<meta property=\"og:image:height\" content=\"320\" \/>\n\t<meta property=\"og:image:type\" content=\"image\/jpeg\" \/>\n<meta name=\"author\" content=\"Lo viste en Los Pol\u00edticos\" \/>\n<meta name=\"twitter:card\" content=\"summary_large_image\" \/>\n<meta name=\"twitter:creator\" content=\"@LosPoliticosVer\" \/>\n<meta name=\"twitter:site\" content=\"@LosPoliticosVer\" \/>\n<meta name=\"twitter:label1\" content=\"Escrito por\" \/>\n\t<meta name=\"twitter:data1\" content=\"Lo viste en Los Pol\u00edticos\" \/>\n\t<meta name=\"twitter:label2\" content=\"Tiempo de lectura\" \/>\n\t<meta name=\"twitter:data2\" content=\"4 minutos\" \/>\n<script type=\"application\/ld+json\" class=\"yoast-schema-graph\">{\"@context\":\"https:\\\/\\\/schema.org\",\"@graph\":[{\"@type\":\"Article\",\"@id\":\"https:\\\/\\\/lospoliticosveracruz.com\\\/?p=163443#article\",\"isPartOf\":{\"@id\":\"https:\\\/\\\/lospoliticosveracruz.com\\\/?p=163443\"},\"author\":{\"name\":\"Lo viste en Los Pol\u00edticos\",\"@id\":\"https:\\\/\\\/lospoliticosveracruz.com\\\/#\\\/schema\\\/person\\\/b8702bb0e538456e6efd07080bf2a4a2\"},\"headline\":\"TRADICI\u00d3N NO JUSTIFICA LA CRUELDAD\",\"datePublished\":\"2026-02-13T02:01:57+00:00\",\"dateModified\":\"2026-02-13T03:25:57+00:00\",\"mainEntityOfPage\":{\"@id\":\"https:\\\/\\\/lospoliticosveracruz.com\\\/?p=163443\"},\"wordCount\":775,\"publisher\":{\"@id\":\"https:\\\/\\\/lospoliticosveracruz.com\\\/#organization\"},\"image\":{\"@id\":\"https:\\\/\\\/lospoliticosveracruz.com\\\/?p=163443#primaryimage\"},\"thumbnailUrl\":\"https:\\\/\\\/lospoliticosveracruz.com\\\/wp-content\\\/uploads\\\/2026\\\/02\\\/Carlos-Marcelo-1.jpg\",\"keywords\":[\"animales como seres sintientes reforma constitucional Veracruz 2026\",\"Carlos Marcelo Ruiz S\u00e1nchez Partido Verde maltrato animal Veracruz\",\"denuncia FEDAyCA pelea de gallos Aquila e Ixhuatlancillo\",\"Ley de Protecci\u00f3n a los Animales Veracruz prohibici\u00f3n vaquilladas\",\"sentencia SCJN bienestar animal sobre tradiciones culturales\",\"Tania Mar\u00eda Cruz Mej\u00eda diputada protecci\u00f3n animal Veracruz\"],\"articleSection\":[\"EL PALACIO DE ENCANTO\"],\"inLanguage\":\"es\"},{\"@type\":\"WebPage\",\"@id\":\"https:\\\/\\\/lospoliticosveracruz.com\\\/?p=163443\",\"url\":\"https:\\\/\\\/lospoliticosveracruz.com\\\/?p=163443\",\"name\":\"TRADICI\u00d3N NO JUSTIFICA LA CRUELDAD - Los pol\u00edticos Veracruz\",\"isPartOf\":{\"@id\":\"https:\\\/\\\/lospoliticosveracruz.com\\\/#website\"},\"primaryImageOfPage\":{\"@id\":\"https:\\\/\\\/lospoliticosveracruz.com\\\/?p=163443#primaryimage\"},\"image\":{\"@id\":\"https:\\\/\\\/lospoliticosveracruz.com\\\/?p=163443#primaryimage\"},\"thumbnailUrl\":\"https:\\\/\\\/lospoliticosveracruz.com\\\/wp-content\\\/uploads\\\/2026\\\/02\\\/Carlos-Marcelo-1.jpg\",\"datePublished\":\"2026-02-13T02:01:57+00:00\",\"dateModified\":\"2026-02-13T03:25:57+00:00\",\"breadcrumb\":{\"@id\":\"https:\\\/\\\/lospoliticosveracruz.com\\\/?p=163443#breadcrumb\"},\"inLanguage\":\"es\",\"potentialAction\":[{\"@type\":\"ReadAction\",\"target\":[\"https:\\\/\\\/lospoliticosveracruz.com\\\/?p=163443\"]}]},{\"@type\":\"ImageObject\",\"inLanguage\":\"es\",\"@id\":\"https:\\\/\\\/lospoliticosveracruz.com\\\/?p=163443#primaryimage\",\"url\":\"https:\\\/\\\/lospoliticosveracruz.com\\\/wp-content\\\/uploads\\\/2026\\\/02\\\/Carlos-Marcelo-1.jpg\",\"contentUrl\":\"https:\\\/\\\/lospoliticosveracruz.com\\\/wp-content\\\/uploads\\\/2026\\\/02\\\/Carlos-Marcelo-1.jpg\",\"width\":600,\"height\":320},{\"@type\":\"BreadcrumbList\",\"@id\":\"https:\\\/\\\/lospoliticosveracruz.com\\\/?p=163443#breadcrumb\",\"itemListElement\":[{\"@type\":\"ListItem\",\"position\":1,\"name\":\"Portada\",\"item\":\"https:\\\/\\\/lospoliticosveracruz.com\\\/\"},{\"@type\":\"ListItem\",\"position\":2,\"name\":\"TRADICI\u00d3N NO JUSTIFICA LA CRUELDAD\"}]},{\"@type\":\"WebSite\",\"@id\":\"https:\\\/\\\/lospoliticosveracruz.com\\\/#website\",\"url\":\"https:\\\/\\\/lospoliticosveracruz.com\\\/\",\"name\":\"Los pol\u00edticos Veracruz\",\"description\":\"\",\"publisher\":{\"@id\":\"https:\\\/\\\/lospoliticosveracruz.com\\\/#organization\"},\"potentialAction\":[{\"@type\":\"SearchAction\",\"target\":{\"@type\":\"EntryPoint\",\"urlTemplate\":\"https:\\\/\\\/lospoliticosveracruz.com\\\/?s={search_term_string}\"},\"query-input\":{\"@type\":\"PropertyValueSpecification\",\"valueRequired\":true,\"valueName\":\"search_term_string\"}}],\"inLanguage\":\"es\"},{\"@type\":\"Organization\",\"@id\":\"https:\\\/\\\/lospoliticosveracruz.com\\\/#organization\",\"name\":\"Los pol\u00edticos Veracruz\",\"url\":\"https:\\\/\\\/lospoliticosveracruz.com\\\/\",\"logo\":{\"@type\":\"ImageObject\",\"inLanguage\":\"es\",\"@id\":\"https:\\\/\\\/lospoliticosveracruz.com\\\/#\\\/schema\\\/logo\\\/image\\\/\",\"url\":\"https:\\\/\\\/lospoliticosveracruz.com\\\/wp-content\\\/uploads\\\/2025\\\/12\\\/Logo-Nuevo-LOS-POLITICOS-1.jpg\",\"contentUrl\":\"https:\\\/\\\/lospoliticosveracruz.com\\\/wp-content\\\/uploads\\\/2025\\\/12\\\/Logo-Nuevo-LOS-POLITICOS-1.jpg\",\"width\":260,\"height\":70,\"caption\":\"Los pol\u00edticos Veracruz\"},\"image\":{\"@id\":\"https:\\\/\\\/lospoliticosveracruz.com\\\/#\\\/schema\\\/logo\\\/image\\\/\"},\"sameAs\":[\"https:\\\/\\\/www.facebook.com\\\/people\\\/Notimemes-de-los-Polticos\\\/61565672886568\\\/\",\"https:\\\/\\\/x.com\\\/LosPoliticosVer\"]},{\"@type\":\"Person\",\"@id\":\"https:\\\/\\\/lospoliticosveracruz.com\\\/#\\\/schema\\\/person\\\/b8702bb0e538456e6efd07080bf2a4a2\",\"name\":\"Lo viste en Los Pol\u00edticos\",\"image\":{\"@type\":\"ImageObject\",\"inLanguage\":\"es\",\"@id\":\"https:\\\/\\\/secure.gravatar.com\\\/avatar\\\/3a8de04a2656d44082be478bd6c086daa447c4651605818287b9532d3d0bd435?s=96&d=mm&r=g\",\"url\":\"https:\\\/\\\/secure.gravatar.com\\\/avatar\\\/3a8de04a2656d44082be478bd6c086daa447c4651605818287b9532d3d0bd435?s=96&d=mm&r=g\",\"contentUrl\":\"https:\\\/\\\/secure.gravatar.com\\\/avatar\\\/3a8de04a2656d44082be478bd6c086daa447c4651605818287b9532d3d0bd435?s=96&d=mm&r=g\",\"caption\":\"Lo viste en Los Pol\u00edticos\"},\"url\":\"https:\\\/\\\/lospoliticosveracruz.com\\\/?author=2\"}]}<\/script>\n<!-- \/ Yoast SEO plugin. -->","yoast_head_json":{"title":"TRADICI\u00d3N NO JUSTIFICA LA CRUELDAD - Los pol\u00edticos Veracruz","robots":{"index":"index","follow":"follow","max-snippet":"max-snippet:-1","max-image-preview":"max-image-preview:large","max-video-preview":"max-video-preview:-1"},"canonical":"https:\/\/lospoliticosveracruz.com\/?p=163443","og_locale":"es_ES","og_type":"article","og_title":"TRADICI\u00d3N NO JUSTIFICA LA CRUELDAD - Los pol\u00edticos Veracruz","og_description":"El coordinador del Grupo Legislativo del Partido Verde en Veracruz, Carlos Marcelo Ruiz S\u00e1nchez, conden\u00f3 los recientes intentos de realizar espect\u00e1culos violentos durante las festividades de la Candelaria, as\u00ed como peleas de gallos y encierros taurinos, amparados en tradiciones que justifican la crueldad animal.&nbsp; En su intervenci\u00f3n en la tribuna, reafirm\u00f3 el compromiso del Partido [&hellip;]","og_url":"https:\/\/lospoliticosveracruz.com\/?p=163443","og_site_name":"Los pol\u00edticos Veracruz","article_publisher":"https:\/\/www.facebook.com\/people\/Notimemes-de-los-Polticos\/61565672886568\/","article_published_time":"2026-02-13T02:01:57+00:00","article_modified_time":"2026-02-13T03:25:57+00:00","og_image":[{"width":600,"height":320,"url":"https:\/\/lospoliticosveracruz.com\/wp-content\/uploads\/2026\/02\/Carlos-Marcelo-1.jpg","type":"image\/jpeg"}],"author":"Lo viste en Los Pol\u00edticos","twitter_card":"summary_large_image","twitter_creator":"@LosPoliticosVer","twitter_site":"@LosPoliticosVer","twitter_misc":{"Escrito por":"Lo viste en Los Pol\u00edticos","Tiempo de lectura":"4 minutos"},"schema":{"@context":"https:\/\/schema.org","@graph":[{"@type":"Article","@id":"https:\/\/lospoliticosveracruz.com\/?p=163443#article","isPartOf":{"@id":"https:\/\/lospoliticosveracruz.com\/?p=163443"},"author":{"name":"Lo viste en Los Pol\u00edticos","@id":"https:\/\/lospoliticosveracruz.com\/#\/schema\/person\/b8702bb0e538456e6efd07080bf2a4a2"},"headline":"TRADICI\u00d3N NO JUSTIFICA LA CRUELDAD","datePublished":"2026-02-13T02:01:57+00:00","dateModified":"2026-02-13T03:25:57+00:00","mainEntityOfPage":{"@id":"https:\/\/lospoliticosveracruz.com\/?p=163443"},"wordCount":775,"publisher":{"@id":"https:\/\/lospoliticosveracruz.com\/#organization"},"image":{"@id":"https:\/\/lospoliticosveracruz.com\/?p=163443#primaryimage"},"thumbnailUrl":"https:\/\/lospoliticosveracruz.com\/wp-content\/uploads\/2026\/02\/Carlos-Marcelo-1.jpg","keywords":["animales como seres sintientes reforma constitucional Veracruz 2026","Carlos Marcelo Ruiz S\u00e1nchez Partido Verde maltrato animal Veracruz","denuncia FEDAyCA pelea de gallos Aquila e Ixhuatlancillo","Ley de Protecci\u00f3n a los Animales Veracruz prohibici\u00f3n vaquilladas","sentencia SCJN bienestar animal sobre tradiciones culturales","Tania Mar\u00eda Cruz Mej\u00eda diputada protecci\u00f3n animal Veracruz"],"articleSection":["EL PALACIO DE ENCANTO"],"inLanguage":"es"},{"@type":"WebPage","@id":"https:\/\/lospoliticosveracruz.com\/?p=163443","url":"https:\/\/lospoliticosveracruz.com\/?p=163443","name":"TRADICI\u00d3N NO JUSTIFICA LA CRUELDAD - Los pol\u00edticos Veracruz","isPartOf":{"@id":"https:\/\/lospoliticosveracruz.com\/#website"},"primaryImageOfPage":{"@id":"https:\/\/lospoliticosveracruz.com\/?p=163443#primaryimage"},"image":{"@id":"https:\/\/lospoliticosveracruz.com\/?p=163443#primaryimage"},"thumbnailUrl":"https:\/\/lospoliticosveracruz.com\/wp-content\/uploads\/2026\/02\/Carlos-Marcelo-1.jpg","datePublished":"2026-02-13T02:01:57+00:00","dateModified":"2026-02-13T03:25:57+00:00","breadcrumb":{"@id":"https:\/\/lospoliticosveracruz.com\/?p=163443#breadcrumb"},"inLanguage":"es","potentialAction":[{"@type":"ReadAction","target":["https:\/\/lospoliticosveracruz.com\/?p=163443"]}]},{"@type":"ImageObject","inLanguage":"es","@id":"https:\/\/lospoliticosveracruz.com\/?p=163443#primaryimage","url":"https:\/\/lospoliticosveracruz.com\/wp-content\/uploads\/2026\/02\/Carlos-Marcelo-1.jpg","contentUrl":"https:\/\/lospoliticosveracruz.com\/wp-content\/uploads\/2026\/02\/Carlos-Marcelo-1.jpg","width":600,"height":320},{"@type":"BreadcrumbList","@id":"https:\/\/lospoliticosveracruz.com\/?p=163443#breadcrumb","itemListElement":[{"@type":"ListItem","position":1,"name":"Portada","item":"https:\/\/lospoliticosveracruz.com\/"},{"@type":"ListItem","position":2,"name":"TRADICI\u00d3N NO JUSTIFICA LA CRUELDAD"}]},{"@type":"WebSite","@id":"https:\/\/lospoliticosveracruz.com\/#website","url":"https:\/\/lospoliticosveracruz.com\/","name":"Los pol\u00edticos Veracruz","description":"","publisher":{"@id":"https:\/\/lospoliticosveracruz.com\/#organization"},"potentialAction":[{"@type":"SearchAction","target":{"@type":"EntryPoint","urlTemplate":"https:\/\/lospoliticosveracruz.com\/?s={search_term_string}"},"query-input":{"@type":"PropertyValueSpecification","valueRequired":true,"valueName":"search_term_string"}}],"inLanguage":"es"},{"@type":"Organization","@id":"https:\/\/lospoliticosveracruz.com\/#organization","name":"Los pol\u00edticos Veracruz","url":"https:\/\/lospoliticosveracruz.com\/","logo":{"@type":"ImageObject","inLanguage":"es","@id":"https:\/\/lospoliticosveracruz.com\/#\/schema\/logo\/image\/","url":"https:\/\/lospoliticosveracruz.com\/wp-content\/uploads\/2025\/12\/Logo-Nuevo-LOS-POLITICOS-1.jpg","contentUrl":"https:\/\/lospoliticosveracruz.com\/wp-content\/uploads\/2025\/12\/Logo-Nuevo-LOS-POLITICOS-1.jpg","width":260,"height":70,"caption":"Los pol\u00edticos Veracruz"},"image":{"@id":"https:\/\/lospoliticosveracruz.com\/#\/schema\/logo\/image\/"},"sameAs":["https:\/\/www.facebook.com\/people\/Notimemes-de-los-Polticos\/61565672886568\/","https:\/\/x.com\/LosPoliticosVer"]},{"@type":"Person","@id":"https:\/\/lospoliticosveracruz.com\/#\/schema\/person\/b8702bb0e538456e6efd07080bf2a4a2","name":"Lo viste en Los Pol\u00edticos","image":{"@type":"ImageObject","inLanguage":"es","@id":"https:\/\/secure.gravatar.com\/avatar\/3a8de04a2656d44082be478bd6c086daa447c4651605818287b9532d3d0bd435?s=96&d=mm&r=g","url":"https:\/\/secure.gravatar.com\/avatar\/3a8de04a2656d44082be478bd6c086daa447c4651605818287b9532d3d0bd435?s=96&d=mm&r=g","contentUrl":"https:\/\/secure.gravatar.com\/avatar\/3a8de04a2656d44082be478bd6c086daa447c4651605818287b9532d3d0bd435?s=96&d=mm&r=g","caption":"Lo viste en Los Pol\u00edticos"},"url":"https:\/\/lospoliticosveracruz.com\/?author=2"}]}},"_links":{"self":[{"href":"https:\/\/lospoliticosveracruz.com\/index.php?rest_route=\/wp\/v2\/posts\/163443","targetHints":{"allow":["GET"]}}],"collection":[{"href":"https:\/\/lospoliticosveracruz.com\/index.php?rest_route=\/wp\/v2\/posts"}],"about":[{"href":"https:\/\/lospoliticosveracruz.com\/index.php?rest_route=\/wp\/v2\/types\/post"}],"author":[{"embeddable":true,"href":"https:\/\/lospoliticosveracruz.com\/index.php?rest_route=\/wp\/v2\/users\/2"}],"replies":[{"embeddable":true,"href":"https:\/\/lospoliticosveracruz.com\/index.php?rest_route=%2Fwp%2Fv2%2Fcomments&post=163443"}],"version-history":[{"count":1,"href":"https:\/\/lospoliticosveracruz.com\/index.php?rest_route=\/wp\/v2\/posts\/163443\/revisions"}],"predecessor-version":[{"id":163445,"href":"https:\/\/lospoliticosveracruz.com\/index.php?rest_route=\/wp\/v2\/posts\/163443\/revisions\/163445"}],"wp:featuredmedia":[{"embeddable":true,"href":"https:\/\/lospoliticosveracruz.com\/index.php?rest_route=\/wp\/v2\/media\/163444"}],"wp:attachment":[{"href":"https:\/\/lospoliticosveracruz.com\/index.php?rest_route=%2Fwp%2Fv2%2Fmedia&parent=163443"}],"wp:term":[{"taxonomy":"category","embeddable":true,"href":"https:\/\/lospoliticosveracruz.com\/index.php?rest_route=%2Fwp%2Fv2%2Fcategories&post=163443"},{"taxonomy":"post_tag","embeddable":true,"href":"https:\/\/lospoliticosveracruz.com\/index.php?rest_route=%2Fwp%2Fv2%2Ftags&post=163443"}],"curies":[{"name":"wp","href":"https:\/\/api.w.org\/{rel}","templated":true}]}}