{"id":16371,"date":"2015-06-04T10:12:22","date_gmt":"2015-06-04T15:12:22","guid":{"rendered":"http:\/\/www.lospoliticosveracruz.com.mx\/?p=16371"},"modified":"2015-06-04T10:12:22","modified_gmt":"2015-06-04T15:12:22","slug":"la-pequena-emilia","status":"publish","type":"post","link":"https:\/\/lospoliticosveracruz.com\/?p=16371","title":{"rendered":"La peque\u00f1a Emilia"},"content":{"rendered":"<p><a href=\"http:\/\/www.lospoliticosveracruz.com.mx\/wp-content\/uploads\/2015\/06\/graciela-1-e1433430240504.jpg\"><img loading=\"lazy\" decoding=\"async\" class=\"alignnone size-medium wp-image-16370\" src=\"http:\/\/www.lospoliticosveracruz.com.mx\/wp-content\/uploads\/2015\/06\/graciela-1-300x263.jpg\" alt=\"graciela (1)\" width=\"300\" height=\"263\" \/><\/a><\/p>\n<p><strong>Cecilia Mu\u00f1oz<\/strong><br \/>\n<em>Polisemia<\/em><\/p>\n<p>&nbsp;<\/p>\n<p>&nbsp;<\/p>\n<p>Casi 12 a\u00f1os han pasado desde que muri\u00f3, pero quiero pensar que no as\u00ed su proyecto, que \u00e9ste sigue vivo y que a\u00fan tiene mucho que ofrecer. Hablo de Graciela Hierro, una de las promotoras m\u00e1s f\u00e9rreas y l\u00facidas del feminismo en nuestro pa\u00eds, una fil\u00f3sofa que dedic\u00f3 su vida a desentra\u00f1ar eso que a unos les resulta tan absurdamente, a veces m\u00edticamente, imposible: lo femenino en M\u00e9xico.<br \/>\nComo Betty Friedan hizo en Estados Unidos con <em>La<\/em> <em>M\u00edstica de la feminidad<\/em>, Hierro durante su vida profesional se dedic\u00f3 a estudiar y a describir la esencia de la mujer mexicana, segura de la necesidad de una introspecci\u00f3n femenina que contribuyera a la autoreflexi\u00f3n de las mujeres sobre sus cuerpos como una posesi\u00f3n \u00fanica y propia, as\u00ed como su mentalidad.<br \/>\nPara nadie deber\u00eda ser sorpresa si afirmo que la educaci\u00f3n informal de las mujeres est\u00e1 centrada en el otro y en sus cuidados: en un futuro marido, en los futuros hijos. Esta educaci\u00f3n pasa adem\u00e1s por el tamiz del dolor, representado por la menstruaci\u00f3n, las relaciones amorosas condenadas al fracaso porque las mujeres amamos \u201cdiferente\u201d o \u201cm\u00e1s\u201d, los rituales est\u00e9ticos amparados bajo el dicho \u201cla belleza duele\u201d y, por supuesto, el parto.<br \/>\nNuestro imaginario cultural femenino est\u00e1 repleto de dolor, de debilidad y, por lo tanto, de sumisi\u00f3n. Graciela Hierro lo vio y lo censur\u00f3, y por ello urgi\u00f3 la necesidad de crear un prototipo nuevo de mujer, uno de una persona sana y feliz, encargada de su propio placer. As\u00ed naci\u00f3 <em>Emilia<\/em>, la contrapartida del <em>Emilio<\/em> roussoniano que era el ejemplo del hombre libre y moral pero que, de todas formas, segu\u00eda teniendo como pareja a <em>Sof\u00eda<\/em>, la mujer tradicional: maternal, hogare\u00f1a, eternamente simp\u00e1tica.<br \/>\n<em>Emilia<\/em> es una propuesta obvia de educaci\u00f3n para la mujer, pero dif\u00edcil de cumplir en una sociedad donde un tuit que expresa el deseo por una mujer que sepa matar a sus dragones, pero que siga necesitando la ayuda del hombre para abrir la mermelada, recibe 93 Favs y 31 retuits en apenas una hora. Y ni les cuento de ese otro tuit de cierta poeta argentina que culpaba a las madres trabajadoras de la criminalidad&#8230;<br \/>\n\u00bfPero, qui\u00e9n es <em>Emilia<\/em>? <em>Emilia<\/em> es un nuevo ideal femenino, un personaje que busca una persona, un manual dedicado a las diferentes etapas en la vida de la mujer; un sue\u00f1o, pero sobre todo, una posibilidad.<br \/>\nLa <em>Emilia<\/em> ni\u00f1a, propone Hierro, debe ser educada para saber que aunque puede ser madre, no tiene por qu\u00e9 serlo. De hecho, a la peque\u00f1a <em>Emilia<\/em> se le debe incitar el deseo de llegar a ser una persona cuyo \u00faltimo fin no sea la maternidad, sino su propia realizaci\u00f3n. Para ello, ha de recuperar su cuerpo, conocerlo como suyo y no un depositario de honor alguno, ni futuro trofeo.<br \/>\nLa <em>Emilia<\/em> adolescente, consciente de su autopropiedad, debe conocer todo lo referente a la sexualidad y a los m\u00e9todos anticonceptivos, sin tapujos para ejercer \u00e9sta sin culpas ni peligros. Desde\u00f1a la \u201cvirginidad\u201d, pues ya ha interiorizado su ser-persona, contrario al ser-trofeo.<br \/>\nEntonces llega la juventud y <em>Emilia<\/em> se enfrenta al reto de no caer ante el temor de no conocer al \u201cpr\u00edncipe azul\u201d y por lo tanto, de no poder ejercer el papel de esposa y madre que durante a\u00f1os ha constituido el ep\u00edtome de la realizaci\u00f3n femenina. En cambio, la joven <em>Emilia<\/em> acepta que su destino no est\u00e1 previamente escrito en raz\u00f3n de su g\u00e9nero, sino que \u00e9ste es resultado de sus actos. Puede optar o no por la maternidad, pero si lo hace, comprende que no se define \u00fanicamente a partir de \u00e9sta y que sus hijos no son un medio para justificar el vac\u00edo.<br \/>\nDurante sus a\u00f1os finales, la anciana <em>Emilia<\/em> sigue siendo una persona independiente desde sus posibilidades. Se niega a ser olvidada a un rinc\u00f3n del hogar o volverse el c\u00e1liz donde sus familiares depositan responsabilidades ajenas, pues a\u00fan mantiene sus m\u00e1s esenciales intereses y quiz\u00e1s algunos nuevos. En calma, sabe que la vida terminar\u00e1 eventualmente y espera ese final con paciencia, satisfecha de haber elegido activamente su vida.<\/p>\n<p>S\u00e9 que <em>Emilia<\/em> vive en el interior de muchas mujeres que a\u00fan no la han encontrado, seguras de que el rumbo de su vida es el indicado, el escrito. Viven relaciones t\u00f3xicas, temen decir \u201cno\u201d, aceptan el acoso sexual como castigo por haber salido de casa, por haberse puesto vestido, por no haber tomado otra calle; desean propuestas de matrimonio dignas de video de Facebook y una vida conyugal en donde ser\u00e1n \u00e1ngeles de su hogar. Viven como sus madres y abuelas y juzgan a la mujer que se niega al estereotipo. Pero Emilia vive en ellas, en la leve sensaci\u00f3n de asco ante la injusticia, en la pasi\u00f3n de sus carreras, en la risa con sus amistades, en la incertidumbre ante la voz masculina que desde\u00f1a su indefinido malestar.<\/p>\n<p><em>Emilia<\/em> puede vivir.<\/p>\n","protected":false},"excerpt":{"rendered":"<p>Cecilia Mu\u00f1oz Polisemia &nbsp; &nbsp; Casi 12 a\u00f1os han pasado desde que muri\u00f3, pero quiero pensar que no as\u00ed su proyecto, que \u00e9ste sigue vivo y que a\u00fan tiene mucho que ofrecer. Hablo de Graciela Hierro, una de las promotoras m\u00e1s f\u00e9rreas y l\u00facidas del feminismo en nuestro pa\u00eds, una fil\u00f3sofa que dedic\u00f3 su vida [&hellip;]<\/p>\n","protected":false},"author":2,"featured_media":0,"comment_status":"open","ping_status":"open","sticky":false,"template":"","format":"standard","meta":{"tdm_status":"","tdm_grid_status":"","footnotes":""},"categories":[75],"tags":[2747,2784,2783,2786],"class_list":{"0":"post-16371","1":"post","2":"type-post","3":"status-publish","4":"format-standard","6":"category-cine-libros-y-mas","7":"tag-feminismo","8":"tag-graciela-hierro","9":"tag-la-educacion-de-emilia","10":"tag-la-mistica-de-la-feminidad"},"yoast_head":"<!-- This site is optimized with the Yoast SEO plugin v27.4 - https:\/\/yoast.com\/product\/yoast-seo-wordpress\/ -->\n<title>La peque\u00f1a Emilia - Los pol\u00edticos Veracruz<\/title>\n<meta name=\"robots\" content=\"index, follow, max-snippet:-1, max-image-preview:large, max-video-preview:-1\" \/>\n<link rel=\"canonical\" href=\"https:\/\/lospoliticosveracruz.com\/?p=16371\" \/>\n<meta property=\"og:locale\" content=\"es_ES\" \/>\n<meta property=\"og:type\" content=\"article\" \/>\n<meta property=\"og:title\" content=\"La peque\u00f1a Emilia - Los pol\u00edticos Veracruz\" \/>\n<meta property=\"og:description\" content=\"Cecilia Mu\u00f1oz Polisemia &nbsp; &nbsp; Casi 12 a\u00f1os han pasado desde que muri\u00f3, pero quiero pensar que no as\u00ed su proyecto, que \u00e9ste sigue vivo y que a\u00fan tiene mucho que ofrecer. Hablo de Graciela Hierro, una de las promotoras m\u00e1s f\u00e9rreas y l\u00facidas del feminismo en nuestro pa\u00eds, una fil\u00f3sofa que dedic\u00f3 su vida [&hellip;]\" \/>\n<meta property=\"og:url\" content=\"https:\/\/lospoliticosveracruz.com\/?p=16371\" \/>\n<meta property=\"og:site_name\" content=\"Los pol\u00edticos Veracruz\" \/>\n<meta property=\"article:publisher\" content=\"https:\/\/www.facebook.com\/people\/Notimemes-de-los-Polticos\/61565672886568\/\" \/>\n<meta property=\"article:published_time\" content=\"2015-06-04T15:12:22+00:00\" \/>\n<meta property=\"og:image\" content=\"http:\/\/www.lospoliticosveracruz.com.mx\/wp-content\/uploads\/2015\/06\/graciela-1-300x263.jpg\" \/>\n<meta name=\"author\" content=\"Lo viste en Los Pol\u00edticos\" \/>\n<meta name=\"twitter:card\" content=\"summary_large_image\" \/>\n<meta name=\"twitter:creator\" content=\"@LosPoliticosVer\" \/>\n<meta name=\"twitter:site\" content=\"@LosPoliticosVer\" \/>\n<meta name=\"twitter:label1\" content=\"Escrito por\" \/>\n\t<meta name=\"twitter:data1\" content=\"Lo viste en Los Pol\u00edticos\" \/>\n\t<meta name=\"twitter:label2\" content=\"Tiempo de lectura\" \/>\n\t<meta name=\"twitter:data2\" content=\"4 minutos\" \/>\n<script type=\"application\/ld+json\" class=\"yoast-schema-graph\">{\"@context\":\"https:\\\/\\\/schema.org\",\"@graph\":[{\"@type\":\"Article\",\"@id\":\"https:\\\/\\\/lospoliticosveracruz.com\\\/?p=16371#article\",\"isPartOf\":{\"@id\":\"https:\\\/\\\/lospoliticosveracruz.com\\\/?p=16371\"},\"author\":{\"name\":\"Lo viste en Los Pol\u00edticos\",\"@id\":\"https:\\\/\\\/lospoliticosveracruz.com\\\/#\\\/schema\\\/person\\\/b8702bb0e538456e6efd07080bf2a4a2\"},\"headline\":\"La peque\u00f1a Emilia\",\"datePublished\":\"2015-06-04T15:12:22+00:00\",\"mainEntityOfPage\":{\"@id\":\"https:\\\/\\\/lospoliticosveracruz.com\\\/?p=16371\"},\"wordCount\":872,\"commentCount\":0,\"publisher\":{\"@id\":\"https:\\\/\\\/lospoliticosveracruz.com\\\/#organization\"},\"image\":{\"@id\":\"https:\\\/\\\/lospoliticosveracruz.com\\\/?p=16371#primaryimage\"},\"thumbnailUrl\":\"http:\\\/\\\/www.lospoliticosveracruz.com.mx\\\/wp-content\\\/uploads\\\/2015\\\/06\\\/graciela-1-300x263.jpg\",\"keywords\":[\"Feminismo\",\"Graciela Hierro\",\"La educaci\u00f3n de Emilia\",\"La m\u00edstica de la feminidad\"],\"articleSection\":[\"Cine, Libros y m\u00e1s\"],\"inLanguage\":\"es\",\"potentialAction\":[{\"@type\":\"CommentAction\",\"name\":\"Comment\",\"target\":[\"https:\\\/\\\/lospoliticosveracruz.com\\\/?p=16371#respond\"]}]},{\"@type\":\"WebPage\",\"@id\":\"https:\\\/\\\/lospoliticosveracruz.com\\\/?p=16371\",\"url\":\"https:\\\/\\\/lospoliticosveracruz.com\\\/?p=16371\",\"name\":\"La peque\u00f1a Emilia - Los pol\u00edticos Veracruz\",\"isPartOf\":{\"@id\":\"https:\\\/\\\/lospoliticosveracruz.com\\\/#website\"},\"primaryImageOfPage\":{\"@id\":\"https:\\\/\\\/lospoliticosveracruz.com\\\/?p=16371#primaryimage\"},\"image\":{\"@id\":\"https:\\\/\\\/lospoliticosveracruz.com\\\/?p=16371#primaryimage\"},\"thumbnailUrl\":\"http:\\\/\\\/www.lospoliticosveracruz.com.mx\\\/wp-content\\\/uploads\\\/2015\\\/06\\\/graciela-1-300x263.jpg\",\"datePublished\":\"2015-06-04T15:12:22+00:00\",\"breadcrumb\":{\"@id\":\"https:\\\/\\\/lospoliticosveracruz.com\\\/?p=16371#breadcrumb\"},\"inLanguage\":\"es\",\"potentialAction\":[{\"@type\":\"ReadAction\",\"target\":[\"https:\\\/\\\/lospoliticosveracruz.com\\\/?p=16371\"]}]},{\"@type\":\"ImageObject\",\"inLanguage\":\"es\",\"@id\":\"https:\\\/\\\/lospoliticosveracruz.com\\\/?p=16371#primaryimage\",\"url\":\"http:\\\/\\\/www.lospoliticosveracruz.com.mx\\\/wp-content\\\/uploads\\\/2015\\\/06\\\/graciela-1-300x263.jpg\",\"contentUrl\":\"http:\\\/\\\/www.lospoliticosveracruz.com.mx\\\/wp-content\\\/uploads\\\/2015\\\/06\\\/graciela-1-300x263.jpg\"},{\"@type\":\"BreadcrumbList\",\"@id\":\"https:\\\/\\\/lospoliticosveracruz.com\\\/?p=16371#breadcrumb\",\"itemListElement\":[{\"@type\":\"ListItem\",\"position\":1,\"name\":\"Portada\",\"item\":\"https:\\\/\\\/lospoliticosveracruz.com\\\/\"},{\"@type\":\"ListItem\",\"position\":2,\"name\":\"La peque\u00f1a Emilia\"}]},{\"@type\":\"WebSite\",\"@id\":\"https:\\\/\\\/lospoliticosveracruz.com\\\/#website\",\"url\":\"https:\\\/\\\/lospoliticosveracruz.com\\\/\",\"name\":\"Los pol\u00edticos Veracruz\",\"description\":\"\",\"publisher\":{\"@id\":\"https:\\\/\\\/lospoliticosveracruz.com\\\/#organization\"},\"potentialAction\":[{\"@type\":\"SearchAction\",\"target\":{\"@type\":\"EntryPoint\",\"urlTemplate\":\"https:\\\/\\\/lospoliticosveracruz.com\\\/?s={search_term_string}\"},\"query-input\":{\"@type\":\"PropertyValueSpecification\",\"valueRequired\":true,\"valueName\":\"search_term_string\"}}],\"inLanguage\":\"es\"},{\"@type\":\"Organization\",\"@id\":\"https:\\\/\\\/lospoliticosveracruz.com\\\/#organization\",\"name\":\"Los pol\u00edticos Veracruz\",\"url\":\"https:\\\/\\\/lospoliticosveracruz.com\\\/\",\"logo\":{\"@type\":\"ImageObject\",\"inLanguage\":\"es\",\"@id\":\"https:\\\/\\\/lospoliticosveracruz.com\\\/#\\\/schema\\\/logo\\\/image\\\/\",\"url\":\"https:\\\/\\\/lospoliticosveracruz.com\\\/wp-content\\\/uploads\\\/2025\\\/12\\\/Logo-Nuevo-LOS-POLITICOS-1.jpg\",\"contentUrl\":\"https:\\\/\\\/lospoliticosveracruz.com\\\/wp-content\\\/uploads\\\/2025\\\/12\\\/Logo-Nuevo-LOS-POLITICOS-1.jpg\",\"width\":260,\"height\":70,\"caption\":\"Los pol\u00edticos Veracruz\"},\"image\":{\"@id\":\"https:\\\/\\\/lospoliticosveracruz.com\\\/#\\\/schema\\\/logo\\\/image\\\/\"},\"sameAs\":[\"https:\\\/\\\/www.facebook.com\\\/people\\\/Notimemes-de-los-Polticos\\\/61565672886568\\\/\",\"https:\\\/\\\/x.com\\\/LosPoliticosVer\"]},{\"@type\":\"Person\",\"@id\":\"https:\\\/\\\/lospoliticosveracruz.com\\\/#\\\/schema\\\/person\\\/b8702bb0e538456e6efd07080bf2a4a2\",\"name\":\"Lo viste en Los Pol\u00edticos\",\"image\":{\"@type\":\"ImageObject\",\"inLanguage\":\"es\",\"@id\":\"https:\\\/\\\/secure.gravatar.com\\\/avatar\\\/3a8de04a2656d44082be478bd6c086daa447c4651605818287b9532d3d0bd435?s=96&d=mm&r=g\",\"url\":\"https:\\\/\\\/secure.gravatar.com\\\/avatar\\\/3a8de04a2656d44082be478bd6c086daa447c4651605818287b9532d3d0bd435?s=96&d=mm&r=g\",\"contentUrl\":\"https:\\\/\\\/secure.gravatar.com\\\/avatar\\\/3a8de04a2656d44082be478bd6c086daa447c4651605818287b9532d3d0bd435?s=96&d=mm&r=g\",\"caption\":\"Lo viste en Los Pol\u00edticos\"},\"url\":\"https:\\\/\\\/lospoliticosveracruz.com\\\/?author=2\"}]}<\/script>\n<!-- \/ Yoast SEO plugin. -->","yoast_head_json":{"title":"La peque\u00f1a Emilia - Los pol\u00edticos Veracruz","robots":{"index":"index","follow":"follow","max-snippet":"max-snippet:-1","max-image-preview":"max-image-preview:large","max-video-preview":"max-video-preview:-1"},"canonical":"https:\/\/lospoliticosveracruz.com\/?p=16371","og_locale":"es_ES","og_type":"article","og_title":"La peque\u00f1a Emilia - Los pol\u00edticos Veracruz","og_description":"Cecilia Mu\u00f1oz Polisemia &nbsp; &nbsp; Casi 12 a\u00f1os han pasado desde que muri\u00f3, pero quiero pensar que no as\u00ed su proyecto, que \u00e9ste sigue vivo y que a\u00fan tiene mucho que ofrecer. Hablo de Graciela Hierro, una de las promotoras m\u00e1s f\u00e9rreas y l\u00facidas del feminismo en nuestro pa\u00eds, una fil\u00f3sofa que dedic\u00f3 su vida [&hellip;]","og_url":"https:\/\/lospoliticosveracruz.com\/?p=16371","og_site_name":"Los pol\u00edticos Veracruz","article_publisher":"https:\/\/www.facebook.com\/people\/Notimemes-de-los-Polticos\/61565672886568\/","article_published_time":"2015-06-04T15:12:22+00:00","og_image":[{"url":"http:\/\/www.lospoliticosveracruz.com.mx\/wp-content\/uploads\/2015\/06\/graciela-1-300x263.jpg","type":"","width":"","height":""}],"author":"Lo viste en Los Pol\u00edticos","twitter_card":"summary_large_image","twitter_creator":"@LosPoliticosVer","twitter_site":"@LosPoliticosVer","twitter_misc":{"Escrito por":"Lo viste en Los Pol\u00edticos","Tiempo de lectura":"4 minutos"},"schema":{"@context":"https:\/\/schema.org","@graph":[{"@type":"Article","@id":"https:\/\/lospoliticosveracruz.com\/?p=16371#article","isPartOf":{"@id":"https:\/\/lospoliticosveracruz.com\/?p=16371"},"author":{"name":"Lo viste en Los Pol\u00edticos","@id":"https:\/\/lospoliticosveracruz.com\/#\/schema\/person\/b8702bb0e538456e6efd07080bf2a4a2"},"headline":"La peque\u00f1a Emilia","datePublished":"2015-06-04T15:12:22+00:00","mainEntityOfPage":{"@id":"https:\/\/lospoliticosveracruz.com\/?p=16371"},"wordCount":872,"commentCount":0,"publisher":{"@id":"https:\/\/lospoliticosveracruz.com\/#organization"},"image":{"@id":"https:\/\/lospoliticosveracruz.com\/?p=16371#primaryimage"},"thumbnailUrl":"http:\/\/www.lospoliticosveracruz.com.mx\/wp-content\/uploads\/2015\/06\/graciela-1-300x263.jpg","keywords":["Feminismo","Graciela Hierro","La educaci\u00f3n de Emilia","La m\u00edstica de la feminidad"],"articleSection":["Cine, Libros y m\u00e1s"],"inLanguage":"es","potentialAction":[{"@type":"CommentAction","name":"Comment","target":["https:\/\/lospoliticosveracruz.com\/?p=16371#respond"]}]},{"@type":"WebPage","@id":"https:\/\/lospoliticosveracruz.com\/?p=16371","url":"https:\/\/lospoliticosveracruz.com\/?p=16371","name":"La peque\u00f1a Emilia - Los pol\u00edticos Veracruz","isPartOf":{"@id":"https:\/\/lospoliticosveracruz.com\/#website"},"primaryImageOfPage":{"@id":"https:\/\/lospoliticosveracruz.com\/?p=16371#primaryimage"},"image":{"@id":"https:\/\/lospoliticosveracruz.com\/?p=16371#primaryimage"},"thumbnailUrl":"http:\/\/www.lospoliticosveracruz.com.mx\/wp-content\/uploads\/2015\/06\/graciela-1-300x263.jpg","datePublished":"2015-06-04T15:12:22+00:00","breadcrumb":{"@id":"https:\/\/lospoliticosveracruz.com\/?p=16371#breadcrumb"},"inLanguage":"es","potentialAction":[{"@type":"ReadAction","target":["https:\/\/lospoliticosveracruz.com\/?p=16371"]}]},{"@type":"ImageObject","inLanguage":"es","@id":"https:\/\/lospoliticosveracruz.com\/?p=16371#primaryimage","url":"http:\/\/www.lospoliticosveracruz.com.mx\/wp-content\/uploads\/2015\/06\/graciela-1-300x263.jpg","contentUrl":"http:\/\/www.lospoliticosveracruz.com.mx\/wp-content\/uploads\/2015\/06\/graciela-1-300x263.jpg"},{"@type":"BreadcrumbList","@id":"https:\/\/lospoliticosveracruz.com\/?p=16371#breadcrumb","itemListElement":[{"@type":"ListItem","position":1,"name":"Portada","item":"https:\/\/lospoliticosveracruz.com\/"},{"@type":"ListItem","position":2,"name":"La peque\u00f1a Emilia"}]},{"@type":"WebSite","@id":"https:\/\/lospoliticosveracruz.com\/#website","url":"https:\/\/lospoliticosveracruz.com\/","name":"Los pol\u00edticos Veracruz","description":"","publisher":{"@id":"https:\/\/lospoliticosveracruz.com\/#organization"},"potentialAction":[{"@type":"SearchAction","target":{"@type":"EntryPoint","urlTemplate":"https:\/\/lospoliticosveracruz.com\/?s={search_term_string}"},"query-input":{"@type":"PropertyValueSpecification","valueRequired":true,"valueName":"search_term_string"}}],"inLanguage":"es"},{"@type":"Organization","@id":"https:\/\/lospoliticosveracruz.com\/#organization","name":"Los pol\u00edticos Veracruz","url":"https:\/\/lospoliticosveracruz.com\/","logo":{"@type":"ImageObject","inLanguage":"es","@id":"https:\/\/lospoliticosveracruz.com\/#\/schema\/logo\/image\/","url":"https:\/\/lospoliticosveracruz.com\/wp-content\/uploads\/2025\/12\/Logo-Nuevo-LOS-POLITICOS-1.jpg","contentUrl":"https:\/\/lospoliticosveracruz.com\/wp-content\/uploads\/2025\/12\/Logo-Nuevo-LOS-POLITICOS-1.jpg","width":260,"height":70,"caption":"Los pol\u00edticos Veracruz"},"image":{"@id":"https:\/\/lospoliticosveracruz.com\/#\/schema\/logo\/image\/"},"sameAs":["https:\/\/www.facebook.com\/people\/Notimemes-de-los-Polticos\/61565672886568\/","https:\/\/x.com\/LosPoliticosVer"]},{"@type":"Person","@id":"https:\/\/lospoliticosveracruz.com\/#\/schema\/person\/b8702bb0e538456e6efd07080bf2a4a2","name":"Lo viste en Los Pol\u00edticos","image":{"@type":"ImageObject","inLanguage":"es","@id":"https:\/\/secure.gravatar.com\/avatar\/3a8de04a2656d44082be478bd6c086daa447c4651605818287b9532d3d0bd435?s=96&d=mm&r=g","url":"https:\/\/secure.gravatar.com\/avatar\/3a8de04a2656d44082be478bd6c086daa447c4651605818287b9532d3d0bd435?s=96&d=mm&r=g","contentUrl":"https:\/\/secure.gravatar.com\/avatar\/3a8de04a2656d44082be478bd6c086daa447c4651605818287b9532d3d0bd435?s=96&d=mm&r=g","caption":"Lo viste en Los Pol\u00edticos"},"url":"https:\/\/lospoliticosveracruz.com\/?author=2"}]}},"_links":{"self":[{"href":"https:\/\/lospoliticosveracruz.com\/index.php?rest_route=\/wp\/v2\/posts\/16371","targetHints":{"allow":["GET"]}}],"collection":[{"href":"https:\/\/lospoliticosveracruz.com\/index.php?rest_route=\/wp\/v2\/posts"}],"about":[{"href":"https:\/\/lospoliticosveracruz.com\/index.php?rest_route=\/wp\/v2\/types\/post"}],"author":[{"embeddable":true,"href":"https:\/\/lospoliticosveracruz.com\/index.php?rest_route=\/wp\/v2\/users\/2"}],"replies":[{"embeddable":true,"href":"https:\/\/lospoliticosveracruz.com\/index.php?rest_route=%2Fwp%2Fv2%2Fcomments&post=16371"}],"version-history":[{"count":1,"href":"https:\/\/lospoliticosveracruz.com\/index.php?rest_route=\/wp\/v2\/posts\/16371\/revisions"}],"predecessor-version":[{"id":16372,"href":"https:\/\/lospoliticosveracruz.com\/index.php?rest_route=\/wp\/v2\/posts\/16371\/revisions\/16372"}],"wp:attachment":[{"href":"https:\/\/lospoliticosveracruz.com\/index.php?rest_route=%2Fwp%2Fv2%2Fmedia&parent=16371"}],"wp:term":[{"taxonomy":"category","embeddable":true,"href":"https:\/\/lospoliticosveracruz.com\/index.php?rest_route=%2Fwp%2Fv2%2Fcategories&post=16371"},{"taxonomy":"post_tag","embeddable":true,"href":"https:\/\/lospoliticosveracruz.com\/index.php?rest_route=%2Fwp%2Fv2%2Ftags&post=16371"}],"curies":[{"name":"wp","href":"https:\/\/api.w.org\/{rel}","templated":true}]}}