{"id":16428,"date":"2015-06-09T21:35:30","date_gmt":"2015-06-10T02:35:30","guid":{"rendered":"http:\/\/www.lospoliticosveracruz.com.mx\/?p=16428"},"modified":"2015-06-09T21:35:30","modified_gmt":"2015-06-10T02:35:30","slug":"perdimos-las-mujeres","status":"publish","type":"post","link":"https:\/\/lospoliticosveracruz.com\/?p=16428","title":{"rendered":"Perdimos las Mujeres"},"content":{"rendered":"<p><a href=\"http:\/\/www.lospoliticosveracruz.com.mx\/wp-content\/uploads\/2015\/06\/voto-femenino.jpg\"><img loading=\"lazy\" decoding=\"async\" class=\"alignnone size-medium wp-image-16429\" src=\"http:\/\/www.lospoliticosveracruz.com.mx\/wp-content\/uploads\/2015\/06\/voto-femenino-300x219.jpg\" alt=\"RGB b\u00e1sico\" width=\"300\" height=\"219\" \/><\/a><br \/>\n<strong>Brenda Caballero<\/strong><br \/>\nN\u00fameros Rojos<\/p>\n<p>Muchas veces he escuchado la frase \u201centre mujeres podemos despedazarnos, pero jam\u00e1s nos haremos da\u00f1o\u201d. Esto puede aplicar entre amigas, conocidas, y tal vez entre compa\u00f1eras de trabajo, y digo \u201cpuede\u201d porque muchas veces criticamos o hablamos nada bien de nuestras cong\u00e9neres.<br \/>\nEsta operaci\u00f3n de \u201cgolpe bajo\u201d es una pr\u00e1ctica com\u00fan en la sociedad mexicana que puede tener varias causas, por ejemplo, el ser muy exigentes con nosotros mismos, albergar un sentimiento negativo como la envidia o de plano porque nos cae mal, entre otras.<br \/>\nAh, pero lo hermoso de esta frase, es que a pesar de todos los dimes y diretes, al final seguiremos como si nada hubiera sucedido\u2026 \u201cSin hacernos da\u00f1o\u201d.<br \/>\nPero \u00bfaplica tambi\u00e9n esta frase famosa de una obra teatral en asuntos de pol\u00edtica?<br \/>\nEn principio pareciera que s\u00ed, si hablamos de partidos en general, pues a pesar de que todos se atacan entre s\u00ed, al final pareciera que nada ha pasado.<br \/>\nEn el caso de los varones, aunque tambi\u00e9n existe una competencia entre ellos, su conducta es m\u00e1s relajada y no andan \u201cdespedaz\u00e1ndose\u201d entre ellos. Bueno\u2026 \u00a1existen excepciones!<br \/>\n\u00bfA qu\u00e9 voy con toda esta carnicer\u00eda? \u00a1que en pol\u00edtica no aplica! Y lo he comprobado en estas elecciones federales 2015.<br \/>\nPor ejemplo: fue mayor\u00eda de mujeres las que se alegraron de que la candidata del Distrito de Xalapa Urbano Elizabeth Morales perdiera; no niego que tambi\u00e9n su derrota fue disfrutada por varones; sin embargo, nunca vi a f\u00e9mina alguna que saliera en su defensa.<br \/>\nMismo caso para Carolina Gudi\u00f1o, v\u00edctima de una guerra de poderes entre el ex gobernador Fidel Herrera y el panista Miguel \u00c1ngel Yunes Linares.<br \/>\nLuego entonces, \u00bfQui\u00e9nes perdieron en esta elecci\u00f3n?<br \/>\nContrario a los que dicen que fue el PAN, el PRD o el PRI, puedo decir con toda seguridad que las mujeres fuimos las grandes perdedoras.<br \/>\nY no lo digo porque sea feminista, sino porque al analizar los datos nacionales de este proceso electoral de las 11 mujeres candidatas que contend\u00edan por una gubernatura, solamente Claudia Pavlovich gan\u00f3 la elecci\u00f3n. Recordemos que actualmente ning\u00fan estado tiene gobernadora, siendo la \u00faltima Ivonne Ortega Pacheco por Yucat\u00e1n, en el periodo de 2007 a 2012.<br \/>\nSi analizamos la situaci\u00f3n en Veracruz, a las mujeres no nos fue tan bien, ya que de los veinti\u00fan distritos en Veracruz, s\u00f3lo siete mujeres ganaron su contienda, siendo las siguientes: P\u00e1nuco, Sof\u00eda de Le\u00f3n Maza; Tantoyuca, Mar\u00eda del Carmen Pinete Vargas; Papantla, Heidi Salazar Espinoza; Coatzacoalcos, Norma Roc\u00edo Nahle Garc\u00eda; Zongolica, Lilian Zepahua Garc\u00eda; Coatepec, Nohem\u00ed Guzm\u00e1n Lagunes; y Veracruz, Gabriela Ram\u00edrez Ramos.<br \/>\nConste que no hablo a qu\u00e9 partido pol\u00edtico pertenece cada una, sino del g\u00e9nero.<br \/>\nRecordemos que en este proceso electoral 2015 participaron en Veracruz, 87 mujeres.<br \/>\nAhora que si vemos a las diputadas federales integrantes de la actual legislatura encontraremos que hay s\u00f3lo 8 designadas por mayor\u00eda relativa entre las que se encuentran dos suplentes de varones y 4 por representaci\u00f3n proporcional.<br \/>\nUna menos en esta ocasi\u00f3n elegida por votaci\u00f3n, aunque habr\u00e1 que ver cu\u00e1ntas entran por la v\u00eda plurinominal.<br \/>\nRecordemos que en Veracruz, de los 5 millones 582 mil 729 electores, el 51 por ciento son mujeres, es decir, somos mayor\u00eda; luego entonces, podemos deducir que las mujeres no votamos por las propias mujeres, sino por varones; \u00bfser\u00e1 que a\u00fan no nos atrevemos a impulsar a nuestro propio g\u00e9nero para un cargo p\u00fablico?<\/p>\n<p>Email:caballero_brenda@hotmail.com<\/p>\n","protected":false},"excerpt":{"rendered":"<p>Brenda Caballero N\u00fameros Rojos Muchas veces he escuchado la frase \u201centre mujeres podemos despedazarnos, pero jam\u00e1s nos haremos da\u00f1o\u201d. Esto puede aplicar entre amigas, conocidas, y tal vez entre compa\u00f1eras de trabajo, y digo \u201cpuede\u201d porque muchas veces criticamos o hablamos nada bien de nuestras cong\u00e9neres. Esta operaci\u00f3n de \u201cgolpe bajo\u201d es una pr\u00e1ctica com\u00fan [&hellip;]<\/p>\n","protected":false},"author":2,"featured_media":0,"comment_status":"open","ping_status":"open","sticky":false,"template":"","format":"standard","meta":{"tdm_status":"","tdm_grid_status":"","footnotes":""},"categories":[70],"tags":[2687,2325,133,195],"class_list":{"0":"post-16428","1":"post","2":"type-post","3":"status-publish","4":"format-standard","6":"category-de-opinion","7":"tag-brenda-caballero","8":"tag-carolina-gudino","9":"tag-elizabeth-morales","10":"tag-veracruz"},"yoast_head":"<!-- This site is optimized with the Yoast SEO plugin v27.4 - https:\/\/yoast.com\/product\/yoast-seo-wordpress\/ -->\n<title>Perdimos las Mujeres - Los pol\u00edticos Veracruz<\/title>\n<meta name=\"robots\" content=\"index, follow, max-snippet:-1, max-image-preview:large, max-video-preview:-1\" \/>\n<link rel=\"canonical\" href=\"https:\/\/lospoliticosveracruz.com\/?p=16428\" \/>\n<meta property=\"og:locale\" content=\"es_ES\" \/>\n<meta property=\"og:type\" content=\"article\" \/>\n<meta property=\"og:title\" content=\"Perdimos las Mujeres - Los pol\u00edticos Veracruz\" \/>\n<meta property=\"og:description\" content=\"Brenda Caballero N\u00fameros Rojos Muchas veces he escuchado la frase \u201centre mujeres podemos despedazarnos, pero jam\u00e1s nos haremos da\u00f1o\u201d. Esto puede aplicar entre amigas, conocidas, y tal vez entre compa\u00f1eras de trabajo, y digo \u201cpuede\u201d porque muchas veces criticamos o hablamos nada bien de nuestras cong\u00e9neres. Esta operaci\u00f3n de \u201cgolpe bajo\u201d es una pr\u00e1ctica com\u00fan [&hellip;]\" \/>\n<meta property=\"og:url\" content=\"https:\/\/lospoliticosveracruz.com\/?p=16428\" \/>\n<meta property=\"og:site_name\" content=\"Los pol\u00edticos Veracruz\" \/>\n<meta property=\"article:publisher\" content=\"https:\/\/www.facebook.com\/people\/Notimemes-de-los-Polticos\/61565672886568\/\" \/>\n<meta property=\"article:published_time\" content=\"2015-06-10T02:35:30+00:00\" \/>\n<meta property=\"og:image\" content=\"http:\/\/www.lospoliticosveracruz.com.mx\/wp-content\/uploads\/2015\/06\/voto-femenino-300x219.jpg\" \/>\n<meta name=\"author\" content=\"Lo viste en Los Pol\u00edticos\" \/>\n<meta name=\"twitter:card\" content=\"summary_large_image\" \/>\n<meta name=\"twitter:creator\" content=\"@LosPoliticosVer\" \/>\n<meta name=\"twitter:site\" content=\"@LosPoliticosVer\" \/>\n<meta name=\"twitter:label1\" content=\"Escrito por\" \/>\n\t<meta name=\"twitter:data1\" content=\"Lo viste en Los Pol\u00edticos\" \/>\n\t<meta name=\"twitter:label2\" content=\"Tiempo de lectura\" \/>\n\t<meta name=\"twitter:data2\" content=\"3 minutos\" \/>\n<script type=\"application\/ld+json\" class=\"yoast-schema-graph\">{\"@context\":\"https:\\\/\\\/schema.org\",\"@graph\":[{\"@type\":\"Article\",\"@id\":\"https:\\\/\\\/lospoliticosveracruz.com\\\/?p=16428#article\",\"isPartOf\":{\"@id\":\"https:\\\/\\\/lospoliticosveracruz.com\\\/?p=16428\"},\"author\":{\"name\":\"Lo viste en Los Pol\u00edticos\",\"@id\":\"https:\\\/\\\/lospoliticosveracruz.com\\\/#\\\/schema\\\/person\\\/b8702bb0e538456e6efd07080bf2a4a2\"},\"headline\":\"Perdimos las Mujeres\",\"datePublished\":\"2015-06-10T02:35:30+00:00\",\"mainEntityOfPage\":{\"@id\":\"https:\\\/\\\/lospoliticosveracruz.com\\\/?p=16428\"},\"wordCount\":610,\"commentCount\":0,\"publisher\":{\"@id\":\"https:\\\/\\\/lospoliticosveracruz.com\\\/#organization\"},\"image\":{\"@id\":\"https:\\\/\\\/lospoliticosveracruz.com\\\/?p=16428#primaryimage\"},\"thumbnailUrl\":\"http:\\\/\\\/www.lospoliticosveracruz.com.mx\\\/wp-content\\\/uploads\\\/2015\\\/06\\\/voto-femenino-300x219.jpg\",\"keywords\":[\"Brenda Caballero\",\"Carolina Gudi\u00f1o\",\"Elizabeth Morales\",\"Veracruz\"],\"articleSection\":[\"De Opini\u00f3n\"],\"inLanguage\":\"es\",\"potentialAction\":[{\"@type\":\"CommentAction\",\"name\":\"Comment\",\"target\":[\"https:\\\/\\\/lospoliticosveracruz.com\\\/?p=16428#respond\"]}]},{\"@type\":\"WebPage\",\"@id\":\"https:\\\/\\\/lospoliticosveracruz.com\\\/?p=16428\",\"url\":\"https:\\\/\\\/lospoliticosveracruz.com\\\/?p=16428\",\"name\":\"Perdimos las Mujeres - Los pol\u00edticos Veracruz\",\"isPartOf\":{\"@id\":\"https:\\\/\\\/lospoliticosveracruz.com\\\/#website\"},\"primaryImageOfPage\":{\"@id\":\"https:\\\/\\\/lospoliticosveracruz.com\\\/?p=16428#primaryimage\"},\"image\":{\"@id\":\"https:\\\/\\\/lospoliticosveracruz.com\\\/?p=16428#primaryimage\"},\"thumbnailUrl\":\"http:\\\/\\\/www.lospoliticosveracruz.com.mx\\\/wp-content\\\/uploads\\\/2015\\\/06\\\/voto-femenino-300x219.jpg\",\"datePublished\":\"2015-06-10T02:35:30+00:00\",\"breadcrumb\":{\"@id\":\"https:\\\/\\\/lospoliticosveracruz.com\\\/?p=16428#breadcrumb\"},\"inLanguage\":\"es\",\"potentialAction\":[{\"@type\":\"ReadAction\",\"target\":[\"https:\\\/\\\/lospoliticosveracruz.com\\\/?p=16428\"]}]},{\"@type\":\"ImageObject\",\"inLanguage\":\"es\",\"@id\":\"https:\\\/\\\/lospoliticosveracruz.com\\\/?p=16428#primaryimage\",\"url\":\"http:\\\/\\\/www.lospoliticosveracruz.com.mx\\\/wp-content\\\/uploads\\\/2015\\\/06\\\/voto-femenino-300x219.jpg\",\"contentUrl\":\"http:\\\/\\\/www.lospoliticosveracruz.com.mx\\\/wp-content\\\/uploads\\\/2015\\\/06\\\/voto-femenino-300x219.jpg\"},{\"@type\":\"BreadcrumbList\",\"@id\":\"https:\\\/\\\/lospoliticosveracruz.com\\\/?p=16428#breadcrumb\",\"itemListElement\":[{\"@type\":\"ListItem\",\"position\":1,\"name\":\"Portada\",\"item\":\"https:\\\/\\\/lospoliticosveracruz.com\\\/\"},{\"@type\":\"ListItem\",\"position\":2,\"name\":\"Perdimos las Mujeres\"}]},{\"@type\":\"WebSite\",\"@id\":\"https:\\\/\\\/lospoliticosveracruz.com\\\/#website\",\"url\":\"https:\\\/\\\/lospoliticosveracruz.com\\\/\",\"name\":\"Los pol\u00edticos Veracruz\",\"description\":\"\",\"publisher\":{\"@id\":\"https:\\\/\\\/lospoliticosveracruz.com\\\/#organization\"},\"potentialAction\":[{\"@type\":\"SearchAction\",\"target\":{\"@type\":\"EntryPoint\",\"urlTemplate\":\"https:\\\/\\\/lospoliticosveracruz.com\\\/?s={search_term_string}\"},\"query-input\":{\"@type\":\"PropertyValueSpecification\",\"valueRequired\":true,\"valueName\":\"search_term_string\"}}],\"inLanguage\":\"es\"},{\"@type\":\"Organization\",\"@id\":\"https:\\\/\\\/lospoliticosveracruz.com\\\/#organization\",\"name\":\"Los pol\u00edticos Veracruz\",\"url\":\"https:\\\/\\\/lospoliticosveracruz.com\\\/\",\"logo\":{\"@type\":\"ImageObject\",\"inLanguage\":\"es\",\"@id\":\"https:\\\/\\\/lospoliticosveracruz.com\\\/#\\\/schema\\\/logo\\\/image\\\/\",\"url\":\"https:\\\/\\\/lospoliticosveracruz.com\\\/wp-content\\\/uploads\\\/2025\\\/12\\\/Logo-Nuevo-LOS-POLITICOS-1.jpg\",\"contentUrl\":\"https:\\\/\\\/lospoliticosveracruz.com\\\/wp-content\\\/uploads\\\/2025\\\/12\\\/Logo-Nuevo-LOS-POLITICOS-1.jpg\",\"width\":260,\"height\":70,\"caption\":\"Los pol\u00edticos Veracruz\"},\"image\":{\"@id\":\"https:\\\/\\\/lospoliticosveracruz.com\\\/#\\\/schema\\\/logo\\\/image\\\/\"},\"sameAs\":[\"https:\\\/\\\/www.facebook.com\\\/people\\\/Notimemes-de-los-Polticos\\\/61565672886568\\\/\",\"https:\\\/\\\/x.com\\\/LosPoliticosVer\"]},{\"@type\":\"Person\",\"@id\":\"https:\\\/\\\/lospoliticosveracruz.com\\\/#\\\/schema\\\/person\\\/b8702bb0e538456e6efd07080bf2a4a2\",\"name\":\"Lo viste en Los Pol\u00edticos\",\"image\":{\"@type\":\"ImageObject\",\"inLanguage\":\"es\",\"@id\":\"https:\\\/\\\/secure.gravatar.com\\\/avatar\\\/3a8de04a2656d44082be478bd6c086daa447c4651605818287b9532d3d0bd435?s=96&d=mm&r=g\",\"url\":\"https:\\\/\\\/secure.gravatar.com\\\/avatar\\\/3a8de04a2656d44082be478bd6c086daa447c4651605818287b9532d3d0bd435?s=96&d=mm&r=g\",\"contentUrl\":\"https:\\\/\\\/secure.gravatar.com\\\/avatar\\\/3a8de04a2656d44082be478bd6c086daa447c4651605818287b9532d3d0bd435?s=96&d=mm&r=g\",\"caption\":\"Lo viste en Los Pol\u00edticos\"},\"url\":\"https:\\\/\\\/lospoliticosveracruz.com\\\/?author=2\"}]}<\/script>\n<!-- \/ Yoast SEO plugin. -->","yoast_head_json":{"title":"Perdimos las Mujeres - Los pol\u00edticos Veracruz","robots":{"index":"index","follow":"follow","max-snippet":"max-snippet:-1","max-image-preview":"max-image-preview:large","max-video-preview":"max-video-preview:-1"},"canonical":"https:\/\/lospoliticosveracruz.com\/?p=16428","og_locale":"es_ES","og_type":"article","og_title":"Perdimos las Mujeres - Los pol\u00edticos Veracruz","og_description":"Brenda Caballero N\u00fameros Rojos Muchas veces he escuchado la frase \u201centre mujeres podemos despedazarnos, pero jam\u00e1s nos haremos da\u00f1o\u201d. Esto puede aplicar entre amigas, conocidas, y tal vez entre compa\u00f1eras de trabajo, y digo \u201cpuede\u201d porque muchas veces criticamos o hablamos nada bien de nuestras cong\u00e9neres. Esta operaci\u00f3n de \u201cgolpe bajo\u201d es una pr\u00e1ctica com\u00fan [&hellip;]","og_url":"https:\/\/lospoliticosveracruz.com\/?p=16428","og_site_name":"Los pol\u00edticos Veracruz","article_publisher":"https:\/\/www.facebook.com\/people\/Notimemes-de-los-Polticos\/61565672886568\/","article_published_time":"2015-06-10T02:35:30+00:00","og_image":[{"url":"http:\/\/www.lospoliticosveracruz.com.mx\/wp-content\/uploads\/2015\/06\/voto-femenino-300x219.jpg","type":"","width":"","height":""}],"author":"Lo viste en Los Pol\u00edticos","twitter_card":"summary_large_image","twitter_creator":"@LosPoliticosVer","twitter_site":"@LosPoliticosVer","twitter_misc":{"Escrito por":"Lo viste en Los Pol\u00edticos","Tiempo de lectura":"3 minutos"},"schema":{"@context":"https:\/\/schema.org","@graph":[{"@type":"Article","@id":"https:\/\/lospoliticosveracruz.com\/?p=16428#article","isPartOf":{"@id":"https:\/\/lospoliticosveracruz.com\/?p=16428"},"author":{"name":"Lo viste en Los Pol\u00edticos","@id":"https:\/\/lospoliticosveracruz.com\/#\/schema\/person\/b8702bb0e538456e6efd07080bf2a4a2"},"headline":"Perdimos las Mujeres","datePublished":"2015-06-10T02:35:30+00:00","mainEntityOfPage":{"@id":"https:\/\/lospoliticosveracruz.com\/?p=16428"},"wordCount":610,"commentCount":0,"publisher":{"@id":"https:\/\/lospoliticosveracruz.com\/#organization"},"image":{"@id":"https:\/\/lospoliticosveracruz.com\/?p=16428#primaryimage"},"thumbnailUrl":"http:\/\/www.lospoliticosveracruz.com.mx\/wp-content\/uploads\/2015\/06\/voto-femenino-300x219.jpg","keywords":["Brenda Caballero","Carolina Gudi\u00f1o","Elizabeth Morales","Veracruz"],"articleSection":["De Opini\u00f3n"],"inLanguage":"es","potentialAction":[{"@type":"CommentAction","name":"Comment","target":["https:\/\/lospoliticosveracruz.com\/?p=16428#respond"]}]},{"@type":"WebPage","@id":"https:\/\/lospoliticosveracruz.com\/?p=16428","url":"https:\/\/lospoliticosveracruz.com\/?p=16428","name":"Perdimos las Mujeres - Los pol\u00edticos Veracruz","isPartOf":{"@id":"https:\/\/lospoliticosveracruz.com\/#website"},"primaryImageOfPage":{"@id":"https:\/\/lospoliticosveracruz.com\/?p=16428#primaryimage"},"image":{"@id":"https:\/\/lospoliticosveracruz.com\/?p=16428#primaryimage"},"thumbnailUrl":"http:\/\/www.lospoliticosveracruz.com.mx\/wp-content\/uploads\/2015\/06\/voto-femenino-300x219.jpg","datePublished":"2015-06-10T02:35:30+00:00","breadcrumb":{"@id":"https:\/\/lospoliticosveracruz.com\/?p=16428#breadcrumb"},"inLanguage":"es","potentialAction":[{"@type":"ReadAction","target":["https:\/\/lospoliticosveracruz.com\/?p=16428"]}]},{"@type":"ImageObject","inLanguage":"es","@id":"https:\/\/lospoliticosveracruz.com\/?p=16428#primaryimage","url":"http:\/\/www.lospoliticosveracruz.com.mx\/wp-content\/uploads\/2015\/06\/voto-femenino-300x219.jpg","contentUrl":"http:\/\/www.lospoliticosveracruz.com.mx\/wp-content\/uploads\/2015\/06\/voto-femenino-300x219.jpg"},{"@type":"BreadcrumbList","@id":"https:\/\/lospoliticosveracruz.com\/?p=16428#breadcrumb","itemListElement":[{"@type":"ListItem","position":1,"name":"Portada","item":"https:\/\/lospoliticosveracruz.com\/"},{"@type":"ListItem","position":2,"name":"Perdimos las Mujeres"}]},{"@type":"WebSite","@id":"https:\/\/lospoliticosveracruz.com\/#website","url":"https:\/\/lospoliticosveracruz.com\/","name":"Los pol\u00edticos Veracruz","description":"","publisher":{"@id":"https:\/\/lospoliticosveracruz.com\/#organization"},"potentialAction":[{"@type":"SearchAction","target":{"@type":"EntryPoint","urlTemplate":"https:\/\/lospoliticosveracruz.com\/?s={search_term_string}"},"query-input":{"@type":"PropertyValueSpecification","valueRequired":true,"valueName":"search_term_string"}}],"inLanguage":"es"},{"@type":"Organization","@id":"https:\/\/lospoliticosveracruz.com\/#organization","name":"Los pol\u00edticos Veracruz","url":"https:\/\/lospoliticosveracruz.com\/","logo":{"@type":"ImageObject","inLanguage":"es","@id":"https:\/\/lospoliticosveracruz.com\/#\/schema\/logo\/image\/","url":"https:\/\/lospoliticosveracruz.com\/wp-content\/uploads\/2025\/12\/Logo-Nuevo-LOS-POLITICOS-1.jpg","contentUrl":"https:\/\/lospoliticosveracruz.com\/wp-content\/uploads\/2025\/12\/Logo-Nuevo-LOS-POLITICOS-1.jpg","width":260,"height":70,"caption":"Los pol\u00edticos Veracruz"},"image":{"@id":"https:\/\/lospoliticosveracruz.com\/#\/schema\/logo\/image\/"},"sameAs":["https:\/\/www.facebook.com\/people\/Notimemes-de-los-Polticos\/61565672886568\/","https:\/\/x.com\/LosPoliticosVer"]},{"@type":"Person","@id":"https:\/\/lospoliticosveracruz.com\/#\/schema\/person\/b8702bb0e538456e6efd07080bf2a4a2","name":"Lo viste en Los Pol\u00edticos","image":{"@type":"ImageObject","inLanguage":"es","@id":"https:\/\/secure.gravatar.com\/avatar\/3a8de04a2656d44082be478bd6c086daa447c4651605818287b9532d3d0bd435?s=96&d=mm&r=g","url":"https:\/\/secure.gravatar.com\/avatar\/3a8de04a2656d44082be478bd6c086daa447c4651605818287b9532d3d0bd435?s=96&d=mm&r=g","contentUrl":"https:\/\/secure.gravatar.com\/avatar\/3a8de04a2656d44082be478bd6c086daa447c4651605818287b9532d3d0bd435?s=96&d=mm&r=g","caption":"Lo viste en Los Pol\u00edticos"},"url":"https:\/\/lospoliticosveracruz.com\/?author=2"}]}},"_links":{"self":[{"href":"https:\/\/lospoliticosveracruz.com\/index.php?rest_route=\/wp\/v2\/posts\/16428","targetHints":{"allow":["GET"]}}],"collection":[{"href":"https:\/\/lospoliticosveracruz.com\/index.php?rest_route=\/wp\/v2\/posts"}],"about":[{"href":"https:\/\/lospoliticosveracruz.com\/index.php?rest_route=\/wp\/v2\/types\/post"}],"author":[{"embeddable":true,"href":"https:\/\/lospoliticosveracruz.com\/index.php?rest_route=\/wp\/v2\/users\/2"}],"replies":[{"embeddable":true,"href":"https:\/\/lospoliticosveracruz.com\/index.php?rest_route=%2Fwp%2Fv2%2Fcomments&post=16428"}],"version-history":[{"count":1,"href":"https:\/\/lospoliticosveracruz.com\/index.php?rest_route=\/wp\/v2\/posts\/16428\/revisions"}],"predecessor-version":[{"id":16430,"href":"https:\/\/lospoliticosveracruz.com\/index.php?rest_route=\/wp\/v2\/posts\/16428\/revisions\/16430"}],"wp:attachment":[{"href":"https:\/\/lospoliticosveracruz.com\/index.php?rest_route=%2Fwp%2Fv2%2Fmedia&parent=16428"}],"wp:term":[{"taxonomy":"category","embeddable":true,"href":"https:\/\/lospoliticosveracruz.com\/index.php?rest_route=%2Fwp%2Fv2%2Fcategories&post=16428"},{"taxonomy":"post_tag","embeddable":true,"href":"https:\/\/lospoliticosveracruz.com\/index.php?rest_route=%2Fwp%2Fv2%2Ftags&post=16428"}],"curies":[{"name":"wp","href":"https:\/\/api.w.org\/{rel}","templated":true}]}}