{"id":164835,"date":"2026-03-01T20:28:44","date_gmt":"2026-03-02T02:28:44","guid":{"rendered":"https:\/\/lospoliticosveracruz.com\/?p=164835"},"modified":"2026-03-01T20:28:45","modified_gmt":"2026-03-02T02:28:45","slug":"nahle-depura-equipo-de-trabajo-en-el-gabinete","status":"publish","type":"post","link":"https:\/\/lospoliticosveracruz.com\/?p=164835","title":{"rendered":"NAHLE DEPURA EQUIPO DE TRABAJO EN EL GABINETE"},"content":{"rendered":"\n<p><strong>Jos\u00e9 Luis Enr\u00edquez Ambell<\/strong><\/p>\n\n\n\n<p><em>Caf\u00e9 de Ma\u00f1ana<\/em><\/p>\n\n\n\n<p>La Ingeniera apenas cruza el 20% del periodo sexenal que le otorg\u00f3 la voluntad ciudadana en las urnas en 2024, deposit\u00e1ndole la confianza al frente del Poder Ejecutivo de Veracruz, y no se ha detenido cuando hay que dar un golpe de autoridad en la mesa.<\/p>\n\n\n\n<p>Con discreci\u00f3n y la eficacia que le caracteriza, pasada la etapa de los primeros 100 d\u00edas de su gobierno, anunci\u00f3 el relevo de Dulce Mar\u00eda \u201cNena\u201d De la Reguera en la Secretar\u00eda de Turismo \u2014a quien Nahle agradeci\u00f3 su apoyo en el inicio del mandato\u2014 d\u00edas posteriores a la conclusi\u00f3n de Cumbre Taj\u00edn 2025 \u2014y se dijo que por asuntos personales y de salud\u2014, siendo el diputado local por Orizaba, Igor Roj\u00ed, quien relev\u00f3 a la siempre encantadora Nena, solicitando licencia ante el Congreso del Estado.<\/p>\n\n\n\n<p>As\u00ed comenz\u00f3 la movilidad en la estructura del mando, en la \u00f3rbita de acci\u00f3n de una mayor vinculaci\u00f3n y fortaleza del gabinete legal de Roc\u00edo Nahle.<\/p>\n\n\n\n<p>Posteriormente hizo relevos en Educaci\u00f3n, Salud, Sefiplan, Ipe, Siop y recientemente en la CGE (Contralor\u00eda General del Estado), ante el anuncio de que Ram\u00f3n Santos Navarro va en busca de la ASF (Auditor\u00eda Superior de la Federaci\u00f3n). En suma, todos los movimientos en el primer nivel del gabinete, situaci\u00f3n que llev\u00f3 a las renuncias, los reacomodos y relevos propios de ajustes que se entienden ser\u00e1n para mejorar.<\/p>\n\n\n\n<p>Todos esos cambios podr\u00edan incrementarse en los meses por venir, incluyendo la entrada de nuevos servidores p\u00fablicos y la salida de algunos actuales; incluso, algunos podr\u00edan cambiar de puesto o de nivel jer\u00e1rquico, todo con el objetivo de reducir el aparato gubernamental y ahorrar recursos, pero sobre todo para oxigenar e inyectar aire fresco con rumbo al proceso electoral intermedio de 2027, y no solo por la tendencia de disminuir el gasto en el gobierno estatal.<\/p>\n\n\n\n<p>El m\u00e1s reciente ajuste en la CGE hace natural suponer que los reacomodos iniciaron en el tablero del ajedrez del \u00d3rgano Interno de Control del Poder Ejecutivo, pues algunos saldr\u00edan para nuevas tareas y otros m\u00e1s estar\u00edan por culminar su ciclo en la naciente administraci\u00f3n. En todos los casos no se trata de falta de capacidad, lealtad o confianza, sino de un ejercicio para homogeneizar esfuerzos, cerrar ciclos y abrir otros con responsabilidad local a todo vapor, bajo la idea de la Gobernadora de obtener los mejores resultados en las urnas el pr\u00f3ximo a\u00f1o, sin dejar de lado obras, servicios y acciones de gobierno para potenciar la construcci\u00f3n del segundo piso de la transformaci\u00f3n desde Veracruz y para M\u00e9xico.<\/p>\n\n\n\n<p>Se sabe que, pasadas las comparecencias del Primer Informe de Gobierno y con el inicio de nuevas autoridades municipales, Roc\u00edo Nahle ha venido articulando tareas a mujeres y hombres de su confianza, incluyendo perfiles en el Poder Legislativo, para edificar mejores resultados rumbo a la selecci\u00f3n y elecci\u00f3n de diputados locales y federales.<\/p>\n\n\n\n<p>Los gobiernos actuales se ajustan con mayor frecuencia a nuevas realidades y pol\u00edticas p\u00fablicas; el desgaste humano suele ser m\u00e1s intenso y la exigencia social empuja tarde o temprano a realizar ajustes.<\/p>\n\n\n\n<p>La administraci\u00f3n p\u00fablica ense\u00f1a y fortalece conceptos \u2014sobre todo a actores nuevos o con menor experiencia\u2014, y es claro que est\u00e1 en juego la mayor\u00eda legislativa. Por ello, resulta natural que la gobernante mueva piezas para blindarse en lo local, mantener mayor\u00eda en el Congreso del Estado y apuntalar la relaci\u00f3n con la Presidenta Sheinbaum en el Congreso de la Uni\u00f3n.<\/p>\n\n\n\n<p>Los cimientos en la estructura social de votos para Morena entre 2024 y 2025 mostraron una ligera erosi\u00f3n, y esa tendencia requiere atenci\u00f3n oportuna. Entre miembros del gobierno estatal y federal, ex y actuales ediles, as\u00ed como acuerdos pol\u00edticos y sumas externas, los movimientos en el gabinete legal y ampliado parecen estar a la orden del d\u00eda, de la mano de Roc\u00edo Nahle.<\/p>\n\n\n\n<p><strong>DE SOBREMESA<\/strong><\/p>\n\n\n\n<p>El nuevo grupo de trabajo con la contralora B\u00e1rbara Galindo incluye ajustes en direcciones generales: en Fiscalizaci\u00f3n, Antonio Paxtian es relevado por V\u00edctor Barreda; y en Responsabilidades, sale Luis Jim\u00e9nez y llega Carlos Vidarte, entre otros movimientos que se ir\u00e1n conociendo en los pr\u00f3ximos d\u00edas dentro de la estructura de la CGE.<\/p>\n\n\n\n<p><strong>UN CAF\u00c9 LECHERO LIGHT<\/strong><\/p>\n\n\n\n<p>En todo cambio suelen ponerse bajo la lupa a servidores p\u00fablicos que dejan el cargo en t\u00e9rminos del cumplimiento de sus atribuciones legales; sin embargo, muchos de los relevados han respondido con altas calificaciones desde el dise\u00f1o, aplicaci\u00f3n y evaluaci\u00f3n de responsabilidades asignadas por Roc\u00edo Nahle a trav\u00e9s de Ram\u00f3n Santos. La idea es seguir caminando hacia adelante y no perder tiempo queriendo barrer hacia atr\u00e1s.<\/p>\n\n\n\n<p><strong>UN CAF\u00c9 CON DOBLE CARGA<\/strong><\/p>\n\n\n\n<p>La CGE juega un rol relevante en la gobernabilidad del Poder Ejecutivo de Veracruz, y aqu\u00ed la confianza de la Gobernadora Nahle tiene un peso m\u00e1s all\u00e1 del \u00e1mbito visible de las dependencias p\u00fablicas.<\/p>\n\n\n\n<p><strong>UN CAF\u00c9 PILONCILLO<\/strong><\/p>\n\n\n\n<p>En resumen, los cambios en puestos de gobierno tienden a remodelar la estructura mediante enroques administrativos, pero siempre llevan un mensaje profundo en t\u00e9rminos de toma de decisiones.<\/p>\n\n\n\n<p>Esos movimientos comunican desde el Poder Ejecutivo las prioridades y el rumbo ante la opini\u00f3n p\u00fablica en el universo del quehacer p\u00fablico en Veracruz.<\/p>\n\n\n\n<p>De ah\u00ed la necesidad de realizar ajustes o dar continuidad a ciertas \u00e1reas \u2014todo calculado y medido\u2014 guardando el equilibrio estrat\u00e9gico que define la Ingeniera Nahle, lo que permitir\u00e1 fortalecer la gobernabilidad pol\u00edtica con eficiencia administrativa y consolidar su proyecto de transparencia y rendici\u00f3n de cuentas claras.<\/p>\n\n\n\n<p>La agenda donde se discute la participaci\u00f3n ciudadana y la confianza social est\u00e1 en las pr\u00f3ximas urnas; de ah\u00ed la importancia de un gabinete m\u00e1s s\u00f3lido y homog\u00e9neo.<\/p>\n\n\n\n<p>\u00a1ES CUANTO!<\/p>\n\n\n\n<p>enriquezambell@gmail.com;<\/p>\n\n\n\n<p>enamjl62@gmail.com<\/p>\n","protected":false},"excerpt":{"rendered":"<p>Jos\u00e9 Luis Enr\u00edquez Ambell Caf\u00e9 de Ma\u00f1ana La Ingeniera apenas cruza el 20% del periodo sexenal que le otorg\u00f3 la voluntad ciudadana en las urnas en 2024, deposit\u00e1ndole la confianza al frente del Poder Ejecutivo de Veracruz, y no se ha detenido cuando hay que dar un golpe de autoridad en la mesa. Con discreci\u00f3n [&hellip;]<\/p>\n","protected":false},"author":2,"featured_media":141435,"comment_status":"closed","ping_status":"closed","sticky":false,"template":"","format":"standard","meta":{"tdm_status":"","tdm_grid_status":"","footnotes":""},"categories":[70],"tags":[],"class_list":{"0":"post-164835","1":"post","2":"type-post","3":"status-publish","4":"format-standard","5":"has-post-thumbnail","7":"category-de-opinion"},"yoast_head":"<!-- This site is optimized with the Yoast SEO plugin v27.4 - https:\/\/yoast.com\/product\/yoast-seo-wordpress\/ -->\n<title>NAHLE DEPURA EQUIPO DE TRABAJO EN EL GABINETE - Los pol\u00edticos Veracruz<\/title>\n<meta name=\"robots\" content=\"index, follow, max-snippet:-1, max-image-preview:large, max-video-preview:-1\" \/>\n<link rel=\"canonical\" href=\"https:\/\/lospoliticosveracruz.com\/?p=164835\" \/>\n<meta property=\"og:locale\" content=\"es_ES\" \/>\n<meta property=\"og:type\" content=\"article\" \/>\n<meta property=\"og:title\" content=\"NAHLE DEPURA EQUIPO DE TRABAJO EN EL GABINETE - Los pol\u00edticos Veracruz\" \/>\n<meta property=\"og:description\" content=\"Jos\u00e9 Luis Enr\u00edquez Ambell Caf\u00e9 de Ma\u00f1ana La Ingeniera apenas cruza el 20% del periodo sexenal que le otorg\u00f3 la voluntad ciudadana en las urnas en 2024, deposit\u00e1ndole la confianza al frente del Poder Ejecutivo de Veracruz, y no se ha detenido cuando hay que dar un golpe de autoridad en la mesa. Con discreci\u00f3n [&hellip;]\" \/>\n<meta property=\"og:url\" content=\"https:\/\/lospoliticosveracruz.com\/?p=164835\" \/>\n<meta property=\"og:site_name\" content=\"Los pol\u00edticos Veracruz\" \/>\n<meta property=\"article:publisher\" content=\"https:\/\/www.facebook.com\/people\/Notimemes-de-los-Polticos\/61565672886568\/\" \/>\n<meta property=\"article:published_time\" content=\"2026-03-02T02:28:44+00:00\" \/>\n<meta property=\"article:modified_time\" content=\"2026-03-02T02:28:45+00:00\" \/>\n<meta property=\"og:image\" content=\"https:\/\/lospoliticosveracruz.com\/wp-content\/uploads\/2025\/04\/Ambell.jpg\" \/>\n\t<meta property=\"og:image:width\" content=\"1250\" \/>\n\t<meta property=\"og:image:height\" content=\"667\" \/>\n\t<meta property=\"og:image:type\" content=\"image\/jpeg\" \/>\n<meta name=\"author\" content=\"Lo viste en Los Pol\u00edticos\" \/>\n<meta name=\"twitter:card\" content=\"summary_large_image\" \/>\n<meta name=\"twitter:creator\" content=\"@LosPoliticosVer\" \/>\n<meta name=\"twitter:site\" content=\"@LosPoliticosVer\" \/>\n<meta name=\"twitter:label1\" content=\"Escrito por\" \/>\n\t<meta name=\"twitter:data1\" content=\"Lo viste en Los Pol\u00edticos\" \/>\n\t<meta name=\"twitter:label2\" content=\"Tiempo de lectura\" \/>\n\t<meta name=\"twitter:data2\" content=\"5 minutos\" \/>\n<script type=\"application\/ld+json\" class=\"yoast-schema-graph\">{\"@context\":\"https:\\\/\\\/schema.org\",\"@graph\":[{\"@type\":\"Article\",\"@id\":\"https:\\\/\\\/lospoliticosveracruz.com\\\/?p=164835#article\",\"isPartOf\":{\"@id\":\"https:\\\/\\\/lospoliticosveracruz.com\\\/?p=164835\"},\"author\":{\"name\":\"Lo viste en Los Pol\u00edticos\",\"@id\":\"https:\\\/\\\/lospoliticosveracruz.com\\\/#\\\/schema\\\/person\\\/b8702bb0e538456e6efd07080bf2a4a2\"},\"headline\":\"NAHLE DEPURA EQUIPO DE TRABAJO EN EL GABINETE\",\"datePublished\":\"2026-03-02T02:28:44+00:00\",\"dateModified\":\"2026-03-02T02:28:45+00:00\",\"mainEntityOfPage\":{\"@id\":\"https:\\\/\\\/lospoliticosveracruz.com\\\/?p=164835\"},\"wordCount\":1020,\"publisher\":{\"@id\":\"https:\\\/\\\/lospoliticosveracruz.com\\\/#organization\"},\"image\":{\"@id\":\"https:\\\/\\\/lospoliticosveracruz.com\\\/?p=164835#primaryimage\"},\"thumbnailUrl\":\"https:\\\/\\\/lospoliticosveracruz.com\\\/wp-content\\\/uploads\\\/2025\\\/04\\\/Ambell.jpg\",\"articleSection\":[\"De Opini\u00f3n\"],\"inLanguage\":\"es\"},{\"@type\":\"WebPage\",\"@id\":\"https:\\\/\\\/lospoliticosveracruz.com\\\/?p=164835\",\"url\":\"https:\\\/\\\/lospoliticosveracruz.com\\\/?p=164835\",\"name\":\"NAHLE DEPURA EQUIPO DE TRABAJO EN EL GABINETE - Los pol\u00edticos Veracruz\",\"isPartOf\":{\"@id\":\"https:\\\/\\\/lospoliticosveracruz.com\\\/#website\"},\"primaryImageOfPage\":{\"@id\":\"https:\\\/\\\/lospoliticosveracruz.com\\\/?p=164835#primaryimage\"},\"image\":{\"@id\":\"https:\\\/\\\/lospoliticosveracruz.com\\\/?p=164835#primaryimage\"},\"thumbnailUrl\":\"https:\\\/\\\/lospoliticosveracruz.com\\\/wp-content\\\/uploads\\\/2025\\\/04\\\/Ambell.jpg\",\"datePublished\":\"2026-03-02T02:28:44+00:00\",\"dateModified\":\"2026-03-02T02:28:45+00:00\",\"breadcrumb\":{\"@id\":\"https:\\\/\\\/lospoliticosveracruz.com\\\/?p=164835#breadcrumb\"},\"inLanguage\":\"es\",\"potentialAction\":[{\"@type\":\"ReadAction\",\"target\":[\"https:\\\/\\\/lospoliticosveracruz.com\\\/?p=164835\"]}]},{\"@type\":\"ImageObject\",\"inLanguage\":\"es\",\"@id\":\"https:\\\/\\\/lospoliticosveracruz.com\\\/?p=164835#primaryimage\",\"url\":\"https:\\\/\\\/lospoliticosveracruz.com\\\/wp-content\\\/uploads\\\/2025\\\/04\\\/Ambell.jpg\",\"contentUrl\":\"https:\\\/\\\/lospoliticosveracruz.com\\\/wp-content\\\/uploads\\\/2025\\\/04\\\/Ambell.jpg\",\"width\":1250,\"height\":667},{\"@type\":\"BreadcrumbList\",\"@id\":\"https:\\\/\\\/lospoliticosveracruz.com\\\/?p=164835#breadcrumb\",\"itemListElement\":[{\"@type\":\"ListItem\",\"position\":1,\"name\":\"Portada\",\"item\":\"https:\\\/\\\/lospoliticosveracruz.com\\\/\"},{\"@type\":\"ListItem\",\"position\":2,\"name\":\"NAHLE DEPURA EQUIPO DE TRABAJO EN EL GABINETE\"}]},{\"@type\":\"WebSite\",\"@id\":\"https:\\\/\\\/lospoliticosveracruz.com\\\/#website\",\"url\":\"https:\\\/\\\/lospoliticosveracruz.com\\\/\",\"name\":\"Los pol\u00edticos Veracruz\",\"description\":\"\",\"publisher\":{\"@id\":\"https:\\\/\\\/lospoliticosveracruz.com\\\/#organization\"},\"potentialAction\":[{\"@type\":\"SearchAction\",\"target\":{\"@type\":\"EntryPoint\",\"urlTemplate\":\"https:\\\/\\\/lospoliticosveracruz.com\\\/?s={search_term_string}\"},\"query-input\":{\"@type\":\"PropertyValueSpecification\",\"valueRequired\":true,\"valueName\":\"search_term_string\"}}],\"inLanguage\":\"es\"},{\"@type\":\"Organization\",\"@id\":\"https:\\\/\\\/lospoliticosveracruz.com\\\/#organization\",\"name\":\"Los pol\u00edticos Veracruz\",\"url\":\"https:\\\/\\\/lospoliticosveracruz.com\\\/\",\"logo\":{\"@type\":\"ImageObject\",\"inLanguage\":\"es\",\"@id\":\"https:\\\/\\\/lospoliticosveracruz.com\\\/#\\\/schema\\\/logo\\\/image\\\/\",\"url\":\"https:\\\/\\\/lospoliticosveracruz.com\\\/wp-content\\\/uploads\\\/2025\\\/12\\\/Logo-Nuevo-LOS-POLITICOS-1.jpg\",\"contentUrl\":\"https:\\\/\\\/lospoliticosveracruz.com\\\/wp-content\\\/uploads\\\/2025\\\/12\\\/Logo-Nuevo-LOS-POLITICOS-1.jpg\",\"width\":260,\"height\":70,\"caption\":\"Los pol\u00edticos Veracruz\"},\"image\":{\"@id\":\"https:\\\/\\\/lospoliticosveracruz.com\\\/#\\\/schema\\\/logo\\\/image\\\/\"},\"sameAs\":[\"https:\\\/\\\/www.facebook.com\\\/people\\\/Notimemes-de-los-Polticos\\\/61565672886568\\\/\",\"https:\\\/\\\/x.com\\\/LosPoliticosVer\"]},{\"@type\":\"Person\",\"@id\":\"https:\\\/\\\/lospoliticosveracruz.com\\\/#\\\/schema\\\/person\\\/b8702bb0e538456e6efd07080bf2a4a2\",\"name\":\"Lo viste en Los Pol\u00edticos\",\"image\":{\"@type\":\"ImageObject\",\"inLanguage\":\"es\",\"@id\":\"https:\\\/\\\/secure.gravatar.com\\\/avatar\\\/3a8de04a2656d44082be478bd6c086daa447c4651605818287b9532d3d0bd435?s=96&d=mm&r=g\",\"url\":\"https:\\\/\\\/secure.gravatar.com\\\/avatar\\\/3a8de04a2656d44082be478bd6c086daa447c4651605818287b9532d3d0bd435?s=96&d=mm&r=g\",\"contentUrl\":\"https:\\\/\\\/secure.gravatar.com\\\/avatar\\\/3a8de04a2656d44082be478bd6c086daa447c4651605818287b9532d3d0bd435?s=96&d=mm&r=g\",\"caption\":\"Lo viste en Los Pol\u00edticos\"},\"url\":\"https:\\\/\\\/lospoliticosveracruz.com\\\/?author=2\"}]}<\/script>\n<!-- \/ Yoast SEO plugin. -->","yoast_head_json":{"title":"NAHLE DEPURA EQUIPO DE TRABAJO EN EL GABINETE - Los pol\u00edticos Veracruz","robots":{"index":"index","follow":"follow","max-snippet":"max-snippet:-1","max-image-preview":"max-image-preview:large","max-video-preview":"max-video-preview:-1"},"canonical":"https:\/\/lospoliticosveracruz.com\/?p=164835","og_locale":"es_ES","og_type":"article","og_title":"NAHLE DEPURA EQUIPO DE TRABAJO EN EL GABINETE - Los pol\u00edticos Veracruz","og_description":"Jos\u00e9 Luis Enr\u00edquez Ambell Caf\u00e9 de Ma\u00f1ana La Ingeniera apenas cruza el 20% del periodo sexenal que le otorg\u00f3 la voluntad ciudadana en las urnas en 2024, deposit\u00e1ndole la confianza al frente del Poder Ejecutivo de Veracruz, y no se ha detenido cuando hay que dar un golpe de autoridad en la mesa. Con discreci\u00f3n [&hellip;]","og_url":"https:\/\/lospoliticosveracruz.com\/?p=164835","og_site_name":"Los pol\u00edticos Veracruz","article_publisher":"https:\/\/www.facebook.com\/people\/Notimemes-de-los-Polticos\/61565672886568\/","article_published_time":"2026-03-02T02:28:44+00:00","article_modified_time":"2026-03-02T02:28:45+00:00","og_image":[{"width":1250,"height":667,"url":"https:\/\/lospoliticosveracruz.com\/wp-content\/uploads\/2025\/04\/Ambell.jpg","type":"image\/jpeg"}],"author":"Lo viste en Los Pol\u00edticos","twitter_card":"summary_large_image","twitter_creator":"@LosPoliticosVer","twitter_site":"@LosPoliticosVer","twitter_misc":{"Escrito por":"Lo viste en Los Pol\u00edticos","Tiempo de lectura":"5 minutos"},"schema":{"@context":"https:\/\/schema.org","@graph":[{"@type":"Article","@id":"https:\/\/lospoliticosveracruz.com\/?p=164835#article","isPartOf":{"@id":"https:\/\/lospoliticosveracruz.com\/?p=164835"},"author":{"name":"Lo viste en Los Pol\u00edticos","@id":"https:\/\/lospoliticosveracruz.com\/#\/schema\/person\/b8702bb0e538456e6efd07080bf2a4a2"},"headline":"NAHLE DEPURA EQUIPO DE TRABAJO EN EL GABINETE","datePublished":"2026-03-02T02:28:44+00:00","dateModified":"2026-03-02T02:28:45+00:00","mainEntityOfPage":{"@id":"https:\/\/lospoliticosveracruz.com\/?p=164835"},"wordCount":1020,"publisher":{"@id":"https:\/\/lospoliticosveracruz.com\/#organization"},"image":{"@id":"https:\/\/lospoliticosveracruz.com\/?p=164835#primaryimage"},"thumbnailUrl":"https:\/\/lospoliticosveracruz.com\/wp-content\/uploads\/2025\/04\/Ambell.jpg","articleSection":["De Opini\u00f3n"],"inLanguage":"es"},{"@type":"WebPage","@id":"https:\/\/lospoliticosveracruz.com\/?p=164835","url":"https:\/\/lospoliticosveracruz.com\/?p=164835","name":"NAHLE DEPURA EQUIPO DE TRABAJO EN EL GABINETE - Los pol\u00edticos Veracruz","isPartOf":{"@id":"https:\/\/lospoliticosveracruz.com\/#website"},"primaryImageOfPage":{"@id":"https:\/\/lospoliticosveracruz.com\/?p=164835#primaryimage"},"image":{"@id":"https:\/\/lospoliticosveracruz.com\/?p=164835#primaryimage"},"thumbnailUrl":"https:\/\/lospoliticosveracruz.com\/wp-content\/uploads\/2025\/04\/Ambell.jpg","datePublished":"2026-03-02T02:28:44+00:00","dateModified":"2026-03-02T02:28:45+00:00","breadcrumb":{"@id":"https:\/\/lospoliticosveracruz.com\/?p=164835#breadcrumb"},"inLanguage":"es","potentialAction":[{"@type":"ReadAction","target":["https:\/\/lospoliticosveracruz.com\/?p=164835"]}]},{"@type":"ImageObject","inLanguage":"es","@id":"https:\/\/lospoliticosveracruz.com\/?p=164835#primaryimage","url":"https:\/\/lospoliticosveracruz.com\/wp-content\/uploads\/2025\/04\/Ambell.jpg","contentUrl":"https:\/\/lospoliticosveracruz.com\/wp-content\/uploads\/2025\/04\/Ambell.jpg","width":1250,"height":667},{"@type":"BreadcrumbList","@id":"https:\/\/lospoliticosveracruz.com\/?p=164835#breadcrumb","itemListElement":[{"@type":"ListItem","position":1,"name":"Portada","item":"https:\/\/lospoliticosveracruz.com\/"},{"@type":"ListItem","position":2,"name":"NAHLE DEPURA EQUIPO DE TRABAJO EN EL GABINETE"}]},{"@type":"WebSite","@id":"https:\/\/lospoliticosveracruz.com\/#website","url":"https:\/\/lospoliticosveracruz.com\/","name":"Los pol\u00edticos Veracruz","description":"","publisher":{"@id":"https:\/\/lospoliticosveracruz.com\/#organization"},"potentialAction":[{"@type":"SearchAction","target":{"@type":"EntryPoint","urlTemplate":"https:\/\/lospoliticosveracruz.com\/?s={search_term_string}"},"query-input":{"@type":"PropertyValueSpecification","valueRequired":true,"valueName":"search_term_string"}}],"inLanguage":"es"},{"@type":"Organization","@id":"https:\/\/lospoliticosveracruz.com\/#organization","name":"Los pol\u00edticos Veracruz","url":"https:\/\/lospoliticosveracruz.com\/","logo":{"@type":"ImageObject","inLanguage":"es","@id":"https:\/\/lospoliticosveracruz.com\/#\/schema\/logo\/image\/","url":"https:\/\/lospoliticosveracruz.com\/wp-content\/uploads\/2025\/12\/Logo-Nuevo-LOS-POLITICOS-1.jpg","contentUrl":"https:\/\/lospoliticosveracruz.com\/wp-content\/uploads\/2025\/12\/Logo-Nuevo-LOS-POLITICOS-1.jpg","width":260,"height":70,"caption":"Los pol\u00edticos Veracruz"},"image":{"@id":"https:\/\/lospoliticosveracruz.com\/#\/schema\/logo\/image\/"},"sameAs":["https:\/\/www.facebook.com\/people\/Notimemes-de-los-Polticos\/61565672886568\/","https:\/\/x.com\/LosPoliticosVer"]},{"@type":"Person","@id":"https:\/\/lospoliticosveracruz.com\/#\/schema\/person\/b8702bb0e538456e6efd07080bf2a4a2","name":"Lo viste en Los Pol\u00edticos","image":{"@type":"ImageObject","inLanguage":"es","@id":"https:\/\/secure.gravatar.com\/avatar\/3a8de04a2656d44082be478bd6c086daa447c4651605818287b9532d3d0bd435?s=96&d=mm&r=g","url":"https:\/\/secure.gravatar.com\/avatar\/3a8de04a2656d44082be478bd6c086daa447c4651605818287b9532d3d0bd435?s=96&d=mm&r=g","contentUrl":"https:\/\/secure.gravatar.com\/avatar\/3a8de04a2656d44082be478bd6c086daa447c4651605818287b9532d3d0bd435?s=96&d=mm&r=g","caption":"Lo viste en Los Pol\u00edticos"},"url":"https:\/\/lospoliticosveracruz.com\/?author=2"}]}},"_links":{"self":[{"href":"https:\/\/lospoliticosveracruz.com\/index.php?rest_route=\/wp\/v2\/posts\/164835","targetHints":{"allow":["GET"]}}],"collection":[{"href":"https:\/\/lospoliticosveracruz.com\/index.php?rest_route=\/wp\/v2\/posts"}],"about":[{"href":"https:\/\/lospoliticosveracruz.com\/index.php?rest_route=\/wp\/v2\/types\/post"}],"author":[{"embeddable":true,"href":"https:\/\/lospoliticosveracruz.com\/index.php?rest_route=\/wp\/v2\/users\/2"}],"replies":[{"embeddable":true,"href":"https:\/\/lospoliticosveracruz.com\/index.php?rest_route=%2Fwp%2Fv2%2Fcomments&post=164835"}],"version-history":[{"count":1,"href":"https:\/\/lospoliticosveracruz.com\/index.php?rest_route=\/wp\/v2\/posts\/164835\/revisions"}],"predecessor-version":[{"id":164836,"href":"https:\/\/lospoliticosveracruz.com\/index.php?rest_route=\/wp\/v2\/posts\/164835\/revisions\/164836"}],"wp:featuredmedia":[{"embeddable":true,"href":"https:\/\/lospoliticosveracruz.com\/index.php?rest_route=\/wp\/v2\/media\/141435"}],"wp:attachment":[{"href":"https:\/\/lospoliticosveracruz.com\/index.php?rest_route=%2Fwp%2Fv2%2Fmedia&parent=164835"}],"wp:term":[{"taxonomy":"category","embeddable":true,"href":"https:\/\/lospoliticosveracruz.com\/index.php?rest_route=%2Fwp%2Fv2%2Fcategories&post=164835"},{"taxonomy":"post_tag","embeddable":true,"href":"https:\/\/lospoliticosveracruz.com\/index.php?rest_route=%2Fwp%2Fv2%2Ftags&post=164835"}],"curies":[{"name":"wp","href":"https:\/\/api.w.org\/{rel}","templated":true}]}}