{"id":16486,"date":"2015-06-15T22:22:57","date_gmt":"2015-06-16T03:22:57","guid":{"rendered":"http:\/\/www.lospoliticosveracruz.com.mx\/?p=16486"},"modified":"2015-06-15T22:22:57","modified_gmt":"2015-06-16T03:22:57","slug":"el-reto-de-la-movilidad","status":"publish","type":"post","link":"https:\/\/lospoliticosveracruz.com\/?p=16486","title":{"rendered":"El reto de la movilidad"},"content":{"rendered":"<p><a href=\"http:\/\/www.lospoliticosveracruz.com.mx\/wp-content\/uploads\/2015\/06\/Xalapa.jpg\"><img loading=\"lazy\" decoding=\"async\" class=\"alignnone size-medium wp-image-16489\" src=\"http:\/\/www.lospoliticosveracruz.com.mx\/wp-content\/uploads\/2015\/06\/Xalapa-300x203.jpg\" alt=\"Xalapa\" width=\"300\" height=\"203\" \/><\/a><\/p>\n<p><strong>Luis Alberto Romero<\/strong><\/p>\n<p><em>Hora Cero<\/em><\/p>\n<p>Este lunes, el alcalde xalape\u00f1o, Am\u00e9rico Z\u00fa\u00f1iga Mart\u00ednez, encabez\u00f3 la reuni\u00f3n sobre el Plan de Acci\u00f3n Xalapa Sostenible, documento que fue elaborado en el marco de la inclusi\u00f3n de la capital veracruzana a la Iniciativa de Ciudades Emergentes del Banco Interamericano de Desarrollo.<\/p>\n<p>Se trata de un intento por resolver los problemas de movilidad urbana en una ciudad donde el traslado de las personas se ha vuelto muy complicado y la vialidad, ca\u00f3tica.<\/p>\n<p>Este no es el primer intento de una administraci\u00f3n municipal por resolver el problema; los \u00faltimos 4 ayuntamientos han buscado, al menos en el discurso, una soluci\u00f3n a ese, que es uno de los talones de Aquiles de Xalapa, pero ni uno tuvo \u00e9xito.<\/p>\n<p>Ricardo Ahued anunciaba en octubre de 2005 la construcci\u00f3n del bulevar del Norte, del distribuidor vial de Las Trancas y del Libramiento de Xalapa; esas obras fueron \u00fatiles pero, con el tiempo, insuficientes.<\/p>\n<p>David Velasco Chedraui present\u00f3 el Plan de Movilidad Urbana Xalapa 2009 pero las acciones anunciadas nunca se implementaron porque pudo m\u00e1s la presi\u00f3n del comercio que la decisi\u00f3n del ayuntamiento.<\/p>\n<p>Algo parecido ocurri\u00f3 durante la gesti\u00f3n de Elizabeth Morales Garc\u00eda: la autoridad local present\u00f3 el plan de Movilidad Xalapa 360, que inclu\u00eda cambio de sentido en algunas calles, redise\u00f1o de vialidades, sincronizaci\u00f3n de sem\u00e1foros, circuitos de circulaci\u00f3n continua, reestructuraci\u00f3n de rutas del transporte y nuevas terminales para los camiones for\u00e1neos; de todo eso, nada.<\/p>\n<p>Hoy, el gobierno que encabeza Am\u00e9rico Z\u00fa\u00f1iga retoma el tema e inscribe a la capital veracruzana en la Iniciativa de Ciudades Emergentes y Sostenibles del Banco Interamericano de Desarrollo; esta decisi\u00f3n puede considerarse como el paso m\u00e1s serio para alcanzar la soluci\u00f3n a los problemas de la ciudad y hace ver a los anuncios de las anteriores administraciones como simples ocurrencias.<\/p>\n<p>Durante la tercera semana de enero, al reunirse con autoridades municipales, del estado y la federaci\u00f3n, Ricardo de Vecchi, coordinador para M\u00e9xico de dicha iniciativa del BID, inform\u00f3 que los expertos que elaboraron el proyecto analizaron 117 indicadores base en materia medioambiental, fiscal y urbana, y consideraron que Xalapa deber\u00eda convertirse en una ciudad m\u00e1s compacta.<\/p>\n<p>Ese proyecto representa una inversi\u00f3n de 140 millones de pesos pero involucra un presupuesto de mil 269 millones para mejorar los problemas de h\u00e1bitat urbano y movilidad. Se plantea, entre otros puntos, la actualizaci\u00f3n del Plan de Movilidad, el rescate de espacios p\u00fablicos, un programa de ordenamiento urbano en la zona conurbada, as\u00ed como la creaci\u00f3n de un cintur\u00f3n de \u00e1reas verdes que proteja el Bosque de Niebla y su biodiversidad.<\/p>\n<p>El programa del BID tambi\u00e9n considera acciones en materia de agua potable y gesti\u00f3n de residuos s\u00f3lidos, que son considerados otros de los grandes problemas que enfrenta la ciudad.<\/p>\n<p>Lo importante es que ya existen avances en esa materia y que Xalapa fue inscrita en el mencionado programa, que permite el acceso a los recursos para cubrir el precio de un proyecto que, sin el apoyo del BID, estar\u00eda fuera del alcance del ayuntamiento. Lo destacable, por otro lado, es que el gobierno local dio ese primer paso, la inscripci\u00f3n a la Iniciativa de Ciudades Emergentes, que ser\u00e1 determinante para encontrar soluci\u00f3n a los problemas de movilidad urbana.<\/p>\n<p>Por cierto, Xalapa es una de las cinco ciudades mexicanas inscritas en el programa; las otras son Campeche, La Paz, Puebla y Toluca. @luisromero85<\/p>\n","protected":false},"excerpt":{"rendered":"<p>Luis Alberto Romero Hora Cero Este lunes, el alcalde xalape\u00f1o, Am\u00e9rico Z\u00fa\u00f1iga Mart\u00ednez, encabez\u00f3 la reuni\u00f3n sobre el Plan de Acci\u00f3n Xalapa Sostenible, documento que fue elaborado en el marco de la inclusi\u00f3n de la capital veracruzana a la Iniciativa de Ciudades Emergentes del Banco Interamericano de Desarrollo. Se trata de un intento por resolver [&hellip;]<\/p>\n","protected":false},"author":2,"featured_media":0,"comment_status":"open","ping_status":"open","sticky":false,"template":"","format":"standard","meta":{"tdm_status":"","tdm_grid_status":"","footnotes":""},"categories":[70],"tags":[539,407,405,2832,876],"class_list":{"0":"post-16486","1":"post","2":"type-post","3":"status-publish","4":"format-standard","6":"category-de-opinion","7":"tag-americo-zuniga-martinez","8":"tag-david-velasco-chedraui","9":"tag-elizabeth-morales-garcia","10":"tag-plan-de-accion-xalapa-sostenible","11":"tag-ricardo-ahued"},"yoast_head":"<!-- This site is optimized with the Yoast SEO plugin v27.4 - https:\/\/yoast.com\/product\/yoast-seo-wordpress\/ -->\n<title>El reto de la movilidad - Los pol\u00edticos Veracruz<\/title>\n<meta name=\"robots\" content=\"index, follow, max-snippet:-1, max-image-preview:large, max-video-preview:-1\" \/>\n<link rel=\"canonical\" href=\"https:\/\/lospoliticosveracruz.com\/?p=16486\" \/>\n<meta property=\"og:locale\" content=\"es_ES\" \/>\n<meta property=\"og:type\" content=\"article\" \/>\n<meta property=\"og:title\" content=\"El reto de la movilidad - Los pol\u00edticos Veracruz\" \/>\n<meta property=\"og:description\" content=\"Luis Alberto Romero Hora Cero Este lunes, el alcalde xalape\u00f1o, Am\u00e9rico Z\u00fa\u00f1iga Mart\u00ednez, encabez\u00f3 la reuni\u00f3n sobre el Plan de Acci\u00f3n Xalapa Sostenible, documento que fue elaborado en el marco de la inclusi\u00f3n de la capital veracruzana a la Iniciativa de Ciudades Emergentes del Banco Interamericano de Desarrollo. Se trata de un intento por resolver [&hellip;]\" \/>\n<meta property=\"og:url\" content=\"https:\/\/lospoliticosveracruz.com\/?p=16486\" \/>\n<meta property=\"og:site_name\" content=\"Los pol\u00edticos Veracruz\" \/>\n<meta property=\"article:publisher\" content=\"https:\/\/www.facebook.com\/people\/Notimemes-de-los-Polticos\/61565672886568\/\" \/>\n<meta property=\"article:published_time\" content=\"2015-06-16T03:22:57+00:00\" \/>\n<meta property=\"og:image\" content=\"http:\/\/www.lospoliticosveracruz.com.mx\/wp-content\/uploads\/2015\/06\/Xalapa-300x203.jpg\" \/>\n<meta name=\"author\" content=\"Lo viste en Los Pol\u00edticos\" \/>\n<meta name=\"twitter:card\" content=\"summary_large_image\" \/>\n<meta name=\"twitter:creator\" content=\"@LosPoliticosVer\" \/>\n<meta name=\"twitter:site\" content=\"@LosPoliticosVer\" \/>\n<meta name=\"twitter:label1\" content=\"Escrito por\" \/>\n\t<meta name=\"twitter:data1\" content=\"Lo viste en Los Pol\u00edticos\" \/>\n\t<meta name=\"twitter:label2\" content=\"Tiempo de lectura\" \/>\n\t<meta name=\"twitter:data2\" content=\"3 minutos\" \/>\n<script type=\"application\/ld+json\" class=\"yoast-schema-graph\">{\"@context\":\"https:\\\/\\\/schema.org\",\"@graph\":[{\"@type\":\"Article\",\"@id\":\"https:\\\/\\\/lospoliticosveracruz.com\\\/?p=16486#article\",\"isPartOf\":{\"@id\":\"https:\\\/\\\/lospoliticosveracruz.com\\\/?p=16486\"},\"author\":{\"name\":\"Lo viste en Los Pol\u00edticos\",\"@id\":\"https:\\\/\\\/lospoliticosveracruz.com\\\/#\\\/schema\\\/person\\\/b8702bb0e538456e6efd07080bf2a4a2\"},\"headline\":\"El reto de la movilidad\",\"datePublished\":\"2015-06-16T03:22:57+00:00\",\"mainEntityOfPage\":{\"@id\":\"https:\\\/\\\/lospoliticosveracruz.com\\\/?p=16486\"},\"wordCount\":601,\"commentCount\":0,\"publisher\":{\"@id\":\"https:\\\/\\\/lospoliticosveracruz.com\\\/#organization\"},\"image\":{\"@id\":\"https:\\\/\\\/lospoliticosveracruz.com\\\/?p=16486#primaryimage\"},\"thumbnailUrl\":\"http:\\\/\\\/www.lospoliticosveracruz.com.mx\\\/wp-content\\\/uploads\\\/2015\\\/06\\\/Xalapa-300x203.jpg\",\"keywords\":[\"Am\u00e9rico Z\u00fa\u00f1iga Mart\u00ednez\",\"David Velasco Chedraui\",\"Elizabeth Morales Garc\u00eda\",\"Plan de Acci\u00f3n Xalapa Sostenible\",\"Ricardo Ahued\"],\"articleSection\":[\"De Opini\u00f3n\"],\"inLanguage\":\"es\",\"potentialAction\":[{\"@type\":\"CommentAction\",\"name\":\"Comment\",\"target\":[\"https:\\\/\\\/lospoliticosveracruz.com\\\/?p=16486#respond\"]}]},{\"@type\":\"WebPage\",\"@id\":\"https:\\\/\\\/lospoliticosveracruz.com\\\/?p=16486\",\"url\":\"https:\\\/\\\/lospoliticosveracruz.com\\\/?p=16486\",\"name\":\"El reto de la movilidad - Los pol\u00edticos Veracruz\",\"isPartOf\":{\"@id\":\"https:\\\/\\\/lospoliticosveracruz.com\\\/#website\"},\"primaryImageOfPage\":{\"@id\":\"https:\\\/\\\/lospoliticosveracruz.com\\\/?p=16486#primaryimage\"},\"image\":{\"@id\":\"https:\\\/\\\/lospoliticosveracruz.com\\\/?p=16486#primaryimage\"},\"thumbnailUrl\":\"http:\\\/\\\/www.lospoliticosveracruz.com.mx\\\/wp-content\\\/uploads\\\/2015\\\/06\\\/Xalapa-300x203.jpg\",\"datePublished\":\"2015-06-16T03:22:57+00:00\",\"breadcrumb\":{\"@id\":\"https:\\\/\\\/lospoliticosveracruz.com\\\/?p=16486#breadcrumb\"},\"inLanguage\":\"es\",\"potentialAction\":[{\"@type\":\"ReadAction\",\"target\":[\"https:\\\/\\\/lospoliticosveracruz.com\\\/?p=16486\"]}]},{\"@type\":\"ImageObject\",\"inLanguage\":\"es\",\"@id\":\"https:\\\/\\\/lospoliticosveracruz.com\\\/?p=16486#primaryimage\",\"url\":\"http:\\\/\\\/www.lospoliticosveracruz.com.mx\\\/wp-content\\\/uploads\\\/2015\\\/06\\\/Xalapa-300x203.jpg\",\"contentUrl\":\"http:\\\/\\\/www.lospoliticosveracruz.com.mx\\\/wp-content\\\/uploads\\\/2015\\\/06\\\/Xalapa-300x203.jpg\"},{\"@type\":\"BreadcrumbList\",\"@id\":\"https:\\\/\\\/lospoliticosveracruz.com\\\/?p=16486#breadcrumb\",\"itemListElement\":[{\"@type\":\"ListItem\",\"position\":1,\"name\":\"Portada\",\"item\":\"https:\\\/\\\/lospoliticosveracruz.com\\\/\"},{\"@type\":\"ListItem\",\"position\":2,\"name\":\"El reto de la movilidad\"}]},{\"@type\":\"WebSite\",\"@id\":\"https:\\\/\\\/lospoliticosveracruz.com\\\/#website\",\"url\":\"https:\\\/\\\/lospoliticosveracruz.com\\\/\",\"name\":\"Los pol\u00edticos Veracruz\",\"description\":\"\",\"publisher\":{\"@id\":\"https:\\\/\\\/lospoliticosveracruz.com\\\/#organization\"},\"potentialAction\":[{\"@type\":\"SearchAction\",\"target\":{\"@type\":\"EntryPoint\",\"urlTemplate\":\"https:\\\/\\\/lospoliticosveracruz.com\\\/?s={search_term_string}\"},\"query-input\":{\"@type\":\"PropertyValueSpecification\",\"valueRequired\":true,\"valueName\":\"search_term_string\"}}],\"inLanguage\":\"es\"},{\"@type\":\"Organization\",\"@id\":\"https:\\\/\\\/lospoliticosveracruz.com\\\/#organization\",\"name\":\"Los pol\u00edticos Veracruz\",\"url\":\"https:\\\/\\\/lospoliticosveracruz.com\\\/\",\"logo\":{\"@type\":\"ImageObject\",\"inLanguage\":\"es\",\"@id\":\"https:\\\/\\\/lospoliticosveracruz.com\\\/#\\\/schema\\\/logo\\\/image\\\/\",\"url\":\"https:\\\/\\\/lospoliticosveracruz.com\\\/wp-content\\\/uploads\\\/2025\\\/12\\\/Logo-Nuevo-LOS-POLITICOS-1.jpg\",\"contentUrl\":\"https:\\\/\\\/lospoliticosveracruz.com\\\/wp-content\\\/uploads\\\/2025\\\/12\\\/Logo-Nuevo-LOS-POLITICOS-1.jpg\",\"width\":260,\"height\":70,\"caption\":\"Los pol\u00edticos Veracruz\"},\"image\":{\"@id\":\"https:\\\/\\\/lospoliticosveracruz.com\\\/#\\\/schema\\\/logo\\\/image\\\/\"},\"sameAs\":[\"https:\\\/\\\/www.facebook.com\\\/people\\\/Notimemes-de-los-Polticos\\\/61565672886568\\\/\",\"https:\\\/\\\/x.com\\\/LosPoliticosVer\"]},{\"@type\":\"Person\",\"@id\":\"https:\\\/\\\/lospoliticosveracruz.com\\\/#\\\/schema\\\/person\\\/b8702bb0e538456e6efd07080bf2a4a2\",\"name\":\"Lo viste en Los Pol\u00edticos\",\"image\":{\"@type\":\"ImageObject\",\"inLanguage\":\"es\",\"@id\":\"https:\\\/\\\/secure.gravatar.com\\\/avatar\\\/3a8de04a2656d44082be478bd6c086daa447c4651605818287b9532d3d0bd435?s=96&d=mm&r=g\",\"url\":\"https:\\\/\\\/secure.gravatar.com\\\/avatar\\\/3a8de04a2656d44082be478bd6c086daa447c4651605818287b9532d3d0bd435?s=96&d=mm&r=g\",\"contentUrl\":\"https:\\\/\\\/secure.gravatar.com\\\/avatar\\\/3a8de04a2656d44082be478bd6c086daa447c4651605818287b9532d3d0bd435?s=96&d=mm&r=g\",\"caption\":\"Lo viste en Los Pol\u00edticos\"},\"url\":\"https:\\\/\\\/lospoliticosveracruz.com\\\/?author=2\"}]}<\/script>\n<!-- \/ Yoast SEO plugin. -->","yoast_head_json":{"title":"El reto de la movilidad - Los pol\u00edticos Veracruz","robots":{"index":"index","follow":"follow","max-snippet":"max-snippet:-1","max-image-preview":"max-image-preview:large","max-video-preview":"max-video-preview:-1"},"canonical":"https:\/\/lospoliticosveracruz.com\/?p=16486","og_locale":"es_ES","og_type":"article","og_title":"El reto de la movilidad - Los pol\u00edticos Veracruz","og_description":"Luis Alberto Romero Hora Cero Este lunes, el alcalde xalape\u00f1o, Am\u00e9rico Z\u00fa\u00f1iga Mart\u00ednez, encabez\u00f3 la reuni\u00f3n sobre el Plan de Acci\u00f3n Xalapa Sostenible, documento que fue elaborado en el marco de la inclusi\u00f3n de la capital veracruzana a la Iniciativa de Ciudades Emergentes del Banco Interamericano de Desarrollo. Se trata de un intento por resolver [&hellip;]","og_url":"https:\/\/lospoliticosveracruz.com\/?p=16486","og_site_name":"Los pol\u00edticos Veracruz","article_publisher":"https:\/\/www.facebook.com\/people\/Notimemes-de-los-Polticos\/61565672886568\/","article_published_time":"2015-06-16T03:22:57+00:00","og_image":[{"url":"http:\/\/www.lospoliticosveracruz.com.mx\/wp-content\/uploads\/2015\/06\/Xalapa-300x203.jpg","type":"","width":"","height":""}],"author":"Lo viste en Los Pol\u00edticos","twitter_card":"summary_large_image","twitter_creator":"@LosPoliticosVer","twitter_site":"@LosPoliticosVer","twitter_misc":{"Escrito por":"Lo viste en Los Pol\u00edticos","Tiempo de lectura":"3 minutos"},"schema":{"@context":"https:\/\/schema.org","@graph":[{"@type":"Article","@id":"https:\/\/lospoliticosveracruz.com\/?p=16486#article","isPartOf":{"@id":"https:\/\/lospoliticosveracruz.com\/?p=16486"},"author":{"name":"Lo viste en Los Pol\u00edticos","@id":"https:\/\/lospoliticosveracruz.com\/#\/schema\/person\/b8702bb0e538456e6efd07080bf2a4a2"},"headline":"El reto de la movilidad","datePublished":"2015-06-16T03:22:57+00:00","mainEntityOfPage":{"@id":"https:\/\/lospoliticosveracruz.com\/?p=16486"},"wordCount":601,"commentCount":0,"publisher":{"@id":"https:\/\/lospoliticosveracruz.com\/#organization"},"image":{"@id":"https:\/\/lospoliticosveracruz.com\/?p=16486#primaryimage"},"thumbnailUrl":"http:\/\/www.lospoliticosveracruz.com.mx\/wp-content\/uploads\/2015\/06\/Xalapa-300x203.jpg","keywords":["Am\u00e9rico Z\u00fa\u00f1iga Mart\u00ednez","David Velasco Chedraui","Elizabeth Morales Garc\u00eda","Plan de Acci\u00f3n Xalapa Sostenible","Ricardo Ahued"],"articleSection":["De Opini\u00f3n"],"inLanguage":"es","potentialAction":[{"@type":"CommentAction","name":"Comment","target":["https:\/\/lospoliticosveracruz.com\/?p=16486#respond"]}]},{"@type":"WebPage","@id":"https:\/\/lospoliticosveracruz.com\/?p=16486","url":"https:\/\/lospoliticosveracruz.com\/?p=16486","name":"El reto de la movilidad - Los pol\u00edticos Veracruz","isPartOf":{"@id":"https:\/\/lospoliticosveracruz.com\/#website"},"primaryImageOfPage":{"@id":"https:\/\/lospoliticosveracruz.com\/?p=16486#primaryimage"},"image":{"@id":"https:\/\/lospoliticosveracruz.com\/?p=16486#primaryimage"},"thumbnailUrl":"http:\/\/www.lospoliticosveracruz.com.mx\/wp-content\/uploads\/2015\/06\/Xalapa-300x203.jpg","datePublished":"2015-06-16T03:22:57+00:00","breadcrumb":{"@id":"https:\/\/lospoliticosveracruz.com\/?p=16486#breadcrumb"},"inLanguage":"es","potentialAction":[{"@type":"ReadAction","target":["https:\/\/lospoliticosveracruz.com\/?p=16486"]}]},{"@type":"ImageObject","inLanguage":"es","@id":"https:\/\/lospoliticosveracruz.com\/?p=16486#primaryimage","url":"http:\/\/www.lospoliticosveracruz.com.mx\/wp-content\/uploads\/2015\/06\/Xalapa-300x203.jpg","contentUrl":"http:\/\/www.lospoliticosveracruz.com.mx\/wp-content\/uploads\/2015\/06\/Xalapa-300x203.jpg"},{"@type":"BreadcrumbList","@id":"https:\/\/lospoliticosveracruz.com\/?p=16486#breadcrumb","itemListElement":[{"@type":"ListItem","position":1,"name":"Portada","item":"https:\/\/lospoliticosveracruz.com\/"},{"@type":"ListItem","position":2,"name":"El reto de la movilidad"}]},{"@type":"WebSite","@id":"https:\/\/lospoliticosveracruz.com\/#website","url":"https:\/\/lospoliticosveracruz.com\/","name":"Los pol\u00edticos Veracruz","description":"","publisher":{"@id":"https:\/\/lospoliticosveracruz.com\/#organization"},"potentialAction":[{"@type":"SearchAction","target":{"@type":"EntryPoint","urlTemplate":"https:\/\/lospoliticosveracruz.com\/?s={search_term_string}"},"query-input":{"@type":"PropertyValueSpecification","valueRequired":true,"valueName":"search_term_string"}}],"inLanguage":"es"},{"@type":"Organization","@id":"https:\/\/lospoliticosveracruz.com\/#organization","name":"Los pol\u00edticos Veracruz","url":"https:\/\/lospoliticosveracruz.com\/","logo":{"@type":"ImageObject","inLanguage":"es","@id":"https:\/\/lospoliticosveracruz.com\/#\/schema\/logo\/image\/","url":"https:\/\/lospoliticosveracruz.com\/wp-content\/uploads\/2025\/12\/Logo-Nuevo-LOS-POLITICOS-1.jpg","contentUrl":"https:\/\/lospoliticosveracruz.com\/wp-content\/uploads\/2025\/12\/Logo-Nuevo-LOS-POLITICOS-1.jpg","width":260,"height":70,"caption":"Los pol\u00edticos Veracruz"},"image":{"@id":"https:\/\/lospoliticosveracruz.com\/#\/schema\/logo\/image\/"},"sameAs":["https:\/\/www.facebook.com\/people\/Notimemes-de-los-Polticos\/61565672886568\/","https:\/\/x.com\/LosPoliticosVer"]},{"@type":"Person","@id":"https:\/\/lospoliticosveracruz.com\/#\/schema\/person\/b8702bb0e538456e6efd07080bf2a4a2","name":"Lo viste en Los Pol\u00edticos","image":{"@type":"ImageObject","inLanguage":"es","@id":"https:\/\/secure.gravatar.com\/avatar\/3a8de04a2656d44082be478bd6c086daa447c4651605818287b9532d3d0bd435?s=96&d=mm&r=g","url":"https:\/\/secure.gravatar.com\/avatar\/3a8de04a2656d44082be478bd6c086daa447c4651605818287b9532d3d0bd435?s=96&d=mm&r=g","contentUrl":"https:\/\/secure.gravatar.com\/avatar\/3a8de04a2656d44082be478bd6c086daa447c4651605818287b9532d3d0bd435?s=96&d=mm&r=g","caption":"Lo viste en Los Pol\u00edticos"},"url":"https:\/\/lospoliticosveracruz.com\/?author=2"}]}},"_links":{"self":[{"href":"https:\/\/lospoliticosveracruz.com\/index.php?rest_route=\/wp\/v2\/posts\/16486","targetHints":{"allow":["GET"]}}],"collection":[{"href":"https:\/\/lospoliticosveracruz.com\/index.php?rest_route=\/wp\/v2\/posts"}],"about":[{"href":"https:\/\/lospoliticosveracruz.com\/index.php?rest_route=\/wp\/v2\/types\/post"}],"author":[{"embeddable":true,"href":"https:\/\/lospoliticosveracruz.com\/index.php?rest_route=\/wp\/v2\/users\/2"}],"replies":[{"embeddable":true,"href":"https:\/\/lospoliticosveracruz.com\/index.php?rest_route=%2Fwp%2Fv2%2Fcomments&post=16486"}],"version-history":[{"count":2,"href":"https:\/\/lospoliticosveracruz.com\/index.php?rest_route=\/wp\/v2\/posts\/16486\/revisions"}],"predecessor-version":[{"id":16490,"href":"https:\/\/lospoliticosveracruz.com\/index.php?rest_route=\/wp\/v2\/posts\/16486\/revisions\/16490"}],"wp:attachment":[{"href":"https:\/\/lospoliticosveracruz.com\/index.php?rest_route=%2Fwp%2Fv2%2Fmedia&parent=16486"}],"wp:term":[{"taxonomy":"category","embeddable":true,"href":"https:\/\/lospoliticosveracruz.com\/index.php?rest_route=%2Fwp%2Fv2%2Fcategories&post=16486"},{"taxonomy":"post_tag","embeddable":true,"href":"https:\/\/lospoliticosveracruz.com\/index.php?rest_route=%2Fwp%2Fv2%2Ftags&post=16486"}],"curies":[{"name":"wp","href":"https:\/\/api.w.org\/{rel}","templated":true}]}}